{"id":225392,"date":"2019-06-28T20:44:35","date_gmt":"2019-06-28T18:44:35","guid":{"rendered":"https:\/\/sandzakpress.net\/arhiva\/?p=225392"},"modified":"2019-06-28T20:46:30","modified_gmt":"2019-06-28T18:46:30","slug":"ljajic-otvaranje-aerodroma-u-kraljevu-sansa-koju-sandzak-ne-smije-propustiti","status":"publish","type":"post","link":"https:\/\/sandzakpress.net\/arhiva\/ljajic-otvaranje-aerodroma-u-kraljevu-sansa-koju-sandzak-ne-smije-propustiti\/","title":{"rendered":"Ljaji\u0107: Otvaranje aerodroma u Kraljevu \u0161ansa koju Sand\u017eak ne smije propustiti"},"content":{"rendered":"<p><img decoding=\"async\" src=\"https:\/\/indeksonline.rs\/wp-content\/uploads\/2019\/06\/Tan2019-6-28_12721523_0-1068x711.jpg\" \/><\/p>\n<p><strong>Aerodrom \u201cMorava\u201d kod Kraljeva od danas je otvoren za civilni vazdu\u0161ni saobra\u0107aj, a ceremoniji je prisustvovao i predsjednik Srbije Aleksandar Vu\u010di\u0107. On je istakao da \u0107e nekada\u0161nji vojni aerodrom La\u0111evci biti osposobljen za prijem putni\u010dkih aviona tipa ATR i Boing 737 a da \u0107e za godinu mo\u0107i da sle\u0107u i avioni Erbas. Otvaranju prisustvuju i ministri Vlade Srbije.<\/strong><\/p>\n<p>Potpredsjednik Vlade i ministar trgovine, turizma i telekominikacija Rasim Ljaji\u0107 rekao je da \u0107e otvaranje aerodrom u La\u0111evcima zna\u010diti mnogo za cio Sand\u017eak.<\/p>\n<p>\u201cOvo \u0107e zna\u010diti svim gra\u0111anima Sand\u017eaka, na\u0161im privrednicima u dijaspori, ali i svima koji u velikom broju dolaze iz inostranstva svakog leta da posete rodbinu. Vjerujem da \u0107emo ovu \u0161ansu iskoristiti jer smo je \u010dekali dugo. Najavljivalo se otvaranje godinama i sad je na nama da dovedemo turiste u Novi Pazar. Ovo je prilika i da na\u0161a privreda pojeftini tro\u0161kove prije svega transporta\u201d \u2013 istakao je Ljaji\u0107 za RTv Novi Pazar.<\/p>\n<p>Osim aerodroma u La\u0111evcima velika stvar za razvoj turizma i privrede bi\u0107e i zavr\u0161etak deonice puta Obrenovac \u2013 Preljina \u0161to \u0107e zna\u010diti, kako je rekao Ljaji\u0107, da \u0107e se do Novog Pazara od Beograda stizati za dva i po sata.<\/p>\n<p>Gradona\u010delnik Novog Pazara Nihat Bi\u0161evac izjavio je nakon otvaranja aerodroma u La\u0111evcima da je ovo istorijski dan za cio region ali i Grad Novi Pazar.<\/p>\n<p>\u201cOtvaranje aerodrom \u0107e mnogo zna\u010diti za razvoj turizma ali i razvoj privrede. Na sre\u0107u svih Pazaraca ali i na\u0161ih ljudi koji \u017eive i rade u dijaspori, ovaj aerodrom \u0107e svima mnogo zna\u010diti\u201d \u2013 rekao je Bi\u0161evac.<\/p>\n<p>(indeksonline.rs)<\/p>\n","protected":false},"excerpt":{"rendered":"<p>Aerodrom \u201cMorava\u201d kod Kraljeva od danas je otvoren za civilni vazdu\u0161ni saobra\u0107aj, a ceremoniji je prisustvovao i predsjednik Srbije Aleksandar Vu\u010di\u0107. On je istakao da \u0107e nekada\u0161nji vojni aerodrom La\u0111evci biti osposobljen za prijem putni\u010dkih aviona tipa ATR i Boing 737 a da \u0107e za godinu mo\u0107i da sle\u0107u i avioni Erbas. Otvaranju prisustvuju i [&hellip;]<\/p>\n","protected":false},"author":509,"featured_media":225393,"comment_status":"open","ping_status":"open","sticky":false,"template":"","format":"standard","meta":{"footnotes":""},"categories":[72,10503,52,327,10307,392,393,394,5,8957,798,10193],"tags":[],"class_list":{"0":"post-225392","1":"post","2":"type-post","3":"status-publish","4":"format-standard","5":"has-post-thumbnail","7":"category-novi-pazar","8":"category-sjeverni-sandzak","9":"category-sjenica","10":"category-tutin","11":"category-srbija","12":"category-prijepolje_","13":"category-priboj","14":"category-nova-varos","15":"category-drustvo","16":"category-vijesti-dana","17":"category-teme","18":"category-sandzak-2"},"yoast_head":"<!-- This site is optimized with the Yoast SEO Premium plugin v23.1 (Yoast SEO v24.9) - https:\/\/yoast.com\/wordpress\/plugins\/seo\/ -->\n<title>Ljaji\u0107: Otvaranje aerodroma u Kraljevu \u0161ansa koju Sand\u017eak ne smije propustiti<\/title>\n<meta name=\"robots\" content=\"index, follow, max-snippet:-1, max-image-preview:large, max-video-preview:-1\" \/>\n<link rel=\"canonical\" href=\"https:\/\/sandzakpress.net\/arhiva\/ljajic-otvaranje-aerodroma-u-kraljevu-sansa-koju-sandzak-ne-smije-propustiti\/\" \/>\n<meta property=\"og:locale\" content=\"bs_BA\" \/>\n<meta property=\"og:type\" content=\"article\" \/>\n<meta property=\"og:title\" content=\"Ljaji\u0107: Otvaranje aerodroma u Kraljevu \u0161ansa koju Sand\u017eak ne smije propustiti\" \/>\n<meta property=\"og:description\" content=\"Aerodrom \u201cMorava\u201d kod Kraljeva od danas je otvoren za civilni vazdu\u0161ni saobra\u0107aj, a ceremoniji je prisustvovao i predsjednik Srbije Aleksandar Vu\u010di\u0107. On je istakao da \u0107e nekada\u0161nji vojni aerodrom La\u0111evci biti osposobljen za prijem putni\u010dkih aviona tipa ATR i Boing 737 a da \u0107e za godinu mo\u0107i da sle\u0107u i avioni Erbas. Otvaranju prisustvuju i [&hellip;]\" \/>\n<meta property=\"og:url\" content=\"https:\/\/sandzakpress.net\/arhiva\/ljajic-otvaranje-aerodroma-u-kraljevu-sansa-koju-sandzak-ne-smije-propustiti\/\" \/>\n<meta property=\"og:site_name\" content=\"Sand\u017eak PRESS\" \/>\n<meta property=\"article:published_time\" content=\"2019-06-28T18:44:35+00:00\" \/>\n<meta property=\"article:modified_time\" content=\"2019-06-28T18:46:30+00:00\" \/>\n<meta property=\"og:image\" content=\"https:\/\/sandzakpress.net\/arhiva\/wp-content\/uploads\/2019\/06\/Tan2019-6-28_12721523_0-1068x711.jpg\" \/>\n\t<meta property=\"og:image:width\" content=\"1068\" \/>\n\t<meta property=\"og:image:height\" content=\"711\" \/>\n\t<meta property=\"og:image:type\" content=\"image\/jpeg\" \/>\n<meta name=\"author\" content=\"Agencija\" \/>\n<meta name=\"twitter:card\" content=\"summary_large_image\" \/>\n<meta name=\"twitter:label1\" content=\"Written by\" \/>\n\t<meta name=\"twitter:data1\" content=\"Agencija\" \/>\n\t<meta name=\"twitter:label2\" content=\"Est. reading time\" \/>\n\t<meta name=\"twitter:data2\" content=\"1 minuta\" \/>\n<script type=\"application\/ld+json\" class=\"yoast-schema-graph\">{\"@context\":\"https:\/\/schema.org\",\"@graph\":[{\"@type\":\"Article\",\"@id\":\"https:\/\/sandzakpress.net\/arhiva\/ljajic-otvaranje-aerodroma-u-kraljevu-sansa-koju-sandzak-ne-smije-propustiti\/#article\",\"isPartOf\":{\"@id\":\"https:\/\/sandzakpress.net\/arhiva\/ljajic-otvaranje-aerodroma-u-kraljevu-sansa-koju-sandzak-ne-smije-propustiti\/\"},\"author\":{\"name\":\"Agencija\",\"@id\":\"https:\/\/sandzakpress.net\/arhiva\/#\/schema\/person\/cb59d7e3ab91ab90dd680ad0305a6185\"},\"headline\":\"Ljaji\u0107: Otvaranje aerodroma u Kraljevu \u0161ansa koju Sand\u017eak ne smije propustiti\",\"datePublished\":\"2019-06-28T18:44:35+00:00\",\"dateModified\":\"2019-06-28T18:46:30+00:00\",\"mainEntityOfPage\":{\"@id\":\"https:\/\/sandzakpress.net\/arhiva\/ljajic-otvaranje-aerodroma-u-kraljevu-sansa-koju-sandzak-ne-smije-propustiti\/\"},\"wordCount\":292,\"commentCount\":5,\"publisher\":{\"@id\":\"https:\/\/sandzakpress.net\/arhiva\/#\/schema\/person\/6e72b67d6e51910a1117b3b483ba20bd\"},\"image\":{\"@id\":\"https:\/\/sandzakpress.net\/arhiva\/ljajic-otvaranje-aerodroma-u-kraljevu-sansa-koju-sandzak-ne-smije-propustiti\/#primaryimage\"},\"thumbnailUrl\":\"https:\/\/sandzakpress.net\/arhiva\/wp-content\/uploads\/2019\/06\/Tan2019-6-28_12721523_0-1068x711.jpg\",\"articleSection\":[\"Novi Pazar\",\"Sjeverni Sand\u017eak\",\"Sjenica\",\"Tutin\",\"Srbija\",\"Prijepolje\",\"Priboj\",\"Nova Varo\u0161\",\"Dru\u0161tvo\",\"VIJESTI DANA\",\"NAJNOVIJE\",\"Sand\u017eak\"],\"inLanguage\":\"bs-BA\",\"potentialAction\":[{\"@type\":\"CommentAction\",\"name\":\"Comment\",\"target\":[\"https:\/\/sandzakpress.net\/arhiva\/ljajic-otvaranje-aerodroma-u-kraljevu-sansa-koju-sandzak-ne-smije-propustiti\/#respond\"]}]},{\"@type\":\"WebPage\",\"@id\":\"https:\/\/sandzakpress.net\/arhiva\/ljajic-otvaranje-aerodroma-u-kraljevu-sansa-koju-sandzak-ne-smije-propustiti\/\",\"url\":\"https:\/\/sandzakpress.net\/arhiva\/ljajic-otvaranje-aerodroma-u-kraljevu-sansa-koju-sandzak-ne-smije-propustiti\/\",\"name\":\"Ljaji\u0107: Otvaranje aerodroma u Kraljevu \u0161ansa koju Sand\u017eak ne smije propustiti\",\"isPartOf\":{\"@id\":\"https:\/\/sandzakpress.net\/arhiva\/#website\"},\"primaryImageOfPage\":{\"@id\":\"https:\/\/sandzakpress.net\/arhiva\/ljajic-otvaranje-aerodroma-u-kraljevu-sansa-koju-sandzak-ne-smije-propustiti\/#primaryimage\"},\"image\":{\"@id\":\"https:\/\/sandzakpress.net\/arhiva\/ljajic-otvaranje-aerodroma-u-kraljevu-sansa-koju-sandzak-ne-smije-propustiti\/#primaryimage\"},\"thumbnailUrl\":\"https:\/\/sandzakpress.net\/arhiva\/wp-content\/uploads\/2019\/06\/Tan2019-6-28_12721523_0-1068x711.jpg\",\"datePublished\":\"2019-06-28T18:44:35+00:00\",\"dateModified\":\"2019-06-28T18:46:30+00:00\",\"breadcrumb\":{\"@id\":\"https:\/\/sandzakpress.net\/arhiva\/ljajic-otvaranje-aerodroma-u-kraljevu-sansa-koju-sandzak-ne-smije-propustiti\/#breadcrumb\"},\"inLanguage\":\"bs-BA\",\"potentialAction\":[{\"@type\":\"ReadAction\",\"target\":[\"https:\/\/sandzakpress.net\/arhiva\/ljajic-otvaranje-aerodroma-u-kraljevu-sansa-koju-sandzak-ne-smije-propustiti\/\"]}]},{\"@type\":\"ImageObject\",\"inLanguage\":\"bs-BA\",\"@id\":\"https:\/\/sandzakpress.net\/arhiva\/ljajic-otvaranje-aerodroma-u-kraljevu-sansa-koju-sandzak-ne-smije-propustiti\/#primaryimage\",\"url\":\"https:\/\/sandzakpress.net\/arhiva\/wp-content\/uploads\/2019\/06\/Tan2019-6-28_12721523_0-1068x711.jpg\",\"contentUrl\":\"https:\/\/sandzakpress.net\/arhiva\/wp-content\/uploads\/2019\/06\/Tan2019-6-28_12721523_0-1068x711.jpg\",\"width\":1068,\"height\":711},{\"@type\":\"BreadcrumbList\",\"@id\":\"https:\/\/sandzakpress.net\/arhiva\/ljajic-otvaranje-aerodroma-u-kraljevu-sansa-koju-sandzak-ne-smije-propustiti\/#breadcrumb\",\"itemListElement\":[{\"@type\":\"ListItem\",\"position\":1,\"name\":\"Home\",\"item\":\"https:\/\/sandzakpress.net\/arhiva\/\"},{\"@type\":\"ListItem\",\"position\":2,\"name\":\"Ljaji\u0107: Otvaranje aerodroma u Kraljevu \u0161ansa koju Sand\u017eak ne smije propustiti\"}]},{\"@type\":\"WebSite\",\"@id\":\"https:\/\/sandzakpress.net\/arhiva\/#website\",\"url\":\"https:\/\/sandzakpress.net\/arhiva\/\",\"name\":\"Sand\u017eak PRESS\",\"description\":\"Prve elektronske novine u Sand\u017eaku\",\"publisher\":{\"@id\":\"https:\/\/sandzakpress.net\/arhiva\/#\/schema\/person\/6e72b67d6e51910a1117b3b483ba20bd\"},\"potentialAction\":[{\"@type\":\"SearchAction\",\"target\":{\"@type\":\"EntryPoint\",\"urlTemplate\":\"https:\/\/sandzakpress.net\/arhiva\/?s={search_term_string}\"},\"query-input\":{\"@type\":\"PropertyValueSpecification\",\"valueRequired\":true,\"valueName\":\"search_term_string\"}}],\"inLanguage\":\"bs-BA\"},{\"@type\":[\"Person\",\"Organization\"],\"@id\":\"https:\/\/sandzakpress.net\/arhiva\/#\/schema\/person\/6e72b67d6e51910a1117b3b483ba20bd\",\"name\":\"Kul\",\"image\":{\"@type\":\"ImageObject\",\"inLanguage\":\"bs-BA\",\"@id\":\"https:\/\/sandzakpress.net\/arhiva\/#\/schema\/person\/image\/\",\"url\":\"https:\/\/secure.gravatar.com\/avatar\/42263f39aa27ac04c43cab85c280eb2e?s=96&d=mm&r=pg\",\"contentUrl\":\"https:\/\/secure.gravatar.com\/avatar\/42263f39aa27ac04c43cab85c280eb2e?s=96&d=mm&r=pg\",\"caption\":\"Kul\"},\"logo\":{\"@id\":\"https:\/\/sandzakpress.net\/arhiva\/#\/schema\/person\/image\/\"}},{\"@type\":\"Person\",\"@id\":\"https:\/\/sandzakpress.net\/arhiva\/#\/schema\/person\/cb59d7e3ab91ab90dd680ad0305a6185\",\"name\":\"Agencija\",\"image\":{\"@type\":\"ImageObject\",\"inLanguage\":\"bs-BA\",\"@id\":\"https:\/\/sandzakpress.net\/arhiva\/#\/schema\/person\/image\/\",\"url\":\"https:\/\/secure.gravatar.com\/avatar\/4b7fafa80a22f0c2afe23966b3961fe0?s=96&d=mm&r=pg\",\"contentUrl\":\"https:\/\/secure.gravatar.com\/avatar\/4b7fafa80a22f0c2afe23966b3961fe0?s=96&d=mm&r=pg\",\"caption\":\"Agencija\"},\"url\":\"https:\/\/sandzakpress.net\/arhiva\/author\/agencija\/\"}]}<\/script>\n<!-- \/ Yoast SEO Premium plugin. -->","yoast_head_json":{"title":"Ljaji\u0107: Otvaranje aerodroma u Kraljevu \u0161ansa koju Sand\u017eak ne smije propustiti","robots":{"index":"index","follow":"follow","max-snippet":"max-snippet:-1","max-image-preview":"max-image-preview:large","max-video-preview":"max-video-preview:-1"},"canonical":"https:\/\/sandzakpress.net\/arhiva\/ljajic-otvaranje-aerodroma-u-kraljevu-sansa-koju-sandzak-ne-smije-propustiti\/","og_locale":"bs_BA","og_type":"article","og_title":"Ljaji\u0107: Otvaranje aerodroma u Kraljevu \u0161ansa koju Sand\u017eak ne smije propustiti","og_description":"Aerodrom \u201cMorava\u201d kod Kraljeva od danas je otvoren za civilni vazdu\u0161ni saobra\u0107aj, a ceremoniji je prisustvovao i predsjednik Srbije Aleksandar Vu\u010di\u0107. On je istakao da \u0107e nekada\u0161nji vojni aerodrom La\u0111evci biti osposobljen za prijem putni\u010dkih aviona tipa ATR i Boing 737 a da \u0107e za godinu mo\u0107i da sle\u0107u i avioni Erbas. Otvaranju prisustvuju i [&hellip;]","og_url":"https:\/\/sandzakpress.net\/arhiva\/ljajic-otvaranje-aerodroma-u-kraljevu-sansa-koju-sandzak-ne-smije-propustiti\/","og_site_name":"Sand\u017eak PRESS","article_published_time":"2019-06-28T18:44:35+00:00","article_modified_time":"2019-06-28T18:46:30+00:00","og_image":[{"width":1068,"height":711,"url":"https:\/\/sandzakpress.net\/arhiva\/wp-content\/uploads\/2019\/06\/Tan2019-6-28_12721523_0-1068x711.jpg","type":"image\/jpeg"}],"author":"Agencija","twitter_card":"summary_large_image","twitter_misc":{"Written by":"Agencija","Est. reading time":"1 minuta"},"schema":{"@context":"https:\/\/schema.org","@graph":[{"@type":"Article","@id":"https:\/\/sandzakpress.net\/arhiva\/ljajic-otvaranje-aerodroma-u-kraljevu-sansa-koju-sandzak-ne-smije-propustiti\/#article","isPartOf":{"@id":"https:\/\/sandzakpress.net\/arhiva\/ljajic-otvaranje-aerodroma-u-kraljevu-sansa-koju-sandzak-ne-smije-propustiti\/"},"author":{"name":"Agencija","@id":"https:\/\/sandzakpress.net\/arhiva\/#\/schema\/person\/cb59d7e3ab91ab90dd680ad0305a6185"},"headline":"Ljaji\u0107: Otvaranje aerodroma u Kraljevu \u0161ansa koju Sand\u017eak ne smije propustiti","datePublished":"2019-06-28T18:44:35+00:00","dateModified":"2019-06-28T18:46:30+00:00","mainEntityOfPage":{"@id":"https:\/\/sandzakpress.net\/arhiva\/ljajic-otvaranje-aerodroma-u-kraljevu-sansa-koju-sandzak-ne-smije-propustiti\/"},"wordCount":292,"commentCount":5,"publisher":{"@id":"https:\/\/sandzakpress.net\/arhiva\/#\/schema\/person\/6e72b67d6e51910a1117b3b483ba20bd"},"image":{"@id":"https:\/\/sandzakpress.net\/arhiva\/ljajic-otvaranje-aerodroma-u-kraljevu-sansa-koju-sandzak-ne-smije-propustiti\/#primaryimage"},"thumbnailUrl":"https:\/\/sandzakpress.net\/arhiva\/wp-content\/uploads\/2019\/06\/Tan2019-6-28_12721523_0-1068x711.jpg","articleSection":["Novi Pazar","Sjeverni Sand\u017eak","Sjenica","Tutin","Srbija","Prijepolje","Priboj","Nova Varo\u0161","Dru\u0161tvo","VIJESTI DANA","NAJNOVIJE","Sand\u017eak"],"inLanguage":"bs-BA","potentialAction":[{"@type":"CommentAction","name":"Comment","target":["https:\/\/sandzakpress.net\/arhiva\/ljajic-otvaranje-aerodroma-u-kraljevu-sansa-koju-sandzak-ne-smije-propustiti\/#respond"]}]},{"@type":"WebPage","@id":"https:\/\/sandzakpress.net\/arhiva\/ljajic-otvaranje-aerodroma-u-kraljevu-sansa-koju-sandzak-ne-smije-propustiti\/","url":"https:\/\/sandzakpress.net\/arhiva\/ljajic-otvaranje-aerodroma-u-kraljevu-sansa-koju-sandzak-ne-smije-propustiti\/","name":"Ljaji\u0107: Otvaranje aerodroma u Kraljevu \u0161ansa koju Sand\u017eak ne smije propustiti","isPartOf":{"@id":"https:\/\/sandzakpress.net\/arhiva\/#website"},"primaryImageOfPage":{"@id":"https:\/\/sandzakpress.net\/arhiva\/ljajic-otvaranje-aerodroma-u-kraljevu-sansa-koju-sandzak-ne-smije-propustiti\/#primaryimage"},"image":{"@id":"https:\/\/sandzakpress.net\/arhiva\/ljajic-otvaranje-aerodroma-u-kraljevu-sansa-koju-sandzak-ne-smije-propustiti\/#primaryimage"},"thumbnailUrl":"https:\/\/sandzakpress.net\/arhiva\/wp-content\/uploads\/2019\/06\/Tan2019-6-28_12721523_0-1068x711.jpg","datePublished":"2019-06-28T18:44:35+00:00","dateModified":"2019-06-28T18:46:30+00:00","breadcrumb":{"@id":"https:\/\/sandzakpress.net\/arhiva\/ljajic-otvaranje-aerodroma-u-kraljevu-sansa-koju-sandzak-ne-smije-propustiti\/#breadcrumb"},"inLanguage":"bs-BA","potentialAction":[{"@type":"ReadAction","target":["https:\/\/sandzakpress.net\/arhiva\/ljajic-otvaranje-aerodroma-u-kraljevu-sansa-koju-sandzak-ne-smije-propustiti\/"]}]},{"@type":"ImageObject","inLanguage":"bs-BA","@id":"https:\/\/sandzakpress.net\/arhiva\/ljajic-otvaranje-aerodroma-u-kraljevu-sansa-koju-sandzak-ne-smije-propustiti\/#primaryimage","url":"https:\/\/sandzakpress.net\/arhiva\/wp-content\/uploads\/2019\/06\/Tan2019-6-28_12721523_0-1068x711.jpg","contentUrl":"https:\/\/sandzakpress.net\/arhiva\/wp-content\/uploads\/2019\/06\/Tan2019-6-28_12721523_0-1068x711.jpg","width":1068,"height":711},{"@type":"BreadcrumbList","@id":"https:\/\/sandzakpress.net\/arhiva\/ljajic-otvaranje-aerodroma-u-kraljevu-sansa-koju-sandzak-ne-smije-propustiti\/#breadcrumb","itemListElement":[{"@type":"ListItem","position":1,"name":"Home","item":"https:\/\/sandzakpress.net\/arhiva\/"},{"@type":"ListItem","position":2,"name":"Ljaji\u0107: Otvaranje aerodroma u Kraljevu \u0161ansa koju Sand\u017eak ne smije propustiti"}]},{"@type":"WebSite","@id":"https:\/\/sandzakpress.net\/arhiva\/#website","url":"https:\/\/sandzakpress.net\/arhiva\/","name":"Sand\u017eak PRESS","description":"Prve elektronske novine u Sand\u017eaku","publisher":{"@id":"https:\/\/sandzakpress.net\/arhiva\/#\/schema\/person\/6e72b67d6e51910a1117b3b483ba20bd"},"potentialAction":[{"@type":"SearchAction","target":{"@type":"EntryPoint","urlTemplate":"https:\/\/sandzakpress.net\/arhiva\/?s={search_term_string}"},"query-input":{"@type":"PropertyValueSpecification","valueRequired":true,"valueName":"search_term_string"}}],"inLanguage":"bs-BA"},{"@type":["Person","Organization"],"@id":"https:\/\/sandzakpress.net\/arhiva\/#\/schema\/person\/6e72b67d6e51910a1117b3b483ba20bd","name":"Kul","image":{"@type":"ImageObject","inLanguage":"bs-BA","@id":"https:\/\/sandzakpress.net\/arhiva\/#\/schema\/person\/image\/","url":"https:\/\/secure.gravatar.com\/avatar\/42263f39aa27ac04c43cab85c280eb2e?s=96&d=mm&r=pg","contentUrl":"https:\/\/secure.gravatar.com\/avatar\/42263f39aa27ac04c43cab85c280eb2e?s=96&d=mm&r=pg","caption":"Kul"},"logo":{"@id":"https:\/\/sandzakpress.net\/arhiva\/#\/schema\/person\/image\/"}},{"@type":"Person","@id":"https:\/\/sandzakpress.net\/arhiva\/#\/schema\/person\/cb59d7e3ab91ab90dd680ad0305a6185","name":"Agencija","image":{"@type":"ImageObject","inLanguage":"bs-BA","@id":"https:\/\/sandzakpress.net\/arhiva\/#\/schema\/person\/image\/","url":"https:\/\/secure.gravatar.com\/avatar\/4b7fafa80a22f0c2afe23966b3961fe0?s=96&d=mm&r=pg","contentUrl":"https:\/\/secure.gravatar.com\/avatar\/4b7fafa80a22f0c2afe23966b3961fe0?s=96&d=mm&r=pg","caption":"Agencija"},"url":"https:\/\/sandzakpress.net\/arhiva\/author\/agencija\/"}]}},"_links":{"self":[{"href":"https:\/\/sandzakpress.net\/arhiva\/wp-json\/wp\/v2\/posts\/225392"}],"collection":[{"href":"https:\/\/sandzakpress.net\/arhiva\/wp-json\/wp\/v2\/posts"}],"about":[{"href":"https:\/\/sandzakpress.net\/arhiva\/wp-json\/wp\/v2\/types\/post"}],"author":[{"embeddable":true,"href":"https:\/\/sandzakpress.net\/arhiva\/wp-json\/wp\/v2\/users\/509"}],"replies":[{"embeddable":true,"href":"https:\/\/sandzakpress.net\/arhiva\/wp-json\/wp\/v2\/comments?post=225392"}],"version-history":[{"count":0,"href":"https:\/\/sandzakpress.net\/arhiva\/wp-json\/wp\/v2\/posts\/225392\/revisions"}],"wp:featuredmedia":[{"embeddable":true,"href":"https:\/\/sandzakpress.net\/arhiva\/wp-json\/wp\/v2\/media\/225393"}],"wp:attachment":[{"href":"https:\/\/sandzakpress.net\/arhiva\/wp-json\/wp\/v2\/media?parent=225392"}],"wp:term":[{"taxonomy":"category","embeddable":true,"href":"https:\/\/sandzakpress.net\/arhiva\/wp-json\/wp\/v2\/categories?post=225392"},{"taxonomy":"post_tag","embeddable":true,"href":"https:\/\/sandzakpress.net\/arhiva\/wp-json\/wp\/v2\/tags?post=225392"}],"curies":[{"name":"wp","href":"https:\/\/api.w.org\/{rel}","templated":true}]}}