{"id":225383,"date":"2019-06-28T14:47:25","date_gmt":"2019-06-28T12:47:25","guid":{"rendered":"https:\/\/sandzakpress.net\/arhiva\/?p=225383"},"modified":"2019-06-28T14:47:25","modified_gmt":"2019-06-28T12:47:25","slug":"odrzana-sjednica-so-prijepolje-bez-odbornika-opozicije","status":"publish","type":"post","link":"https:\/\/sandzakpress.net\/arhiva\/odrzana-sjednica-so-prijepolje-bez-odbornika-opozicije\/","title":{"rendered":"Odr\u017eana sjednica SO Prijepolje bez odbornika opozicije"},"content":{"rendered":"<p><img decoding=\"async\" src=\"http:\/\/sanapress.info\/wp-content\/uploads\/2019\/06\/Skup%C5%A1tina-PP-26.-1024x768.jpg\" \/><\/p>\n<p><strong>U Sali Doma kulture u Prijepolju odr\u017eana je 23 sjednisa Skup\u0161tine op\u0161tine Prijepolje. Na dnevnom redu je bilo 29 ta\u010daka ali su usvojene i tri dopunske ta\u010dke: dva prijedloga odbornika opozicije i jedan Op\u0161tinskog vije\u0107a, koje je predlo\u017eilo da odbornici raspravljaju o programu poslovanja Regionalne sanitarne deponije Banjica za 2019. godinu.<\/strong><\/p>\n<p>Prijedlog odbornika Sand\u017ea\u010dke demokratske partije Esada Hod\u017ei\u0107a Informacija o deponiji Stanjevine i prijedlog odbornice Srpske radikalne stranke Dijane Milanovi\u0107 Informacija o rekonstrukciji \u0160arampovskog mosta su usvojeni, ali to odbornike opozicije nije zadr\u017ealo u skup\u0161tinskoj sali.<\/p>\n<p>Nakon utvr\u0111enog dnevnog reda raspravljalo se o ta\u010dkama dnevnog reda ali i o projektima koji su u toku realizacije i onima koji jo\u0161 uvijek nisu realizirani.<\/p>\n<p><em>\u201cPonosni smo na sve \u0161to smo uradili, ono \u0161to nismo stigli spremni smo da branimo pred gra\u0111anima, ako smo imali propuste u radu spremni smo i da odgovaramo i da uputimo izvinjenje. Tako rade odgovorni politi\u010dari i ljudi iz ove koalicine vlasti to svakako jesu. Kada smo formirali vlast u nizu neprijatnih, apokaliptni\u010dnih upozorenja koja smo dobijali iz JKP i drugih ustanova, izme\u0111u ostalog je i izvje\u0161taj o stanju mosta u \u0160arampovu gdje su saobra\u0107ajni inspektori i ljudi koji se bave tim resorom upozorili da ukoliko ne do\u0111e do hitne intervencije na mostu, most mora biti zatvoren za saobra\u0107aj. Za\u0161to smo u to krenuli? Zato \u0161to smo od relevantnih institucija dobili upozorenje, ne radi se o avanturizmu ve\u0107 o odgovornoj vlasti koja i ako \u0107e da snosi politi\u010dku \u0161tetu, bolje da snosi politi\u010dku \u0161tetu nego da neko strada.\u201d<\/em>, istakao Samir Tandir.<\/p>\n<p>\u201cSad da vidimo da li \u0107e svi ovi koraci do sada koje je Vlada uradila rezultirati da dovr\u0161imo ovaj projekat i da dovr\u0161imo i zatvorimo na\u0161e deponije, ja se iskreno nadam da ho\u0107e ali to ne zavisi od Op\u0161tine Prijepolje, ono \u0161to je do nas mi \u0107emo sigurno uraditi, \u010dak i ako treba da obezbijedimo neka sredstva, da pomognemo realizaciju ova dva projekta, mi \u0107emo to uraditi, to \u0107e uraditi ovaj skup\u0161tinski saziv, to \u0107emo uraditi rebalansom bud\u017eeta i siguran sam da \u0107ete vi svi to podr\u017eati. Nema druga\u010dijeg rje\u0161enja, nema ovdje pojedina\u010dne odgovornosti, nema ovdje nikakve odgovornosti na lokalnoj samoupravi koja nije preduzela korake makar u poslednje tri godine.\u201d, istakao Dragoljub Zinkovi\u0107<\/p>\n<p>U nastavaku sjednice hvalio se rad direktora Javnog komunalnog preduze\u0107a Lim, Doma zdravlja, Dje\u010dije ustanove Mi\u0161a Cvijovi\u0107 kao i Centra za socijalni rad.<\/p>\n<p><em>\u201cOd 1992. godine sam odbornik u SO Prijepolje. Ne postoji direktor da je zlostavljan i da je pretrpio \u017ee\u0161\u0107i udar i pritisak u svome radu nego \u0161to je to bila direktorica Sabira na ovom mjestu gdje se nalazi. Njen izvje\u0161taj o radu za 2018. godinu najmanje je 5 puta do sada prolazio kroz sjednice OV-a, najmanje 25 puta kod nas pojedina\u010dno i da vam ne pri\u010dam koliko puta kroz neke druge organe javne ove dr\u017eave Srbije i ja koliko znam do dana\u0161njeg dana nikakvih problema nije bilo u funkcionisanju. \u017delim javno da svim gra\u0111anima op\u0161tine Prijepolje, vama gospo\u0111o Sabira da se zahvalim na upornosti, na izdr\u017eljivosti i da vam poru\u010dim ako budem u situaciji i ubudu\u0107e nekad da u\u010destvujem u formiranju lokalne vlasti, trudi\u0107u se da takvi kadrovi budu na \u010delu op\u0161tine Prijepolje.\u201d<\/em>, naglasio \u010dlan OV-a Milan Ga\u010devi\u0107<\/p>\n<p>Skup\u0161tina je protekla u mirom tonu osim u jednom trenutku kada se raspravljalo o narativnom i finansijskom izvje\u0161taju o radu u pro\u0161loj godini Centra za socijalni rad kada je odbornik Beganovi\u0107 uputio niz uvreda odborni\u010dkoj grupu SPP-a, direktorici Centra za socijalni rad i potpredsjedniku SPP-a gospodinu Samiru Tandiru.<\/p>\n<p>Na pitanje novinara za\u0161to je tako burno reagova, gospodin Tandir naglasio da je vaspitan da mu \u010dast i obraz porodice i prijatelja bude na prvom mjestu, te da se te vrijednosti moraju \u0161tititi.<\/p>\n<p><em>\u201cIz moje porodice sam ponio i kroz obrazovanje koje sam kroz \u017eivot stekao, da preko odre\u0111enih stvari ne mo\u017eete da pro\u0111ete, tu ne mo\u017eemo da govorimo o diplomatiji, ne mo\u017eemo da govorimo o politici, postoje odre\u0111eni ljudi, primitivci kojima jednom za svagda morate da ka\u017eete -dosta. Da ne smijete da vrije\u0111ate ljude na li\u010dnoj osnovi, da ne smijete ljudima da vrije\u0111ate porodice, da ne smijete ljudima da udarate na \u010dast i dostojanstvo, to je meni svetinja i tu ne postoji nikakva diplomatija, ja sam svoju porodicu, svoj obraz i obraz svoje porodice spreman da branim u svako dobra.\u201d,<\/em>\u00a0dodaje Samir Tandir<\/p>\n<p>Sve se smirilo relativno brzo i rasprava je nastavljena u mirnom tonu.<\/p>\n","protected":false},"excerpt":{"rendered":"<p>U Sali Doma kulture u Prijepolju odr\u017eana je 23 sjednisa Skup\u0161tine op\u0161tine Prijepolje. Na dnevnom redu je bilo 29 ta\u010daka ali su usvojene i tri dopunske ta\u010dke: dva prijedloga odbornika opozicije i jedan Op\u0161tinskog vije\u0107a, koje je predlo\u017eilo da odbornici raspravljaju o programu poslovanja Regionalne sanitarne deponije Banjica za 2019. godinu. Prijedlog odbornika Sand\u017ea\u010dke demokratske [&hellip;]<\/p>\n","protected":false},"author":509,"featured_media":225384,"comment_status":"open","ping_status":"open","sticky":false,"template":"","format":"standard","meta":{"footnotes":""},"categories":[1,392],"tags":[],"class_list":{"0":"post-225383","1":"post","2":"type-post","3":"status-publish","4":"format-standard","5":"has-post-thumbnail","7":"category-politika","8":"category-prijepolje_"},"yoast_head":"<!-- This site is optimized with the Yoast SEO Premium plugin v23.1 (Yoast SEO v24.9) - https:\/\/yoast.com\/wordpress\/plugins\/seo\/ -->\n<title>Odr\u017eana sjednica SO Prijepolje bez odbornika opozicije<\/title>\n<meta name=\"robots\" content=\"index, follow, max-snippet:-1, max-image-preview:large, max-video-preview:-1\" \/>\n<link rel=\"canonical\" href=\"https:\/\/sandzakpress.net\/arhiva\/odrzana-sjednica-so-prijepolje-bez-odbornika-opozicije\/\" \/>\n<meta property=\"og:locale\" content=\"bs_BA\" \/>\n<meta property=\"og:type\" content=\"article\" \/>\n<meta property=\"og:title\" content=\"Odr\u017eana sjednica SO Prijepolje bez odbornika opozicije\" \/>\n<meta property=\"og:description\" content=\"U Sali Doma kulture u Prijepolju odr\u017eana je 23 sjednisa Skup\u0161tine op\u0161tine Prijepolje. Na dnevnom redu je bilo 29 ta\u010daka ali su usvojene i tri dopunske ta\u010dke: dva prijedloga odbornika opozicije i jedan Op\u0161tinskog vije\u0107a, koje je predlo\u017eilo da odbornici raspravljaju o programu poslovanja Regionalne sanitarne deponije Banjica za 2019. godinu. Prijedlog odbornika Sand\u017ea\u010dke demokratske [&hellip;]\" \/>\n<meta property=\"og:url\" content=\"https:\/\/sandzakpress.net\/arhiva\/odrzana-sjednica-so-prijepolje-bez-odbornika-opozicije\/\" \/>\n<meta property=\"og:site_name\" content=\"Sand\u017eak PRESS\" \/>\n<meta property=\"article:published_time\" content=\"2019-06-28T12:47:25+00:00\" \/>\n<meta property=\"og:image\" content=\"https:\/\/sandzakpress.net\/arhiva\/wp-content\/uploads\/2019\/06\/Skup\u0161tina-PP-26.-1024x768.jpg\" \/>\n\t<meta property=\"og:image:width\" content=\"1024\" \/>\n\t<meta property=\"og:image:height\" content=\"768\" \/>\n\t<meta property=\"og:image:type\" content=\"image\/jpeg\" \/>\n<meta name=\"author\" content=\"Agencija\" \/>\n<meta name=\"twitter:card\" content=\"summary_large_image\" \/>\n<meta name=\"twitter:label1\" content=\"Written by\" \/>\n\t<meta name=\"twitter:data1\" content=\"Agencija\" \/>\n\t<meta name=\"twitter:label2\" content=\"Est. reading time\" \/>\n\t<meta name=\"twitter:data2\" content=\"4 minute\" \/>\n<script type=\"application\/ld+json\" class=\"yoast-schema-graph\">{\"@context\":\"https:\/\/schema.org\",\"@graph\":[{\"@type\":\"Article\",\"@id\":\"https:\/\/sandzakpress.net\/arhiva\/odrzana-sjednica-so-prijepolje-bez-odbornika-opozicije\/#article\",\"isPartOf\":{\"@id\":\"https:\/\/sandzakpress.net\/arhiva\/odrzana-sjednica-so-prijepolje-bez-odbornika-opozicije\/\"},\"author\":{\"name\":\"Agencija\",\"@id\":\"https:\/\/sandzakpress.net\/arhiva\/#\/schema\/person\/cb59d7e3ab91ab90dd680ad0305a6185\"},\"headline\":\"Odr\u017eana sjednica SO Prijepolje bez odbornika opozicije\",\"datePublished\":\"2019-06-28T12:47:25+00:00\",\"mainEntityOfPage\":{\"@id\":\"https:\/\/sandzakpress.net\/arhiva\/odrzana-sjednica-so-prijepolje-bez-odbornika-opozicije\/\"},\"wordCount\":794,\"commentCount\":0,\"publisher\":{\"@id\":\"https:\/\/sandzakpress.net\/arhiva\/#\/schema\/person\/6e72b67d6e51910a1117b3b483ba20bd\"},\"image\":{\"@id\":\"https:\/\/sandzakpress.net\/arhiva\/odrzana-sjednica-so-prijepolje-bez-odbornika-opozicije\/#primaryimage\"},\"thumbnailUrl\":\"https:\/\/sandzakpress.net\/arhiva\/wp-content\/uploads\/2019\/06\/Skup\u0161tina-PP-26.-1024x768.jpg\",\"articleSection\":[\"Politika\",\"Prijepolje\"],\"inLanguage\":\"bs-BA\",\"potentialAction\":[{\"@type\":\"CommentAction\",\"name\":\"Comment\",\"target\":[\"https:\/\/sandzakpress.net\/arhiva\/odrzana-sjednica-so-prijepolje-bez-odbornika-opozicije\/#respond\"]}]},{\"@type\":\"WebPage\",\"@id\":\"https:\/\/sandzakpress.net\/arhiva\/odrzana-sjednica-so-prijepolje-bez-odbornika-opozicije\/\",\"url\":\"https:\/\/sandzakpress.net\/arhiva\/odrzana-sjednica-so-prijepolje-bez-odbornika-opozicije\/\",\"name\":\"Odr\u017eana sjednica SO Prijepolje bez odbornika opozicije\",\"isPartOf\":{\"@id\":\"https:\/\/sandzakpress.net\/arhiva\/#website\"},\"primaryImageOfPage\":{\"@id\":\"https:\/\/sandzakpress.net\/arhiva\/odrzana-sjednica-so-prijepolje-bez-odbornika-opozicije\/#primaryimage\"},\"image\":{\"@id\":\"https:\/\/sandzakpress.net\/arhiva\/odrzana-sjednica-so-prijepolje-bez-odbornika-opozicije\/#primaryimage\"},\"thumbnailUrl\":\"https:\/\/sandzakpress.net\/arhiva\/wp-content\/uploads\/2019\/06\/Skup\u0161tina-PP-26.-1024x768.jpg\",\"datePublished\":\"2019-06-28T12:47:25+00:00\",\"breadcrumb\":{\"@id\":\"https:\/\/sandzakpress.net\/arhiva\/odrzana-sjednica-so-prijepolje-bez-odbornika-opozicije\/#breadcrumb\"},\"inLanguage\":\"bs-BA\",\"potentialAction\":[{\"@type\":\"ReadAction\",\"target\":[\"https:\/\/sandzakpress.net\/arhiva\/odrzana-sjednica-so-prijepolje-bez-odbornika-opozicije\/\"]}]},{\"@type\":\"ImageObject\",\"inLanguage\":\"bs-BA\",\"@id\":\"https:\/\/sandzakpress.net\/arhiva\/odrzana-sjednica-so-prijepolje-bez-odbornika-opozicije\/#primaryimage\",\"url\":\"https:\/\/sandzakpress.net\/arhiva\/wp-content\/uploads\/2019\/06\/Skup\u0161tina-PP-26.-1024x768.jpg\",\"contentUrl\":\"https:\/\/sandzakpress.net\/arhiva\/wp-content\/uploads\/2019\/06\/Skup\u0161tina-PP-26.-1024x768.jpg\",\"width\":1024,\"height\":768},{\"@type\":\"BreadcrumbList\",\"@id\":\"https:\/\/sandzakpress.net\/arhiva\/odrzana-sjednica-so-prijepolje-bez-odbornika-opozicije\/#breadcrumb\",\"itemListElement\":[{\"@type\":\"ListItem\",\"position\":1,\"name\":\"Home\",\"item\":\"https:\/\/sandzakpress.net\/arhiva\/\"},{\"@type\":\"ListItem\",\"position\":2,\"name\":\"Odr\u017eana sjednica SO Prijepolje bez odbornika opozicije\"}]},{\"@type\":\"WebSite\",\"@id\":\"https:\/\/sandzakpress.net\/arhiva\/#website\",\"url\":\"https:\/\/sandzakpress.net\/arhiva\/\",\"name\":\"Sand\u017eak PRESS\",\"description\":\"Prve elektronske novine u Sand\u017eaku\",\"publisher\":{\"@id\":\"https:\/\/sandzakpress.net\/arhiva\/#\/schema\/person\/6e72b67d6e51910a1117b3b483ba20bd\"},\"potentialAction\":[{\"@type\":\"SearchAction\",\"target\":{\"@type\":\"EntryPoint\",\"urlTemplate\":\"https:\/\/sandzakpress.net\/arhiva\/?s={search_term_string}\"},\"query-input\":{\"@type\":\"PropertyValueSpecification\",\"valueRequired\":true,\"valueName\":\"search_term_string\"}}],\"inLanguage\":\"bs-BA\"},{\"@type\":[\"Person\",\"Organization\"],\"@id\":\"https:\/\/sandzakpress.net\/arhiva\/#\/schema\/person\/6e72b67d6e51910a1117b3b483ba20bd\",\"name\":\"Kul\",\"image\":{\"@type\":\"ImageObject\",\"inLanguage\":\"bs-BA\",\"@id\":\"https:\/\/sandzakpress.net\/arhiva\/#\/schema\/person\/image\/\",\"url\":\"https:\/\/secure.gravatar.com\/avatar\/42263f39aa27ac04c43cab85c280eb2e?s=96&d=mm&r=pg\",\"contentUrl\":\"https:\/\/secure.gravatar.com\/avatar\/42263f39aa27ac04c43cab85c280eb2e?s=96&d=mm&r=pg\",\"caption\":\"Kul\"},\"logo\":{\"@id\":\"https:\/\/sandzakpress.net\/arhiva\/#\/schema\/person\/image\/\"}},{\"@type\":\"Person\",\"@id\":\"https:\/\/sandzakpress.net\/arhiva\/#\/schema\/person\/cb59d7e3ab91ab90dd680ad0305a6185\",\"name\":\"Agencija\",\"image\":{\"@type\":\"ImageObject\",\"inLanguage\":\"bs-BA\",\"@id\":\"https:\/\/sandzakpress.net\/arhiva\/#\/schema\/person\/image\/\",\"url\":\"https:\/\/secure.gravatar.com\/avatar\/4b7fafa80a22f0c2afe23966b3961fe0?s=96&d=mm&r=pg\",\"contentUrl\":\"https:\/\/secure.gravatar.com\/avatar\/4b7fafa80a22f0c2afe23966b3961fe0?s=96&d=mm&r=pg\",\"caption\":\"Agencija\"},\"url\":\"https:\/\/sandzakpress.net\/arhiva\/author\/agencija\/\"}]}<\/script>\n<!-- \/ Yoast SEO Premium plugin. -->","yoast_head_json":{"title":"Odr\u017eana sjednica SO Prijepolje bez odbornika opozicije","robots":{"index":"index","follow":"follow","max-snippet":"max-snippet:-1","max-image-preview":"max-image-preview:large","max-video-preview":"max-video-preview:-1"},"canonical":"https:\/\/sandzakpress.net\/arhiva\/odrzana-sjednica-so-prijepolje-bez-odbornika-opozicije\/","og_locale":"bs_BA","og_type":"article","og_title":"Odr\u017eana sjednica SO Prijepolje bez odbornika opozicije","og_description":"U Sali Doma kulture u Prijepolju odr\u017eana je 23 sjednisa Skup\u0161tine op\u0161tine Prijepolje. Na dnevnom redu je bilo 29 ta\u010daka ali su usvojene i tri dopunske ta\u010dke: dva prijedloga odbornika opozicije i jedan Op\u0161tinskog vije\u0107a, koje je predlo\u017eilo da odbornici raspravljaju o programu poslovanja Regionalne sanitarne deponije Banjica za 2019. godinu. Prijedlog odbornika Sand\u017ea\u010dke demokratske [&hellip;]","og_url":"https:\/\/sandzakpress.net\/arhiva\/odrzana-sjednica-so-prijepolje-bez-odbornika-opozicije\/","og_site_name":"Sand\u017eak PRESS","article_published_time":"2019-06-28T12:47:25+00:00","og_image":[{"width":1024,"height":768,"url":"https:\/\/sandzakpress.net\/arhiva\/wp-content\/uploads\/2019\/06\/Skup\u0161tina-PP-26.-1024x768.jpg","type":"image\/jpeg"}],"author":"Agencija","twitter_card":"summary_large_image","twitter_misc":{"Written by":"Agencija","Est. reading time":"4 minute"},"schema":{"@context":"https:\/\/schema.org","@graph":[{"@type":"Article","@id":"https:\/\/sandzakpress.net\/arhiva\/odrzana-sjednica-so-prijepolje-bez-odbornika-opozicije\/#article","isPartOf":{"@id":"https:\/\/sandzakpress.net\/arhiva\/odrzana-sjednica-so-prijepolje-bez-odbornika-opozicije\/"},"author":{"name":"Agencija","@id":"https:\/\/sandzakpress.net\/arhiva\/#\/schema\/person\/cb59d7e3ab91ab90dd680ad0305a6185"},"headline":"Odr\u017eana sjednica SO Prijepolje bez odbornika opozicije","datePublished":"2019-06-28T12:47:25+00:00","mainEntityOfPage":{"@id":"https:\/\/sandzakpress.net\/arhiva\/odrzana-sjednica-so-prijepolje-bez-odbornika-opozicije\/"},"wordCount":794,"commentCount":0,"publisher":{"@id":"https:\/\/sandzakpress.net\/arhiva\/#\/schema\/person\/6e72b67d6e51910a1117b3b483ba20bd"},"image":{"@id":"https:\/\/sandzakpress.net\/arhiva\/odrzana-sjednica-so-prijepolje-bez-odbornika-opozicije\/#primaryimage"},"thumbnailUrl":"https:\/\/sandzakpress.net\/arhiva\/wp-content\/uploads\/2019\/06\/Skup\u0161tina-PP-26.-1024x768.jpg","articleSection":["Politika","Prijepolje"],"inLanguage":"bs-BA","potentialAction":[{"@type":"CommentAction","name":"Comment","target":["https:\/\/sandzakpress.net\/arhiva\/odrzana-sjednica-so-prijepolje-bez-odbornika-opozicije\/#respond"]}]},{"@type":"WebPage","@id":"https:\/\/sandzakpress.net\/arhiva\/odrzana-sjednica-so-prijepolje-bez-odbornika-opozicije\/","url":"https:\/\/sandzakpress.net\/arhiva\/odrzana-sjednica-so-prijepolje-bez-odbornika-opozicije\/","name":"Odr\u017eana sjednica SO Prijepolje bez odbornika opozicije","isPartOf":{"@id":"https:\/\/sandzakpress.net\/arhiva\/#website"},"primaryImageOfPage":{"@id":"https:\/\/sandzakpress.net\/arhiva\/odrzana-sjednica-so-prijepolje-bez-odbornika-opozicije\/#primaryimage"},"image":{"@id":"https:\/\/sandzakpress.net\/arhiva\/odrzana-sjednica-so-prijepolje-bez-odbornika-opozicije\/#primaryimage"},"thumbnailUrl":"https:\/\/sandzakpress.net\/arhiva\/wp-content\/uploads\/2019\/06\/Skup\u0161tina-PP-26.-1024x768.jpg","datePublished":"2019-06-28T12:47:25+00:00","breadcrumb":{"@id":"https:\/\/sandzakpress.net\/arhiva\/odrzana-sjednica-so-prijepolje-bez-odbornika-opozicije\/#breadcrumb"},"inLanguage":"bs-BA","potentialAction":[{"@type":"ReadAction","target":["https:\/\/sandzakpress.net\/arhiva\/odrzana-sjednica-so-prijepolje-bez-odbornika-opozicije\/"]}]},{"@type":"ImageObject","inLanguage":"bs-BA","@id":"https:\/\/sandzakpress.net\/arhiva\/odrzana-sjednica-so-prijepolje-bez-odbornika-opozicije\/#primaryimage","url":"https:\/\/sandzakpress.net\/arhiva\/wp-content\/uploads\/2019\/06\/Skup\u0161tina-PP-26.-1024x768.jpg","contentUrl":"https:\/\/sandzakpress.net\/arhiva\/wp-content\/uploads\/2019\/06\/Skup\u0161tina-PP-26.-1024x768.jpg","width":1024,"height":768},{"@type":"BreadcrumbList","@id":"https:\/\/sandzakpress.net\/arhiva\/odrzana-sjednica-so-prijepolje-bez-odbornika-opozicije\/#breadcrumb","itemListElement":[{"@type":"ListItem","position":1,"name":"Home","item":"https:\/\/sandzakpress.net\/arhiva\/"},{"@type":"ListItem","position":2,"name":"Odr\u017eana sjednica SO Prijepolje bez odbornika opozicije"}]},{"@type":"WebSite","@id":"https:\/\/sandzakpress.net\/arhiva\/#website","url":"https:\/\/sandzakpress.net\/arhiva\/","name":"Sand\u017eak PRESS","description":"Prve elektronske novine u Sand\u017eaku","publisher":{"@id":"https:\/\/sandzakpress.net\/arhiva\/#\/schema\/person\/6e72b67d6e51910a1117b3b483ba20bd"},"potentialAction":[{"@type":"SearchAction","target":{"@type":"EntryPoint","urlTemplate":"https:\/\/sandzakpress.net\/arhiva\/?s={search_term_string}"},"query-input":{"@type":"PropertyValueSpecification","valueRequired":true,"valueName":"search_term_string"}}],"inLanguage":"bs-BA"},{"@type":["Person","Organization"],"@id":"https:\/\/sandzakpress.net\/arhiva\/#\/schema\/person\/6e72b67d6e51910a1117b3b483ba20bd","name":"Kul","image":{"@type":"ImageObject","inLanguage":"bs-BA","@id":"https:\/\/sandzakpress.net\/arhiva\/#\/schema\/person\/image\/","url":"https:\/\/secure.gravatar.com\/avatar\/42263f39aa27ac04c43cab85c280eb2e?s=96&d=mm&r=pg","contentUrl":"https:\/\/secure.gravatar.com\/avatar\/42263f39aa27ac04c43cab85c280eb2e?s=96&d=mm&r=pg","caption":"Kul"},"logo":{"@id":"https:\/\/sandzakpress.net\/arhiva\/#\/schema\/person\/image\/"}},{"@type":"Person","@id":"https:\/\/sandzakpress.net\/arhiva\/#\/schema\/person\/cb59d7e3ab91ab90dd680ad0305a6185","name":"Agencija","image":{"@type":"ImageObject","inLanguage":"bs-BA","@id":"https:\/\/sandzakpress.net\/arhiva\/#\/schema\/person\/image\/","url":"https:\/\/secure.gravatar.com\/avatar\/4b7fafa80a22f0c2afe23966b3961fe0?s=96&d=mm&r=pg","contentUrl":"https:\/\/secure.gravatar.com\/avatar\/4b7fafa80a22f0c2afe23966b3961fe0?s=96&d=mm&r=pg","caption":"Agencija"},"url":"https:\/\/sandzakpress.net\/arhiva\/author\/agencija\/"}]}},"_links":{"self":[{"href":"https:\/\/sandzakpress.net\/arhiva\/wp-json\/wp\/v2\/posts\/225383"}],"collection":[{"href":"https:\/\/sandzakpress.net\/arhiva\/wp-json\/wp\/v2\/posts"}],"about":[{"href":"https:\/\/sandzakpress.net\/arhiva\/wp-json\/wp\/v2\/types\/post"}],"author":[{"embeddable":true,"href":"https:\/\/sandzakpress.net\/arhiva\/wp-json\/wp\/v2\/users\/509"}],"replies":[{"embeddable":true,"href":"https:\/\/sandzakpress.net\/arhiva\/wp-json\/wp\/v2\/comments?post=225383"}],"version-history":[{"count":0,"href":"https:\/\/sandzakpress.net\/arhiva\/wp-json\/wp\/v2\/posts\/225383\/revisions"}],"wp:featuredmedia":[{"embeddable":true,"href":"https:\/\/sandzakpress.net\/arhiva\/wp-json\/wp\/v2\/media\/225384"}],"wp:attachment":[{"href":"https:\/\/sandzakpress.net\/arhiva\/wp-json\/wp\/v2\/media?parent=225383"}],"wp:term":[{"taxonomy":"category","embeddable":true,"href":"https:\/\/sandzakpress.net\/arhiva\/wp-json\/wp\/v2\/categories?post=225383"},{"taxonomy":"post_tag","embeddable":true,"href":"https:\/\/sandzakpress.net\/arhiva\/wp-json\/wp\/v2\/tags?post=225383"}],"curies":[{"name":"wp","href":"https:\/\/api.w.org\/{rel}","templated":true}]}}