{"id":225345,"date":"2019-06-27T17:59:53","date_gmt":"2019-06-27T15:59:53","guid":{"rendered":"https:\/\/sandzakpress.net\/arhiva\/?p=225345"},"modified":"2019-06-27T17:59:53","modified_gmt":"2019-06-27T15:59:53","slug":"zukorlic-potencira-rjesavanje-pitanja-bnv-ruzic-odgovara-uskoro-ce-biti-inspekcijskog-nadzora","status":"publish","type":"post","link":"https:\/\/sandzakpress.net\/arhiva\/zukorlic-potencira-rjesavanje-pitanja-bnv-ruzic-odgovara-uskoro-ce-biti-inspekcijskog-nadzora\/","title":{"rendered":"Zukorli\u0107 potencira rje\u0161avanje pitanja BNV &#8211; Ru\u017ei\u0107 odgovara: Uskoro \u0107e biti inspekcijskog nadzora"},"content":{"rendered":"<p><img decoding=\"async\" src=\"http:\/\/sanapress.info\/wp-content\/uploads\/2019\/06\/vlcsnap-2019-06-27-16h09m54s684-1024x576.jpg\" alt=\"Slika ima prazan alternativni atribut; njen naziv fajla je vlcsnap-2019-06-27-16h09m54s684-1024x576.jpg\" \/><\/p>\n<p><strong>Narodni poslanik Stranke pravde i pomirenja dr. Muamer Zukorli\u0107 je pitao \u0161ta \u0107e Vlada Srbije i Ministarstvo dr\u017eavne uprave i lokalne samouprave preduzeti da se kona\u010dno uvede u red BNV, navode\u0107i da se posljednjih dana doga\u0111a kulminacija bezakonja.<\/strong><\/p>\n<p>&#8211; Ovo tijelo ne slu\u017ei ostvarenju kolektivnih prava Bo\u0161njaka ve\u0107 se koristi za uske, personalne i partijske svrhe. Vi\u0161e smo puta ukazivali na ovaj problem i materijalima i dopisima koji smo dostavili nadle\u017enom Ministarstvu ali pojedinci u ovom Ministarstvu na li\u010dnim relacijama blagoslove i podr\u017eavaju ovako funkcionisanje u Vije\u0107u.\u00a0<\/p>\n<p>Drugo pitanje dr. Zukorli\u0107a odnosilo se na izgradnju puta Novi Pazar-Tutin.<\/p>\n<p>&#8211; Prije nekoliko mjeseci smo dobili informaciju da \u0107e se u junu krenuti u izgradnju ovog puta. Juni je na izmaku, \u0161ta se de\u0161ava? Da li je u pitanju neko minimalno ka\u0161njenje? \u017delimo dobiti informaciju o tome.<\/p>\n<div class=\"youtube-embed\" data-video_id=\"1b8c__YHk68\"><iframe loading=\"lazy\" title=\"Akademik Zukorli\u0107 u skup\u0161tini postavljao pitanja Vladi R. Srbije u vezi BNV-a i puta NP-TT\" width=\"696\" height=\"392\" src=\"https:\/\/www.youtube.com\/embed\/1b8c__YHk68?start=2&#038;feature=oembed\" frameborder=\"0\" allow=\"accelerometer; autoplay; encrypted-media; gyroscope; picture-in-picture\" allowfullscreen><\/iframe><\/div>\n<p>Dr. Zukorli\u0107 pitao i \u0161ta se desilo sa projektom izgradnje slobodne zone na Pe\u0161teru poznate kao &#8220;Ljeskova ctiy&#8221;.\u00a0<\/p>\n<p>Predsjednica Vlade Srbije Ana Brnabi\u0107 izjavila je, odgovaraju\u0107i na pitanje poslanika dr. Muamera Zukorli\u0107a o funkcionisanju Bo\u0161nja\u010dkog nacionalnog ve\u0107a, da Srbija ne\u0107e reagovati na provokacije Suljenama Ugljanina koji, kako ka\u017ee, menja mi\u0161ljanje u zavisnosti od toga da li je na vlasti. Dodala da je funkcionisanje Vije\u0107a izuzetno kompleksno i osjetljivo pitanje, isti\u010du\u0107i da se Vlada Srbije ponosi \u0161to po\u0161tuje, ne evropske, ve\u0107 svjetske standarde kada je rije\u010d o nacionalnim manjinama.<\/p>\n<p>&#8211; Po\u0161tujemo i osna\u017eujemo institute savjeta nacionalnih manjina. Ne\u0107emo se mije\u0161ati u rad nacionalnih savjeta dokle god to nije apsolutno nepohodno. U ovom trenutku pratimo situaciju, ali je to \u0161to se de\u0161ava ipak stvar ve\u0107ine, istakla je premijerka.<\/p>\n<p>\u0160to se ti\u010de puta Novi Pazar-Tutin, premijerka kazala da se tu se radi o malom ka\u0161njenju.\u00a0<\/p>\n<p>&#8211; Ja o\u010dekujem da se odmah nakon pu\u0161tanja puta Kuzmin-Sremska ra\u010da koji se o\u010dekuje u julu, mogu\u0107e je da uz ponovnu posjetu Srbije od strane predsjednik Turske g. Erdogana i\u0107i u po\u010detak izgradnje puta Novi Pazar-Tutin. To \u0107e biti ili juli ili avgust, dakle minimalno ka\u0161njenje. \u0160to se ti\u010de slobodne zone na Pe\u0161teru tu nemam informacije, kazala je premijerka Brnabi\u0107.<\/p>\n<p>Ministar dr\u017eavne uprave i lokalne samouprave Branko Ru\u017ei\u0107 kazao da je to Ministarstvo poslalo zahtjev BNV-u da dostavi sve podatke u vezi sa inicijativom za &#8220;specijalni status&#8221; Sand\u017eaka i da je prikupljanje dokumenata u toku.\u00a0<\/p>\n<p>&#8211; Nakon toga mo\u017ee da uslijedi i inspekcijski nadzor Upravne inspekcije, kazao je ministar Ru\u017ei\u0107.<\/p>\n<p>Komentari\u0161u\u0107i ove odgovore, narodni poslanik dr. Zukorli\u0107 kazao da cilj pitanja nije bio da se Ministarstvo obra\u010duna sa Ugljaninovim izjavama, ve\u0107 da skrene pa\u017enju na zakonitost Vije\u0107a i uslova za normalno funkcionisanje.<\/p>\n<p>&#8211; Tehni\u010dki to Vije\u0107i radi u sali koja nema ni prirodnu ni vje\u0161ta\u010dku ventilaciju, poslije pola sata ostajete bez kiseonika. Na ulazu u tu zgradu stoje ljudi koji po profilu spadaju u kriminalno-huliganski milje koji vije\u0107nike spre\u010davaju da u\u0111u u zgradu dok ne stavi potpis na spisak prije na ulici. Na prvoj sjednici nije bilo mogu\u0107e diskutovati, nije bilo mikrofona, niti govornice. Mene prosto zanima, grupa koju predvodim ima 13 vije\u0107nika, ja samo \u017eelim da oni mogu tamo opoziciono, normalno funkcionisati, \u0161to sad nije slu\u010daj. Oni su izlo\u017eeni fizi\u010dkim i verbalnim nasrtajima i mi od ministarstva tra\u017eimo samo da omogu\u0107i normalan rad u Vije\u0107u. Da vije\u0107nici i novinari ne budu maltretirani i ometani da prisustvuju, da diskutuju, da po poslovniku Vije\u0107e funkcioni\u0161e.<\/p>\n<p>Ministar Ru\u017ei\u0107 kazao da \u0107e Upravna inspekcija izvr\u0161iti uvid.<\/p>\n<p>&#8211; Zahjtevi koji ste uputili su brojni, nakon pribavljanja svih relevantnih informacija mi \u0107emo postupiti po zakonu.<\/p>\n<p>Narodni poslanik dr. Zukorli\u0107 upozorio na jo\u0161 jedno kr\u0161enje zakon u BNV-u.<\/p>\n<p>&#8211; Evo danas isti\u010de rok za usvajanje bud\u017eeta BNV-a. Do ovog trenutka ja nisam pozvan da prisustvujem sjednici \u0161to zna\u010di da \u0107e za nekoliko sati iste\u0107i taj rok. Pretpostavljam da \u0107e ministarstvo u skladu sa zakonom i po tom pitanju reagirati.\u00a0<\/p>\n<p>izvor: SANA\u00a0<\/p>\n","protected":false},"excerpt":{"rendered":"<p>Narodni poslanik Stranke pravde i pomirenja dr. Muamer Zukorli\u0107 je pitao \u0161ta \u0107e Vlada Srbije i Ministarstvo dr\u017eavne uprave i lokalne samouprave preduzeti da se kona\u010dno uvede u red BNV, navode\u0107i da se posljednjih dana doga\u0111a kulminacija bezakonja. &#8211; Ovo tijelo ne slu\u017ei ostvarenju kolektivnih prava Bo\u0161njaka ve\u0107 se koristi za uske, personalne i partijske [&hellip;]<\/p>\n","protected":false},"author":509,"featured_media":225347,"comment_status":"open","ping_status":"open","sticky":false,"template":"","format":"standard","meta":{"footnotes":""},"categories":[72,1,8957],"tags":[],"class_list":{"0":"post-225345","1":"post","2":"type-post","3":"status-publish","4":"format-standard","5":"has-post-thumbnail","7":"category-novi-pazar","8":"category-politika","9":"category-vijesti-dana"},"yoast_head":"<!-- This site is optimized with the Yoast SEO Premium plugin v23.1 (Yoast SEO v24.9) - https:\/\/yoast.com\/wordpress\/plugins\/seo\/ -->\n<title>Zukorli\u0107 potencira rje\u0161avanje pitanja BNV - Ru\u017ei\u0107 odgovara: Uskoro \u0107e biti inspekcijskog nadzora<\/title>\n<meta name=\"robots\" content=\"index, follow, max-snippet:-1, max-image-preview:large, max-video-preview:-1\" \/>\n<link rel=\"canonical\" href=\"https:\/\/sandzakpress.net\/arhiva\/zukorlic-potencira-rjesavanje-pitanja-bnv-ruzic-odgovara-uskoro-ce-biti-inspekcijskog-nadzora\/\" \/>\n<meta property=\"og:locale\" content=\"bs_BA\" \/>\n<meta property=\"og:type\" content=\"article\" \/>\n<meta property=\"og:title\" content=\"Zukorli\u0107 potencira rje\u0161avanje pitanja BNV - Ru\u017ei\u0107 odgovara: Uskoro \u0107e biti inspekcijskog nadzora\" \/>\n<meta property=\"og:description\" content=\"Narodni poslanik Stranke pravde i pomirenja dr. Muamer Zukorli\u0107 je pitao \u0161ta \u0107e Vlada Srbije i Ministarstvo dr\u017eavne uprave i lokalne samouprave preduzeti da se kona\u010dno uvede u red BNV, navode\u0107i da se posljednjih dana doga\u0111a kulminacija bezakonja. &#8211; Ovo tijelo ne slu\u017ei ostvarenju kolektivnih prava Bo\u0161njaka ve\u0107 se koristi za uske, personalne i partijske [&hellip;]\" \/>\n<meta property=\"og:url\" content=\"https:\/\/sandzakpress.net\/arhiva\/zukorlic-potencira-rjesavanje-pitanja-bnv-ruzic-odgovara-uskoro-ce-biti-inspekcijskog-nadzora\/\" \/>\n<meta property=\"og:site_name\" content=\"Sand\u017eak PRESS\" \/>\n<meta property=\"article:published_time\" content=\"2019-06-27T15:59:53+00:00\" \/>\n<meta property=\"og:image\" content=\"https:\/\/sandzakpress.net\/arhiva\/wp-content\/uploads\/2019\/06\/vlcsnap-2019-06-27-16h09m54s684-1024x576.jpg\" \/>\n\t<meta property=\"og:image:width\" content=\"1024\" \/>\n\t<meta property=\"og:image:height\" content=\"576\" \/>\n\t<meta property=\"og:image:type\" content=\"image\/jpeg\" \/>\n<meta name=\"author\" content=\"Agencija\" \/>\n<meta name=\"twitter:card\" content=\"summary_large_image\" \/>\n<meta name=\"twitter:label1\" content=\"Written by\" \/>\n\t<meta name=\"twitter:data1\" content=\"Agencija\" \/>\n\t<meta name=\"twitter:label2\" content=\"Est. reading time\" \/>\n\t<meta name=\"twitter:data2\" content=\"4 minute\" \/>\n<script type=\"application\/ld+json\" class=\"yoast-schema-graph\">{\"@context\":\"https:\/\/schema.org\",\"@graph\":[{\"@type\":\"Article\",\"@id\":\"https:\/\/sandzakpress.net\/arhiva\/zukorlic-potencira-rjesavanje-pitanja-bnv-ruzic-odgovara-uskoro-ce-biti-inspekcijskog-nadzora\/#article\",\"isPartOf\":{\"@id\":\"https:\/\/sandzakpress.net\/arhiva\/zukorlic-potencira-rjesavanje-pitanja-bnv-ruzic-odgovara-uskoro-ce-biti-inspekcijskog-nadzora\/\"},\"author\":{\"name\":\"Agencija\",\"@id\":\"https:\/\/sandzakpress.net\/arhiva\/#\/schema\/person\/cb59d7e3ab91ab90dd680ad0305a6185\"},\"headline\":\"Zukorli\u0107 potencira rje\u0161avanje pitanja BNV &#8211; Ru\u017ei\u0107 odgovara: Uskoro \u0107e biti inspekcijskog nadzora\",\"datePublished\":\"2019-06-27T15:59:53+00:00\",\"mainEntityOfPage\":{\"@id\":\"https:\/\/sandzakpress.net\/arhiva\/zukorlic-potencira-rjesavanje-pitanja-bnv-ruzic-odgovara-uskoro-ce-biti-inspekcijskog-nadzora\/\"},\"wordCount\":728,\"commentCount\":0,\"publisher\":{\"@id\":\"https:\/\/sandzakpress.net\/arhiva\/#\/schema\/person\/6e72b67d6e51910a1117b3b483ba20bd\"},\"image\":{\"@id\":\"https:\/\/sandzakpress.net\/arhiva\/zukorlic-potencira-rjesavanje-pitanja-bnv-ruzic-odgovara-uskoro-ce-biti-inspekcijskog-nadzora\/#primaryimage\"},\"thumbnailUrl\":\"https:\/\/sandzakpress.net\/arhiva\/wp-content\/uploads\/2019\/06\/vlcsnap-2019-06-27-16h09m54s684-1024x576.jpg\",\"articleSection\":[\"Novi Pazar\",\"Politika\",\"VIJESTI DANA\"],\"inLanguage\":\"bs-BA\",\"potentialAction\":[{\"@type\":\"CommentAction\",\"name\":\"Comment\",\"target\":[\"https:\/\/sandzakpress.net\/arhiva\/zukorlic-potencira-rjesavanje-pitanja-bnv-ruzic-odgovara-uskoro-ce-biti-inspekcijskog-nadzora\/#respond\"]}]},{\"@type\":\"WebPage\",\"@id\":\"https:\/\/sandzakpress.net\/arhiva\/zukorlic-potencira-rjesavanje-pitanja-bnv-ruzic-odgovara-uskoro-ce-biti-inspekcijskog-nadzora\/\",\"url\":\"https:\/\/sandzakpress.net\/arhiva\/zukorlic-potencira-rjesavanje-pitanja-bnv-ruzic-odgovara-uskoro-ce-biti-inspekcijskog-nadzora\/\",\"name\":\"Zukorli\u0107 potencira rje\u0161avanje pitanja BNV - Ru\u017ei\u0107 odgovara: Uskoro \u0107e biti inspekcijskog nadzora\",\"isPartOf\":{\"@id\":\"https:\/\/sandzakpress.net\/arhiva\/#website\"},\"primaryImageOfPage\":{\"@id\":\"https:\/\/sandzakpress.net\/arhiva\/zukorlic-potencira-rjesavanje-pitanja-bnv-ruzic-odgovara-uskoro-ce-biti-inspekcijskog-nadzora\/#primaryimage\"},\"image\":{\"@id\":\"https:\/\/sandzakpress.net\/arhiva\/zukorlic-potencira-rjesavanje-pitanja-bnv-ruzic-odgovara-uskoro-ce-biti-inspekcijskog-nadzora\/#primaryimage\"},\"thumbnailUrl\":\"https:\/\/sandzakpress.net\/arhiva\/wp-content\/uploads\/2019\/06\/vlcsnap-2019-06-27-16h09m54s684-1024x576.jpg\",\"datePublished\":\"2019-06-27T15:59:53+00:00\",\"breadcrumb\":{\"@id\":\"https:\/\/sandzakpress.net\/arhiva\/zukorlic-potencira-rjesavanje-pitanja-bnv-ruzic-odgovara-uskoro-ce-biti-inspekcijskog-nadzora\/#breadcrumb\"},\"inLanguage\":\"bs-BA\",\"potentialAction\":[{\"@type\":\"ReadAction\",\"target\":[\"https:\/\/sandzakpress.net\/arhiva\/zukorlic-potencira-rjesavanje-pitanja-bnv-ruzic-odgovara-uskoro-ce-biti-inspekcijskog-nadzora\/\"]}]},{\"@type\":\"ImageObject\",\"inLanguage\":\"bs-BA\",\"@id\":\"https:\/\/sandzakpress.net\/arhiva\/zukorlic-potencira-rjesavanje-pitanja-bnv-ruzic-odgovara-uskoro-ce-biti-inspekcijskog-nadzora\/#primaryimage\",\"url\":\"https:\/\/sandzakpress.net\/arhiva\/wp-content\/uploads\/2019\/06\/vlcsnap-2019-06-27-16h09m54s684-1024x576.jpg\",\"contentUrl\":\"https:\/\/sandzakpress.net\/arhiva\/wp-content\/uploads\/2019\/06\/vlcsnap-2019-06-27-16h09m54s684-1024x576.jpg\",\"width\":1024,\"height\":576},{\"@type\":\"BreadcrumbList\",\"@id\":\"https:\/\/sandzakpress.net\/arhiva\/zukorlic-potencira-rjesavanje-pitanja-bnv-ruzic-odgovara-uskoro-ce-biti-inspekcijskog-nadzora\/#breadcrumb\",\"itemListElement\":[{\"@type\":\"ListItem\",\"position\":1,\"name\":\"Home\",\"item\":\"https:\/\/sandzakpress.net\/arhiva\/\"},{\"@type\":\"ListItem\",\"position\":2,\"name\":\"Zukorli\u0107 potencira rje\u0161avanje pitanja BNV &#8211; Ru\u017ei\u0107 odgovara: Uskoro \u0107e biti inspekcijskog nadzora\"}]},{\"@type\":\"WebSite\",\"@id\":\"https:\/\/sandzakpress.net\/arhiva\/#website\",\"url\":\"https:\/\/sandzakpress.net\/arhiva\/\",\"name\":\"Sand\u017eak PRESS\",\"description\":\"Prve elektronske novine u Sand\u017eaku\",\"publisher\":{\"@id\":\"https:\/\/sandzakpress.net\/arhiva\/#\/schema\/person\/6e72b67d6e51910a1117b3b483ba20bd\"},\"potentialAction\":[{\"@type\":\"SearchAction\",\"target\":{\"@type\":\"EntryPoint\",\"urlTemplate\":\"https:\/\/sandzakpress.net\/arhiva\/?s={search_term_string}\"},\"query-input\":{\"@type\":\"PropertyValueSpecification\",\"valueRequired\":true,\"valueName\":\"search_term_string\"}}],\"inLanguage\":\"bs-BA\"},{\"@type\":[\"Person\",\"Organization\"],\"@id\":\"https:\/\/sandzakpress.net\/arhiva\/#\/schema\/person\/6e72b67d6e51910a1117b3b483ba20bd\",\"name\":\"Kul\",\"image\":{\"@type\":\"ImageObject\",\"inLanguage\":\"bs-BA\",\"@id\":\"https:\/\/sandzakpress.net\/arhiva\/#\/schema\/person\/image\/\",\"url\":\"https:\/\/secure.gravatar.com\/avatar\/42263f39aa27ac04c43cab85c280eb2e?s=96&d=mm&r=pg\",\"contentUrl\":\"https:\/\/secure.gravatar.com\/avatar\/42263f39aa27ac04c43cab85c280eb2e?s=96&d=mm&r=pg\",\"caption\":\"Kul\"},\"logo\":{\"@id\":\"https:\/\/sandzakpress.net\/arhiva\/#\/schema\/person\/image\/\"}},{\"@type\":\"Person\",\"@id\":\"https:\/\/sandzakpress.net\/arhiva\/#\/schema\/person\/cb59d7e3ab91ab90dd680ad0305a6185\",\"name\":\"Agencija\",\"image\":{\"@type\":\"ImageObject\",\"inLanguage\":\"bs-BA\",\"@id\":\"https:\/\/sandzakpress.net\/arhiva\/#\/schema\/person\/image\/\",\"url\":\"https:\/\/secure.gravatar.com\/avatar\/4b7fafa80a22f0c2afe23966b3961fe0?s=96&d=mm&r=pg\",\"contentUrl\":\"https:\/\/secure.gravatar.com\/avatar\/4b7fafa80a22f0c2afe23966b3961fe0?s=96&d=mm&r=pg\",\"caption\":\"Agencija\"},\"url\":\"https:\/\/sandzakpress.net\/arhiva\/author\/agencija\/\"}]}<\/script>\n<!-- \/ Yoast SEO Premium plugin. -->","yoast_head_json":{"title":"Zukorli\u0107 potencira rje\u0161avanje pitanja BNV - Ru\u017ei\u0107 odgovara: Uskoro \u0107e biti inspekcijskog nadzora","robots":{"index":"index","follow":"follow","max-snippet":"max-snippet:-1","max-image-preview":"max-image-preview:large","max-video-preview":"max-video-preview:-1"},"canonical":"https:\/\/sandzakpress.net\/arhiva\/zukorlic-potencira-rjesavanje-pitanja-bnv-ruzic-odgovara-uskoro-ce-biti-inspekcijskog-nadzora\/","og_locale":"bs_BA","og_type":"article","og_title":"Zukorli\u0107 potencira rje\u0161avanje pitanja BNV - Ru\u017ei\u0107 odgovara: Uskoro \u0107e biti inspekcijskog nadzora","og_description":"Narodni poslanik Stranke pravde i pomirenja dr. Muamer Zukorli\u0107 je pitao \u0161ta \u0107e Vlada Srbije i Ministarstvo dr\u017eavne uprave i lokalne samouprave preduzeti da se kona\u010dno uvede u red BNV, navode\u0107i da se posljednjih dana doga\u0111a kulminacija bezakonja. &#8211; Ovo tijelo ne slu\u017ei ostvarenju kolektivnih prava Bo\u0161njaka ve\u0107 se koristi za uske, personalne i partijske [&hellip;]","og_url":"https:\/\/sandzakpress.net\/arhiva\/zukorlic-potencira-rjesavanje-pitanja-bnv-ruzic-odgovara-uskoro-ce-biti-inspekcijskog-nadzora\/","og_site_name":"Sand\u017eak PRESS","article_published_time":"2019-06-27T15:59:53+00:00","og_image":[{"width":1024,"height":576,"url":"https:\/\/sandzakpress.net\/arhiva\/wp-content\/uploads\/2019\/06\/vlcsnap-2019-06-27-16h09m54s684-1024x576.jpg","type":"image\/jpeg"}],"author":"Agencija","twitter_card":"summary_large_image","twitter_misc":{"Written by":"Agencija","Est. reading time":"4 minute"},"schema":{"@context":"https:\/\/schema.org","@graph":[{"@type":"Article","@id":"https:\/\/sandzakpress.net\/arhiva\/zukorlic-potencira-rjesavanje-pitanja-bnv-ruzic-odgovara-uskoro-ce-biti-inspekcijskog-nadzora\/#article","isPartOf":{"@id":"https:\/\/sandzakpress.net\/arhiva\/zukorlic-potencira-rjesavanje-pitanja-bnv-ruzic-odgovara-uskoro-ce-biti-inspekcijskog-nadzora\/"},"author":{"name":"Agencija","@id":"https:\/\/sandzakpress.net\/arhiva\/#\/schema\/person\/cb59d7e3ab91ab90dd680ad0305a6185"},"headline":"Zukorli\u0107 potencira rje\u0161avanje pitanja BNV &#8211; Ru\u017ei\u0107 odgovara: Uskoro \u0107e biti inspekcijskog nadzora","datePublished":"2019-06-27T15:59:53+00:00","mainEntityOfPage":{"@id":"https:\/\/sandzakpress.net\/arhiva\/zukorlic-potencira-rjesavanje-pitanja-bnv-ruzic-odgovara-uskoro-ce-biti-inspekcijskog-nadzora\/"},"wordCount":728,"commentCount":0,"publisher":{"@id":"https:\/\/sandzakpress.net\/arhiva\/#\/schema\/person\/6e72b67d6e51910a1117b3b483ba20bd"},"image":{"@id":"https:\/\/sandzakpress.net\/arhiva\/zukorlic-potencira-rjesavanje-pitanja-bnv-ruzic-odgovara-uskoro-ce-biti-inspekcijskog-nadzora\/#primaryimage"},"thumbnailUrl":"https:\/\/sandzakpress.net\/arhiva\/wp-content\/uploads\/2019\/06\/vlcsnap-2019-06-27-16h09m54s684-1024x576.jpg","articleSection":["Novi Pazar","Politika","VIJESTI DANA"],"inLanguage":"bs-BA","potentialAction":[{"@type":"CommentAction","name":"Comment","target":["https:\/\/sandzakpress.net\/arhiva\/zukorlic-potencira-rjesavanje-pitanja-bnv-ruzic-odgovara-uskoro-ce-biti-inspekcijskog-nadzora\/#respond"]}]},{"@type":"WebPage","@id":"https:\/\/sandzakpress.net\/arhiva\/zukorlic-potencira-rjesavanje-pitanja-bnv-ruzic-odgovara-uskoro-ce-biti-inspekcijskog-nadzora\/","url":"https:\/\/sandzakpress.net\/arhiva\/zukorlic-potencira-rjesavanje-pitanja-bnv-ruzic-odgovara-uskoro-ce-biti-inspekcijskog-nadzora\/","name":"Zukorli\u0107 potencira rje\u0161avanje pitanja BNV - Ru\u017ei\u0107 odgovara: Uskoro \u0107e biti inspekcijskog nadzora","isPartOf":{"@id":"https:\/\/sandzakpress.net\/arhiva\/#website"},"primaryImageOfPage":{"@id":"https:\/\/sandzakpress.net\/arhiva\/zukorlic-potencira-rjesavanje-pitanja-bnv-ruzic-odgovara-uskoro-ce-biti-inspekcijskog-nadzora\/#primaryimage"},"image":{"@id":"https:\/\/sandzakpress.net\/arhiva\/zukorlic-potencira-rjesavanje-pitanja-bnv-ruzic-odgovara-uskoro-ce-biti-inspekcijskog-nadzora\/#primaryimage"},"thumbnailUrl":"https:\/\/sandzakpress.net\/arhiva\/wp-content\/uploads\/2019\/06\/vlcsnap-2019-06-27-16h09m54s684-1024x576.jpg","datePublished":"2019-06-27T15:59:53+00:00","breadcrumb":{"@id":"https:\/\/sandzakpress.net\/arhiva\/zukorlic-potencira-rjesavanje-pitanja-bnv-ruzic-odgovara-uskoro-ce-biti-inspekcijskog-nadzora\/#breadcrumb"},"inLanguage":"bs-BA","potentialAction":[{"@type":"ReadAction","target":["https:\/\/sandzakpress.net\/arhiva\/zukorlic-potencira-rjesavanje-pitanja-bnv-ruzic-odgovara-uskoro-ce-biti-inspekcijskog-nadzora\/"]}]},{"@type":"ImageObject","inLanguage":"bs-BA","@id":"https:\/\/sandzakpress.net\/arhiva\/zukorlic-potencira-rjesavanje-pitanja-bnv-ruzic-odgovara-uskoro-ce-biti-inspekcijskog-nadzora\/#primaryimage","url":"https:\/\/sandzakpress.net\/arhiva\/wp-content\/uploads\/2019\/06\/vlcsnap-2019-06-27-16h09m54s684-1024x576.jpg","contentUrl":"https:\/\/sandzakpress.net\/arhiva\/wp-content\/uploads\/2019\/06\/vlcsnap-2019-06-27-16h09m54s684-1024x576.jpg","width":1024,"height":576},{"@type":"BreadcrumbList","@id":"https:\/\/sandzakpress.net\/arhiva\/zukorlic-potencira-rjesavanje-pitanja-bnv-ruzic-odgovara-uskoro-ce-biti-inspekcijskog-nadzora\/#breadcrumb","itemListElement":[{"@type":"ListItem","position":1,"name":"Home","item":"https:\/\/sandzakpress.net\/arhiva\/"},{"@type":"ListItem","position":2,"name":"Zukorli\u0107 potencira rje\u0161avanje pitanja BNV &#8211; Ru\u017ei\u0107 odgovara: Uskoro \u0107e biti inspekcijskog nadzora"}]},{"@type":"WebSite","@id":"https:\/\/sandzakpress.net\/arhiva\/#website","url":"https:\/\/sandzakpress.net\/arhiva\/","name":"Sand\u017eak PRESS","description":"Prve elektronske novine u Sand\u017eaku","publisher":{"@id":"https:\/\/sandzakpress.net\/arhiva\/#\/schema\/person\/6e72b67d6e51910a1117b3b483ba20bd"},"potentialAction":[{"@type":"SearchAction","target":{"@type":"EntryPoint","urlTemplate":"https:\/\/sandzakpress.net\/arhiva\/?s={search_term_string}"},"query-input":{"@type":"PropertyValueSpecification","valueRequired":true,"valueName":"search_term_string"}}],"inLanguage":"bs-BA"},{"@type":["Person","Organization"],"@id":"https:\/\/sandzakpress.net\/arhiva\/#\/schema\/person\/6e72b67d6e51910a1117b3b483ba20bd","name":"Kul","image":{"@type":"ImageObject","inLanguage":"bs-BA","@id":"https:\/\/sandzakpress.net\/arhiva\/#\/schema\/person\/image\/","url":"https:\/\/secure.gravatar.com\/avatar\/42263f39aa27ac04c43cab85c280eb2e?s=96&d=mm&r=pg","contentUrl":"https:\/\/secure.gravatar.com\/avatar\/42263f39aa27ac04c43cab85c280eb2e?s=96&d=mm&r=pg","caption":"Kul"},"logo":{"@id":"https:\/\/sandzakpress.net\/arhiva\/#\/schema\/person\/image\/"}},{"@type":"Person","@id":"https:\/\/sandzakpress.net\/arhiva\/#\/schema\/person\/cb59d7e3ab91ab90dd680ad0305a6185","name":"Agencija","image":{"@type":"ImageObject","inLanguage":"bs-BA","@id":"https:\/\/sandzakpress.net\/arhiva\/#\/schema\/person\/image\/","url":"https:\/\/secure.gravatar.com\/avatar\/4b7fafa80a22f0c2afe23966b3961fe0?s=96&d=mm&r=pg","contentUrl":"https:\/\/secure.gravatar.com\/avatar\/4b7fafa80a22f0c2afe23966b3961fe0?s=96&d=mm&r=pg","caption":"Agencija"},"url":"https:\/\/sandzakpress.net\/arhiva\/author\/agencija\/"}]}},"_links":{"self":[{"href":"https:\/\/sandzakpress.net\/arhiva\/wp-json\/wp\/v2\/posts\/225345"}],"collection":[{"href":"https:\/\/sandzakpress.net\/arhiva\/wp-json\/wp\/v2\/posts"}],"about":[{"href":"https:\/\/sandzakpress.net\/arhiva\/wp-json\/wp\/v2\/types\/post"}],"author":[{"embeddable":true,"href":"https:\/\/sandzakpress.net\/arhiva\/wp-json\/wp\/v2\/users\/509"}],"replies":[{"embeddable":true,"href":"https:\/\/sandzakpress.net\/arhiva\/wp-json\/wp\/v2\/comments?post=225345"}],"version-history":[{"count":0,"href":"https:\/\/sandzakpress.net\/arhiva\/wp-json\/wp\/v2\/posts\/225345\/revisions"}],"wp:featuredmedia":[{"embeddable":true,"href":"https:\/\/sandzakpress.net\/arhiva\/wp-json\/wp\/v2\/media\/225347"}],"wp:attachment":[{"href":"https:\/\/sandzakpress.net\/arhiva\/wp-json\/wp\/v2\/media?parent=225345"}],"wp:term":[{"taxonomy":"category","embeddable":true,"href":"https:\/\/sandzakpress.net\/arhiva\/wp-json\/wp\/v2\/categories?post=225345"},{"taxonomy":"post_tag","embeddable":true,"href":"https:\/\/sandzakpress.net\/arhiva\/wp-json\/wp\/v2\/tags?post=225345"}],"curies":[{"name":"wp","href":"https:\/\/api.w.org\/{rel}","templated":true}]}}