{"id":225332,"date":"2019-06-27T15:34:35","date_gmt":"2019-06-27T13:34:35","guid":{"rendered":"https:\/\/sandzakpress.net\/arhiva\/?p=225332"},"modified":"2019-06-27T15:34:35","modified_gmt":"2019-06-27T13:34:35","slug":"dr-zukorlic-upozorava-komunalna-milicija-bi-mogla-biti-mehanizam-u-obracunima-na-lokalu","status":"publish","type":"post","link":"https:\/\/sandzakpress.net\/arhiva\/dr-zukorlic-upozorava-komunalna-milicija-bi-mogla-biti-mehanizam-u-obracunima-na-lokalu\/","title":{"rendered":"Dr. Zukorli\u0107 upozorava: Komunalna milicija bi mogla biti mehanizam u obra\u010dunima na lokalu"},"content":{"rendered":"<p><img loading=\"lazy\" decoding=\"async\" class=\"alignnone size-full wp-image-225333\" src=\"https:\/\/sandzakpress.net\/arhiva\/wp-content\/uploads\/2019\/06\/Hvataj-12.jpg\" alt=\"\" width=\"1228\" height=\"808\" srcset=\"https:\/\/sandzakpress.net\/arhiva\/wp-content\/uploads\/2019\/06\/Hvataj-12.jpg 1228w, https:\/\/sandzakpress.net\/arhiva\/wp-content\/uploads\/2019\/06\/Hvataj-12-768x505.jpg 768w, https:\/\/sandzakpress.net\/arhiva\/wp-content\/uploads\/2019\/06\/Hvataj-12-616x405.jpg 616w, https:\/\/sandzakpress.net\/arhiva\/wp-content\/uploads\/2019\/06\/Hvataj-12-100x65.jpg 100w, https:\/\/sandzakpress.net\/arhiva\/wp-content\/uploads\/2019\/06\/Hvataj-12-260x170.jpg 260w, https:\/\/sandzakpress.net\/arhiva\/wp-content\/uploads\/2019\/06\/Hvataj-12-759x500.jpg 759w\" sizes=\"(max-width: 1228px) 100vw, 1228px\" \/><\/p>\n<p><strong>Poslanici Skup\u0161tine Srbije po\u010dinju raspravu o Zakonu o komunalnoj policijii. Ovim zakonom ta slu\u017eba promijenit \u0107e ime u komunalna milicija, a sve op\u0161tine imat \u0107e mogu\u0107nost da formiraju svoje komunalne jedinice. Komunalni milicajci dobit \u0107e \u0161ire ovlasti. Predsjednik SPP-a narodni poslanik dr. Muamer Zukorli\u0107 upozorava na mogu\u0107nost zloupotreba.<\/strong><\/p>\n<p>Govore\u0107i o Zakonu o djelatnosti komunalnih usluga dr. Zukorli\u0107 isti\u010de da s obzirom na stanje u odre\u0111enim lokalnim upravama, pogotovo na prostoru Sand\u017eaka, gdje su, kako ka\u017ee, \u010desto svi mehanizmi dio partokratskih programa, davanje ovlasti sile slu\u017ebenicima komunalne milicije moglo biti mehanizam u odre\u0111enim obra\u010dunima na lokalu.<\/p>\n<div class=\"youtube-embed\" data-video_id=\"Q7lbu2B66h0\"><iframe loading=\"lazy\" title=\"Narodni poslanik akademik Muamer Zukorli\u0107 u skup\u0161tini o zakonu o komunalnoj miliciji\" width=\"696\" height=\"392\" src=\"https:\/\/www.youtube.com\/embed\/Q7lbu2B66h0?feature=oembed&#038;enablejsapi=1\" frameborder=\"0\" allow=\"accelerometer; autoplay; encrypted-media; gyroscope; picture-in-picture\" allowfullscreen><\/iframe><\/div>\n<p>\u00a0&#8211;\u00a0Mislim da bi se tu trebalo biti veoma rezervisano\u00a0 i \u010dak ispraviti ovo ako nemamo adekvatne amandmane\u00a0 onda barem kroz odborski amandman za \u0161ta jo\u0161 postoji mogu\u0107nost. Kod mene ovaj pojam izaziva kontroverzu s obzirom na to da smo tokom Drugog svjetskog rata imali i muslimanske milicije Sand\u017eaka i zato to kod nas ima i jedan drugi prizvuk, vjerovatno i na to treba obratiti pa\u017enju.<\/p>\n<p>Postavlja i pitanje kako \u0107e izgledati koju Sulejman Ugljanin bude organizovao u lokalnim upravama u kojima vlada.<\/p>\n<p>&#8211; Pogotovo ako je bude organizovao s Ministarstvom za dr\u017eavnu upravu i lokalnu samoupravu kao \u0161to organizuje Bo\u0161nja\u010dko nacionalno vije\u0107e. Zamislite koje \u0107e sve table biti postavljene ili \u0107e ili ne\u0107e biti skinute. Sve su ovo teme iz na\u0161eg ugla veoma va\u017ene i interesantne. Ne \u017eelim da to kroz ironiju i sarkazam postavim ve\u0107 da skrenem pa\u017enju na to veoma va\u017eno pitanje.<\/p>\n<p>Dosada\u0161nja iskustva, podsje\u0107a, u\u010de da se zakoni dosta dobro urede ali ono \u0161to se permanentno doga\u0111a je raskorak izme\u0111u onoga \u0161to zakon jeste i njegove primjene na terenu<\/p>\n<p>&#8211; Po pitanju ovog zkona, pogotovo tamo gdje se pominje prinuda, daju ovlasti koje se mogu i zloupotrijebiti tu sam veoma zabrinut. Mi imamo Zakon o pravima nacionalnih manjina koji je uspostavio veoma dobar institut, Nacionalna vije\u0107a me\u0111utim u iskustvu imamo katastrofalno stanje BNV od 2010. Godine i permanentno \u010dekamo da \u0107emo u sljede\u0107em mandatu ispraviti odre\u0111ene probleme. Na\u017ealost, imamo idalje to Vije\u0107e kao taoc i nesposobnost ili nevoljnost Ministarstva kona\u010dno provede taj zakon<\/p>\n<p>\u0160to se ti\u010de Zakona o djelatnost komunalnih usluga poslani\u010dka grupa SPP-a \u0107e ga podr\u017eati ali bi, poru\u010duje bilo itekako va\u017eno da se primjedbe i sugestije uva\u017ee.<\/p>\n","protected":false},"excerpt":{"rendered":"<p>Poslanici Skup\u0161tine Srbije po\u010dinju raspravu o Zakonu o komunalnoj policijii. Ovim zakonom ta slu\u017eba promijenit \u0107e ime u komunalna milicija, a sve op\u0161tine imat \u0107e mogu\u0107nost da formiraju svoje komunalne jedinice. Komunalni milicajci dobit \u0107e \u0161ire ovlasti. Predsjednik SPP-a narodni poslanik dr. Muamer Zukorli\u0107 upozorava na mogu\u0107nost zloupotreba. Govore\u0107i o Zakonu o djelatnosti komunalnih usluga [&hellip;]<\/p>\n","protected":false},"author":509,"featured_media":225333,"comment_status":"open","ping_status":"open","sticky":false,"template":"","format":"standard","meta":{"footnotes":""},"categories":[72,1,8957],"tags":[],"class_list":{"0":"post-225332","1":"post","2":"type-post","3":"status-publish","4":"format-standard","5":"has-post-thumbnail","7":"category-novi-pazar","8":"category-politika","9":"category-vijesti-dana"},"yoast_head":"<!-- This site is optimized with the Yoast SEO Premium plugin v23.1 (Yoast SEO v24.9) - https:\/\/yoast.com\/wordpress\/plugins\/seo\/ -->\n<title>Dr. Zukorli\u0107 upozorava: Komunalna milicija bi mogla biti mehanizam u obra\u010dunima na lokalu<\/title>\n<meta name=\"robots\" content=\"index, follow, max-snippet:-1, max-image-preview:large, max-video-preview:-1\" \/>\n<link rel=\"canonical\" href=\"https:\/\/sandzakpress.net\/arhiva\/dr-zukorlic-upozorava-komunalna-milicija-bi-mogla-biti-mehanizam-u-obracunima-na-lokalu\/\" \/>\n<meta property=\"og:locale\" content=\"bs_BA\" \/>\n<meta property=\"og:type\" content=\"article\" \/>\n<meta property=\"og:title\" content=\"Dr. Zukorli\u0107 upozorava: Komunalna milicija bi mogla biti mehanizam u obra\u010dunima na lokalu\" \/>\n<meta property=\"og:description\" content=\"Poslanici Skup\u0161tine Srbije po\u010dinju raspravu o Zakonu o komunalnoj policijii. Ovim zakonom ta slu\u017eba promijenit \u0107e ime u komunalna milicija, a sve op\u0161tine imat \u0107e mogu\u0107nost da formiraju svoje komunalne jedinice. Komunalni milicajci dobit \u0107e \u0161ire ovlasti. Predsjednik SPP-a narodni poslanik dr. Muamer Zukorli\u0107 upozorava na mogu\u0107nost zloupotreba. Govore\u0107i o Zakonu o djelatnosti komunalnih usluga [&hellip;]\" \/>\n<meta property=\"og:url\" content=\"https:\/\/sandzakpress.net\/arhiva\/dr-zukorlic-upozorava-komunalna-milicija-bi-mogla-biti-mehanizam-u-obracunima-na-lokalu\/\" \/>\n<meta property=\"og:site_name\" content=\"Sand\u017eak PRESS\" \/>\n<meta property=\"article:published_time\" content=\"2019-06-27T13:34:35+00:00\" \/>\n<meta property=\"og:image\" content=\"https:\/\/sandzakpress.net\/arhiva\/wp-content\/uploads\/2019\/06\/Hvataj-12.jpg\" \/>\n\t<meta property=\"og:image:width\" content=\"1228\" \/>\n\t<meta property=\"og:image:height\" content=\"808\" \/>\n\t<meta property=\"og:image:type\" content=\"image\/jpeg\" \/>\n<meta name=\"author\" content=\"Agencija\" \/>\n<meta name=\"twitter:card\" content=\"summary_large_image\" \/>\n<meta name=\"twitter:label1\" content=\"Written by\" \/>\n\t<meta name=\"twitter:data1\" content=\"Agencija\" \/>\n\t<meta name=\"twitter:label2\" content=\"Est. reading time\" \/>\n\t<meta name=\"twitter:data2\" content=\"2 minute\" \/>\n<script type=\"application\/ld+json\" class=\"yoast-schema-graph\">{\"@context\":\"https:\/\/schema.org\",\"@graph\":[{\"@type\":\"Article\",\"@id\":\"https:\/\/sandzakpress.net\/arhiva\/dr-zukorlic-upozorava-komunalna-milicija-bi-mogla-biti-mehanizam-u-obracunima-na-lokalu\/#article\",\"isPartOf\":{\"@id\":\"https:\/\/sandzakpress.net\/arhiva\/dr-zukorlic-upozorava-komunalna-milicija-bi-mogla-biti-mehanizam-u-obracunima-na-lokalu\/\"},\"author\":{\"name\":\"Agencija\",\"@id\":\"https:\/\/sandzakpress.net\/arhiva\/#\/schema\/person\/cb59d7e3ab91ab90dd680ad0305a6185\"},\"headline\":\"Dr. Zukorli\u0107 upozorava: Komunalna milicija bi mogla biti mehanizam u obra\u010dunima na lokalu\",\"datePublished\":\"2019-06-27T13:34:35+00:00\",\"mainEntityOfPage\":{\"@id\":\"https:\/\/sandzakpress.net\/arhiva\/dr-zukorlic-upozorava-komunalna-milicija-bi-mogla-biti-mehanizam-u-obracunima-na-lokalu\/\"},\"wordCount\":435,\"commentCount\":0,\"publisher\":{\"@id\":\"https:\/\/sandzakpress.net\/arhiva\/#\/schema\/person\/6e72b67d6e51910a1117b3b483ba20bd\"},\"image\":{\"@id\":\"https:\/\/sandzakpress.net\/arhiva\/dr-zukorlic-upozorava-komunalna-milicija-bi-mogla-biti-mehanizam-u-obracunima-na-lokalu\/#primaryimage\"},\"thumbnailUrl\":\"https:\/\/sandzakpress.net\/arhiva\/wp-content\/uploads\/2019\/06\/Hvataj-12.jpg\",\"articleSection\":[\"Novi Pazar\",\"Politika\",\"VIJESTI DANA\"],\"inLanguage\":\"bs-BA\",\"potentialAction\":[{\"@type\":\"CommentAction\",\"name\":\"Comment\",\"target\":[\"https:\/\/sandzakpress.net\/arhiva\/dr-zukorlic-upozorava-komunalna-milicija-bi-mogla-biti-mehanizam-u-obracunima-na-lokalu\/#respond\"]}]},{\"@type\":\"WebPage\",\"@id\":\"https:\/\/sandzakpress.net\/arhiva\/dr-zukorlic-upozorava-komunalna-milicija-bi-mogla-biti-mehanizam-u-obracunima-na-lokalu\/\",\"url\":\"https:\/\/sandzakpress.net\/arhiva\/dr-zukorlic-upozorava-komunalna-milicija-bi-mogla-biti-mehanizam-u-obracunima-na-lokalu\/\",\"name\":\"Dr. Zukorli\u0107 upozorava: Komunalna milicija bi mogla biti mehanizam u obra\u010dunima na lokalu\",\"isPartOf\":{\"@id\":\"https:\/\/sandzakpress.net\/arhiva\/#website\"},\"primaryImageOfPage\":{\"@id\":\"https:\/\/sandzakpress.net\/arhiva\/dr-zukorlic-upozorava-komunalna-milicija-bi-mogla-biti-mehanizam-u-obracunima-na-lokalu\/#primaryimage\"},\"image\":{\"@id\":\"https:\/\/sandzakpress.net\/arhiva\/dr-zukorlic-upozorava-komunalna-milicija-bi-mogla-biti-mehanizam-u-obracunima-na-lokalu\/#primaryimage\"},\"thumbnailUrl\":\"https:\/\/sandzakpress.net\/arhiva\/wp-content\/uploads\/2019\/06\/Hvataj-12.jpg\",\"datePublished\":\"2019-06-27T13:34:35+00:00\",\"breadcrumb\":{\"@id\":\"https:\/\/sandzakpress.net\/arhiva\/dr-zukorlic-upozorava-komunalna-milicija-bi-mogla-biti-mehanizam-u-obracunima-na-lokalu\/#breadcrumb\"},\"inLanguage\":\"bs-BA\",\"potentialAction\":[{\"@type\":\"ReadAction\",\"target\":[\"https:\/\/sandzakpress.net\/arhiva\/dr-zukorlic-upozorava-komunalna-milicija-bi-mogla-biti-mehanizam-u-obracunima-na-lokalu\/\"]}]},{\"@type\":\"ImageObject\",\"inLanguage\":\"bs-BA\",\"@id\":\"https:\/\/sandzakpress.net\/arhiva\/dr-zukorlic-upozorava-komunalna-milicija-bi-mogla-biti-mehanizam-u-obracunima-na-lokalu\/#primaryimage\",\"url\":\"https:\/\/sandzakpress.net\/arhiva\/wp-content\/uploads\/2019\/06\/Hvataj-12.jpg\",\"contentUrl\":\"https:\/\/sandzakpress.net\/arhiva\/wp-content\/uploads\/2019\/06\/Hvataj-12.jpg\",\"width\":1228,\"height\":808},{\"@type\":\"BreadcrumbList\",\"@id\":\"https:\/\/sandzakpress.net\/arhiva\/dr-zukorlic-upozorava-komunalna-milicija-bi-mogla-biti-mehanizam-u-obracunima-na-lokalu\/#breadcrumb\",\"itemListElement\":[{\"@type\":\"ListItem\",\"position\":1,\"name\":\"Home\",\"item\":\"https:\/\/sandzakpress.net\/arhiva\/\"},{\"@type\":\"ListItem\",\"position\":2,\"name\":\"Dr. Zukorli\u0107 upozorava: Komunalna milicija bi mogla biti mehanizam u obra\u010dunima na lokalu\"}]},{\"@type\":\"WebSite\",\"@id\":\"https:\/\/sandzakpress.net\/arhiva\/#website\",\"url\":\"https:\/\/sandzakpress.net\/arhiva\/\",\"name\":\"Sand\u017eak PRESS\",\"description\":\"Prve elektronske novine u Sand\u017eaku\",\"publisher\":{\"@id\":\"https:\/\/sandzakpress.net\/arhiva\/#\/schema\/person\/6e72b67d6e51910a1117b3b483ba20bd\"},\"potentialAction\":[{\"@type\":\"SearchAction\",\"target\":{\"@type\":\"EntryPoint\",\"urlTemplate\":\"https:\/\/sandzakpress.net\/arhiva\/?s={search_term_string}\"},\"query-input\":{\"@type\":\"PropertyValueSpecification\",\"valueRequired\":true,\"valueName\":\"search_term_string\"}}],\"inLanguage\":\"bs-BA\"},{\"@type\":[\"Person\",\"Organization\"],\"@id\":\"https:\/\/sandzakpress.net\/arhiva\/#\/schema\/person\/6e72b67d6e51910a1117b3b483ba20bd\",\"name\":\"Kul\",\"image\":{\"@type\":\"ImageObject\",\"inLanguage\":\"bs-BA\",\"@id\":\"https:\/\/sandzakpress.net\/arhiva\/#\/schema\/person\/image\/\",\"url\":\"https:\/\/secure.gravatar.com\/avatar\/42263f39aa27ac04c43cab85c280eb2e?s=96&d=mm&r=pg\",\"contentUrl\":\"https:\/\/secure.gravatar.com\/avatar\/42263f39aa27ac04c43cab85c280eb2e?s=96&d=mm&r=pg\",\"caption\":\"Kul\"},\"logo\":{\"@id\":\"https:\/\/sandzakpress.net\/arhiva\/#\/schema\/person\/image\/\"}},{\"@type\":\"Person\",\"@id\":\"https:\/\/sandzakpress.net\/arhiva\/#\/schema\/person\/cb59d7e3ab91ab90dd680ad0305a6185\",\"name\":\"Agencija\",\"image\":{\"@type\":\"ImageObject\",\"inLanguage\":\"bs-BA\",\"@id\":\"https:\/\/sandzakpress.net\/arhiva\/#\/schema\/person\/image\/\",\"url\":\"https:\/\/secure.gravatar.com\/avatar\/4b7fafa80a22f0c2afe23966b3961fe0?s=96&d=mm&r=pg\",\"contentUrl\":\"https:\/\/secure.gravatar.com\/avatar\/4b7fafa80a22f0c2afe23966b3961fe0?s=96&d=mm&r=pg\",\"caption\":\"Agencija\"},\"url\":\"https:\/\/sandzakpress.net\/arhiva\/author\/agencija\/\"}]}<\/script>\n<!-- \/ Yoast SEO Premium plugin. -->","yoast_head_json":{"title":"Dr. Zukorli\u0107 upozorava: Komunalna milicija bi mogla biti mehanizam u obra\u010dunima na lokalu","robots":{"index":"index","follow":"follow","max-snippet":"max-snippet:-1","max-image-preview":"max-image-preview:large","max-video-preview":"max-video-preview:-1"},"canonical":"https:\/\/sandzakpress.net\/arhiva\/dr-zukorlic-upozorava-komunalna-milicija-bi-mogla-biti-mehanizam-u-obracunima-na-lokalu\/","og_locale":"bs_BA","og_type":"article","og_title":"Dr. Zukorli\u0107 upozorava: Komunalna milicija bi mogla biti mehanizam u obra\u010dunima na lokalu","og_description":"Poslanici Skup\u0161tine Srbije po\u010dinju raspravu o Zakonu o komunalnoj policijii. Ovim zakonom ta slu\u017eba promijenit \u0107e ime u komunalna milicija, a sve op\u0161tine imat \u0107e mogu\u0107nost da formiraju svoje komunalne jedinice. Komunalni milicajci dobit \u0107e \u0161ire ovlasti. Predsjednik SPP-a narodni poslanik dr. Muamer Zukorli\u0107 upozorava na mogu\u0107nost zloupotreba. Govore\u0107i o Zakonu o djelatnosti komunalnih usluga [&hellip;]","og_url":"https:\/\/sandzakpress.net\/arhiva\/dr-zukorlic-upozorava-komunalna-milicija-bi-mogla-biti-mehanizam-u-obracunima-na-lokalu\/","og_site_name":"Sand\u017eak PRESS","article_published_time":"2019-06-27T13:34:35+00:00","og_image":[{"width":1228,"height":808,"url":"https:\/\/sandzakpress.net\/arhiva\/wp-content\/uploads\/2019\/06\/Hvataj-12.jpg","type":"image\/jpeg"}],"author":"Agencija","twitter_card":"summary_large_image","twitter_misc":{"Written by":"Agencija","Est. reading time":"2 minute"},"schema":{"@context":"https:\/\/schema.org","@graph":[{"@type":"Article","@id":"https:\/\/sandzakpress.net\/arhiva\/dr-zukorlic-upozorava-komunalna-milicija-bi-mogla-biti-mehanizam-u-obracunima-na-lokalu\/#article","isPartOf":{"@id":"https:\/\/sandzakpress.net\/arhiva\/dr-zukorlic-upozorava-komunalna-milicija-bi-mogla-biti-mehanizam-u-obracunima-na-lokalu\/"},"author":{"name":"Agencija","@id":"https:\/\/sandzakpress.net\/arhiva\/#\/schema\/person\/cb59d7e3ab91ab90dd680ad0305a6185"},"headline":"Dr. Zukorli\u0107 upozorava: Komunalna milicija bi mogla biti mehanizam u obra\u010dunima na lokalu","datePublished":"2019-06-27T13:34:35+00:00","mainEntityOfPage":{"@id":"https:\/\/sandzakpress.net\/arhiva\/dr-zukorlic-upozorava-komunalna-milicija-bi-mogla-biti-mehanizam-u-obracunima-na-lokalu\/"},"wordCount":435,"commentCount":0,"publisher":{"@id":"https:\/\/sandzakpress.net\/arhiva\/#\/schema\/person\/6e72b67d6e51910a1117b3b483ba20bd"},"image":{"@id":"https:\/\/sandzakpress.net\/arhiva\/dr-zukorlic-upozorava-komunalna-milicija-bi-mogla-biti-mehanizam-u-obracunima-na-lokalu\/#primaryimage"},"thumbnailUrl":"https:\/\/sandzakpress.net\/arhiva\/wp-content\/uploads\/2019\/06\/Hvataj-12.jpg","articleSection":["Novi Pazar","Politika","VIJESTI DANA"],"inLanguage":"bs-BA","potentialAction":[{"@type":"CommentAction","name":"Comment","target":["https:\/\/sandzakpress.net\/arhiva\/dr-zukorlic-upozorava-komunalna-milicija-bi-mogla-biti-mehanizam-u-obracunima-na-lokalu\/#respond"]}]},{"@type":"WebPage","@id":"https:\/\/sandzakpress.net\/arhiva\/dr-zukorlic-upozorava-komunalna-milicija-bi-mogla-biti-mehanizam-u-obracunima-na-lokalu\/","url":"https:\/\/sandzakpress.net\/arhiva\/dr-zukorlic-upozorava-komunalna-milicija-bi-mogla-biti-mehanizam-u-obracunima-na-lokalu\/","name":"Dr. Zukorli\u0107 upozorava: Komunalna milicija bi mogla biti mehanizam u obra\u010dunima na lokalu","isPartOf":{"@id":"https:\/\/sandzakpress.net\/arhiva\/#website"},"primaryImageOfPage":{"@id":"https:\/\/sandzakpress.net\/arhiva\/dr-zukorlic-upozorava-komunalna-milicija-bi-mogla-biti-mehanizam-u-obracunima-na-lokalu\/#primaryimage"},"image":{"@id":"https:\/\/sandzakpress.net\/arhiva\/dr-zukorlic-upozorava-komunalna-milicija-bi-mogla-biti-mehanizam-u-obracunima-na-lokalu\/#primaryimage"},"thumbnailUrl":"https:\/\/sandzakpress.net\/arhiva\/wp-content\/uploads\/2019\/06\/Hvataj-12.jpg","datePublished":"2019-06-27T13:34:35+00:00","breadcrumb":{"@id":"https:\/\/sandzakpress.net\/arhiva\/dr-zukorlic-upozorava-komunalna-milicija-bi-mogla-biti-mehanizam-u-obracunima-na-lokalu\/#breadcrumb"},"inLanguage":"bs-BA","potentialAction":[{"@type":"ReadAction","target":["https:\/\/sandzakpress.net\/arhiva\/dr-zukorlic-upozorava-komunalna-milicija-bi-mogla-biti-mehanizam-u-obracunima-na-lokalu\/"]}]},{"@type":"ImageObject","inLanguage":"bs-BA","@id":"https:\/\/sandzakpress.net\/arhiva\/dr-zukorlic-upozorava-komunalna-milicija-bi-mogla-biti-mehanizam-u-obracunima-na-lokalu\/#primaryimage","url":"https:\/\/sandzakpress.net\/arhiva\/wp-content\/uploads\/2019\/06\/Hvataj-12.jpg","contentUrl":"https:\/\/sandzakpress.net\/arhiva\/wp-content\/uploads\/2019\/06\/Hvataj-12.jpg","width":1228,"height":808},{"@type":"BreadcrumbList","@id":"https:\/\/sandzakpress.net\/arhiva\/dr-zukorlic-upozorava-komunalna-milicija-bi-mogla-biti-mehanizam-u-obracunima-na-lokalu\/#breadcrumb","itemListElement":[{"@type":"ListItem","position":1,"name":"Home","item":"https:\/\/sandzakpress.net\/arhiva\/"},{"@type":"ListItem","position":2,"name":"Dr. Zukorli\u0107 upozorava: Komunalna milicija bi mogla biti mehanizam u obra\u010dunima na lokalu"}]},{"@type":"WebSite","@id":"https:\/\/sandzakpress.net\/arhiva\/#website","url":"https:\/\/sandzakpress.net\/arhiva\/","name":"Sand\u017eak PRESS","description":"Prve elektronske novine u Sand\u017eaku","publisher":{"@id":"https:\/\/sandzakpress.net\/arhiva\/#\/schema\/person\/6e72b67d6e51910a1117b3b483ba20bd"},"potentialAction":[{"@type":"SearchAction","target":{"@type":"EntryPoint","urlTemplate":"https:\/\/sandzakpress.net\/arhiva\/?s={search_term_string}"},"query-input":{"@type":"PropertyValueSpecification","valueRequired":true,"valueName":"search_term_string"}}],"inLanguage":"bs-BA"},{"@type":["Person","Organization"],"@id":"https:\/\/sandzakpress.net\/arhiva\/#\/schema\/person\/6e72b67d6e51910a1117b3b483ba20bd","name":"Kul","image":{"@type":"ImageObject","inLanguage":"bs-BA","@id":"https:\/\/sandzakpress.net\/arhiva\/#\/schema\/person\/image\/","url":"https:\/\/secure.gravatar.com\/avatar\/42263f39aa27ac04c43cab85c280eb2e?s=96&d=mm&r=pg","contentUrl":"https:\/\/secure.gravatar.com\/avatar\/42263f39aa27ac04c43cab85c280eb2e?s=96&d=mm&r=pg","caption":"Kul"},"logo":{"@id":"https:\/\/sandzakpress.net\/arhiva\/#\/schema\/person\/image\/"}},{"@type":"Person","@id":"https:\/\/sandzakpress.net\/arhiva\/#\/schema\/person\/cb59d7e3ab91ab90dd680ad0305a6185","name":"Agencija","image":{"@type":"ImageObject","inLanguage":"bs-BA","@id":"https:\/\/sandzakpress.net\/arhiva\/#\/schema\/person\/image\/","url":"https:\/\/secure.gravatar.com\/avatar\/4b7fafa80a22f0c2afe23966b3961fe0?s=96&d=mm&r=pg","contentUrl":"https:\/\/secure.gravatar.com\/avatar\/4b7fafa80a22f0c2afe23966b3961fe0?s=96&d=mm&r=pg","caption":"Agencija"},"url":"https:\/\/sandzakpress.net\/arhiva\/author\/agencija\/"}]}},"_links":{"self":[{"href":"https:\/\/sandzakpress.net\/arhiva\/wp-json\/wp\/v2\/posts\/225332"}],"collection":[{"href":"https:\/\/sandzakpress.net\/arhiva\/wp-json\/wp\/v2\/posts"}],"about":[{"href":"https:\/\/sandzakpress.net\/arhiva\/wp-json\/wp\/v2\/types\/post"}],"author":[{"embeddable":true,"href":"https:\/\/sandzakpress.net\/arhiva\/wp-json\/wp\/v2\/users\/509"}],"replies":[{"embeddable":true,"href":"https:\/\/sandzakpress.net\/arhiva\/wp-json\/wp\/v2\/comments?post=225332"}],"version-history":[{"count":0,"href":"https:\/\/sandzakpress.net\/arhiva\/wp-json\/wp\/v2\/posts\/225332\/revisions"}],"wp:featuredmedia":[{"embeddable":true,"href":"https:\/\/sandzakpress.net\/arhiva\/wp-json\/wp\/v2\/media\/225333"}],"wp:attachment":[{"href":"https:\/\/sandzakpress.net\/arhiva\/wp-json\/wp\/v2\/media?parent=225332"}],"wp:term":[{"taxonomy":"category","embeddable":true,"href":"https:\/\/sandzakpress.net\/arhiva\/wp-json\/wp\/v2\/categories?post=225332"},{"taxonomy":"post_tag","embeddable":true,"href":"https:\/\/sandzakpress.net\/arhiva\/wp-json\/wp\/v2\/tags?post=225332"}],"curies":[{"name":"wp","href":"https:\/\/api.w.org\/{rel}","templated":true}]}}