{"id":225319,"date":"2019-06-27T13:23:43","date_gmt":"2019-06-27T11:23:43","guid":{"rendered":"https:\/\/sandzakpress.net\/arhiva\/?p=225319"},"modified":"2019-06-27T13:23:43","modified_gmt":"2019-06-27T11:23:43","slug":"skoro-cetvrtina-mladih-u-srbiji-nezaposlena-i-neskolovana","status":"publish","type":"post","link":"https:\/\/sandzakpress.net\/arhiva\/skoro-cetvrtina-mladih-u-srbiji-nezaposlena-i-neskolovana\/","title":{"rendered":"Skoro \u010detvrtina mladih u Srbiji nezaposlena i ne\u0161kolovana"},"content":{"rendered":"<p><img decoding=\"async\" src=\"https:\/\/www.danas.rs\/wp-content\/uploads\/2019\/05\/girls-3481791_1920-1-678x382.jpg?x13759\" \/><\/p>\n<div class=\"post-intro-content content\">\n<p><strong>Gotovo svaki \u010detvrti gra\u0111anin Srbije uzrasta od 20 do 34 godine, odnosno njih 24,1 odsto, spada u grupu nezaposlnih i ne\u0161kolovanih gra\u0111ana, pokazali su podaci Eurostata za 2018. godinu.<\/strong><\/p>\n<\/div>\n<div class=\"post-meta-wrapper\">\n<div class=\"page-wrapper\">\n<div class=\"container\">\n<div class=\"columns\">\n<div class=\"column is-8\">\n<article id=\"post-935986\" class=\"class=\">\n<div class=\"post-content content\">\n<p>Prema ovom istra\u017eivanju, taj procenat na nivou cele Evropske unije iznosi oko 16,5 odsto, odnosno svaki \u0161esti gra\u0111anin ovog uzrasta.<\/p>\n<p>Situacija je, po ovom pitanju, najpovoljnija u \u0160vedskoj, gde nezaposlenih i ne\u0161kolovanih mladih ljudi ima svega osam odsto, potom u Holandiji (8,4 odsto), Luksemburgu (9,9 odsto) i Malti (10,1 odsto).<\/p>\n<p>S druge strane, Italija i Gr\u010dka su, u pore\u0111enju sa drugim \u010dlanicama Evropske unije, dr\u017eave sa najvi\u0161im procentom nezaposlenih i ne\u0161kolovanih mladih ljudi \u2013 28,9 i 26,8 odsto, \u0161to zna\u010di da vi\u0161e od \u010detvrtine mladih u ove dve dr\u017eave spada u ovu grupu.<\/p>\n<p>Razlika, tako\u0111e, postoji i me\u0111u polovima. Na nivou cele Evrope nezaposlenih i ne\u0161kolovanih \u017eena uzrasta od 20 do 34 godina ima 20,9 odsto, dok ovaj procenat za mu\u0161karce iznosi svega 12,2.<\/p>\n<p><img loading=\"lazy\" decoding=\"async\" class=\"wp-image-936017 size-full aligncenter\" src=\"https:\/\/www.danas.rs\/wp-content\/uploads\/2019\/06\/NEETS-20-34.png?x13759\" sizes=\"(max-width: 1204px) 100vw, 1204px\" srcset=\"https:\/\/www.danas.rs\/wp-content\/uploads\/2019\/06\/NEETS-20-34.png 1204w, https:\/\/www.danas.rs\/wp-content\/uploads\/2019\/06\/NEETS-20-34-300x181.png 300w, https:\/\/www.danas.rs\/wp-content\/uploads\/2019\/06\/NEETS-20-34-768x464.png 768w, https:\/\/www.danas.rs\/wp-content\/uploads\/2019\/06\/NEETS-20-34-1024x618.png 1024w, https:\/\/www.danas.rs\/wp-content\/uploads\/2019\/06\/NEETS-20-34-200x121.png 200w, https:\/\/www.danas.rs\/wp-content\/uploads\/2019\/06\/NEETS-20-34-678x409.png 678w, https:\/\/www.danas.rs\/wp-content\/uploads\/2019\/06\/NEETS-20-34-160x97.png 160w\" alt=\"\" width=\"1204\" height=\"727\" data-attachment-id=\"936017\" data-permalink=\"https:\/\/www.danas.rs\/drustvo\/skoro-cetvrina-mladih-u-srbiji-nezaposlena-i-neskolovana\/attachment\/neets-20-34\/\" data-orig-file=\"https:\/\/www.danas.rs\/wp-content\/uploads\/2019\/06\/NEETS-20-34.png\" data-orig-size=\"1204,727\" data-comments-opened=\"0\" data-image-meta=\"{&quot;aperture&quot;:&quot;0&quot;,&quot;credit&quot;:&quot;&quot;,&quot;camera&quot;:&quot;&quot;,&quot;caption&quot;:&quot;&quot;,&quot;created_timestamp&quot;:&quot;0&quot;,&quot;copyright&quot;:&quot;&quot;,&quot;focal_length&quot;:&quot;0&quot;,&quot;iso&quot;:&quot;0&quot;,&quot;shutter_speed&quot;:&quot;0&quot;,&quot;title&quot;:&quot;&quot;,&quot;orientation&quot;:&quot;0&quot;}\" data-image-title=\"NEETS 20-34\" data-image-description=\"\" data-medium-file=\"https:\/\/www.danas.rs\/wp-content\/uploads\/2019\/06\/NEETS-20-34-300x181.png\" data-large-file=\"https:\/\/www.danas.rs\/wp-content\/uploads\/2019\/06\/NEETS-20-34-1024x618.png\" \/><\/p>\n<\/div>\n<\/article>\n<\/div>\n<\/div>\n<\/div>\n<\/div>\n<\/div>\n","protected":false},"excerpt":{"rendered":"<p>Gotovo svaki \u010detvrti gra\u0111anin Srbije uzrasta od 20 do 34 godine, odnosno njih 24,1 odsto, spada u grupu nezaposlnih i ne\u0161kolovanih gra\u0111ana, pokazali su podaci Eurostata za 2018. godinu. Prema ovom istra\u017eivanju, taj procenat na nivou cele Evropske unije iznosi oko 16,5 odsto, odnosno svaki \u0161esti gra\u0111anin ovog uzrasta. Situacija je, po ovom pitanju, najpovoljnija [&hellip;]<\/p>\n","protected":false},"author":509,"featured_media":225320,"comment_status":"open","ping_status":"open","sticky":false,"template":"","format":"standard","meta":{"footnotes":""},"categories":[72,52,327,392,393,394,5],"tags":[],"class_list":{"0":"post-225319","1":"post","2":"type-post","3":"status-publish","4":"format-standard","5":"has-post-thumbnail","7":"category-novi-pazar","8":"category-sjenica","9":"category-tutin","10":"category-prijepolje_","11":"category-priboj","12":"category-nova-varos","13":"category-drustvo"},"yoast_head":"<!-- This site is optimized with the Yoast SEO Premium plugin v23.1 (Yoast SEO v24.9) - https:\/\/yoast.com\/wordpress\/plugins\/seo\/ -->\n<title>Skoro \u010detvrtina mladih u Srbiji nezaposlena i ne\u0161kolovana<\/title>\n<meta name=\"robots\" content=\"index, follow, max-snippet:-1, max-image-preview:large, max-video-preview:-1\" \/>\n<link rel=\"canonical\" href=\"https:\/\/sandzakpress.net\/arhiva\/skoro-cetvrtina-mladih-u-srbiji-nezaposlena-i-neskolovana\/\" \/>\n<meta property=\"og:locale\" content=\"bs_BA\" \/>\n<meta property=\"og:type\" content=\"article\" \/>\n<meta property=\"og:title\" content=\"Skoro \u010detvrtina mladih u Srbiji nezaposlena i ne\u0161kolovana\" \/>\n<meta property=\"og:description\" content=\"Gotovo svaki \u010detvrti gra\u0111anin Srbije uzrasta od 20 do 34 godine, odnosno njih 24,1 odsto, spada u grupu nezaposlnih i ne\u0161kolovanih gra\u0111ana, pokazali su podaci Eurostata za 2018. godinu. Prema ovom istra\u017eivanju, taj procenat na nivou cele Evropske unije iznosi oko 16,5 odsto, odnosno svaki \u0161esti gra\u0111anin ovog uzrasta. Situacija je, po ovom pitanju, najpovoljnija [&hellip;]\" \/>\n<meta property=\"og:url\" content=\"https:\/\/sandzakpress.net\/arhiva\/skoro-cetvrtina-mladih-u-srbiji-nezaposlena-i-neskolovana\/\" \/>\n<meta property=\"og:site_name\" content=\"Sand\u017eak PRESS\" \/>\n<meta property=\"article:published_time\" content=\"2019-06-27T11:23:43+00:00\" \/>\n<meta property=\"og:image\" content=\"https:\/\/sandzakpress.net\/arhiva\/wp-content\/uploads\/2019\/06\/girls-3481791_1920-1-678x382.jpg\" \/>\n\t<meta property=\"og:image:width\" content=\"678\" \/>\n\t<meta property=\"og:image:height\" content=\"382\" \/>\n\t<meta property=\"og:image:type\" content=\"image\/jpeg\" \/>\n<meta name=\"author\" content=\"Agencija\" \/>\n<meta name=\"twitter:card\" content=\"summary_large_image\" \/>\n<meta name=\"twitter:label1\" content=\"Written by\" \/>\n\t<meta name=\"twitter:data1\" content=\"Agencija\" \/>\n\t<meta name=\"twitter:label2\" content=\"Est. reading time\" \/>\n\t<meta name=\"twitter:data2\" content=\"1 minuta\" \/>\n<script type=\"application\/ld+json\" class=\"yoast-schema-graph\">{\"@context\":\"https:\/\/schema.org\",\"@graph\":[{\"@type\":\"Article\",\"@id\":\"https:\/\/sandzakpress.net\/arhiva\/skoro-cetvrtina-mladih-u-srbiji-nezaposlena-i-neskolovana\/#article\",\"isPartOf\":{\"@id\":\"https:\/\/sandzakpress.net\/arhiva\/skoro-cetvrtina-mladih-u-srbiji-nezaposlena-i-neskolovana\/\"},\"author\":{\"name\":\"Agencija\",\"@id\":\"https:\/\/sandzakpress.net\/arhiva\/#\/schema\/person\/cb59d7e3ab91ab90dd680ad0305a6185\"},\"headline\":\"Skoro \u010detvrtina mladih u Srbiji nezaposlena i ne\u0161kolovana\",\"datePublished\":\"2019-06-27T11:23:43+00:00\",\"mainEntityOfPage\":{\"@id\":\"https:\/\/sandzakpress.net\/arhiva\/skoro-cetvrtina-mladih-u-srbiji-nezaposlena-i-neskolovana\/\"},\"wordCount\":165,\"commentCount\":0,\"publisher\":{\"@id\":\"https:\/\/sandzakpress.net\/arhiva\/#\/schema\/person\/6e72b67d6e51910a1117b3b483ba20bd\"},\"image\":{\"@id\":\"https:\/\/sandzakpress.net\/arhiva\/skoro-cetvrtina-mladih-u-srbiji-nezaposlena-i-neskolovana\/#primaryimage\"},\"thumbnailUrl\":\"https:\/\/sandzakpress.net\/arhiva\/wp-content\/uploads\/2019\/06\/girls-3481791_1920-1-678x382.jpg\",\"articleSection\":[\"Novi Pazar\",\"Sjenica\",\"Tutin\",\"Prijepolje\",\"Priboj\",\"Nova Varo\u0161\",\"Dru\u0161tvo\"],\"inLanguage\":\"bs-BA\",\"potentialAction\":[{\"@type\":\"CommentAction\",\"name\":\"Comment\",\"target\":[\"https:\/\/sandzakpress.net\/arhiva\/skoro-cetvrtina-mladih-u-srbiji-nezaposlena-i-neskolovana\/#respond\"]}]},{\"@type\":\"WebPage\",\"@id\":\"https:\/\/sandzakpress.net\/arhiva\/skoro-cetvrtina-mladih-u-srbiji-nezaposlena-i-neskolovana\/\",\"url\":\"https:\/\/sandzakpress.net\/arhiva\/skoro-cetvrtina-mladih-u-srbiji-nezaposlena-i-neskolovana\/\",\"name\":\"Skoro \u010detvrtina mladih u Srbiji nezaposlena i ne\u0161kolovana\",\"isPartOf\":{\"@id\":\"https:\/\/sandzakpress.net\/arhiva\/#website\"},\"primaryImageOfPage\":{\"@id\":\"https:\/\/sandzakpress.net\/arhiva\/skoro-cetvrtina-mladih-u-srbiji-nezaposlena-i-neskolovana\/#primaryimage\"},\"image\":{\"@id\":\"https:\/\/sandzakpress.net\/arhiva\/skoro-cetvrtina-mladih-u-srbiji-nezaposlena-i-neskolovana\/#primaryimage\"},\"thumbnailUrl\":\"https:\/\/sandzakpress.net\/arhiva\/wp-content\/uploads\/2019\/06\/girls-3481791_1920-1-678x382.jpg\",\"datePublished\":\"2019-06-27T11:23:43+00:00\",\"breadcrumb\":{\"@id\":\"https:\/\/sandzakpress.net\/arhiva\/skoro-cetvrtina-mladih-u-srbiji-nezaposlena-i-neskolovana\/#breadcrumb\"},\"inLanguage\":\"bs-BA\",\"potentialAction\":[{\"@type\":\"ReadAction\",\"target\":[\"https:\/\/sandzakpress.net\/arhiva\/skoro-cetvrtina-mladih-u-srbiji-nezaposlena-i-neskolovana\/\"]}]},{\"@type\":\"ImageObject\",\"inLanguage\":\"bs-BA\",\"@id\":\"https:\/\/sandzakpress.net\/arhiva\/skoro-cetvrtina-mladih-u-srbiji-nezaposlena-i-neskolovana\/#primaryimage\",\"url\":\"https:\/\/sandzakpress.net\/arhiva\/wp-content\/uploads\/2019\/06\/girls-3481791_1920-1-678x382.jpg\",\"contentUrl\":\"https:\/\/sandzakpress.net\/arhiva\/wp-content\/uploads\/2019\/06\/girls-3481791_1920-1-678x382.jpg\",\"width\":678,\"height\":382},{\"@type\":\"BreadcrumbList\",\"@id\":\"https:\/\/sandzakpress.net\/arhiva\/skoro-cetvrtina-mladih-u-srbiji-nezaposlena-i-neskolovana\/#breadcrumb\",\"itemListElement\":[{\"@type\":\"ListItem\",\"position\":1,\"name\":\"Home\",\"item\":\"https:\/\/sandzakpress.net\/arhiva\/\"},{\"@type\":\"ListItem\",\"position\":2,\"name\":\"Skoro \u010detvrtina mladih u Srbiji nezaposlena i ne\u0161kolovana\"}]},{\"@type\":\"WebSite\",\"@id\":\"https:\/\/sandzakpress.net\/arhiva\/#website\",\"url\":\"https:\/\/sandzakpress.net\/arhiva\/\",\"name\":\"Sand\u017eak PRESS\",\"description\":\"Prve elektronske novine u Sand\u017eaku\",\"publisher\":{\"@id\":\"https:\/\/sandzakpress.net\/arhiva\/#\/schema\/person\/6e72b67d6e51910a1117b3b483ba20bd\"},\"potentialAction\":[{\"@type\":\"SearchAction\",\"target\":{\"@type\":\"EntryPoint\",\"urlTemplate\":\"https:\/\/sandzakpress.net\/arhiva\/?s={search_term_string}\"},\"query-input\":{\"@type\":\"PropertyValueSpecification\",\"valueRequired\":true,\"valueName\":\"search_term_string\"}}],\"inLanguage\":\"bs-BA\"},{\"@type\":[\"Person\",\"Organization\"],\"@id\":\"https:\/\/sandzakpress.net\/arhiva\/#\/schema\/person\/6e72b67d6e51910a1117b3b483ba20bd\",\"name\":\"Kul\",\"image\":{\"@type\":\"ImageObject\",\"inLanguage\":\"bs-BA\",\"@id\":\"https:\/\/sandzakpress.net\/arhiva\/#\/schema\/person\/image\/\",\"url\":\"https:\/\/secure.gravatar.com\/avatar\/42263f39aa27ac04c43cab85c280eb2e?s=96&d=mm&r=pg\",\"contentUrl\":\"https:\/\/secure.gravatar.com\/avatar\/42263f39aa27ac04c43cab85c280eb2e?s=96&d=mm&r=pg\",\"caption\":\"Kul\"},\"logo\":{\"@id\":\"https:\/\/sandzakpress.net\/arhiva\/#\/schema\/person\/image\/\"}},{\"@type\":\"Person\",\"@id\":\"https:\/\/sandzakpress.net\/arhiva\/#\/schema\/person\/cb59d7e3ab91ab90dd680ad0305a6185\",\"name\":\"Agencija\",\"image\":{\"@type\":\"ImageObject\",\"inLanguage\":\"bs-BA\",\"@id\":\"https:\/\/sandzakpress.net\/arhiva\/#\/schema\/person\/image\/\",\"url\":\"https:\/\/secure.gravatar.com\/avatar\/4b7fafa80a22f0c2afe23966b3961fe0?s=96&d=mm&r=pg\",\"contentUrl\":\"https:\/\/secure.gravatar.com\/avatar\/4b7fafa80a22f0c2afe23966b3961fe0?s=96&d=mm&r=pg\",\"caption\":\"Agencija\"},\"url\":\"https:\/\/sandzakpress.net\/arhiva\/author\/agencija\/\"}]}<\/script>\n<!-- \/ Yoast SEO Premium plugin. -->","yoast_head_json":{"title":"Skoro \u010detvrtina mladih u Srbiji nezaposlena i ne\u0161kolovana","robots":{"index":"index","follow":"follow","max-snippet":"max-snippet:-1","max-image-preview":"max-image-preview:large","max-video-preview":"max-video-preview:-1"},"canonical":"https:\/\/sandzakpress.net\/arhiva\/skoro-cetvrtina-mladih-u-srbiji-nezaposlena-i-neskolovana\/","og_locale":"bs_BA","og_type":"article","og_title":"Skoro \u010detvrtina mladih u Srbiji nezaposlena i ne\u0161kolovana","og_description":"Gotovo svaki \u010detvrti gra\u0111anin Srbije uzrasta od 20 do 34 godine, odnosno njih 24,1 odsto, spada u grupu nezaposlnih i ne\u0161kolovanih gra\u0111ana, pokazali su podaci Eurostata za 2018. godinu. Prema ovom istra\u017eivanju, taj procenat na nivou cele Evropske unije iznosi oko 16,5 odsto, odnosno svaki \u0161esti gra\u0111anin ovog uzrasta. Situacija je, po ovom pitanju, najpovoljnija [&hellip;]","og_url":"https:\/\/sandzakpress.net\/arhiva\/skoro-cetvrtina-mladih-u-srbiji-nezaposlena-i-neskolovana\/","og_site_name":"Sand\u017eak PRESS","article_published_time":"2019-06-27T11:23:43+00:00","og_image":[{"width":678,"height":382,"url":"https:\/\/sandzakpress.net\/arhiva\/wp-content\/uploads\/2019\/06\/girls-3481791_1920-1-678x382.jpg","type":"image\/jpeg"}],"author":"Agencija","twitter_card":"summary_large_image","twitter_misc":{"Written by":"Agencija","Est. reading time":"1 minuta"},"schema":{"@context":"https:\/\/schema.org","@graph":[{"@type":"Article","@id":"https:\/\/sandzakpress.net\/arhiva\/skoro-cetvrtina-mladih-u-srbiji-nezaposlena-i-neskolovana\/#article","isPartOf":{"@id":"https:\/\/sandzakpress.net\/arhiva\/skoro-cetvrtina-mladih-u-srbiji-nezaposlena-i-neskolovana\/"},"author":{"name":"Agencija","@id":"https:\/\/sandzakpress.net\/arhiva\/#\/schema\/person\/cb59d7e3ab91ab90dd680ad0305a6185"},"headline":"Skoro \u010detvrtina mladih u Srbiji nezaposlena i ne\u0161kolovana","datePublished":"2019-06-27T11:23:43+00:00","mainEntityOfPage":{"@id":"https:\/\/sandzakpress.net\/arhiva\/skoro-cetvrtina-mladih-u-srbiji-nezaposlena-i-neskolovana\/"},"wordCount":165,"commentCount":0,"publisher":{"@id":"https:\/\/sandzakpress.net\/arhiva\/#\/schema\/person\/6e72b67d6e51910a1117b3b483ba20bd"},"image":{"@id":"https:\/\/sandzakpress.net\/arhiva\/skoro-cetvrtina-mladih-u-srbiji-nezaposlena-i-neskolovana\/#primaryimage"},"thumbnailUrl":"https:\/\/sandzakpress.net\/arhiva\/wp-content\/uploads\/2019\/06\/girls-3481791_1920-1-678x382.jpg","articleSection":["Novi Pazar","Sjenica","Tutin","Prijepolje","Priboj","Nova Varo\u0161","Dru\u0161tvo"],"inLanguage":"bs-BA","potentialAction":[{"@type":"CommentAction","name":"Comment","target":["https:\/\/sandzakpress.net\/arhiva\/skoro-cetvrtina-mladih-u-srbiji-nezaposlena-i-neskolovana\/#respond"]}]},{"@type":"WebPage","@id":"https:\/\/sandzakpress.net\/arhiva\/skoro-cetvrtina-mladih-u-srbiji-nezaposlena-i-neskolovana\/","url":"https:\/\/sandzakpress.net\/arhiva\/skoro-cetvrtina-mladih-u-srbiji-nezaposlena-i-neskolovana\/","name":"Skoro \u010detvrtina mladih u Srbiji nezaposlena i ne\u0161kolovana","isPartOf":{"@id":"https:\/\/sandzakpress.net\/arhiva\/#website"},"primaryImageOfPage":{"@id":"https:\/\/sandzakpress.net\/arhiva\/skoro-cetvrtina-mladih-u-srbiji-nezaposlena-i-neskolovana\/#primaryimage"},"image":{"@id":"https:\/\/sandzakpress.net\/arhiva\/skoro-cetvrtina-mladih-u-srbiji-nezaposlena-i-neskolovana\/#primaryimage"},"thumbnailUrl":"https:\/\/sandzakpress.net\/arhiva\/wp-content\/uploads\/2019\/06\/girls-3481791_1920-1-678x382.jpg","datePublished":"2019-06-27T11:23:43+00:00","breadcrumb":{"@id":"https:\/\/sandzakpress.net\/arhiva\/skoro-cetvrtina-mladih-u-srbiji-nezaposlena-i-neskolovana\/#breadcrumb"},"inLanguage":"bs-BA","potentialAction":[{"@type":"ReadAction","target":["https:\/\/sandzakpress.net\/arhiva\/skoro-cetvrtina-mladih-u-srbiji-nezaposlena-i-neskolovana\/"]}]},{"@type":"ImageObject","inLanguage":"bs-BA","@id":"https:\/\/sandzakpress.net\/arhiva\/skoro-cetvrtina-mladih-u-srbiji-nezaposlena-i-neskolovana\/#primaryimage","url":"https:\/\/sandzakpress.net\/arhiva\/wp-content\/uploads\/2019\/06\/girls-3481791_1920-1-678x382.jpg","contentUrl":"https:\/\/sandzakpress.net\/arhiva\/wp-content\/uploads\/2019\/06\/girls-3481791_1920-1-678x382.jpg","width":678,"height":382},{"@type":"BreadcrumbList","@id":"https:\/\/sandzakpress.net\/arhiva\/skoro-cetvrtina-mladih-u-srbiji-nezaposlena-i-neskolovana\/#breadcrumb","itemListElement":[{"@type":"ListItem","position":1,"name":"Home","item":"https:\/\/sandzakpress.net\/arhiva\/"},{"@type":"ListItem","position":2,"name":"Skoro \u010detvrtina mladih u Srbiji nezaposlena i ne\u0161kolovana"}]},{"@type":"WebSite","@id":"https:\/\/sandzakpress.net\/arhiva\/#website","url":"https:\/\/sandzakpress.net\/arhiva\/","name":"Sand\u017eak PRESS","description":"Prve elektronske novine u Sand\u017eaku","publisher":{"@id":"https:\/\/sandzakpress.net\/arhiva\/#\/schema\/person\/6e72b67d6e51910a1117b3b483ba20bd"},"potentialAction":[{"@type":"SearchAction","target":{"@type":"EntryPoint","urlTemplate":"https:\/\/sandzakpress.net\/arhiva\/?s={search_term_string}"},"query-input":{"@type":"PropertyValueSpecification","valueRequired":true,"valueName":"search_term_string"}}],"inLanguage":"bs-BA"},{"@type":["Person","Organization"],"@id":"https:\/\/sandzakpress.net\/arhiva\/#\/schema\/person\/6e72b67d6e51910a1117b3b483ba20bd","name":"Kul","image":{"@type":"ImageObject","inLanguage":"bs-BA","@id":"https:\/\/sandzakpress.net\/arhiva\/#\/schema\/person\/image\/","url":"https:\/\/secure.gravatar.com\/avatar\/42263f39aa27ac04c43cab85c280eb2e?s=96&d=mm&r=pg","contentUrl":"https:\/\/secure.gravatar.com\/avatar\/42263f39aa27ac04c43cab85c280eb2e?s=96&d=mm&r=pg","caption":"Kul"},"logo":{"@id":"https:\/\/sandzakpress.net\/arhiva\/#\/schema\/person\/image\/"}},{"@type":"Person","@id":"https:\/\/sandzakpress.net\/arhiva\/#\/schema\/person\/cb59d7e3ab91ab90dd680ad0305a6185","name":"Agencija","image":{"@type":"ImageObject","inLanguage":"bs-BA","@id":"https:\/\/sandzakpress.net\/arhiva\/#\/schema\/person\/image\/","url":"https:\/\/secure.gravatar.com\/avatar\/4b7fafa80a22f0c2afe23966b3961fe0?s=96&d=mm&r=pg","contentUrl":"https:\/\/secure.gravatar.com\/avatar\/4b7fafa80a22f0c2afe23966b3961fe0?s=96&d=mm&r=pg","caption":"Agencija"},"url":"https:\/\/sandzakpress.net\/arhiva\/author\/agencija\/"}]}},"_links":{"self":[{"href":"https:\/\/sandzakpress.net\/arhiva\/wp-json\/wp\/v2\/posts\/225319"}],"collection":[{"href":"https:\/\/sandzakpress.net\/arhiva\/wp-json\/wp\/v2\/posts"}],"about":[{"href":"https:\/\/sandzakpress.net\/arhiva\/wp-json\/wp\/v2\/types\/post"}],"author":[{"embeddable":true,"href":"https:\/\/sandzakpress.net\/arhiva\/wp-json\/wp\/v2\/users\/509"}],"replies":[{"embeddable":true,"href":"https:\/\/sandzakpress.net\/arhiva\/wp-json\/wp\/v2\/comments?post=225319"}],"version-history":[{"count":0,"href":"https:\/\/sandzakpress.net\/arhiva\/wp-json\/wp\/v2\/posts\/225319\/revisions"}],"wp:featuredmedia":[{"embeddable":true,"href":"https:\/\/sandzakpress.net\/arhiva\/wp-json\/wp\/v2\/media\/225320"}],"wp:attachment":[{"href":"https:\/\/sandzakpress.net\/arhiva\/wp-json\/wp\/v2\/media?parent=225319"}],"wp:term":[{"taxonomy":"category","embeddable":true,"href":"https:\/\/sandzakpress.net\/arhiva\/wp-json\/wp\/v2\/categories?post=225319"},{"taxonomy":"post_tag","embeddable":true,"href":"https:\/\/sandzakpress.net\/arhiva\/wp-json\/wp\/v2\/tags?post=225319"}],"curies":[{"name":"wp","href":"https:\/\/api.w.org\/{rel}","templated":true}]}}