{"id":225232,"date":"2019-06-26T12:34:47","date_gmt":"2019-06-26T10:34:47","guid":{"rendered":"https:\/\/sandzakpress.net\/arhiva\/religiozni-politicar-koga-je-sekularna-opozicija-dovela-na-celo-istanbula"},"modified":"2019-06-26T12:34:47","modified_gmt":"2019-06-26T10:34:47","slug":"religiozni-politicar-koga-je-sekularna-opozicija-dovela-na-celo-istanbula","status":"publish","type":"post","link":"https:\/\/sandzakpress.net\/arhiva\/religiozni-politicar-koga-je-sekularna-opozicija-dovela-na-celo-istanbula\/","title":{"rendered":"Religiozni politi\u010dar koga je sekularna opozicija dovela na \u010delo Istanbula"},"content":{"rendered":"<p><span class=\"cb-itemprop\"><\/p>\n<p><img decoding=\"async\" src=\"http:\/\/balkans.aljazeera.net\/sites\/default\/files\/styles\/d8\/public\/ekrem_epa.jpg?itok=1VW_0005\" \/><\/p>\n<header class=\"group-header group-article-header article-header-full clearfix\">\n<div class=\"field field-name-field-standfirst field-type-text-long field-label-hidden\">\n<div class=\"field-items\">\n<div class=\"field-item even\"><strong>Ekrem Imamoglu nije uobi\u010dajeni kandidat Republikanske narodne stranke jer prakticira vjeru, za razliku od ve\u0107ine sada\u0161njih i biv\u0161ih \u010delnika stranke.<\/strong><\/div>\n<\/div>\n<\/div>\n<\/header>\n<p><strong><em>Jeste li razmi\u0161ljali o tome da promijenite prezime? Za\u0161to u Va\u0161oj predizbornoj kampanji mo\u017eemo vidjeti pokrivene djevojke?<\/em><\/strong><\/p>\n<p>Bilo je to li\u010dno i mo\u017eda pomalo neo\u010dekivano pitanje upu\u0107eno Ekremu Imamogluu dok je sjedio za jednostavnim uredskim stolom na kojem su bili samo laptop i \u0161oljica \u010daja. Odgovarao je na pitanja kojima su ga zasipali na dru\u0161tvenim mre\u017eama nekoliko sedmica prije odr\u017eavanja lokalnih izbora u Turskoj 31. marta, a koji su nedavno ponovljeni. Imamoglu se kandidirao kao \u010dlan Republikanske narodne stranke (CHP), koju je osnovao utemeljitelj Republike Turske Mustafa Kemal Ataturk, stranke koja je donedavno bila poznata po radikalnom sekularizmu.<\/p>\n<p>Imamoglu nije uobi\u010dajeni kandidat za pristalice CHP-a, s obzirom na to da prakticira\u00a0islam, poput obavljanja molitve i posta, za razliku od ve\u0107ine sada\u0161njih i biv\u0161ih vo\u0111a te stranke. Njegova konzervativna pozadina dala mu je prostor da komunicira i s\u00a0velikim dijelom konzervativnih Turaka. To je istovremeno budilo interes\u00a0i radoznalost tradicionalnog glasa\u010dkog tijela CHP-a, koje nije naviklo birati ljude koji se do te mjere razlikuju od njih u politi\u010dkom i dru\u0161tvenom smislu.<\/p>\n<p>Pitanja su se dotakla prezimena Imamoglu i toga \u017eeli li ga kandidat CHP-a slu\u010dajno promijeniti u neko drugo, koje ne\u0107e toliko ukazivati na njegovu konzervativnu pozadinu. Postavljana su pitanja i o neuobi\u010dajenom prisustvu konzervativnih li\u010dnosti na njegovim predizbornim skupovima, pogotovo pokrivenih \u017eena. Za razliku od toga, raniji kandidati te stranke oslanjali su se samo na sekularne glasa\u010dke baze u svojim upori\u0161tima u Istanbulu, poput op\u0107ina Be\u0161ikta\u0161 i Kadikoy. Nije bilo ba\u0161 uobi\u010dajeno vidjeti pokrivene \u017eene na fotografijama njihovih predizbornih aktivnosti.<\/p>\n<h4>Utemeljitelj Republike prije svih<\/h4>\n<p>&#8220;Odan sam svom prezimenu, a na na\u0161im fotografijama pojavljivat\u00a0\u0107e se svi oni koji \u010dine na\u0161e dru\u0161tvo.&#8221; Tim jasnim i konciznim rije\u010dima Imamoglu je odgovorio na prvo pitanje, koje ukazuje na postojanje starih opsesija koje su dugo formirale obzorja polarizacije izme\u0111u konzervativnih i sekularnih grupa. Me\u0111utim, polarizacija lokalnog karaktera postepeno je nestajala, dok je njeno mjesto zauzimala politi\u010dka polarizacija, koja se ve\u017ee za li\u010dnost predsjednika Recepa Tayyipa Erdogana i njegovu politiku. To je nedavno dovelo do toga da pojedini prekora\u010de tu \u010dvrstu granicu izme\u0111u religioznosti i prosvije\u0107enosti, zaljubljenika u Ataturka i njegovih mrzitelja i druga uobi\u010dajena rivalstva\u00a0koja se ne gase u turskoj politici, posebno s ekonomskim razvojem u posljednja\u00a0dva\u00a0desetlje\u0107a,\u00a0u kojem su mnoge konzervativne snage imale klju\u010dnu ulogu. Zbog toga se u redovima novih generacija smanjuju ekonomske i dru\u0161tvene razlike koje su napravile taj jaz izme\u0111u dvije grupe u pro\u0161losti.<\/p>\n<p>Imamoglu je sjedio i komunicirao sa svojim mladim bira\u010dima posredstvom interneta, govore\u0107i o svojim postignu\u0107ima kao biv\u0161i gradona\u010delnik op\u0107ine Beylikduzu u Istanbulu, gdje je s porodicom \u017eivio 30\u00a0godina. Iza njegovih le\u0111a mogla se vidjeti njegova biblioteka s desecima\u00a0knjiga. Jedna od njih bila je postavljena nasuprot kameri\u00a0kako bi gledaoci mogli lako pro\u010ditati njen naslov \u2013<em>\u00a0Ataturk<\/em>\u00a0\u2013\u00a0i izdaleka prepoznati njegovu fotografiju, koja je zauzimala cijelu naslovnicu.<\/p>\n<p>Utemeljitelj Republike ovog\u00a0puta bio je suptilni gost predizborne kampanje CHP-a. Umjesto ogromnih plakata, koji su dominirali prethodnim izbornim doga\u0111anjima, stranka je, \u010dini se, barem na trenutak odlu\u010dila ozbiljno stremiti ka budu\u0107nosti i zaboraviti pro\u0161lost tokom predizborne kampanje, \u010dije je geslo glasilo: &#8220;Krajem marta dolazi prolje\u0107e&#8221;. To je simboliziralo \u017eeljene promjene nakon izbora krajem marta, dok su novi slogan skandirale hiljade glasova u korist mladog predstavnika opozicije, kome\u00a0su prije nekoliko dana predali du\u017enost gradona\u010delnika, nakon \u010detvrt stolje\u0107a dominacije konzervativaca. Poziciju gradona\u010delnika Imamoglu je preuzeo prije dva dana, nakon vi\u0161e od dvije sedmice kontinuiranih osporavanja vladaju\u0107e Stranke pravde i razvoja (AKP) i zahtjeva da se ponovi brojanje glasova i smanji razlika izme\u0111u Imamoglua i njihovog kandidata\u00a0Binalija Yildirima. Me\u0111utim, taj rezultat nije se promijenio.<\/p>\n<h4>Od Trabzona do Beylikduzua<\/h4>\n<p>Imamoglu je ro\u0111en 1970. u jednom selu u pokrajini Trabzon, koja izlazi na Crno more. Otac mu je radio kao poljoprivrednik, a bavio se i sto\u010darstvom i nabavkom gra\u0111evinskog materijala. Kad\u00a0se njegov posao u gra\u0111evinskoj industriji dovoljno razvio, donosi odluku da se s porodicom preseli u Istanbul 1987. Po\u010detkom devedesetih porodica se nastanila u op\u0107ini Beylikduzu, na krajnjem zapadu Istanbula. Ekrem, koji je tada imao 17\u00a0godina, upravo je zavr\u0161avao srednju \u0161kolu, nakon koje se upisao na Univerzitet\u00a0u Istanbulu. Studirao je poslovnu administraciju na engleskom jeziku, a zatim odbranio magistarski rad iz upravljanja ljudskim resursima i pridru\u017eio se o\u010devoj firmi osnovanoj 1992.<\/p>\n<p>Ekrem pripada porodici koja se ve\u017ee za politiku\u00a0iako to nije bilo njihovo glavno usmjerenje, za razliku od Ekrema, koji je krenuo tim pravcem prije deset godina. Ekremov otac bio je \u010dlan desni\u010darske Stranke nacionalisti\u010dkog pokreta tokom nasilnog perioda 1970-ih, koje su svjedo\u010dile krvavim sukobima po ulicama izme\u0111u desnice i ljevice, sve dok vojska nije donijela odluku da izvede najnasilniji vojni prevrat 1980. Potom se Ekremov otac, koji je bio desni\u010darski orijentiran, prebacio u Domovinsku stranku (ANAP),\u00a0pod vodstvom Turguta Ozala, koji je imao podr\u0161ku vojske u to vrijeme. Bio je jedan od osniva\u010da ogranka stranke u pokrajini Trabzon i predsjednik strana\u010dkog centra u jednoj od op\u0107ina pokrajine.<\/p>\n<p>Djed Mevlut Imamoglu najvi\u0161e je utjecao\u00a0na emocije i ideje novog gradona\u010delnika Istanbula. Taj \u010dovjek jedan je od hiljada onih koji su se borili s Ataturkom tokom 1920-ih u odbrani Istanbula, kre\u0107u\u0107i se Anadolijom, od njenog krajnjeg istoka do zapada. Napustio je svoje selo u Trabzonu i oti\u0161ao\u00a0u\u00a0Ankaru, gdje preuzima du\u017enost &#8220;tobd\u017eije&#8221;, odnosno slu\u017ei u turskim artiljerijskim jedinicama, a zatim odlazi u Izmir tokom osloba\u0111anja grada od gr\u010dke okupacije. Na kraju sti\u017ee u Istanbul, gdje je u\u010destvovao u ratu protiv engleskih okupatora. To su pri\u010de koje je Ekrem stalno slu\u0161ao od djeda tokom odrastanja, sve do njegove smrti. Mevlut je preminuo kad\u00a0je Ekremu bilo sedam godina, ali je uspio prenijeti svom unuku osje\u0107aj po\u0161tivanja li\u010dnosti Ataturka.<\/p>\n<h4>U upravnom odboru\u00a0Trabzonspora<\/h4>\n<p>Prate\u0107i djedov put, Imamoglu je pre\u0161ao distancu izme\u0111u Trabzona i Istanbula, premda se nije suo\u010davao s istim problemima. Zapravo se rije\u010d o njegovom politi\u010dkom putovanju od desnice prema ljevici. Tokom godina provedenih na studiju dobio je priliku da se upozna s\u00a0brojnim ljevi\u010darskim idejama, zbog kojih se udaljio od pristupa svog\u00a0oca\u00a0uprkos njegovom kratkom iskustvu u svojstvu \u010dlana ANAP-a.<\/p>\n<p>Me\u0111utim, taj pravac jo\u0161 ga nije naveo da tra\u017ei svoju politi\u010dku budu\u0107nost. Nastavio je raditi menad\u017eerski posao na \u010delu o\u010deve kompanije, a zatim se kroz posao postepeno pribli\u017eavao javnoj sferi, uklju\u010duju\u0107i se u upravne odbore omiljenih sportskih klubova. Godine 2002. postaje \u010dlan upravnog odbora Trabzonspora, najpopularnijeg sportskog kluba u njegovom rodnom mjestu, prije nego \u0161to je pre\u0161ao u upravni odbor kluba Beylikduzu.<\/p>\n<p>Imamoglu je na svom sajtu objavio cijeli \u010dlanak o svom djedu i njegovom dugom putu. Poseban dio posvetio je govoru o nedostacima posljednjeg razdoblja Osmanskog Carstva, posmatraju\u0107i ga kroz pomalo ljevi\u010darski objektiv\u00a0te osu\u0111uju\u0107i feudalni sistem koji je dominirao i op\u0107e neznanje i nepismenost koji su\u00a0zavladali Anadolijom u to vrijeme, kao i &#8220;naru\u0161enu ravnote\u017eu&#8221;\u00a0u raspodjeli bogatstva i vlasti pod vladavinom sultana. Uporedio je to s &#8220;novim sistemom koji je uspostavio Ataturk, u kojem su svi bili jednaki i u kojem je pa\u017enja bila posve\u0107ena obrazovanju&#8221;. Me\u0111utim, to ne zna\u010di da je utemeljitelj Republike zna\u010dio nu\u017eno svima ono \u0161to je zna\u010dio i Imamogluu. Konzervativci, koji ga mrze, i sekularisti, koji ga gledaju iz perspektive nacionalnih desni\u010dara, na istoj su\u00a0udaljenosti od objektiva demokratske ljevice kroz koji ga vidi Imamoglu.<\/p>\n<h4>Od desnice do ljevice<\/h4>\n<p>Jo\u0161 od povratka CHP-a na politi\u010dku scenu s\u00a0Denizom Baykalom, po\u010detkom 1990-ih, nakon \u0161to je bila rasformirana kao posljedica vojnog udara 1980. i nestala s\u00a0politi\u010dke scene cijelu deceniju, politi\u010dke strukture stranke bile su ispunjene razli\u010ditim kategorijama turske elite, koje su osje\u0107ale zabrinutost zbog brzog progresa islamista u devedesetima. Elite su se, na neki na\u010din, socijalno povezale: oni su pobornici sekularisti\u010dkog i zapadnja\u010dkog na\u010dina \u017eivota, zabrinuti zbog ponovnog \u0161irenja islamskog utjecaja\u00a0te elita u ekonomskom smislu, koje su se pribojavale da \u0107e socijalisti\u010dka dimenzija diskursa turskih islamista biti jednaka onoj u Iranu kod njihovih kolega za vrijeme Islamske revolucije. Tako\u0111er su strahovali od toga ho\u0107e li njihov uspjeh biti najava naru\u0161avanja balansa ekonomskih snaga i uni\u0161tavanja istaknutih imu\u0107nih porodica u Turskoj.<\/p>\n<p>Priroda tih strahova promijenila se nakon uspona AKP-a,\u00a0koji\u00a0je ostavio\u00a0svoje islamske korijene po strani te pro\u0161irio krug svojih podr\u017eavalaca\u00a0u narodu, a zatim postepeno postao\u00a0nasljednik konzervativnih stranaka koje su daleko od politi\u010dkog islama, kao \u0161to je ANAP. Samim tim, ekonomski pogledi AKP-a postali su naklonjeniji umjerenoj desnici, a oko nje\u00a0se okupljaju vlasnici kapitala u Anadoliji, uglavnom konzervativnog usmjerenja. Uslijed takvog preokreta smanjili su se strahovi od &#8220;islamizacije&#8221;\u00a0Turske, a Baykalovo upravljanje CHP-om postepeno po\u010dinje gubiti smisao. Parola &#8220;Odbrana vrijednosti Republike&#8221;, postavljena na na\u010din da su te vrijednosti suprotne retrogradnom vjerskom pristupu, postala je zaboravljen slu\u010daj. U to vrijeme pojavljuje se\u00a0pokret\u00a0bli\u017ei\u00a0ljevi\u010darima, koji nastoji vratiti CHP-u ono \u0161to je imala pod rukovodstvom Bulenta Ecevita 1970-ih, \u0161to je Turskoj dalo najvi\u0161e lijevo orijentirano politi\u010dko iskustvo do danas.<\/p>\n<p>Dok su glasovi demokratske ljevice unutar stranke postajali sve glasniji, Imamoglu se odlu\u010duje pridru\u017eiti CHP-u 2008. Izrazio je\u00a0\u017eelju da se pojavi kao kandidat te stranke na izborima za gradona\u010delnika novoformirane op\u0107ine Beylikduzu na lokalnim izborima za sljede\u0107u godinu. Me\u0111utim, stranka je odbila njegovu kandidaturu u to vrijeme\u00a0da bi nakon toga izgubila na izborima za gradona\u010delnika od AKP-a\u00a0s\u00a0razlikom od 1.000\u00a0glasova. Iste te godine Imamoglu je preuzeo du\u017enost \u0161efa ogranka stranke u Beylikduzuu, a godinu kasnije Baykal podnosi ostavku. Mnogi su se nadali da \u0107e ta ostavka ozna\u010diti kraj elitisti\u010dkog narativa, koji je dominirao u stranci, te po\u010detak redefiniranja stranke kao stranke &#8220;lijevog centra&#8221;\u00a0pod rukovodstvom Kemala Kilicdaroglua, ali se ve\u0107ina tih nada nije ispunila.<\/p>\n<h4>Kucao na vrata domova gra\u0111ana<\/h4>\n<p>Imamoglua su oduvijek privla\u010dila ta socijaldemokratska \u010ditanja Ataturkovog iskustva, u kojima je marginalizirana nacionalna i rasna komponenta, za razliku od onoga \u0161to su nacionalisti \u010dinili, i istican je koncept njegove savremene dr\u017eave\u00a0kao osnove za novi koncept dr\u017eave progresa (u socijalnom smislu) i dr\u017eave blagostanja (u ekonomskom smislu), koja naginje ljevici, vi\u0161e prihvata dijalog s Kurdima i pluralizam kad je rije\u010d\u00a0o sekularnim i konzervativnim dru\u0161tvenim pozadinama podjednako\u00a0i protivi se uplitanju vojske u politiku.<\/p>\n<p>S tim idejama Imamoglu se kandidirao za gradona\u010delnika op\u0107ine Beylikduzu 2014. Ostvario je uspjeh u predizbornoj kampanji, tokom koje je kucao na vrata domova gra\u0111ana i zajedno s\u00a0njima sjedio za iftarskim trpezama tokom ramazana. Nakon toga je tu op\u0107inu vodio pet godina, fokusiraju\u0107i se na mjesta okupljanja mladih, poput sportskih i kulturnih centara. Osim toga, posve\u0107ivao je pa\u017enju i komunalnim uslugama, kao \u0161to su \u010di\u0161\u0107enje ulica, pro\u0161irivanje zelenih povr\u0161ina i briga o obali na Mramornom moru.<\/p>\n<p>Zbog napora koje je ulagao u javnom interesu\u00a0stekao je popularnost me\u0111u gra\u0111anima, o \u010demu svjedo\u010de i komentari jednog stanovnika, koji je rekao da Imamoglu &#8220;nije bio jedan od tradicionalnih \u010dlanova CHP-a,\u00a0koji su obi\u010dno postavljali Ataturkove kipove ovdje ili ondje;\u00a0on je u stanju komunicirati sa svima. Mnogi oko mene, koji obi\u010dno daju glas AKP-u, ovog puta (2019) dat \u0107e glas CHP-u zbog op\u0107ine Beylikduzu.&#8221;<\/p>\n<p><em>Izvor: Al Jazeera<\/em><\/p>\n<p><\/span><br \/>\nPogledajte vijest na izvornom sajtu:<\/p>\n<p><a href=\"https:\/\/islampress.net\/45858\/religiozni-politicar-koga-je-sekularna-opozicija-dovela-na-celo-istanbula\/\" target=\"_blank\">Religiozni politi\u010dar koga je sekularna opozicija dovela na \u010delo Istanbula<\/a><\/p>\n","protected":false},"excerpt":{"rendered":"<p>Ekrem Imamoglu nije uobi\u010dajeni kandidat Republikanske narodne stranke jer prakticira vjeru, za razliku od ve\u0107ine sada\u0161njih i biv\u0161ih \u010delnika stranke. Jeste li razmi\u0161ljali o tome da promijenite prezime? Za\u0161to u Va\u0161oj predizbornoj kampanji mo\u017eemo vidjeti pokrivene djevojke? Bilo je to li\u010dno i mo\u017eda pomalo neo\u010dekivano pitanje upu\u0107eno Ekremu Imamogluu dok je sjedio za jednostavnim uredskim [&hellip;]<\/p>\n","protected":false},"author":83,"featured_media":0,"comment_status":"open","ping_status":"open","sticky":false,"template":"","format":"standard","meta":{"footnotes":""},"categories":[9],"tags":[10499],"class_list":{"0":"post-225232","1":"post","2":"type-post","3":"status-publish","4":"format-standard","6":"category-svijet","7":"tag-a"},"yoast_head":"<!-- This site is optimized with the Yoast SEO Premium plugin v23.1 (Yoast SEO v24.9) - https:\/\/yoast.com\/wordpress\/plugins\/seo\/ -->\n<title>Religiozni politi\u010dar koga je sekularna opozicija dovela na \u010delo Istanbula<\/title>\n<meta name=\"robots\" content=\"index, follow, max-snippet:-1, max-image-preview:large, max-video-preview:-1\" \/>\n<link rel=\"canonical\" href=\"https:\/\/sandzakpress.net\/arhiva\/religiozni-politicar-koga-je-sekularna-opozicija-dovela-na-celo-istanbula\/\" \/>\n<meta property=\"og:locale\" content=\"bs_BA\" \/>\n<meta property=\"og:type\" content=\"article\" \/>\n<meta property=\"og:title\" content=\"Religiozni politi\u010dar koga je sekularna opozicija dovela na \u010delo Istanbula\" \/>\n<meta property=\"og:description\" content=\"Ekrem Imamoglu nije uobi\u010dajeni kandidat Republikanske narodne stranke jer prakticira vjeru, za razliku od ve\u0107ine sada\u0161njih i biv\u0161ih \u010delnika stranke. Jeste li razmi\u0161ljali o tome da promijenite prezime? Za\u0161to u Va\u0161oj predizbornoj kampanji mo\u017eemo vidjeti pokrivene djevojke? Bilo je to li\u010dno i mo\u017eda pomalo neo\u010dekivano pitanje upu\u0107eno Ekremu Imamogluu dok je sjedio za jednostavnim uredskim [&hellip;]\" \/>\n<meta property=\"og:url\" content=\"https:\/\/sandzakpress.net\/arhiva\/religiozni-politicar-koga-je-sekularna-opozicija-dovela-na-celo-istanbula\/\" \/>\n<meta property=\"og:site_name\" content=\"Sand\u017eak PRESS\" \/>\n<meta property=\"article:published_time\" content=\"2019-06-26T10:34:47+00:00\" \/>\n<meta property=\"og:image\" content=\"http:\/\/balkans.aljazeera.net\/sites\/default\/files\/styles\/d8\/public\/ekrem_epa.jpg?itok=1VW_0005\" \/>\n<meta name=\"author\" content=\"bosniak\" \/>\n<meta name=\"twitter:card\" content=\"summary_large_image\" \/>\n<meta name=\"twitter:label1\" content=\"Written by\" \/>\n\t<meta name=\"twitter:data1\" content=\"bosniak\" \/>\n\t<meta name=\"twitter:label2\" content=\"Est. reading time\" \/>\n\t<meta name=\"twitter:data2\" content=\"10 minuta\" \/>\n<script type=\"application\/ld+json\" class=\"yoast-schema-graph\">{\"@context\":\"https:\/\/schema.org\",\"@graph\":[{\"@type\":\"Article\",\"@id\":\"https:\/\/sandzakpress.net\/arhiva\/religiozni-politicar-koga-je-sekularna-opozicija-dovela-na-celo-istanbula\/#article\",\"isPartOf\":{\"@id\":\"https:\/\/sandzakpress.net\/arhiva\/religiozni-politicar-koga-je-sekularna-opozicija-dovela-na-celo-istanbula\/\"},\"author\":{\"name\":\"bosniak\",\"@id\":\"https:\/\/sandzakpress.net\/arhiva\/#\/schema\/person\/c8baee722073534b583ea7bdb2e36c02\"},\"headline\":\"Religiozni politi\u010dar koga je sekularna opozicija dovela na \u010delo Istanbula\",\"datePublished\":\"2019-06-26T10:34:47+00:00\",\"mainEntityOfPage\":{\"@id\":\"https:\/\/sandzakpress.net\/arhiva\/religiozni-politicar-koga-je-sekularna-opozicija-dovela-na-celo-istanbula\/\"},\"wordCount\":2013,\"commentCount\":0,\"publisher\":{\"@id\":\"https:\/\/sandzakpress.net\/arhiva\/#\/schema\/person\/6e72b67d6e51910a1117b3b483ba20bd\"},\"image\":{\"@id\":\"https:\/\/sandzakpress.net\/arhiva\/religiozni-politicar-koga-je-sekularna-opozicija-dovela-na-celo-istanbula\/#primaryimage\"},\"thumbnailUrl\":\"http:\/\/balkans.aljazeera.net\/sites\/default\/files\/styles\/d8\/public\/ekrem_epa.jpg?itok=1VW_0005\",\"keywords\":[\"A\"],\"articleSection\":[\"Svijet\"],\"inLanguage\":\"bs-BA\",\"potentialAction\":[{\"@type\":\"CommentAction\",\"name\":\"Comment\",\"target\":[\"https:\/\/sandzakpress.net\/arhiva\/religiozni-politicar-koga-je-sekularna-opozicija-dovela-na-celo-istanbula\/#respond\"]}]},{\"@type\":\"WebPage\",\"@id\":\"https:\/\/sandzakpress.net\/arhiva\/religiozni-politicar-koga-je-sekularna-opozicija-dovela-na-celo-istanbula\/\",\"url\":\"https:\/\/sandzakpress.net\/arhiva\/religiozni-politicar-koga-je-sekularna-opozicija-dovela-na-celo-istanbula\/\",\"name\":\"Religiozni politi\u010dar koga je sekularna opozicija dovela na \u010delo Istanbula\",\"isPartOf\":{\"@id\":\"https:\/\/sandzakpress.net\/arhiva\/#website\"},\"primaryImageOfPage\":{\"@id\":\"https:\/\/sandzakpress.net\/arhiva\/religiozni-politicar-koga-je-sekularna-opozicija-dovela-na-celo-istanbula\/#primaryimage\"},\"image\":{\"@id\":\"https:\/\/sandzakpress.net\/arhiva\/religiozni-politicar-koga-je-sekularna-opozicija-dovela-na-celo-istanbula\/#primaryimage\"},\"thumbnailUrl\":\"http:\/\/balkans.aljazeera.net\/sites\/default\/files\/styles\/d8\/public\/ekrem_epa.jpg?itok=1VW_0005\",\"datePublished\":\"2019-06-26T10:34:47+00:00\",\"breadcrumb\":{\"@id\":\"https:\/\/sandzakpress.net\/arhiva\/religiozni-politicar-koga-je-sekularna-opozicija-dovela-na-celo-istanbula\/#breadcrumb\"},\"inLanguage\":\"bs-BA\",\"potentialAction\":[{\"@type\":\"ReadAction\",\"target\":[\"https:\/\/sandzakpress.net\/arhiva\/religiozni-politicar-koga-je-sekularna-opozicija-dovela-na-celo-istanbula\/\"]}]},{\"@type\":\"ImageObject\",\"inLanguage\":\"bs-BA\",\"@id\":\"https:\/\/sandzakpress.net\/arhiva\/religiozni-politicar-koga-je-sekularna-opozicija-dovela-na-celo-istanbula\/#primaryimage\",\"url\":\"http:\/\/balkans.aljazeera.net\/sites\/default\/files\/styles\/d8\/public\/ekrem_epa.jpg?itok=1VW_0005\",\"contentUrl\":\"http:\/\/balkans.aljazeera.net\/sites\/default\/files\/styles\/d8\/public\/ekrem_epa.jpg?itok=1VW_0005\"},{\"@type\":\"BreadcrumbList\",\"@id\":\"https:\/\/sandzakpress.net\/arhiva\/religiozni-politicar-koga-je-sekularna-opozicija-dovela-na-celo-istanbula\/#breadcrumb\",\"itemListElement\":[{\"@type\":\"ListItem\",\"position\":1,\"name\":\"Home\",\"item\":\"https:\/\/sandzakpress.net\/arhiva\/\"},{\"@type\":\"ListItem\",\"position\":2,\"name\":\"Religiozni politi\u010dar koga je sekularna opozicija dovela na \u010delo Istanbula\"}]},{\"@type\":\"WebSite\",\"@id\":\"https:\/\/sandzakpress.net\/arhiva\/#website\",\"url\":\"https:\/\/sandzakpress.net\/arhiva\/\",\"name\":\"Sand\u017eak PRESS\",\"description\":\"Prve elektronske novine u Sand\u017eaku\",\"publisher\":{\"@id\":\"https:\/\/sandzakpress.net\/arhiva\/#\/schema\/person\/6e72b67d6e51910a1117b3b483ba20bd\"},\"potentialAction\":[{\"@type\":\"SearchAction\",\"target\":{\"@type\":\"EntryPoint\",\"urlTemplate\":\"https:\/\/sandzakpress.net\/arhiva\/?s={search_term_string}\"},\"query-input\":{\"@type\":\"PropertyValueSpecification\",\"valueRequired\":true,\"valueName\":\"search_term_string\"}}],\"inLanguage\":\"bs-BA\"},{\"@type\":[\"Person\",\"Organization\"],\"@id\":\"https:\/\/sandzakpress.net\/arhiva\/#\/schema\/person\/6e72b67d6e51910a1117b3b483ba20bd\",\"name\":\"Kul\",\"image\":{\"@type\":\"ImageObject\",\"inLanguage\":\"bs-BA\",\"@id\":\"https:\/\/sandzakpress.net\/arhiva\/#\/schema\/person\/image\/\",\"url\":\"https:\/\/secure.gravatar.com\/avatar\/42263f39aa27ac04c43cab85c280eb2e?s=96&d=mm&r=pg\",\"contentUrl\":\"https:\/\/secure.gravatar.com\/avatar\/42263f39aa27ac04c43cab85c280eb2e?s=96&d=mm&r=pg\",\"caption\":\"Kul\"},\"logo\":{\"@id\":\"https:\/\/sandzakpress.net\/arhiva\/#\/schema\/person\/image\/\"}},{\"@type\":\"Person\",\"@id\":\"https:\/\/sandzakpress.net\/arhiva\/#\/schema\/person\/c8baee722073534b583ea7bdb2e36c02\",\"name\":\"bosniak\",\"image\":{\"@type\":\"ImageObject\",\"inLanguage\":\"bs-BA\",\"@id\":\"https:\/\/sandzakpress.net\/arhiva\/#\/schema\/person\/image\/\",\"url\":\"https:\/\/secure.gravatar.com\/avatar\/a04fd330bfe3a36a72a0ad4a6d89fca7?s=96&d=mm&r=pg\",\"contentUrl\":\"https:\/\/secure.gravatar.com\/avatar\/a04fd330bfe3a36a72a0ad4a6d89fca7?s=96&d=mm&r=pg\",\"caption\":\"bosniak\"},\"url\":\"https:\/\/sandzakpress.net\/arhiva\/author\/bosniak\/\"}]}<\/script>\n<!-- \/ Yoast SEO Premium plugin. -->","yoast_head_json":{"title":"Religiozni politi\u010dar koga je sekularna opozicija dovela na \u010delo Istanbula","robots":{"index":"index","follow":"follow","max-snippet":"max-snippet:-1","max-image-preview":"max-image-preview:large","max-video-preview":"max-video-preview:-1"},"canonical":"https:\/\/sandzakpress.net\/arhiva\/religiozni-politicar-koga-je-sekularna-opozicija-dovela-na-celo-istanbula\/","og_locale":"bs_BA","og_type":"article","og_title":"Religiozni politi\u010dar koga je sekularna opozicija dovela na \u010delo Istanbula","og_description":"Ekrem Imamoglu nije uobi\u010dajeni kandidat Republikanske narodne stranke jer prakticira vjeru, za razliku od ve\u0107ine sada\u0161njih i biv\u0161ih \u010delnika stranke. Jeste li razmi\u0161ljali o tome da promijenite prezime? Za\u0161to u Va\u0161oj predizbornoj kampanji mo\u017eemo vidjeti pokrivene djevojke? Bilo je to li\u010dno i mo\u017eda pomalo neo\u010dekivano pitanje upu\u0107eno Ekremu Imamogluu dok je sjedio za jednostavnim uredskim [&hellip;]","og_url":"https:\/\/sandzakpress.net\/arhiva\/religiozni-politicar-koga-je-sekularna-opozicija-dovela-na-celo-istanbula\/","og_site_name":"Sand\u017eak PRESS","article_published_time":"2019-06-26T10:34:47+00:00","og_image":[{"url":"http:\/\/balkans.aljazeera.net\/sites\/default\/files\/styles\/d8\/public\/ekrem_epa.jpg?itok=1VW_0005","type":"","width":"","height":""}],"author":"bosniak","twitter_card":"summary_large_image","twitter_misc":{"Written by":"bosniak","Est. reading time":"10 minuta"},"schema":{"@context":"https:\/\/schema.org","@graph":[{"@type":"Article","@id":"https:\/\/sandzakpress.net\/arhiva\/religiozni-politicar-koga-je-sekularna-opozicija-dovela-na-celo-istanbula\/#article","isPartOf":{"@id":"https:\/\/sandzakpress.net\/arhiva\/religiozni-politicar-koga-je-sekularna-opozicija-dovela-na-celo-istanbula\/"},"author":{"name":"bosniak","@id":"https:\/\/sandzakpress.net\/arhiva\/#\/schema\/person\/c8baee722073534b583ea7bdb2e36c02"},"headline":"Religiozni politi\u010dar koga je sekularna opozicija dovela na \u010delo Istanbula","datePublished":"2019-06-26T10:34:47+00:00","mainEntityOfPage":{"@id":"https:\/\/sandzakpress.net\/arhiva\/religiozni-politicar-koga-je-sekularna-opozicija-dovela-na-celo-istanbula\/"},"wordCount":2013,"commentCount":0,"publisher":{"@id":"https:\/\/sandzakpress.net\/arhiva\/#\/schema\/person\/6e72b67d6e51910a1117b3b483ba20bd"},"image":{"@id":"https:\/\/sandzakpress.net\/arhiva\/religiozni-politicar-koga-je-sekularna-opozicija-dovela-na-celo-istanbula\/#primaryimage"},"thumbnailUrl":"http:\/\/balkans.aljazeera.net\/sites\/default\/files\/styles\/d8\/public\/ekrem_epa.jpg?itok=1VW_0005","keywords":["A"],"articleSection":["Svijet"],"inLanguage":"bs-BA","potentialAction":[{"@type":"CommentAction","name":"Comment","target":["https:\/\/sandzakpress.net\/arhiva\/religiozni-politicar-koga-je-sekularna-opozicija-dovela-na-celo-istanbula\/#respond"]}]},{"@type":"WebPage","@id":"https:\/\/sandzakpress.net\/arhiva\/religiozni-politicar-koga-je-sekularna-opozicija-dovela-na-celo-istanbula\/","url":"https:\/\/sandzakpress.net\/arhiva\/religiozni-politicar-koga-je-sekularna-opozicija-dovela-na-celo-istanbula\/","name":"Religiozni politi\u010dar koga je sekularna opozicija dovela na \u010delo Istanbula","isPartOf":{"@id":"https:\/\/sandzakpress.net\/arhiva\/#website"},"primaryImageOfPage":{"@id":"https:\/\/sandzakpress.net\/arhiva\/religiozni-politicar-koga-je-sekularna-opozicija-dovela-na-celo-istanbula\/#primaryimage"},"image":{"@id":"https:\/\/sandzakpress.net\/arhiva\/religiozni-politicar-koga-je-sekularna-opozicija-dovela-na-celo-istanbula\/#primaryimage"},"thumbnailUrl":"http:\/\/balkans.aljazeera.net\/sites\/default\/files\/styles\/d8\/public\/ekrem_epa.jpg?itok=1VW_0005","datePublished":"2019-06-26T10:34:47+00:00","breadcrumb":{"@id":"https:\/\/sandzakpress.net\/arhiva\/religiozni-politicar-koga-je-sekularna-opozicija-dovela-na-celo-istanbula\/#breadcrumb"},"inLanguage":"bs-BA","potentialAction":[{"@type":"ReadAction","target":["https:\/\/sandzakpress.net\/arhiva\/religiozni-politicar-koga-je-sekularna-opozicija-dovela-na-celo-istanbula\/"]}]},{"@type":"ImageObject","inLanguage":"bs-BA","@id":"https:\/\/sandzakpress.net\/arhiva\/religiozni-politicar-koga-je-sekularna-opozicija-dovela-na-celo-istanbula\/#primaryimage","url":"http:\/\/balkans.aljazeera.net\/sites\/default\/files\/styles\/d8\/public\/ekrem_epa.jpg?itok=1VW_0005","contentUrl":"http:\/\/balkans.aljazeera.net\/sites\/default\/files\/styles\/d8\/public\/ekrem_epa.jpg?itok=1VW_0005"},{"@type":"BreadcrumbList","@id":"https:\/\/sandzakpress.net\/arhiva\/religiozni-politicar-koga-je-sekularna-opozicija-dovela-na-celo-istanbula\/#breadcrumb","itemListElement":[{"@type":"ListItem","position":1,"name":"Home","item":"https:\/\/sandzakpress.net\/arhiva\/"},{"@type":"ListItem","position":2,"name":"Religiozni politi\u010dar koga je sekularna opozicija dovela na \u010delo Istanbula"}]},{"@type":"WebSite","@id":"https:\/\/sandzakpress.net\/arhiva\/#website","url":"https:\/\/sandzakpress.net\/arhiva\/","name":"Sand\u017eak PRESS","description":"Prve elektronske novine u Sand\u017eaku","publisher":{"@id":"https:\/\/sandzakpress.net\/arhiva\/#\/schema\/person\/6e72b67d6e51910a1117b3b483ba20bd"},"potentialAction":[{"@type":"SearchAction","target":{"@type":"EntryPoint","urlTemplate":"https:\/\/sandzakpress.net\/arhiva\/?s={search_term_string}"},"query-input":{"@type":"PropertyValueSpecification","valueRequired":true,"valueName":"search_term_string"}}],"inLanguage":"bs-BA"},{"@type":["Person","Organization"],"@id":"https:\/\/sandzakpress.net\/arhiva\/#\/schema\/person\/6e72b67d6e51910a1117b3b483ba20bd","name":"Kul","image":{"@type":"ImageObject","inLanguage":"bs-BA","@id":"https:\/\/sandzakpress.net\/arhiva\/#\/schema\/person\/image\/","url":"https:\/\/secure.gravatar.com\/avatar\/42263f39aa27ac04c43cab85c280eb2e?s=96&d=mm&r=pg","contentUrl":"https:\/\/secure.gravatar.com\/avatar\/42263f39aa27ac04c43cab85c280eb2e?s=96&d=mm&r=pg","caption":"Kul"},"logo":{"@id":"https:\/\/sandzakpress.net\/arhiva\/#\/schema\/person\/image\/"}},{"@type":"Person","@id":"https:\/\/sandzakpress.net\/arhiva\/#\/schema\/person\/c8baee722073534b583ea7bdb2e36c02","name":"bosniak","image":{"@type":"ImageObject","inLanguage":"bs-BA","@id":"https:\/\/sandzakpress.net\/arhiva\/#\/schema\/person\/image\/","url":"https:\/\/secure.gravatar.com\/avatar\/a04fd330bfe3a36a72a0ad4a6d89fca7?s=96&d=mm&r=pg","contentUrl":"https:\/\/secure.gravatar.com\/avatar\/a04fd330bfe3a36a72a0ad4a6d89fca7?s=96&d=mm&r=pg","caption":"bosniak"},"url":"https:\/\/sandzakpress.net\/arhiva\/author\/bosniak\/"}]}},"_links":{"self":[{"href":"https:\/\/sandzakpress.net\/arhiva\/wp-json\/wp\/v2\/posts\/225232"}],"collection":[{"href":"https:\/\/sandzakpress.net\/arhiva\/wp-json\/wp\/v2\/posts"}],"about":[{"href":"https:\/\/sandzakpress.net\/arhiva\/wp-json\/wp\/v2\/types\/post"}],"author":[{"embeddable":true,"href":"https:\/\/sandzakpress.net\/arhiva\/wp-json\/wp\/v2\/users\/83"}],"replies":[{"embeddable":true,"href":"https:\/\/sandzakpress.net\/arhiva\/wp-json\/wp\/v2\/comments?post=225232"}],"version-history":[{"count":0,"href":"https:\/\/sandzakpress.net\/arhiva\/wp-json\/wp\/v2\/posts\/225232\/revisions"}],"wp:attachment":[{"href":"https:\/\/sandzakpress.net\/arhiva\/wp-json\/wp\/v2\/media?parent=225232"}],"wp:term":[{"taxonomy":"category","embeddable":true,"href":"https:\/\/sandzakpress.net\/arhiva\/wp-json\/wp\/v2\/categories?post=225232"},{"taxonomy":"post_tag","embeddable":true,"href":"https:\/\/sandzakpress.net\/arhiva\/wp-json\/wp\/v2\/tags?post=225232"}],"curies":[{"name":"wp","href":"https:\/\/api.w.org\/{rel}","templated":true}]}}