{"id":225203,"date":"2019-06-24T22:00:42","date_gmt":"2019-06-24T20:00:42","guid":{"rendered":"https:\/\/sandzakpress.net\/arhiva\/?p=225203"},"modified":"2019-07-03T23:00:32","modified_gmt":"2019-07-03T21:00:32","slug":"asocijacija-prosvjetara-sandzaka-vladajuca-garnitura-bnv-se-pretvorila-u-zacarani-krug","status":"publish","type":"post","link":"https:\/\/sandzakpress.net\/arhiva\/asocijacija-prosvjetara-sandzaka-vladajuca-garnitura-bnv-se-pretvorila-u-zacarani-krug\/","title":{"rendered":"Asocijacija prosvjetara Sand\u017eaka &#8211; Vladaju\u0107a garnitura BNV se pretvorila u za\u010darani krug"},"content":{"rendered":"<p><img loading=\"lazy\" decoding=\"async\" class=\"alignnone size-full wp-image-225204\" src=\"https:\/\/sandzakpress.net\/arhiva\/wp-content\/uploads\/2019\/06\/b8360145-cbf5-4c07-b514-2d68fe51c00f.jpg\" alt=\"\" width=\"622\" height=\"546\" srcset=\"https:\/\/sandzakpress.net\/arhiva\/wp-content\/uploads\/2019\/06\/b8360145-cbf5-4c07-b514-2d68fe51c00f.jpg 622w, https:\/\/sandzakpress.net\/arhiva\/wp-content\/uploads\/2019\/06\/b8360145-cbf5-4c07-b514-2d68fe51c00f-616x541.jpg 616w\" sizes=\"(max-width: 622px) 100vw, 622px\" \/><\/p>\n<p><strong>Povodom posljednjih doga\u0111aja u Bo\u0161nja\u010dkom nacionalnom vije\u0107u, logi\u010dan slijed bi trebalo da bude ostavka vladaju\u0107e garniture koja je BNV pretvorila u za\u010darani krug a trebalo je da BNV bude krovna organizacija svih Bo\u0161njaka.<\/strong><\/p>\n<p>Na dru\u0161tvenim mre\u017eama vidimo da oni predstavljaju velike rezultate i uspjehe Vije\u0107a. Ako su uspjesi to \u0161to oni organizuju posjete svojim koalicionim partnerima i jedni drugima poklanjaju knjige onda su oni uspje\u0161ni. Ako je uspjeh to \u0161to se kampanja za bosanski jezik vodi kada se upis djece zavr\u0161i onda su oni uspje\u0161ni. Ako je uspjeh da nastava na bosanskom zaostaje u vidu priprema i digitalne nastave onda su oni uspje\u0161ni.<\/p>\n<p>BNV je zatvorene za organizacije civilnog dru\u0161tva koja se bave prosvjetom i obrazovanjem, Asocijacija prosvjetara Sand\u017eaka je vi\u0161e puta slala poziv za saradnju Bo\u0161nja\u010dkom Vije\u0107u ali tu ustanovu su ovi ljudi uzurpirali. Mi smo radili najve\u0107e projekte neformalnog obrazovanja na ovim prostorima gdje smo izme\u0111u ostalog stavili akcenat na bosanski jezik, kulturno naslije\u0111e Bo\u0161njaka, sand\u017ea\u010dku knji\u017eevnost ali na\u017ealost BNV tj. ljudi koji vode BNV su ostali nemi na sve to. Mi nemo\u017eemo posmatrati BNV kao instituciju koja je otvorena i slobodna za sve Bo\u0161njake, gdje bi zajedni\u010dki gradili projekte koji su zna\u010dajni za Sand\u017ea\u010dke Bo\u0161njake. Oni trebaju da iz moralnih na\u010dela podnesu ostavke, Vije\u0107u trebaju novi ljudi koji \u0107e Vije\u0107e u\u010diniti dostupnim za sve Bo\u0161njake, organizacije, intelektualce i sve one koji \u0107e raditi u korist na\u0161eg naroda i zajednice.<\/p>\n<p>Vrijeme je za novi talas!<\/p>\n<p>Predsjednik Asocijacije prosvjetara Sand\u017eaka<br \/>Bahrija Sijari\u0107<\/p>\n","protected":false},"excerpt":{"rendered":"<p>Povodom posljednjih doga\u0111aja u Bo\u0161nja\u010dkom nacionalnom vije\u0107u, logi\u010dan slijed bi trebalo da bude ostavka vladaju\u0107e garniture koja je BNV pretvorila u za\u010darani krug a trebalo je da BNV bude krovna organizacija svih Bo\u0161njaka. Na dru\u0161tvenim mre\u017eama vidimo da oni predstavljaju velike rezultate i uspjehe Vije\u0107a. Ako su uspjesi to \u0161to oni organizuju posjete svojim koalicionim [&hellip;]<\/p>\n","protected":false},"author":509,"featured_media":225204,"comment_status":"open","ping_status":"open","sticky":false,"template":"","format":"standard","meta":{"footnotes":""},"categories":[72,800,8957,798],"tags":[],"class_list":{"0":"post-225203","1":"post","2":"type-post","3":"status-publish","4":"format-standard","5":"has-post-thumbnail","7":"category-novi-pazar","8":"category-nacija","9":"category-vijesti-dana","10":"category-teme"},"yoast_head":"<!-- This site is optimized with the Yoast SEO Premium plugin v23.1 (Yoast SEO v24.9) - https:\/\/yoast.com\/wordpress\/plugins\/seo\/ -->\n<title>Asocijacija prosvjetara Sand\u017eaka - Vladaju\u0107a garnitura BNV se pretvorila u za\u010darani krug<\/title>\n<meta name=\"robots\" content=\"index, follow, max-snippet:-1, max-image-preview:large, max-video-preview:-1\" \/>\n<link rel=\"canonical\" href=\"https:\/\/sandzakpress.net\/arhiva\/asocijacija-prosvjetara-sandzaka-vladajuca-garnitura-bnv-se-pretvorila-u-zacarani-krug\/\" \/>\n<meta property=\"og:locale\" content=\"bs_BA\" \/>\n<meta property=\"og:type\" content=\"article\" \/>\n<meta property=\"og:title\" content=\"Asocijacija prosvjetara Sand\u017eaka - Vladaju\u0107a garnitura BNV se pretvorila u za\u010darani krug\" \/>\n<meta property=\"og:description\" content=\"Povodom posljednjih doga\u0111aja u Bo\u0161nja\u010dkom nacionalnom vije\u0107u, logi\u010dan slijed bi trebalo da bude ostavka vladaju\u0107e garniture koja je BNV pretvorila u za\u010darani krug a trebalo je da BNV bude krovna organizacija svih Bo\u0161njaka. Na dru\u0161tvenim mre\u017eama vidimo da oni predstavljaju velike rezultate i uspjehe Vije\u0107a. Ako su uspjesi to \u0161to oni organizuju posjete svojim koalicionim [&hellip;]\" \/>\n<meta property=\"og:url\" content=\"https:\/\/sandzakpress.net\/arhiva\/asocijacija-prosvjetara-sandzaka-vladajuca-garnitura-bnv-se-pretvorila-u-zacarani-krug\/\" \/>\n<meta property=\"og:site_name\" content=\"Sand\u017eak PRESS\" \/>\n<meta property=\"article:published_time\" content=\"2019-06-24T20:00:42+00:00\" \/>\n<meta property=\"article:modified_time\" content=\"2019-07-03T21:00:32+00:00\" \/>\n<meta property=\"og:image\" content=\"https:\/\/sandzakpress.net\/arhiva\/wp-content\/uploads\/2019\/06\/b8360145-cbf5-4c07-b514-2d68fe51c00f.jpg\" \/>\n\t<meta property=\"og:image:width\" content=\"622\" \/>\n\t<meta property=\"og:image:height\" content=\"546\" \/>\n\t<meta property=\"og:image:type\" content=\"image\/jpeg\" \/>\n<meta name=\"author\" content=\"Agencija\" \/>\n<meta name=\"twitter:card\" content=\"summary_large_image\" \/>\n<meta name=\"twitter:label1\" content=\"Written by\" \/>\n\t<meta name=\"twitter:data1\" content=\"Agencija\" \/>\n\t<meta name=\"twitter:label2\" content=\"Est. reading time\" \/>\n\t<meta name=\"twitter:data2\" content=\"1 minuta\" \/>\n<script type=\"application\/ld+json\" class=\"yoast-schema-graph\">{\"@context\":\"https:\/\/schema.org\",\"@graph\":[{\"@type\":\"Article\",\"@id\":\"https:\/\/sandzakpress.net\/arhiva\/asocijacija-prosvjetara-sandzaka-vladajuca-garnitura-bnv-se-pretvorila-u-zacarani-krug\/#article\",\"isPartOf\":{\"@id\":\"https:\/\/sandzakpress.net\/arhiva\/asocijacija-prosvjetara-sandzaka-vladajuca-garnitura-bnv-se-pretvorila-u-zacarani-krug\/\"},\"author\":{\"name\":\"Agencija\",\"@id\":\"https:\/\/sandzakpress.net\/arhiva\/#\/schema\/person\/cb59d7e3ab91ab90dd680ad0305a6185\"},\"headline\":\"Asocijacija prosvjetara Sand\u017eaka &#8211; Vladaju\u0107a garnitura BNV se pretvorila u za\u010darani krug\",\"datePublished\":\"2019-06-24T20:00:42+00:00\",\"dateModified\":\"2019-07-03T21:00:32+00:00\",\"mainEntityOfPage\":{\"@id\":\"https:\/\/sandzakpress.net\/arhiva\/asocijacija-prosvjetara-sandzaka-vladajuca-garnitura-bnv-se-pretvorila-u-zacarani-krug\/\"},\"wordCount\":300,\"commentCount\":0,\"publisher\":{\"@id\":\"https:\/\/sandzakpress.net\/arhiva\/#\/schema\/person\/6e72b67d6e51910a1117b3b483ba20bd\"},\"image\":{\"@id\":\"https:\/\/sandzakpress.net\/arhiva\/asocijacija-prosvjetara-sandzaka-vladajuca-garnitura-bnv-se-pretvorila-u-zacarani-krug\/#primaryimage\"},\"thumbnailUrl\":\"https:\/\/sandzakpress.net\/arhiva\/wp-content\/uploads\/2019\/06\/b8360145-cbf5-4c07-b514-2d68fe51c00f.jpg\",\"articleSection\":[\"Novi Pazar\",\"Nacija\",\"VIJESTI DANA\",\"NAJNOVIJE\"],\"inLanguage\":\"bs-BA\",\"potentialAction\":[{\"@type\":\"CommentAction\",\"name\":\"Comment\",\"target\":[\"https:\/\/sandzakpress.net\/arhiva\/asocijacija-prosvjetara-sandzaka-vladajuca-garnitura-bnv-se-pretvorila-u-zacarani-krug\/#respond\"]}]},{\"@type\":\"WebPage\",\"@id\":\"https:\/\/sandzakpress.net\/arhiva\/asocijacija-prosvjetara-sandzaka-vladajuca-garnitura-bnv-se-pretvorila-u-zacarani-krug\/\",\"url\":\"https:\/\/sandzakpress.net\/arhiva\/asocijacija-prosvjetara-sandzaka-vladajuca-garnitura-bnv-se-pretvorila-u-zacarani-krug\/\",\"name\":\"Asocijacija prosvjetara Sand\u017eaka - Vladaju\u0107a garnitura BNV se pretvorila u za\u010darani krug\",\"isPartOf\":{\"@id\":\"https:\/\/sandzakpress.net\/arhiva\/#website\"},\"primaryImageOfPage\":{\"@id\":\"https:\/\/sandzakpress.net\/arhiva\/asocijacija-prosvjetara-sandzaka-vladajuca-garnitura-bnv-se-pretvorila-u-zacarani-krug\/#primaryimage\"},\"image\":{\"@id\":\"https:\/\/sandzakpress.net\/arhiva\/asocijacija-prosvjetara-sandzaka-vladajuca-garnitura-bnv-se-pretvorila-u-zacarani-krug\/#primaryimage\"},\"thumbnailUrl\":\"https:\/\/sandzakpress.net\/arhiva\/wp-content\/uploads\/2019\/06\/b8360145-cbf5-4c07-b514-2d68fe51c00f.jpg\",\"datePublished\":\"2019-06-24T20:00:42+00:00\",\"dateModified\":\"2019-07-03T21:00:32+00:00\",\"breadcrumb\":{\"@id\":\"https:\/\/sandzakpress.net\/arhiva\/asocijacija-prosvjetara-sandzaka-vladajuca-garnitura-bnv-se-pretvorila-u-zacarani-krug\/#breadcrumb\"},\"inLanguage\":\"bs-BA\",\"potentialAction\":[{\"@type\":\"ReadAction\",\"target\":[\"https:\/\/sandzakpress.net\/arhiva\/asocijacija-prosvjetara-sandzaka-vladajuca-garnitura-bnv-se-pretvorila-u-zacarani-krug\/\"]}]},{\"@type\":\"ImageObject\",\"inLanguage\":\"bs-BA\",\"@id\":\"https:\/\/sandzakpress.net\/arhiva\/asocijacija-prosvjetara-sandzaka-vladajuca-garnitura-bnv-se-pretvorila-u-zacarani-krug\/#primaryimage\",\"url\":\"https:\/\/sandzakpress.net\/arhiva\/wp-content\/uploads\/2019\/06\/b8360145-cbf5-4c07-b514-2d68fe51c00f.jpg\",\"contentUrl\":\"https:\/\/sandzakpress.net\/arhiva\/wp-content\/uploads\/2019\/06\/b8360145-cbf5-4c07-b514-2d68fe51c00f.jpg\",\"width\":622,\"height\":546},{\"@type\":\"BreadcrumbList\",\"@id\":\"https:\/\/sandzakpress.net\/arhiva\/asocijacija-prosvjetara-sandzaka-vladajuca-garnitura-bnv-se-pretvorila-u-zacarani-krug\/#breadcrumb\",\"itemListElement\":[{\"@type\":\"ListItem\",\"position\":1,\"name\":\"Home\",\"item\":\"https:\/\/sandzakpress.net\/arhiva\/\"},{\"@type\":\"ListItem\",\"position\":2,\"name\":\"Asocijacija prosvjetara Sand\u017eaka &#8211; Vladaju\u0107a garnitura BNV se pretvorila u za\u010darani krug\"}]},{\"@type\":\"WebSite\",\"@id\":\"https:\/\/sandzakpress.net\/arhiva\/#website\",\"url\":\"https:\/\/sandzakpress.net\/arhiva\/\",\"name\":\"Sand\u017eak PRESS\",\"description\":\"Prve elektronske novine u Sand\u017eaku\",\"publisher\":{\"@id\":\"https:\/\/sandzakpress.net\/arhiva\/#\/schema\/person\/6e72b67d6e51910a1117b3b483ba20bd\"},\"potentialAction\":[{\"@type\":\"SearchAction\",\"target\":{\"@type\":\"EntryPoint\",\"urlTemplate\":\"https:\/\/sandzakpress.net\/arhiva\/?s={search_term_string}\"},\"query-input\":{\"@type\":\"PropertyValueSpecification\",\"valueRequired\":true,\"valueName\":\"search_term_string\"}}],\"inLanguage\":\"bs-BA\"},{\"@type\":[\"Person\",\"Organization\"],\"@id\":\"https:\/\/sandzakpress.net\/arhiva\/#\/schema\/person\/6e72b67d6e51910a1117b3b483ba20bd\",\"name\":\"Kul\",\"image\":{\"@type\":\"ImageObject\",\"inLanguage\":\"bs-BA\",\"@id\":\"https:\/\/sandzakpress.net\/arhiva\/#\/schema\/person\/image\/\",\"url\":\"https:\/\/secure.gravatar.com\/avatar\/42263f39aa27ac04c43cab85c280eb2e?s=96&d=mm&r=pg\",\"contentUrl\":\"https:\/\/secure.gravatar.com\/avatar\/42263f39aa27ac04c43cab85c280eb2e?s=96&d=mm&r=pg\",\"caption\":\"Kul\"},\"logo\":{\"@id\":\"https:\/\/sandzakpress.net\/arhiva\/#\/schema\/person\/image\/\"}},{\"@type\":\"Person\",\"@id\":\"https:\/\/sandzakpress.net\/arhiva\/#\/schema\/person\/cb59d7e3ab91ab90dd680ad0305a6185\",\"name\":\"Agencija\",\"image\":{\"@type\":\"ImageObject\",\"inLanguage\":\"bs-BA\",\"@id\":\"https:\/\/sandzakpress.net\/arhiva\/#\/schema\/person\/image\/\",\"url\":\"https:\/\/secure.gravatar.com\/avatar\/4b7fafa80a22f0c2afe23966b3961fe0?s=96&d=mm&r=pg\",\"contentUrl\":\"https:\/\/secure.gravatar.com\/avatar\/4b7fafa80a22f0c2afe23966b3961fe0?s=96&d=mm&r=pg\",\"caption\":\"Agencija\"},\"url\":\"https:\/\/sandzakpress.net\/arhiva\/author\/agencija\/\"}]}<\/script>\n<!-- \/ Yoast SEO Premium plugin. -->","yoast_head_json":{"title":"Asocijacija prosvjetara Sand\u017eaka - Vladaju\u0107a garnitura BNV se pretvorila u za\u010darani krug","robots":{"index":"index","follow":"follow","max-snippet":"max-snippet:-1","max-image-preview":"max-image-preview:large","max-video-preview":"max-video-preview:-1"},"canonical":"https:\/\/sandzakpress.net\/arhiva\/asocijacija-prosvjetara-sandzaka-vladajuca-garnitura-bnv-se-pretvorila-u-zacarani-krug\/","og_locale":"bs_BA","og_type":"article","og_title":"Asocijacija prosvjetara Sand\u017eaka - Vladaju\u0107a garnitura BNV se pretvorila u za\u010darani krug","og_description":"Povodom posljednjih doga\u0111aja u Bo\u0161nja\u010dkom nacionalnom vije\u0107u, logi\u010dan slijed bi trebalo da bude ostavka vladaju\u0107e garniture koja je BNV pretvorila u za\u010darani krug a trebalo je da BNV bude krovna organizacija svih Bo\u0161njaka. Na dru\u0161tvenim mre\u017eama vidimo da oni predstavljaju velike rezultate i uspjehe Vije\u0107a. Ako su uspjesi to \u0161to oni organizuju posjete svojim koalicionim [&hellip;]","og_url":"https:\/\/sandzakpress.net\/arhiva\/asocijacija-prosvjetara-sandzaka-vladajuca-garnitura-bnv-se-pretvorila-u-zacarani-krug\/","og_site_name":"Sand\u017eak PRESS","article_published_time":"2019-06-24T20:00:42+00:00","article_modified_time":"2019-07-03T21:00:32+00:00","og_image":[{"width":622,"height":546,"url":"https:\/\/sandzakpress.net\/arhiva\/wp-content\/uploads\/2019\/06\/b8360145-cbf5-4c07-b514-2d68fe51c00f.jpg","type":"image\/jpeg"}],"author":"Agencija","twitter_card":"summary_large_image","twitter_misc":{"Written by":"Agencija","Est. reading time":"1 minuta"},"schema":{"@context":"https:\/\/schema.org","@graph":[{"@type":"Article","@id":"https:\/\/sandzakpress.net\/arhiva\/asocijacija-prosvjetara-sandzaka-vladajuca-garnitura-bnv-se-pretvorila-u-zacarani-krug\/#article","isPartOf":{"@id":"https:\/\/sandzakpress.net\/arhiva\/asocijacija-prosvjetara-sandzaka-vladajuca-garnitura-bnv-se-pretvorila-u-zacarani-krug\/"},"author":{"name":"Agencija","@id":"https:\/\/sandzakpress.net\/arhiva\/#\/schema\/person\/cb59d7e3ab91ab90dd680ad0305a6185"},"headline":"Asocijacija prosvjetara Sand\u017eaka &#8211; Vladaju\u0107a garnitura BNV se pretvorila u za\u010darani krug","datePublished":"2019-06-24T20:00:42+00:00","dateModified":"2019-07-03T21:00:32+00:00","mainEntityOfPage":{"@id":"https:\/\/sandzakpress.net\/arhiva\/asocijacija-prosvjetara-sandzaka-vladajuca-garnitura-bnv-se-pretvorila-u-zacarani-krug\/"},"wordCount":300,"commentCount":0,"publisher":{"@id":"https:\/\/sandzakpress.net\/arhiva\/#\/schema\/person\/6e72b67d6e51910a1117b3b483ba20bd"},"image":{"@id":"https:\/\/sandzakpress.net\/arhiva\/asocijacija-prosvjetara-sandzaka-vladajuca-garnitura-bnv-se-pretvorila-u-zacarani-krug\/#primaryimage"},"thumbnailUrl":"https:\/\/sandzakpress.net\/arhiva\/wp-content\/uploads\/2019\/06\/b8360145-cbf5-4c07-b514-2d68fe51c00f.jpg","articleSection":["Novi Pazar","Nacija","VIJESTI DANA","NAJNOVIJE"],"inLanguage":"bs-BA","potentialAction":[{"@type":"CommentAction","name":"Comment","target":["https:\/\/sandzakpress.net\/arhiva\/asocijacija-prosvjetara-sandzaka-vladajuca-garnitura-bnv-se-pretvorila-u-zacarani-krug\/#respond"]}]},{"@type":"WebPage","@id":"https:\/\/sandzakpress.net\/arhiva\/asocijacija-prosvjetara-sandzaka-vladajuca-garnitura-bnv-se-pretvorila-u-zacarani-krug\/","url":"https:\/\/sandzakpress.net\/arhiva\/asocijacija-prosvjetara-sandzaka-vladajuca-garnitura-bnv-se-pretvorila-u-zacarani-krug\/","name":"Asocijacija prosvjetara Sand\u017eaka - Vladaju\u0107a garnitura BNV se pretvorila u za\u010darani krug","isPartOf":{"@id":"https:\/\/sandzakpress.net\/arhiva\/#website"},"primaryImageOfPage":{"@id":"https:\/\/sandzakpress.net\/arhiva\/asocijacija-prosvjetara-sandzaka-vladajuca-garnitura-bnv-se-pretvorila-u-zacarani-krug\/#primaryimage"},"image":{"@id":"https:\/\/sandzakpress.net\/arhiva\/asocijacija-prosvjetara-sandzaka-vladajuca-garnitura-bnv-se-pretvorila-u-zacarani-krug\/#primaryimage"},"thumbnailUrl":"https:\/\/sandzakpress.net\/arhiva\/wp-content\/uploads\/2019\/06\/b8360145-cbf5-4c07-b514-2d68fe51c00f.jpg","datePublished":"2019-06-24T20:00:42+00:00","dateModified":"2019-07-03T21:00:32+00:00","breadcrumb":{"@id":"https:\/\/sandzakpress.net\/arhiva\/asocijacija-prosvjetara-sandzaka-vladajuca-garnitura-bnv-se-pretvorila-u-zacarani-krug\/#breadcrumb"},"inLanguage":"bs-BA","potentialAction":[{"@type":"ReadAction","target":["https:\/\/sandzakpress.net\/arhiva\/asocijacija-prosvjetara-sandzaka-vladajuca-garnitura-bnv-se-pretvorila-u-zacarani-krug\/"]}]},{"@type":"ImageObject","inLanguage":"bs-BA","@id":"https:\/\/sandzakpress.net\/arhiva\/asocijacija-prosvjetara-sandzaka-vladajuca-garnitura-bnv-se-pretvorila-u-zacarani-krug\/#primaryimage","url":"https:\/\/sandzakpress.net\/arhiva\/wp-content\/uploads\/2019\/06\/b8360145-cbf5-4c07-b514-2d68fe51c00f.jpg","contentUrl":"https:\/\/sandzakpress.net\/arhiva\/wp-content\/uploads\/2019\/06\/b8360145-cbf5-4c07-b514-2d68fe51c00f.jpg","width":622,"height":546},{"@type":"BreadcrumbList","@id":"https:\/\/sandzakpress.net\/arhiva\/asocijacija-prosvjetara-sandzaka-vladajuca-garnitura-bnv-se-pretvorila-u-zacarani-krug\/#breadcrumb","itemListElement":[{"@type":"ListItem","position":1,"name":"Home","item":"https:\/\/sandzakpress.net\/arhiva\/"},{"@type":"ListItem","position":2,"name":"Asocijacija prosvjetara Sand\u017eaka &#8211; Vladaju\u0107a garnitura BNV se pretvorila u za\u010darani krug"}]},{"@type":"WebSite","@id":"https:\/\/sandzakpress.net\/arhiva\/#website","url":"https:\/\/sandzakpress.net\/arhiva\/","name":"Sand\u017eak PRESS","description":"Prve elektronske novine u Sand\u017eaku","publisher":{"@id":"https:\/\/sandzakpress.net\/arhiva\/#\/schema\/person\/6e72b67d6e51910a1117b3b483ba20bd"},"potentialAction":[{"@type":"SearchAction","target":{"@type":"EntryPoint","urlTemplate":"https:\/\/sandzakpress.net\/arhiva\/?s={search_term_string}"},"query-input":{"@type":"PropertyValueSpecification","valueRequired":true,"valueName":"search_term_string"}}],"inLanguage":"bs-BA"},{"@type":["Person","Organization"],"@id":"https:\/\/sandzakpress.net\/arhiva\/#\/schema\/person\/6e72b67d6e51910a1117b3b483ba20bd","name":"Kul","image":{"@type":"ImageObject","inLanguage":"bs-BA","@id":"https:\/\/sandzakpress.net\/arhiva\/#\/schema\/person\/image\/","url":"https:\/\/secure.gravatar.com\/avatar\/42263f39aa27ac04c43cab85c280eb2e?s=96&d=mm&r=pg","contentUrl":"https:\/\/secure.gravatar.com\/avatar\/42263f39aa27ac04c43cab85c280eb2e?s=96&d=mm&r=pg","caption":"Kul"},"logo":{"@id":"https:\/\/sandzakpress.net\/arhiva\/#\/schema\/person\/image\/"}},{"@type":"Person","@id":"https:\/\/sandzakpress.net\/arhiva\/#\/schema\/person\/cb59d7e3ab91ab90dd680ad0305a6185","name":"Agencija","image":{"@type":"ImageObject","inLanguage":"bs-BA","@id":"https:\/\/sandzakpress.net\/arhiva\/#\/schema\/person\/image\/","url":"https:\/\/secure.gravatar.com\/avatar\/4b7fafa80a22f0c2afe23966b3961fe0?s=96&d=mm&r=pg","contentUrl":"https:\/\/secure.gravatar.com\/avatar\/4b7fafa80a22f0c2afe23966b3961fe0?s=96&d=mm&r=pg","caption":"Agencija"},"url":"https:\/\/sandzakpress.net\/arhiva\/author\/agencija\/"}]}},"_links":{"self":[{"href":"https:\/\/sandzakpress.net\/arhiva\/wp-json\/wp\/v2\/posts\/225203"}],"collection":[{"href":"https:\/\/sandzakpress.net\/arhiva\/wp-json\/wp\/v2\/posts"}],"about":[{"href":"https:\/\/sandzakpress.net\/arhiva\/wp-json\/wp\/v2\/types\/post"}],"author":[{"embeddable":true,"href":"https:\/\/sandzakpress.net\/arhiva\/wp-json\/wp\/v2\/users\/509"}],"replies":[{"embeddable":true,"href":"https:\/\/sandzakpress.net\/arhiva\/wp-json\/wp\/v2\/comments?post=225203"}],"version-history":[{"count":0,"href":"https:\/\/sandzakpress.net\/arhiva\/wp-json\/wp\/v2\/posts\/225203\/revisions"}],"wp:featuredmedia":[{"embeddable":true,"href":"https:\/\/sandzakpress.net\/arhiva\/wp-json\/wp\/v2\/media\/225204"}],"wp:attachment":[{"href":"https:\/\/sandzakpress.net\/arhiva\/wp-json\/wp\/v2\/media?parent=225203"}],"wp:term":[{"taxonomy":"category","embeddable":true,"href":"https:\/\/sandzakpress.net\/arhiva\/wp-json\/wp\/v2\/categories?post=225203"},{"taxonomy":"post_tag","embeddable":true,"href":"https:\/\/sandzakpress.net\/arhiva\/wp-json\/wp\/v2\/tags?post=225203"}],"curies":[{"name":"wp","href":"https:\/\/api.w.org\/{rel}","templated":true}]}}