{"id":225200,"date":"2019-06-24T20:28:53","date_gmt":"2019-06-24T18:28:53","guid":{"rendered":"https:\/\/sandzakpress.net\/arhiva\/?p=225200"},"modified":"2019-06-24T20:36:26","modified_gmt":"2019-06-24T18:36:26","slug":"matica-bosnjacka-porucila-kriminalcima-grad-novi-pazar-i-sandzak-ce-vam-postati-tijesni","status":"publish","type":"post","link":"https:\/\/sandzakpress.net\/arhiva\/matica-bosnjacka-porucila-kriminalcima-grad-novi-pazar-i-sandzak-ce-vam-postati-tijesni\/","title":{"rendered":"Matica bo\u0161nja\u010dka poru\u010dila kriminalcima &#8211; Grad Novi Pazar i Sand\u017eak \u0107e vam postati tijesni!"},"content":{"rendered":"<p>&nbsp;<\/p>\n<p><img loading=\"lazy\" decoding=\"async\" class=\"alignnone size-full wp-image-225202\" src=\"https:\/\/sandzakpress.net\/arhiva\/wp-content\/uploads\/2019\/06\/3bf33b02-e6c2-432a-91da-f542c312ffd6.jpg\" alt=\"\" width=\"1118\" height=\"612\" srcset=\"https:\/\/sandzakpress.net\/arhiva\/wp-content\/uploads\/2019\/06\/3bf33b02-e6c2-432a-91da-f542c312ffd6.jpg 1118w, https:\/\/sandzakpress.net\/arhiva\/wp-content\/uploads\/2019\/06\/3bf33b02-e6c2-432a-91da-f542c312ffd6-768x420.jpg 768w, https:\/\/sandzakpress.net\/arhiva\/wp-content\/uploads\/2019\/06\/3bf33b02-e6c2-432a-91da-f542c312ffd6-616x337.jpg 616w\" sizes=\"(max-width: 1118px) 100vw, 1118px\" \/><\/p>\n<p>Zbog \u010dinjenice da se Bo\u0161nja\u010dko nacionalno vije\u0107e pretvorilo u mehanizam gu\u0161enja afirmacije bo\u0161nja\u010dkog nacionalnog identiteta i prava Bo\u0161njaka i zbog \u010dinjenice da ga od Prve sjednice prate brojne nezakonitosti, a posebno zbog \u010dinjenice da prije i tokom sjednice Vije\u0107a Ugljaninovi huligani napadaju i vrije\u0111aju pojedine vije\u0107nike i novinare, te zbog \u010dinjenice da se medijima zabranjuje pra\u0107enje sjednica Vije\u0107a, a sve to uz podr\u0161ku korumpiranih funkcionera Ministarstva za dr\u017eavnu upravu i lokalnu samoupravu, vije\u0107nici liste Matica bo\u0161nja\u010dka akademik Muamer Zukorli\u0107 Muftija, obavje\u0161tavaju javnost da ne\u0107e u\u010destvovati na sjednicama Bo\u0161nja\u010dkog nacionalnog vije\u0107a sve dok se ne ostvare neophodni uvjeti za normalan i dostojanstven rad vije\u0107nika i puna transparentnost u radu Vije\u0107a.<\/p>\n<p>Vije\u0107nici ove liste \u0107e nastaviti sa svojim djelovanjem u ciju za\u0161tite i unapre\u0111enja nacionalnih prava i zacrtanih ciljeva kroz Maticu bo\u0161nja\u010dku i druge raspolo\u017eive mehanizme.<\/p>\n<p>A Ugljaninovim kriminalcima i huliganima \u010dvrsto obe\u0107avamo da \u0107e im zbog nasrtaja na \u010destite ljude, izabrane predstavnike naroda i novinare, grad Novi Pazar i Sand\u017eak postati jako tijesni.<\/p>\n","protected":false},"excerpt":{"rendered":"<p>&nbsp; Zbog \u010dinjenice da se Bo\u0161nja\u010dko nacionalno vije\u0107e pretvorilo u mehanizam gu\u0161enja afirmacije bo\u0161nja\u010dkog nacionalnog identiteta i prava Bo\u0161njaka i zbog \u010dinjenice da ga od Prve sjednice prate brojne nezakonitosti, a posebno zbog \u010dinjenice da prije i tokom sjednice Vije\u0107a Ugljaninovi huligani napadaju i vrije\u0111aju pojedine vije\u0107nike i novinare, te zbog \u010dinjenice da se medijima [&hellip;]<\/p>\n","protected":false},"author":509,"featured_media":225202,"comment_status":"open","ping_status":"open","sticky":false,"template":"","format":"standard","meta":{"footnotes":""},"categories":[72,1,8957,798],"tags":[],"class_list":{"0":"post-225200","1":"post","2":"type-post","3":"status-publish","4":"format-standard","5":"has-post-thumbnail","7":"category-novi-pazar","8":"category-politika","9":"category-vijesti-dana","10":"category-teme"},"yoast_head":"<!-- This site is optimized with the Yoast SEO Premium plugin v23.1 (Yoast SEO v24.9) - https:\/\/yoast.com\/wordpress\/plugins\/seo\/ -->\n<title>Matica bo\u0161nja\u010dka poru\u010dila kriminalcima - Grad Novi Pazar i Sand\u017eak \u0107e vam postati tijesni!<\/title>\n<meta name=\"robots\" content=\"index, follow, max-snippet:-1, max-image-preview:large, max-video-preview:-1\" \/>\n<link rel=\"canonical\" href=\"https:\/\/sandzakpress.net\/arhiva\/matica-bosnjacka-porucila-kriminalcima-grad-novi-pazar-i-sandzak-ce-vam-postati-tijesni\/\" \/>\n<meta property=\"og:locale\" content=\"bs_BA\" \/>\n<meta property=\"og:type\" content=\"article\" \/>\n<meta property=\"og:title\" content=\"Matica bo\u0161nja\u010dka poru\u010dila kriminalcima - Grad Novi Pazar i Sand\u017eak \u0107e vam postati tijesni!\" \/>\n<meta property=\"og:description\" content=\"&nbsp; Zbog \u010dinjenice da se Bo\u0161nja\u010dko nacionalno vije\u0107e pretvorilo u mehanizam gu\u0161enja afirmacije bo\u0161nja\u010dkog nacionalnog identiteta i prava Bo\u0161njaka i zbog \u010dinjenice da ga od Prve sjednice prate brojne nezakonitosti, a posebno zbog \u010dinjenice da prije i tokom sjednice Vije\u0107a Ugljaninovi huligani napadaju i vrije\u0111aju pojedine vije\u0107nike i novinare, te zbog \u010dinjenice da se medijima [&hellip;]\" \/>\n<meta property=\"og:url\" content=\"https:\/\/sandzakpress.net\/arhiva\/matica-bosnjacka-porucila-kriminalcima-grad-novi-pazar-i-sandzak-ce-vam-postati-tijesni\/\" \/>\n<meta property=\"og:site_name\" content=\"Sand\u017eak PRESS\" \/>\n<meta property=\"article:published_time\" content=\"2019-06-24T18:28:53+00:00\" \/>\n<meta property=\"article:modified_time\" content=\"2019-06-24T18:36:26+00:00\" \/>\n<meta property=\"og:image\" content=\"https:\/\/sandzakpress.net\/arhiva\/wp-content\/uploads\/2019\/06\/3bf33b02-e6c2-432a-91da-f542c312ffd6.jpg\" \/>\n\t<meta property=\"og:image:width\" content=\"1118\" \/>\n\t<meta property=\"og:image:height\" content=\"612\" \/>\n\t<meta property=\"og:image:type\" content=\"image\/jpeg\" \/>\n<meta name=\"author\" content=\"Agencija\" \/>\n<meta name=\"twitter:card\" content=\"summary_large_image\" \/>\n<meta name=\"twitter:label1\" content=\"Written by\" \/>\n\t<meta name=\"twitter:data1\" content=\"Agencija\" \/>\n\t<meta name=\"twitter:label2\" content=\"Est. reading time\" \/>\n\t<meta name=\"twitter:data2\" content=\"1 minuta\" \/>\n<script type=\"application\/ld+json\" class=\"yoast-schema-graph\">{\"@context\":\"https:\/\/schema.org\",\"@graph\":[{\"@type\":\"Article\",\"@id\":\"https:\/\/sandzakpress.net\/arhiva\/matica-bosnjacka-porucila-kriminalcima-grad-novi-pazar-i-sandzak-ce-vam-postati-tijesni\/#article\",\"isPartOf\":{\"@id\":\"https:\/\/sandzakpress.net\/arhiva\/matica-bosnjacka-porucila-kriminalcima-grad-novi-pazar-i-sandzak-ce-vam-postati-tijesni\/\"},\"author\":{\"name\":\"Agencija\",\"@id\":\"https:\/\/sandzakpress.net\/arhiva\/#\/schema\/person\/cb59d7e3ab91ab90dd680ad0305a6185\"},\"headline\":\"Matica bo\u0161nja\u010dka poru\u010dila kriminalcima &#8211; Grad Novi Pazar i Sand\u017eak \u0107e vam postati tijesni!\",\"datePublished\":\"2019-06-24T18:28:53+00:00\",\"dateModified\":\"2019-06-24T18:36:26+00:00\",\"mainEntityOfPage\":{\"@id\":\"https:\/\/sandzakpress.net\/arhiva\/matica-bosnjacka-porucila-kriminalcima-grad-novi-pazar-i-sandzak-ce-vam-postati-tijesni\/\"},\"wordCount\":214,\"commentCount\":2,\"publisher\":{\"@id\":\"https:\/\/sandzakpress.net\/arhiva\/#\/schema\/person\/6e72b67d6e51910a1117b3b483ba20bd\"},\"image\":{\"@id\":\"https:\/\/sandzakpress.net\/arhiva\/matica-bosnjacka-porucila-kriminalcima-grad-novi-pazar-i-sandzak-ce-vam-postati-tijesni\/#primaryimage\"},\"thumbnailUrl\":\"https:\/\/sandzakpress.net\/arhiva\/wp-content\/uploads\/2019\/06\/3bf33b02-e6c2-432a-91da-f542c312ffd6.jpg\",\"articleSection\":[\"Novi Pazar\",\"Politika\",\"VIJESTI DANA\",\"NAJNOVIJE\"],\"inLanguage\":\"bs-BA\",\"potentialAction\":[{\"@type\":\"CommentAction\",\"name\":\"Comment\",\"target\":[\"https:\/\/sandzakpress.net\/arhiva\/matica-bosnjacka-porucila-kriminalcima-grad-novi-pazar-i-sandzak-ce-vam-postati-tijesni\/#respond\"]}]},{\"@type\":\"WebPage\",\"@id\":\"https:\/\/sandzakpress.net\/arhiva\/matica-bosnjacka-porucila-kriminalcima-grad-novi-pazar-i-sandzak-ce-vam-postati-tijesni\/\",\"url\":\"https:\/\/sandzakpress.net\/arhiva\/matica-bosnjacka-porucila-kriminalcima-grad-novi-pazar-i-sandzak-ce-vam-postati-tijesni\/\",\"name\":\"Matica bo\u0161nja\u010dka poru\u010dila kriminalcima - Grad Novi Pazar i Sand\u017eak \u0107e vam postati tijesni!\",\"isPartOf\":{\"@id\":\"https:\/\/sandzakpress.net\/arhiva\/#website\"},\"primaryImageOfPage\":{\"@id\":\"https:\/\/sandzakpress.net\/arhiva\/matica-bosnjacka-porucila-kriminalcima-grad-novi-pazar-i-sandzak-ce-vam-postati-tijesni\/#primaryimage\"},\"image\":{\"@id\":\"https:\/\/sandzakpress.net\/arhiva\/matica-bosnjacka-porucila-kriminalcima-grad-novi-pazar-i-sandzak-ce-vam-postati-tijesni\/#primaryimage\"},\"thumbnailUrl\":\"https:\/\/sandzakpress.net\/arhiva\/wp-content\/uploads\/2019\/06\/3bf33b02-e6c2-432a-91da-f542c312ffd6.jpg\",\"datePublished\":\"2019-06-24T18:28:53+00:00\",\"dateModified\":\"2019-06-24T18:36:26+00:00\",\"breadcrumb\":{\"@id\":\"https:\/\/sandzakpress.net\/arhiva\/matica-bosnjacka-porucila-kriminalcima-grad-novi-pazar-i-sandzak-ce-vam-postati-tijesni\/#breadcrumb\"},\"inLanguage\":\"bs-BA\",\"potentialAction\":[{\"@type\":\"ReadAction\",\"target\":[\"https:\/\/sandzakpress.net\/arhiva\/matica-bosnjacka-porucila-kriminalcima-grad-novi-pazar-i-sandzak-ce-vam-postati-tijesni\/\"]}]},{\"@type\":\"ImageObject\",\"inLanguage\":\"bs-BA\",\"@id\":\"https:\/\/sandzakpress.net\/arhiva\/matica-bosnjacka-porucila-kriminalcima-grad-novi-pazar-i-sandzak-ce-vam-postati-tijesni\/#primaryimage\",\"url\":\"https:\/\/sandzakpress.net\/arhiva\/wp-content\/uploads\/2019\/06\/3bf33b02-e6c2-432a-91da-f542c312ffd6.jpg\",\"contentUrl\":\"https:\/\/sandzakpress.net\/arhiva\/wp-content\/uploads\/2019\/06\/3bf33b02-e6c2-432a-91da-f542c312ffd6.jpg\",\"width\":1118,\"height\":612},{\"@type\":\"BreadcrumbList\",\"@id\":\"https:\/\/sandzakpress.net\/arhiva\/matica-bosnjacka-porucila-kriminalcima-grad-novi-pazar-i-sandzak-ce-vam-postati-tijesni\/#breadcrumb\",\"itemListElement\":[{\"@type\":\"ListItem\",\"position\":1,\"name\":\"Home\",\"item\":\"https:\/\/sandzakpress.net\/arhiva\/\"},{\"@type\":\"ListItem\",\"position\":2,\"name\":\"Matica bo\u0161nja\u010dka poru\u010dila kriminalcima &#8211; Grad Novi Pazar i Sand\u017eak \u0107e vam postati tijesni!\"}]},{\"@type\":\"WebSite\",\"@id\":\"https:\/\/sandzakpress.net\/arhiva\/#website\",\"url\":\"https:\/\/sandzakpress.net\/arhiva\/\",\"name\":\"Sand\u017eak PRESS\",\"description\":\"Prve elektronske novine u Sand\u017eaku\",\"publisher\":{\"@id\":\"https:\/\/sandzakpress.net\/arhiva\/#\/schema\/person\/6e72b67d6e51910a1117b3b483ba20bd\"},\"potentialAction\":[{\"@type\":\"SearchAction\",\"target\":{\"@type\":\"EntryPoint\",\"urlTemplate\":\"https:\/\/sandzakpress.net\/arhiva\/?s={search_term_string}\"},\"query-input\":{\"@type\":\"PropertyValueSpecification\",\"valueRequired\":true,\"valueName\":\"search_term_string\"}}],\"inLanguage\":\"bs-BA\"},{\"@type\":[\"Person\",\"Organization\"],\"@id\":\"https:\/\/sandzakpress.net\/arhiva\/#\/schema\/person\/6e72b67d6e51910a1117b3b483ba20bd\",\"name\":\"Kul\",\"image\":{\"@type\":\"ImageObject\",\"inLanguage\":\"bs-BA\",\"@id\":\"https:\/\/sandzakpress.net\/arhiva\/#\/schema\/person\/image\/\",\"url\":\"https:\/\/secure.gravatar.com\/avatar\/42263f39aa27ac04c43cab85c280eb2e?s=96&d=mm&r=pg\",\"contentUrl\":\"https:\/\/secure.gravatar.com\/avatar\/42263f39aa27ac04c43cab85c280eb2e?s=96&d=mm&r=pg\",\"caption\":\"Kul\"},\"logo\":{\"@id\":\"https:\/\/sandzakpress.net\/arhiva\/#\/schema\/person\/image\/\"}},{\"@type\":\"Person\",\"@id\":\"https:\/\/sandzakpress.net\/arhiva\/#\/schema\/person\/cb59d7e3ab91ab90dd680ad0305a6185\",\"name\":\"Agencija\",\"image\":{\"@type\":\"ImageObject\",\"inLanguage\":\"bs-BA\",\"@id\":\"https:\/\/sandzakpress.net\/arhiva\/#\/schema\/person\/image\/\",\"url\":\"https:\/\/secure.gravatar.com\/avatar\/4b7fafa80a22f0c2afe23966b3961fe0?s=96&d=mm&r=pg\",\"contentUrl\":\"https:\/\/secure.gravatar.com\/avatar\/4b7fafa80a22f0c2afe23966b3961fe0?s=96&d=mm&r=pg\",\"caption\":\"Agencija\"},\"url\":\"https:\/\/sandzakpress.net\/arhiva\/author\/agencija\/\"}]}<\/script>\n<!-- \/ Yoast SEO Premium plugin. -->","yoast_head_json":{"title":"Matica bo\u0161nja\u010dka poru\u010dila kriminalcima - Grad Novi Pazar i Sand\u017eak \u0107e vam postati tijesni!","robots":{"index":"index","follow":"follow","max-snippet":"max-snippet:-1","max-image-preview":"max-image-preview:large","max-video-preview":"max-video-preview:-1"},"canonical":"https:\/\/sandzakpress.net\/arhiva\/matica-bosnjacka-porucila-kriminalcima-grad-novi-pazar-i-sandzak-ce-vam-postati-tijesni\/","og_locale":"bs_BA","og_type":"article","og_title":"Matica bo\u0161nja\u010dka poru\u010dila kriminalcima - Grad Novi Pazar i Sand\u017eak \u0107e vam postati tijesni!","og_description":"&nbsp; Zbog \u010dinjenice da se Bo\u0161nja\u010dko nacionalno vije\u0107e pretvorilo u mehanizam gu\u0161enja afirmacije bo\u0161nja\u010dkog nacionalnog identiteta i prava Bo\u0161njaka i zbog \u010dinjenice da ga od Prve sjednice prate brojne nezakonitosti, a posebno zbog \u010dinjenice da prije i tokom sjednice Vije\u0107a Ugljaninovi huligani napadaju i vrije\u0111aju pojedine vije\u0107nike i novinare, te zbog \u010dinjenice da se medijima [&hellip;]","og_url":"https:\/\/sandzakpress.net\/arhiva\/matica-bosnjacka-porucila-kriminalcima-grad-novi-pazar-i-sandzak-ce-vam-postati-tijesni\/","og_site_name":"Sand\u017eak PRESS","article_published_time":"2019-06-24T18:28:53+00:00","article_modified_time":"2019-06-24T18:36:26+00:00","og_image":[{"width":1118,"height":612,"url":"https:\/\/sandzakpress.net\/arhiva\/wp-content\/uploads\/2019\/06\/3bf33b02-e6c2-432a-91da-f542c312ffd6.jpg","type":"image\/jpeg"}],"author":"Agencija","twitter_card":"summary_large_image","twitter_misc":{"Written by":"Agencija","Est. reading time":"1 minuta"},"schema":{"@context":"https:\/\/schema.org","@graph":[{"@type":"Article","@id":"https:\/\/sandzakpress.net\/arhiva\/matica-bosnjacka-porucila-kriminalcima-grad-novi-pazar-i-sandzak-ce-vam-postati-tijesni\/#article","isPartOf":{"@id":"https:\/\/sandzakpress.net\/arhiva\/matica-bosnjacka-porucila-kriminalcima-grad-novi-pazar-i-sandzak-ce-vam-postati-tijesni\/"},"author":{"name":"Agencija","@id":"https:\/\/sandzakpress.net\/arhiva\/#\/schema\/person\/cb59d7e3ab91ab90dd680ad0305a6185"},"headline":"Matica bo\u0161nja\u010dka poru\u010dila kriminalcima &#8211; Grad Novi Pazar i Sand\u017eak \u0107e vam postati tijesni!","datePublished":"2019-06-24T18:28:53+00:00","dateModified":"2019-06-24T18:36:26+00:00","mainEntityOfPage":{"@id":"https:\/\/sandzakpress.net\/arhiva\/matica-bosnjacka-porucila-kriminalcima-grad-novi-pazar-i-sandzak-ce-vam-postati-tijesni\/"},"wordCount":214,"commentCount":2,"publisher":{"@id":"https:\/\/sandzakpress.net\/arhiva\/#\/schema\/person\/6e72b67d6e51910a1117b3b483ba20bd"},"image":{"@id":"https:\/\/sandzakpress.net\/arhiva\/matica-bosnjacka-porucila-kriminalcima-grad-novi-pazar-i-sandzak-ce-vam-postati-tijesni\/#primaryimage"},"thumbnailUrl":"https:\/\/sandzakpress.net\/arhiva\/wp-content\/uploads\/2019\/06\/3bf33b02-e6c2-432a-91da-f542c312ffd6.jpg","articleSection":["Novi Pazar","Politika","VIJESTI DANA","NAJNOVIJE"],"inLanguage":"bs-BA","potentialAction":[{"@type":"CommentAction","name":"Comment","target":["https:\/\/sandzakpress.net\/arhiva\/matica-bosnjacka-porucila-kriminalcima-grad-novi-pazar-i-sandzak-ce-vam-postati-tijesni\/#respond"]}]},{"@type":"WebPage","@id":"https:\/\/sandzakpress.net\/arhiva\/matica-bosnjacka-porucila-kriminalcima-grad-novi-pazar-i-sandzak-ce-vam-postati-tijesni\/","url":"https:\/\/sandzakpress.net\/arhiva\/matica-bosnjacka-porucila-kriminalcima-grad-novi-pazar-i-sandzak-ce-vam-postati-tijesni\/","name":"Matica bo\u0161nja\u010dka poru\u010dila kriminalcima - Grad Novi Pazar i Sand\u017eak \u0107e vam postati tijesni!","isPartOf":{"@id":"https:\/\/sandzakpress.net\/arhiva\/#website"},"primaryImageOfPage":{"@id":"https:\/\/sandzakpress.net\/arhiva\/matica-bosnjacka-porucila-kriminalcima-grad-novi-pazar-i-sandzak-ce-vam-postati-tijesni\/#primaryimage"},"image":{"@id":"https:\/\/sandzakpress.net\/arhiva\/matica-bosnjacka-porucila-kriminalcima-grad-novi-pazar-i-sandzak-ce-vam-postati-tijesni\/#primaryimage"},"thumbnailUrl":"https:\/\/sandzakpress.net\/arhiva\/wp-content\/uploads\/2019\/06\/3bf33b02-e6c2-432a-91da-f542c312ffd6.jpg","datePublished":"2019-06-24T18:28:53+00:00","dateModified":"2019-06-24T18:36:26+00:00","breadcrumb":{"@id":"https:\/\/sandzakpress.net\/arhiva\/matica-bosnjacka-porucila-kriminalcima-grad-novi-pazar-i-sandzak-ce-vam-postati-tijesni\/#breadcrumb"},"inLanguage":"bs-BA","potentialAction":[{"@type":"ReadAction","target":["https:\/\/sandzakpress.net\/arhiva\/matica-bosnjacka-porucila-kriminalcima-grad-novi-pazar-i-sandzak-ce-vam-postati-tijesni\/"]}]},{"@type":"ImageObject","inLanguage":"bs-BA","@id":"https:\/\/sandzakpress.net\/arhiva\/matica-bosnjacka-porucila-kriminalcima-grad-novi-pazar-i-sandzak-ce-vam-postati-tijesni\/#primaryimage","url":"https:\/\/sandzakpress.net\/arhiva\/wp-content\/uploads\/2019\/06\/3bf33b02-e6c2-432a-91da-f542c312ffd6.jpg","contentUrl":"https:\/\/sandzakpress.net\/arhiva\/wp-content\/uploads\/2019\/06\/3bf33b02-e6c2-432a-91da-f542c312ffd6.jpg","width":1118,"height":612},{"@type":"BreadcrumbList","@id":"https:\/\/sandzakpress.net\/arhiva\/matica-bosnjacka-porucila-kriminalcima-grad-novi-pazar-i-sandzak-ce-vam-postati-tijesni\/#breadcrumb","itemListElement":[{"@type":"ListItem","position":1,"name":"Home","item":"https:\/\/sandzakpress.net\/arhiva\/"},{"@type":"ListItem","position":2,"name":"Matica bo\u0161nja\u010dka poru\u010dila kriminalcima &#8211; Grad Novi Pazar i Sand\u017eak \u0107e vam postati tijesni!"}]},{"@type":"WebSite","@id":"https:\/\/sandzakpress.net\/arhiva\/#website","url":"https:\/\/sandzakpress.net\/arhiva\/","name":"Sand\u017eak PRESS","description":"Prve elektronske novine u Sand\u017eaku","publisher":{"@id":"https:\/\/sandzakpress.net\/arhiva\/#\/schema\/person\/6e72b67d6e51910a1117b3b483ba20bd"},"potentialAction":[{"@type":"SearchAction","target":{"@type":"EntryPoint","urlTemplate":"https:\/\/sandzakpress.net\/arhiva\/?s={search_term_string}"},"query-input":{"@type":"PropertyValueSpecification","valueRequired":true,"valueName":"search_term_string"}}],"inLanguage":"bs-BA"},{"@type":["Person","Organization"],"@id":"https:\/\/sandzakpress.net\/arhiva\/#\/schema\/person\/6e72b67d6e51910a1117b3b483ba20bd","name":"Kul","image":{"@type":"ImageObject","inLanguage":"bs-BA","@id":"https:\/\/sandzakpress.net\/arhiva\/#\/schema\/person\/image\/","url":"https:\/\/secure.gravatar.com\/avatar\/42263f39aa27ac04c43cab85c280eb2e?s=96&d=mm&r=pg","contentUrl":"https:\/\/secure.gravatar.com\/avatar\/42263f39aa27ac04c43cab85c280eb2e?s=96&d=mm&r=pg","caption":"Kul"},"logo":{"@id":"https:\/\/sandzakpress.net\/arhiva\/#\/schema\/person\/image\/"}},{"@type":"Person","@id":"https:\/\/sandzakpress.net\/arhiva\/#\/schema\/person\/cb59d7e3ab91ab90dd680ad0305a6185","name":"Agencija","image":{"@type":"ImageObject","inLanguage":"bs-BA","@id":"https:\/\/sandzakpress.net\/arhiva\/#\/schema\/person\/image\/","url":"https:\/\/secure.gravatar.com\/avatar\/4b7fafa80a22f0c2afe23966b3961fe0?s=96&d=mm&r=pg","contentUrl":"https:\/\/secure.gravatar.com\/avatar\/4b7fafa80a22f0c2afe23966b3961fe0?s=96&d=mm&r=pg","caption":"Agencija"},"url":"https:\/\/sandzakpress.net\/arhiva\/author\/agencija\/"}]}},"_links":{"self":[{"href":"https:\/\/sandzakpress.net\/arhiva\/wp-json\/wp\/v2\/posts\/225200"}],"collection":[{"href":"https:\/\/sandzakpress.net\/arhiva\/wp-json\/wp\/v2\/posts"}],"about":[{"href":"https:\/\/sandzakpress.net\/arhiva\/wp-json\/wp\/v2\/types\/post"}],"author":[{"embeddable":true,"href":"https:\/\/sandzakpress.net\/arhiva\/wp-json\/wp\/v2\/users\/509"}],"replies":[{"embeddable":true,"href":"https:\/\/sandzakpress.net\/arhiva\/wp-json\/wp\/v2\/comments?post=225200"}],"version-history":[{"count":0,"href":"https:\/\/sandzakpress.net\/arhiva\/wp-json\/wp\/v2\/posts\/225200\/revisions"}],"wp:featuredmedia":[{"embeddable":true,"href":"https:\/\/sandzakpress.net\/arhiva\/wp-json\/wp\/v2\/media\/225202"}],"wp:attachment":[{"href":"https:\/\/sandzakpress.net\/arhiva\/wp-json\/wp\/v2\/media?parent=225200"}],"wp:term":[{"taxonomy":"category","embeddable":true,"href":"https:\/\/sandzakpress.net\/arhiva\/wp-json\/wp\/v2\/categories?post=225200"},{"taxonomy":"post_tag","embeddable":true,"href":"https:\/\/sandzakpress.net\/arhiva\/wp-json\/wp\/v2\/tags?post=225200"}],"curies":[{"name":"wp","href":"https:\/\/api.w.org\/{rel}","templated":true}]}}