{"id":225185,"date":"2019-06-24T16:30:07","date_gmt":"2019-06-24T14:30:07","guid":{"rendered":"https:\/\/sandzakpress.net\/arhiva\/?p=225185"},"modified":"2019-06-24T16:30:07","modified_gmt":"2019-06-24T14:30:07","slug":"dr-zukorlic-boricu-se-za-otvaranje-naucno-tehnoloskog-centra-u-novom-pazaru","status":"publish","type":"post","link":"https:\/\/sandzakpress.net\/arhiva\/dr-zukorlic-boricu-se-za-otvaranje-naucno-tehnoloskog-centra-u-novom-pazaru\/","title":{"rendered":"Dr. Zukorli\u0107: Bori\u0107u se za otvaranje nau\u010dno-tehnolo\u0161kog centra u Novom Pazaru"},"content":{"rendered":"<p><img loading=\"lazy\" decoding=\"async\" class=\"alignnone size-full wp-image-225187\" src=\"https:\/\/sandzakpress.net\/arhiva\/wp-content\/uploads\/2019\/06\/zukorlic.jpg\" alt=\"\" width=\"1907\" height=\"1332\" srcset=\"https:\/\/sandzakpress.net\/arhiva\/wp-content\/uploads\/2019\/06\/zukorlic.jpg 1907w, https:\/\/sandzakpress.net\/arhiva\/wp-content\/uploads\/2019\/06\/zukorlic-768x536.jpg 768w, https:\/\/sandzakpress.net\/arhiva\/wp-content\/uploads\/2019\/06\/zukorlic-616x430.jpg 616w\" sizes=\"(max-width: 1907px) 100vw, 1907px\" \/><\/p>\n<p><strong>Predsjednik Odbora za obrazovanje, nauku, tehnolo\u0161ki razvoj i informati\u010dko dru\u0161tvo Republike Srbije dr. Muamer Zukorli\u0107 govorio o nacrtu Zakona o nauci i istra\u017eivanjima koji \u0107e sutra biti na dnevnom redu Narodne skup\u0161tine Srbije.<\/strong><\/p>\n<p>Zukorli\u0107 kazao da je rije\u010d o zakonu koji ure\u0111uje politiku za podsticanje nau\u010dno-tehnolo\u0161kog razvoja kroz kombinaciju projektnog i institucionalnog finansiranja.<\/p>\n<p>\u201cRealno, za ozbiljnu i veliku nauku treba ozbiljna i velika dr\u017eava, kao i ozbiljan i velik bud\u017eet, jer dvije su komponente kako jedna nauka napreduje. Prva je inicijalna, a odnosi se na to koliko talnata ima jedna dr\u017eava, koliko prepozna te talente i otvori im traku puta na kojoj bi se oni isforsirali, a druga je koliko ima novca da se finanasira nauka, jer nauka pogotovo u ovim priordnim znanostima je preskupa, jer su tu nau\u010dne analize jako skupe, pa napredak u tom smislu iziskuje veliku finansijsku podr\u0161ku. E sada one zemlje koje nisu tako velike sa finansijskim bud\u017eetima za nauku, onda one forsiraju talente. Balkan op\u0107eniko, uklju\u010duju\u0107i i Srbiju spada u zemlje sa natprosje\u010dnim brojem talenata u nauci i tu le\u017ei veliki adut\u201d,\u00a0istakao je akademik Zukorli\u0107.<\/p>\n<p>Akademik Zukorli\u0107 istakao da se zala\u017ee za otvaranje nau\u010dno-tehnolo\u0161kog centra u Novom Pazaru, gdje bi se dalo vi\u0161e \u0161anse i prostora talentovanim mladim ljudima.<\/p>\n<p>\u201cJa sam \u010dak imao ideju, koliko \u0107u biti podr\u017ean od strane dr\u017eave ne znam ba\u0161, da se jedan takav nau\u010dno-tehnolo\u0161ki park otvori ovdje u Sand\u017eaku, u Novome Pazaru, gdje bismo imali jedan kompleks gdje bismo mogli da okupljamo talentovanu djecu, dajemo im \u0161anse da iska\u017eu svoje talente, a da ih onda u tome obu\u010davamo, gdje bismo imali spoj teorijskog, prakti\u010dnog i eksperimentalnog znanja u svim, ili bar nekoliko oblasti koje bi onako bile najinteresantnije za na\u0161e podru\u010dje. Bori\u0107u se za to, bilo preko dr\u017eave \u0161to bi bilo bolje da se bud\u017eetski finansira, ako ne \u2013 mi \u0107emo odmah na\u0107i neki alternativan na\u010din, mogao bi to i Univerzitet, iako su za to potrebna ozbiljna finansijska sredstva, ali je to u svakom slu\u010daju nama potrebno\u201d, rekao je Zukorli\u0107.<\/p>\n<p>Krajnji cilj zakona je unapre\u0111enje kvaliteta nau\u010dno-istra\u017eiva\u010dkog rada i primjena njegovih rezultata, a samim tim i dalji razvoj inovativnog dru\u0161tva zasnovanog na znanju.<\/p>\n<p>&nbsp;<\/p>\n","protected":false},"excerpt":{"rendered":"<p>Predsjednik Odbora za obrazovanje, nauku, tehnolo\u0161ki razvoj i informati\u010dko dru\u0161tvo Republike Srbije dr. Muamer Zukorli\u0107 govorio o nacrtu Zakona o nauci i istra\u017eivanjima koji \u0107e sutra biti na dnevnom redu Narodne skup\u0161tine Srbije. Zukorli\u0107 kazao da je rije\u010d o zakonu koji ure\u0111uje politiku za podsticanje nau\u010dno-tehnolo\u0161kog razvoja kroz kombinaciju projektnog i institucionalnog finansiranja. \u201cRealno, za [&hellip;]<\/p>\n","protected":false},"author":509,"featured_media":225187,"comment_status":"open","ping_status":"open","sticky":false,"template":"","format":"standard","meta":{"footnotes":""},"categories":[72,4,8957],"tags":[10204,10223],"class_list":{"0":"post-225185","1":"post","2":"type-post","3":"status-publish","4":"format-standard","5":"has-post-thumbnail","7":"category-novi-pazar","8":"category-obrazovanje","9":"category-vijesti-dana","10":"tag-muftija-muamer-zukorlic","11":"tag-bdz"},"yoast_head":"<!-- This site is optimized with the Yoast SEO Premium plugin v23.1 (Yoast SEO v24.9) - https:\/\/yoast.com\/wordpress\/plugins\/seo\/ -->\n<title>Dr. Zukorli\u0107: Bori\u0107u se za otvaranje nau\u010dno-tehnolo\u0161kog centra u Novom Pazaru<\/title>\n<meta name=\"robots\" content=\"index, follow, max-snippet:-1, max-image-preview:large, max-video-preview:-1\" \/>\n<link rel=\"canonical\" href=\"https:\/\/sandzakpress.net\/arhiva\/dr-zukorlic-boricu-se-za-otvaranje-naucno-tehnoloskog-centra-u-novom-pazaru\/\" \/>\n<meta property=\"og:locale\" content=\"bs_BA\" \/>\n<meta property=\"og:type\" content=\"article\" \/>\n<meta property=\"og:title\" content=\"Dr. Zukorli\u0107: Bori\u0107u se za otvaranje nau\u010dno-tehnolo\u0161kog centra u Novom Pazaru\" \/>\n<meta property=\"og:description\" content=\"Predsjednik Odbora za obrazovanje, nauku, tehnolo\u0161ki razvoj i informati\u010dko dru\u0161tvo Republike Srbije dr. Muamer Zukorli\u0107 govorio o nacrtu Zakona o nauci i istra\u017eivanjima koji \u0107e sutra biti na dnevnom redu Narodne skup\u0161tine Srbije. Zukorli\u0107 kazao da je rije\u010d o zakonu koji ure\u0111uje politiku za podsticanje nau\u010dno-tehnolo\u0161kog razvoja kroz kombinaciju projektnog i institucionalnog finansiranja. \u201cRealno, za [&hellip;]\" \/>\n<meta property=\"og:url\" content=\"https:\/\/sandzakpress.net\/arhiva\/dr-zukorlic-boricu-se-za-otvaranje-naucno-tehnoloskog-centra-u-novom-pazaru\/\" \/>\n<meta property=\"og:site_name\" content=\"Sand\u017eak PRESS\" \/>\n<meta property=\"article:published_time\" content=\"2019-06-24T14:30:07+00:00\" \/>\n<meta property=\"og:image\" content=\"https:\/\/sandzakpress.net\/arhiva\/wp-content\/uploads\/2019\/06\/zukorlic.jpg\" \/>\n\t<meta property=\"og:image:width\" content=\"1907\" \/>\n\t<meta property=\"og:image:height\" content=\"1332\" \/>\n\t<meta property=\"og:image:type\" content=\"image\/jpeg\" \/>\n<meta name=\"author\" content=\"Agencija\" \/>\n<meta name=\"twitter:card\" content=\"summary_large_image\" \/>\n<meta name=\"twitter:label1\" content=\"Written by\" \/>\n\t<meta name=\"twitter:data1\" content=\"Agencija\" \/>\n\t<meta name=\"twitter:label2\" content=\"Est. reading time\" \/>\n\t<meta name=\"twitter:data2\" content=\"2 minute\" \/>\n<script type=\"application\/ld+json\" class=\"yoast-schema-graph\">{\"@context\":\"https:\/\/schema.org\",\"@graph\":[{\"@type\":\"Article\",\"@id\":\"https:\/\/sandzakpress.net\/arhiva\/dr-zukorlic-boricu-se-za-otvaranje-naucno-tehnoloskog-centra-u-novom-pazaru\/#article\",\"isPartOf\":{\"@id\":\"https:\/\/sandzakpress.net\/arhiva\/dr-zukorlic-boricu-se-za-otvaranje-naucno-tehnoloskog-centra-u-novom-pazaru\/\"},\"author\":{\"name\":\"Agencija\",\"@id\":\"https:\/\/sandzakpress.net\/arhiva\/#\/schema\/person\/cb59d7e3ab91ab90dd680ad0305a6185\"},\"headline\":\"Dr. Zukorli\u0107: Bori\u0107u se za otvaranje nau\u010dno-tehnolo\u0161kog centra u Novom Pazaru\",\"datePublished\":\"2019-06-24T14:30:07+00:00\",\"mainEntityOfPage\":{\"@id\":\"https:\/\/sandzakpress.net\/arhiva\/dr-zukorlic-boricu-se-za-otvaranje-naucno-tehnoloskog-centra-u-novom-pazaru\/\"},\"wordCount\":412,\"commentCount\":1,\"publisher\":{\"@id\":\"https:\/\/sandzakpress.net\/arhiva\/#\/schema\/person\/6e72b67d6e51910a1117b3b483ba20bd\"},\"image\":{\"@id\":\"https:\/\/sandzakpress.net\/arhiva\/dr-zukorlic-boricu-se-za-otvaranje-naucno-tehnoloskog-centra-u-novom-pazaru\/#primaryimage\"},\"thumbnailUrl\":\"https:\/\/sandzakpress.net\/arhiva\/wp-content\/uploads\/2019\/06\/zukorlic.jpg\",\"keywords\":[\"muftija Muamer Zukorli\u0107\",\"BDZ\"],\"articleSection\":[\"Novi Pazar\",\"Obrazovanje\",\"VIJESTI DANA\"],\"inLanguage\":\"bs-BA\",\"potentialAction\":[{\"@type\":\"CommentAction\",\"name\":\"Comment\",\"target\":[\"https:\/\/sandzakpress.net\/arhiva\/dr-zukorlic-boricu-se-za-otvaranje-naucno-tehnoloskog-centra-u-novom-pazaru\/#respond\"]}]},{\"@type\":\"WebPage\",\"@id\":\"https:\/\/sandzakpress.net\/arhiva\/dr-zukorlic-boricu-se-za-otvaranje-naucno-tehnoloskog-centra-u-novom-pazaru\/\",\"url\":\"https:\/\/sandzakpress.net\/arhiva\/dr-zukorlic-boricu-se-za-otvaranje-naucno-tehnoloskog-centra-u-novom-pazaru\/\",\"name\":\"Dr. Zukorli\u0107: Bori\u0107u se za otvaranje nau\u010dno-tehnolo\u0161kog centra u Novom Pazaru\",\"isPartOf\":{\"@id\":\"https:\/\/sandzakpress.net\/arhiva\/#website\"},\"primaryImageOfPage\":{\"@id\":\"https:\/\/sandzakpress.net\/arhiva\/dr-zukorlic-boricu-se-za-otvaranje-naucno-tehnoloskog-centra-u-novom-pazaru\/#primaryimage\"},\"image\":{\"@id\":\"https:\/\/sandzakpress.net\/arhiva\/dr-zukorlic-boricu-se-za-otvaranje-naucno-tehnoloskog-centra-u-novom-pazaru\/#primaryimage\"},\"thumbnailUrl\":\"https:\/\/sandzakpress.net\/arhiva\/wp-content\/uploads\/2019\/06\/zukorlic.jpg\",\"datePublished\":\"2019-06-24T14:30:07+00:00\",\"breadcrumb\":{\"@id\":\"https:\/\/sandzakpress.net\/arhiva\/dr-zukorlic-boricu-se-za-otvaranje-naucno-tehnoloskog-centra-u-novom-pazaru\/#breadcrumb\"},\"inLanguage\":\"bs-BA\",\"potentialAction\":[{\"@type\":\"ReadAction\",\"target\":[\"https:\/\/sandzakpress.net\/arhiva\/dr-zukorlic-boricu-se-za-otvaranje-naucno-tehnoloskog-centra-u-novom-pazaru\/\"]}]},{\"@type\":\"ImageObject\",\"inLanguage\":\"bs-BA\",\"@id\":\"https:\/\/sandzakpress.net\/arhiva\/dr-zukorlic-boricu-se-za-otvaranje-naucno-tehnoloskog-centra-u-novom-pazaru\/#primaryimage\",\"url\":\"https:\/\/sandzakpress.net\/arhiva\/wp-content\/uploads\/2019\/06\/zukorlic.jpg\",\"contentUrl\":\"https:\/\/sandzakpress.net\/arhiva\/wp-content\/uploads\/2019\/06\/zukorlic.jpg\",\"width\":1907,\"height\":1332},{\"@type\":\"BreadcrumbList\",\"@id\":\"https:\/\/sandzakpress.net\/arhiva\/dr-zukorlic-boricu-se-za-otvaranje-naucno-tehnoloskog-centra-u-novom-pazaru\/#breadcrumb\",\"itemListElement\":[{\"@type\":\"ListItem\",\"position\":1,\"name\":\"Home\",\"item\":\"https:\/\/sandzakpress.net\/arhiva\/\"},{\"@type\":\"ListItem\",\"position\":2,\"name\":\"Dr. Zukorli\u0107: Bori\u0107u se za otvaranje nau\u010dno-tehnolo\u0161kog centra u Novom Pazaru\"}]},{\"@type\":\"WebSite\",\"@id\":\"https:\/\/sandzakpress.net\/arhiva\/#website\",\"url\":\"https:\/\/sandzakpress.net\/arhiva\/\",\"name\":\"Sand\u017eak PRESS\",\"description\":\"Prve elektronske novine u Sand\u017eaku\",\"publisher\":{\"@id\":\"https:\/\/sandzakpress.net\/arhiva\/#\/schema\/person\/6e72b67d6e51910a1117b3b483ba20bd\"},\"potentialAction\":[{\"@type\":\"SearchAction\",\"target\":{\"@type\":\"EntryPoint\",\"urlTemplate\":\"https:\/\/sandzakpress.net\/arhiva\/?s={search_term_string}\"},\"query-input\":{\"@type\":\"PropertyValueSpecification\",\"valueRequired\":true,\"valueName\":\"search_term_string\"}}],\"inLanguage\":\"bs-BA\"},{\"@type\":[\"Person\",\"Organization\"],\"@id\":\"https:\/\/sandzakpress.net\/arhiva\/#\/schema\/person\/6e72b67d6e51910a1117b3b483ba20bd\",\"name\":\"Kul\",\"image\":{\"@type\":\"ImageObject\",\"inLanguage\":\"bs-BA\",\"@id\":\"https:\/\/sandzakpress.net\/arhiva\/#\/schema\/person\/image\/\",\"url\":\"https:\/\/secure.gravatar.com\/avatar\/42263f39aa27ac04c43cab85c280eb2e?s=96&d=mm&r=pg\",\"contentUrl\":\"https:\/\/secure.gravatar.com\/avatar\/42263f39aa27ac04c43cab85c280eb2e?s=96&d=mm&r=pg\",\"caption\":\"Kul\"},\"logo\":{\"@id\":\"https:\/\/sandzakpress.net\/arhiva\/#\/schema\/person\/image\/\"}},{\"@type\":\"Person\",\"@id\":\"https:\/\/sandzakpress.net\/arhiva\/#\/schema\/person\/cb59d7e3ab91ab90dd680ad0305a6185\",\"name\":\"Agencija\",\"image\":{\"@type\":\"ImageObject\",\"inLanguage\":\"bs-BA\",\"@id\":\"https:\/\/sandzakpress.net\/arhiva\/#\/schema\/person\/image\/\",\"url\":\"https:\/\/secure.gravatar.com\/avatar\/4b7fafa80a22f0c2afe23966b3961fe0?s=96&d=mm&r=pg\",\"contentUrl\":\"https:\/\/secure.gravatar.com\/avatar\/4b7fafa80a22f0c2afe23966b3961fe0?s=96&d=mm&r=pg\",\"caption\":\"Agencija\"},\"url\":\"https:\/\/sandzakpress.net\/arhiva\/author\/agencija\/\"}]}<\/script>\n<!-- \/ Yoast SEO Premium plugin. -->","yoast_head_json":{"title":"Dr. Zukorli\u0107: Bori\u0107u se za otvaranje nau\u010dno-tehnolo\u0161kog centra u Novom Pazaru","robots":{"index":"index","follow":"follow","max-snippet":"max-snippet:-1","max-image-preview":"max-image-preview:large","max-video-preview":"max-video-preview:-1"},"canonical":"https:\/\/sandzakpress.net\/arhiva\/dr-zukorlic-boricu-se-za-otvaranje-naucno-tehnoloskog-centra-u-novom-pazaru\/","og_locale":"bs_BA","og_type":"article","og_title":"Dr. Zukorli\u0107: Bori\u0107u se za otvaranje nau\u010dno-tehnolo\u0161kog centra u Novom Pazaru","og_description":"Predsjednik Odbora za obrazovanje, nauku, tehnolo\u0161ki razvoj i informati\u010dko dru\u0161tvo Republike Srbije dr. Muamer Zukorli\u0107 govorio o nacrtu Zakona o nauci i istra\u017eivanjima koji \u0107e sutra biti na dnevnom redu Narodne skup\u0161tine Srbije. Zukorli\u0107 kazao da je rije\u010d o zakonu koji ure\u0111uje politiku za podsticanje nau\u010dno-tehnolo\u0161kog razvoja kroz kombinaciju projektnog i institucionalnog finansiranja. \u201cRealno, za [&hellip;]","og_url":"https:\/\/sandzakpress.net\/arhiva\/dr-zukorlic-boricu-se-za-otvaranje-naucno-tehnoloskog-centra-u-novom-pazaru\/","og_site_name":"Sand\u017eak PRESS","article_published_time":"2019-06-24T14:30:07+00:00","og_image":[{"width":1907,"height":1332,"url":"https:\/\/sandzakpress.net\/arhiva\/wp-content\/uploads\/2019\/06\/zukorlic.jpg","type":"image\/jpeg"}],"author":"Agencija","twitter_card":"summary_large_image","twitter_misc":{"Written by":"Agencija","Est. reading time":"2 minute"},"schema":{"@context":"https:\/\/schema.org","@graph":[{"@type":"Article","@id":"https:\/\/sandzakpress.net\/arhiva\/dr-zukorlic-boricu-se-za-otvaranje-naucno-tehnoloskog-centra-u-novom-pazaru\/#article","isPartOf":{"@id":"https:\/\/sandzakpress.net\/arhiva\/dr-zukorlic-boricu-se-za-otvaranje-naucno-tehnoloskog-centra-u-novom-pazaru\/"},"author":{"name":"Agencija","@id":"https:\/\/sandzakpress.net\/arhiva\/#\/schema\/person\/cb59d7e3ab91ab90dd680ad0305a6185"},"headline":"Dr. Zukorli\u0107: Bori\u0107u se za otvaranje nau\u010dno-tehnolo\u0161kog centra u Novom Pazaru","datePublished":"2019-06-24T14:30:07+00:00","mainEntityOfPage":{"@id":"https:\/\/sandzakpress.net\/arhiva\/dr-zukorlic-boricu-se-za-otvaranje-naucno-tehnoloskog-centra-u-novom-pazaru\/"},"wordCount":412,"commentCount":1,"publisher":{"@id":"https:\/\/sandzakpress.net\/arhiva\/#\/schema\/person\/6e72b67d6e51910a1117b3b483ba20bd"},"image":{"@id":"https:\/\/sandzakpress.net\/arhiva\/dr-zukorlic-boricu-se-za-otvaranje-naucno-tehnoloskog-centra-u-novom-pazaru\/#primaryimage"},"thumbnailUrl":"https:\/\/sandzakpress.net\/arhiva\/wp-content\/uploads\/2019\/06\/zukorlic.jpg","keywords":["muftija Muamer Zukorli\u0107","BDZ"],"articleSection":["Novi Pazar","Obrazovanje","VIJESTI DANA"],"inLanguage":"bs-BA","potentialAction":[{"@type":"CommentAction","name":"Comment","target":["https:\/\/sandzakpress.net\/arhiva\/dr-zukorlic-boricu-se-za-otvaranje-naucno-tehnoloskog-centra-u-novom-pazaru\/#respond"]}]},{"@type":"WebPage","@id":"https:\/\/sandzakpress.net\/arhiva\/dr-zukorlic-boricu-se-za-otvaranje-naucno-tehnoloskog-centra-u-novom-pazaru\/","url":"https:\/\/sandzakpress.net\/arhiva\/dr-zukorlic-boricu-se-za-otvaranje-naucno-tehnoloskog-centra-u-novom-pazaru\/","name":"Dr. Zukorli\u0107: Bori\u0107u se za otvaranje nau\u010dno-tehnolo\u0161kog centra u Novom Pazaru","isPartOf":{"@id":"https:\/\/sandzakpress.net\/arhiva\/#website"},"primaryImageOfPage":{"@id":"https:\/\/sandzakpress.net\/arhiva\/dr-zukorlic-boricu-se-za-otvaranje-naucno-tehnoloskog-centra-u-novom-pazaru\/#primaryimage"},"image":{"@id":"https:\/\/sandzakpress.net\/arhiva\/dr-zukorlic-boricu-se-za-otvaranje-naucno-tehnoloskog-centra-u-novom-pazaru\/#primaryimage"},"thumbnailUrl":"https:\/\/sandzakpress.net\/arhiva\/wp-content\/uploads\/2019\/06\/zukorlic.jpg","datePublished":"2019-06-24T14:30:07+00:00","breadcrumb":{"@id":"https:\/\/sandzakpress.net\/arhiva\/dr-zukorlic-boricu-se-za-otvaranje-naucno-tehnoloskog-centra-u-novom-pazaru\/#breadcrumb"},"inLanguage":"bs-BA","potentialAction":[{"@type":"ReadAction","target":["https:\/\/sandzakpress.net\/arhiva\/dr-zukorlic-boricu-se-za-otvaranje-naucno-tehnoloskog-centra-u-novom-pazaru\/"]}]},{"@type":"ImageObject","inLanguage":"bs-BA","@id":"https:\/\/sandzakpress.net\/arhiva\/dr-zukorlic-boricu-se-za-otvaranje-naucno-tehnoloskog-centra-u-novom-pazaru\/#primaryimage","url":"https:\/\/sandzakpress.net\/arhiva\/wp-content\/uploads\/2019\/06\/zukorlic.jpg","contentUrl":"https:\/\/sandzakpress.net\/arhiva\/wp-content\/uploads\/2019\/06\/zukorlic.jpg","width":1907,"height":1332},{"@type":"BreadcrumbList","@id":"https:\/\/sandzakpress.net\/arhiva\/dr-zukorlic-boricu-se-za-otvaranje-naucno-tehnoloskog-centra-u-novom-pazaru\/#breadcrumb","itemListElement":[{"@type":"ListItem","position":1,"name":"Home","item":"https:\/\/sandzakpress.net\/arhiva\/"},{"@type":"ListItem","position":2,"name":"Dr. Zukorli\u0107: Bori\u0107u se za otvaranje nau\u010dno-tehnolo\u0161kog centra u Novom Pazaru"}]},{"@type":"WebSite","@id":"https:\/\/sandzakpress.net\/arhiva\/#website","url":"https:\/\/sandzakpress.net\/arhiva\/","name":"Sand\u017eak PRESS","description":"Prve elektronske novine u Sand\u017eaku","publisher":{"@id":"https:\/\/sandzakpress.net\/arhiva\/#\/schema\/person\/6e72b67d6e51910a1117b3b483ba20bd"},"potentialAction":[{"@type":"SearchAction","target":{"@type":"EntryPoint","urlTemplate":"https:\/\/sandzakpress.net\/arhiva\/?s={search_term_string}"},"query-input":{"@type":"PropertyValueSpecification","valueRequired":true,"valueName":"search_term_string"}}],"inLanguage":"bs-BA"},{"@type":["Person","Organization"],"@id":"https:\/\/sandzakpress.net\/arhiva\/#\/schema\/person\/6e72b67d6e51910a1117b3b483ba20bd","name":"Kul","image":{"@type":"ImageObject","inLanguage":"bs-BA","@id":"https:\/\/sandzakpress.net\/arhiva\/#\/schema\/person\/image\/","url":"https:\/\/secure.gravatar.com\/avatar\/42263f39aa27ac04c43cab85c280eb2e?s=96&d=mm&r=pg","contentUrl":"https:\/\/secure.gravatar.com\/avatar\/42263f39aa27ac04c43cab85c280eb2e?s=96&d=mm&r=pg","caption":"Kul"},"logo":{"@id":"https:\/\/sandzakpress.net\/arhiva\/#\/schema\/person\/image\/"}},{"@type":"Person","@id":"https:\/\/sandzakpress.net\/arhiva\/#\/schema\/person\/cb59d7e3ab91ab90dd680ad0305a6185","name":"Agencija","image":{"@type":"ImageObject","inLanguage":"bs-BA","@id":"https:\/\/sandzakpress.net\/arhiva\/#\/schema\/person\/image\/","url":"https:\/\/secure.gravatar.com\/avatar\/4b7fafa80a22f0c2afe23966b3961fe0?s=96&d=mm&r=pg","contentUrl":"https:\/\/secure.gravatar.com\/avatar\/4b7fafa80a22f0c2afe23966b3961fe0?s=96&d=mm&r=pg","caption":"Agencija"},"url":"https:\/\/sandzakpress.net\/arhiva\/author\/agencija\/"}]}},"_links":{"self":[{"href":"https:\/\/sandzakpress.net\/arhiva\/wp-json\/wp\/v2\/posts\/225185"}],"collection":[{"href":"https:\/\/sandzakpress.net\/arhiva\/wp-json\/wp\/v2\/posts"}],"about":[{"href":"https:\/\/sandzakpress.net\/arhiva\/wp-json\/wp\/v2\/types\/post"}],"author":[{"embeddable":true,"href":"https:\/\/sandzakpress.net\/arhiva\/wp-json\/wp\/v2\/users\/509"}],"replies":[{"embeddable":true,"href":"https:\/\/sandzakpress.net\/arhiva\/wp-json\/wp\/v2\/comments?post=225185"}],"version-history":[{"count":0,"href":"https:\/\/sandzakpress.net\/arhiva\/wp-json\/wp\/v2\/posts\/225185\/revisions"}],"wp:featuredmedia":[{"embeddable":true,"href":"https:\/\/sandzakpress.net\/arhiva\/wp-json\/wp\/v2\/media\/225187"}],"wp:attachment":[{"href":"https:\/\/sandzakpress.net\/arhiva\/wp-json\/wp\/v2\/media?parent=225185"}],"wp:term":[{"taxonomy":"category","embeddable":true,"href":"https:\/\/sandzakpress.net\/arhiva\/wp-json\/wp\/v2\/categories?post=225185"},{"taxonomy":"post_tag","embeddable":true,"href":"https:\/\/sandzakpress.net\/arhiva\/wp-json\/wp\/v2\/tags?post=225185"}],"curies":[{"name":"wp","href":"https:\/\/api.w.org\/{rel}","templated":true}]}}