{"id":225182,"date":"2019-06-24T15:42:30","date_gmt":"2019-06-24T13:42:30","guid":{"rendered":"https:\/\/sandzakpress.net\/arhiva\/?p=225182"},"modified":"2019-06-24T15:42:30","modified_gmt":"2019-06-24T13:42:30","slug":"dzudzo-za-stv-nisam-podnio-ostavku-na-mjesto-predsjednika-bnv-a","status":"publish","type":"post","link":"https:\/\/sandzakpress.net\/arhiva\/dzudzo-za-stv-nisam-podnio-ostavku-na-mjesto-predsjednika-bnv-a\/","title":{"rendered":"D\u017eud\u017eo za STV: Nisam podnio ostavku na mjesto predsjednika BNV-a"},"content":{"rendered":"<p><img decoding=\"async\" class=\"aligncenter\" src=\"http:\/\/sanapress.info\/wp-content\/uploads\/2019\/06\/dzudzo.jpg\" \/><\/p>\n<p>Javnost u Sand\u017eaku iznena\u0111ena je ostavkom koju je Esad D\u017eud\u017eo podnio na mjesto vije\u0107nika u Bo\u0161nja\u010dkom nacionalnom vije\u0107u. Za Sand\u017eak Televiziju nagla\u0161ava da je podnio ostavku na mjesto vije\u0107nika, ali nije prihvatio zahtjev liste &#8220;Samoopredjeljenje&#8221; i Sulejmana Ugljanina za ostavku na mjesto predsjednika Vije\u0107a jer, poru\u010duje, za to smatra da nema utemeljenja, pogotovo moralnog. Napominje da sa \u010dela BNV-a mo\u017ee oti\u0107i jedino smjenom za \u0161ta je potrebno 18 glasova.<\/p>\n<p>izvor: SANA<\/p>\n","protected":false},"excerpt":{"rendered":"<p>Javnost u Sand\u017eaku iznena\u0111ena je ostavkom koju je Esad D\u017eud\u017eo podnio na mjesto vije\u0107nika u Bo\u0161nja\u010dkom nacionalnom vije\u0107u. Za Sand\u017eak Televiziju nagla\u0161ava da je podnio ostavku na mjesto vije\u0107nika, ali nije prihvatio zahtjev liste &#8220;Samoopredjeljenje&#8221; i Sulejmana Ugljanina za ostavku na mjesto predsjednika Vije\u0107a jer, poru\u010duje, za to smatra da nema utemeljenja, pogotovo moralnog. Napominje [&hellip;]<\/p>\n","protected":false},"author":509,"featured_media":225183,"comment_status":"open","ping_status":"open","sticky":false,"template":"","format":"standard","meta":{"footnotes":""},"categories":[72,1,8957],"tags":[],"class_list":{"0":"post-225182","1":"post","2":"type-post","3":"status-publish","4":"format-standard","5":"has-post-thumbnail","7":"category-novi-pazar","8":"category-politika","9":"category-vijesti-dana"},"yoast_head":"<!-- This site is optimized with the Yoast SEO Premium plugin v23.1 (Yoast SEO v24.9) - https:\/\/yoast.com\/wordpress\/plugins\/seo\/ -->\n<title>D\u017eud\u017eo za STV: Nisam podnio ostavku na mjesto predsjednika BNV-a<\/title>\n<meta name=\"robots\" content=\"index, follow, max-snippet:-1, max-image-preview:large, max-video-preview:-1\" \/>\n<link rel=\"canonical\" href=\"https:\/\/sandzakpress.net\/arhiva\/dzudzo-za-stv-nisam-podnio-ostavku-na-mjesto-predsjednika-bnv-a\/\" \/>\n<meta property=\"og:locale\" content=\"bs_BA\" \/>\n<meta property=\"og:type\" content=\"article\" \/>\n<meta property=\"og:title\" content=\"D\u017eud\u017eo za STV: Nisam podnio ostavku na mjesto predsjednika BNV-a\" \/>\n<meta property=\"og:description\" content=\"Javnost u Sand\u017eaku iznena\u0111ena je ostavkom koju je Esad D\u017eud\u017eo podnio na mjesto vije\u0107nika u Bo\u0161nja\u010dkom nacionalnom vije\u0107u. Za Sand\u017eak Televiziju nagla\u0161ava da je podnio ostavku na mjesto vije\u0107nika, ali nije prihvatio zahtjev liste &#8220;Samoopredjeljenje&#8221; i Sulejmana Ugljanina za ostavku na mjesto predsjednika Vije\u0107a jer, poru\u010duje, za to smatra da nema utemeljenja, pogotovo moralnog. Napominje [&hellip;]\" \/>\n<meta property=\"og:url\" content=\"https:\/\/sandzakpress.net\/arhiva\/dzudzo-za-stv-nisam-podnio-ostavku-na-mjesto-predsjednika-bnv-a\/\" \/>\n<meta property=\"og:site_name\" content=\"Sand\u017eak PRESS\" \/>\n<meta property=\"article:published_time\" content=\"2019-06-24T13:42:30+00:00\" \/>\n<meta property=\"og:image\" content=\"https:\/\/sandzakpress.net\/arhiva\/wp-content\/uploads\/2019\/06\/dzudzo.jpg\" \/>\n\t<meta property=\"og:image:width\" content=\"862\" \/>\n\t<meta property=\"og:image:height\" content=\"485\" \/>\n\t<meta property=\"og:image:type\" content=\"image\/jpeg\" \/>\n<meta name=\"author\" content=\"Agencija\" \/>\n<meta name=\"twitter:card\" content=\"summary_large_image\" \/>\n<meta name=\"twitter:label1\" content=\"Written by\" \/>\n\t<meta name=\"twitter:data1\" content=\"Agencija\" \/>\n<script type=\"application\/ld+json\" class=\"yoast-schema-graph\">{\"@context\":\"https:\/\/schema.org\",\"@graph\":[{\"@type\":\"Article\",\"@id\":\"https:\/\/sandzakpress.net\/arhiva\/dzudzo-za-stv-nisam-podnio-ostavku-na-mjesto-predsjednika-bnv-a\/#article\",\"isPartOf\":{\"@id\":\"https:\/\/sandzakpress.net\/arhiva\/dzudzo-za-stv-nisam-podnio-ostavku-na-mjesto-predsjednika-bnv-a\/\"},\"author\":{\"name\":\"Agencija\",\"@id\":\"https:\/\/sandzakpress.net\/arhiva\/#\/schema\/person\/cb59d7e3ab91ab90dd680ad0305a6185\"},\"headline\":\"D\u017eud\u017eo za STV: Nisam podnio ostavku na mjesto predsjednika BNV-a\",\"datePublished\":\"2019-06-24T13:42:30+00:00\",\"mainEntityOfPage\":{\"@id\":\"https:\/\/sandzakpress.net\/arhiva\/dzudzo-za-stv-nisam-podnio-ostavku-na-mjesto-predsjednika-bnv-a\/\"},\"wordCount\":97,\"commentCount\":0,\"publisher\":{\"@id\":\"https:\/\/sandzakpress.net\/arhiva\/#\/schema\/person\/6e72b67d6e51910a1117b3b483ba20bd\"},\"image\":{\"@id\":\"https:\/\/sandzakpress.net\/arhiva\/dzudzo-za-stv-nisam-podnio-ostavku-na-mjesto-predsjednika-bnv-a\/#primaryimage\"},\"thumbnailUrl\":\"https:\/\/sandzakpress.net\/arhiva\/wp-content\/uploads\/2019\/06\/dzudzo.jpg\",\"articleSection\":[\"Novi Pazar\",\"Politika\",\"VIJESTI DANA\"],\"inLanguage\":\"bs-BA\",\"potentialAction\":[{\"@type\":\"CommentAction\",\"name\":\"Comment\",\"target\":[\"https:\/\/sandzakpress.net\/arhiva\/dzudzo-za-stv-nisam-podnio-ostavku-na-mjesto-predsjednika-bnv-a\/#respond\"]}]},{\"@type\":\"WebPage\",\"@id\":\"https:\/\/sandzakpress.net\/arhiva\/dzudzo-za-stv-nisam-podnio-ostavku-na-mjesto-predsjednika-bnv-a\/\",\"url\":\"https:\/\/sandzakpress.net\/arhiva\/dzudzo-za-stv-nisam-podnio-ostavku-na-mjesto-predsjednika-bnv-a\/\",\"name\":\"D\u017eud\u017eo za STV: Nisam podnio ostavku na mjesto predsjednika BNV-a\",\"isPartOf\":{\"@id\":\"https:\/\/sandzakpress.net\/arhiva\/#website\"},\"primaryImageOfPage\":{\"@id\":\"https:\/\/sandzakpress.net\/arhiva\/dzudzo-za-stv-nisam-podnio-ostavku-na-mjesto-predsjednika-bnv-a\/#primaryimage\"},\"image\":{\"@id\":\"https:\/\/sandzakpress.net\/arhiva\/dzudzo-za-stv-nisam-podnio-ostavku-na-mjesto-predsjednika-bnv-a\/#primaryimage\"},\"thumbnailUrl\":\"https:\/\/sandzakpress.net\/arhiva\/wp-content\/uploads\/2019\/06\/dzudzo.jpg\",\"datePublished\":\"2019-06-24T13:42:30+00:00\",\"breadcrumb\":{\"@id\":\"https:\/\/sandzakpress.net\/arhiva\/dzudzo-za-stv-nisam-podnio-ostavku-na-mjesto-predsjednika-bnv-a\/#breadcrumb\"},\"inLanguage\":\"bs-BA\",\"potentialAction\":[{\"@type\":\"ReadAction\",\"target\":[\"https:\/\/sandzakpress.net\/arhiva\/dzudzo-za-stv-nisam-podnio-ostavku-na-mjesto-predsjednika-bnv-a\/\"]}]},{\"@type\":\"ImageObject\",\"inLanguage\":\"bs-BA\",\"@id\":\"https:\/\/sandzakpress.net\/arhiva\/dzudzo-za-stv-nisam-podnio-ostavku-na-mjesto-predsjednika-bnv-a\/#primaryimage\",\"url\":\"https:\/\/sandzakpress.net\/arhiva\/wp-content\/uploads\/2019\/06\/dzudzo.jpg\",\"contentUrl\":\"https:\/\/sandzakpress.net\/arhiva\/wp-content\/uploads\/2019\/06\/dzudzo.jpg\",\"width\":862,\"height\":485},{\"@type\":\"BreadcrumbList\",\"@id\":\"https:\/\/sandzakpress.net\/arhiva\/dzudzo-za-stv-nisam-podnio-ostavku-na-mjesto-predsjednika-bnv-a\/#breadcrumb\",\"itemListElement\":[{\"@type\":\"ListItem\",\"position\":1,\"name\":\"Home\",\"item\":\"https:\/\/sandzakpress.net\/arhiva\/\"},{\"@type\":\"ListItem\",\"position\":2,\"name\":\"D\u017eud\u017eo za STV: Nisam podnio ostavku na mjesto predsjednika BNV-a\"}]},{\"@type\":\"WebSite\",\"@id\":\"https:\/\/sandzakpress.net\/arhiva\/#website\",\"url\":\"https:\/\/sandzakpress.net\/arhiva\/\",\"name\":\"Sand\u017eak PRESS\",\"description\":\"Prve elektronske novine u Sand\u017eaku\",\"publisher\":{\"@id\":\"https:\/\/sandzakpress.net\/arhiva\/#\/schema\/person\/6e72b67d6e51910a1117b3b483ba20bd\"},\"potentialAction\":[{\"@type\":\"SearchAction\",\"target\":{\"@type\":\"EntryPoint\",\"urlTemplate\":\"https:\/\/sandzakpress.net\/arhiva\/?s={search_term_string}\"},\"query-input\":{\"@type\":\"PropertyValueSpecification\",\"valueRequired\":true,\"valueName\":\"search_term_string\"}}],\"inLanguage\":\"bs-BA\"},{\"@type\":[\"Person\",\"Organization\"],\"@id\":\"https:\/\/sandzakpress.net\/arhiva\/#\/schema\/person\/6e72b67d6e51910a1117b3b483ba20bd\",\"name\":\"Kul\",\"image\":{\"@type\":\"ImageObject\",\"inLanguage\":\"bs-BA\",\"@id\":\"https:\/\/sandzakpress.net\/arhiva\/#\/schema\/person\/image\/\",\"url\":\"https:\/\/secure.gravatar.com\/avatar\/42263f39aa27ac04c43cab85c280eb2e?s=96&d=mm&r=pg\",\"contentUrl\":\"https:\/\/secure.gravatar.com\/avatar\/42263f39aa27ac04c43cab85c280eb2e?s=96&d=mm&r=pg\",\"caption\":\"Kul\"},\"logo\":{\"@id\":\"https:\/\/sandzakpress.net\/arhiva\/#\/schema\/person\/image\/\"}},{\"@type\":\"Person\",\"@id\":\"https:\/\/sandzakpress.net\/arhiva\/#\/schema\/person\/cb59d7e3ab91ab90dd680ad0305a6185\",\"name\":\"Agencija\",\"image\":{\"@type\":\"ImageObject\",\"inLanguage\":\"bs-BA\",\"@id\":\"https:\/\/sandzakpress.net\/arhiva\/#\/schema\/person\/image\/\",\"url\":\"https:\/\/secure.gravatar.com\/avatar\/4b7fafa80a22f0c2afe23966b3961fe0?s=96&d=mm&r=pg\",\"contentUrl\":\"https:\/\/secure.gravatar.com\/avatar\/4b7fafa80a22f0c2afe23966b3961fe0?s=96&d=mm&r=pg\",\"caption\":\"Agencija\"},\"url\":\"https:\/\/sandzakpress.net\/arhiva\/author\/agencija\/\"}]}<\/script>\n<!-- \/ Yoast SEO Premium plugin. -->","yoast_head_json":{"title":"D\u017eud\u017eo za STV: Nisam podnio ostavku na mjesto predsjednika BNV-a","robots":{"index":"index","follow":"follow","max-snippet":"max-snippet:-1","max-image-preview":"max-image-preview:large","max-video-preview":"max-video-preview:-1"},"canonical":"https:\/\/sandzakpress.net\/arhiva\/dzudzo-za-stv-nisam-podnio-ostavku-na-mjesto-predsjednika-bnv-a\/","og_locale":"bs_BA","og_type":"article","og_title":"D\u017eud\u017eo za STV: Nisam podnio ostavku na mjesto predsjednika BNV-a","og_description":"Javnost u Sand\u017eaku iznena\u0111ena je ostavkom koju je Esad D\u017eud\u017eo podnio na mjesto vije\u0107nika u Bo\u0161nja\u010dkom nacionalnom vije\u0107u. Za Sand\u017eak Televiziju nagla\u0161ava da je podnio ostavku na mjesto vije\u0107nika, ali nije prihvatio zahtjev liste &#8220;Samoopredjeljenje&#8221; i Sulejmana Ugljanina za ostavku na mjesto predsjednika Vije\u0107a jer, poru\u010duje, za to smatra da nema utemeljenja, pogotovo moralnog. Napominje [&hellip;]","og_url":"https:\/\/sandzakpress.net\/arhiva\/dzudzo-za-stv-nisam-podnio-ostavku-na-mjesto-predsjednika-bnv-a\/","og_site_name":"Sand\u017eak PRESS","article_published_time":"2019-06-24T13:42:30+00:00","og_image":[{"width":862,"height":485,"url":"https:\/\/sandzakpress.net\/arhiva\/wp-content\/uploads\/2019\/06\/dzudzo.jpg","type":"image\/jpeg"}],"author":"Agencija","twitter_card":"summary_large_image","twitter_misc":{"Written by":"Agencija"},"schema":{"@context":"https:\/\/schema.org","@graph":[{"@type":"Article","@id":"https:\/\/sandzakpress.net\/arhiva\/dzudzo-za-stv-nisam-podnio-ostavku-na-mjesto-predsjednika-bnv-a\/#article","isPartOf":{"@id":"https:\/\/sandzakpress.net\/arhiva\/dzudzo-za-stv-nisam-podnio-ostavku-na-mjesto-predsjednika-bnv-a\/"},"author":{"name":"Agencija","@id":"https:\/\/sandzakpress.net\/arhiva\/#\/schema\/person\/cb59d7e3ab91ab90dd680ad0305a6185"},"headline":"D\u017eud\u017eo za STV: Nisam podnio ostavku na mjesto predsjednika BNV-a","datePublished":"2019-06-24T13:42:30+00:00","mainEntityOfPage":{"@id":"https:\/\/sandzakpress.net\/arhiva\/dzudzo-za-stv-nisam-podnio-ostavku-na-mjesto-predsjednika-bnv-a\/"},"wordCount":97,"commentCount":0,"publisher":{"@id":"https:\/\/sandzakpress.net\/arhiva\/#\/schema\/person\/6e72b67d6e51910a1117b3b483ba20bd"},"image":{"@id":"https:\/\/sandzakpress.net\/arhiva\/dzudzo-za-stv-nisam-podnio-ostavku-na-mjesto-predsjednika-bnv-a\/#primaryimage"},"thumbnailUrl":"https:\/\/sandzakpress.net\/arhiva\/wp-content\/uploads\/2019\/06\/dzudzo.jpg","articleSection":["Novi Pazar","Politika","VIJESTI DANA"],"inLanguage":"bs-BA","potentialAction":[{"@type":"CommentAction","name":"Comment","target":["https:\/\/sandzakpress.net\/arhiva\/dzudzo-za-stv-nisam-podnio-ostavku-na-mjesto-predsjednika-bnv-a\/#respond"]}]},{"@type":"WebPage","@id":"https:\/\/sandzakpress.net\/arhiva\/dzudzo-za-stv-nisam-podnio-ostavku-na-mjesto-predsjednika-bnv-a\/","url":"https:\/\/sandzakpress.net\/arhiva\/dzudzo-za-stv-nisam-podnio-ostavku-na-mjesto-predsjednika-bnv-a\/","name":"D\u017eud\u017eo za STV: Nisam podnio ostavku na mjesto predsjednika BNV-a","isPartOf":{"@id":"https:\/\/sandzakpress.net\/arhiva\/#website"},"primaryImageOfPage":{"@id":"https:\/\/sandzakpress.net\/arhiva\/dzudzo-za-stv-nisam-podnio-ostavku-na-mjesto-predsjednika-bnv-a\/#primaryimage"},"image":{"@id":"https:\/\/sandzakpress.net\/arhiva\/dzudzo-za-stv-nisam-podnio-ostavku-na-mjesto-predsjednika-bnv-a\/#primaryimage"},"thumbnailUrl":"https:\/\/sandzakpress.net\/arhiva\/wp-content\/uploads\/2019\/06\/dzudzo.jpg","datePublished":"2019-06-24T13:42:30+00:00","breadcrumb":{"@id":"https:\/\/sandzakpress.net\/arhiva\/dzudzo-za-stv-nisam-podnio-ostavku-na-mjesto-predsjednika-bnv-a\/#breadcrumb"},"inLanguage":"bs-BA","potentialAction":[{"@type":"ReadAction","target":["https:\/\/sandzakpress.net\/arhiva\/dzudzo-za-stv-nisam-podnio-ostavku-na-mjesto-predsjednika-bnv-a\/"]}]},{"@type":"ImageObject","inLanguage":"bs-BA","@id":"https:\/\/sandzakpress.net\/arhiva\/dzudzo-za-stv-nisam-podnio-ostavku-na-mjesto-predsjednika-bnv-a\/#primaryimage","url":"https:\/\/sandzakpress.net\/arhiva\/wp-content\/uploads\/2019\/06\/dzudzo.jpg","contentUrl":"https:\/\/sandzakpress.net\/arhiva\/wp-content\/uploads\/2019\/06\/dzudzo.jpg","width":862,"height":485},{"@type":"BreadcrumbList","@id":"https:\/\/sandzakpress.net\/arhiva\/dzudzo-za-stv-nisam-podnio-ostavku-na-mjesto-predsjednika-bnv-a\/#breadcrumb","itemListElement":[{"@type":"ListItem","position":1,"name":"Home","item":"https:\/\/sandzakpress.net\/arhiva\/"},{"@type":"ListItem","position":2,"name":"D\u017eud\u017eo za STV: Nisam podnio ostavku na mjesto predsjednika BNV-a"}]},{"@type":"WebSite","@id":"https:\/\/sandzakpress.net\/arhiva\/#website","url":"https:\/\/sandzakpress.net\/arhiva\/","name":"Sand\u017eak PRESS","description":"Prve elektronske novine u Sand\u017eaku","publisher":{"@id":"https:\/\/sandzakpress.net\/arhiva\/#\/schema\/person\/6e72b67d6e51910a1117b3b483ba20bd"},"potentialAction":[{"@type":"SearchAction","target":{"@type":"EntryPoint","urlTemplate":"https:\/\/sandzakpress.net\/arhiva\/?s={search_term_string}"},"query-input":{"@type":"PropertyValueSpecification","valueRequired":true,"valueName":"search_term_string"}}],"inLanguage":"bs-BA"},{"@type":["Person","Organization"],"@id":"https:\/\/sandzakpress.net\/arhiva\/#\/schema\/person\/6e72b67d6e51910a1117b3b483ba20bd","name":"Kul","image":{"@type":"ImageObject","inLanguage":"bs-BA","@id":"https:\/\/sandzakpress.net\/arhiva\/#\/schema\/person\/image\/","url":"https:\/\/secure.gravatar.com\/avatar\/42263f39aa27ac04c43cab85c280eb2e?s=96&d=mm&r=pg","contentUrl":"https:\/\/secure.gravatar.com\/avatar\/42263f39aa27ac04c43cab85c280eb2e?s=96&d=mm&r=pg","caption":"Kul"},"logo":{"@id":"https:\/\/sandzakpress.net\/arhiva\/#\/schema\/person\/image\/"}},{"@type":"Person","@id":"https:\/\/sandzakpress.net\/arhiva\/#\/schema\/person\/cb59d7e3ab91ab90dd680ad0305a6185","name":"Agencija","image":{"@type":"ImageObject","inLanguage":"bs-BA","@id":"https:\/\/sandzakpress.net\/arhiva\/#\/schema\/person\/image\/","url":"https:\/\/secure.gravatar.com\/avatar\/4b7fafa80a22f0c2afe23966b3961fe0?s=96&d=mm&r=pg","contentUrl":"https:\/\/secure.gravatar.com\/avatar\/4b7fafa80a22f0c2afe23966b3961fe0?s=96&d=mm&r=pg","caption":"Agencija"},"url":"https:\/\/sandzakpress.net\/arhiva\/author\/agencija\/"}]}},"_links":{"self":[{"href":"https:\/\/sandzakpress.net\/arhiva\/wp-json\/wp\/v2\/posts\/225182"}],"collection":[{"href":"https:\/\/sandzakpress.net\/arhiva\/wp-json\/wp\/v2\/posts"}],"about":[{"href":"https:\/\/sandzakpress.net\/arhiva\/wp-json\/wp\/v2\/types\/post"}],"author":[{"embeddable":true,"href":"https:\/\/sandzakpress.net\/arhiva\/wp-json\/wp\/v2\/users\/509"}],"replies":[{"embeddable":true,"href":"https:\/\/sandzakpress.net\/arhiva\/wp-json\/wp\/v2\/comments?post=225182"}],"version-history":[{"count":0,"href":"https:\/\/sandzakpress.net\/arhiva\/wp-json\/wp\/v2\/posts\/225182\/revisions"}],"wp:featuredmedia":[{"embeddable":true,"href":"https:\/\/sandzakpress.net\/arhiva\/wp-json\/wp\/v2\/media\/225183"}],"wp:attachment":[{"href":"https:\/\/sandzakpress.net\/arhiva\/wp-json\/wp\/v2\/media?parent=225182"}],"wp:term":[{"taxonomy":"category","embeddable":true,"href":"https:\/\/sandzakpress.net\/arhiva\/wp-json\/wp\/v2\/categories?post=225182"},{"taxonomy":"post_tag","embeddable":true,"href":"https:\/\/sandzakpress.net\/arhiva\/wp-json\/wp\/v2\/tags?post=225182"}],"curies":[{"name":"wp","href":"https:\/\/api.w.org\/{rel}","templated":true}]}}