{"id":225156,"date":"2019-06-24T11:55:32","date_gmt":"2019-06-24T09:55:32","guid":{"rendered":"https:\/\/sandzakpress.net\/arhiva\/poruka-dacicu-u-vasim-logorima-zatvorenici-su-muceni-silovani-ubijani"},"modified":"2019-06-24T11:55:32","modified_gmt":"2019-06-24T09:55:32","slug":"poruka-dacicu-u-vasim-logorima-zatvorenici-su-muceni-silovani-ubijani","status":"publish","type":"post","link":"https:\/\/sandzakpress.net\/arhiva\/poruka-dacicu-u-vasim-logorima-zatvorenici-su-muceni-silovani-ubijani\/","title":{"rendered":"Poruka Da\u010di\u0107u: \u201cU va\u0161im logorima zatvorenici su mu\u010deni, silovani, ubijani\u2026\u201d"},"content":{"rendered":"<p><span class=\"cb-itemprop\"><\/p>\n<p><img loading=\"lazy\" decoding=\"async\" class=\"alignnone size-medium wp-image-210054\" src=\"https:\/\/bosnapress.net\/wp-content\/uploads\/2019\/06\/Screenshot_20190624-115316_Gallery-300x220.jpg\" alt=\"\" width=\"300\" height=\"220\" \/><\/p>\n<p><strong>Nakon posljednje izjave ministra vanjskih poslova Srbije\u00a0Ivice Da\u010di\u0107a\u00a0kojom je doveo u pitanje uop\u0107e postojanje logora u BiH tokom agresije, reagirali su iz\u00a0Saveza logora\u0161a\u00a0Bosne i Hercegovine.<\/strong><\/p>\n<p>Najo\u0161trije su osudili javne istupe srbijanskih dr\u017eavnika i novinara i izrazili nevjericu kakva se to patologija la\u017ei razvija i \u0161iri me\u0111u njima.<\/p>\n<p><strong><em>Njihovo saop\u0107enje prenosimo u cijelosti:\u00a0<\/em><\/strong><\/p>\n<p>\u201cMinistre Da\u010di\u0107u i svi ostali, stotine srpskih logora koji su formirani za vrijeme agresije i izvr\u0161enja genocida u Bosni i Hercegovini nisu formirali pojedinci.\u00a0<strong>Formirao ih je izopa\u010deni sistem, isti onaj koji je danas samo prefarbao masku svoje<\/strong>izopa\u010denosti nekim drugim nijansama, a \u010dija je osnovna svrha postojanja da ljudima poput Vas otvori vrata stoljetnog umije\u0107a krivotvorenja, brisanja, poricanja i izmi\u0161ljanja. Va\u0161e izjave i uvrede su prevazi\u0161le sve nivoe vrhunske propagande, one se mogu mjeriti pore\u0111enjem Vas sa svim onim \u0161to civilizirani ljudi nisu.<\/p>\n<p>Uni\u0161tavanje Bosne i Hercegovine i sjemena njenog naroda od Va\u0161eg sistema osudio je cijeli svijet.\u00a0U Va\u0161im logorima, koji su kao biljke poslije ki\u0161e nicali, nisu se \u201d\u010duvali zatvorenici\u201d,\u00a0<strong>u njima ste mu\u010dili, silovali, ubijali, klali; svakog dana, sata\u2026<\/strong>\u00a0ne biraju\u0107i \u2013 fetuse, novoro\u0111en\u010dad, djecu, \u017eene, starce\u2026 U Va\u0161im logorima pozirao je sami \u0111avo, a ne civili koji stoje iza bodljikave \u017eice.<\/p>\n<p><strong>Snimci iz Omarske koje navodite prikazuju ono \u201dnajmanje\u201d od zla<\/strong>\u00a0koje ste nanijeli ljudima koje ste tu dr\u017eali zato\u010denima. A kada Vam je ono najsvjetlija ta\u010dka Omarske i kada se divite ubila\u010dkim tretmanima koje ste provodili, kada vrije\u0111ate ljudska bi\u0107a koja ste pretvorili u kosture i nazivate ih cirkusantima, mi Vas javno pozivamo da pogledate hiljade sati priznanja i izjava poslu\u0161nika Va\u0161eg sistema o tome \u0161ta su, kome i na koje sve na\u010dine radili narodu Bosne i Hercegovine za vrijeme agresije na njenu suverenost.<\/p>\n<p>Gospodine, i svi ostali, la\u017eima i poricanjem mo\u017eda mo\u017eete uvjeriti pojedinca da niste po\u010dinili genocid, ali uvijek \u0107e vas ko\u0161\u010dice Bo\u0161njaka koje izbijaju iz masovnih grobnica jo\u0161 stolje\u0107ima podsje\u0107ati \u0161ta ste uradili, a Vi \u0107ete znati da trebate i morate jo\u0161 vi\u0161e, bolje i ljep\u0161e lagati.<\/p>\n<p>Ako mislite da \u0107ete nas opet uspavati i da \u0107ete nas ponovo klati \u2013 budite sigurni da vi\u0161e ne\u0107ete nikada, jer smo izvukli pouke i nau\u010dili da se zla nikada ne\u0107ete odre\u0107i. Neka Vas je stid za sve generacije koje ste iskorijenili, za uvrede onima koji su se izvukli iz Va\u0161ih kand\u017ei i za sve generacije koje tek dolaze\u201d, navodi se u saop\u0107enju iz\u00a0<strong>Saveza logora\u0161a BiH<\/strong>.<\/p>\n<p><\/span><br \/>\nPogledajte vijest na izvornom sajtu:<\/p>\n<p><a href=\"https:\/\/bosnapress.net\/poruka-dacicu-u-vasim-logorima-zatvorenici-su-muceni-silovani-ubijani\/\" target=\"_blank\">Poruka Da\u010di\u0107u: \u201cU va\u0161im logorima zatvorenici su mu\u010deni, silovani, ubijani\u2026\u201d<\/a><\/p>\n","protected":false},"excerpt":{"rendered":"<p>Nakon posljednje izjave ministra vanjskih poslova Srbije\u00a0Ivice Da\u010di\u0107a\u00a0kojom je doveo u pitanje uop\u0107e postojanje logora u BiH tokom agresije, reagirali su iz\u00a0Saveza logora\u0161a\u00a0Bosne i Hercegovine. Najo\u0161trije su osudili javne istupe srbijanskih dr\u017eavnika i novinara i izrazili nevjericu kakva se to patologija la\u017ei razvija i \u0161iri me\u0111u njima. Njihovo saop\u0107enje prenosimo u cijelosti:\u00a0 \u201cMinistre Da\u010di\u0107u i [&hellip;]<\/p>\n","protected":false},"author":83,"featured_media":225157,"comment_status":"open","ping_status":"open","sticky":false,"template":"","format":"standard","meta":{"footnotes":""},"categories":[10513],"tags":[10466],"class_list":{"0":"post-225156","1":"post","2":"type-post","3":"status-publish","4":"format-standard","5":"has-post-thumbnail","7":"category-bosna-press","8":"tag-bosna-i-hercegovina"},"yoast_head":"<!-- This site is optimized with the Yoast SEO Premium plugin v23.1 (Yoast SEO v24.9) - https:\/\/yoast.com\/wordpress\/plugins\/seo\/ -->\n<title>Poruka Da\u010di\u0107u: \u201cU va\u0161im logorima zatvorenici su mu\u010deni, silovani, ubijani\u2026\u201d<\/title>\n<meta name=\"robots\" content=\"index, follow, max-snippet:-1, max-image-preview:large, max-video-preview:-1\" \/>\n<link rel=\"canonical\" href=\"https:\/\/sandzakpress.net\/arhiva\/poruka-dacicu-u-vasim-logorima-zatvorenici-su-muceni-silovani-ubijani\/\" \/>\n<meta property=\"og:locale\" content=\"bs_BA\" \/>\n<meta property=\"og:type\" content=\"article\" \/>\n<meta property=\"og:title\" content=\"Poruka Da\u010di\u0107u: \u201cU va\u0161im logorima zatvorenici su mu\u010deni, silovani, ubijani\u2026\u201d\" \/>\n<meta property=\"og:description\" content=\"Nakon posljednje izjave ministra vanjskih poslova Srbije\u00a0Ivice Da\u010di\u0107a\u00a0kojom je doveo u pitanje uop\u0107e postojanje logora u BiH tokom agresije, reagirali su iz\u00a0Saveza logora\u0161a\u00a0Bosne i Hercegovine. Najo\u0161trije su osudili javne istupe srbijanskih dr\u017eavnika i novinara i izrazili nevjericu kakva se to patologija la\u017ei razvija i \u0161iri me\u0111u njima. Njihovo saop\u0107enje prenosimo u cijelosti:\u00a0 \u201cMinistre Da\u010di\u0107u i [&hellip;]\" \/>\n<meta property=\"og:url\" content=\"https:\/\/sandzakpress.net\/arhiva\/poruka-dacicu-u-vasim-logorima-zatvorenici-su-muceni-silovani-ubijani\/\" \/>\n<meta property=\"og:site_name\" content=\"Sand\u017eak PRESS\" \/>\n<meta property=\"article:published_time\" content=\"2019-06-24T09:55:32+00:00\" \/>\n<meta property=\"og:image\" content=\"https:\/\/sandzakpress.net\/arhiva\/wp-content\/uploads\/2019\/06\/Screenshot_20190624-115316_Gallery-300x220.jpg\" \/>\n\t<meta property=\"og:image:width\" content=\"300\" \/>\n\t<meta property=\"og:image:height\" content=\"220\" \/>\n\t<meta property=\"og:image:type\" content=\"image\/jpeg\" \/>\n<meta name=\"author\" content=\"bosniak\" \/>\n<meta name=\"twitter:card\" content=\"summary_large_image\" \/>\n<meta name=\"twitter:label1\" content=\"Written by\" \/>\n\t<meta name=\"twitter:data1\" content=\"bosniak\" \/>\n\t<meta name=\"twitter:label2\" content=\"Est. reading time\" \/>\n\t<meta name=\"twitter:data2\" content=\"2 minute\" \/>\n<script type=\"application\/ld+json\" class=\"yoast-schema-graph\">{\"@context\":\"https:\/\/schema.org\",\"@graph\":[{\"@type\":\"Article\",\"@id\":\"https:\/\/sandzakpress.net\/arhiva\/poruka-dacicu-u-vasim-logorima-zatvorenici-su-muceni-silovani-ubijani\/#article\",\"isPartOf\":{\"@id\":\"https:\/\/sandzakpress.net\/arhiva\/poruka-dacicu-u-vasim-logorima-zatvorenici-su-muceni-silovani-ubijani\/\"},\"author\":{\"name\":\"bosniak\",\"@id\":\"https:\/\/sandzakpress.net\/arhiva\/#\/schema\/person\/c8baee722073534b583ea7bdb2e36c02\"},\"headline\":\"Poruka Da\u010di\u0107u: \u201cU va\u0161im logorima zatvorenici su mu\u010deni, silovani, ubijani\u2026\u201d\",\"datePublished\":\"2019-06-24T09:55:32+00:00\",\"mainEntityOfPage\":{\"@id\":\"https:\/\/sandzakpress.net\/arhiva\/poruka-dacicu-u-vasim-logorima-zatvorenici-su-muceni-silovani-ubijani\/\"},\"wordCount\":485,\"commentCount\":0,\"publisher\":{\"@id\":\"https:\/\/sandzakpress.net\/arhiva\/#\/schema\/person\/6e72b67d6e51910a1117b3b483ba20bd\"},\"image\":{\"@id\":\"https:\/\/sandzakpress.net\/arhiva\/poruka-dacicu-u-vasim-logorima-zatvorenici-su-muceni-silovani-ubijani\/#primaryimage\"},\"thumbnailUrl\":\"https:\/\/sandzakpress.net\/arhiva\/wp-content\/uploads\/2019\/06\/Screenshot_20190624-115316_Gallery-300x220.jpg\",\"keywords\":[\"Bosna i Hercegovina\"],\"articleSection\":[\"Bosna PRESS\"],\"inLanguage\":\"bs-BA\",\"potentialAction\":[{\"@type\":\"CommentAction\",\"name\":\"Comment\",\"target\":[\"https:\/\/sandzakpress.net\/arhiva\/poruka-dacicu-u-vasim-logorima-zatvorenici-su-muceni-silovani-ubijani\/#respond\"]}]},{\"@type\":\"WebPage\",\"@id\":\"https:\/\/sandzakpress.net\/arhiva\/poruka-dacicu-u-vasim-logorima-zatvorenici-su-muceni-silovani-ubijani\/\",\"url\":\"https:\/\/sandzakpress.net\/arhiva\/poruka-dacicu-u-vasim-logorima-zatvorenici-su-muceni-silovani-ubijani\/\",\"name\":\"Poruka Da\u010di\u0107u: \u201cU va\u0161im logorima zatvorenici su mu\u010deni, silovani, ubijani\u2026\u201d\",\"isPartOf\":{\"@id\":\"https:\/\/sandzakpress.net\/arhiva\/#website\"},\"primaryImageOfPage\":{\"@id\":\"https:\/\/sandzakpress.net\/arhiva\/poruka-dacicu-u-vasim-logorima-zatvorenici-su-muceni-silovani-ubijani\/#primaryimage\"},\"image\":{\"@id\":\"https:\/\/sandzakpress.net\/arhiva\/poruka-dacicu-u-vasim-logorima-zatvorenici-su-muceni-silovani-ubijani\/#primaryimage\"},\"thumbnailUrl\":\"https:\/\/sandzakpress.net\/arhiva\/wp-content\/uploads\/2019\/06\/Screenshot_20190624-115316_Gallery-300x220.jpg\",\"datePublished\":\"2019-06-24T09:55:32+00:00\",\"breadcrumb\":{\"@id\":\"https:\/\/sandzakpress.net\/arhiva\/poruka-dacicu-u-vasim-logorima-zatvorenici-su-muceni-silovani-ubijani\/#breadcrumb\"},\"inLanguage\":\"bs-BA\",\"potentialAction\":[{\"@type\":\"ReadAction\",\"target\":[\"https:\/\/sandzakpress.net\/arhiva\/poruka-dacicu-u-vasim-logorima-zatvorenici-su-muceni-silovani-ubijani\/\"]}]},{\"@type\":\"ImageObject\",\"inLanguage\":\"bs-BA\",\"@id\":\"https:\/\/sandzakpress.net\/arhiva\/poruka-dacicu-u-vasim-logorima-zatvorenici-su-muceni-silovani-ubijani\/#primaryimage\",\"url\":\"https:\/\/sandzakpress.net\/arhiva\/wp-content\/uploads\/2019\/06\/Screenshot_20190624-115316_Gallery-300x220.jpg\",\"contentUrl\":\"https:\/\/sandzakpress.net\/arhiva\/wp-content\/uploads\/2019\/06\/Screenshot_20190624-115316_Gallery-300x220.jpg\",\"width\":300,\"height\":220},{\"@type\":\"BreadcrumbList\",\"@id\":\"https:\/\/sandzakpress.net\/arhiva\/poruka-dacicu-u-vasim-logorima-zatvorenici-su-muceni-silovani-ubijani\/#breadcrumb\",\"itemListElement\":[{\"@type\":\"ListItem\",\"position\":1,\"name\":\"Home\",\"item\":\"https:\/\/sandzakpress.net\/arhiva\/\"},{\"@type\":\"ListItem\",\"position\":2,\"name\":\"Poruka Da\u010di\u0107u: \u201cU va\u0161im logorima zatvorenici su mu\u010deni, silovani, ubijani\u2026\u201d\"}]},{\"@type\":\"WebSite\",\"@id\":\"https:\/\/sandzakpress.net\/arhiva\/#website\",\"url\":\"https:\/\/sandzakpress.net\/arhiva\/\",\"name\":\"Sand\u017eak PRESS\",\"description\":\"Prve elektronske novine u Sand\u017eaku\",\"publisher\":{\"@id\":\"https:\/\/sandzakpress.net\/arhiva\/#\/schema\/person\/6e72b67d6e51910a1117b3b483ba20bd\"},\"potentialAction\":[{\"@type\":\"SearchAction\",\"target\":{\"@type\":\"EntryPoint\",\"urlTemplate\":\"https:\/\/sandzakpress.net\/arhiva\/?s={search_term_string}\"},\"query-input\":{\"@type\":\"PropertyValueSpecification\",\"valueRequired\":true,\"valueName\":\"search_term_string\"}}],\"inLanguage\":\"bs-BA\"},{\"@type\":[\"Person\",\"Organization\"],\"@id\":\"https:\/\/sandzakpress.net\/arhiva\/#\/schema\/person\/6e72b67d6e51910a1117b3b483ba20bd\",\"name\":\"Kul\",\"image\":{\"@type\":\"ImageObject\",\"inLanguage\":\"bs-BA\",\"@id\":\"https:\/\/sandzakpress.net\/arhiva\/#\/schema\/person\/image\/\",\"url\":\"https:\/\/secure.gravatar.com\/avatar\/42263f39aa27ac04c43cab85c280eb2e?s=96&d=mm&r=pg\",\"contentUrl\":\"https:\/\/secure.gravatar.com\/avatar\/42263f39aa27ac04c43cab85c280eb2e?s=96&d=mm&r=pg\",\"caption\":\"Kul\"},\"logo\":{\"@id\":\"https:\/\/sandzakpress.net\/arhiva\/#\/schema\/person\/image\/\"}},{\"@type\":\"Person\",\"@id\":\"https:\/\/sandzakpress.net\/arhiva\/#\/schema\/person\/c8baee722073534b583ea7bdb2e36c02\",\"name\":\"bosniak\",\"image\":{\"@type\":\"ImageObject\",\"inLanguage\":\"bs-BA\",\"@id\":\"https:\/\/sandzakpress.net\/arhiva\/#\/schema\/person\/image\/\",\"url\":\"https:\/\/secure.gravatar.com\/avatar\/a04fd330bfe3a36a72a0ad4a6d89fca7?s=96&d=mm&r=pg\",\"contentUrl\":\"https:\/\/secure.gravatar.com\/avatar\/a04fd330bfe3a36a72a0ad4a6d89fca7?s=96&d=mm&r=pg\",\"caption\":\"bosniak\"},\"url\":\"https:\/\/sandzakpress.net\/arhiva\/author\/bosniak\/\"}]}<\/script>\n<!-- \/ Yoast SEO Premium plugin. -->","yoast_head_json":{"title":"Poruka Da\u010di\u0107u: \u201cU va\u0161im logorima zatvorenici su mu\u010deni, silovani, ubijani\u2026\u201d","robots":{"index":"index","follow":"follow","max-snippet":"max-snippet:-1","max-image-preview":"max-image-preview:large","max-video-preview":"max-video-preview:-1"},"canonical":"https:\/\/sandzakpress.net\/arhiva\/poruka-dacicu-u-vasim-logorima-zatvorenici-su-muceni-silovani-ubijani\/","og_locale":"bs_BA","og_type":"article","og_title":"Poruka Da\u010di\u0107u: \u201cU va\u0161im logorima zatvorenici su mu\u010deni, silovani, ubijani\u2026\u201d","og_description":"Nakon posljednje izjave ministra vanjskih poslova Srbije\u00a0Ivice Da\u010di\u0107a\u00a0kojom je doveo u pitanje uop\u0107e postojanje logora u BiH tokom agresije, reagirali su iz\u00a0Saveza logora\u0161a\u00a0Bosne i Hercegovine. Najo\u0161trije su osudili javne istupe srbijanskih dr\u017eavnika i novinara i izrazili nevjericu kakva se to patologija la\u017ei razvija i \u0161iri me\u0111u njima. Njihovo saop\u0107enje prenosimo u cijelosti:\u00a0 \u201cMinistre Da\u010di\u0107u i [&hellip;]","og_url":"https:\/\/sandzakpress.net\/arhiva\/poruka-dacicu-u-vasim-logorima-zatvorenici-su-muceni-silovani-ubijani\/","og_site_name":"Sand\u017eak PRESS","article_published_time":"2019-06-24T09:55:32+00:00","og_image":[{"width":300,"height":220,"url":"https:\/\/sandzakpress.net\/arhiva\/wp-content\/uploads\/2019\/06\/Screenshot_20190624-115316_Gallery-300x220.jpg","type":"image\/jpeg"}],"author":"bosniak","twitter_card":"summary_large_image","twitter_misc":{"Written by":"bosniak","Est. reading time":"2 minute"},"schema":{"@context":"https:\/\/schema.org","@graph":[{"@type":"Article","@id":"https:\/\/sandzakpress.net\/arhiva\/poruka-dacicu-u-vasim-logorima-zatvorenici-su-muceni-silovani-ubijani\/#article","isPartOf":{"@id":"https:\/\/sandzakpress.net\/arhiva\/poruka-dacicu-u-vasim-logorima-zatvorenici-su-muceni-silovani-ubijani\/"},"author":{"name":"bosniak","@id":"https:\/\/sandzakpress.net\/arhiva\/#\/schema\/person\/c8baee722073534b583ea7bdb2e36c02"},"headline":"Poruka Da\u010di\u0107u: \u201cU va\u0161im logorima zatvorenici su mu\u010deni, silovani, ubijani\u2026\u201d","datePublished":"2019-06-24T09:55:32+00:00","mainEntityOfPage":{"@id":"https:\/\/sandzakpress.net\/arhiva\/poruka-dacicu-u-vasim-logorima-zatvorenici-su-muceni-silovani-ubijani\/"},"wordCount":485,"commentCount":0,"publisher":{"@id":"https:\/\/sandzakpress.net\/arhiva\/#\/schema\/person\/6e72b67d6e51910a1117b3b483ba20bd"},"image":{"@id":"https:\/\/sandzakpress.net\/arhiva\/poruka-dacicu-u-vasim-logorima-zatvorenici-su-muceni-silovani-ubijani\/#primaryimage"},"thumbnailUrl":"https:\/\/sandzakpress.net\/arhiva\/wp-content\/uploads\/2019\/06\/Screenshot_20190624-115316_Gallery-300x220.jpg","keywords":["Bosna i Hercegovina"],"articleSection":["Bosna PRESS"],"inLanguage":"bs-BA","potentialAction":[{"@type":"CommentAction","name":"Comment","target":["https:\/\/sandzakpress.net\/arhiva\/poruka-dacicu-u-vasim-logorima-zatvorenici-su-muceni-silovani-ubijani\/#respond"]}]},{"@type":"WebPage","@id":"https:\/\/sandzakpress.net\/arhiva\/poruka-dacicu-u-vasim-logorima-zatvorenici-su-muceni-silovani-ubijani\/","url":"https:\/\/sandzakpress.net\/arhiva\/poruka-dacicu-u-vasim-logorima-zatvorenici-su-muceni-silovani-ubijani\/","name":"Poruka Da\u010di\u0107u: \u201cU va\u0161im logorima zatvorenici su mu\u010deni, silovani, ubijani\u2026\u201d","isPartOf":{"@id":"https:\/\/sandzakpress.net\/arhiva\/#website"},"primaryImageOfPage":{"@id":"https:\/\/sandzakpress.net\/arhiva\/poruka-dacicu-u-vasim-logorima-zatvorenici-su-muceni-silovani-ubijani\/#primaryimage"},"image":{"@id":"https:\/\/sandzakpress.net\/arhiva\/poruka-dacicu-u-vasim-logorima-zatvorenici-su-muceni-silovani-ubijani\/#primaryimage"},"thumbnailUrl":"https:\/\/sandzakpress.net\/arhiva\/wp-content\/uploads\/2019\/06\/Screenshot_20190624-115316_Gallery-300x220.jpg","datePublished":"2019-06-24T09:55:32+00:00","breadcrumb":{"@id":"https:\/\/sandzakpress.net\/arhiva\/poruka-dacicu-u-vasim-logorima-zatvorenici-su-muceni-silovani-ubijani\/#breadcrumb"},"inLanguage":"bs-BA","potentialAction":[{"@type":"ReadAction","target":["https:\/\/sandzakpress.net\/arhiva\/poruka-dacicu-u-vasim-logorima-zatvorenici-su-muceni-silovani-ubijani\/"]}]},{"@type":"ImageObject","inLanguage":"bs-BA","@id":"https:\/\/sandzakpress.net\/arhiva\/poruka-dacicu-u-vasim-logorima-zatvorenici-su-muceni-silovani-ubijani\/#primaryimage","url":"https:\/\/sandzakpress.net\/arhiva\/wp-content\/uploads\/2019\/06\/Screenshot_20190624-115316_Gallery-300x220.jpg","contentUrl":"https:\/\/sandzakpress.net\/arhiva\/wp-content\/uploads\/2019\/06\/Screenshot_20190624-115316_Gallery-300x220.jpg","width":300,"height":220},{"@type":"BreadcrumbList","@id":"https:\/\/sandzakpress.net\/arhiva\/poruka-dacicu-u-vasim-logorima-zatvorenici-su-muceni-silovani-ubijani\/#breadcrumb","itemListElement":[{"@type":"ListItem","position":1,"name":"Home","item":"https:\/\/sandzakpress.net\/arhiva\/"},{"@type":"ListItem","position":2,"name":"Poruka Da\u010di\u0107u: \u201cU va\u0161im logorima zatvorenici su mu\u010deni, silovani, ubijani\u2026\u201d"}]},{"@type":"WebSite","@id":"https:\/\/sandzakpress.net\/arhiva\/#website","url":"https:\/\/sandzakpress.net\/arhiva\/","name":"Sand\u017eak PRESS","description":"Prve elektronske novine u Sand\u017eaku","publisher":{"@id":"https:\/\/sandzakpress.net\/arhiva\/#\/schema\/person\/6e72b67d6e51910a1117b3b483ba20bd"},"potentialAction":[{"@type":"SearchAction","target":{"@type":"EntryPoint","urlTemplate":"https:\/\/sandzakpress.net\/arhiva\/?s={search_term_string}"},"query-input":{"@type":"PropertyValueSpecification","valueRequired":true,"valueName":"search_term_string"}}],"inLanguage":"bs-BA"},{"@type":["Person","Organization"],"@id":"https:\/\/sandzakpress.net\/arhiva\/#\/schema\/person\/6e72b67d6e51910a1117b3b483ba20bd","name":"Kul","image":{"@type":"ImageObject","inLanguage":"bs-BA","@id":"https:\/\/sandzakpress.net\/arhiva\/#\/schema\/person\/image\/","url":"https:\/\/secure.gravatar.com\/avatar\/42263f39aa27ac04c43cab85c280eb2e?s=96&d=mm&r=pg","contentUrl":"https:\/\/secure.gravatar.com\/avatar\/42263f39aa27ac04c43cab85c280eb2e?s=96&d=mm&r=pg","caption":"Kul"},"logo":{"@id":"https:\/\/sandzakpress.net\/arhiva\/#\/schema\/person\/image\/"}},{"@type":"Person","@id":"https:\/\/sandzakpress.net\/arhiva\/#\/schema\/person\/c8baee722073534b583ea7bdb2e36c02","name":"bosniak","image":{"@type":"ImageObject","inLanguage":"bs-BA","@id":"https:\/\/sandzakpress.net\/arhiva\/#\/schema\/person\/image\/","url":"https:\/\/secure.gravatar.com\/avatar\/a04fd330bfe3a36a72a0ad4a6d89fca7?s=96&d=mm&r=pg","contentUrl":"https:\/\/secure.gravatar.com\/avatar\/a04fd330bfe3a36a72a0ad4a6d89fca7?s=96&d=mm&r=pg","caption":"bosniak"},"url":"https:\/\/sandzakpress.net\/arhiva\/author\/bosniak\/"}]}},"_links":{"self":[{"href":"https:\/\/sandzakpress.net\/arhiva\/wp-json\/wp\/v2\/posts\/225156"}],"collection":[{"href":"https:\/\/sandzakpress.net\/arhiva\/wp-json\/wp\/v2\/posts"}],"about":[{"href":"https:\/\/sandzakpress.net\/arhiva\/wp-json\/wp\/v2\/types\/post"}],"author":[{"embeddable":true,"href":"https:\/\/sandzakpress.net\/arhiva\/wp-json\/wp\/v2\/users\/83"}],"replies":[{"embeddable":true,"href":"https:\/\/sandzakpress.net\/arhiva\/wp-json\/wp\/v2\/comments?post=225156"}],"version-history":[{"count":0,"href":"https:\/\/sandzakpress.net\/arhiva\/wp-json\/wp\/v2\/posts\/225156\/revisions"}],"wp:featuredmedia":[{"embeddable":true,"href":"https:\/\/sandzakpress.net\/arhiva\/wp-json\/wp\/v2\/media\/225157"}],"wp:attachment":[{"href":"https:\/\/sandzakpress.net\/arhiva\/wp-json\/wp\/v2\/media?parent=225156"}],"wp:term":[{"taxonomy":"category","embeddable":true,"href":"https:\/\/sandzakpress.net\/arhiva\/wp-json\/wp\/v2\/categories?post=225156"},{"taxonomy":"post_tag","embeddable":true,"href":"https:\/\/sandzakpress.net\/arhiva\/wp-json\/wp\/v2\/tags?post=225156"}],"curies":[{"name":"wp","href":"https:\/\/api.w.org\/{rel}","templated":true}]}}