{"id":225072,"date":"2019-06-21T21:21:58","date_gmt":"2019-06-21T19:21:58","guid":{"rendered":"https:\/\/sandzakpress.net\/arhiva\/sarajevo-sutra-protestna-setnja-zbog-ubistva-muhameda-mursija"},"modified":"2019-06-21T21:21:58","modified_gmt":"2019-06-21T19:21:58","slug":"sarajevo-sutra-protestna-setnja-zbog-ubistva-muhameda-mursija","status":"publish","type":"post","link":"https:\/\/sandzakpress.net\/arhiva\/sarajevo-sutra-protestna-setnja-zbog-ubistva-muhameda-mursija\/","title":{"rendered":"Sarajevo: Sutra protestna \u0161etnja zbog ubistva Muhameda Mursija"},"content":{"rendered":"<p><img loading=\"lazy\" decoding=\"async\" class=\"wp-image-209965 alignnone size-full\" src=\"https:\/\/bosnapress.net\/wp-content\/uploads\/2019\/06\/mursi.png\" width=\"584\" height=\"329\" \/><\/p>\n<p style=\"border:0px;font-family:dosis,sans-serif;font-size:17px;font-style:normal;font-weight:400;margin:0px0px20px;padding:0px;vertical-align:baseline;letter-spacing:normal;text-indent:0px;text-align:left\">Egipatska Unija u Bosni i Hercegovini, \u010dlan Internacionalne koalicije Egip\u0107ana u svijetu, i Udru\u017eenje egipatske dijaspore organizuju mirni protest ispred Ambasade Egipta u Sarajevu sutra (subota 22. juna 2019.) od 13:30 sati a od 14:20 sati \u0107e se organizovati mirna \u0161etnja od Sebilja do BBI centra.<\/p>\n<p style=\"border:0px;font-family:dosis,sans-serif;font-size:17px;font-style:normal;font-weight:400;margin:0px0px20px;padding:0px;vertical-align:baseline;letter-spacing:normal;text-indent:0px;text-align:left\">Protest se organizuje s ciljem izra\u017eavanja podr\u0161ke egipatskom narodu, a ujedno i protivljenju i o\u0161trom osu\u0111ivanju sada\u0161njeg re\u017eima, produkta vojnog udara od 2013., i to zbog grubog kr\u0161enja osnovnih ljudskih prava- prava na \u017eivot i fer su\u0111enje. Vrhunac pomenutog neljudskog postupanja i diktatorskog pona\u0161anja re\u017eima prema prvom i do sada jedinom legalno izabranom predsjedniku Dr. Mohamedu Morsiju je prouzrokovalo njegovu neo\u010dekivanu smrt dana 17.06.2019 godine, nakon \u0161to je 6 godina nevin boravio u zatvoru.<\/p>\n<p style=\"border:0px;font-family:dosis,sans-serif;font-size:17px;font-style:normal;font-weight:400;margin:0px0px20px;padding:0px;vertical-align:baseline;letter-spacing:normal;text-indent:0px;text-align:left\">Potvr\u0111eno je da su vi\u0161e od 10 puta poku\u0161ali da usmrte Dr. Mohameda Morsija kroz uskra\u0107ivanja lijekova, adekvatnog lije\u010denja \u010dak i o vlastitom tro\u0161ku, te podmetanja otrova kroz hranu o \u010demu je i on sam vi\u0161e puta upozoravao sudije u toku montiranog postupka.<\/p>\n<p style=\"border:0px;font-family:dosis,sans-serif;font-size:17px;font-style:normal;font-weight:400;margin:0px0px20px;padding:0px;vertical-align:baseline;letter-spacing:normal;text-indent:0px;text-align:left\">Gra\u0111ani Bosne i Hercegovine porijeklom iz Egipta, \u017eele di\u0107i svoj glas i alarmirati javnost za zaustavljanje ovog najte\u017eeg kr\u0161enja osnovnih ljudskih prava.<\/p>\n<p style=\"border:0px;font-family:dosis,sans-serif;font-size:17px;font-style:normal;font-weight:400;margin:0px0px20px;padding:0px;vertical-align:baseline;letter-spacing:normal;text-indent:0px;text-align:left\">Montirani proces su\u0111enja Dr. Mursija od strane re\u017eimske vlasti je progla\u0161en od strane svih me\u0111unarodnih organizacija za ljudska prava, uklju\u010duju\u0107i UN izaslanika za ljudska prava, Human Rights Watch i Amnesty International, te\u0161kim kr\u0161enjem ljudskih prava i prava na pravedno i pravi\u010dno su\u0111enje, a gdje u njima nije ispo\u0161tovan ni minimum me\u0111unarodnih standarda.<br \/>\nOrganizatori napominju da je do sada 551 osoba, koje su neosnovano zatvorene u egipatskim zatvorima, bez prava na pravi\u010dno su\u0111enje, umrlo pod sumnjivim okolnostima.<\/p>\n<div style=\"border:0px;font-family:dosis,sans-serif;font-size:17px;font-style:normal;font-weight:400;margin:10px0px;padding:0px;vertical-align:baseline;letter-spacing:normal;text-indent:0px;float:none;text-align:center\">\n<div id=\"div-gpt-ad-1550846960983-0\" style=\"border:0px;font-family:inherit;font-size:17px;font-style:inherit;font-weight:inherit;margin:0px;padding:0px;vertical-align:baseline\"><\/div>\n<\/div>\n<p style=\"border:0px;font-family:dosis,sans-serif;font-size:17px;font-style:normal;font-weight:400;margin:0px0px20px;padding:0px;vertical-align:baseline;letter-spacing:normal;text-align:left\">U toku \u0161etnje uz transparente \u0107e biti no\u0161en prazan tabut prekriven Egipatskom zastavom kao simbolom no\u0161enja tijela dr. Muhammeda Mursija zbog odluke trenutnog re\u017eima u Egiptu da se njegova d\u017eenaza upo\u0107e ne odr\u017ei javno.<\/p>\n<p style=\"border:0px;font-family:dosis,sans-serif;font-size:17px;font-style:normal;font-weight:400;margin:0px0px20px;padding:0px;vertical-align:baseline;letter-spacing:normal;text-align:left\">Akos.ba<\/p>\n<p>Pogledajte vijest na izvornom sajtu:<\/p>\n<p><a href=\"https:\/\/bosnapress.net\/sarajevo-sutra-protestna-setnja-zbog-ubistva-muhameda-mursija\/\" target=\"_blank\">Sarajevo: Sutra protestna \u0161etnja zbog ubistva Muhameda Mursija<\/a><\/p>\n","protected":false},"excerpt":{"rendered":"<p>Egipatska Unija u Bosni i Hercegovini, \u010dlan Internacionalne koalicije Egip\u0107ana u svijetu, i Udru\u017eenje egipatske dijaspore organizuju mirni protest ispred Ambasade Egipta u Sarajevu sutra (subota 22. juna 2019.) od 13:30 sati a od 14:20 sati \u0107e se organizovati mirna \u0161etnja od Sebilja do BBI centra. Protest se organizuje s ciljem izra\u017eavanja podr\u0161ke egipatskom narodu, [&hellip;]<\/p>\n","protected":false},"author":83,"featured_media":225073,"comment_status":"open","ping_status":"open","sticky":false,"template":"","format":"standard","meta":{"footnotes":""},"categories":[10513],"tags":[10466],"class_list":{"0":"post-225072","1":"post","2":"type-post","3":"status-publish","4":"format-standard","5":"has-post-thumbnail","7":"category-bosna-press","8":"tag-bosna-i-hercegovina"},"yoast_head":"<!-- This site is optimized with the Yoast SEO Premium plugin v23.1 (Yoast SEO v24.9) - https:\/\/yoast.com\/wordpress\/plugins\/seo\/ -->\n<title>Sarajevo: Sutra protestna \u0161etnja zbog ubistva Muhameda Mursija<\/title>\n<meta name=\"robots\" content=\"index, follow, max-snippet:-1, max-image-preview:large, max-video-preview:-1\" \/>\n<link rel=\"canonical\" href=\"https:\/\/sandzakpress.net\/arhiva\/sarajevo-sutra-protestna-setnja-zbog-ubistva-muhameda-mursija\/\" \/>\n<meta property=\"og:locale\" content=\"bs_BA\" \/>\n<meta property=\"og:type\" content=\"article\" \/>\n<meta property=\"og:title\" content=\"Sarajevo: Sutra protestna \u0161etnja zbog ubistva Muhameda Mursija\" \/>\n<meta property=\"og:description\" content=\"Egipatska Unija u Bosni i Hercegovini, \u010dlan Internacionalne koalicije Egip\u0107ana u svijetu, i Udru\u017eenje egipatske dijaspore organizuju mirni protest ispred Ambasade Egipta u Sarajevu sutra (subota 22. juna 2019.) od 13:30 sati a od 14:20 sati \u0107e se organizovati mirna \u0161etnja od Sebilja do BBI centra. Protest se organizuje s ciljem izra\u017eavanja podr\u0161ke egipatskom narodu, [&hellip;]\" \/>\n<meta property=\"og:url\" content=\"https:\/\/sandzakpress.net\/arhiva\/sarajevo-sutra-protestna-setnja-zbog-ubistva-muhameda-mursija\/\" \/>\n<meta property=\"og:site_name\" content=\"Sand\u017eak PRESS\" \/>\n<meta property=\"article:published_time\" content=\"2019-06-21T19:21:58+00:00\" \/>\n<meta property=\"og:image\" content=\"https:\/\/sandzakpress.net\/arhiva\/wp-content\/uploads\/2019\/06\/mursi.png\" \/>\n\t<meta property=\"og:image:width\" content=\"584\" \/>\n\t<meta property=\"og:image:height\" content=\"329\" \/>\n\t<meta property=\"og:image:type\" content=\"image\/png\" \/>\n<meta name=\"author\" content=\"bosniak\" \/>\n<meta name=\"twitter:card\" content=\"summary_large_image\" \/>\n<meta name=\"twitter:label1\" content=\"Written by\" \/>\n\t<meta name=\"twitter:data1\" content=\"bosniak\" \/>\n\t<meta name=\"twitter:label2\" content=\"Est. reading time\" \/>\n\t<meta name=\"twitter:data2\" content=\"2 minute\" \/>\n<script type=\"application\/ld+json\" class=\"yoast-schema-graph\">{\"@context\":\"https:\/\/schema.org\",\"@graph\":[{\"@type\":\"Article\",\"@id\":\"https:\/\/sandzakpress.net\/arhiva\/sarajevo-sutra-protestna-setnja-zbog-ubistva-muhameda-mursija\/#article\",\"isPartOf\":{\"@id\":\"https:\/\/sandzakpress.net\/arhiva\/sarajevo-sutra-protestna-setnja-zbog-ubistva-muhameda-mursija\/\"},\"author\":{\"name\":\"bosniak\",\"@id\":\"https:\/\/sandzakpress.net\/arhiva\/#\/schema\/person\/c8baee722073534b583ea7bdb2e36c02\"},\"headline\":\"Sarajevo: Sutra protestna \u0161etnja zbog ubistva Muhameda Mursija\",\"datePublished\":\"2019-06-21T19:21:58+00:00\",\"mainEntityOfPage\":{\"@id\":\"https:\/\/sandzakpress.net\/arhiva\/sarajevo-sutra-protestna-setnja-zbog-ubistva-muhameda-mursija\/\"},\"wordCount\":353,\"commentCount\":0,\"publisher\":{\"@id\":\"https:\/\/sandzakpress.net\/arhiva\/#\/schema\/person\/6e72b67d6e51910a1117b3b483ba20bd\"},\"image\":{\"@id\":\"https:\/\/sandzakpress.net\/arhiva\/sarajevo-sutra-protestna-setnja-zbog-ubistva-muhameda-mursija\/#primaryimage\"},\"thumbnailUrl\":\"https:\/\/sandzakpress.net\/arhiva\/wp-content\/uploads\/2019\/06\/mursi.png\",\"keywords\":[\"Bosna i Hercegovina\"],\"articleSection\":[\"Bosna PRESS\"],\"inLanguage\":\"bs-BA\",\"potentialAction\":[{\"@type\":\"CommentAction\",\"name\":\"Comment\",\"target\":[\"https:\/\/sandzakpress.net\/arhiva\/sarajevo-sutra-protestna-setnja-zbog-ubistva-muhameda-mursija\/#respond\"]}]},{\"@type\":\"WebPage\",\"@id\":\"https:\/\/sandzakpress.net\/arhiva\/sarajevo-sutra-protestna-setnja-zbog-ubistva-muhameda-mursija\/\",\"url\":\"https:\/\/sandzakpress.net\/arhiva\/sarajevo-sutra-protestna-setnja-zbog-ubistva-muhameda-mursija\/\",\"name\":\"Sarajevo: Sutra protestna \u0161etnja zbog ubistva Muhameda Mursija\",\"isPartOf\":{\"@id\":\"https:\/\/sandzakpress.net\/arhiva\/#website\"},\"primaryImageOfPage\":{\"@id\":\"https:\/\/sandzakpress.net\/arhiva\/sarajevo-sutra-protestna-setnja-zbog-ubistva-muhameda-mursija\/#primaryimage\"},\"image\":{\"@id\":\"https:\/\/sandzakpress.net\/arhiva\/sarajevo-sutra-protestna-setnja-zbog-ubistva-muhameda-mursija\/#primaryimage\"},\"thumbnailUrl\":\"https:\/\/sandzakpress.net\/arhiva\/wp-content\/uploads\/2019\/06\/mursi.png\",\"datePublished\":\"2019-06-21T19:21:58+00:00\",\"breadcrumb\":{\"@id\":\"https:\/\/sandzakpress.net\/arhiva\/sarajevo-sutra-protestna-setnja-zbog-ubistva-muhameda-mursija\/#breadcrumb\"},\"inLanguage\":\"bs-BA\",\"potentialAction\":[{\"@type\":\"ReadAction\",\"target\":[\"https:\/\/sandzakpress.net\/arhiva\/sarajevo-sutra-protestna-setnja-zbog-ubistva-muhameda-mursija\/\"]}]},{\"@type\":\"ImageObject\",\"inLanguage\":\"bs-BA\",\"@id\":\"https:\/\/sandzakpress.net\/arhiva\/sarajevo-sutra-protestna-setnja-zbog-ubistva-muhameda-mursija\/#primaryimage\",\"url\":\"https:\/\/sandzakpress.net\/arhiva\/wp-content\/uploads\/2019\/06\/mursi.png\",\"contentUrl\":\"https:\/\/sandzakpress.net\/arhiva\/wp-content\/uploads\/2019\/06\/mursi.png\",\"width\":584,\"height\":329},{\"@type\":\"BreadcrumbList\",\"@id\":\"https:\/\/sandzakpress.net\/arhiva\/sarajevo-sutra-protestna-setnja-zbog-ubistva-muhameda-mursija\/#breadcrumb\",\"itemListElement\":[{\"@type\":\"ListItem\",\"position\":1,\"name\":\"Home\",\"item\":\"https:\/\/sandzakpress.net\/arhiva\/\"},{\"@type\":\"ListItem\",\"position\":2,\"name\":\"Sarajevo: Sutra protestna \u0161etnja zbog ubistva Muhameda Mursija\"}]},{\"@type\":\"WebSite\",\"@id\":\"https:\/\/sandzakpress.net\/arhiva\/#website\",\"url\":\"https:\/\/sandzakpress.net\/arhiva\/\",\"name\":\"Sand\u017eak PRESS\",\"description\":\"Prve elektronske novine u Sand\u017eaku\",\"publisher\":{\"@id\":\"https:\/\/sandzakpress.net\/arhiva\/#\/schema\/person\/6e72b67d6e51910a1117b3b483ba20bd\"},\"potentialAction\":[{\"@type\":\"SearchAction\",\"target\":{\"@type\":\"EntryPoint\",\"urlTemplate\":\"https:\/\/sandzakpress.net\/arhiva\/?s={search_term_string}\"},\"query-input\":{\"@type\":\"PropertyValueSpecification\",\"valueRequired\":true,\"valueName\":\"search_term_string\"}}],\"inLanguage\":\"bs-BA\"},{\"@type\":[\"Person\",\"Organization\"],\"@id\":\"https:\/\/sandzakpress.net\/arhiva\/#\/schema\/person\/6e72b67d6e51910a1117b3b483ba20bd\",\"name\":\"Kul\",\"image\":{\"@type\":\"ImageObject\",\"inLanguage\":\"bs-BA\",\"@id\":\"https:\/\/sandzakpress.net\/arhiva\/#\/schema\/person\/image\/\",\"url\":\"https:\/\/secure.gravatar.com\/avatar\/42263f39aa27ac04c43cab85c280eb2e?s=96&d=mm&r=pg\",\"contentUrl\":\"https:\/\/secure.gravatar.com\/avatar\/42263f39aa27ac04c43cab85c280eb2e?s=96&d=mm&r=pg\",\"caption\":\"Kul\"},\"logo\":{\"@id\":\"https:\/\/sandzakpress.net\/arhiva\/#\/schema\/person\/image\/\"}},{\"@type\":\"Person\",\"@id\":\"https:\/\/sandzakpress.net\/arhiva\/#\/schema\/person\/c8baee722073534b583ea7bdb2e36c02\",\"name\":\"bosniak\",\"image\":{\"@type\":\"ImageObject\",\"inLanguage\":\"bs-BA\",\"@id\":\"https:\/\/sandzakpress.net\/arhiva\/#\/schema\/person\/image\/\",\"url\":\"https:\/\/secure.gravatar.com\/avatar\/a04fd330bfe3a36a72a0ad4a6d89fca7?s=96&d=mm&r=pg\",\"contentUrl\":\"https:\/\/secure.gravatar.com\/avatar\/a04fd330bfe3a36a72a0ad4a6d89fca7?s=96&d=mm&r=pg\",\"caption\":\"bosniak\"},\"url\":\"https:\/\/sandzakpress.net\/arhiva\/author\/bosniak\/\"}]}<\/script>\n<!-- \/ Yoast SEO Premium plugin. -->","yoast_head_json":{"title":"Sarajevo: Sutra protestna \u0161etnja zbog ubistva Muhameda Mursija","robots":{"index":"index","follow":"follow","max-snippet":"max-snippet:-1","max-image-preview":"max-image-preview:large","max-video-preview":"max-video-preview:-1"},"canonical":"https:\/\/sandzakpress.net\/arhiva\/sarajevo-sutra-protestna-setnja-zbog-ubistva-muhameda-mursija\/","og_locale":"bs_BA","og_type":"article","og_title":"Sarajevo: Sutra protestna \u0161etnja zbog ubistva Muhameda Mursija","og_description":"Egipatska Unija u Bosni i Hercegovini, \u010dlan Internacionalne koalicije Egip\u0107ana u svijetu, i Udru\u017eenje egipatske dijaspore organizuju mirni protest ispred Ambasade Egipta u Sarajevu sutra (subota 22. juna 2019.) od 13:30 sati a od 14:20 sati \u0107e se organizovati mirna \u0161etnja od Sebilja do BBI centra. Protest se organizuje s ciljem izra\u017eavanja podr\u0161ke egipatskom narodu, [&hellip;]","og_url":"https:\/\/sandzakpress.net\/arhiva\/sarajevo-sutra-protestna-setnja-zbog-ubistva-muhameda-mursija\/","og_site_name":"Sand\u017eak PRESS","article_published_time":"2019-06-21T19:21:58+00:00","og_image":[{"width":584,"height":329,"url":"https:\/\/sandzakpress.net\/arhiva\/wp-content\/uploads\/2019\/06\/mursi.png","type":"image\/png"}],"author":"bosniak","twitter_card":"summary_large_image","twitter_misc":{"Written by":"bosniak","Est. reading time":"2 minute"},"schema":{"@context":"https:\/\/schema.org","@graph":[{"@type":"Article","@id":"https:\/\/sandzakpress.net\/arhiva\/sarajevo-sutra-protestna-setnja-zbog-ubistva-muhameda-mursija\/#article","isPartOf":{"@id":"https:\/\/sandzakpress.net\/arhiva\/sarajevo-sutra-protestna-setnja-zbog-ubistva-muhameda-mursija\/"},"author":{"name":"bosniak","@id":"https:\/\/sandzakpress.net\/arhiva\/#\/schema\/person\/c8baee722073534b583ea7bdb2e36c02"},"headline":"Sarajevo: Sutra protestna \u0161etnja zbog ubistva Muhameda Mursija","datePublished":"2019-06-21T19:21:58+00:00","mainEntityOfPage":{"@id":"https:\/\/sandzakpress.net\/arhiva\/sarajevo-sutra-protestna-setnja-zbog-ubistva-muhameda-mursija\/"},"wordCount":353,"commentCount":0,"publisher":{"@id":"https:\/\/sandzakpress.net\/arhiva\/#\/schema\/person\/6e72b67d6e51910a1117b3b483ba20bd"},"image":{"@id":"https:\/\/sandzakpress.net\/arhiva\/sarajevo-sutra-protestna-setnja-zbog-ubistva-muhameda-mursija\/#primaryimage"},"thumbnailUrl":"https:\/\/sandzakpress.net\/arhiva\/wp-content\/uploads\/2019\/06\/mursi.png","keywords":["Bosna i Hercegovina"],"articleSection":["Bosna PRESS"],"inLanguage":"bs-BA","potentialAction":[{"@type":"CommentAction","name":"Comment","target":["https:\/\/sandzakpress.net\/arhiva\/sarajevo-sutra-protestna-setnja-zbog-ubistva-muhameda-mursija\/#respond"]}]},{"@type":"WebPage","@id":"https:\/\/sandzakpress.net\/arhiva\/sarajevo-sutra-protestna-setnja-zbog-ubistva-muhameda-mursija\/","url":"https:\/\/sandzakpress.net\/arhiva\/sarajevo-sutra-protestna-setnja-zbog-ubistva-muhameda-mursija\/","name":"Sarajevo: Sutra protestna \u0161etnja zbog ubistva Muhameda Mursija","isPartOf":{"@id":"https:\/\/sandzakpress.net\/arhiva\/#website"},"primaryImageOfPage":{"@id":"https:\/\/sandzakpress.net\/arhiva\/sarajevo-sutra-protestna-setnja-zbog-ubistva-muhameda-mursija\/#primaryimage"},"image":{"@id":"https:\/\/sandzakpress.net\/arhiva\/sarajevo-sutra-protestna-setnja-zbog-ubistva-muhameda-mursija\/#primaryimage"},"thumbnailUrl":"https:\/\/sandzakpress.net\/arhiva\/wp-content\/uploads\/2019\/06\/mursi.png","datePublished":"2019-06-21T19:21:58+00:00","breadcrumb":{"@id":"https:\/\/sandzakpress.net\/arhiva\/sarajevo-sutra-protestna-setnja-zbog-ubistva-muhameda-mursija\/#breadcrumb"},"inLanguage":"bs-BA","potentialAction":[{"@type":"ReadAction","target":["https:\/\/sandzakpress.net\/arhiva\/sarajevo-sutra-protestna-setnja-zbog-ubistva-muhameda-mursija\/"]}]},{"@type":"ImageObject","inLanguage":"bs-BA","@id":"https:\/\/sandzakpress.net\/arhiva\/sarajevo-sutra-protestna-setnja-zbog-ubistva-muhameda-mursija\/#primaryimage","url":"https:\/\/sandzakpress.net\/arhiva\/wp-content\/uploads\/2019\/06\/mursi.png","contentUrl":"https:\/\/sandzakpress.net\/arhiva\/wp-content\/uploads\/2019\/06\/mursi.png","width":584,"height":329},{"@type":"BreadcrumbList","@id":"https:\/\/sandzakpress.net\/arhiva\/sarajevo-sutra-protestna-setnja-zbog-ubistva-muhameda-mursija\/#breadcrumb","itemListElement":[{"@type":"ListItem","position":1,"name":"Home","item":"https:\/\/sandzakpress.net\/arhiva\/"},{"@type":"ListItem","position":2,"name":"Sarajevo: Sutra protestna \u0161etnja zbog ubistva Muhameda Mursija"}]},{"@type":"WebSite","@id":"https:\/\/sandzakpress.net\/arhiva\/#website","url":"https:\/\/sandzakpress.net\/arhiva\/","name":"Sand\u017eak PRESS","description":"Prve elektronske novine u Sand\u017eaku","publisher":{"@id":"https:\/\/sandzakpress.net\/arhiva\/#\/schema\/person\/6e72b67d6e51910a1117b3b483ba20bd"},"potentialAction":[{"@type":"SearchAction","target":{"@type":"EntryPoint","urlTemplate":"https:\/\/sandzakpress.net\/arhiva\/?s={search_term_string}"},"query-input":{"@type":"PropertyValueSpecification","valueRequired":true,"valueName":"search_term_string"}}],"inLanguage":"bs-BA"},{"@type":["Person","Organization"],"@id":"https:\/\/sandzakpress.net\/arhiva\/#\/schema\/person\/6e72b67d6e51910a1117b3b483ba20bd","name":"Kul","image":{"@type":"ImageObject","inLanguage":"bs-BA","@id":"https:\/\/sandzakpress.net\/arhiva\/#\/schema\/person\/image\/","url":"https:\/\/secure.gravatar.com\/avatar\/42263f39aa27ac04c43cab85c280eb2e?s=96&d=mm&r=pg","contentUrl":"https:\/\/secure.gravatar.com\/avatar\/42263f39aa27ac04c43cab85c280eb2e?s=96&d=mm&r=pg","caption":"Kul"},"logo":{"@id":"https:\/\/sandzakpress.net\/arhiva\/#\/schema\/person\/image\/"}},{"@type":"Person","@id":"https:\/\/sandzakpress.net\/arhiva\/#\/schema\/person\/c8baee722073534b583ea7bdb2e36c02","name":"bosniak","image":{"@type":"ImageObject","inLanguage":"bs-BA","@id":"https:\/\/sandzakpress.net\/arhiva\/#\/schema\/person\/image\/","url":"https:\/\/secure.gravatar.com\/avatar\/a04fd330bfe3a36a72a0ad4a6d89fca7?s=96&d=mm&r=pg","contentUrl":"https:\/\/secure.gravatar.com\/avatar\/a04fd330bfe3a36a72a0ad4a6d89fca7?s=96&d=mm&r=pg","caption":"bosniak"},"url":"https:\/\/sandzakpress.net\/arhiva\/author\/bosniak\/"}]}},"_links":{"self":[{"href":"https:\/\/sandzakpress.net\/arhiva\/wp-json\/wp\/v2\/posts\/225072"}],"collection":[{"href":"https:\/\/sandzakpress.net\/arhiva\/wp-json\/wp\/v2\/posts"}],"about":[{"href":"https:\/\/sandzakpress.net\/arhiva\/wp-json\/wp\/v2\/types\/post"}],"author":[{"embeddable":true,"href":"https:\/\/sandzakpress.net\/arhiva\/wp-json\/wp\/v2\/users\/83"}],"replies":[{"embeddable":true,"href":"https:\/\/sandzakpress.net\/arhiva\/wp-json\/wp\/v2\/comments?post=225072"}],"version-history":[{"count":0,"href":"https:\/\/sandzakpress.net\/arhiva\/wp-json\/wp\/v2\/posts\/225072\/revisions"}],"wp:featuredmedia":[{"embeddable":true,"href":"https:\/\/sandzakpress.net\/arhiva\/wp-json\/wp\/v2\/media\/225073"}],"wp:attachment":[{"href":"https:\/\/sandzakpress.net\/arhiva\/wp-json\/wp\/v2\/media?parent=225072"}],"wp:term":[{"taxonomy":"category","embeddable":true,"href":"https:\/\/sandzakpress.net\/arhiva\/wp-json\/wp\/v2\/categories?post=225072"},{"taxonomy":"post_tag","embeddable":true,"href":"https:\/\/sandzakpress.net\/arhiva\/wp-json\/wp\/v2\/tags?post=225072"}],"curies":[{"name":"wp","href":"https:\/\/api.w.org\/{rel}","templated":true}]}}