{"id":225045,"date":"2019-06-21T15:08:46","date_gmt":"2019-06-21T13:08:46","guid":{"rendered":"https:\/\/sandzakpress.net\/arhiva\/?p=225045"},"modified":"2019-06-21T15:08:46","modified_gmt":"2019-06-21T13:08:46","slug":"bjelopoljski-osnovci-i-srednjoskolci-uspjesni-na-olimpijadi-znanja","status":"publish","type":"post","link":"https:\/\/sandzakpress.net\/arhiva\/bjelopoljski-osnovci-i-srednjoskolci-uspjesni-na-olimpijadi-znanja\/","title":{"rendered":"Bjelopoljski osnovci i srednjo\u0161kolci uspje\u0161ni na Olimpijadi znanja"},"content":{"rendered":"<p><img decoding=\"async\" src=\"http:\/\/www.radiobijelopolje.me\/images\/2019-bijelopolje3\/20-06-olimpijada-znanja.jpg\" \/><\/p>\n<p><strong>Sve\u010dano uru\u010denje nagrada najuspje\u0161nijim takmi\u010darima Olimpijade znanja 2019. godine, uprili\u010deno je ju\u010de na Univerzitetu Crne Gore, a me\u0111u najboljima na\u0161li su se i bjelopoljski osnovci i srednjo\u0161kolci.<\/strong><\/p>\n<p>U\u010denici osnovnih i srednjih bjelopoljskih \u0161kola postigli su zavidne rezultate iz matematike, fizike, hemije, kao i biologije, \u010dime su jo\u0161 jednom dokazali da je Bijelo Polje rasadnik pametne i talentovane djece.<\/p>\n<p>Da je sjajan matemati\u010dar, mladi Amir Koli\u0107, u\u010denik prvog razreda Gimnazije \u201cMiloje Dobra\u0161inovi\u0107\u201d, dokazao je i na ovogodi\u0161njoj Olimpijadi znanja, na kojoj je osvojio prvo mjesto u svojoj kategoriji.<\/p>\n<p>S obzirom na sjajne rezultate koje je postizao i ranijih godina, prvo mjesto je i ovaj put pri\u017eeljkivao, a i Bjelopoljci su to od njega i o\u010dekivali, jer je februaru na dr\u017eavnom takmi\u010denju u rangu svih srednjo\u0161kolaca osvojio najve\u0107i broj bodova i time se kandidovao da predstavlja Crnu Goru na Balkanskoj, pa zatim na Svetskoj matemati\u010dkoj olimpijadi.<\/p>\n<p><img decoding=\"async\" src=\"http:\/\/www.radiobijelopolje.me\/images\/2019-bijelopolje3\/20-06-amir.jpg\" alt=\"\" \/><\/p>\n<p>\u201cOvo je bilo moje \u010detvrto u\u010de\u0161\u0107e na Olimpijadi znanja, tako da sam se iznova radovao dru\u017eenju sa sjajnim matemati\u010darima. Za ovu olimpijadu spremao sam se nekih mjesec dana, ali i prije nje sam imao takmi\u010denja, \u0161to mi je olak\u0161alo osvajanje prvog mjesta\u201d, rekao je Koli\u0107.<\/p>\n<p>On se zahvalio i mentorki profesorici Spomenki Rabrenovi\u0107, ali i nastavnici iz osnovne \u0161kole Neveni Ljuji\u0107, koja je i otkrila njegov dar za matematiku.<\/p>\n<p>\u00a0\u201cNadam se da \u0107u na predstoje\u0107im takmi\u010denjima mo\u0107i da predstavim sebe, svoje \u00a0mentore, ali i grad i \u00a0dr\u017eavu na svjetskoj sceni u najboljem svijetu\u201d, dodao je Amir.<\/p>\n<p>Prvo mjesto iz matematike u kategoriji tre\u0107ih razreda srednje \u0161kole, tako\u0111e je pripalo Bjelopoljcu, Ajlanu Zajmovi\u0107u.<\/p>\n<p>\u201cOlimpijada znanja je takm\u010denje iz oblasti prirodnih nauka, pa samim tim velika je satisfakcija i samo u\u010destvovanje, a jo\u0161 ve\u0107i ponos osvojiti prvo mjesto, \u00a0\u0161to je najve\u0107a nagrada za ulo\u017eeni trud, ali i svojevrsni pokazatelj znanja\u201d, ponosno je rekao Ajlan.<\/p>\n<p><img decoding=\"async\" src=\"http:\/\/www.radiobijelopolje.me\/images\/2019-bijelopolje3\/20-06-ajlan.jpg\" alt=\"\" \/><\/p>\n<p>Kao ni Amiru, ni Ajlanu ovo nije prvo takmi\u010denje, niti nagrada.<\/p>\n<p>\u201cNisam se spremao dugo, jer sam i prije Olimpijade znanja i\u0161ao na nekoliko takmi\u010denje, tako da je ovo bilo prilika da jo\u0161 jednom poka\u017eem ono \u0161to znam\u201d, istakao je Ajlan, u\u010denik tre\u0107eg razreda Gimnazije \u201cMiloje Dobra\u0161inovi\u0107\u201d, dodaju\u0107i da mu je mentorka bila profeosrica Aleksandra Obradovi\u0107.<\/p>\n<p>U\u010denica osmog razreda \u0161kole \u201cRisto Rtakovi\u0107\u201d, Katarina Dragovi\u0107 osvojila je drugo mjesto iz biologije.<\/p>\n<p>Uz mentorstvo profesorice Veselinke \u0160\u0107eki\u0107, sjajna Katarina uspjela je uprkos velikoj konkurenciji da do\u0111e do drugog mjesta, a kako je kazala za Radio Bijelo Polje, jako je ponosna i sre\u0107na.<\/p>\n<p><img decoding=\"async\" src=\"http:\/\/www.radiobijelopolje.me\/images\/2019-bijelopolje3\/20-06-katarina.jpg\" alt=\"\" \/><\/p>\n<p>\u201cZaista nijesam o\u010dekivala da \u0107u uspjeti da osvojim drugo mjesto, iako sam jo\u0161 prije tri mjeseca po\u010dela da se pripremam za olimpijadu. Rad i trud se svakako ispaltio, \u0161to pokazuje I rezultata\u201d, istakla je Katarina, koja je ranijih godina bila uspje\u0161na i na takmi\u010denjima iz programiranja.<\/p>\n<p>Najbolja na takmi\u010denju iz hemije u kategoriji zavr\u0161nog razreda osnovnih \u0161kola bila je Ivana Ja\u0107imovi\u0107.<\/p>\n<p>\u201cSpremala sam se od oktobra, napornim radom sam uspjela da do\u0111em do prvog mjesta i jako sam zadovoljna, jer nijesam ni razmi\u0161ljala o nagradi, da se ne bih razo\u010darala, ali naravno da sam vjerovala u sebe\u201d, kazala je Ivana, dodaju\u0107i da veliku zahvalnost duguje i mentorki, profesorici Selmi Dobard\u017ei\u0107.<\/p>\n<p><img decoding=\"async\" src=\"http:\/\/www.radiobijelopolje.me\/images\/2019-bijelopolje3\/20-06-ivana.jpg\" alt=\"\" \/><\/p>\n<p>Ina\u010de, Ivana je i na dr\u017eavnom takmi\u010denju iz hemije, odr\u017eanom u februaru, tako\u0111e osvojila prvo mjesto.<\/p>\n<p>Predstavnicima osnovnih i srednjih \u0161kola sa najboljim rezultatima u znanju iz matematike, fizike, biologije i programiranja ju\u010de su uru\u010dene diplome i simboli\u010dne nagrade.<\/p>\n<p>Bjelopoljci su bili uspje\u0161ni i na takmi\u010denju iz biologije,\u00a0Tomica Vojinovi\u0107 bio je peti , sedmo mjesto pripalo je Jeleni Smolovi\u0107,\u00a0 Amina \u0106atovi\u0107 osvojila je jedanaesto,trinaesta je bila Larisa Martinovi\u0107,\u00a0 petnaesti Danilo Mrdak, a Berini Ramovi\u0107 bila je dvadest druga.<\/p>\n<p>Da Bijelo Polje ima sjajne fizi\u010dare pokazao je\u00a0 Matija Pavi\u0107evi\u0107, koji je osvojio prvo mjesto, osmije bio Ne\u0161ko Goja\u010danin, Lazaru Dangubi\u0107u\u00a0pripalo je osamnaesto mjesto, dok je Nejra Beganovi\u0107 bila dvadest prva.<\/p>\n<p>Uspje\u0161ni su bili i hemi\u010dari, a pored Ivane Ja\u0107imovi\u0107 koja je bila prva me\u0111u osmacima, u svojoj kategoriji najbolja je iz hemije bila i Anja Damjanovi\u0107, \u010detvrti je bio Petar \u0110akovi\u0107, a Ana Zindovi\u0107 jedanaesta.<\/p>\n<p>Podsjetimo, Olimpijada znanja, jedanaesta po redu, odvija se tradicionalno pod pokroviteljstvom Rektora Univerziteta Crne Gore,\u00a0 Prirodno-matemati\u010dkog fakulteta Univerziteta Crne Gore,\u00a0 Crnogorske akademije nauka i umjetnosti, kompanije doMEn i Dru\u0161tva matemati\u010dara i fizi\u010dara Crne Gore.<\/p>\n","protected":false},"excerpt":{"rendered":"<p>Sve\u010dano uru\u010denje nagrada najuspje\u0161nijim takmi\u010darima Olimpijade znanja 2019. godine, uprili\u010deno je ju\u010de na Univerzitetu Crne Gore, a me\u0111u najboljima na\u0161li su se i bjelopoljski osnovci i srednjo\u0161kolci. U\u010denici osnovnih i srednjih bjelopoljskih \u0161kola postigli su zavidne rezultate iz matematike, fizike, hemije, kao i biologije, \u010dime su jo\u0161 jednom dokazali da je Bijelo Polje rasadnik pametne [&hellip;]<\/p>\n","protected":false},"author":509,"featured_media":225048,"comment_status":"open","ping_status":"open","sticky":false,"template":"","format":"standard","meta":{"footnotes":""},"categories":[396,4],"tags":[],"class_list":{"0":"post-225045","1":"post","2":"type-post","3":"status-publish","4":"format-standard","5":"has-post-thumbnail","7":"category-bijelo_polje","8":"category-obrazovanje"},"yoast_head":"<!-- This site is optimized with the Yoast SEO Premium plugin v23.1 (Yoast SEO v24.9) - https:\/\/yoast.com\/wordpress\/plugins\/seo\/ -->\n<title>Bjelopoljski osnovci i srednjo\u0161kolci uspje\u0161ni na Olimpijadi znanja<\/title>\n<meta name=\"robots\" content=\"index, follow, max-snippet:-1, max-image-preview:large, max-video-preview:-1\" \/>\n<link rel=\"canonical\" href=\"https:\/\/sandzakpress.net\/arhiva\/bjelopoljski-osnovci-i-srednjoskolci-uspjesni-na-olimpijadi-znanja\/\" \/>\n<meta property=\"og:locale\" content=\"bs_BA\" \/>\n<meta property=\"og:type\" content=\"article\" \/>\n<meta property=\"og:title\" content=\"Bjelopoljski osnovci i srednjo\u0161kolci uspje\u0161ni na Olimpijadi znanja\" \/>\n<meta property=\"og:description\" content=\"Sve\u010dano uru\u010denje nagrada najuspje\u0161nijim takmi\u010darima Olimpijade znanja 2019. godine, uprili\u010deno je ju\u010de na Univerzitetu Crne Gore, a me\u0111u najboljima na\u0161li su se i bjelopoljski osnovci i srednjo\u0161kolci. U\u010denici osnovnih i srednjih bjelopoljskih \u0161kola postigli su zavidne rezultate iz matematike, fizike, hemije, kao i biologije, \u010dime su jo\u0161 jednom dokazali da je Bijelo Polje rasadnik pametne [&hellip;]\" \/>\n<meta property=\"og:url\" content=\"https:\/\/sandzakpress.net\/arhiva\/bjelopoljski-osnovci-i-srednjoskolci-uspjesni-na-olimpijadi-znanja\/\" \/>\n<meta property=\"og:site_name\" content=\"Sand\u017eak PRESS\" \/>\n<meta property=\"article:published_time\" content=\"2019-06-21T13:08:46+00:00\" \/>\n<meta property=\"og:image\" content=\"https:\/\/sandzakpress.net\/arhiva\/wp-content\/uploads\/2019\/06\/20-06-olimpijada-znanja.jpg\" \/>\n\t<meta property=\"og:image:width\" content=\"1000\" \/>\n\t<meta property=\"og:image:height\" content=\"666\" \/>\n\t<meta property=\"og:image:type\" content=\"image\/jpeg\" \/>\n<meta name=\"author\" content=\"Agencija\" \/>\n<meta name=\"twitter:card\" content=\"summary_large_image\" \/>\n<meta name=\"twitter:label1\" content=\"Written by\" \/>\n\t<meta name=\"twitter:data1\" content=\"Agencija\" \/>\n\t<meta name=\"twitter:label2\" content=\"Est. reading time\" \/>\n\t<meta name=\"twitter:data2\" content=\"4 minute\" \/>\n<script type=\"application\/ld+json\" class=\"yoast-schema-graph\">{\"@context\":\"https:\/\/schema.org\",\"@graph\":[{\"@type\":\"Article\",\"@id\":\"https:\/\/sandzakpress.net\/arhiva\/bjelopoljski-osnovci-i-srednjoskolci-uspjesni-na-olimpijadi-znanja\/#article\",\"isPartOf\":{\"@id\":\"https:\/\/sandzakpress.net\/arhiva\/bjelopoljski-osnovci-i-srednjoskolci-uspjesni-na-olimpijadi-znanja\/\"},\"author\":{\"name\":\"Agencija\",\"@id\":\"https:\/\/sandzakpress.net\/arhiva\/#\/schema\/person\/cb59d7e3ab91ab90dd680ad0305a6185\"},\"headline\":\"Bjelopoljski osnovci i srednjo\u0161kolci uspje\u0161ni na Olimpijadi znanja\",\"datePublished\":\"2019-06-21T13:08:46+00:00\",\"mainEntityOfPage\":{\"@id\":\"https:\/\/sandzakpress.net\/arhiva\/bjelopoljski-osnovci-i-srednjoskolci-uspjesni-na-olimpijadi-znanja\/\"},\"wordCount\":780,\"commentCount\":0,\"publisher\":{\"@id\":\"https:\/\/sandzakpress.net\/arhiva\/#\/schema\/person\/6e72b67d6e51910a1117b3b483ba20bd\"},\"image\":{\"@id\":\"https:\/\/sandzakpress.net\/arhiva\/bjelopoljski-osnovci-i-srednjoskolci-uspjesni-na-olimpijadi-znanja\/#primaryimage\"},\"thumbnailUrl\":\"https:\/\/sandzakpress.net\/arhiva\/wp-content\/uploads\/2019\/06\/20-06-olimpijada-znanja.jpg\",\"articleSection\":[\"Bijelo Polje\",\"Obrazovanje\"],\"inLanguage\":\"bs-BA\",\"potentialAction\":[{\"@type\":\"CommentAction\",\"name\":\"Comment\",\"target\":[\"https:\/\/sandzakpress.net\/arhiva\/bjelopoljski-osnovci-i-srednjoskolci-uspjesni-na-olimpijadi-znanja\/#respond\"]}]},{\"@type\":\"WebPage\",\"@id\":\"https:\/\/sandzakpress.net\/arhiva\/bjelopoljski-osnovci-i-srednjoskolci-uspjesni-na-olimpijadi-znanja\/\",\"url\":\"https:\/\/sandzakpress.net\/arhiva\/bjelopoljski-osnovci-i-srednjoskolci-uspjesni-na-olimpijadi-znanja\/\",\"name\":\"Bjelopoljski osnovci i srednjo\u0161kolci uspje\u0161ni na Olimpijadi znanja\",\"isPartOf\":{\"@id\":\"https:\/\/sandzakpress.net\/arhiva\/#website\"},\"primaryImageOfPage\":{\"@id\":\"https:\/\/sandzakpress.net\/arhiva\/bjelopoljski-osnovci-i-srednjoskolci-uspjesni-na-olimpijadi-znanja\/#primaryimage\"},\"image\":{\"@id\":\"https:\/\/sandzakpress.net\/arhiva\/bjelopoljski-osnovci-i-srednjoskolci-uspjesni-na-olimpijadi-znanja\/#primaryimage\"},\"thumbnailUrl\":\"https:\/\/sandzakpress.net\/arhiva\/wp-content\/uploads\/2019\/06\/20-06-olimpijada-znanja.jpg\",\"datePublished\":\"2019-06-21T13:08:46+00:00\",\"breadcrumb\":{\"@id\":\"https:\/\/sandzakpress.net\/arhiva\/bjelopoljski-osnovci-i-srednjoskolci-uspjesni-na-olimpijadi-znanja\/#breadcrumb\"},\"inLanguage\":\"bs-BA\",\"potentialAction\":[{\"@type\":\"ReadAction\",\"target\":[\"https:\/\/sandzakpress.net\/arhiva\/bjelopoljski-osnovci-i-srednjoskolci-uspjesni-na-olimpijadi-znanja\/\"]}]},{\"@type\":\"ImageObject\",\"inLanguage\":\"bs-BA\",\"@id\":\"https:\/\/sandzakpress.net\/arhiva\/bjelopoljski-osnovci-i-srednjoskolci-uspjesni-na-olimpijadi-znanja\/#primaryimage\",\"url\":\"https:\/\/sandzakpress.net\/arhiva\/wp-content\/uploads\/2019\/06\/20-06-olimpijada-znanja.jpg\",\"contentUrl\":\"https:\/\/sandzakpress.net\/arhiva\/wp-content\/uploads\/2019\/06\/20-06-olimpijada-znanja.jpg\",\"width\":1000,\"height\":666},{\"@type\":\"BreadcrumbList\",\"@id\":\"https:\/\/sandzakpress.net\/arhiva\/bjelopoljski-osnovci-i-srednjoskolci-uspjesni-na-olimpijadi-znanja\/#breadcrumb\",\"itemListElement\":[{\"@type\":\"ListItem\",\"position\":1,\"name\":\"Home\",\"item\":\"https:\/\/sandzakpress.net\/arhiva\/\"},{\"@type\":\"ListItem\",\"position\":2,\"name\":\"Bjelopoljski osnovci i srednjo\u0161kolci uspje\u0161ni na Olimpijadi znanja\"}]},{\"@type\":\"WebSite\",\"@id\":\"https:\/\/sandzakpress.net\/arhiva\/#website\",\"url\":\"https:\/\/sandzakpress.net\/arhiva\/\",\"name\":\"Sand\u017eak PRESS\",\"description\":\"Prve elektronske novine u Sand\u017eaku\",\"publisher\":{\"@id\":\"https:\/\/sandzakpress.net\/arhiva\/#\/schema\/person\/6e72b67d6e51910a1117b3b483ba20bd\"},\"potentialAction\":[{\"@type\":\"SearchAction\",\"target\":{\"@type\":\"EntryPoint\",\"urlTemplate\":\"https:\/\/sandzakpress.net\/arhiva\/?s={search_term_string}\"},\"query-input\":{\"@type\":\"PropertyValueSpecification\",\"valueRequired\":true,\"valueName\":\"search_term_string\"}}],\"inLanguage\":\"bs-BA\"},{\"@type\":[\"Person\",\"Organization\"],\"@id\":\"https:\/\/sandzakpress.net\/arhiva\/#\/schema\/person\/6e72b67d6e51910a1117b3b483ba20bd\",\"name\":\"Kul\",\"image\":{\"@type\":\"ImageObject\",\"inLanguage\":\"bs-BA\",\"@id\":\"https:\/\/sandzakpress.net\/arhiva\/#\/schema\/person\/image\/\",\"url\":\"https:\/\/secure.gravatar.com\/avatar\/42263f39aa27ac04c43cab85c280eb2e?s=96&d=mm&r=pg\",\"contentUrl\":\"https:\/\/secure.gravatar.com\/avatar\/42263f39aa27ac04c43cab85c280eb2e?s=96&d=mm&r=pg\",\"caption\":\"Kul\"},\"logo\":{\"@id\":\"https:\/\/sandzakpress.net\/arhiva\/#\/schema\/person\/image\/\"}},{\"@type\":\"Person\",\"@id\":\"https:\/\/sandzakpress.net\/arhiva\/#\/schema\/person\/cb59d7e3ab91ab90dd680ad0305a6185\",\"name\":\"Agencija\",\"image\":{\"@type\":\"ImageObject\",\"inLanguage\":\"bs-BA\",\"@id\":\"https:\/\/sandzakpress.net\/arhiva\/#\/schema\/person\/image\/\",\"url\":\"https:\/\/secure.gravatar.com\/avatar\/4b7fafa80a22f0c2afe23966b3961fe0?s=96&d=mm&r=pg\",\"contentUrl\":\"https:\/\/secure.gravatar.com\/avatar\/4b7fafa80a22f0c2afe23966b3961fe0?s=96&d=mm&r=pg\",\"caption\":\"Agencija\"},\"url\":\"https:\/\/sandzakpress.net\/arhiva\/author\/agencija\/\"}]}<\/script>\n<!-- \/ Yoast SEO Premium plugin. -->","yoast_head_json":{"title":"Bjelopoljski osnovci i srednjo\u0161kolci uspje\u0161ni na Olimpijadi znanja","robots":{"index":"index","follow":"follow","max-snippet":"max-snippet:-1","max-image-preview":"max-image-preview:large","max-video-preview":"max-video-preview:-1"},"canonical":"https:\/\/sandzakpress.net\/arhiva\/bjelopoljski-osnovci-i-srednjoskolci-uspjesni-na-olimpijadi-znanja\/","og_locale":"bs_BA","og_type":"article","og_title":"Bjelopoljski osnovci i srednjo\u0161kolci uspje\u0161ni na Olimpijadi znanja","og_description":"Sve\u010dano uru\u010denje nagrada najuspje\u0161nijim takmi\u010darima Olimpijade znanja 2019. godine, uprili\u010deno je ju\u010de na Univerzitetu Crne Gore, a me\u0111u najboljima na\u0161li su se i bjelopoljski osnovci i srednjo\u0161kolci. U\u010denici osnovnih i srednjih bjelopoljskih \u0161kola postigli su zavidne rezultate iz matematike, fizike, hemije, kao i biologije, \u010dime su jo\u0161 jednom dokazali da je Bijelo Polje rasadnik pametne [&hellip;]","og_url":"https:\/\/sandzakpress.net\/arhiva\/bjelopoljski-osnovci-i-srednjoskolci-uspjesni-na-olimpijadi-znanja\/","og_site_name":"Sand\u017eak PRESS","article_published_time":"2019-06-21T13:08:46+00:00","og_image":[{"width":1000,"height":666,"url":"https:\/\/sandzakpress.net\/arhiva\/wp-content\/uploads\/2019\/06\/20-06-olimpijada-znanja.jpg","type":"image\/jpeg"}],"author":"Agencija","twitter_card":"summary_large_image","twitter_misc":{"Written by":"Agencija","Est. reading time":"4 minute"},"schema":{"@context":"https:\/\/schema.org","@graph":[{"@type":"Article","@id":"https:\/\/sandzakpress.net\/arhiva\/bjelopoljski-osnovci-i-srednjoskolci-uspjesni-na-olimpijadi-znanja\/#article","isPartOf":{"@id":"https:\/\/sandzakpress.net\/arhiva\/bjelopoljski-osnovci-i-srednjoskolci-uspjesni-na-olimpijadi-znanja\/"},"author":{"name":"Agencija","@id":"https:\/\/sandzakpress.net\/arhiva\/#\/schema\/person\/cb59d7e3ab91ab90dd680ad0305a6185"},"headline":"Bjelopoljski osnovci i srednjo\u0161kolci uspje\u0161ni na Olimpijadi znanja","datePublished":"2019-06-21T13:08:46+00:00","mainEntityOfPage":{"@id":"https:\/\/sandzakpress.net\/arhiva\/bjelopoljski-osnovci-i-srednjoskolci-uspjesni-na-olimpijadi-znanja\/"},"wordCount":780,"commentCount":0,"publisher":{"@id":"https:\/\/sandzakpress.net\/arhiva\/#\/schema\/person\/6e72b67d6e51910a1117b3b483ba20bd"},"image":{"@id":"https:\/\/sandzakpress.net\/arhiva\/bjelopoljski-osnovci-i-srednjoskolci-uspjesni-na-olimpijadi-znanja\/#primaryimage"},"thumbnailUrl":"https:\/\/sandzakpress.net\/arhiva\/wp-content\/uploads\/2019\/06\/20-06-olimpijada-znanja.jpg","articleSection":["Bijelo Polje","Obrazovanje"],"inLanguage":"bs-BA","potentialAction":[{"@type":"CommentAction","name":"Comment","target":["https:\/\/sandzakpress.net\/arhiva\/bjelopoljski-osnovci-i-srednjoskolci-uspjesni-na-olimpijadi-znanja\/#respond"]}]},{"@type":"WebPage","@id":"https:\/\/sandzakpress.net\/arhiva\/bjelopoljski-osnovci-i-srednjoskolci-uspjesni-na-olimpijadi-znanja\/","url":"https:\/\/sandzakpress.net\/arhiva\/bjelopoljski-osnovci-i-srednjoskolci-uspjesni-na-olimpijadi-znanja\/","name":"Bjelopoljski osnovci i srednjo\u0161kolci uspje\u0161ni na Olimpijadi znanja","isPartOf":{"@id":"https:\/\/sandzakpress.net\/arhiva\/#website"},"primaryImageOfPage":{"@id":"https:\/\/sandzakpress.net\/arhiva\/bjelopoljski-osnovci-i-srednjoskolci-uspjesni-na-olimpijadi-znanja\/#primaryimage"},"image":{"@id":"https:\/\/sandzakpress.net\/arhiva\/bjelopoljski-osnovci-i-srednjoskolci-uspjesni-na-olimpijadi-znanja\/#primaryimage"},"thumbnailUrl":"https:\/\/sandzakpress.net\/arhiva\/wp-content\/uploads\/2019\/06\/20-06-olimpijada-znanja.jpg","datePublished":"2019-06-21T13:08:46+00:00","breadcrumb":{"@id":"https:\/\/sandzakpress.net\/arhiva\/bjelopoljski-osnovci-i-srednjoskolci-uspjesni-na-olimpijadi-znanja\/#breadcrumb"},"inLanguage":"bs-BA","potentialAction":[{"@type":"ReadAction","target":["https:\/\/sandzakpress.net\/arhiva\/bjelopoljski-osnovci-i-srednjoskolci-uspjesni-na-olimpijadi-znanja\/"]}]},{"@type":"ImageObject","inLanguage":"bs-BA","@id":"https:\/\/sandzakpress.net\/arhiva\/bjelopoljski-osnovci-i-srednjoskolci-uspjesni-na-olimpijadi-znanja\/#primaryimage","url":"https:\/\/sandzakpress.net\/arhiva\/wp-content\/uploads\/2019\/06\/20-06-olimpijada-znanja.jpg","contentUrl":"https:\/\/sandzakpress.net\/arhiva\/wp-content\/uploads\/2019\/06\/20-06-olimpijada-znanja.jpg","width":1000,"height":666},{"@type":"BreadcrumbList","@id":"https:\/\/sandzakpress.net\/arhiva\/bjelopoljski-osnovci-i-srednjoskolci-uspjesni-na-olimpijadi-znanja\/#breadcrumb","itemListElement":[{"@type":"ListItem","position":1,"name":"Home","item":"https:\/\/sandzakpress.net\/arhiva\/"},{"@type":"ListItem","position":2,"name":"Bjelopoljski osnovci i srednjo\u0161kolci uspje\u0161ni na Olimpijadi znanja"}]},{"@type":"WebSite","@id":"https:\/\/sandzakpress.net\/arhiva\/#website","url":"https:\/\/sandzakpress.net\/arhiva\/","name":"Sand\u017eak PRESS","description":"Prve elektronske novine u Sand\u017eaku","publisher":{"@id":"https:\/\/sandzakpress.net\/arhiva\/#\/schema\/person\/6e72b67d6e51910a1117b3b483ba20bd"},"potentialAction":[{"@type":"SearchAction","target":{"@type":"EntryPoint","urlTemplate":"https:\/\/sandzakpress.net\/arhiva\/?s={search_term_string}"},"query-input":{"@type":"PropertyValueSpecification","valueRequired":true,"valueName":"search_term_string"}}],"inLanguage":"bs-BA"},{"@type":["Person","Organization"],"@id":"https:\/\/sandzakpress.net\/arhiva\/#\/schema\/person\/6e72b67d6e51910a1117b3b483ba20bd","name":"Kul","image":{"@type":"ImageObject","inLanguage":"bs-BA","@id":"https:\/\/sandzakpress.net\/arhiva\/#\/schema\/person\/image\/","url":"https:\/\/secure.gravatar.com\/avatar\/42263f39aa27ac04c43cab85c280eb2e?s=96&d=mm&r=pg","contentUrl":"https:\/\/secure.gravatar.com\/avatar\/42263f39aa27ac04c43cab85c280eb2e?s=96&d=mm&r=pg","caption":"Kul"},"logo":{"@id":"https:\/\/sandzakpress.net\/arhiva\/#\/schema\/person\/image\/"}},{"@type":"Person","@id":"https:\/\/sandzakpress.net\/arhiva\/#\/schema\/person\/cb59d7e3ab91ab90dd680ad0305a6185","name":"Agencija","image":{"@type":"ImageObject","inLanguage":"bs-BA","@id":"https:\/\/sandzakpress.net\/arhiva\/#\/schema\/person\/image\/","url":"https:\/\/secure.gravatar.com\/avatar\/4b7fafa80a22f0c2afe23966b3961fe0?s=96&d=mm&r=pg","contentUrl":"https:\/\/secure.gravatar.com\/avatar\/4b7fafa80a22f0c2afe23966b3961fe0?s=96&d=mm&r=pg","caption":"Agencija"},"url":"https:\/\/sandzakpress.net\/arhiva\/author\/agencija\/"}]}},"_links":{"self":[{"href":"https:\/\/sandzakpress.net\/arhiva\/wp-json\/wp\/v2\/posts\/225045"}],"collection":[{"href":"https:\/\/sandzakpress.net\/arhiva\/wp-json\/wp\/v2\/posts"}],"about":[{"href":"https:\/\/sandzakpress.net\/arhiva\/wp-json\/wp\/v2\/types\/post"}],"author":[{"embeddable":true,"href":"https:\/\/sandzakpress.net\/arhiva\/wp-json\/wp\/v2\/users\/509"}],"replies":[{"embeddable":true,"href":"https:\/\/sandzakpress.net\/arhiva\/wp-json\/wp\/v2\/comments?post=225045"}],"version-history":[{"count":0,"href":"https:\/\/sandzakpress.net\/arhiva\/wp-json\/wp\/v2\/posts\/225045\/revisions"}],"wp:featuredmedia":[{"embeddable":true,"href":"https:\/\/sandzakpress.net\/arhiva\/wp-json\/wp\/v2\/media\/225048"}],"wp:attachment":[{"href":"https:\/\/sandzakpress.net\/arhiva\/wp-json\/wp\/v2\/media?parent=225045"}],"wp:term":[{"taxonomy":"category","embeddable":true,"href":"https:\/\/sandzakpress.net\/arhiva\/wp-json\/wp\/v2\/categories?post=225045"},{"taxonomy":"post_tag","embeddable":true,"href":"https:\/\/sandzakpress.net\/arhiva\/wp-json\/wp\/v2\/tags?post=225045"}],"curies":[{"name":"wp","href":"https:\/\/api.w.org\/{rel}","templated":true}]}}