{"id":225018,"date":"2019-06-21T14:58:04","date_gmt":"2019-06-21T12:58:04","guid":{"rendered":"https:\/\/sandzakpress.net\/arhiva\/?p=225018"},"modified":"2019-06-21T14:58:04","modified_gmt":"2019-06-21T12:58:04","slug":"gradsko-vijece-stipendije-grada-za-61-studenta","status":"publish","type":"post","link":"https:\/\/sandzakpress.net\/arhiva\/gradsko-vijece-stipendije-grada-za-61-studenta\/","title":{"rendered":"Gradsko vije\u0107e: Stipendije Grada za 61 studenta"},"content":{"rendered":"<p><img decoding=\"async\" src=\"https:\/\/i0.wp.com\/rtvnp.rs\/wp-content\/uploads\/2019\/06\/gradskovece.jpg?resize=800%2C445&amp;ssl=1\" \/><\/p>\n<header class=\"entry-header\">\n<p><strong>Ve\u0107nici Novog Pazara na dana\u0161njem zasedanju doneli su odluku o visini mjese\u010dnog iznosa studentske stipendije za \u0161kolsku 2018\/2019.godinu. Prve studentske stipendije dobi\u0107e 61 student, a kako je najavljeno, konkurs za stipendiranje najboljih studenata bi\u0107e raspisan i za narednu \u0161kolsku godinu.<\/strong><\/p>\n<p>\u010clanica gradskog ve\u0107a zadu\u017eena za obrazovanje Ulfeta Dem\u010dovi\u0107 ka\u017ee da je ovo jo\u0161 jedan pakazatelj da Grad Novi Pazar ula\u017ee u obrazovonje i mlade.<\/p>\n<p>\u201dJako je bitno da ula\u017eemo u obrazovanje i ovo je bitan momenat, jer prvi put Grad Novi Pazar samostalno daje stipendije studentima. Htela bih da istaknem da, osim ovih stipendija i uop\u0161te Grad jako puno ula\u017ee u obrazovanje. Imali smo dodele nagrada u\u010denicima sa republi\u010dkih takmi\u010denja. Nagradili smo u\u010denike i profesore koji su osvojili jedno od tri mesta na republi\u010dkim takmi\u010denjima. Imamo i nagrade za \u0111ake generacije od 2016.godine, tako da Garad Novi Pazar ula\u017ee u obrazovanje i mlade. Cilj nam je da obrazovanje podignemo na \u0161to vi\u0161i nivo\u201d, rekla je Dem\u010dovi\u0107.<\/p>\n<p>Kako je najavljeno, Grad nastavlja praksu stipendiranja najboljih studenata, tako da \u0107e konkurs biti raspisan i za narednu \u0161kolsku godinu, a o detaljima konkursa zainteresovani se mogu informisati putem gradskog sajta.<\/p>\n<\/header>\n<p><iframe loading=\"lazy\" src=\"https:\/\/www.youtube.com\/embed\/YS5AtP2NU8A\" width=\"770\" height=\"433\" frameborder=\"0\" allowfullscreen=\"allowfullscreen\"><\/iframe><\/p>\n<div class=\"below-entry-meta\">\u00a0<\/div>\n","protected":false},"excerpt":{"rendered":"<p>Ve\u0107nici Novog Pazara na dana\u0161njem zasedanju doneli su odluku o visini mjese\u010dnog iznosa studentske stipendije za \u0161kolsku 2018\/2019.godinu. Prve studentske stipendije dobi\u0107e 61 student, a kako je najavljeno, konkurs za stipendiranje najboljih studenata bi\u0107e raspisan i za narednu \u0161kolsku godinu. \u010clanica gradskog ve\u0107a zadu\u017eena za obrazovanje Ulfeta Dem\u010dovi\u0107 ka\u017ee da je ovo jo\u0161 jedan pakazatelj [&hellip;]<\/p>\n","protected":false},"author":509,"featured_media":225027,"comment_status":"open","ping_status":"open","sticky":false,"template":"","format":"standard","meta":{"footnotes":""},"categories":[72,4],"tags":[],"class_list":{"0":"post-225018","1":"post","2":"type-post","3":"status-publish","4":"format-standard","5":"has-post-thumbnail","7":"category-novi-pazar","8":"category-obrazovanje"},"yoast_head":"<!-- This site is optimized with the Yoast SEO Premium plugin v23.1 (Yoast SEO v24.9) - https:\/\/yoast.com\/wordpress\/plugins\/seo\/ -->\n<title>Gradsko vije\u0107e: Stipendije Grada za 61 studenta<\/title>\n<meta name=\"robots\" content=\"index, follow, max-snippet:-1, max-image-preview:large, max-video-preview:-1\" \/>\n<link rel=\"canonical\" href=\"https:\/\/sandzakpress.net\/arhiva\/gradsko-vijece-stipendije-grada-za-61-studenta\/\" \/>\n<meta property=\"og:locale\" content=\"bs_BA\" \/>\n<meta property=\"og:type\" content=\"article\" \/>\n<meta property=\"og:title\" content=\"Gradsko vije\u0107e: Stipendije Grada za 61 studenta\" \/>\n<meta property=\"og:description\" content=\"Ve\u0107nici Novog Pazara na dana\u0161njem zasedanju doneli su odluku o visini mjese\u010dnog iznosa studentske stipendije za \u0161kolsku 2018\/2019.godinu. Prve studentske stipendije dobi\u0107e 61 student, a kako je najavljeno, konkurs za stipendiranje najboljih studenata bi\u0107e raspisan i za narednu \u0161kolsku godinu. \u010clanica gradskog ve\u0107a zadu\u017eena za obrazovanje Ulfeta Dem\u010dovi\u0107 ka\u017ee da je ovo jo\u0161 jedan pakazatelj [&hellip;]\" \/>\n<meta property=\"og:url\" content=\"https:\/\/sandzakpress.net\/arhiva\/gradsko-vijece-stipendije-grada-za-61-studenta\/\" \/>\n<meta property=\"og:site_name\" content=\"Sand\u017eak PRESS\" \/>\n<meta property=\"article:published_time\" content=\"2019-06-21T12:58:04+00:00\" \/>\n<meta property=\"og:image\" content=\"https:\/\/sandzakpress.net\/arhiva\/wp-content\/uploads\/2019\/06\/gradskovece.jpg\" \/>\n\t<meta property=\"og:image:width\" content=\"800\" \/>\n\t<meta property=\"og:image:height\" content=\"445\" \/>\n\t<meta property=\"og:image:type\" content=\"image\/jpeg\" \/>\n<meta name=\"author\" content=\"Agencija\" \/>\n<meta name=\"twitter:card\" content=\"summary_large_image\" \/>\n<meta name=\"twitter:label1\" content=\"Written by\" \/>\n\t<meta name=\"twitter:data1\" content=\"Agencija\" \/>\n\t<meta name=\"twitter:label2\" content=\"Est. reading time\" \/>\n\t<meta name=\"twitter:data2\" content=\"1 minuta\" \/>\n<script type=\"application\/ld+json\" class=\"yoast-schema-graph\">{\"@context\":\"https:\/\/schema.org\",\"@graph\":[{\"@type\":\"Article\",\"@id\":\"https:\/\/sandzakpress.net\/arhiva\/gradsko-vijece-stipendije-grada-za-61-studenta\/#article\",\"isPartOf\":{\"@id\":\"https:\/\/sandzakpress.net\/arhiva\/gradsko-vijece-stipendije-grada-za-61-studenta\/\"},\"author\":{\"name\":\"Agencija\",\"@id\":\"https:\/\/sandzakpress.net\/arhiva\/#\/schema\/person\/cb59d7e3ab91ab90dd680ad0305a6185\"},\"headline\":\"Gradsko vije\u0107e: Stipendije Grada za 61 studenta\",\"datePublished\":\"2019-06-21T12:58:04+00:00\",\"mainEntityOfPage\":{\"@id\":\"https:\/\/sandzakpress.net\/arhiva\/gradsko-vijece-stipendije-grada-za-61-studenta\/\"},\"wordCount\":215,\"commentCount\":0,\"publisher\":{\"@id\":\"https:\/\/sandzakpress.net\/arhiva\/#\/schema\/person\/6e72b67d6e51910a1117b3b483ba20bd\"},\"image\":{\"@id\":\"https:\/\/sandzakpress.net\/arhiva\/gradsko-vijece-stipendije-grada-za-61-studenta\/#primaryimage\"},\"thumbnailUrl\":\"https:\/\/sandzakpress.net\/arhiva\/wp-content\/uploads\/2019\/06\/gradskovece.jpg\",\"articleSection\":[\"Novi Pazar\",\"Obrazovanje\"],\"inLanguage\":\"bs-BA\",\"potentialAction\":[{\"@type\":\"CommentAction\",\"name\":\"Comment\",\"target\":[\"https:\/\/sandzakpress.net\/arhiva\/gradsko-vijece-stipendije-grada-za-61-studenta\/#respond\"]}]},{\"@type\":\"WebPage\",\"@id\":\"https:\/\/sandzakpress.net\/arhiva\/gradsko-vijece-stipendije-grada-za-61-studenta\/\",\"url\":\"https:\/\/sandzakpress.net\/arhiva\/gradsko-vijece-stipendije-grada-za-61-studenta\/\",\"name\":\"Gradsko vije\u0107e: Stipendije Grada za 61 studenta\",\"isPartOf\":{\"@id\":\"https:\/\/sandzakpress.net\/arhiva\/#website\"},\"primaryImageOfPage\":{\"@id\":\"https:\/\/sandzakpress.net\/arhiva\/gradsko-vijece-stipendije-grada-za-61-studenta\/#primaryimage\"},\"image\":{\"@id\":\"https:\/\/sandzakpress.net\/arhiva\/gradsko-vijece-stipendije-grada-za-61-studenta\/#primaryimage\"},\"thumbnailUrl\":\"https:\/\/sandzakpress.net\/arhiva\/wp-content\/uploads\/2019\/06\/gradskovece.jpg\",\"datePublished\":\"2019-06-21T12:58:04+00:00\",\"breadcrumb\":{\"@id\":\"https:\/\/sandzakpress.net\/arhiva\/gradsko-vijece-stipendije-grada-za-61-studenta\/#breadcrumb\"},\"inLanguage\":\"bs-BA\",\"potentialAction\":[{\"@type\":\"ReadAction\",\"target\":[\"https:\/\/sandzakpress.net\/arhiva\/gradsko-vijece-stipendije-grada-za-61-studenta\/\"]}]},{\"@type\":\"ImageObject\",\"inLanguage\":\"bs-BA\",\"@id\":\"https:\/\/sandzakpress.net\/arhiva\/gradsko-vijece-stipendije-grada-za-61-studenta\/#primaryimage\",\"url\":\"https:\/\/sandzakpress.net\/arhiva\/wp-content\/uploads\/2019\/06\/gradskovece.jpg\",\"contentUrl\":\"https:\/\/sandzakpress.net\/arhiva\/wp-content\/uploads\/2019\/06\/gradskovece.jpg\",\"width\":800,\"height\":445},{\"@type\":\"BreadcrumbList\",\"@id\":\"https:\/\/sandzakpress.net\/arhiva\/gradsko-vijece-stipendije-grada-za-61-studenta\/#breadcrumb\",\"itemListElement\":[{\"@type\":\"ListItem\",\"position\":1,\"name\":\"Home\",\"item\":\"https:\/\/sandzakpress.net\/arhiva\/\"},{\"@type\":\"ListItem\",\"position\":2,\"name\":\"Gradsko vije\u0107e: Stipendije Grada za 61 studenta\"}]},{\"@type\":\"WebSite\",\"@id\":\"https:\/\/sandzakpress.net\/arhiva\/#website\",\"url\":\"https:\/\/sandzakpress.net\/arhiva\/\",\"name\":\"Sand\u017eak PRESS\",\"description\":\"Prve elektronske novine u Sand\u017eaku\",\"publisher\":{\"@id\":\"https:\/\/sandzakpress.net\/arhiva\/#\/schema\/person\/6e72b67d6e51910a1117b3b483ba20bd\"},\"potentialAction\":[{\"@type\":\"SearchAction\",\"target\":{\"@type\":\"EntryPoint\",\"urlTemplate\":\"https:\/\/sandzakpress.net\/arhiva\/?s={search_term_string}\"},\"query-input\":{\"@type\":\"PropertyValueSpecification\",\"valueRequired\":true,\"valueName\":\"search_term_string\"}}],\"inLanguage\":\"bs-BA\"},{\"@type\":[\"Person\",\"Organization\"],\"@id\":\"https:\/\/sandzakpress.net\/arhiva\/#\/schema\/person\/6e72b67d6e51910a1117b3b483ba20bd\",\"name\":\"Kul\",\"image\":{\"@type\":\"ImageObject\",\"inLanguage\":\"bs-BA\",\"@id\":\"https:\/\/sandzakpress.net\/arhiva\/#\/schema\/person\/image\/\",\"url\":\"https:\/\/secure.gravatar.com\/avatar\/42263f39aa27ac04c43cab85c280eb2e?s=96&d=mm&r=pg\",\"contentUrl\":\"https:\/\/secure.gravatar.com\/avatar\/42263f39aa27ac04c43cab85c280eb2e?s=96&d=mm&r=pg\",\"caption\":\"Kul\"},\"logo\":{\"@id\":\"https:\/\/sandzakpress.net\/arhiva\/#\/schema\/person\/image\/\"}},{\"@type\":\"Person\",\"@id\":\"https:\/\/sandzakpress.net\/arhiva\/#\/schema\/person\/cb59d7e3ab91ab90dd680ad0305a6185\",\"name\":\"Agencija\",\"image\":{\"@type\":\"ImageObject\",\"inLanguage\":\"bs-BA\",\"@id\":\"https:\/\/sandzakpress.net\/arhiva\/#\/schema\/person\/image\/\",\"url\":\"https:\/\/secure.gravatar.com\/avatar\/4b7fafa80a22f0c2afe23966b3961fe0?s=96&d=mm&r=pg\",\"contentUrl\":\"https:\/\/secure.gravatar.com\/avatar\/4b7fafa80a22f0c2afe23966b3961fe0?s=96&d=mm&r=pg\",\"caption\":\"Agencija\"},\"url\":\"https:\/\/sandzakpress.net\/arhiva\/author\/agencija\/\"}]}<\/script>\n<!-- \/ Yoast SEO Premium plugin. -->","yoast_head_json":{"title":"Gradsko vije\u0107e: Stipendije Grada za 61 studenta","robots":{"index":"index","follow":"follow","max-snippet":"max-snippet:-1","max-image-preview":"max-image-preview:large","max-video-preview":"max-video-preview:-1"},"canonical":"https:\/\/sandzakpress.net\/arhiva\/gradsko-vijece-stipendije-grada-za-61-studenta\/","og_locale":"bs_BA","og_type":"article","og_title":"Gradsko vije\u0107e: Stipendije Grada za 61 studenta","og_description":"Ve\u0107nici Novog Pazara na dana\u0161njem zasedanju doneli su odluku o visini mjese\u010dnog iznosa studentske stipendije za \u0161kolsku 2018\/2019.godinu. Prve studentske stipendije dobi\u0107e 61 student, a kako je najavljeno, konkurs za stipendiranje najboljih studenata bi\u0107e raspisan i za narednu \u0161kolsku godinu. \u010clanica gradskog ve\u0107a zadu\u017eena za obrazovanje Ulfeta Dem\u010dovi\u0107 ka\u017ee da je ovo jo\u0161 jedan pakazatelj [&hellip;]","og_url":"https:\/\/sandzakpress.net\/arhiva\/gradsko-vijece-stipendije-grada-za-61-studenta\/","og_site_name":"Sand\u017eak PRESS","article_published_time":"2019-06-21T12:58:04+00:00","og_image":[{"width":800,"height":445,"url":"https:\/\/sandzakpress.net\/arhiva\/wp-content\/uploads\/2019\/06\/gradskovece.jpg","type":"image\/jpeg"}],"author":"Agencija","twitter_card":"summary_large_image","twitter_misc":{"Written by":"Agencija","Est. reading time":"1 minuta"},"schema":{"@context":"https:\/\/schema.org","@graph":[{"@type":"Article","@id":"https:\/\/sandzakpress.net\/arhiva\/gradsko-vijece-stipendije-grada-za-61-studenta\/#article","isPartOf":{"@id":"https:\/\/sandzakpress.net\/arhiva\/gradsko-vijece-stipendije-grada-za-61-studenta\/"},"author":{"name":"Agencija","@id":"https:\/\/sandzakpress.net\/arhiva\/#\/schema\/person\/cb59d7e3ab91ab90dd680ad0305a6185"},"headline":"Gradsko vije\u0107e: Stipendije Grada za 61 studenta","datePublished":"2019-06-21T12:58:04+00:00","mainEntityOfPage":{"@id":"https:\/\/sandzakpress.net\/arhiva\/gradsko-vijece-stipendije-grada-za-61-studenta\/"},"wordCount":215,"commentCount":0,"publisher":{"@id":"https:\/\/sandzakpress.net\/arhiva\/#\/schema\/person\/6e72b67d6e51910a1117b3b483ba20bd"},"image":{"@id":"https:\/\/sandzakpress.net\/arhiva\/gradsko-vijece-stipendije-grada-za-61-studenta\/#primaryimage"},"thumbnailUrl":"https:\/\/sandzakpress.net\/arhiva\/wp-content\/uploads\/2019\/06\/gradskovece.jpg","articleSection":["Novi Pazar","Obrazovanje"],"inLanguage":"bs-BA","potentialAction":[{"@type":"CommentAction","name":"Comment","target":["https:\/\/sandzakpress.net\/arhiva\/gradsko-vijece-stipendije-grada-za-61-studenta\/#respond"]}]},{"@type":"WebPage","@id":"https:\/\/sandzakpress.net\/arhiva\/gradsko-vijece-stipendije-grada-za-61-studenta\/","url":"https:\/\/sandzakpress.net\/arhiva\/gradsko-vijece-stipendije-grada-za-61-studenta\/","name":"Gradsko vije\u0107e: Stipendije Grada za 61 studenta","isPartOf":{"@id":"https:\/\/sandzakpress.net\/arhiva\/#website"},"primaryImageOfPage":{"@id":"https:\/\/sandzakpress.net\/arhiva\/gradsko-vijece-stipendije-grada-za-61-studenta\/#primaryimage"},"image":{"@id":"https:\/\/sandzakpress.net\/arhiva\/gradsko-vijece-stipendije-grada-za-61-studenta\/#primaryimage"},"thumbnailUrl":"https:\/\/sandzakpress.net\/arhiva\/wp-content\/uploads\/2019\/06\/gradskovece.jpg","datePublished":"2019-06-21T12:58:04+00:00","breadcrumb":{"@id":"https:\/\/sandzakpress.net\/arhiva\/gradsko-vijece-stipendije-grada-za-61-studenta\/#breadcrumb"},"inLanguage":"bs-BA","potentialAction":[{"@type":"ReadAction","target":["https:\/\/sandzakpress.net\/arhiva\/gradsko-vijece-stipendije-grada-za-61-studenta\/"]}]},{"@type":"ImageObject","inLanguage":"bs-BA","@id":"https:\/\/sandzakpress.net\/arhiva\/gradsko-vijece-stipendije-grada-za-61-studenta\/#primaryimage","url":"https:\/\/sandzakpress.net\/arhiva\/wp-content\/uploads\/2019\/06\/gradskovece.jpg","contentUrl":"https:\/\/sandzakpress.net\/arhiva\/wp-content\/uploads\/2019\/06\/gradskovece.jpg","width":800,"height":445},{"@type":"BreadcrumbList","@id":"https:\/\/sandzakpress.net\/arhiva\/gradsko-vijece-stipendije-grada-za-61-studenta\/#breadcrumb","itemListElement":[{"@type":"ListItem","position":1,"name":"Home","item":"https:\/\/sandzakpress.net\/arhiva\/"},{"@type":"ListItem","position":2,"name":"Gradsko vije\u0107e: Stipendije Grada za 61 studenta"}]},{"@type":"WebSite","@id":"https:\/\/sandzakpress.net\/arhiva\/#website","url":"https:\/\/sandzakpress.net\/arhiva\/","name":"Sand\u017eak PRESS","description":"Prve elektronske novine u Sand\u017eaku","publisher":{"@id":"https:\/\/sandzakpress.net\/arhiva\/#\/schema\/person\/6e72b67d6e51910a1117b3b483ba20bd"},"potentialAction":[{"@type":"SearchAction","target":{"@type":"EntryPoint","urlTemplate":"https:\/\/sandzakpress.net\/arhiva\/?s={search_term_string}"},"query-input":{"@type":"PropertyValueSpecification","valueRequired":true,"valueName":"search_term_string"}}],"inLanguage":"bs-BA"},{"@type":["Person","Organization"],"@id":"https:\/\/sandzakpress.net\/arhiva\/#\/schema\/person\/6e72b67d6e51910a1117b3b483ba20bd","name":"Kul","image":{"@type":"ImageObject","inLanguage":"bs-BA","@id":"https:\/\/sandzakpress.net\/arhiva\/#\/schema\/person\/image\/","url":"https:\/\/secure.gravatar.com\/avatar\/42263f39aa27ac04c43cab85c280eb2e?s=96&d=mm&r=pg","contentUrl":"https:\/\/secure.gravatar.com\/avatar\/42263f39aa27ac04c43cab85c280eb2e?s=96&d=mm&r=pg","caption":"Kul"},"logo":{"@id":"https:\/\/sandzakpress.net\/arhiva\/#\/schema\/person\/image\/"}},{"@type":"Person","@id":"https:\/\/sandzakpress.net\/arhiva\/#\/schema\/person\/cb59d7e3ab91ab90dd680ad0305a6185","name":"Agencija","image":{"@type":"ImageObject","inLanguage":"bs-BA","@id":"https:\/\/sandzakpress.net\/arhiva\/#\/schema\/person\/image\/","url":"https:\/\/secure.gravatar.com\/avatar\/4b7fafa80a22f0c2afe23966b3961fe0?s=96&d=mm&r=pg","contentUrl":"https:\/\/secure.gravatar.com\/avatar\/4b7fafa80a22f0c2afe23966b3961fe0?s=96&d=mm&r=pg","caption":"Agencija"},"url":"https:\/\/sandzakpress.net\/arhiva\/author\/agencija\/"}]}},"_links":{"self":[{"href":"https:\/\/sandzakpress.net\/arhiva\/wp-json\/wp\/v2\/posts\/225018"}],"collection":[{"href":"https:\/\/sandzakpress.net\/arhiva\/wp-json\/wp\/v2\/posts"}],"about":[{"href":"https:\/\/sandzakpress.net\/arhiva\/wp-json\/wp\/v2\/types\/post"}],"author":[{"embeddable":true,"href":"https:\/\/sandzakpress.net\/arhiva\/wp-json\/wp\/v2\/users\/509"}],"replies":[{"embeddable":true,"href":"https:\/\/sandzakpress.net\/arhiva\/wp-json\/wp\/v2\/comments?post=225018"}],"version-history":[{"count":0,"href":"https:\/\/sandzakpress.net\/arhiva\/wp-json\/wp\/v2\/posts\/225018\/revisions"}],"wp:featuredmedia":[{"embeddable":true,"href":"https:\/\/sandzakpress.net\/arhiva\/wp-json\/wp\/v2\/media\/225027"}],"wp:attachment":[{"href":"https:\/\/sandzakpress.net\/arhiva\/wp-json\/wp\/v2\/media?parent=225018"}],"wp:term":[{"taxonomy":"category","embeddable":true,"href":"https:\/\/sandzakpress.net\/arhiva\/wp-json\/wp\/v2\/categories?post=225018"},{"taxonomy":"post_tag","embeddable":true,"href":"https:\/\/sandzakpress.net\/arhiva\/wp-json\/wp\/v2\/tags?post=225018"}],"curies":[{"name":"wp","href":"https:\/\/api.w.org\/{rel}","templated":true}]}}