{"id":224943,"date":"2019-06-19T21:44:45","date_gmt":"2019-06-19T19:44:45","guid":{"rendered":"https:\/\/sandzakpress.net\/arhiva\/?p=224943"},"modified":"2019-06-19T21:44:45","modified_gmt":"2019-06-19T19:44:45","slug":"dr-fehratovic-kolaps-privrede-u-sandzaku-zbog-pljackaskih-privatizacija","status":"publish","type":"post","link":"https:\/\/sandzakpress.net\/arhiva\/dr-fehratovic-kolaps-privrede-u-sandzaku-zbog-pljackaskih-privatizacija\/","title":{"rendered":"Dr. Fehratovi\u0107 \u2013 Kolaps privrede u Sand\u017eaku zbog plja\u010dka\u0161kih privatizacija"},"content":{"rendered":"<p><img decoding=\"async\" src=\"http:\/\/sanapress.info\/wp-content\/uploads\/2019\/06\/3C22BA61-19A9-4F83-A4D5-592D86F8DF3B.jpeg\" \/><\/p>\n<p><strong>Narodni poslanik u Skup\u0161tini R. Srbije, potpredsjednik Stranke prave i pomirenja, dr. Jahja Fehratovi\u0107 u dana\u0161njem izlaganju u Skup\u0161tini kazao da je cjelokupna rasprava dovela do zaklju\u010dka da \u017eelimo, u vremenu poslijedica, lo\u0161ih politika i lo\u0161ih re\u017eima, koji su nam ostavili ovakvo stanje i te\u017enji, da se sve to popravi.<\/strong><\/p>\n<p>\u201cNaravno, posljedice se odnose na fiskalnu politiku i itekako su va\u017eni zaklju\u010dci i preporuke i izvje\u0161taji. Razumljivi su odre\u0111eni druga\u010dij pogledi Narodnih poslanika na onu te\u017enju koju Fiskalni savjet ho\u0107e da predo\u010di kao vrlo va\u017ean aspekt daljeg razvoja na\u0161e dr\u017eave i na\u0161eg dru\u0161tva. Me\u0111utim, taj raskorak i te poslijedice i uzroci se mnogo vi\u0161e vide u sredinama koje nisu centralne, koje nisu Beograd, i koje i danas \u017eive tu jednu zaostav\u0161tinu lo\u0161ih odluka, re\u017eima i politika koje su nas unazadili i upropastili apsolutno ekonomiju dr\u017eave.\u201d<\/p>\n<p>To mogu govoriti iz aspekta sredine iz koje dolazim dodao je dr. Fehratovi\u0107.<\/p>\n<p>\u201cDanas je mnogo puta spominjana privatizacija a bukvalno u op\u0161tinama Novi Pazar, Tutin, Sjenica i ostale, nijedna od tih privatizacija nije ura\u0111ena kako treba. Bukvalno, TK \u201cRa\u0161ka\u201d kao jedan ozbiljan gigant, ali i PIK \u201cPe\u0161ter\u201d kao jedno poljoprivredno dobro, i svi ostali veliki privredni subjekti su uni\u0161teni. To je dovelo do poslijedica onoga \u0161to mi danas trpimo. Poslijedice se lak\u0161e i bolje lije\u010de u Beogradu i drugim razvijenim sredinama jer tu imamo investicija, posebno stranih. U krajevima gdje jo\u0161 uvjek nemamo ozbiljnih stranih investitora, dolazi do ovog stanja, gdje i doma\u0107i proizvo\u0111a\u010di ali i doma\u0107i i strani investitori su na nezavidnom polo\u017eaju.\u201d<\/p>\n<p>Niko od doma\u0107ih privrednika nema status i polo\u017eaj subvencija kao \u0161to imaju strani investitori, isti\u010de dr. Jahja Fehratovi\u0107.<\/p>\n<p>\u201cTo je dovoljno da se samim tim smanjuje njihovu ekonomsku mo\u0107 ili ambijent ekonskog poslovanja, da prakti\u010dno odustaju i da se dovodi do daljeg kraha tih sredina.\u201d<\/p>\n<p>Veoma je va\u017eno i pitanje koje se spominje cijeli dan tj. zabrana zapo\u0161ljavanja jer ako uzmemo primjer manju sredinu, gdje smo jo\u0161 uvjek u poslijedicama svih tih tranzicija i privatizacija, glavni izvor prihoda ozbiljnog dijela stanovni\u0161tva jesu javne institucije, posebno \u0161kolstvo, kazao je dr. Fehratovi\u0107.<\/p>\n<p>\u201cTo dovodi stanovni\u0161tvo u jedno stanje \u201crobstva\u201d. Posebno ako imate na lokalnim pozicijama vlasti ljude koji zloupotrebljavaju takvu situaciji i koji primaju radnike na odre\u0111ene mjesece ali zato uslovljavaju, jednostavno, da ispunjavaju politi\u010dki, korektno pona\u0161aju i druge zahtjeve od njih. Samim tim, cjelokupno stanovni\u0161tvo se dovodi do \u201c robstva\u201d.\u201d<\/p>\n<p>Vrlo je va\u017eno da se lije\u010de ove poslijedice, ne samo u centralnim dijelovima dr\u017eave nad u cjelokupnom na\u0161om teritorijom, dodaje dr. Fehratovi\u0107.<\/p>\n<p>\u201cTaj ekonomski krah, koji je jo\u0161 uvijek osetljiv i vidljiv i traje, dovodi do daljeg raslojavanja, do velikog broja iseljavanja potencijalnog radnog stanovni\u0161tva pa \u010dak koristi onima koji zloupotrebljavaju mje\u0161ovite sredine, u nacionalnom smislu. Moja sredina, teritorija Sand\u017eaka, mo\u017ee govoriti o nejednakom odnosu dr\u017eave prema svim dijelovima svoje teritorije i svih gra\u0111ana.\u201d<\/p>\n<p>Ovi savjeti su zapravo va\u017eni jer se mora shvatiti situacija da nije jednostavno i lako, ali i da su sve ovo poslijedice onih lo\u0161ih politika, re\u017eima.<\/p>\n<p>\u201cKonkretno kod nas, iako sam i ju\u010der i danas kritikovan \u0161to sam spominjao gospodina Ugljanina, koji je uni\u0161tio i ba\u0161 je najodgovorniji za te privatizacije sa pozicije lokalne vlasti tu privredu Sand\u017eaka zajedno sa re\u017eimom Vojislava Ko\u0161tunice i Borisa Tadi\u0107a, mi smo na\u017ealost, jo\u0161 uvijek zato\u010denici takvih politika.To je zapravo to \u0161to moramo lije\u010diti i napori politika i ove vlade i ovog sistema idu u tom pravcu. Nadamo se da \u0107e i novim ozbiljnim, obe\u0107avaju\u0107im projektima kakvi su infrastrukturni to sve lije\u010diti a posebno kada su pitanju autoputevi, i posebno kada je u pitanju cijela mre\u017ea infrastrukture koja donosi nadu narodu stanovni\u0161tvu tih krajeva. \u201d zavr\u0161ava dr. Fehratovi\u0107.<\/p>\n<p>Narodni poslanik u Skup\u0161tini R. Srbije, potpredsjednik Stranke prave i pomirenja, dr. Jahja Fehratovi\u0107 u dana\u0161njem izlaganju u Skup\u0161tini kazao da je cjelokupna rasprava dovela do zaklju\u010dka da \u017eelimo, u vremenu poslijedica, lo\u0161ih politika i lo\u0161ih re\u017eima, koji su nam ostavili ovakvo stanje i te\u017enji, da se sve to popravi.<\/p>\n<p>\u201cNaravno, posljedice se odnose na fiskalnu politiku i itekako su va\u017eni zaklju\u010dci i preporuke i izvje\u0161taji. Razumljivi su odre\u0111eni druga\u010dij pogledi Narodnih poslanika na onu te\u017enju koju Fiskalni savjet ho\u0107e da predo\u010di kao vrlo va\u017ean aspekt daljeg razvoja na\u0161e dr\u017eave i na\u0161eg dru\u0161tva. Me\u0111utim, taj raskorak i te poslijedice i uzroci se mnogo vi\u0161e vide u sredinama koje nisu centralne, koje nisu Beograd, i koje i danas \u017eive tu jednu zaostav\u0161tinu lo\u0161ih odluka, re\u017eima i politika koje su nas unazadili i upropastili apsolutno ekonomiju dr\u017eave.\u201d<\/p>\n<p>To mogu govoriti iz aspekta sredine iz koje dolazim dodao je dr. Fehratovi\u0107.<\/p>\n<p>\u201cDanas je mnogo puta spominjana privatizacija a bukvalno u op\u0161tinama Novi Pazar, Tutin, Sjenica i ostale, nijedna od tih privatizacija nije ura\u0111ena kako treba. Bukvalno, TK \u201cRa\u0161ka\u201d kao jedan ozbiljan gigant, ali i PIK \u201cPe\u0161ter\u201d kao jedno poljoprivredno dobro, i svi ostali veliki privredni subjekti su uni\u0161teni. To je dovelo do poslijedica onoga \u0161to mi danas trpimo. Poslijedice se lak\u0161e i bolje lije\u010de u Beogradu i drugim razvijenim sredinama jer tu imamo investicija, posebno stranih. U krajevima gdje jo\u0161 uvjek nemamo ozbiljnih stranih investitora, dolazi do ovog stanja, gdje i doma\u0107i proizvo\u0111a\u010di ali i doma\u0107i i strani investitori su na nezavidnom polo\u017eaju.\u201d<\/p>\n<p>Niko od doma\u0107ih privrednika nema status i polo\u017eaj subvencija kao \u0161to imaju strani investitori, isti\u010de dr. Jahja Fehratovi\u0107.<\/p>\n<p>\u201cTo je dovoljno da se samim tim smanjuje njihovu ekonomsku mo\u0107 ili ambijent ekonskog poslovanja, da prakti\u010dno odustaju i da se dovodi do daljeg kraha tih sredina.\u201d<\/p>\n<p>Veoma je va\u017eno i pitanje koje se spominje cijeli dan tj. zabrana zapo\u0161ljavanja jer ako uzmemo primjer manju sredinu, gdje smo jo\u0161 uvjek u poslijedicama svih tih tranzicija i privatizacija, glavni izvor prihoda ozbiljnog dijela stanovni\u0161tva jesu javne institucije, posebno \u0161kolstvo, kazao je dr. Fehratovi\u0107.<\/p>\n<p>\u201cTo dovodi stanovni\u0161tvo u jedno stanje \u201crobstva\u201d. Posebno ako imate na lokalnim pozicijama vlasti ljude koji zloupotrebljavaju takvu situaciji i koji primaju radnike na odre\u0111ene mjesece ali zato uslovljavaju, jednostavno, da ispunjavaju politi\u010dki, korektno pona\u0161aju i druge zahtjeve od njih. Samim tim, cjelokupno stanovni\u0161tvo se dovodi do \u201c robstva\u201d.\u201d<\/p>\n<p>Vrlo je va\u017eno da se lije\u010de ove poslijedice, ne samo u centralnim dijelovima dr\u017eave nad u cjelokupnom na\u0161om teritorijom, dodaje dr. Fehratovi\u0107.<\/p>\n<p>\u201cTaj ekonomski krah, koji je jo\u0161 uvijek osetljiv i vidljiv i traje, dovodi do daljeg raslojavanja, do velikog broja iseljavanja potencijalnog radnog stanovni\u0161tva pa \u010dak koristi onima koji zloupotrebljavaju mje\u0161ovite sredine, u nacionalnom smislu. Moja sredina, teritorija Sand\u017eaka, mo\u017ee govoriti o nejednakom odnosu dr\u017eave prema svim dijelovima svoje teritorije i svih gra\u0111ana.\u201d<\/p>\n<p>Ovi savjeti su zapravo va\u017eni jer se mora shvatiti situacija da nije jednostavno i lako, ali i da su sve ovo poslijedice onih lo\u0161ih politika, re\u017eima.<\/p>\n<p>\u201cKonkretno kod nas, iako sam i ju\u010der i danas kritikovan \u0161to sam spominjao gospodina Ugljanina, koji je uni\u0161tio i ba\u0161 je najodgovorniji za te privatizacije sa pozicije lokalne vlasti tu privredu Sand\u017eaka zajedno sa re\u017eimom Vojislava Ko\u0161tunice i Borisa Tadi\u0107a, mi smo na\u017ealost, jo\u0161 uvijek zato\u010denici takvih politika.To je zapravo to \u0161to moramo lije\u010diti i napori politika i ove vlade i ovog sistema idu u tom pravcu. Nadamo se da \u0107e i novim ozbiljnim, obe\u0107avaju\u0107im projektima kakvi su infrastrukturni to sve lije\u010diti a posebno kada su pitanju autoputevi, i posebno kada je u pitanju cijela mre\u017ea infrastrukture koja donosi nadu narodu stanovni\u0161tvu tih krajeva. \u201d zavr\u0161ava dr. Fehratovi\u0107.<\/p>\n<p><iframe loading=\"lazy\" title=\"Narodni poslanik dr. Jahja Fehratovi\u0107 u skup\u0161tini o uni\u0161tavanju privrednih dobara u Sand\u017eaku\" width=\"696\" height=\"392\" src=\"https:\/\/www.youtube.com\/embed\/SgoV9rgDqvI?feature=oembed\" frameborder=\"0\" allow=\"accelerometer; autoplay; encrypted-media; gyroscope; picture-in-picture\" allowfullscreen><\/iframe><\/p>\n<p>(SANA)<\/p>\n","protected":false},"excerpt":{"rendered":"<p>Narodni poslanik u Skup\u0161tini R. Srbije, potpredsjednik Stranke prave i pomirenja, dr. Jahja Fehratovi\u0107 u dana\u0161njem izlaganju u Skup\u0161tini kazao da je cjelokupna rasprava dovela do zaklju\u010dka da \u017eelimo, u vremenu poslijedica, lo\u0161ih politika i lo\u0161ih re\u017eima, koji su nam ostavili ovakvo stanje i te\u017enji, da se sve to popravi. \u201cNaravno, posljedice se odnose na [&hellip;]<\/p>\n","protected":false},"author":509,"featured_media":224945,"comment_status":"open","ping_status":"open","sticky":false,"template":"","format":"standard","meta":{"footnotes":""},"categories":[72,1,8957,798,10193],"tags":[],"class_list":{"0":"post-224943","1":"post","2":"type-post","3":"status-publish","4":"format-standard","5":"has-post-thumbnail","7":"category-novi-pazar","8":"category-politika","9":"category-vijesti-dana","10":"category-teme","11":"category-sandzak-2"},"yoast_head":"<!-- This site is optimized with the Yoast SEO Premium plugin v23.1 (Yoast SEO v24.9) - https:\/\/yoast.com\/wordpress\/plugins\/seo\/ -->\n<title>Dr. Fehratovi\u0107 \u2013 Kolaps privrede u Sand\u017eaku zbog plja\u010dka\u0161kih privatizacija<\/title>\n<meta name=\"robots\" content=\"index, follow, max-snippet:-1, max-image-preview:large, max-video-preview:-1\" \/>\n<link rel=\"canonical\" href=\"https:\/\/sandzakpress.net\/arhiva\/dr-fehratovic-kolaps-privrede-u-sandzaku-zbog-pljackaskih-privatizacija\/\" \/>\n<meta property=\"og:locale\" content=\"bs_BA\" \/>\n<meta property=\"og:type\" content=\"article\" \/>\n<meta property=\"og:title\" content=\"Dr. Fehratovi\u0107 \u2013 Kolaps privrede u Sand\u017eaku zbog plja\u010dka\u0161kih privatizacija\" \/>\n<meta property=\"og:description\" content=\"Narodni poslanik u Skup\u0161tini R. Srbije, potpredsjednik Stranke prave i pomirenja, dr. Jahja Fehratovi\u0107 u dana\u0161njem izlaganju u Skup\u0161tini kazao da je cjelokupna rasprava dovela do zaklju\u010dka da \u017eelimo, u vremenu poslijedica, lo\u0161ih politika i lo\u0161ih re\u017eima, koji su nam ostavili ovakvo stanje i te\u017enji, da se sve to popravi. \u201cNaravno, posljedice se odnose na [&hellip;]\" \/>\n<meta property=\"og:url\" content=\"https:\/\/sandzakpress.net\/arhiva\/dr-fehratovic-kolaps-privrede-u-sandzaku-zbog-pljackaskih-privatizacija\/\" \/>\n<meta property=\"og:site_name\" content=\"Sand\u017eak PRESS\" \/>\n<meta property=\"article:published_time\" content=\"2019-06-19T19:44:45+00:00\" \/>\n<meta property=\"og:image\" content=\"https:\/\/sandzakpress.net\/arhiva\/wp-content\/uploads\/2019\/06\/3C22BA61-19A9-4F83-A4D5-592D86F8DF3B.jpeg.jpg\" \/>\n\t<meta property=\"og:image:width\" content=\"928\" \/>\n\t<meta property=\"og:image:height\" content=\"695\" \/>\n\t<meta property=\"og:image:type\" content=\"image\/jpeg\" \/>\n<meta name=\"author\" content=\"Agencija\" \/>\n<meta name=\"twitter:card\" content=\"summary_large_image\" \/>\n<meta name=\"twitter:label1\" content=\"Written by\" \/>\n\t<meta name=\"twitter:data1\" content=\"Agencija\" \/>\n\t<meta name=\"twitter:label2\" content=\"Est. reading time\" \/>\n\t<meta name=\"twitter:data2\" content=\"7 minuta\" \/>\n<script type=\"application\/ld+json\" class=\"yoast-schema-graph\">{\"@context\":\"https:\/\/schema.org\",\"@graph\":[{\"@type\":\"Article\",\"@id\":\"https:\/\/sandzakpress.net\/arhiva\/dr-fehratovic-kolaps-privrede-u-sandzaku-zbog-pljackaskih-privatizacija\/#article\",\"isPartOf\":{\"@id\":\"https:\/\/sandzakpress.net\/arhiva\/dr-fehratovic-kolaps-privrede-u-sandzaku-zbog-pljackaskih-privatizacija\/\"},\"author\":{\"name\":\"Agencija\",\"@id\":\"https:\/\/sandzakpress.net\/arhiva\/#\/schema\/person\/cb59d7e3ab91ab90dd680ad0305a6185\"},\"headline\":\"Dr. Fehratovi\u0107 \u2013 Kolaps privrede u Sand\u017eaku zbog plja\u010dka\u0161kih privatizacija\",\"datePublished\":\"2019-06-19T19:44:45+00:00\",\"mainEntityOfPage\":{\"@id\":\"https:\/\/sandzakpress.net\/arhiva\/dr-fehratovic-kolaps-privrede-u-sandzaku-zbog-pljackaskih-privatizacija\/\"},\"wordCount\":1368,\"commentCount\":0,\"publisher\":{\"@id\":\"https:\/\/sandzakpress.net\/arhiva\/#\/schema\/person\/6e72b67d6e51910a1117b3b483ba20bd\"},\"image\":{\"@id\":\"https:\/\/sandzakpress.net\/arhiva\/dr-fehratovic-kolaps-privrede-u-sandzaku-zbog-pljackaskih-privatizacija\/#primaryimage\"},\"thumbnailUrl\":\"https:\/\/sandzakpress.net\/arhiva\/wp-content\/uploads\/2019\/06\/3C22BA61-19A9-4F83-A4D5-592D86F8DF3B.jpeg.jpg\",\"articleSection\":[\"Novi Pazar\",\"Politika\",\"VIJESTI DANA\",\"NAJNOVIJE\",\"Sand\u017eak\"],\"inLanguage\":\"bs-BA\",\"potentialAction\":[{\"@type\":\"CommentAction\",\"name\":\"Comment\",\"target\":[\"https:\/\/sandzakpress.net\/arhiva\/dr-fehratovic-kolaps-privrede-u-sandzaku-zbog-pljackaskih-privatizacija\/#respond\"]}]},{\"@type\":\"WebPage\",\"@id\":\"https:\/\/sandzakpress.net\/arhiva\/dr-fehratovic-kolaps-privrede-u-sandzaku-zbog-pljackaskih-privatizacija\/\",\"url\":\"https:\/\/sandzakpress.net\/arhiva\/dr-fehratovic-kolaps-privrede-u-sandzaku-zbog-pljackaskih-privatizacija\/\",\"name\":\"Dr. Fehratovi\u0107 \u2013 Kolaps privrede u Sand\u017eaku zbog plja\u010dka\u0161kih privatizacija\",\"isPartOf\":{\"@id\":\"https:\/\/sandzakpress.net\/arhiva\/#website\"},\"primaryImageOfPage\":{\"@id\":\"https:\/\/sandzakpress.net\/arhiva\/dr-fehratovic-kolaps-privrede-u-sandzaku-zbog-pljackaskih-privatizacija\/#primaryimage\"},\"image\":{\"@id\":\"https:\/\/sandzakpress.net\/arhiva\/dr-fehratovic-kolaps-privrede-u-sandzaku-zbog-pljackaskih-privatizacija\/#primaryimage\"},\"thumbnailUrl\":\"https:\/\/sandzakpress.net\/arhiva\/wp-content\/uploads\/2019\/06\/3C22BA61-19A9-4F83-A4D5-592D86F8DF3B.jpeg.jpg\",\"datePublished\":\"2019-06-19T19:44:45+00:00\",\"breadcrumb\":{\"@id\":\"https:\/\/sandzakpress.net\/arhiva\/dr-fehratovic-kolaps-privrede-u-sandzaku-zbog-pljackaskih-privatizacija\/#breadcrumb\"},\"inLanguage\":\"bs-BA\",\"potentialAction\":[{\"@type\":\"ReadAction\",\"target\":[\"https:\/\/sandzakpress.net\/arhiva\/dr-fehratovic-kolaps-privrede-u-sandzaku-zbog-pljackaskih-privatizacija\/\"]}]},{\"@type\":\"ImageObject\",\"inLanguage\":\"bs-BA\",\"@id\":\"https:\/\/sandzakpress.net\/arhiva\/dr-fehratovic-kolaps-privrede-u-sandzaku-zbog-pljackaskih-privatizacija\/#primaryimage\",\"url\":\"https:\/\/sandzakpress.net\/arhiva\/wp-content\/uploads\/2019\/06\/3C22BA61-19A9-4F83-A4D5-592D86F8DF3B.jpeg.jpg\",\"contentUrl\":\"https:\/\/sandzakpress.net\/arhiva\/wp-content\/uploads\/2019\/06\/3C22BA61-19A9-4F83-A4D5-592D86F8DF3B.jpeg.jpg\",\"width\":928,\"height\":695},{\"@type\":\"BreadcrumbList\",\"@id\":\"https:\/\/sandzakpress.net\/arhiva\/dr-fehratovic-kolaps-privrede-u-sandzaku-zbog-pljackaskih-privatizacija\/#breadcrumb\",\"itemListElement\":[{\"@type\":\"ListItem\",\"position\":1,\"name\":\"Home\",\"item\":\"https:\/\/sandzakpress.net\/arhiva\/\"},{\"@type\":\"ListItem\",\"position\":2,\"name\":\"Dr. Fehratovi\u0107 \u2013 Kolaps privrede u Sand\u017eaku zbog plja\u010dka\u0161kih privatizacija\"}]},{\"@type\":\"WebSite\",\"@id\":\"https:\/\/sandzakpress.net\/arhiva\/#website\",\"url\":\"https:\/\/sandzakpress.net\/arhiva\/\",\"name\":\"Sand\u017eak PRESS\",\"description\":\"Prve elektronske novine u Sand\u017eaku\",\"publisher\":{\"@id\":\"https:\/\/sandzakpress.net\/arhiva\/#\/schema\/person\/6e72b67d6e51910a1117b3b483ba20bd\"},\"potentialAction\":[{\"@type\":\"SearchAction\",\"target\":{\"@type\":\"EntryPoint\",\"urlTemplate\":\"https:\/\/sandzakpress.net\/arhiva\/?s={search_term_string}\"},\"query-input\":{\"@type\":\"PropertyValueSpecification\",\"valueRequired\":true,\"valueName\":\"search_term_string\"}}],\"inLanguage\":\"bs-BA\"},{\"@type\":[\"Person\",\"Organization\"],\"@id\":\"https:\/\/sandzakpress.net\/arhiva\/#\/schema\/person\/6e72b67d6e51910a1117b3b483ba20bd\",\"name\":\"Kul\",\"image\":{\"@type\":\"ImageObject\",\"inLanguage\":\"bs-BA\",\"@id\":\"https:\/\/sandzakpress.net\/arhiva\/#\/schema\/person\/image\/\",\"url\":\"https:\/\/secure.gravatar.com\/avatar\/42263f39aa27ac04c43cab85c280eb2e?s=96&d=mm&r=pg\",\"contentUrl\":\"https:\/\/secure.gravatar.com\/avatar\/42263f39aa27ac04c43cab85c280eb2e?s=96&d=mm&r=pg\",\"caption\":\"Kul\"},\"logo\":{\"@id\":\"https:\/\/sandzakpress.net\/arhiva\/#\/schema\/person\/image\/\"}},{\"@type\":\"Person\",\"@id\":\"https:\/\/sandzakpress.net\/arhiva\/#\/schema\/person\/cb59d7e3ab91ab90dd680ad0305a6185\",\"name\":\"Agencija\",\"image\":{\"@type\":\"ImageObject\",\"inLanguage\":\"bs-BA\",\"@id\":\"https:\/\/sandzakpress.net\/arhiva\/#\/schema\/person\/image\/\",\"url\":\"https:\/\/secure.gravatar.com\/avatar\/4b7fafa80a22f0c2afe23966b3961fe0?s=96&d=mm&r=pg\",\"contentUrl\":\"https:\/\/secure.gravatar.com\/avatar\/4b7fafa80a22f0c2afe23966b3961fe0?s=96&d=mm&r=pg\",\"caption\":\"Agencija\"},\"url\":\"https:\/\/sandzakpress.net\/arhiva\/author\/agencija\/\"}]}<\/script>\n<!-- \/ Yoast SEO Premium plugin. -->","yoast_head_json":{"title":"Dr. Fehratovi\u0107 \u2013 Kolaps privrede u Sand\u017eaku zbog plja\u010dka\u0161kih privatizacija","robots":{"index":"index","follow":"follow","max-snippet":"max-snippet:-1","max-image-preview":"max-image-preview:large","max-video-preview":"max-video-preview:-1"},"canonical":"https:\/\/sandzakpress.net\/arhiva\/dr-fehratovic-kolaps-privrede-u-sandzaku-zbog-pljackaskih-privatizacija\/","og_locale":"bs_BA","og_type":"article","og_title":"Dr. Fehratovi\u0107 \u2013 Kolaps privrede u Sand\u017eaku zbog plja\u010dka\u0161kih privatizacija","og_description":"Narodni poslanik u Skup\u0161tini R. Srbije, potpredsjednik Stranke prave i pomirenja, dr. Jahja Fehratovi\u0107 u dana\u0161njem izlaganju u Skup\u0161tini kazao da je cjelokupna rasprava dovela do zaklju\u010dka da \u017eelimo, u vremenu poslijedica, lo\u0161ih politika i lo\u0161ih re\u017eima, koji su nam ostavili ovakvo stanje i te\u017enji, da se sve to popravi. \u201cNaravno, posljedice se odnose na [&hellip;]","og_url":"https:\/\/sandzakpress.net\/arhiva\/dr-fehratovic-kolaps-privrede-u-sandzaku-zbog-pljackaskih-privatizacija\/","og_site_name":"Sand\u017eak PRESS","article_published_time":"2019-06-19T19:44:45+00:00","og_image":[{"width":928,"height":695,"url":"https:\/\/sandzakpress.net\/arhiva\/wp-content\/uploads\/2019\/06\/3C22BA61-19A9-4F83-A4D5-592D86F8DF3B.jpeg.jpg","type":"image\/jpeg"}],"author":"Agencija","twitter_card":"summary_large_image","twitter_misc":{"Written by":"Agencija","Est. reading time":"7 minuta"},"schema":{"@context":"https:\/\/schema.org","@graph":[{"@type":"Article","@id":"https:\/\/sandzakpress.net\/arhiva\/dr-fehratovic-kolaps-privrede-u-sandzaku-zbog-pljackaskih-privatizacija\/#article","isPartOf":{"@id":"https:\/\/sandzakpress.net\/arhiva\/dr-fehratovic-kolaps-privrede-u-sandzaku-zbog-pljackaskih-privatizacija\/"},"author":{"name":"Agencija","@id":"https:\/\/sandzakpress.net\/arhiva\/#\/schema\/person\/cb59d7e3ab91ab90dd680ad0305a6185"},"headline":"Dr. Fehratovi\u0107 \u2013 Kolaps privrede u Sand\u017eaku zbog plja\u010dka\u0161kih privatizacija","datePublished":"2019-06-19T19:44:45+00:00","mainEntityOfPage":{"@id":"https:\/\/sandzakpress.net\/arhiva\/dr-fehratovic-kolaps-privrede-u-sandzaku-zbog-pljackaskih-privatizacija\/"},"wordCount":1368,"commentCount":0,"publisher":{"@id":"https:\/\/sandzakpress.net\/arhiva\/#\/schema\/person\/6e72b67d6e51910a1117b3b483ba20bd"},"image":{"@id":"https:\/\/sandzakpress.net\/arhiva\/dr-fehratovic-kolaps-privrede-u-sandzaku-zbog-pljackaskih-privatizacija\/#primaryimage"},"thumbnailUrl":"https:\/\/sandzakpress.net\/arhiva\/wp-content\/uploads\/2019\/06\/3C22BA61-19A9-4F83-A4D5-592D86F8DF3B.jpeg.jpg","articleSection":["Novi Pazar","Politika","VIJESTI DANA","NAJNOVIJE","Sand\u017eak"],"inLanguage":"bs-BA","potentialAction":[{"@type":"CommentAction","name":"Comment","target":["https:\/\/sandzakpress.net\/arhiva\/dr-fehratovic-kolaps-privrede-u-sandzaku-zbog-pljackaskih-privatizacija\/#respond"]}]},{"@type":"WebPage","@id":"https:\/\/sandzakpress.net\/arhiva\/dr-fehratovic-kolaps-privrede-u-sandzaku-zbog-pljackaskih-privatizacija\/","url":"https:\/\/sandzakpress.net\/arhiva\/dr-fehratovic-kolaps-privrede-u-sandzaku-zbog-pljackaskih-privatizacija\/","name":"Dr. Fehratovi\u0107 \u2013 Kolaps privrede u Sand\u017eaku zbog plja\u010dka\u0161kih privatizacija","isPartOf":{"@id":"https:\/\/sandzakpress.net\/arhiva\/#website"},"primaryImageOfPage":{"@id":"https:\/\/sandzakpress.net\/arhiva\/dr-fehratovic-kolaps-privrede-u-sandzaku-zbog-pljackaskih-privatizacija\/#primaryimage"},"image":{"@id":"https:\/\/sandzakpress.net\/arhiva\/dr-fehratovic-kolaps-privrede-u-sandzaku-zbog-pljackaskih-privatizacija\/#primaryimage"},"thumbnailUrl":"https:\/\/sandzakpress.net\/arhiva\/wp-content\/uploads\/2019\/06\/3C22BA61-19A9-4F83-A4D5-592D86F8DF3B.jpeg.jpg","datePublished":"2019-06-19T19:44:45+00:00","breadcrumb":{"@id":"https:\/\/sandzakpress.net\/arhiva\/dr-fehratovic-kolaps-privrede-u-sandzaku-zbog-pljackaskih-privatizacija\/#breadcrumb"},"inLanguage":"bs-BA","potentialAction":[{"@type":"ReadAction","target":["https:\/\/sandzakpress.net\/arhiva\/dr-fehratovic-kolaps-privrede-u-sandzaku-zbog-pljackaskih-privatizacija\/"]}]},{"@type":"ImageObject","inLanguage":"bs-BA","@id":"https:\/\/sandzakpress.net\/arhiva\/dr-fehratovic-kolaps-privrede-u-sandzaku-zbog-pljackaskih-privatizacija\/#primaryimage","url":"https:\/\/sandzakpress.net\/arhiva\/wp-content\/uploads\/2019\/06\/3C22BA61-19A9-4F83-A4D5-592D86F8DF3B.jpeg.jpg","contentUrl":"https:\/\/sandzakpress.net\/arhiva\/wp-content\/uploads\/2019\/06\/3C22BA61-19A9-4F83-A4D5-592D86F8DF3B.jpeg.jpg","width":928,"height":695},{"@type":"BreadcrumbList","@id":"https:\/\/sandzakpress.net\/arhiva\/dr-fehratovic-kolaps-privrede-u-sandzaku-zbog-pljackaskih-privatizacija\/#breadcrumb","itemListElement":[{"@type":"ListItem","position":1,"name":"Home","item":"https:\/\/sandzakpress.net\/arhiva\/"},{"@type":"ListItem","position":2,"name":"Dr. Fehratovi\u0107 \u2013 Kolaps privrede u Sand\u017eaku zbog plja\u010dka\u0161kih privatizacija"}]},{"@type":"WebSite","@id":"https:\/\/sandzakpress.net\/arhiva\/#website","url":"https:\/\/sandzakpress.net\/arhiva\/","name":"Sand\u017eak PRESS","description":"Prve elektronske novine u Sand\u017eaku","publisher":{"@id":"https:\/\/sandzakpress.net\/arhiva\/#\/schema\/person\/6e72b67d6e51910a1117b3b483ba20bd"},"potentialAction":[{"@type":"SearchAction","target":{"@type":"EntryPoint","urlTemplate":"https:\/\/sandzakpress.net\/arhiva\/?s={search_term_string}"},"query-input":{"@type":"PropertyValueSpecification","valueRequired":true,"valueName":"search_term_string"}}],"inLanguage":"bs-BA"},{"@type":["Person","Organization"],"@id":"https:\/\/sandzakpress.net\/arhiva\/#\/schema\/person\/6e72b67d6e51910a1117b3b483ba20bd","name":"Kul","image":{"@type":"ImageObject","inLanguage":"bs-BA","@id":"https:\/\/sandzakpress.net\/arhiva\/#\/schema\/person\/image\/","url":"https:\/\/secure.gravatar.com\/avatar\/42263f39aa27ac04c43cab85c280eb2e?s=96&d=mm&r=pg","contentUrl":"https:\/\/secure.gravatar.com\/avatar\/42263f39aa27ac04c43cab85c280eb2e?s=96&d=mm&r=pg","caption":"Kul"},"logo":{"@id":"https:\/\/sandzakpress.net\/arhiva\/#\/schema\/person\/image\/"}},{"@type":"Person","@id":"https:\/\/sandzakpress.net\/arhiva\/#\/schema\/person\/cb59d7e3ab91ab90dd680ad0305a6185","name":"Agencija","image":{"@type":"ImageObject","inLanguage":"bs-BA","@id":"https:\/\/sandzakpress.net\/arhiva\/#\/schema\/person\/image\/","url":"https:\/\/secure.gravatar.com\/avatar\/4b7fafa80a22f0c2afe23966b3961fe0?s=96&d=mm&r=pg","contentUrl":"https:\/\/secure.gravatar.com\/avatar\/4b7fafa80a22f0c2afe23966b3961fe0?s=96&d=mm&r=pg","caption":"Agencija"},"url":"https:\/\/sandzakpress.net\/arhiva\/author\/agencija\/"}]}},"_links":{"self":[{"href":"https:\/\/sandzakpress.net\/arhiva\/wp-json\/wp\/v2\/posts\/224943"}],"collection":[{"href":"https:\/\/sandzakpress.net\/arhiva\/wp-json\/wp\/v2\/posts"}],"about":[{"href":"https:\/\/sandzakpress.net\/arhiva\/wp-json\/wp\/v2\/types\/post"}],"author":[{"embeddable":true,"href":"https:\/\/sandzakpress.net\/arhiva\/wp-json\/wp\/v2\/users\/509"}],"replies":[{"embeddable":true,"href":"https:\/\/sandzakpress.net\/arhiva\/wp-json\/wp\/v2\/comments?post=224943"}],"version-history":[{"count":0,"href":"https:\/\/sandzakpress.net\/arhiva\/wp-json\/wp\/v2\/posts\/224943\/revisions"}],"wp:featuredmedia":[{"embeddable":true,"href":"https:\/\/sandzakpress.net\/arhiva\/wp-json\/wp\/v2\/media\/224945"}],"wp:attachment":[{"href":"https:\/\/sandzakpress.net\/arhiva\/wp-json\/wp\/v2\/media?parent=224943"}],"wp:term":[{"taxonomy":"category","embeddable":true,"href":"https:\/\/sandzakpress.net\/arhiva\/wp-json\/wp\/v2\/categories?post=224943"},{"taxonomy":"post_tag","embeddable":true,"href":"https:\/\/sandzakpress.net\/arhiva\/wp-json\/wp\/v2\/tags?post=224943"}],"curies":[{"name":"wp","href":"https:\/\/api.w.org\/{rel}","templated":true}]}}