{"id":224937,"date":"2019-06-19T20:05:40","date_gmt":"2019-06-19T18:05:40","guid":{"rendered":"https:\/\/sandzakpress.net\/arhiva\/?p=224937"},"modified":"2019-06-19T20:05:40","modified_gmt":"2019-06-19T18:05:40","slug":"dzudzo-uzvraca-udarac-sazvao-sjednicu-bnv-ako-se-ne-odrzi-uvodi-se-prinudna-uprava","status":"publish","type":"post","link":"https:\/\/sandzakpress.net\/arhiva\/dzudzo-uzvraca-udarac-sazvao-sjednicu-bnv-ako-se-ne-odrzi-uvodi-se-prinudna-uprava\/","title":{"rendered":"D\u017eud\u017eo uzvra\u0107a udarac &#8211; Sazvao sjednicu BNV! Ako se ne odr\u017ei, uvodi se prinudna uprava!"},"content":{"rendered":"<p><img loading=\"lazy\" decoding=\"async\" class=\"alignnone size-full wp-image-224938\" src=\"https:\/\/sandzakpress.net\/arhiva\/wp-content\/uploads\/2019\/06\/694af399-e0c5-47b9-9326-abacb0309bf9.jpg\" alt=\"\" width=\"1125\" height=\"770\" srcset=\"https:\/\/sandzakpress.net\/arhiva\/wp-content\/uploads\/2019\/06\/694af399-e0c5-47b9-9326-abacb0309bf9.jpg 1125w, https:\/\/sandzakpress.net\/arhiva\/wp-content\/uploads\/2019\/06\/694af399-e0c5-47b9-9326-abacb0309bf9-768x526.jpg 768w, https:\/\/sandzakpress.net\/arhiva\/wp-content\/uploads\/2019\/06\/694af399-e0c5-47b9-9326-abacb0309bf9-616x422.jpg 616w\" sizes=\"(max-width: 1125px) 100vw, 1125px\" \/><\/p>\n<p><strong>Nakon \u0161to je SDA Sulejmana Ugljanina na konferenciji za \u0161tampu zatra\u017eila ostavku Esada D\u017eud\u017ea sa mjesta predsjednika BNV-a, D\u017eud\u017eo je izjavio \u201cda je \u0161okiran, ali ne i iznena\u0111en\u201d opisuju\u0107i da je pritisak upu\u0107en od proalbanske struje u BNV-u koju podr\u017eava Ugljanin.<\/strong><\/p>\n<p>D\u017eud\u017eo nije sa\u010dekao skr\u0161tenih ruku, ve\u0107 je na Ugljaninov ultimatum odgovorio ultimatumom, zakazaju\u0107i sjednicu BNV-a, koja ako je budu bojkotovali vije\u0107nici SDA, raspu\u0161ta se BNV i Vlada Srbije uvodi prinudnu upravu do izbora koji \u0107e se odr\u017eati u roku od par mjeseci.<\/p>\n<p>Esad D\u017eud\u017eo je na svom Facebooku objavio:<\/p>\n<p>\u201cBo\u0161nja\u010dko jedinstvo pred izazovima<\/p>\n<p>Upravo sam uputio saziv uz poziv vije\u0107nicima za 3. sjednicu BNV, koja \u0107e se odr\u017eati u ponedjeljak, 24. juna u 17 sati.<\/p>\n<p>Na dnevnom redu je, pored neodlo\u017ene odluke o usvajanju finansijskog plana za 2019. godinu i izvje\u0161taja o izvr\u0161enju bud\u017eeta Vije\u0107a za 2018. godinu, i usvajanje Odluke o sprovo\u0111enju &#8216;Rezolucije BNV o pravima i slobodama bo\u0161nja\u010dkog naroda u Republici Srbiji&#8217; od 1. marta 2012. godine;<\/p>\n<p>Dogovor o sprovo\u0111enju Bo\u0161nja\u010dke rezolucije, mo\u017ee biti dobra platforma da se sa\u010duva i oja\u010da bo\u0161nja\u010dko jedinstvo u cijelom Sand\u017eaku.<\/p>\n<p>Neodr\u017eavanjem sjednice u ovom terminu, Vlada Srbije sti\u010de pravo da uvede privremene mjere i raspusti aktuelni saziv BNV, \u0161to je i cilj, \u010dini mi se, onih koji tra\u017ee moju ostavku, uz besmislene i idiotske optu\u017ebe kojima se smije \u010ditav svijet\u201d<\/p>\n","protected":false},"excerpt":{"rendered":"<p>Nakon \u0161to je SDA Sulejmana Ugljanina na konferenciji za \u0161tampu zatra\u017eila ostavku Esada D\u017eud\u017ea sa mjesta predsjednika BNV-a, D\u017eud\u017eo je izjavio \u201cda je \u0161okiran, ali ne i iznena\u0111en\u201d opisuju\u0107i da je pritisak upu\u0107en od proalbanske struje u BNV-u koju podr\u017eava Ugljanin. D\u017eud\u017eo nije sa\u010dekao skr\u0161tenih ruku, ve\u0107 je na Ugljaninov ultimatum odgovorio ultimatumom, zakazaju\u0107i sjednicu [&hellip;]<\/p>\n","protected":false},"author":509,"featured_media":224938,"comment_status":"open","ping_status":"open","sticky":false,"template":"","format":"standard","meta":{"footnotes":""},"categories":[72,1,8957,798],"tags":[],"class_list":{"0":"post-224937","1":"post","2":"type-post","3":"status-publish","4":"format-standard","5":"has-post-thumbnail","7":"category-novi-pazar","8":"category-politika","9":"category-vijesti-dana","10":"category-teme"},"yoast_head":"<!-- This site is optimized with the Yoast SEO Premium plugin v23.1 (Yoast SEO v24.9) - https:\/\/yoast.com\/wordpress\/plugins\/seo\/ -->\n<title>D\u017eud\u017eo uzvra\u0107a udarac - Sazvao sjednicu BNV! Ako se ne odr\u017ei, uvodi se prinudna uprava!<\/title>\n<meta name=\"robots\" content=\"index, follow, max-snippet:-1, max-image-preview:large, max-video-preview:-1\" \/>\n<link rel=\"canonical\" href=\"https:\/\/sandzakpress.net\/arhiva\/dzudzo-uzvraca-udarac-sazvao-sjednicu-bnv-ako-se-ne-odrzi-uvodi-se-prinudna-uprava\/\" \/>\n<meta property=\"og:locale\" content=\"bs_BA\" \/>\n<meta property=\"og:type\" content=\"article\" \/>\n<meta property=\"og:title\" content=\"D\u017eud\u017eo uzvra\u0107a udarac - Sazvao sjednicu BNV! Ako se ne odr\u017ei, uvodi se prinudna uprava!\" \/>\n<meta property=\"og:description\" content=\"Nakon \u0161to je SDA Sulejmana Ugljanina na konferenciji za \u0161tampu zatra\u017eila ostavku Esada D\u017eud\u017ea sa mjesta predsjednika BNV-a, D\u017eud\u017eo je izjavio \u201cda je \u0161okiran, ali ne i iznena\u0111en\u201d opisuju\u0107i da je pritisak upu\u0107en od proalbanske struje u BNV-u koju podr\u017eava Ugljanin. D\u017eud\u017eo nije sa\u010dekao skr\u0161tenih ruku, ve\u0107 je na Ugljaninov ultimatum odgovorio ultimatumom, zakazaju\u0107i sjednicu [&hellip;]\" \/>\n<meta property=\"og:url\" content=\"https:\/\/sandzakpress.net\/arhiva\/dzudzo-uzvraca-udarac-sazvao-sjednicu-bnv-ako-se-ne-odrzi-uvodi-se-prinudna-uprava\/\" \/>\n<meta property=\"og:site_name\" content=\"Sand\u017eak PRESS\" \/>\n<meta property=\"article:published_time\" content=\"2019-06-19T18:05:40+00:00\" \/>\n<meta property=\"og:image\" content=\"https:\/\/sandzakpress.net\/arhiva\/wp-content\/uploads\/2019\/06\/694af399-e0c5-47b9-9326-abacb0309bf9.jpg\" \/>\n\t<meta property=\"og:image:width\" content=\"1125\" \/>\n\t<meta property=\"og:image:height\" content=\"770\" \/>\n\t<meta property=\"og:image:type\" content=\"image\/jpeg\" \/>\n<meta name=\"author\" content=\"Agencija\" \/>\n<meta name=\"twitter:card\" content=\"summary_large_image\" \/>\n<meta name=\"twitter:label1\" content=\"Written by\" \/>\n\t<meta name=\"twitter:data1\" content=\"Agencija\" \/>\n\t<meta name=\"twitter:label2\" content=\"Est. reading time\" \/>\n\t<meta name=\"twitter:data2\" content=\"1 minuta\" \/>\n<script type=\"application\/ld+json\" class=\"yoast-schema-graph\">{\"@context\":\"https:\/\/schema.org\",\"@graph\":[{\"@type\":\"Article\",\"@id\":\"https:\/\/sandzakpress.net\/arhiva\/dzudzo-uzvraca-udarac-sazvao-sjednicu-bnv-ako-se-ne-odrzi-uvodi-se-prinudna-uprava\/#article\",\"isPartOf\":{\"@id\":\"https:\/\/sandzakpress.net\/arhiva\/dzudzo-uzvraca-udarac-sazvao-sjednicu-bnv-ako-se-ne-odrzi-uvodi-se-prinudna-uprava\/\"},\"author\":{\"name\":\"Agencija\",\"@id\":\"https:\/\/sandzakpress.net\/arhiva\/#\/schema\/person\/cb59d7e3ab91ab90dd680ad0305a6185\"},\"headline\":\"D\u017eud\u017eo uzvra\u0107a udarac &#8211; Sazvao sjednicu BNV! Ako se ne odr\u017ei, uvodi se prinudna uprava!\",\"datePublished\":\"2019-06-19T18:05:40+00:00\",\"mainEntityOfPage\":{\"@id\":\"https:\/\/sandzakpress.net\/arhiva\/dzudzo-uzvraca-udarac-sazvao-sjednicu-bnv-ako-se-ne-odrzi-uvodi-se-prinudna-uprava\/\"},\"wordCount\":275,\"commentCount\":1,\"publisher\":{\"@id\":\"https:\/\/sandzakpress.net\/arhiva\/#\/schema\/person\/6e72b67d6e51910a1117b3b483ba20bd\"},\"image\":{\"@id\":\"https:\/\/sandzakpress.net\/arhiva\/dzudzo-uzvraca-udarac-sazvao-sjednicu-bnv-ako-se-ne-odrzi-uvodi-se-prinudna-uprava\/#primaryimage\"},\"thumbnailUrl\":\"https:\/\/sandzakpress.net\/arhiva\/wp-content\/uploads\/2019\/06\/694af399-e0c5-47b9-9326-abacb0309bf9.jpg\",\"articleSection\":[\"Novi Pazar\",\"Politika\",\"VIJESTI DANA\",\"NAJNOVIJE\"],\"inLanguage\":\"bs-BA\",\"potentialAction\":[{\"@type\":\"CommentAction\",\"name\":\"Comment\",\"target\":[\"https:\/\/sandzakpress.net\/arhiva\/dzudzo-uzvraca-udarac-sazvao-sjednicu-bnv-ako-se-ne-odrzi-uvodi-se-prinudna-uprava\/#respond\"]}]},{\"@type\":\"WebPage\",\"@id\":\"https:\/\/sandzakpress.net\/arhiva\/dzudzo-uzvraca-udarac-sazvao-sjednicu-bnv-ako-se-ne-odrzi-uvodi-se-prinudna-uprava\/\",\"url\":\"https:\/\/sandzakpress.net\/arhiva\/dzudzo-uzvraca-udarac-sazvao-sjednicu-bnv-ako-se-ne-odrzi-uvodi-se-prinudna-uprava\/\",\"name\":\"D\u017eud\u017eo uzvra\u0107a udarac - Sazvao sjednicu BNV! Ako se ne odr\u017ei, uvodi se prinudna uprava!\",\"isPartOf\":{\"@id\":\"https:\/\/sandzakpress.net\/arhiva\/#website\"},\"primaryImageOfPage\":{\"@id\":\"https:\/\/sandzakpress.net\/arhiva\/dzudzo-uzvraca-udarac-sazvao-sjednicu-bnv-ako-se-ne-odrzi-uvodi-se-prinudna-uprava\/#primaryimage\"},\"image\":{\"@id\":\"https:\/\/sandzakpress.net\/arhiva\/dzudzo-uzvraca-udarac-sazvao-sjednicu-bnv-ako-se-ne-odrzi-uvodi-se-prinudna-uprava\/#primaryimage\"},\"thumbnailUrl\":\"https:\/\/sandzakpress.net\/arhiva\/wp-content\/uploads\/2019\/06\/694af399-e0c5-47b9-9326-abacb0309bf9.jpg\",\"datePublished\":\"2019-06-19T18:05:40+00:00\",\"breadcrumb\":{\"@id\":\"https:\/\/sandzakpress.net\/arhiva\/dzudzo-uzvraca-udarac-sazvao-sjednicu-bnv-ako-se-ne-odrzi-uvodi-se-prinudna-uprava\/#breadcrumb\"},\"inLanguage\":\"bs-BA\",\"potentialAction\":[{\"@type\":\"ReadAction\",\"target\":[\"https:\/\/sandzakpress.net\/arhiva\/dzudzo-uzvraca-udarac-sazvao-sjednicu-bnv-ako-se-ne-odrzi-uvodi-se-prinudna-uprava\/\"]}]},{\"@type\":\"ImageObject\",\"inLanguage\":\"bs-BA\",\"@id\":\"https:\/\/sandzakpress.net\/arhiva\/dzudzo-uzvraca-udarac-sazvao-sjednicu-bnv-ako-se-ne-odrzi-uvodi-se-prinudna-uprava\/#primaryimage\",\"url\":\"https:\/\/sandzakpress.net\/arhiva\/wp-content\/uploads\/2019\/06\/694af399-e0c5-47b9-9326-abacb0309bf9.jpg\",\"contentUrl\":\"https:\/\/sandzakpress.net\/arhiva\/wp-content\/uploads\/2019\/06\/694af399-e0c5-47b9-9326-abacb0309bf9.jpg\",\"width\":1125,\"height\":770},{\"@type\":\"BreadcrumbList\",\"@id\":\"https:\/\/sandzakpress.net\/arhiva\/dzudzo-uzvraca-udarac-sazvao-sjednicu-bnv-ako-se-ne-odrzi-uvodi-se-prinudna-uprava\/#breadcrumb\",\"itemListElement\":[{\"@type\":\"ListItem\",\"position\":1,\"name\":\"Home\",\"item\":\"https:\/\/sandzakpress.net\/arhiva\/\"},{\"@type\":\"ListItem\",\"position\":2,\"name\":\"D\u017eud\u017eo uzvra\u0107a udarac &#8211; Sazvao sjednicu BNV! Ako se ne odr\u017ei, uvodi se prinudna uprava!\"}]},{\"@type\":\"WebSite\",\"@id\":\"https:\/\/sandzakpress.net\/arhiva\/#website\",\"url\":\"https:\/\/sandzakpress.net\/arhiva\/\",\"name\":\"Sand\u017eak PRESS\",\"description\":\"Prve elektronske novine u Sand\u017eaku\",\"publisher\":{\"@id\":\"https:\/\/sandzakpress.net\/arhiva\/#\/schema\/person\/6e72b67d6e51910a1117b3b483ba20bd\"},\"potentialAction\":[{\"@type\":\"SearchAction\",\"target\":{\"@type\":\"EntryPoint\",\"urlTemplate\":\"https:\/\/sandzakpress.net\/arhiva\/?s={search_term_string}\"},\"query-input\":{\"@type\":\"PropertyValueSpecification\",\"valueRequired\":true,\"valueName\":\"search_term_string\"}}],\"inLanguage\":\"bs-BA\"},{\"@type\":[\"Person\",\"Organization\"],\"@id\":\"https:\/\/sandzakpress.net\/arhiva\/#\/schema\/person\/6e72b67d6e51910a1117b3b483ba20bd\",\"name\":\"Kul\",\"image\":{\"@type\":\"ImageObject\",\"inLanguage\":\"bs-BA\",\"@id\":\"https:\/\/sandzakpress.net\/arhiva\/#\/schema\/person\/image\/\",\"url\":\"https:\/\/secure.gravatar.com\/avatar\/42263f39aa27ac04c43cab85c280eb2e?s=96&d=mm&r=pg\",\"contentUrl\":\"https:\/\/secure.gravatar.com\/avatar\/42263f39aa27ac04c43cab85c280eb2e?s=96&d=mm&r=pg\",\"caption\":\"Kul\"},\"logo\":{\"@id\":\"https:\/\/sandzakpress.net\/arhiva\/#\/schema\/person\/image\/\"}},{\"@type\":\"Person\",\"@id\":\"https:\/\/sandzakpress.net\/arhiva\/#\/schema\/person\/cb59d7e3ab91ab90dd680ad0305a6185\",\"name\":\"Agencija\",\"image\":{\"@type\":\"ImageObject\",\"inLanguage\":\"bs-BA\",\"@id\":\"https:\/\/sandzakpress.net\/arhiva\/#\/schema\/person\/image\/\",\"url\":\"https:\/\/secure.gravatar.com\/avatar\/4b7fafa80a22f0c2afe23966b3961fe0?s=96&d=mm&r=pg\",\"contentUrl\":\"https:\/\/secure.gravatar.com\/avatar\/4b7fafa80a22f0c2afe23966b3961fe0?s=96&d=mm&r=pg\",\"caption\":\"Agencija\"},\"url\":\"https:\/\/sandzakpress.net\/arhiva\/author\/agencija\/\"}]}<\/script>\n<!-- \/ Yoast SEO Premium plugin. -->","yoast_head_json":{"title":"D\u017eud\u017eo uzvra\u0107a udarac - Sazvao sjednicu BNV! Ako se ne odr\u017ei, uvodi se prinudna uprava!","robots":{"index":"index","follow":"follow","max-snippet":"max-snippet:-1","max-image-preview":"max-image-preview:large","max-video-preview":"max-video-preview:-1"},"canonical":"https:\/\/sandzakpress.net\/arhiva\/dzudzo-uzvraca-udarac-sazvao-sjednicu-bnv-ako-se-ne-odrzi-uvodi-se-prinudna-uprava\/","og_locale":"bs_BA","og_type":"article","og_title":"D\u017eud\u017eo uzvra\u0107a udarac - Sazvao sjednicu BNV! Ako se ne odr\u017ei, uvodi se prinudna uprava!","og_description":"Nakon \u0161to je SDA Sulejmana Ugljanina na konferenciji za \u0161tampu zatra\u017eila ostavku Esada D\u017eud\u017ea sa mjesta predsjednika BNV-a, D\u017eud\u017eo je izjavio \u201cda je \u0161okiran, ali ne i iznena\u0111en\u201d opisuju\u0107i da je pritisak upu\u0107en od proalbanske struje u BNV-u koju podr\u017eava Ugljanin. D\u017eud\u017eo nije sa\u010dekao skr\u0161tenih ruku, ve\u0107 je na Ugljaninov ultimatum odgovorio ultimatumom, zakazaju\u0107i sjednicu [&hellip;]","og_url":"https:\/\/sandzakpress.net\/arhiva\/dzudzo-uzvraca-udarac-sazvao-sjednicu-bnv-ako-se-ne-odrzi-uvodi-se-prinudna-uprava\/","og_site_name":"Sand\u017eak PRESS","article_published_time":"2019-06-19T18:05:40+00:00","og_image":[{"width":1125,"height":770,"url":"https:\/\/sandzakpress.net\/arhiva\/wp-content\/uploads\/2019\/06\/694af399-e0c5-47b9-9326-abacb0309bf9.jpg","type":"image\/jpeg"}],"author":"Agencija","twitter_card":"summary_large_image","twitter_misc":{"Written by":"Agencija","Est. reading time":"1 minuta"},"schema":{"@context":"https:\/\/schema.org","@graph":[{"@type":"Article","@id":"https:\/\/sandzakpress.net\/arhiva\/dzudzo-uzvraca-udarac-sazvao-sjednicu-bnv-ako-se-ne-odrzi-uvodi-se-prinudna-uprava\/#article","isPartOf":{"@id":"https:\/\/sandzakpress.net\/arhiva\/dzudzo-uzvraca-udarac-sazvao-sjednicu-bnv-ako-se-ne-odrzi-uvodi-se-prinudna-uprava\/"},"author":{"name":"Agencija","@id":"https:\/\/sandzakpress.net\/arhiva\/#\/schema\/person\/cb59d7e3ab91ab90dd680ad0305a6185"},"headline":"D\u017eud\u017eo uzvra\u0107a udarac &#8211; Sazvao sjednicu BNV! Ako se ne odr\u017ei, uvodi se prinudna uprava!","datePublished":"2019-06-19T18:05:40+00:00","mainEntityOfPage":{"@id":"https:\/\/sandzakpress.net\/arhiva\/dzudzo-uzvraca-udarac-sazvao-sjednicu-bnv-ako-se-ne-odrzi-uvodi-se-prinudna-uprava\/"},"wordCount":275,"commentCount":1,"publisher":{"@id":"https:\/\/sandzakpress.net\/arhiva\/#\/schema\/person\/6e72b67d6e51910a1117b3b483ba20bd"},"image":{"@id":"https:\/\/sandzakpress.net\/arhiva\/dzudzo-uzvraca-udarac-sazvao-sjednicu-bnv-ako-se-ne-odrzi-uvodi-se-prinudna-uprava\/#primaryimage"},"thumbnailUrl":"https:\/\/sandzakpress.net\/arhiva\/wp-content\/uploads\/2019\/06\/694af399-e0c5-47b9-9326-abacb0309bf9.jpg","articleSection":["Novi Pazar","Politika","VIJESTI DANA","NAJNOVIJE"],"inLanguage":"bs-BA","potentialAction":[{"@type":"CommentAction","name":"Comment","target":["https:\/\/sandzakpress.net\/arhiva\/dzudzo-uzvraca-udarac-sazvao-sjednicu-bnv-ako-se-ne-odrzi-uvodi-se-prinudna-uprava\/#respond"]}]},{"@type":"WebPage","@id":"https:\/\/sandzakpress.net\/arhiva\/dzudzo-uzvraca-udarac-sazvao-sjednicu-bnv-ako-se-ne-odrzi-uvodi-se-prinudna-uprava\/","url":"https:\/\/sandzakpress.net\/arhiva\/dzudzo-uzvraca-udarac-sazvao-sjednicu-bnv-ako-se-ne-odrzi-uvodi-se-prinudna-uprava\/","name":"D\u017eud\u017eo uzvra\u0107a udarac - Sazvao sjednicu BNV! Ako se ne odr\u017ei, uvodi se prinudna uprava!","isPartOf":{"@id":"https:\/\/sandzakpress.net\/arhiva\/#website"},"primaryImageOfPage":{"@id":"https:\/\/sandzakpress.net\/arhiva\/dzudzo-uzvraca-udarac-sazvao-sjednicu-bnv-ako-se-ne-odrzi-uvodi-se-prinudna-uprava\/#primaryimage"},"image":{"@id":"https:\/\/sandzakpress.net\/arhiva\/dzudzo-uzvraca-udarac-sazvao-sjednicu-bnv-ako-se-ne-odrzi-uvodi-se-prinudna-uprava\/#primaryimage"},"thumbnailUrl":"https:\/\/sandzakpress.net\/arhiva\/wp-content\/uploads\/2019\/06\/694af399-e0c5-47b9-9326-abacb0309bf9.jpg","datePublished":"2019-06-19T18:05:40+00:00","breadcrumb":{"@id":"https:\/\/sandzakpress.net\/arhiva\/dzudzo-uzvraca-udarac-sazvao-sjednicu-bnv-ako-se-ne-odrzi-uvodi-se-prinudna-uprava\/#breadcrumb"},"inLanguage":"bs-BA","potentialAction":[{"@type":"ReadAction","target":["https:\/\/sandzakpress.net\/arhiva\/dzudzo-uzvraca-udarac-sazvao-sjednicu-bnv-ako-se-ne-odrzi-uvodi-se-prinudna-uprava\/"]}]},{"@type":"ImageObject","inLanguage":"bs-BA","@id":"https:\/\/sandzakpress.net\/arhiva\/dzudzo-uzvraca-udarac-sazvao-sjednicu-bnv-ako-se-ne-odrzi-uvodi-se-prinudna-uprava\/#primaryimage","url":"https:\/\/sandzakpress.net\/arhiva\/wp-content\/uploads\/2019\/06\/694af399-e0c5-47b9-9326-abacb0309bf9.jpg","contentUrl":"https:\/\/sandzakpress.net\/arhiva\/wp-content\/uploads\/2019\/06\/694af399-e0c5-47b9-9326-abacb0309bf9.jpg","width":1125,"height":770},{"@type":"BreadcrumbList","@id":"https:\/\/sandzakpress.net\/arhiva\/dzudzo-uzvraca-udarac-sazvao-sjednicu-bnv-ako-se-ne-odrzi-uvodi-se-prinudna-uprava\/#breadcrumb","itemListElement":[{"@type":"ListItem","position":1,"name":"Home","item":"https:\/\/sandzakpress.net\/arhiva\/"},{"@type":"ListItem","position":2,"name":"D\u017eud\u017eo uzvra\u0107a udarac &#8211; Sazvao sjednicu BNV! Ako se ne odr\u017ei, uvodi se prinudna uprava!"}]},{"@type":"WebSite","@id":"https:\/\/sandzakpress.net\/arhiva\/#website","url":"https:\/\/sandzakpress.net\/arhiva\/","name":"Sand\u017eak PRESS","description":"Prve elektronske novine u Sand\u017eaku","publisher":{"@id":"https:\/\/sandzakpress.net\/arhiva\/#\/schema\/person\/6e72b67d6e51910a1117b3b483ba20bd"},"potentialAction":[{"@type":"SearchAction","target":{"@type":"EntryPoint","urlTemplate":"https:\/\/sandzakpress.net\/arhiva\/?s={search_term_string}"},"query-input":{"@type":"PropertyValueSpecification","valueRequired":true,"valueName":"search_term_string"}}],"inLanguage":"bs-BA"},{"@type":["Person","Organization"],"@id":"https:\/\/sandzakpress.net\/arhiva\/#\/schema\/person\/6e72b67d6e51910a1117b3b483ba20bd","name":"Kul","image":{"@type":"ImageObject","inLanguage":"bs-BA","@id":"https:\/\/sandzakpress.net\/arhiva\/#\/schema\/person\/image\/","url":"https:\/\/secure.gravatar.com\/avatar\/42263f39aa27ac04c43cab85c280eb2e?s=96&d=mm&r=pg","contentUrl":"https:\/\/secure.gravatar.com\/avatar\/42263f39aa27ac04c43cab85c280eb2e?s=96&d=mm&r=pg","caption":"Kul"},"logo":{"@id":"https:\/\/sandzakpress.net\/arhiva\/#\/schema\/person\/image\/"}},{"@type":"Person","@id":"https:\/\/sandzakpress.net\/arhiva\/#\/schema\/person\/cb59d7e3ab91ab90dd680ad0305a6185","name":"Agencija","image":{"@type":"ImageObject","inLanguage":"bs-BA","@id":"https:\/\/sandzakpress.net\/arhiva\/#\/schema\/person\/image\/","url":"https:\/\/secure.gravatar.com\/avatar\/4b7fafa80a22f0c2afe23966b3961fe0?s=96&d=mm&r=pg","contentUrl":"https:\/\/secure.gravatar.com\/avatar\/4b7fafa80a22f0c2afe23966b3961fe0?s=96&d=mm&r=pg","caption":"Agencija"},"url":"https:\/\/sandzakpress.net\/arhiva\/author\/agencija\/"}]}},"_links":{"self":[{"href":"https:\/\/sandzakpress.net\/arhiva\/wp-json\/wp\/v2\/posts\/224937"}],"collection":[{"href":"https:\/\/sandzakpress.net\/arhiva\/wp-json\/wp\/v2\/posts"}],"about":[{"href":"https:\/\/sandzakpress.net\/arhiva\/wp-json\/wp\/v2\/types\/post"}],"author":[{"embeddable":true,"href":"https:\/\/sandzakpress.net\/arhiva\/wp-json\/wp\/v2\/users\/509"}],"replies":[{"embeddable":true,"href":"https:\/\/sandzakpress.net\/arhiva\/wp-json\/wp\/v2\/comments?post=224937"}],"version-history":[{"count":0,"href":"https:\/\/sandzakpress.net\/arhiva\/wp-json\/wp\/v2\/posts\/224937\/revisions"}],"wp:featuredmedia":[{"embeddable":true,"href":"https:\/\/sandzakpress.net\/arhiva\/wp-json\/wp\/v2\/media\/224938"}],"wp:attachment":[{"href":"https:\/\/sandzakpress.net\/arhiva\/wp-json\/wp\/v2\/media?parent=224937"}],"wp:term":[{"taxonomy":"category","embeddable":true,"href":"https:\/\/sandzakpress.net\/arhiva\/wp-json\/wp\/v2\/categories?post=224937"},{"taxonomy":"post_tag","embeddable":true,"href":"https:\/\/sandzakpress.net\/arhiva\/wp-json\/wp\/v2\/tags?post=224937"}],"curies":[{"name":"wp","href":"https:\/\/api.w.org\/{rel}","templated":true}]}}