{"id":22493,"date":"2011-10-28T17:22:35","date_gmt":"2011-10-28T15:22:35","guid":{"rendered":"https:\/\/sandzakpress.net\/arhiva\/?p=22493"},"modified":"2011-10-28T17:22:35","modified_gmt":"2011-10-28T15:22:35","slug":"menadzer-godine-u-agrobiznisu","status":"publish","type":"post","link":"https:\/\/sandzakpress.net\/arhiva\/menadzer-godine-u-agrobiznisu\/","title":{"rendered":"Menad\u017eer godine u agrobiznisu"},"content":{"rendered":"<p><strong><a href=\"https:\/\/sandzakpress.net\/arhiva\/wp-content\/uploads\/2011\/10\/index32.jpg\"><img loading=\"lazy\" decoding=\"async\" class=\"alignleft size-full wp-image-22494\" title=\"index\" src=\"https:\/\/sandzakpress.net\/arhiva\/wp-content\/uploads\/2011\/10\/index32.jpg\" alt=\"\" width=\"225\" height=\"225\" srcset=\"https:\/\/sandzakpress.net\/arhiva\/wp-content\/uploads\/2011\/10\/index32.jpg 225w, https:\/\/sandzakpress.net\/arhiva\/wp-content\/uploads\/2011\/10\/index32-150x150.jpg 150w, https:\/\/sandzakpress.net\/arhiva\/wp-content\/uploads\/2011\/10\/index32-90x90.jpg 90w, https:\/\/sandzakpress.net\/arhiva\/wp-content\/uploads\/2011\/10\/index32-125x125.jpg 125w\" sizes=\"(max-width: 225px) 100vw, 225px\" \/><\/a>Ro\u017eaje &#8211; Na adresu Mesne industrije \u201eGradina compani\u201c stiglo je jo\u0161 jedno  vrijedno priznanje. Direktor ove firme D\u017eemal \u0160krijelj progla\u0161en je za  menad\u017eera godine u agrobiznisu za 2011. godinu, \u0161to je jo\u0161 jedna potvrda  uspje\u0161nog poslovanja. <\/strong><\/p>\n<p>&#8211; Po ve\u0107 ustaljenoj praksi, Zanatska privredna komora Crne gore  je i ove godine birala najuspje\u0161nije menad\u017eere u raznim oblastima za  2011. godinu. Na moje veliko zadovoljstvo, prema ocjeni tih ljudi meni  je pripalo priznanje za menad\u017eera godine u Agrobiznisu, \u0161to je jo\u0161 jedna  potvrda uspje\u0161nosti na\u0161e firme u ovoj oblasti &#8211; rekao je \u0160krijelj.<\/p>\n<p>On je podsjetio da je prije nekoliko godina \u201eGradina compani\u201c  dobila novu Fabriku za preradu mesa i mesnih proizvoda kao i  administrativno prodajni kompleks u \u010diju izgradnju i  opremanje je  ulo\u017eeno oko 4,5 miliona eura. Pro\u0161irenjem proizvodnih kapaciteta koji su  u du\u017eem periodu predstavljali usko grlo i limitiraju\u0107i faktor za br\u017ei  razvoj firme zbog su\u017eenih mogu\u0107nosti plasmana, kao i dobijanjem  neophodnih sertifikata HASAP i ISO 2200 i ISO 9001, ovdje se stvaraju  neophiodni uslovi za izlazak na tr\u017ei\u0161ta zemalja u regionu, ali i EU.<\/p>\n<p>Predverifikaciona komisija EU je ve\u0107 obi\u0161la ovu firmu i dala  visoku ocjenu objektima i tehnologiji za preradu mesa a sljede\u0107i korak  je dobijanje evropskog broja \u010dime \u0107e biti otvorena vrata tom tr\u017ei\u0161tu.  Uostalom, vi\u0161emilionska ulaganja u objekte i savremenu tehnologiju kao i  pro\u0161irenje proizvodnog asortimana uz \u010dinjenicu da se sirovina nabavlja  isklju\u010divo sa ovog, ekolo\u0161ki nezaga\u0111enog podru\u010dja, najbolja su preporuka  za kvalitet proizvoda ove firme &#8211; ka\u017ee \u0160krijelj.<\/p>\n<p>On je rekao da je \u201eGradina compani\u201c na pragu dobijanja  sertifikata HALAL, \u0161to treba da omogu\u0107i ro\u017eajskoj Mesnoj industriji da  svoje proizvode u skorije vrijeme plasira i na tr\u017ei\u0161ta isto\u010dnih, odnosno  arapskih zemalja. Dobijanje tog sertifikata predstavlja uslov da bi se  proizvodi ove firme na\u0161li na tom tr\u017ei\u0161tu &#8211; rekao je \u0160krijelj uz  konstataciju da su od nedavno prisutni na tr\u017ei\u0161tima BiH, Srbije,  Albanija, Makedonije i Kosova.<\/p>\n<p>Izvor: <strong>Pobjeda.me<\/strong><\/p>\n","protected":false},"excerpt":{"rendered":"<p>Ro\u017eaje &#8211; Na adresu Mesne industrije \u201eGradina compani\u201c stiglo je jo\u0161 jedno vrijedno priznanje. Direktor ove firme D\u017eemal \u0160krijelj progla\u0161en je za menad\u017eera godine u agrobiznisu za 2011. godinu, \u0161to je jo\u0161 jedna potvrda uspje\u0161nog poslovanja. &#8211; Po ve\u0107 ustaljenoj praksi, Zanatska privredna komora Crne gore je i ove godine birala najuspje\u0161nije menad\u017eere u raznim [&hellip;]<\/p>\n","protected":false},"author":13,"featured_media":22494,"comment_status":"open","ping_status":"open","sticky":false,"template":"","format":"standard","meta":{"footnotes":""},"categories":[398,3],"tags":[],"class_list":{"0":"post-22493","1":"post","2":"type-post","3":"status-publish","4":"format-standard","5":"has-post-thumbnail","7":"category-rozaje","8":"category-privreda"},"yoast_head":"<!-- This site is optimized with the Yoast SEO Premium plugin v23.1 (Yoast SEO v24.9) - https:\/\/yoast.com\/wordpress\/plugins\/seo\/ -->\n<title>Menad\u017eer godine u agrobiznisu<\/title>\n<meta name=\"robots\" content=\"index, follow, max-snippet:-1, max-image-preview:large, max-video-preview:-1\" \/>\n<link rel=\"canonical\" href=\"https:\/\/sandzakpress.net\/arhiva\/menadzer-godine-u-agrobiznisu\/\" \/>\n<meta property=\"og:locale\" content=\"bs_BA\" \/>\n<meta property=\"og:type\" content=\"article\" \/>\n<meta property=\"og:title\" content=\"Menad\u017eer godine u agrobiznisu\" \/>\n<meta property=\"og:description\" content=\"Ro\u017eaje &#8211; Na adresu Mesne industrije \u201eGradina compani\u201c stiglo je jo\u0161 jedno vrijedno priznanje. Direktor ove firme D\u017eemal \u0160krijelj progla\u0161en je za menad\u017eera godine u agrobiznisu za 2011. godinu, \u0161to je jo\u0161 jedna potvrda uspje\u0161nog poslovanja. &#8211; Po ve\u0107 ustaljenoj praksi, Zanatska privredna komora Crne gore je i ove godine birala najuspje\u0161nije menad\u017eere u raznim [&hellip;]\" \/>\n<meta property=\"og:url\" content=\"https:\/\/sandzakpress.net\/arhiva\/menadzer-godine-u-agrobiznisu\/\" \/>\n<meta property=\"og:site_name\" content=\"Sand\u017eak PRESS\" \/>\n<meta property=\"article:published_time\" content=\"2011-10-28T15:22:35+00:00\" \/>\n<meta property=\"og:image\" content=\"https:\/\/sandzakpress.net\/arhiva\/wp-content\/uploads\/2011\/10\/index32.jpg\" \/>\n\t<meta property=\"og:image:width\" content=\"225\" \/>\n\t<meta property=\"og:image:height\" content=\"225\" \/>\n\t<meta property=\"og:image:type\" content=\"image\/jpeg\" \/>\n<meta name=\"twitter:card\" content=\"summary_large_image\" \/>\n<meta name=\"twitter:label1\" content=\"Written by\" \/>\n\t<meta name=\"twitter:data1\" content=\"\" \/>\n\t<meta name=\"twitter:label2\" content=\"Est. reading time\" \/>\n\t<meta name=\"twitter:data2\" content=\"2 minute\" \/>\n<script type=\"application\/ld+json\" class=\"yoast-schema-graph\">{\"@context\":\"https:\/\/schema.org\",\"@graph\":[{\"@type\":\"Article\",\"@id\":\"https:\/\/sandzakpress.net\/arhiva\/menadzer-godine-u-agrobiznisu\/#article\",\"isPartOf\":{\"@id\":\"https:\/\/sandzakpress.net\/arhiva\/menadzer-godine-u-agrobiznisu\/\"},\"author\":{\"name\":\"\",\"@id\":\"\"},\"headline\":\"Menad\u017eer godine u agrobiznisu\",\"datePublished\":\"2011-10-28T15:22:35+00:00\",\"mainEntityOfPage\":{\"@id\":\"https:\/\/sandzakpress.net\/arhiva\/menadzer-godine-u-agrobiznisu\/\"},\"wordCount\":353,\"commentCount\":1,\"publisher\":{\"@id\":\"https:\/\/sandzakpress.net\/arhiva\/#\/schema\/person\/6e72b67d6e51910a1117b3b483ba20bd\"},\"image\":{\"@id\":\"https:\/\/sandzakpress.net\/arhiva\/menadzer-godine-u-agrobiznisu\/#primaryimage\"},\"thumbnailUrl\":\"https:\/\/sandzakpress.net\/arhiva\/wp-content\/uploads\/2011\/10\/index32.jpg\",\"articleSection\":[\"Ro\u017eaje\",\"Privreda\"],\"inLanguage\":\"bs-BA\",\"potentialAction\":[{\"@type\":\"CommentAction\",\"name\":\"Comment\",\"target\":[\"https:\/\/sandzakpress.net\/arhiva\/menadzer-godine-u-agrobiznisu\/#respond\"]}]},{\"@type\":\"WebPage\",\"@id\":\"https:\/\/sandzakpress.net\/arhiva\/menadzer-godine-u-agrobiznisu\/\",\"url\":\"https:\/\/sandzakpress.net\/arhiva\/menadzer-godine-u-agrobiznisu\/\",\"name\":\"Menad\u017eer godine u agrobiznisu\",\"isPartOf\":{\"@id\":\"https:\/\/sandzakpress.net\/arhiva\/#website\"},\"primaryImageOfPage\":{\"@id\":\"https:\/\/sandzakpress.net\/arhiva\/menadzer-godine-u-agrobiznisu\/#primaryimage\"},\"image\":{\"@id\":\"https:\/\/sandzakpress.net\/arhiva\/menadzer-godine-u-agrobiznisu\/#primaryimage\"},\"thumbnailUrl\":\"https:\/\/sandzakpress.net\/arhiva\/wp-content\/uploads\/2011\/10\/index32.jpg\",\"datePublished\":\"2011-10-28T15:22:35+00:00\",\"breadcrumb\":{\"@id\":\"https:\/\/sandzakpress.net\/arhiva\/menadzer-godine-u-agrobiznisu\/#breadcrumb\"},\"inLanguage\":\"bs-BA\",\"potentialAction\":[{\"@type\":\"ReadAction\",\"target\":[\"https:\/\/sandzakpress.net\/arhiva\/menadzer-godine-u-agrobiznisu\/\"]}]},{\"@type\":\"ImageObject\",\"inLanguage\":\"bs-BA\",\"@id\":\"https:\/\/sandzakpress.net\/arhiva\/menadzer-godine-u-agrobiznisu\/#primaryimage\",\"url\":\"https:\/\/sandzakpress.net\/arhiva\/wp-content\/uploads\/2011\/10\/index32.jpg\",\"contentUrl\":\"https:\/\/sandzakpress.net\/arhiva\/wp-content\/uploads\/2011\/10\/index32.jpg\",\"width\":225,\"height\":225},{\"@type\":\"BreadcrumbList\",\"@id\":\"https:\/\/sandzakpress.net\/arhiva\/menadzer-godine-u-agrobiznisu\/#breadcrumb\",\"itemListElement\":[{\"@type\":\"ListItem\",\"position\":1,\"name\":\"Home\",\"item\":\"https:\/\/sandzakpress.net\/arhiva\/\"},{\"@type\":\"ListItem\",\"position\":2,\"name\":\"Menad\u017eer godine u agrobiznisu\"}]},{\"@type\":\"WebSite\",\"@id\":\"https:\/\/sandzakpress.net\/arhiva\/#website\",\"url\":\"https:\/\/sandzakpress.net\/arhiva\/\",\"name\":\"Sand\u017eak PRESS\",\"description\":\"Prve elektronske novine u Sand\u017eaku\",\"publisher\":{\"@id\":\"https:\/\/sandzakpress.net\/arhiva\/#\/schema\/person\/6e72b67d6e51910a1117b3b483ba20bd\"},\"potentialAction\":[{\"@type\":\"SearchAction\",\"target\":{\"@type\":\"EntryPoint\",\"urlTemplate\":\"https:\/\/sandzakpress.net\/arhiva\/?s={search_term_string}\"},\"query-input\":{\"@type\":\"PropertyValueSpecification\",\"valueRequired\":true,\"valueName\":\"search_term_string\"}}],\"inLanguage\":\"bs-BA\"},{\"@type\":[\"Person\",\"Organization\"],\"@id\":\"https:\/\/sandzakpress.net\/arhiva\/#\/schema\/person\/6e72b67d6e51910a1117b3b483ba20bd\",\"name\":\"Kul\",\"image\":{\"@type\":\"ImageObject\",\"inLanguage\":\"bs-BA\",\"@id\":\"https:\/\/sandzakpress.net\/arhiva\/#\/schema\/person\/image\/\",\"url\":\"https:\/\/secure.gravatar.com\/avatar\/42263f39aa27ac04c43cab85c280eb2e?s=96&d=mm&r=pg\",\"contentUrl\":\"https:\/\/secure.gravatar.com\/avatar\/42263f39aa27ac04c43cab85c280eb2e?s=96&d=mm&r=pg\",\"caption\":\"Kul\"},\"logo\":{\"@id\":\"https:\/\/sandzakpress.net\/arhiva\/#\/schema\/person\/image\/\"}},{\"@type\":\"Person\",\"@id\":\"\",\"url\":\"https:\/\/sandzakpress.net\/arhiva\/author\/\"}]}<\/script>\n<!-- \/ Yoast SEO Premium plugin. -->","yoast_head_json":{"title":"Menad\u017eer godine u agrobiznisu","robots":{"index":"index","follow":"follow","max-snippet":"max-snippet:-1","max-image-preview":"max-image-preview:large","max-video-preview":"max-video-preview:-1"},"canonical":"https:\/\/sandzakpress.net\/arhiva\/menadzer-godine-u-agrobiznisu\/","og_locale":"bs_BA","og_type":"article","og_title":"Menad\u017eer godine u agrobiznisu","og_description":"Ro\u017eaje &#8211; Na adresu Mesne industrije \u201eGradina compani\u201c stiglo je jo\u0161 jedno vrijedno priznanje. Direktor ove firme D\u017eemal \u0160krijelj progla\u0161en je za menad\u017eera godine u agrobiznisu za 2011. godinu, \u0161to je jo\u0161 jedna potvrda uspje\u0161nog poslovanja. &#8211; Po ve\u0107 ustaljenoj praksi, Zanatska privredna komora Crne gore je i ove godine birala najuspje\u0161nije menad\u017eere u raznim [&hellip;]","og_url":"https:\/\/sandzakpress.net\/arhiva\/menadzer-godine-u-agrobiznisu\/","og_site_name":"Sand\u017eak PRESS","article_published_time":"2011-10-28T15:22:35+00:00","og_image":[{"width":225,"height":225,"url":"https:\/\/sandzakpress.net\/arhiva\/wp-content\/uploads\/2011\/10\/index32.jpg","type":"image\/jpeg"}],"twitter_card":"summary_large_image","twitter_misc":{"Written by":"","Est. reading time":"2 minute"},"schema":{"@context":"https:\/\/schema.org","@graph":[{"@type":"Article","@id":"https:\/\/sandzakpress.net\/arhiva\/menadzer-godine-u-agrobiznisu\/#article","isPartOf":{"@id":"https:\/\/sandzakpress.net\/arhiva\/menadzer-godine-u-agrobiznisu\/"},"author":{"name":"","@id":""},"headline":"Menad\u017eer godine u agrobiznisu","datePublished":"2011-10-28T15:22:35+00:00","mainEntityOfPage":{"@id":"https:\/\/sandzakpress.net\/arhiva\/menadzer-godine-u-agrobiznisu\/"},"wordCount":353,"commentCount":1,"publisher":{"@id":"https:\/\/sandzakpress.net\/arhiva\/#\/schema\/person\/6e72b67d6e51910a1117b3b483ba20bd"},"image":{"@id":"https:\/\/sandzakpress.net\/arhiva\/menadzer-godine-u-agrobiznisu\/#primaryimage"},"thumbnailUrl":"https:\/\/sandzakpress.net\/arhiva\/wp-content\/uploads\/2011\/10\/index32.jpg","articleSection":["Ro\u017eaje","Privreda"],"inLanguage":"bs-BA","potentialAction":[{"@type":"CommentAction","name":"Comment","target":["https:\/\/sandzakpress.net\/arhiva\/menadzer-godine-u-agrobiznisu\/#respond"]}]},{"@type":"WebPage","@id":"https:\/\/sandzakpress.net\/arhiva\/menadzer-godine-u-agrobiznisu\/","url":"https:\/\/sandzakpress.net\/arhiva\/menadzer-godine-u-agrobiznisu\/","name":"Menad\u017eer godine u agrobiznisu","isPartOf":{"@id":"https:\/\/sandzakpress.net\/arhiva\/#website"},"primaryImageOfPage":{"@id":"https:\/\/sandzakpress.net\/arhiva\/menadzer-godine-u-agrobiznisu\/#primaryimage"},"image":{"@id":"https:\/\/sandzakpress.net\/arhiva\/menadzer-godine-u-agrobiznisu\/#primaryimage"},"thumbnailUrl":"https:\/\/sandzakpress.net\/arhiva\/wp-content\/uploads\/2011\/10\/index32.jpg","datePublished":"2011-10-28T15:22:35+00:00","breadcrumb":{"@id":"https:\/\/sandzakpress.net\/arhiva\/menadzer-godine-u-agrobiznisu\/#breadcrumb"},"inLanguage":"bs-BA","potentialAction":[{"@type":"ReadAction","target":["https:\/\/sandzakpress.net\/arhiva\/menadzer-godine-u-agrobiznisu\/"]}]},{"@type":"ImageObject","inLanguage":"bs-BA","@id":"https:\/\/sandzakpress.net\/arhiva\/menadzer-godine-u-agrobiznisu\/#primaryimage","url":"https:\/\/sandzakpress.net\/arhiva\/wp-content\/uploads\/2011\/10\/index32.jpg","contentUrl":"https:\/\/sandzakpress.net\/arhiva\/wp-content\/uploads\/2011\/10\/index32.jpg","width":225,"height":225},{"@type":"BreadcrumbList","@id":"https:\/\/sandzakpress.net\/arhiva\/menadzer-godine-u-agrobiznisu\/#breadcrumb","itemListElement":[{"@type":"ListItem","position":1,"name":"Home","item":"https:\/\/sandzakpress.net\/arhiva\/"},{"@type":"ListItem","position":2,"name":"Menad\u017eer godine u agrobiznisu"}]},{"@type":"WebSite","@id":"https:\/\/sandzakpress.net\/arhiva\/#website","url":"https:\/\/sandzakpress.net\/arhiva\/","name":"Sand\u017eak PRESS","description":"Prve elektronske novine u Sand\u017eaku","publisher":{"@id":"https:\/\/sandzakpress.net\/arhiva\/#\/schema\/person\/6e72b67d6e51910a1117b3b483ba20bd"},"potentialAction":[{"@type":"SearchAction","target":{"@type":"EntryPoint","urlTemplate":"https:\/\/sandzakpress.net\/arhiva\/?s={search_term_string}"},"query-input":{"@type":"PropertyValueSpecification","valueRequired":true,"valueName":"search_term_string"}}],"inLanguage":"bs-BA"},{"@type":["Person","Organization"],"@id":"https:\/\/sandzakpress.net\/arhiva\/#\/schema\/person\/6e72b67d6e51910a1117b3b483ba20bd","name":"Kul","image":{"@type":"ImageObject","inLanguage":"bs-BA","@id":"https:\/\/sandzakpress.net\/arhiva\/#\/schema\/person\/image\/","url":"https:\/\/secure.gravatar.com\/avatar\/42263f39aa27ac04c43cab85c280eb2e?s=96&d=mm&r=pg","contentUrl":"https:\/\/secure.gravatar.com\/avatar\/42263f39aa27ac04c43cab85c280eb2e?s=96&d=mm&r=pg","caption":"Kul"},"logo":{"@id":"https:\/\/sandzakpress.net\/arhiva\/#\/schema\/person\/image\/"}},{"@type":"Person","@id":"","url":"https:\/\/sandzakpress.net\/arhiva\/author\/"}]}},"_links":{"self":[{"href":"https:\/\/sandzakpress.net\/arhiva\/wp-json\/wp\/v2\/posts\/22493"}],"collection":[{"href":"https:\/\/sandzakpress.net\/arhiva\/wp-json\/wp\/v2\/posts"}],"about":[{"href":"https:\/\/sandzakpress.net\/arhiva\/wp-json\/wp\/v2\/types\/post"}],"author":[{"embeddable":true,"href":"https:\/\/sandzakpress.net\/arhiva\/wp-json\/wp\/v2\/users\/13"}],"replies":[{"embeddable":true,"href":"https:\/\/sandzakpress.net\/arhiva\/wp-json\/wp\/v2\/comments?post=22493"}],"version-history":[{"count":0,"href":"https:\/\/sandzakpress.net\/arhiva\/wp-json\/wp\/v2\/posts\/22493\/revisions"}],"wp:featuredmedia":[{"embeddable":true,"href":"https:\/\/sandzakpress.net\/arhiva\/wp-json\/wp\/v2\/media\/22494"}],"wp:attachment":[{"href":"https:\/\/sandzakpress.net\/arhiva\/wp-json\/wp\/v2\/media?parent=22493"}],"wp:term":[{"taxonomy":"category","embeddable":true,"href":"https:\/\/sandzakpress.net\/arhiva\/wp-json\/wp\/v2\/categories?post=22493"},{"taxonomy":"post_tag","embeddable":true,"href":"https:\/\/sandzakpress.net\/arhiva\/wp-json\/wp\/v2\/tags?post=22493"}],"curies":[{"name":"wp","href":"https:\/\/api.w.org\/{rel}","templated":true}]}}