{"id":224927,"date":"2019-06-19T12:32:55","date_gmt":"2019-06-19T10:32:55","guid":{"rendered":"https:\/\/sandzakpress.net\/arhiva\/?p=224927"},"modified":"2019-06-19T12:32:55","modified_gmt":"2019-06-19T10:32:55","slug":"dzudzo-smjenjuje-me-proalbanski-lobi-u-sda-sandzaka","status":"publish","type":"post","link":"https:\/\/sandzakpress.net\/arhiva\/dzudzo-smjenjuje-me-proalbanski-lobi-u-sda-sandzaka\/","title":{"rendered":"D\u017eud\u017eo: Smjenjuje me PROALBANSKI LOBI u SDA Sand\u017eaka"},"content":{"rendered":"<p><img loading=\"lazy\" decoding=\"async\" class=\"alignnone size-full wp-image-224928\" src=\"https:\/\/sandzakpress.net\/arhiva\/wp-content\/uploads\/2019\/06\/esad-dzudzo-7-696x469.jpg\" alt=\"\" width=\"696\" height=\"469\" srcset=\"https:\/\/sandzakpress.net\/arhiva\/wp-content\/uploads\/2019\/06\/esad-dzudzo-7-696x469.jpg 696w, https:\/\/sandzakpress.net\/arhiva\/wp-content\/uploads\/2019\/06\/esad-dzudzo-7-696x469-616x415.jpg 616w\" sizes=\"(max-width: 696px) 100vw, 696px\" \/><\/p>\n<p><strong>Esad D\u017eud\u017eo, predsjednik Bo\u0161nja\u010dkog nacionalnog vije\u0107a \u010dija se smjena tra\u017ei nakon sukoba sa Sulejmanom Ugljaninom oko zahtjeva za \u201cspecijalni status Sand\u017eala\u201d, izjavio je da sve to radi grupa u rukovodstvu Stranke demokratske akcije (SDA) i liste vije\u0107nika \u201cSamoopredeljenje\u201d, koju naziva \u201cproalbanskim lobijem\u201d.<\/strong><\/p>\n<p>Previranja u BNV po\u010dela su pro\u0161le sedmice kada je objavljen zahtjev tog vije\u0107a rukovodstvu Sbije i Crne Gore da se Sand\u017eaku obezbijedi tzv. specijalni status, a D\u017eud\u017eo je obja\u0161njavao da je to ura\u0111eno mimo njegovog znanja i volje, te da taj papir nije potpisao jer nije imao saglasnost liste vije\u0107nika \u201cVakat je\u201d, koja je u partnerskom odosu sa listom \u201cSamoopredeljenje\u201d.<\/p>\n<p>U me\u0111uvremenu, lista \u201cSamoopredeljenje\u201d zatra\u017eila je da D\u017eud\u017eo podnese ostavku, \u0161to je on odbio, ali mu je nakon toga zabranjen ulazak u Vije\u0107e.<img decoding=\"async\" class=\"wp-image-36580 td-animation-stack-type0-2\" src=\"http:\/\/www.sandzacke.rs\/wp-content\/uploads\/2019\/06\/esad-zabrana-ulaska.jpg\" sizes=\"(max-width: 800px) 100vw, 800px\" srcset=\"http:\/\/www.sandzacke.rs\/wp-content\/uploads\/2019\/06\/esad-zabrana-ulaska.jpg 800w, http:\/\/www.sandzacke.rs\/wp-content\/uploads\/2019\/06\/esad-zabrana-ulaska-300x202.jpg 300w, http:\/\/www.sandzacke.rs\/wp-content\/uploads\/2019\/06\/esad-zabrana-ulaska-768x517.jpg 768w, http:\/\/www.sandzacke.rs\/wp-content\/uploads\/2019\/06\/esad-zabrana-ulaska-696x469.jpg 696w, http:\/\/www.sandzacke.rs\/wp-content\/uploads\/2019\/06\/esad-zabrana-ulaska-623x420.jpg 623w\" alt=\"\" \/><\/p>\n<p>List \u201cPolitika\u201d danas pi\u0161e da je D\u017eud\u017eo sada u dilemi \u2013 kako da od ku\u0107e sazove sjednicu BNV do 27. juna, kada se navr\u0161ava \u0161est mjeseci od posljednje sjednice tog tijela.<\/p>\n<p>Time bi se, kako se navodi, izbjeglo predvi\u0111eno uvo\u0111enje privremenih mjera u ovo nacionalno vije\u0107e. Ako sazove sjednicu, D\u017eud\u017eu prijeti smjena, ako je ne sazove \u2013 slijede privremene mjere.<\/p>\n<p>\u201cU svakom slu\u010daju, ja \u0107u biti ozna\u010den kao krivac, kako bi neko imao opravdanja za svoje propu\u0161tene \u0161anse\u201d, rekao je D\u017eud\u017eo za Politiku.<\/p>\n<p>Izvor:\u00a0<strong>Blic \/ Politika<\/strong><\/p>\n","protected":false},"excerpt":{"rendered":"<p>Esad D\u017eud\u017eo, predsjednik Bo\u0161nja\u010dkog nacionalnog vije\u0107a \u010dija se smjena tra\u017ei nakon sukoba sa Sulejmanom Ugljaninom oko zahtjeva za \u201cspecijalni status Sand\u017eala\u201d, izjavio je da sve to radi grupa u rukovodstvu Stranke demokratske akcije (SDA) i liste vije\u0107nika \u201cSamoopredeljenje\u201d, koju naziva \u201cproalbanskim lobijem\u201d. Previranja u BNV po\u010dela su pro\u0161le sedmice kada je objavljen zahtjev tog vije\u0107a [&hellip;]<\/p>\n","protected":false},"author":509,"featured_media":224928,"comment_status":"open","ping_status":"open","sticky":false,"template":"","format":"standard","meta":{"footnotes":""},"categories":[72,1,8957],"tags":[],"class_list":{"0":"post-224927","1":"post","2":"type-post","3":"status-publish","4":"format-standard","5":"has-post-thumbnail","7":"category-novi-pazar","8":"category-politika","9":"category-vijesti-dana"},"yoast_head":"<!-- This site is optimized with the Yoast SEO Premium plugin v23.1 (Yoast SEO v24.9) - https:\/\/yoast.com\/wordpress\/plugins\/seo\/ -->\n<title>D\u017eud\u017eo: Smjenjuje me PROALBANSKI LOBI u SDA Sand\u017eaka<\/title>\n<meta name=\"robots\" content=\"index, follow, max-snippet:-1, max-image-preview:large, max-video-preview:-1\" \/>\n<link rel=\"canonical\" href=\"https:\/\/sandzakpress.net\/arhiva\/dzudzo-smjenjuje-me-proalbanski-lobi-u-sda-sandzaka\/\" \/>\n<meta property=\"og:locale\" content=\"bs_BA\" \/>\n<meta property=\"og:type\" content=\"article\" \/>\n<meta property=\"og:title\" content=\"D\u017eud\u017eo: Smjenjuje me PROALBANSKI LOBI u SDA Sand\u017eaka\" \/>\n<meta property=\"og:description\" content=\"Esad D\u017eud\u017eo, predsjednik Bo\u0161nja\u010dkog nacionalnog vije\u0107a \u010dija se smjena tra\u017ei nakon sukoba sa Sulejmanom Ugljaninom oko zahtjeva za \u201cspecijalni status Sand\u017eala\u201d, izjavio je da sve to radi grupa u rukovodstvu Stranke demokratske akcije (SDA) i liste vije\u0107nika \u201cSamoopredeljenje\u201d, koju naziva \u201cproalbanskim lobijem\u201d. Previranja u BNV po\u010dela su pro\u0161le sedmice kada je objavljen zahtjev tog vije\u0107a [&hellip;]\" \/>\n<meta property=\"og:url\" content=\"https:\/\/sandzakpress.net\/arhiva\/dzudzo-smjenjuje-me-proalbanski-lobi-u-sda-sandzaka\/\" \/>\n<meta property=\"og:site_name\" content=\"Sand\u017eak PRESS\" \/>\n<meta property=\"article:published_time\" content=\"2019-06-19T10:32:55+00:00\" \/>\n<meta property=\"og:image\" content=\"https:\/\/sandzakpress.net\/arhiva\/wp-content\/uploads\/2019\/06\/esad-dzudzo-7-696x469.jpg\" \/>\n\t<meta property=\"og:image:width\" content=\"696\" \/>\n\t<meta property=\"og:image:height\" content=\"469\" \/>\n\t<meta property=\"og:image:type\" content=\"image\/jpeg\" \/>\n<meta name=\"author\" content=\"Agencija\" \/>\n<meta name=\"twitter:card\" content=\"summary_large_image\" \/>\n<meta name=\"twitter:label1\" content=\"Written by\" \/>\n\t<meta name=\"twitter:data1\" content=\"Agencija\" \/>\n\t<meta name=\"twitter:label2\" content=\"Est. reading time\" \/>\n\t<meta name=\"twitter:data2\" content=\"1 minuta\" \/>\n<script type=\"application\/ld+json\" class=\"yoast-schema-graph\">{\"@context\":\"https:\/\/schema.org\",\"@graph\":[{\"@type\":\"Article\",\"@id\":\"https:\/\/sandzakpress.net\/arhiva\/dzudzo-smjenjuje-me-proalbanski-lobi-u-sda-sandzaka\/#article\",\"isPartOf\":{\"@id\":\"https:\/\/sandzakpress.net\/arhiva\/dzudzo-smjenjuje-me-proalbanski-lobi-u-sda-sandzaka\/\"},\"author\":{\"name\":\"Agencija\",\"@id\":\"https:\/\/sandzakpress.net\/arhiva\/#\/schema\/person\/cb59d7e3ab91ab90dd680ad0305a6185\"},\"headline\":\"D\u017eud\u017eo: Smjenjuje me PROALBANSKI LOBI u SDA Sand\u017eaka\",\"datePublished\":\"2019-06-19T10:32:55+00:00\",\"mainEntityOfPage\":{\"@id\":\"https:\/\/sandzakpress.net\/arhiva\/dzudzo-smjenjuje-me-proalbanski-lobi-u-sda-sandzaka\/\"},\"wordCount\":256,\"commentCount\":4,\"publisher\":{\"@id\":\"https:\/\/sandzakpress.net\/arhiva\/#\/schema\/person\/6e72b67d6e51910a1117b3b483ba20bd\"},\"image\":{\"@id\":\"https:\/\/sandzakpress.net\/arhiva\/dzudzo-smjenjuje-me-proalbanski-lobi-u-sda-sandzaka\/#primaryimage\"},\"thumbnailUrl\":\"https:\/\/sandzakpress.net\/arhiva\/wp-content\/uploads\/2019\/06\/esad-dzudzo-7-696x469.jpg\",\"articleSection\":[\"Novi Pazar\",\"Politika\",\"VIJESTI DANA\"],\"inLanguage\":\"bs-BA\",\"potentialAction\":[{\"@type\":\"CommentAction\",\"name\":\"Comment\",\"target\":[\"https:\/\/sandzakpress.net\/arhiva\/dzudzo-smjenjuje-me-proalbanski-lobi-u-sda-sandzaka\/#respond\"]}]},{\"@type\":\"WebPage\",\"@id\":\"https:\/\/sandzakpress.net\/arhiva\/dzudzo-smjenjuje-me-proalbanski-lobi-u-sda-sandzaka\/\",\"url\":\"https:\/\/sandzakpress.net\/arhiva\/dzudzo-smjenjuje-me-proalbanski-lobi-u-sda-sandzaka\/\",\"name\":\"D\u017eud\u017eo: Smjenjuje me PROALBANSKI LOBI u SDA Sand\u017eaka\",\"isPartOf\":{\"@id\":\"https:\/\/sandzakpress.net\/arhiva\/#website\"},\"primaryImageOfPage\":{\"@id\":\"https:\/\/sandzakpress.net\/arhiva\/dzudzo-smjenjuje-me-proalbanski-lobi-u-sda-sandzaka\/#primaryimage\"},\"image\":{\"@id\":\"https:\/\/sandzakpress.net\/arhiva\/dzudzo-smjenjuje-me-proalbanski-lobi-u-sda-sandzaka\/#primaryimage\"},\"thumbnailUrl\":\"https:\/\/sandzakpress.net\/arhiva\/wp-content\/uploads\/2019\/06\/esad-dzudzo-7-696x469.jpg\",\"datePublished\":\"2019-06-19T10:32:55+00:00\",\"breadcrumb\":{\"@id\":\"https:\/\/sandzakpress.net\/arhiva\/dzudzo-smjenjuje-me-proalbanski-lobi-u-sda-sandzaka\/#breadcrumb\"},\"inLanguage\":\"bs-BA\",\"potentialAction\":[{\"@type\":\"ReadAction\",\"target\":[\"https:\/\/sandzakpress.net\/arhiva\/dzudzo-smjenjuje-me-proalbanski-lobi-u-sda-sandzaka\/\"]}]},{\"@type\":\"ImageObject\",\"inLanguage\":\"bs-BA\",\"@id\":\"https:\/\/sandzakpress.net\/arhiva\/dzudzo-smjenjuje-me-proalbanski-lobi-u-sda-sandzaka\/#primaryimage\",\"url\":\"https:\/\/sandzakpress.net\/arhiva\/wp-content\/uploads\/2019\/06\/esad-dzudzo-7-696x469.jpg\",\"contentUrl\":\"https:\/\/sandzakpress.net\/arhiva\/wp-content\/uploads\/2019\/06\/esad-dzudzo-7-696x469.jpg\",\"width\":696,\"height\":469},{\"@type\":\"BreadcrumbList\",\"@id\":\"https:\/\/sandzakpress.net\/arhiva\/dzudzo-smjenjuje-me-proalbanski-lobi-u-sda-sandzaka\/#breadcrumb\",\"itemListElement\":[{\"@type\":\"ListItem\",\"position\":1,\"name\":\"Home\",\"item\":\"https:\/\/sandzakpress.net\/arhiva\/\"},{\"@type\":\"ListItem\",\"position\":2,\"name\":\"D\u017eud\u017eo: Smjenjuje me PROALBANSKI LOBI u SDA Sand\u017eaka\"}]},{\"@type\":\"WebSite\",\"@id\":\"https:\/\/sandzakpress.net\/arhiva\/#website\",\"url\":\"https:\/\/sandzakpress.net\/arhiva\/\",\"name\":\"Sand\u017eak PRESS\",\"description\":\"Prve elektronske novine u Sand\u017eaku\",\"publisher\":{\"@id\":\"https:\/\/sandzakpress.net\/arhiva\/#\/schema\/person\/6e72b67d6e51910a1117b3b483ba20bd\"},\"potentialAction\":[{\"@type\":\"SearchAction\",\"target\":{\"@type\":\"EntryPoint\",\"urlTemplate\":\"https:\/\/sandzakpress.net\/arhiva\/?s={search_term_string}\"},\"query-input\":{\"@type\":\"PropertyValueSpecification\",\"valueRequired\":true,\"valueName\":\"search_term_string\"}}],\"inLanguage\":\"bs-BA\"},{\"@type\":[\"Person\",\"Organization\"],\"@id\":\"https:\/\/sandzakpress.net\/arhiva\/#\/schema\/person\/6e72b67d6e51910a1117b3b483ba20bd\",\"name\":\"Kul\",\"image\":{\"@type\":\"ImageObject\",\"inLanguage\":\"bs-BA\",\"@id\":\"https:\/\/sandzakpress.net\/arhiva\/#\/schema\/person\/image\/\",\"url\":\"https:\/\/secure.gravatar.com\/avatar\/42263f39aa27ac04c43cab85c280eb2e?s=96&d=mm&r=pg\",\"contentUrl\":\"https:\/\/secure.gravatar.com\/avatar\/42263f39aa27ac04c43cab85c280eb2e?s=96&d=mm&r=pg\",\"caption\":\"Kul\"},\"logo\":{\"@id\":\"https:\/\/sandzakpress.net\/arhiva\/#\/schema\/person\/image\/\"}},{\"@type\":\"Person\",\"@id\":\"https:\/\/sandzakpress.net\/arhiva\/#\/schema\/person\/cb59d7e3ab91ab90dd680ad0305a6185\",\"name\":\"Agencija\",\"image\":{\"@type\":\"ImageObject\",\"inLanguage\":\"bs-BA\",\"@id\":\"https:\/\/sandzakpress.net\/arhiva\/#\/schema\/person\/image\/\",\"url\":\"https:\/\/secure.gravatar.com\/avatar\/4b7fafa80a22f0c2afe23966b3961fe0?s=96&d=mm&r=pg\",\"contentUrl\":\"https:\/\/secure.gravatar.com\/avatar\/4b7fafa80a22f0c2afe23966b3961fe0?s=96&d=mm&r=pg\",\"caption\":\"Agencija\"},\"url\":\"https:\/\/sandzakpress.net\/arhiva\/author\/agencija\/\"}]}<\/script>\n<!-- \/ Yoast SEO Premium plugin. -->","yoast_head_json":{"title":"D\u017eud\u017eo: Smjenjuje me PROALBANSKI LOBI u SDA Sand\u017eaka","robots":{"index":"index","follow":"follow","max-snippet":"max-snippet:-1","max-image-preview":"max-image-preview:large","max-video-preview":"max-video-preview:-1"},"canonical":"https:\/\/sandzakpress.net\/arhiva\/dzudzo-smjenjuje-me-proalbanski-lobi-u-sda-sandzaka\/","og_locale":"bs_BA","og_type":"article","og_title":"D\u017eud\u017eo: Smjenjuje me PROALBANSKI LOBI u SDA Sand\u017eaka","og_description":"Esad D\u017eud\u017eo, predsjednik Bo\u0161nja\u010dkog nacionalnog vije\u0107a \u010dija se smjena tra\u017ei nakon sukoba sa Sulejmanom Ugljaninom oko zahtjeva za \u201cspecijalni status Sand\u017eala\u201d, izjavio je da sve to radi grupa u rukovodstvu Stranke demokratske akcije (SDA) i liste vije\u0107nika \u201cSamoopredeljenje\u201d, koju naziva \u201cproalbanskim lobijem\u201d. Previranja u BNV po\u010dela su pro\u0161le sedmice kada je objavljen zahtjev tog vije\u0107a [&hellip;]","og_url":"https:\/\/sandzakpress.net\/arhiva\/dzudzo-smjenjuje-me-proalbanski-lobi-u-sda-sandzaka\/","og_site_name":"Sand\u017eak PRESS","article_published_time":"2019-06-19T10:32:55+00:00","og_image":[{"width":696,"height":469,"url":"https:\/\/sandzakpress.net\/arhiva\/wp-content\/uploads\/2019\/06\/esad-dzudzo-7-696x469.jpg","type":"image\/jpeg"}],"author":"Agencija","twitter_card":"summary_large_image","twitter_misc":{"Written by":"Agencija","Est. reading time":"1 minuta"},"schema":{"@context":"https:\/\/schema.org","@graph":[{"@type":"Article","@id":"https:\/\/sandzakpress.net\/arhiva\/dzudzo-smjenjuje-me-proalbanski-lobi-u-sda-sandzaka\/#article","isPartOf":{"@id":"https:\/\/sandzakpress.net\/arhiva\/dzudzo-smjenjuje-me-proalbanski-lobi-u-sda-sandzaka\/"},"author":{"name":"Agencija","@id":"https:\/\/sandzakpress.net\/arhiva\/#\/schema\/person\/cb59d7e3ab91ab90dd680ad0305a6185"},"headline":"D\u017eud\u017eo: Smjenjuje me PROALBANSKI LOBI u SDA Sand\u017eaka","datePublished":"2019-06-19T10:32:55+00:00","mainEntityOfPage":{"@id":"https:\/\/sandzakpress.net\/arhiva\/dzudzo-smjenjuje-me-proalbanski-lobi-u-sda-sandzaka\/"},"wordCount":256,"commentCount":4,"publisher":{"@id":"https:\/\/sandzakpress.net\/arhiva\/#\/schema\/person\/6e72b67d6e51910a1117b3b483ba20bd"},"image":{"@id":"https:\/\/sandzakpress.net\/arhiva\/dzudzo-smjenjuje-me-proalbanski-lobi-u-sda-sandzaka\/#primaryimage"},"thumbnailUrl":"https:\/\/sandzakpress.net\/arhiva\/wp-content\/uploads\/2019\/06\/esad-dzudzo-7-696x469.jpg","articleSection":["Novi Pazar","Politika","VIJESTI DANA"],"inLanguage":"bs-BA","potentialAction":[{"@type":"CommentAction","name":"Comment","target":["https:\/\/sandzakpress.net\/arhiva\/dzudzo-smjenjuje-me-proalbanski-lobi-u-sda-sandzaka\/#respond"]}]},{"@type":"WebPage","@id":"https:\/\/sandzakpress.net\/arhiva\/dzudzo-smjenjuje-me-proalbanski-lobi-u-sda-sandzaka\/","url":"https:\/\/sandzakpress.net\/arhiva\/dzudzo-smjenjuje-me-proalbanski-lobi-u-sda-sandzaka\/","name":"D\u017eud\u017eo: Smjenjuje me PROALBANSKI LOBI u SDA Sand\u017eaka","isPartOf":{"@id":"https:\/\/sandzakpress.net\/arhiva\/#website"},"primaryImageOfPage":{"@id":"https:\/\/sandzakpress.net\/arhiva\/dzudzo-smjenjuje-me-proalbanski-lobi-u-sda-sandzaka\/#primaryimage"},"image":{"@id":"https:\/\/sandzakpress.net\/arhiva\/dzudzo-smjenjuje-me-proalbanski-lobi-u-sda-sandzaka\/#primaryimage"},"thumbnailUrl":"https:\/\/sandzakpress.net\/arhiva\/wp-content\/uploads\/2019\/06\/esad-dzudzo-7-696x469.jpg","datePublished":"2019-06-19T10:32:55+00:00","breadcrumb":{"@id":"https:\/\/sandzakpress.net\/arhiva\/dzudzo-smjenjuje-me-proalbanski-lobi-u-sda-sandzaka\/#breadcrumb"},"inLanguage":"bs-BA","potentialAction":[{"@type":"ReadAction","target":["https:\/\/sandzakpress.net\/arhiva\/dzudzo-smjenjuje-me-proalbanski-lobi-u-sda-sandzaka\/"]}]},{"@type":"ImageObject","inLanguage":"bs-BA","@id":"https:\/\/sandzakpress.net\/arhiva\/dzudzo-smjenjuje-me-proalbanski-lobi-u-sda-sandzaka\/#primaryimage","url":"https:\/\/sandzakpress.net\/arhiva\/wp-content\/uploads\/2019\/06\/esad-dzudzo-7-696x469.jpg","contentUrl":"https:\/\/sandzakpress.net\/arhiva\/wp-content\/uploads\/2019\/06\/esad-dzudzo-7-696x469.jpg","width":696,"height":469},{"@type":"BreadcrumbList","@id":"https:\/\/sandzakpress.net\/arhiva\/dzudzo-smjenjuje-me-proalbanski-lobi-u-sda-sandzaka\/#breadcrumb","itemListElement":[{"@type":"ListItem","position":1,"name":"Home","item":"https:\/\/sandzakpress.net\/arhiva\/"},{"@type":"ListItem","position":2,"name":"D\u017eud\u017eo: Smjenjuje me PROALBANSKI LOBI u SDA Sand\u017eaka"}]},{"@type":"WebSite","@id":"https:\/\/sandzakpress.net\/arhiva\/#website","url":"https:\/\/sandzakpress.net\/arhiva\/","name":"Sand\u017eak PRESS","description":"Prve elektronske novine u Sand\u017eaku","publisher":{"@id":"https:\/\/sandzakpress.net\/arhiva\/#\/schema\/person\/6e72b67d6e51910a1117b3b483ba20bd"},"potentialAction":[{"@type":"SearchAction","target":{"@type":"EntryPoint","urlTemplate":"https:\/\/sandzakpress.net\/arhiva\/?s={search_term_string}"},"query-input":{"@type":"PropertyValueSpecification","valueRequired":true,"valueName":"search_term_string"}}],"inLanguage":"bs-BA"},{"@type":["Person","Organization"],"@id":"https:\/\/sandzakpress.net\/arhiva\/#\/schema\/person\/6e72b67d6e51910a1117b3b483ba20bd","name":"Kul","image":{"@type":"ImageObject","inLanguage":"bs-BA","@id":"https:\/\/sandzakpress.net\/arhiva\/#\/schema\/person\/image\/","url":"https:\/\/secure.gravatar.com\/avatar\/42263f39aa27ac04c43cab85c280eb2e?s=96&d=mm&r=pg","contentUrl":"https:\/\/secure.gravatar.com\/avatar\/42263f39aa27ac04c43cab85c280eb2e?s=96&d=mm&r=pg","caption":"Kul"},"logo":{"@id":"https:\/\/sandzakpress.net\/arhiva\/#\/schema\/person\/image\/"}},{"@type":"Person","@id":"https:\/\/sandzakpress.net\/arhiva\/#\/schema\/person\/cb59d7e3ab91ab90dd680ad0305a6185","name":"Agencija","image":{"@type":"ImageObject","inLanguage":"bs-BA","@id":"https:\/\/sandzakpress.net\/arhiva\/#\/schema\/person\/image\/","url":"https:\/\/secure.gravatar.com\/avatar\/4b7fafa80a22f0c2afe23966b3961fe0?s=96&d=mm&r=pg","contentUrl":"https:\/\/secure.gravatar.com\/avatar\/4b7fafa80a22f0c2afe23966b3961fe0?s=96&d=mm&r=pg","caption":"Agencija"},"url":"https:\/\/sandzakpress.net\/arhiva\/author\/agencija\/"}]}},"_links":{"self":[{"href":"https:\/\/sandzakpress.net\/arhiva\/wp-json\/wp\/v2\/posts\/224927"}],"collection":[{"href":"https:\/\/sandzakpress.net\/arhiva\/wp-json\/wp\/v2\/posts"}],"about":[{"href":"https:\/\/sandzakpress.net\/arhiva\/wp-json\/wp\/v2\/types\/post"}],"author":[{"embeddable":true,"href":"https:\/\/sandzakpress.net\/arhiva\/wp-json\/wp\/v2\/users\/509"}],"replies":[{"embeddable":true,"href":"https:\/\/sandzakpress.net\/arhiva\/wp-json\/wp\/v2\/comments?post=224927"}],"version-history":[{"count":0,"href":"https:\/\/sandzakpress.net\/arhiva\/wp-json\/wp\/v2\/posts\/224927\/revisions"}],"wp:featuredmedia":[{"embeddable":true,"href":"https:\/\/sandzakpress.net\/arhiva\/wp-json\/wp\/v2\/media\/224928"}],"wp:attachment":[{"href":"https:\/\/sandzakpress.net\/arhiva\/wp-json\/wp\/v2\/media?parent=224927"}],"wp:term":[{"taxonomy":"category","embeddable":true,"href":"https:\/\/sandzakpress.net\/arhiva\/wp-json\/wp\/v2\/categories?post=224927"},{"taxonomy":"post_tag","embeddable":true,"href":"https:\/\/sandzakpress.net\/arhiva\/wp-json\/wp\/v2\/tags?post=224927"}],"curies":[{"name":"wp","href":"https:\/\/api.w.org\/{rel}","templated":true}]}}