{"id":224918,"date":"2019-06-18T22:24:29","date_gmt":"2019-06-18T20:24:29","guid":{"rendered":"https:\/\/sandzakpress.net\/arhiva\/erdogan-osudjujemo-sutnju-zapada-na-svrgavanje-vojnim-udarom-mucenje-i-ubijanje-morsija"},"modified":"2019-06-18T22:24:29","modified_gmt":"2019-06-18T20:24:29","slug":"erdogan-osudjujemo-sutnju-zapada-na-svrgavanje-vojnim-udarom-mucenje-i-ubijanje-morsija","status":"publish","type":"post","link":"https:\/\/sandzakpress.net\/arhiva\/erdogan-osudjujemo-sutnju-zapada-na-svrgavanje-vojnim-udarom-mucenje-i-ubijanje-morsija\/","title":{"rendered":"Erdogan: Osu\u0111ujemo \u0161utnju Zapada na svrgavanje vojnim udarom, mu\u010denje i ubijanje Morsija"},"content":{"rendered":"<p><span class=\"cb-itemprop\"><\/p>\n<p><img decoding=\"async\" src=\"https:\/\/i1.wp.com\/akos.ba\/wp-content\/uploads\/2018\/06\/20180624_2_31120847_35051890_Web.jpg?fit=1200%2C897&amp;ssl=1\" \/><\/p>\n<p><strong>Osu\u0111ujemo \u0161utnju Zapada i svih koji su nijemo posmatrali Mursijevo svrgavanje vojnim udarom, mu\u010denje u \u0107eliji i njegovo ubistvo, poru\u010dio je danas u Istanbulu predsjednik Republike Turske Recep Tayyip Erdogan, javlja Anadolu Agency (AA).<\/strong><\/p>\n<p>Erdogan se obratio okupljenim gra\u0111anima u istanbulskoj \u010detvrti Sultangazi, na ceremoniji otvorenja novosagra\u0111ene bolnice u tom dijelu grada.<\/p>\n<p>Osvrnuv\u0161i se kratko na ju\u010dera\u0161nje vijesti o smrti prvog demokratski izabranog predsjednika Egipta Mohammeda Morsija, Erdogan je jo\u0161 jednom uputio rije\u010di sau\u010de\u0161\u0107a.<\/p>\n<p>\u201cNa\u017ealost, na isti dan kada je uhap\u0161en, \u0161est godina kasnije u sudnici je krenuo putem \u0161ehida. \u017delim iskazati svoje poruke sau\u010de\u0161\u0107a egipatskom narodu i cijelom muslimanskom svijetu\u201d, rekao je Erdogan, te dodao:<\/p>\n<p>\u201cOsu\u0111ujemo \u0161utnju Zapada i svih koji su nijemo posmatrali svrgavanje vojnim udarom, mu\u010denje u \u0107eliji i ubistvo Mohammeda Morsija, koji je demokratskim izborima do\u0161ao na vlast.\u201d<\/p>\n<p>Erdogan je govorio o ponavljanju izbora za gradona\u010delnika Istanbula, koji \u0107e biti odr\u017eani u nedjelju, 23. juna, a tom prilikom je iznio o\u0161tre kritike na ra\u010dun kandidata Republikanske narodne partije (CHP) Ekrema Imamoglua, te kazao kako \u201cna\u0161 Istanbul ne\u0107emo prepustiti la\u017eovima.\u201d<\/p>\n<p>(akos.ba)<\/p>\n<p><\/span><br \/>\nPogledajte vijest na izvornom sajtu:<\/p>\n<p><a href=\"https:\/\/islampress.net\/45812\/erdogan-osudjujemo-sutnju-zapada-na-svrgavanje-vojnim-udarom-mucenje-i-ubijanje-morsija\/\" target=\"_blank\">Erdogan: Osu\u0111ujemo \u0161utnju Zapada na svrgavanje vojnim udarom, mu\u010denje i ubijanje Morsija<\/a><\/p>\n","protected":false},"excerpt":{"rendered":"<p>Osu\u0111ujemo \u0161utnju Zapada i svih koji su nijemo posmatrali Mursijevo svrgavanje vojnim udarom, mu\u010denje u \u0107eliji i njegovo ubistvo, poru\u010dio je danas u Istanbulu predsjednik Republike Turske Recep Tayyip Erdogan, javlja Anadolu Agency (AA). Erdogan se obratio okupljenim gra\u0111anima u istanbulskoj \u010detvrti Sultangazi, na ceremoniji otvorenja novosagra\u0111ene bolnice u tom dijelu grada. Osvrnuv\u0161i se kratko [&hellip;]<\/p>\n","protected":false},"author":83,"featured_media":0,"comment_status":"open","ping_status":"open","sticky":false,"template":"","format":"standard","meta":{"footnotes":""},"categories":[9],"tags":[10499],"class_list":{"0":"post-224918","1":"post","2":"type-post","3":"status-publish","4":"format-standard","6":"category-svijet","7":"tag-a"},"yoast_head":"<!-- This site is optimized with the Yoast SEO Premium plugin v23.1 (Yoast SEO v24.9) - https:\/\/yoast.com\/wordpress\/plugins\/seo\/ -->\n<title>Erdogan: Osu\u0111ujemo \u0161utnju Zapada na svrgavanje vojnim udarom, mu\u010denje i ubijanje Morsija<\/title>\n<meta name=\"robots\" content=\"index, follow, max-snippet:-1, max-image-preview:large, max-video-preview:-1\" \/>\n<link rel=\"canonical\" href=\"https:\/\/sandzakpress.net\/arhiva\/erdogan-osudjujemo-sutnju-zapada-na-svrgavanje-vojnim-udarom-mucenje-i-ubijanje-morsija\/\" \/>\n<meta property=\"og:locale\" content=\"bs_BA\" \/>\n<meta property=\"og:type\" content=\"article\" \/>\n<meta property=\"og:title\" content=\"Erdogan: Osu\u0111ujemo \u0161utnju Zapada na svrgavanje vojnim udarom, mu\u010denje i ubijanje Morsija\" \/>\n<meta property=\"og:description\" content=\"Osu\u0111ujemo \u0161utnju Zapada i svih koji su nijemo posmatrali Mursijevo svrgavanje vojnim udarom, mu\u010denje u \u0107eliji i njegovo ubistvo, poru\u010dio je danas u Istanbulu predsjednik Republike Turske Recep Tayyip Erdogan, javlja Anadolu Agency (AA). Erdogan se obratio okupljenim gra\u0111anima u istanbulskoj \u010detvrti Sultangazi, na ceremoniji otvorenja novosagra\u0111ene bolnice u tom dijelu grada. Osvrnuv\u0161i se kratko [&hellip;]\" \/>\n<meta property=\"og:url\" content=\"https:\/\/sandzakpress.net\/arhiva\/erdogan-osudjujemo-sutnju-zapada-na-svrgavanje-vojnim-udarom-mucenje-i-ubijanje-morsija\/\" \/>\n<meta property=\"og:site_name\" content=\"Sand\u017eak PRESS\" \/>\n<meta property=\"article:published_time\" content=\"2019-06-18T20:24:29+00:00\" \/>\n<meta property=\"og:image\" content=\"https:\/\/i1.wp.com\/akos.ba\/wp-content\/uploads\/2018\/06\/20180624_2_31120847_35051890_Web.jpg?fit=1200%2C897&amp;ssl=1\" \/>\n<meta name=\"author\" content=\"bosniak\" \/>\n<meta name=\"twitter:card\" content=\"summary_large_image\" \/>\n<meta name=\"twitter:label1\" content=\"Written by\" \/>\n\t<meta name=\"twitter:data1\" content=\"bosniak\" \/>\n\t<meta name=\"twitter:label2\" content=\"Est. reading time\" \/>\n\t<meta name=\"twitter:data2\" content=\"1 minuta\" \/>\n<script type=\"application\/ld+json\" class=\"yoast-schema-graph\">{\"@context\":\"https:\/\/schema.org\",\"@graph\":[{\"@type\":\"Article\",\"@id\":\"https:\/\/sandzakpress.net\/arhiva\/erdogan-osudjujemo-sutnju-zapada-na-svrgavanje-vojnim-udarom-mucenje-i-ubijanje-morsija\/#article\",\"isPartOf\":{\"@id\":\"https:\/\/sandzakpress.net\/arhiva\/erdogan-osudjujemo-sutnju-zapada-na-svrgavanje-vojnim-udarom-mucenje-i-ubijanje-morsija\/\"},\"author\":{\"name\":\"bosniak\",\"@id\":\"https:\/\/sandzakpress.net\/arhiva\/#\/schema\/person\/c8baee722073534b583ea7bdb2e36c02\"},\"headline\":\"Erdogan: Osu\u0111ujemo \u0161utnju Zapada na svrgavanje vojnim udarom, mu\u010denje i ubijanje Morsija\",\"datePublished\":\"2019-06-18T20:24:29+00:00\",\"mainEntityOfPage\":{\"@id\":\"https:\/\/sandzakpress.net\/arhiva\/erdogan-osudjujemo-sutnju-zapada-na-svrgavanje-vojnim-udarom-mucenje-i-ubijanje-morsija\/\"},\"wordCount\":231,\"commentCount\":0,\"publisher\":{\"@id\":\"https:\/\/sandzakpress.net\/arhiva\/#\/schema\/person\/6e72b67d6e51910a1117b3b483ba20bd\"},\"image\":{\"@id\":\"https:\/\/sandzakpress.net\/arhiva\/erdogan-osudjujemo-sutnju-zapada-na-svrgavanje-vojnim-udarom-mucenje-i-ubijanje-morsija\/#primaryimage\"},\"thumbnailUrl\":\"https:\/\/i1.wp.com\/akos.ba\/wp-content\/uploads\/2018\/06\/20180624_2_31120847_35051890_Web.jpg?fit=1200%2C897&amp;ssl=1\",\"keywords\":[\"A\"],\"articleSection\":[\"Svijet\"],\"inLanguage\":\"bs-BA\",\"potentialAction\":[{\"@type\":\"CommentAction\",\"name\":\"Comment\",\"target\":[\"https:\/\/sandzakpress.net\/arhiva\/erdogan-osudjujemo-sutnju-zapada-na-svrgavanje-vojnim-udarom-mucenje-i-ubijanje-morsija\/#respond\"]}]},{\"@type\":\"WebPage\",\"@id\":\"https:\/\/sandzakpress.net\/arhiva\/erdogan-osudjujemo-sutnju-zapada-na-svrgavanje-vojnim-udarom-mucenje-i-ubijanje-morsija\/\",\"url\":\"https:\/\/sandzakpress.net\/arhiva\/erdogan-osudjujemo-sutnju-zapada-na-svrgavanje-vojnim-udarom-mucenje-i-ubijanje-morsija\/\",\"name\":\"Erdogan: Osu\u0111ujemo \u0161utnju Zapada na svrgavanje vojnim udarom, mu\u010denje i ubijanje Morsija\",\"isPartOf\":{\"@id\":\"https:\/\/sandzakpress.net\/arhiva\/#website\"},\"primaryImageOfPage\":{\"@id\":\"https:\/\/sandzakpress.net\/arhiva\/erdogan-osudjujemo-sutnju-zapada-na-svrgavanje-vojnim-udarom-mucenje-i-ubijanje-morsija\/#primaryimage\"},\"image\":{\"@id\":\"https:\/\/sandzakpress.net\/arhiva\/erdogan-osudjujemo-sutnju-zapada-na-svrgavanje-vojnim-udarom-mucenje-i-ubijanje-morsija\/#primaryimage\"},\"thumbnailUrl\":\"https:\/\/i1.wp.com\/akos.ba\/wp-content\/uploads\/2018\/06\/20180624_2_31120847_35051890_Web.jpg?fit=1200%2C897&amp;ssl=1\",\"datePublished\":\"2019-06-18T20:24:29+00:00\",\"breadcrumb\":{\"@id\":\"https:\/\/sandzakpress.net\/arhiva\/erdogan-osudjujemo-sutnju-zapada-na-svrgavanje-vojnim-udarom-mucenje-i-ubijanje-morsija\/#breadcrumb\"},\"inLanguage\":\"bs-BA\",\"potentialAction\":[{\"@type\":\"ReadAction\",\"target\":[\"https:\/\/sandzakpress.net\/arhiva\/erdogan-osudjujemo-sutnju-zapada-na-svrgavanje-vojnim-udarom-mucenje-i-ubijanje-morsija\/\"]}]},{\"@type\":\"ImageObject\",\"inLanguage\":\"bs-BA\",\"@id\":\"https:\/\/sandzakpress.net\/arhiva\/erdogan-osudjujemo-sutnju-zapada-na-svrgavanje-vojnim-udarom-mucenje-i-ubijanje-morsija\/#primaryimage\",\"url\":\"https:\/\/i1.wp.com\/akos.ba\/wp-content\/uploads\/2018\/06\/20180624_2_31120847_35051890_Web.jpg?fit=1200%2C897&amp;ssl=1\",\"contentUrl\":\"https:\/\/i1.wp.com\/akos.ba\/wp-content\/uploads\/2018\/06\/20180624_2_31120847_35051890_Web.jpg?fit=1200%2C897&amp;ssl=1\"},{\"@type\":\"BreadcrumbList\",\"@id\":\"https:\/\/sandzakpress.net\/arhiva\/erdogan-osudjujemo-sutnju-zapada-na-svrgavanje-vojnim-udarom-mucenje-i-ubijanje-morsija\/#breadcrumb\",\"itemListElement\":[{\"@type\":\"ListItem\",\"position\":1,\"name\":\"Home\",\"item\":\"https:\/\/sandzakpress.net\/arhiva\/\"},{\"@type\":\"ListItem\",\"position\":2,\"name\":\"Erdogan: Osu\u0111ujemo \u0161utnju Zapada na svrgavanje vojnim udarom, mu\u010denje i ubijanje Morsija\"}]},{\"@type\":\"WebSite\",\"@id\":\"https:\/\/sandzakpress.net\/arhiva\/#website\",\"url\":\"https:\/\/sandzakpress.net\/arhiva\/\",\"name\":\"Sand\u017eak PRESS\",\"description\":\"Prve elektronske novine u Sand\u017eaku\",\"publisher\":{\"@id\":\"https:\/\/sandzakpress.net\/arhiva\/#\/schema\/person\/6e72b67d6e51910a1117b3b483ba20bd\"},\"potentialAction\":[{\"@type\":\"SearchAction\",\"target\":{\"@type\":\"EntryPoint\",\"urlTemplate\":\"https:\/\/sandzakpress.net\/arhiva\/?s={search_term_string}\"},\"query-input\":{\"@type\":\"PropertyValueSpecification\",\"valueRequired\":true,\"valueName\":\"search_term_string\"}}],\"inLanguage\":\"bs-BA\"},{\"@type\":[\"Person\",\"Organization\"],\"@id\":\"https:\/\/sandzakpress.net\/arhiva\/#\/schema\/person\/6e72b67d6e51910a1117b3b483ba20bd\",\"name\":\"Kul\",\"image\":{\"@type\":\"ImageObject\",\"inLanguage\":\"bs-BA\",\"@id\":\"https:\/\/sandzakpress.net\/arhiva\/#\/schema\/person\/image\/\",\"url\":\"https:\/\/secure.gravatar.com\/avatar\/42263f39aa27ac04c43cab85c280eb2e?s=96&d=mm&r=pg\",\"contentUrl\":\"https:\/\/secure.gravatar.com\/avatar\/42263f39aa27ac04c43cab85c280eb2e?s=96&d=mm&r=pg\",\"caption\":\"Kul\"},\"logo\":{\"@id\":\"https:\/\/sandzakpress.net\/arhiva\/#\/schema\/person\/image\/\"}},{\"@type\":\"Person\",\"@id\":\"https:\/\/sandzakpress.net\/arhiva\/#\/schema\/person\/c8baee722073534b583ea7bdb2e36c02\",\"name\":\"bosniak\",\"image\":{\"@type\":\"ImageObject\",\"inLanguage\":\"bs-BA\",\"@id\":\"https:\/\/sandzakpress.net\/arhiva\/#\/schema\/person\/image\/\",\"url\":\"https:\/\/secure.gravatar.com\/avatar\/a04fd330bfe3a36a72a0ad4a6d89fca7?s=96&d=mm&r=pg\",\"contentUrl\":\"https:\/\/secure.gravatar.com\/avatar\/a04fd330bfe3a36a72a0ad4a6d89fca7?s=96&d=mm&r=pg\",\"caption\":\"bosniak\"},\"url\":\"https:\/\/sandzakpress.net\/arhiva\/author\/bosniak\/\"}]}<\/script>\n<!-- \/ Yoast SEO Premium plugin. -->","yoast_head_json":{"title":"Erdogan: Osu\u0111ujemo \u0161utnju Zapada na svrgavanje vojnim udarom, mu\u010denje i ubijanje Morsija","robots":{"index":"index","follow":"follow","max-snippet":"max-snippet:-1","max-image-preview":"max-image-preview:large","max-video-preview":"max-video-preview:-1"},"canonical":"https:\/\/sandzakpress.net\/arhiva\/erdogan-osudjujemo-sutnju-zapada-na-svrgavanje-vojnim-udarom-mucenje-i-ubijanje-morsija\/","og_locale":"bs_BA","og_type":"article","og_title":"Erdogan: Osu\u0111ujemo \u0161utnju Zapada na svrgavanje vojnim udarom, mu\u010denje i ubijanje Morsija","og_description":"Osu\u0111ujemo \u0161utnju Zapada i svih koji su nijemo posmatrali Mursijevo svrgavanje vojnim udarom, mu\u010denje u \u0107eliji i njegovo ubistvo, poru\u010dio je danas u Istanbulu predsjednik Republike Turske Recep Tayyip Erdogan, javlja Anadolu Agency (AA). Erdogan se obratio okupljenim gra\u0111anima u istanbulskoj \u010detvrti Sultangazi, na ceremoniji otvorenja novosagra\u0111ene bolnice u tom dijelu grada. Osvrnuv\u0161i se kratko [&hellip;]","og_url":"https:\/\/sandzakpress.net\/arhiva\/erdogan-osudjujemo-sutnju-zapada-na-svrgavanje-vojnim-udarom-mucenje-i-ubijanje-morsija\/","og_site_name":"Sand\u017eak PRESS","article_published_time":"2019-06-18T20:24:29+00:00","og_image":[{"url":"https:\/\/i1.wp.com\/akos.ba\/wp-content\/uploads\/2018\/06\/20180624_2_31120847_35051890_Web.jpg?fit=1200%2C897&amp;ssl=1","type":"","width":"","height":""}],"author":"bosniak","twitter_card":"summary_large_image","twitter_misc":{"Written by":"bosniak","Est. reading time":"1 minuta"},"schema":{"@context":"https:\/\/schema.org","@graph":[{"@type":"Article","@id":"https:\/\/sandzakpress.net\/arhiva\/erdogan-osudjujemo-sutnju-zapada-na-svrgavanje-vojnim-udarom-mucenje-i-ubijanje-morsija\/#article","isPartOf":{"@id":"https:\/\/sandzakpress.net\/arhiva\/erdogan-osudjujemo-sutnju-zapada-na-svrgavanje-vojnim-udarom-mucenje-i-ubijanje-morsija\/"},"author":{"name":"bosniak","@id":"https:\/\/sandzakpress.net\/arhiva\/#\/schema\/person\/c8baee722073534b583ea7bdb2e36c02"},"headline":"Erdogan: Osu\u0111ujemo \u0161utnju Zapada na svrgavanje vojnim udarom, mu\u010denje i ubijanje Morsija","datePublished":"2019-06-18T20:24:29+00:00","mainEntityOfPage":{"@id":"https:\/\/sandzakpress.net\/arhiva\/erdogan-osudjujemo-sutnju-zapada-na-svrgavanje-vojnim-udarom-mucenje-i-ubijanje-morsija\/"},"wordCount":231,"commentCount":0,"publisher":{"@id":"https:\/\/sandzakpress.net\/arhiva\/#\/schema\/person\/6e72b67d6e51910a1117b3b483ba20bd"},"image":{"@id":"https:\/\/sandzakpress.net\/arhiva\/erdogan-osudjujemo-sutnju-zapada-na-svrgavanje-vojnim-udarom-mucenje-i-ubijanje-morsija\/#primaryimage"},"thumbnailUrl":"https:\/\/i1.wp.com\/akos.ba\/wp-content\/uploads\/2018\/06\/20180624_2_31120847_35051890_Web.jpg?fit=1200%2C897&amp;ssl=1","keywords":["A"],"articleSection":["Svijet"],"inLanguage":"bs-BA","potentialAction":[{"@type":"CommentAction","name":"Comment","target":["https:\/\/sandzakpress.net\/arhiva\/erdogan-osudjujemo-sutnju-zapada-na-svrgavanje-vojnim-udarom-mucenje-i-ubijanje-morsija\/#respond"]}]},{"@type":"WebPage","@id":"https:\/\/sandzakpress.net\/arhiva\/erdogan-osudjujemo-sutnju-zapada-na-svrgavanje-vojnim-udarom-mucenje-i-ubijanje-morsija\/","url":"https:\/\/sandzakpress.net\/arhiva\/erdogan-osudjujemo-sutnju-zapada-na-svrgavanje-vojnim-udarom-mucenje-i-ubijanje-morsija\/","name":"Erdogan: Osu\u0111ujemo \u0161utnju Zapada na svrgavanje vojnim udarom, mu\u010denje i ubijanje Morsija","isPartOf":{"@id":"https:\/\/sandzakpress.net\/arhiva\/#website"},"primaryImageOfPage":{"@id":"https:\/\/sandzakpress.net\/arhiva\/erdogan-osudjujemo-sutnju-zapada-na-svrgavanje-vojnim-udarom-mucenje-i-ubijanje-morsija\/#primaryimage"},"image":{"@id":"https:\/\/sandzakpress.net\/arhiva\/erdogan-osudjujemo-sutnju-zapada-na-svrgavanje-vojnim-udarom-mucenje-i-ubijanje-morsija\/#primaryimage"},"thumbnailUrl":"https:\/\/i1.wp.com\/akos.ba\/wp-content\/uploads\/2018\/06\/20180624_2_31120847_35051890_Web.jpg?fit=1200%2C897&amp;ssl=1","datePublished":"2019-06-18T20:24:29+00:00","breadcrumb":{"@id":"https:\/\/sandzakpress.net\/arhiva\/erdogan-osudjujemo-sutnju-zapada-na-svrgavanje-vojnim-udarom-mucenje-i-ubijanje-morsija\/#breadcrumb"},"inLanguage":"bs-BA","potentialAction":[{"@type":"ReadAction","target":["https:\/\/sandzakpress.net\/arhiva\/erdogan-osudjujemo-sutnju-zapada-na-svrgavanje-vojnim-udarom-mucenje-i-ubijanje-morsija\/"]}]},{"@type":"ImageObject","inLanguage":"bs-BA","@id":"https:\/\/sandzakpress.net\/arhiva\/erdogan-osudjujemo-sutnju-zapada-na-svrgavanje-vojnim-udarom-mucenje-i-ubijanje-morsija\/#primaryimage","url":"https:\/\/i1.wp.com\/akos.ba\/wp-content\/uploads\/2018\/06\/20180624_2_31120847_35051890_Web.jpg?fit=1200%2C897&amp;ssl=1","contentUrl":"https:\/\/i1.wp.com\/akos.ba\/wp-content\/uploads\/2018\/06\/20180624_2_31120847_35051890_Web.jpg?fit=1200%2C897&amp;ssl=1"},{"@type":"BreadcrumbList","@id":"https:\/\/sandzakpress.net\/arhiva\/erdogan-osudjujemo-sutnju-zapada-na-svrgavanje-vojnim-udarom-mucenje-i-ubijanje-morsija\/#breadcrumb","itemListElement":[{"@type":"ListItem","position":1,"name":"Home","item":"https:\/\/sandzakpress.net\/arhiva\/"},{"@type":"ListItem","position":2,"name":"Erdogan: Osu\u0111ujemo \u0161utnju Zapada na svrgavanje vojnim udarom, mu\u010denje i ubijanje Morsija"}]},{"@type":"WebSite","@id":"https:\/\/sandzakpress.net\/arhiva\/#website","url":"https:\/\/sandzakpress.net\/arhiva\/","name":"Sand\u017eak PRESS","description":"Prve elektronske novine u Sand\u017eaku","publisher":{"@id":"https:\/\/sandzakpress.net\/arhiva\/#\/schema\/person\/6e72b67d6e51910a1117b3b483ba20bd"},"potentialAction":[{"@type":"SearchAction","target":{"@type":"EntryPoint","urlTemplate":"https:\/\/sandzakpress.net\/arhiva\/?s={search_term_string}"},"query-input":{"@type":"PropertyValueSpecification","valueRequired":true,"valueName":"search_term_string"}}],"inLanguage":"bs-BA"},{"@type":["Person","Organization"],"@id":"https:\/\/sandzakpress.net\/arhiva\/#\/schema\/person\/6e72b67d6e51910a1117b3b483ba20bd","name":"Kul","image":{"@type":"ImageObject","inLanguage":"bs-BA","@id":"https:\/\/sandzakpress.net\/arhiva\/#\/schema\/person\/image\/","url":"https:\/\/secure.gravatar.com\/avatar\/42263f39aa27ac04c43cab85c280eb2e?s=96&d=mm&r=pg","contentUrl":"https:\/\/secure.gravatar.com\/avatar\/42263f39aa27ac04c43cab85c280eb2e?s=96&d=mm&r=pg","caption":"Kul"},"logo":{"@id":"https:\/\/sandzakpress.net\/arhiva\/#\/schema\/person\/image\/"}},{"@type":"Person","@id":"https:\/\/sandzakpress.net\/arhiva\/#\/schema\/person\/c8baee722073534b583ea7bdb2e36c02","name":"bosniak","image":{"@type":"ImageObject","inLanguage":"bs-BA","@id":"https:\/\/sandzakpress.net\/arhiva\/#\/schema\/person\/image\/","url":"https:\/\/secure.gravatar.com\/avatar\/a04fd330bfe3a36a72a0ad4a6d89fca7?s=96&d=mm&r=pg","contentUrl":"https:\/\/secure.gravatar.com\/avatar\/a04fd330bfe3a36a72a0ad4a6d89fca7?s=96&d=mm&r=pg","caption":"bosniak"},"url":"https:\/\/sandzakpress.net\/arhiva\/author\/bosniak\/"}]}},"_links":{"self":[{"href":"https:\/\/sandzakpress.net\/arhiva\/wp-json\/wp\/v2\/posts\/224918"}],"collection":[{"href":"https:\/\/sandzakpress.net\/arhiva\/wp-json\/wp\/v2\/posts"}],"about":[{"href":"https:\/\/sandzakpress.net\/arhiva\/wp-json\/wp\/v2\/types\/post"}],"author":[{"embeddable":true,"href":"https:\/\/sandzakpress.net\/arhiva\/wp-json\/wp\/v2\/users\/83"}],"replies":[{"embeddable":true,"href":"https:\/\/sandzakpress.net\/arhiva\/wp-json\/wp\/v2\/comments?post=224918"}],"version-history":[{"count":0,"href":"https:\/\/sandzakpress.net\/arhiva\/wp-json\/wp\/v2\/posts\/224918\/revisions"}],"wp:attachment":[{"href":"https:\/\/sandzakpress.net\/arhiva\/wp-json\/wp\/v2\/media?parent=224918"}],"wp:term":[{"taxonomy":"category","embeddable":true,"href":"https:\/\/sandzakpress.net\/arhiva\/wp-json\/wp\/v2\/categories?post=224918"},{"taxonomy":"post_tag","embeddable":true,"href":"https:\/\/sandzakpress.net\/arhiva\/wp-json\/wp\/v2\/tags?post=224918"}],"curies":[{"name":"wp","href":"https:\/\/api.w.org\/{rel}","templated":true}]}}