{"id":224905,"date":"2019-06-18T17:43:29","date_gmt":"2019-06-18T15:43:29","guid":{"rendered":"https:\/\/sandzakpress.net\/arhiva\/?p=224905"},"modified":"2019-06-18T17:43:29","modified_gmt":"2019-06-18T15:43:29","slug":"skoplje-tribina-o-mogucnostima-saradnje-bosnjaka-na-balkanu","status":"publish","type":"post","link":"https:\/\/sandzakpress.net\/arhiva\/skoplje-tribina-o-mogucnostima-saradnje-bosnjaka-na-balkanu\/","title":{"rendered":"Skoplje \/ Tribina o mogu\u0107nostima saradnje Bo\u0161njaka na Balkanu"},"content":{"rendered":"<p><img loading=\"lazy\" decoding=\"async\" class=\"alignnone size-full wp-image-224906\" src=\"https:\/\/sandzakpress.net\/arhiva\/wp-content\/uploads\/2019\/06\/skoplje-bosnjaci-696x469.jpg\" alt=\"\" width=\"696\" height=\"469\" srcset=\"https:\/\/sandzakpress.net\/arhiva\/wp-content\/uploads\/2019\/06\/skoplje-bosnjaci-696x469.jpg 696w, https:\/\/sandzakpress.net\/arhiva\/wp-content\/uploads\/2019\/06\/skoplje-bosnjaci-696x469-616x415.jpg 616w\" sizes=\"(max-width: 696px) 100vw, 696px\" \/><\/p>\n<p><strong>U Skoplju je tokom vikenda u organizaciji Foruma Bo\u0161njaka Sjeverne Makedonije odr\u017eana tribina o mogu\u0107nostima saradnje Bo\u0161njaka u dr\u017eavama regije.<\/strong><\/p>\n<p>Cilj je ostvarivanje njihovih prava u obrazovanju na bosanskom jeziku, upotrebi jezika, jedinstvenim nacionalnim simbolima i praznicima, te politi\u010dkom predstavljanju i zapo\u0161ljavanju, bo\u0161nja\u010dkim kontaktima i saradnji u dijaspori, itd.<\/p>\n<p>Na skupu su u\u010destvovali bo\u0161nja\u010dki predstavnici iz Vlade Kosova, ministar za regionalni razvoj Rasim Demiri te zamjenik ministra dijaspore \u0106erim Bajrami, uz makedonske doma\u0107ine i poznate bo\u0161nja\u010dke aktiviste i intelektualce me\u0111u kojima su bili i dr. Limko Bejzaroski, prof. Red\u017eep \u0160krijelj, prof. D\u017eemal Bektovi\u0107.<\/p>\n<p>Kako poja\u0161njava kosovski doministar dijaspore Bajrami, poseban osvrt na tribini dat je na Bo\u0161njake Kosova i komparaciju tamo\u0161njih ustavnih i zakonskih prava sa aktuelnom institucionalnom i obrazovnom pozicijom Bo\u0161njaka u Sjevernoj Makedoniji, uz potrebu \u0161to skorijeg omasovljenja nastave na bosanskom jeziku za bo\u0161nja\u010dku djecu u Sjevernoj Makedoniji.<\/p>\n<p>Govore\u0107i o aktuelnim pravima i polo\u017eaju bo\u0161nja\u010dke nacionalne zajednice u zemljama regije zaklju\u010deno je da su ovakvi susreti nu\u017enost i da treba poraditi na organizaciji \u0161ireg skupa uz uklju\u010divanje predstavnika Bo\u0161njaka i iz Sand\u017eaka, Crne Gore, Albanije te prisustvo i bo\u0161nja\u010dkih predstavnika iz BiH.<\/p>\n<p><em>Izvor:\u00a0<strong>Avaz.ba<\/strong><\/em><\/p>\n","protected":false},"excerpt":{"rendered":"<p>U Skoplju je tokom vikenda u organizaciji Foruma Bo\u0161njaka Sjeverne Makedonije odr\u017eana tribina o mogu\u0107nostima saradnje Bo\u0161njaka u dr\u017eavama regije. Cilj je ostvarivanje njihovih prava u obrazovanju na bosanskom jeziku, upotrebi jezika, jedinstvenim nacionalnim simbolima i praznicima, te politi\u010dkom predstavljanju i zapo\u0161ljavanju, bo\u0161nja\u010dkim kontaktima i saradnji u dijaspori, itd. Na skupu su u\u010destvovali bo\u0161nja\u010dki predstavnici [&hellip;]<\/p>\n","protected":false},"author":509,"featured_media":224906,"comment_status":"open","ping_status":"open","sticky":false,"template":"","format":"standard","meta":{"footnotes":""},"categories":[2860,800,2690,10307,10308,2691,10306,10305,8957],"tags":[],"class_list":{"0":"post-224905","1":"post","2":"type-post","3":"status-publish","4":"format-standard","5":"has-post-thumbnail","7":"category-bosna-i-hercegovina-gradovi","8":"category-nacija","9":"category-kosovo-gradovi","10":"category-srbija","11":"category-crna-gora","12":"category-makedonija","13":"category-hrvatska","14":"category-slovenija","15":"category-vijesti-dana"},"yoast_head":"<!-- This site is optimized with the Yoast SEO Premium plugin v23.1 (Yoast SEO v24.9) - https:\/\/yoast.com\/wordpress\/plugins\/seo\/ -->\n<title>Skoplje \/ Tribina o mogu\u0107nostima saradnje Bo\u0161njaka na Balkanu<\/title>\n<meta name=\"robots\" content=\"index, follow, max-snippet:-1, max-image-preview:large, max-video-preview:-1\" \/>\n<link rel=\"canonical\" href=\"https:\/\/sandzakpress.net\/arhiva\/skoplje-tribina-o-mogucnostima-saradnje-bosnjaka-na-balkanu\/\" \/>\n<meta property=\"og:locale\" content=\"bs_BA\" \/>\n<meta property=\"og:type\" content=\"article\" \/>\n<meta property=\"og:title\" content=\"Skoplje \/ Tribina o mogu\u0107nostima saradnje Bo\u0161njaka na Balkanu\" \/>\n<meta property=\"og:description\" content=\"U Skoplju je tokom vikenda u organizaciji Foruma Bo\u0161njaka Sjeverne Makedonije odr\u017eana tribina o mogu\u0107nostima saradnje Bo\u0161njaka u dr\u017eavama regije. Cilj je ostvarivanje njihovih prava u obrazovanju na bosanskom jeziku, upotrebi jezika, jedinstvenim nacionalnim simbolima i praznicima, te politi\u010dkom predstavljanju i zapo\u0161ljavanju, bo\u0161nja\u010dkim kontaktima i saradnji u dijaspori, itd. Na skupu su u\u010destvovali bo\u0161nja\u010dki predstavnici [&hellip;]\" \/>\n<meta property=\"og:url\" content=\"https:\/\/sandzakpress.net\/arhiva\/skoplje-tribina-o-mogucnostima-saradnje-bosnjaka-na-balkanu\/\" \/>\n<meta property=\"og:site_name\" content=\"Sand\u017eak PRESS\" \/>\n<meta property=\"article:published_time\" content=\"2019-06-18T15:43:29+00:00\" \/>\n<meta property=\"og:image\" content=\"https:\/\/sandzakpress.net\/arhiva\/wp-content\/uploads\/2019\/06\/skoplje-bosnjaci-696x469.jpg\" \/>\n\t<meta property=\"og:image:width\" content=\"696\" \/>\n\t<meta property=\"og:image:height\" content=\"469\" \/>\n\t<meta property=\"og:image:type\" content=\"image\/jpeg\" \/>\n<meta name=\"author\" content=\"Agencija\" \/>\n<meta name=\"twitter:card\" content=\"summary_large_image\" \/>\n<meta name=\"twitter:label1\" content=\"Written by\" \/>\n\t<meta name=\"twitter:data1\" content=\"Agencija\" \/>\n\t<meta name=\"twitter:label2\" content=\"Est. reading time\" \/>\n\t<meta name=\"twitter:data2\" content=\"1 minuta\" \/>\n<script type=\"application\/ld+json\" class=\"yoast-schema-graph\">{\"@context\":\"https:\/\/schema.org\",\"@graph\":[{\"@type\":\"Article\",\"@id\":\"https:\/\/sandzakpress.net\/arhiva\/skoplje-tribina-o-mogucnostima-saradnje-bosnjaka-na-balkanu\/#article\",\"isPartOf\":{\"@id\":\"https:\/\/sandzakpress.net\/arhiva\/skoplje-tribina-o-mogucnostima-saradnje-bosnjaka-na-balkanu\/\"},\"author\":{\"name\":\"Agencija\",\"@id\":\"https:\/\/sandzakpress.net\/arhiva\/#\/schema\/person\/cb59d7e3ab91ab90dd680ad0305a6185\"},\"headline\":\"Skoplje \/ Tribina o mogu\u0107nostima saradnje Bo\u0161njaka na Balkanu\",\"datePublished\":\"2019-06-18T15:43:29+00:00\",\"mainEntityOfPage\":{\"@id\":\"https:\/\/sandzakpress.net\/arhiva\/skoplje-tribina-o-mogucnostima-saradnje-bosnjaka-na-balkanu\/\"},\"wordCount\":232,\"commentCount\":1,\"publisher\":{\"@id\":\"https:\/\/sandzakpress.net\/arhiva\/#\/schema\/person\/6e72b67d6e51910a1117b3b483ba20bd\"},\"image\":{\"@id\":\"https:\/\/sandzakpress.net\/arhiva\/skoplje-tribina-o-mogucnostima-saradnje-bosnjaka-na-balkanu\/#primaryimage\"},\"thumbnailUrl\":\"https:\/\/sandzakpress.net\/arhiva\/wp-content\/uploads\/2019\/06\/skoplje-bosnjaci-696x469.jpg\",\"articleSection\":[\"Bosna i Hercegovina\",\"Nacija\",\"Kosovo\",\"Srbija\",\"Crna Gora\",\"Makedonija\",\"Hrvatska\",\"Slovenija\",\"VIJESTI DANA\"],\"inLanguage\":\"bs-BA\",\"potentialAction\":[{\"@type\":\"CommentAction\",\"name\":\"Comment\",\"target\":[\"https:\/\/sandzakpress.net\/arhiva\/skoplje-tribina-o-mogucnostima-saradnje-bosnjaka-na-balkanu\/#respond\"]}]},{\"@type\":\"WebPage\",\"@id\":\"https:\/\/sandzakpress.net\/arhiva\/skoplje-tribina-o-mogucnostima-saradnje-bosnjaka-na-balkanu\/\",\"url\":\"https:\/\/sandzakpress.net\/arhiva\/skoplje-tribina-o-mogucnostima-saradnje-bosnjaka-na-balkanu\/\",\"name\":\"Skoplje \/ Tribina o mogu\u0107nostima saradnje Bo\u0161njaka na Balkanu\",\"isPartOf\":{\"@id\":\"https:\/\/sandzakpress.net\/arhiva\/#website\"},\"primaryImageOfPage\":{\"@id\":\"https:\/\/sandzakpress.net\/arhiva\/skoplje-tribina-o-mogucnostima-saradnje-bosnjaka-na-balkanu\/#primaryimage\"},\"image\":{\"@id\":\"https:\/\/sandzakpress.net\/arhiva\/skoplje-tribina-o-mogucnostima-saradnje-bosnjaka-na-balkanu\/#primaryimage\"},\"thumbnailUrl\":\"https:\/\/sandzakpress.net\/arhiva\/wp-content\/uploads\/2019\/06\/skoplje-bosnjaci-696x469.jpg\",\"datePublished\":\"2019-06-18T15:43:29+00:00\",\"breadcrumb\":{\"@id\":\"https:\/\/sandzakpress.net\/arhiva\/skoplje-tribina-o-mogucnostima-saradnje-bosnjaka-na-balkanu\/#breadcrumb\"},\"inLanguage\":\"bs-BA\",\"potentialAction\":[{\"@type\":\"ReadAction\",\"target\":[\"https:\/\/sandzakpress.net\/arhiva\/skoplje-tribina-o-mogucnostima-saradnje-bosnjaka-na-balkanu\/\"]}]},{\"@type\":\"ImageObject\",\"inLanguage\":\"bs-BA\",\"@id\":\"https:\/\/sandzakpress.net\/arhiva\/skoplje-tribina-o-mogucnostima-saradnje-bosnjaka-na-balkanu\/#primaryimage\",\"url\":\"https:\/\/sandzakpress.net\/arhiva\/wp-content\/uploads\/2019\/06\/skoplje-bosnjaci-696x469.jpg\",\"contentUrl\":\"https:\/\/sandzakpress.net\/arhiva\/wp-content\/uploads\/2019\/06\/skoplje-bosnjaci-696x469.jpg\",\"width\":696,\"height\":469},{\"@type\":\"BreadcrumbList\",\"@id\":\"https:\/\/sandzakpress.net\/arhiva\/skoplje-tribina-o-mogucnostima-saradnje-bosnjaka-na-balkanu\/#breadcrumb\",\"itemListElement\":[{\"@type\":\"ListItem\",\"position\":1,\"name\":\"Home\",\"item\":\"https:\/\/sandzakpress.net\/arhiva\/\"},{\"@type\":\"ListItem\",\"position\":2,\"name\":\"Skoplje \/ Tribina o mogu\u0107nostima saradnje Bo\u0161njaka na Balkanu\"}]},{\"@type\":\"WebSite\",\"@id\":\"https:\/\/sandzakpress.net\/arhiva\/#website\",\"url\":\"https:\/\/sandzakpress.net\/arhiva\/\",\"name\":\"Sand\u017eak PRESS\",\"description\":\"Prve elektronske novine u Sand\u017eaku\",\"publisher\":{\"@id\":\"https:\/\/sandzakpress.net\/arhiva\/#\/schema\/person\/6e72b67d6e51910a1117b3b483ba20bd\"},\"potentialAction\":[{\"@type\":\"SearchAction\",\"target\":{\"@type\":\"EntryPoint\",\"urlTemplate\":\"https:\/\/sandzakpress.net\/arhiva\/?s={search_term_string}\"},\"query-input\":{\"@type\":\"PropertyValueSpecification\",\"valueRequired\":true,\"valueName\":\"search_term_string\"}}],\"inLanguage\":\"bs-BA\"},{\"@type\":[\"Person\",\"Organization\"],\"@id\":\"https:\/\/sandzakpress.net\/arhiva\/#\/schema\/person\/6e72b67d6e51910a1117b3b483ba20bd\",\"name\":\"Kul\",\"image\":{\"@type\":\"ImageObject\",\"inLanguage\":\"bs-BA\",\"@id\":\"https:\/\/sandzakpress.net\/arhiva\/#\/schema\/person\/image\/\",\"url\":\"https:\/\/secure.gravatar.com\/avatar\/42263f39aa27ac04c43cab85c280eb2e?s=96&d=mm&r=pg\",\"contentUrl\":\"https:\/\/secure.gravatar.com\/avatar\/42263f39aa27ac04c43cab85c280eb2e?s=96&d=mm&r=pg\",\"caption\":\"Kul\"},\"logo\":{\"@id\":\"https:\/\/sandzakpress.net\/arhiva\/#\/schema\/person\/image\/\"}},{\"@type\":\"Person\",\"@id\":\"https:\/\/sandzakpress.net\/arhiva\/#\/schema\/person\/cb59d7e3ab91ab90dd680ad0305a6185\",\"name\":\"Agencija\",\"image\":{\"@type\":\"ImageObject\",\"inLanguage\":\"bs-BA\",\"@id\":\"https:\/\/sandzakpress.net\/arhiva\/#\/schema\/person\/image\/\",\"url\":\"https:\/\/secure.gravatar.com\/avatar\/4b7fafa80a22f0c2afe23966b3961fe0?s=96&d=mm&r=pg\",\"contentUrl\":\"https:\/\/secure.gravatar.com\/avatar\/4b7fafa80a22f0c2afe23966b3961fe0?s=96&d=mm&r=pg\",\"caption\":\"Agencija\"},\"url\":\"https:\/\/sandzakpress.net\/arhiva\/author\/agencija\/\"}]}<\/script>\n<!-- \/ Yoast SEO Premium plugin. -->","yoast_head_json":{"title":"Skoplje \/ Tribina o mogu\u0107nostima saradnje Bo\u0161njaka na Balkanu","robots":{"index":"index","follow":"follow","max-snippet":"max-snippet:-1","max-image-preview":"max-image-preview:large","max-video-preview":"max-video-preview:-1"},"canonical":"https:\/\/sandzakpress.net\/arhiva\/skoplje-tribina-o-mogucnostima-saradnje-bosnjaka-na-balkanu\/","og_locale":"bs_BA","og_type":"article","og_title":"Skoplje \/ Tribina o mogu\u0107nostima saradnje Bo\u0161njaka na Balkanu","og_description":"U Skoplju je tokom vikenda u organizaciji Foruma Bo\u0161njaka Sjeverne Makedonije odr\u017eana tribina o mogu\u0107nostima saradnje Bo\u0161njaka u dr\u017eavama regije. Cilj je ostvarivanje njihovih prava u obrazovanju na bosanskom jeziku, upotrebi jezika, jedinstvenim nacionalnim simbolima i praznicima, te politi\u010dkom predstavljanju i zapo\u0161ljavanju, bo\u0161nja\u010dkim kontaktima i saradnji u dijaspori, itd. Na skupu su u\u010destvovali bo\u0161nja\u010dki predstavnici [&hellip;]","og_url":"https:\/\/sandzakpress.net\/arhiva\/skoplje-tribina-o-mogucnostima-saradnje-bosnjaka-na-balkanu\/","og_site_name":"Sand\u017eak PRESS","article_published_time":"2019-06-18T15:43:29+00:00","og_image":[{"width":696,"height":469,"url":"https:\/\/sandzakpress.net\/arhiva\/wp-content\/uploads\/2019\/06\/skoplje-bosnjaci-696x469.jpg","type":"image\/jpeg"}],"author":"Agencija","twitter_card":"summary_large_image","twitter_misc":{"Written by":"Agencija","Est. reading time":"1 minuta"},"schema":{"@context":"https:\/\/schema.org","@graph":[{"@type":"Article","@id":"https:\/\/sandzakpress.net\/arhiva\/skoplje-tribina-o-mogucnostima-saradnje-bosnjaka-na-balkanu\/#article","isPartOf":{"@id":"https:\/\/sandzakpress.net\/arhiva\/skoplje-tribina-o-mogucnostima-saradnje-bosnjaka-na-balkanu\/"},"author":{"name":"Agencija","@id":"https:\/\/sandzakpress.net\/arhiva\/#\/schema\/person\/cb59d7e3ab91ab90dd680ad0305a6185"},"headline":"Skoplje \/ Tribina o mogu\u0107nostima saradnje Bo\u0161njaka na Balkanu","datePublished":"2019-06-18T15:43:29+00:00","mainEntityOfPage":{"@id":"https:\/\/sandzakpress.net\/arhiva\/skoplje-tribina-o-mogucnostima-saradnje-bosnjaka-na-balkanu\/"},"wordCount":232,"commentCount":1,"publisher":{"@id":"https:\/\/sandzakpress.net\/arhiva\/#\/schema\/person\/6e72b67d6e51910a1117b3b483ba20bd"},"image":{"@id":"https:\/\/sandzakpress.net\/arhiva\/skoplje-tribina-o-mogucnostima-saradnje-bosnjaka-na-balkanu\/#primaryimage"},"thumbnailUrl":"https:\/\/sandzakpress.net\/arhiva\/wp-content\/uploads\/2019\/06\/skoplje-bosnjaci-696x469.jpg","articleSection":["Bosna i Hercegovina","Nacija","Kosovo","Srbija","Crna Gora","Makedonija","Hrvatska","Slovenija","VIJESTI DANA"],"inLanguage":"bs-BA","potentialAction":[{"@type":"CommentAction","name":"Comment","target":["https:\/\/sandzakpress.net\/arhiva\/skoplje-tribina-o-mogucnostima-saradnje-bosnjaka-na-balkanu\/#respond"]}]},{"@type":"WebPage","@id":"https:\/\/sandzakpress.net\/arhiva\/skoplje-tribina-o-mogucnostima-saradnje-bosnjaka-na-balkanu\/","url":"https:\/\/sandzakpress.net\/arhiva\/skoplje-tribina-o-mogucnostima-saradnje-bosnjaka-na-balkanu\/","name":"Skoplje \/ Tribina o mogu\u0107nostima saradnje Bo\u0161njaka na Balkanu","isPartOf":{"@id":"https:\/\/sandzakpress.net\/arhiva\/#website"},"primaryImageOfPage":{"@id":"https:\/\/sandzakpress.net\/arhiva\/skoplje-tribina-o-mogucnostima-saradnje-bosnjaka-na-balkanu\/#primaryimage"},"image":{"@id":"https:\/\/sandzakpress.net\/arhiva\/skoplje-tribina-o-mogucnostima-saradnje-bosnjaka-na-balkanu\/#primaryimage"},"thumbnailUrl":"https:\/\/sandzakpress.net\/arhiva\/wp-content\/uploads\/2019\/06\/skoplje-bosnjaci-696x469.jpg","datePublished":"2019-06-18T15:43:29+00:00","breadcrumb":{"@id":"https:\/\/sandzakpress.net\/arhiva\/skoplje-tribina-o-mogucnostima-saradnje-bosnjaka-na-balkanu\/#breadcrumb"},"inLanguage":"bs-BA","potentialAction":[{"@type":"ReadAction","target":["https:\/\/sandzakpress.net\/arhiva\/skoplje-tribina-o-mogucnostima-saradnje-bosnjaka-na-balkanu\/"]}]},{"@type":"ImageObject","inLanguage":"bs-BA","@id":"https:\/\/sandzakpress.net\/arhiva\/skoplje-tribina-o-mogucnostima-saradnje-bosnjaka-na-balkanu\/#primaryimage","url":"https:\/\/sandzakpress.net\/arhiva\/wp-content\/uploads\/2019\/06\/skoplje-bosnjaci-696x469.jpg","contentUrl":"https:\/\/sandzakpress.net\/arhiva\/wp-content\/uploads\/2019\/06\/skoplje-bosnjaci-696x469.jpg","width":696,"height":469},{"@type":"BreadcrumbList","@id":"https:\/\/sandzakpress.net\/arhiva\/skoplje-tribina-o-mogucnostima-saradnje-bosnjaka-na-balkanu\/#breadcrumb","itemListElement":[{"@type":"ListItem","position":1,"name":"Home","item":"https:\/\/sandzakpress.net\/arhiva\/"},{"@type":"ListItem","position":2,"name":"Skoplje \/ Tribina o mogu\u0107nostima saradnje Bo\u0161njaka na Balkanu"}]},{"@type":"WebSite","@id":"https:\/\/sandzakpress.net\/arhiva\/#website","url":"https:\/\/sandzakpress.net\/arhiva\/","name":"Sand\u017eak PRESS","description":"Prve elektronske novine u Sand\u017eaku","publisher":{"@id":"https:\/\/sandzakpress.net\/arhiva\/#\/schema\/person\/6e72b67d6e51910a1117b3b483ba20bd"},"potentialAction":[{"@type":"SearchAction","target":{"@type":"EntryPoint","urlTemplate":"https:\/\/sandzakpress.net\/arhiva\/?s={search_term_string}"},"query-input":{"@type":"PropertyValueSpecification","valueRequired":true,"valueName":"search_term_string"}}],"inLanguage":"bs-BA"},{"@type":["Person","Organization"],"@id":"https:\/\/sandzakpress.net\/arhiva\/#\/schema\/person\/6e72b67d6e51910a1117b3b483ba20bd","name":"Kul","image":{"@type":"ImageObject","inLanguage":"bs-BA","@id":"https:\/\/sandzakpress.net\/arhiva\/#\/schema\/person\/image\/","url":"https:\/\/secure.gravatar.com\/avatar\/42263f39aa27ac04c43cab85c280eb2e?s=96&d=mm&r=pg","contentUrl":"https:\/\/secure.gravatar.com\/avatar\/42263f39aa27ac04c43cab85c280eb2e?s=96&d=mm&r=pg","caption":"Kul"},"logo":{"@id":"https:\/\/sandzakpress.net\/arhiva\/#\/schema\/person\/image\/"}},{"@type":"Person","@id":"https:\/\/sandzakpress.net\/arhiva\/#\/schema\/person\/cb59d7e3ab91ab90dd680ad0305a6185","name":"Agencija","image":{"@type":"ImageObject","inLanguage":"bs-BA","@id":"https:\/\/sandzakpress.net\/arhiva\/#\/schema\/person\/image\/","url":"https:\/\/secure.gravatar.com\/avatar\/4b7fafa80a22f0c2afe23966b3961fe0?s=96&d=mm&r=pg","contentUrl":"https:\/\/secure.gravatar.com\/avatar\/4b7fafa80a22f0c2afe23966b3961fe0?s=96&d=mm&r=pg","caption":"Agencija"},"url":"https:\/\/sandzakpress.net\/arhiva\/author\/agencija\/"}]}},"_links":{"self":[{"href":"https:\/\/sandzakpress.net\/arhiva\/wp-json\/wp\/v2\/posts\/224905"}],"collection":[{"href":"https:\/\/sandzakpress.net\/arhiva\/wp-json\/wp\/v2\/posts"}],"about":[{"href":"https:\/\/sandzakpress.net\/arhiva\/wp-json\/wp\/v2\/types\/post"}],"author":[{"embeddable":true,"href":"https:\/\/sandzakpress.net\/arhiva\/wp-json\/wp\/v2\/users\/509"}],"replies":[{"embeddable":true,"href":"https:\/\/sandzakpress.net\/arhiva\/wp-json\/wp\/v2\/comments?post=224905"}],"version-history":[{"count":0,"href":"https:\/\/sandzakpress.net\/arhiva\/wp-json\/wp\/v2\/posts\/224905\/revisions"}],"wp:featuredmedia":[{"embeddable":true,"href":"https:\/\/sandzakpress.net\/arhiva\/wp-json\/wp\/v2\/media\/224906"}],"wp:attachment":[{"href":"https:\/\/sandzakpress.net\/arhiva\/wp-json\/wp\/v2\/media?parent=224905"}],"wp:term":[{"taxonomy":"category","embeddable":true,"href":"https:\/\/sandzakpress.net\/arhiva\/wp-json\/wp\/v2\/categories?post=224905"},{"taxonomy":"post_tag","embeddable":true,"href":"https:\/\/sandzakpress.net\/arhiva\/wp-json\/wp\/v2\/tags?post=224905"}],"curies":[{"name":"wp","href":"https:\/\/api.w.org\/{rel}","templated":true}]}}