{"id":224884,"date":"2019-06-17T20:10:06","date_gmt":"2019-06-17T18:10:06","guid":{"rendered":"https:\/\/sandzakpress.net\/arhiva\/erdogan-neka-je-rahmet-dusi-naseg-brata-morsija-naseg-sehida"},"modified":"2019-06-17T20:10:06","modified_gmt":"2019-06-17T18:10:06","slug":"erdogan-neka-je-rahmet-dusi-naseg-brata-morsija-naseg-sehida","status":"publish","type":"post","link":"https:\/\/sandzakpress.net\/arhiva\/erdogan-neka-je-rahmet-dusi-naseg-brata-morsija-naseg-sehida\/","title":{"rendered":"Erdogan: Neka je rahmet du\u0161i na\u0161eg brata Morsija, na\u0161eg \u0161ehida"},"content":{"rendered":"<p><span class=\"cb-itemprop\"><\/p>\n<p><img loading=\"lazy\" decoding=\"async\" class=\"alignnone size-full wp-image-45783\" src=\"https:\/\/islampress.net\/wp-content\/uploads\/2019\/06\/Screenshot-2019-06-17-at-19.16.57-768x460.jpg\" alt=\"\" width=\"768\" height=\"460\" \/><\/p>\n<p>Predsjednik Turske Recep Tayyip Erdogan je nakon vijesti o smrti Mohameda Morsija (67) izrazio rahmet njegovoj du\u0161i, javlja Anadolu Agency (AA).<\/p>\n<div class=\"td-a-rec td-a-rec-id-content_inlineright  td-rec-hide-on-p td_uid_2_5d07cf5626224_rand td_block_template_1\"><\/div>\n<p>\u201cNeka je rahmet du\u0161i na\u0161eg brata, na\u0161eg \u0161ehida Morsija\u201d, kazao je Erdogan.<\/p>\n<p>Podsjetio je da je Morsi osvojio 52 posto glasova gra\u0111ana Egipta i demokratskim putem izabran na \u010delo zemlje, ali ga je kasnije vojnim udarom svrgnuo Abdel Fattah el-Sisi.<\/p>\n<p>\u201cZapad je uvijek \u0161utio o tim smaknu\u0107ima Sisija. Na\u017ealost, zemlje \u010dlanice Europske unije, koje su zabranile smrtu kasnu, kasnije su, na poziv Sisija, prisustvovali sastanku u Egiptu. To nije samo dvoli\u010dnja\u0161tvo nego vi\u0161eli\u010dnja\u0161tvo\u201d, rekao je Erdogan.<\/p>\n<p>Podsjetio je da je Morsi i na hiljade njegovih saradnika i prijatelja pet godina le\u017eali u egipatskim zatvorima.<\/p>\n<p>\u201cNa\u0161e molitve su uz njega. Neka Bog olak\u0161a njegovoj bra\u0107i koji su uvijek bili uz njega. Izra\u017eavam sau\u010de\u0161\u0107e i egipatskom narodu kao i porodici Morsija\u201d, kazao je turski predsjednik.<\/p>\n<p>Prvi demokratski izabrani egipatski predsjednik Mohamed Morsi umro je danas u sudnici.<\/p>\n<p>Prema navodima egipatske dr\u017eavne televizije, Morsi je izgubio \u017eivot nakon \u0161to je prethodno ostao bez svijesti u sudnici.<\/p>\n<p>Morsiju se na ovom ro\u010di\u0161tu sudilo za \u201c\u0161pijuna\u017eu\u201d.<\/p>\n<p>Morsi se suo\u010davao sa nekoliko optu\u017ebi nakon \u0161to je svrgnut i zatvoren u vojnom udaru 2013. godine.<\/p>\n<p>Bilo je \u0161est krivi\u010dnih prijava protiv biv\u0161eg predsjednika, uklju\u010duju\u0107i bjekstvo iz zatvora, ubistvo, \u0161pijuniranje za Katar, \u0161pijuniranje za Hamas i Hezbolah, vrije\u0111anje pravosu\u0111a i u\u010de\u0161\u0107e u terorizmu.<\/p>\n<p><em>saff.ba<\/em><\/p>\n<p><\/span><br \/>\nPogledajte vijest na izvornom sajtu:<\/p>\n<p><a href=\"https:\/\/islampress.net\/45782\/erdogan-neka-je-rahmet-dusi-naseg-brata-morsija-naseg-sehida\/\" target=\"_blank\">Erdogan: Neka je rahmet du\u0161i na\u0161eg brata Morsija, na\u0161eg \u0161ehida<\/a><\/p>\n","protected":false},"excerpt":{"rendered":"<p>Predsjednik Turske Recep Tayyip Erdogan je nakon vijesti o smrti Mohameda Morsija (67) izrazio rahmet njegovoj du\u0161i, javlja Anadolu Agency (AA). \u201cNeka je rahmet du\u0161i na\u0161eg brata, na\u0161eg \u0161ehida Morsija\u201d, kazao je Erdogan. Podsjetio je da je Morsi osvojio 52 posto glasova gra\u0111ana Egipta i demokratskim putem izabran na \u010delo zemlje, ali ga je kasnije [&hellip;]<\/p>\n","protected":false},"author":83,"featured_media":224885,"comment_status":"open","ping_status":"open","sticky":false,"template":"","format":"standard","meta":{"footnotes":""},"categories":[9],"tags":[10499],"class_list":{"0":"post-224884","1":"post","2":"type-post","3":"status-publish","4":"format-standard","5":"has-post-thumbnail","7":"category-svijet","8":"tag-a"},"yoast_head":"<!-- This site is optimized with the Yoast SEO Premium plugin v23.1 (Yoast SEO v24.9) - https:\/\/yoast.com\/wordpress\/plugins\/seo\/ -->\n<title>Erdogan: Neka je rahmet du\u0161i na\u0161eg brata Morsija, na\u0161eg \u0161ehida<\/title>\n<meta name=\"robots\" content=\"index, follow, max-snippet:-1, max-image-preview:large, max-video-preview:-1\" \/>\n<link rel=\"canonical\" href=\"https:\/\/sandzakpress.net\/arhiva\/erdogan-neka-je-rahmet-dusi-naseg-brata-morsija-naseg-sehida\/\" \/>\n<meta property=\"og:locale\" content=\"bs_BA\" \/>\n<meta property=\"og:type\" content=\"article\" \/>\n<meta property=\"og:title\" content=\"Erdogan: Neka je rahmet du\u0161i na\u0161eg brata Morsija, na\u0161eg \u0161ehida\" \/>\n<meta property=\"og:description\" content=\"Predsjednik Turske Recep Tayyip Erdogan je nakon vijesti o smrti Mohameda Morsija (67) izrazio rahmet njegovoj du\u0161i, javlja Anadolu Agency (AA). \u201cNeka je rahmet du\u0161i na\u0161eg brata, na\u0161eg \u0161ehida Morsija\u201d, kazao je Erdogan. Podsjetio je da je Morsi osvojio 52 posto glasova gra\u0111ana Egipta i demokratskim putem izabran na \u010delo zemlje, ali ga je kasnije [&hellip;]\" \/>\n<meta property=\"og:url\" content=\"https:\/\/sandzakpress.net\/arhiva\/erdogan-neka-je-rahmet-dusi-naseg-brata-morsija-naseg-sehida\/\" \/>\n<meta property=\"og:site_name\" content=\"Sand\u017eak PRESS\" \/>\n<meta property=\"article:published_time\" content=\"2019-06-17T18:10:06+00:00\" \/>\n<meta property=\"og:image\" content=\"https:\/\/sandzakpress.net\/arhiva\/wp-content\/uploads\/2019\/06\/Screenshot-2019-06-17-at-19.16.57-768x460.jpg\" \/>\n\t<meta property=\"og:image:width\" content=\"768\" \/>\n\t<meta property=\"og:image:height\" content=\"460\" \/>\n\t<meta property=\"og:image:type\" content=\"image\/jpeg\" \/>\n<meta name=\"author\" content=\"bosniak\" \/>\n<meta name=\"twitter:card\" content=\"summary_large_image\" \/>\n<meta name=\"twitter:label1\" content=\"Written by\" \/>\n\t<meta name=\"twitter:data1\" content=\"bosniak\" \/>\n\t<meta name=\"twitter:label2\" content=\"Est. reading time\" \/>\n\t<meta name=\"twitter:data2\" content=\"1 minuta\" \/>\n<script type=\"application\/ld+json\" class=\"yoast-schema-graph\">{\"@context\":\"https:\/\/schema.org\",\"@graph\":[{\"@type\":\"Article\",\"@id\":\"https:\/\/sandzakpress.net\/arhiva\/erdogan-neka-je-rahmet-dusi-naseg-brata-morsija-naseg-sehida\/#article\",\"isPartOf\":{\"@id\":\"https:\/\/sandzakpress.net\/arhiva\/erdogan-neka-je-rahmet-dusi-naseg-brata-morsija-naseg-sehida\/\"},\"author\":{\"name\":\"bosniak\",\"@id\":\"https:\/\/sandzakpress.net\/arhiva\/#\/schema\/person\/c8baee722073534b583ea7bdb2e36c02\"},\"headline\":\"Erdogan: Neka je rahmet du\u0161i na\u0161eg brata Morsija, na\u0161eg \u0161ehida\",\"datePublished\":\"2019-06-17T18:10:06+00:00\",\"mainEntityOfPage\":{\"@id\":\"https:\/\/sandzakpress.net\/arhiva\/erdogan-neka-je-rahmet-dusi-naseg-brata-morsija-naseg-sehida\/\"},\"wordCount\":289,\"commentCount\":0,\"publisher\":{\"@id\":\"https:\/\/sandzakpress.net\/arhiva\/#\/schema\/person\/6e72b67d6e51910a1117b3b483ba20bd\"},\"image\":{\"@id\":\"https:\/\/sandzakpress.net\/arhiva\/erdogan-neka-je-rahmet-dusi-naseg-brata-morsija-naseg-sehida\/#primaryimage\"},\"thumbnailUrl\":\"https:\/\/sandzakpress.net\/arhiva\/wp-content\/uploads\/2019\/06\/Screenshot-2019-06-17-at-19.16.57-768x460.jpg\",\"keywords\":[\"A\"],\"articleSection\":[\"Svijet\"],\"inLanguage\":\"bs-BA\",\"potentialAction\":[{\"@type\":\"CommentAction\",\"name\":\"Comment\",\"target\":[\"https:\/\/sandzakpress.net\/arhiva\/erdogan-neka-je-rahmet-dusi-naseg-brata-morsija-naseg-sehida\/#respond\"]}]},{\"@type\":\"WebPage\",\"@id\":\"https:\/\/sandzakpress.net\/arhiva\/erdogan-neka-je-rahmet-dusi-naseg-brata-morsija-naseg-sehida\/\",\"url\":\"https:\/\/sandzakpress.net\/arhiva\/erdogan-neka-je-rahmet-dusi-naseg-brata-morsija-naseg-sehida\/\",\"name\":\"Erdogan: Neka je rahmet du\u0161i na\u0161eg brata Morsija, na\u0161eg \u0161ehida\",\"isPartOf\":{\"@id\":\"https:\/\/sandzakpress.net\/arhiva\/#website\"},\"primaryImageOfPage\":{\"@id\":\"https:\/\/sandzakpress.net\/arhiva\/erdogan-neka-je-rahmet-dusi-naseg-brata-morsija-naseg-sehida\/#primaryimage\"},\"image\":{\"@id\":\"https:\/\/sandzakpress.net\/arhiva\/erdogan-neka-je-rahmet-dusi-naseg-brata-morsija-naseg-sehida\/#primaryimage\"},\"thumbnailUrl\":\"https:\/\/sandzakpress.net\/arhiva\/wp-content\/uploads\/2019\/06\/Screenshot-2019-06-17-at-19.16.57-768x460.jpg\",\"datePublished\":\"2019-06-17T18:10:06+00:00\",\"breadcrumb\":{\"@id\":\"https:\/\/sandzakpress.net\/arhiva\/erdogan-neka-je-rahmet-dusi-naseg-brata-morsija-naseg-sehida\/#breadcrumb\"},\"inLanguage\":\"bs-BA\",\"potentialAction\":[{\"@type\":\"ReadAction\",\"target\":[\"https:\/\/sandzakpress.net\/arhiva\/erdogan-neka-je-rahmet-dusi-naseg-brata-morsija-naseg-sehida\/\"]}]},{\"@type\":\"ImageObject\",\"inLanguage\":\"bs-BA\",\"@id\":\"https:\/\/sandzakpress.net\/arhiva\/erdogan-neka-je-rahmet-dusi-naseg-brata-morsija-naseg-sehida\/#primaryimage\",\"url\":\"https:\/\/sandzakpress.net\/arhiva\/wp-content\/uploads\/2019\/06\/Screenshot-2019-06-17-at-19.16.57-768x460.jpg\",\"contentUrl\":\"https:\/\/sandzakpress.net\/arhiva\/wp-content\/uploads\/2019\/06\/Screenshot-2019-06-17-at-19.16.57-768x460.jpg\",\"width\":768,\"height\":460},{\"@type\":\"BreadcrumbList\",\"@id\":\"https:\/\/sandzakpress.net\/arhiva\/erdogan-neka-je-rahmet-dusi-naseg-brata-morsija-naseg-sehida\/#breadcrumb\",\"itemListElement\":[{\"@type\":\"ListItem\",\"position\":1,\"name\":\"Home\",\"item\":\"https:\/\/sandzakpress.net\/arhiva\/\"},{\"@type\":\"ListItem\",\"position\":2,\"name\":\"Erdogan: Neka je rahmet du\u0161i na\u0161eg brata Morsija, na\u0161eg \u0161ehida\"}]},{\"@type\":\"WebSite\",\"@id\":\"https:\/\/sandzakpress.net\/arhiva\/#website\",\"url\":\"https:\/\/sandzakpress.net\/arhiva\/\",\"name\":\"Sand\u017eak PRESS\",\"description\":\"Prve elektronske novine u Sand\u017eaku\",\"publisher\":{\"@id\":\"https:\/\/sandzakpress.net\/arhiva\/#\/schema\/person\/6e72b67d6e51910a1117b3b483ba20bd\"},\"potentialAction\":[{\"@type\":\"SearchAction\",\"target\":{\"@type\":\"EntryPoint\",\"urlTemplate\":\"https:\/\/sandzakpress.net\/arhiva\/?s={search_term_string}\"},\"query-input\":{\"@type\":\"PropertyValueSpecification\",\"valueRequired\":true,\"valueName\":\"search_term_string\"}}],\"inLanguage\":\"bs-BA\"},{\"@type\":[\"Person\",\"Organization\"],\"@id\":\"https:\/\/sandzakpress.net\/arhiva\/#\/schema\/person\/6e72b67d6e51910a1117b3b483ba20bd\",\"name\":\"Kul\",\"image\":{\"@type\":\"ImageObject\",\"inLanguage\":\"bs-BA\",\"@id\":\"https:\/\/sandzakpress.net\/arhiva\/#\/schema\/person\/image\/\",\"url\":\"https:\/\/secure.gravatar.com\/avatar\/42263f39aa27ac04c43cab85c280eb2e?s=96&d=mm&r=pg\",\"contentUrl\":\"https:\/\/secure.gravatar.com\/avatar\/42263f39aa27ac04c43cab85c280eb2e?s=96&d=mm&r=pg\",\"caption\":\"Kul\"},\"logo\":{\"@id\":\"https:\/\/sandzakpress.net\/arhiva\/#\/schema\/person\/image\/\"}},{\"@type\":\"Person\",\"@id\":\"https:\/\/sandzakpress.net\/arhiva\/#\/schema\/person\/c8baee722073534b583ea7bdb2e36c02\",\"name\":\"bosniak\",\"image\":{\"@type\":\"ImageObject\",\"inLanguage\":\"bs-BA\",\"@id\":\"https:\/\/sandzakpress.net\/arhiva\/#\/schema\/person\/image\/\",\"url\":\"https:\/\/secure.gravatar.com\/avatar\/a04fd330bfe3a36a72a0ad4a6d89fca7?s=96&d=mm&r=pg\",\"contentUrl\":\"https:\/\/secure.gravatar.com\/avatar\/a04fd330bfe3a36a72a0ad4a6d89fca7?s=96&d=mm&r=pg\",\"caption\":\"bosniak\"},\"url\":\"https:\/\/sandzakpress.net\/arhiva\/author\/bosniak\/\"}]}<\/script>\n<!-- \/ Yoast SEO Premium plugin. -->","yoast_head_json":{"title":"Erdogan: Neka je rahmet du\u0161i na\u0161eg brata Morsija, na\u0161eg \u0161ehida","robots":{"index":"index","follow":"follow","max-snippet":"max-snippet:-1","max-image-preview":"max-image-preview:large","max-video-preview":"max-video-preview:-1"},"canonical":"https:\/\/sandzakpress.net\/arhiva\/erdogan-neka-je-rahmet-dusi-naseg-brata-morsija-naseg-sehida\/","og_locale":"bs_BA","og_type":"article","og_title":"Erdogan: Neka je rahmet du\u0161i na\u0161eg brata Morsija, na\u0161eg \u0161ehida","og_description":"Predsjednik Turske Recep Tayyip Erdogan je nakon vijesti o smrti Mohameda Morsija (67) izrazio rahmet njegovoj du\u0161i, javlja Anadolu Agency (AA). \u201cNeka je rahmet du\u0161i na\u0161eg brata, na\u0161eg \u0161ehida Morsija\u201d, kazao je Erdogan. Podsjetio je da je Morsi osvojio 52 posto glasova gra\u0111ana Egipta i demokratskim putem izabran na \u010delo zemlje, ali ga je kasnije [&hellip;]","og_url":"https:\/\/sandzakpress.net\/arhiva\/erdogan-neka-je-rahmet-dusi-naseg-brata-morsija-naseg-sehida\/","og_site_name":"Sand\u017eak PRESS","article_published_time":"2019-06-17T18:10:06+00:00","og_image":[{"width":768,"height":460,"url":"https:\/\/sandzakpress.net\/arhiva\/wp-content\/uploads\/2019\/06\/Screenshot-2019-06-17-at-19.16.57-768x460.jpg","type":"image\/jpeg"}],"author":"bosniak","twitter_card":"summary_large_image","twitter_misc":{"Written by":"bosniak","Est. reading time":"1 minuta"},"schema":{"@context":"https:\/\/schema.org","@graph":[{"@type":"Article","@id":"https:\/\/sandzakpress.net\/arhiva\/erdogan-neka-je-rahmet-dusi-naseg-brata-morsija-naseg-sehida\/#article","isPartOf":{"@id":"https:\/\/sandzakpress.net\/arhiva\/erdogan-neka-je-rahmet-dusi-naseg-brata-morsija-naseg-sehida\/"},"author":{"name":"bosniak","@id":"https:\/\/sandzakpress.net\/arhiva\/#\/schema\/person\/c8baee722073534b583ea7bdb2e36c02"},"headline":"Erdogan: Neka je rahmet du\u0161i na\u0161eg brata Morsija, na\u0161eg \u0161ehida","datePublished":"2019-06-17T18:10:06+00:00","mainEntityOfPage":{"@id":"https:\/\/sandzakpress.net\/arhiva\/erdogan-neka-je-rahmet-dusi-naseg-brata-morsija-naseg-sehida\/"},"wordCount":289,"commentCount":0,"publisher":{"@id":"https:\/\/sandzakpress.net\/arhiva\/#\/schema\/person\/6e72b67d6e51910a1117b3b483ba20bd"},"image":{"@id":"https:\/\/sandzakpress.net\/arhiva\/erdogan-neka-je-rahmet-dusi-naseg-brata-morsija-naseg-sehida\/#primaryimage"},"thumbnailUrl":"https:\/\/sandzakpress.net\/arhiva\/wp-content\/uploads\/2019\/06\/Screenshot-2019-06-17-at-19.16.57-768x460.jpg","keywords":["A"],"articleSection":["Svijet"],"inLanguage":"bs-BA","potentialAction":[{"@type":"CommentAction","name":"Comment","target":["https:\/\/sandzakpress.net\/arhiva\/erdogan-neka-je-rahmet-dusi-naseg-brata-morsija-naseg-sehida\/#respond"]}]},{"@type":"WebPage","@id":"https:\/\/sandzakpress.net\/arhiva\/erdogan-neka-je-rahmet-dusi-naseg-brata-morsija-naseg-sehida\/","url":"https:\/\/sandzakpress.net\/arhiva\/erdogan-neka-je-rahmet-dusi-naseg-brata-morsija-naseg-sehida\/","name":"Erdogan: Neka je rahmet du\u0161i na\u0161eg brata Morsija, na\u0161eg \u0161ehida","isPartOf":{"@id":"https:\/\/sandzakpress.net\/arhiva\/#website"},"primaryImageOfPage":{"@id":"https:\/\/sandzakpress.net\/arhiva\/erdogan-neka-je-rahmet-dusi-naseg-brata-morsija-naseg-sehida\/#primaryimage"},"image":{"@id":"https:\/\/sandzakpress.net\/arhiva\/erdogan-neka-je-rahmet-dusi-naseg-brata-morsija-naseg-sehida\/#primaryimage"},"thumbnailUrl":"https:\/\/sandzakpress.net\/arhiva\/wp-content\/uploads\/2019\/06\/Screenshot-2019-06-17-at-19.16.57-768x460.jpg","datePublished":"2019-06-17T18:10:06+00:00","breadcrumb":{"@id":"https:\/\/sandzakpress.net\/arhiva\/erdogan-neka-je-rahmet-dusi-naseg-brata-morsija-naseg-sehida\/#breadcrumb"},"inLanguage":"bs-BA","potentialAction":[{"@type":"ReadAction","target":["https:\/\/sandzakpress.net\/arhiva\/erdogan-neka-je-rahmet-dusi-naseg-brata-morsija-naseg-sehida\/"]}]},{"@type":"ImageObject","inLanguage":"bs-BA","@id":"https:\/\/sandzakpress.net\/arhiva\/erdogan-neka-je-rahmet-dusi-naseg-brata-morsija-naseg-sehida\/#primaryimage","url":"https:\/\/sandzakpress.net\/arhiva\/wp-content\/uploads\/2019\/06\/Screenshot-2019-06-17-at-19.16.57-768x460.jpg","contentUrl":"https:\/\/sandzakpress.net\/arhiva\/wp-content\/uploads\/2019\/06\/Screenshot-2019-06-17-at-19.16.57-768x460.jpg","width":768,"height":460},{"@type":"BreadcrumbList","@id":"https:\/\/sandzakpress.net\/arhiva\/erdogan-neka-je-rahmet-dusi-naseg-brata-morsija-naseg-sehida\/#breadcrumb","itemListElement":[{"@type":"ListItem","position":1,"name":"Home","item":"https:\/\/sandzakpress.net\/arhiva\/"},{"@type":"ListItem","position":2,"name":"Erdogan: Neka je rahmet du\u0161i na\u0161eg brata Morsija, na\u0161eg \u0161ehida"}]},{"@type":"WebSite","@id":"https:\/\/sandzakpress.net\/arhiva\/#website","url":"https:\/\/sandzakpress.net\/arhiva\/","name":"Sand\u017eak PRESS","description":"Prve elektronske novine u Sand\u017eaku","publisher":{"@id":"https:\/\/sandzakpress.net\/arhiva\/#\/schema\/person\/6e72b67d6e51910a1117b3b483ba20bd"},"potentialAction":[{"@type":"SearchAction","target":{"@type":"EntryPoint","urlTemplate":"https:\/\/sandzakpress.net\/arhiva\/?s={search_term_string}"},"query-input":{"@type":"PropertyValueSpecification","valueRequired":true,"valueName":"search_term_string"}}],"inLanguage":"bs-BA"},{"@type":["Person","Organization"],"@id":"https:\/\/sandzakpress.net\/arhiva\/#\/schema\/person\/6e72b67d6e51910a1117b3b483ba20bd","name":"Kul","image":{"@type":"ImageObject","inLanguage":"bs-BA","@id":"https:\/\/sandzakpress.net\/arhiva\/#\/schema\/person\/image\/","url":"https:\/\/secure.gravatar.com\/avatar\/42263f39aa27ac04c43cab85c280eb2e?s=96&d=mm&r=pg","contentUrl":"https:\/\/secure.gravatar.com\/avatar\/42263f39aa27ac04c43cab85c280eb2e?s=96&d=mm&r=pg","caption":"Kul"},"logo":{"@id":"https:\/\/sandzakpress.net\/arhiva\/#\/schema\/person\/image\/"}},{"@type":"Person","@id":"https:\/\/sandzakpress.net\/arhiva\/#\/schema\/person\/c8baee722073534b583ea7bdb2e36c02","name":"bosniak","image":{"@type":"ImageObject","inLanguage":"bs-BA","@id":"https:\/\/sandzakpress.net\/arhiva\/#\/schema\/person\/image\/","url":"https:\/\/secure.gravatar.com\/avatar\/a04fd330bfe3a36a72a0ad4a6d89fca7?s=96&d=mm&r=pg","contentUrl":"https:\/\/secure.gravatar.com\/avatar\/a04fd330bfe3a36a72a0ad4a6d89fca7?s=96&d=mm&r=pg","caption":"bosniak"},"url":"https:\/\/sandzakpress.net\/arhiva\/author\/bosniak\/"}]}},"_links":{"self":[{"href":"https:\/\/sandzakpress.net\/arhiva\/wp-json\/wp\/v2\/posts\/224884"}],"collection":[{"href":"https:\/\/sandzakpress.net\/arhiva\/wp-json\/wp\/v2\/posts"}],"about":[{"href":"https:\/\/sandzakpress.net\/arhiva\/wp-json\/wp\/v2\/types\/post"}],"author":[{"embeddable":true,"href":"https:\/\/sandzakpress.net\/arhiva\/wp-json\/wp\/v2\/users\/83"}],"replies":[{"embeddable":true,"href":"https:\/\/sandzakpress.net\/arhiva\/wp-json\/wp\/v2\/comments?post=224884"}],"version-history":[{"count":0,"href":"https:\/\/sandzakpress.net\/arhiva\/wp-json\/wp\/v2\/posts\/224884\/revisions"}],"wp:featuredmedia":[{"embeddable":true,"href":"https:\/\/sandzakpress.net\/arhiva\/wp-json\/wp\/v2\/media\/224885"}],"wp:attachment":[{"href":"https:\/\/sandzakpress.net\/arhiva\/wp-json\/wp\/v2\/media?parent=224884"}],"wp:term":[{"taxonomy":"category","embeddable":true,"href":"https:\/\/sandzakpress.net\/arhiva\/wp-json\/wp\/v2\/categories?post=224884"},{"taxonomy":"post_tag","embeddable":true,"href":"https:\/\/sandzakpress.net\/arhiva\/wp-json\/wp\/v2\/tags?post=224884"}],"curies":[{"name":"wp","href":"https:\/\/api.w.org\/{rel}","templated":true}]}}