{"id":224864,"date":"2019-06-17T07:57:45","date_gmt":"2019-06-17T05:57:45","guid":{"rendered":"https:\/\/sandzakpress.net\/arhiva\/?p=224864"},"modified":"2019-06-17T07:57:45","modified_gmt":"2019-06-17T05:57:45","slug":"akademik-muamer-zukorlic-gost-palma-tv","status":"publish","type":"post","link":"https:\/\/sandzakpress.net\/arhiva\/akademik-muamer-zukorlic-gost-palma-tv\/","title":{"rendered":"Akademik Muamer Zukorli\u0107 gost Palma TV"},"content":{"rendered":"<p><img decoding=\"async\" src=\"http:\/\/sanapress.info\/wp-content\/uploads\/2019\/06\/zukorlic-1024x560.jpg\" \/><\/p>\n<p><strong>Gost Palma televizije bio je predsjednik Stranke pravde i pomirenja, narodni poslanik akademik Muamer Zukorli\u0107. Tema razgovora bile su aktuelne teme.<\/strong><\/p>\n<p>Akademik Zukorli\u0107 istakao da se treba pomo\u0107i tamo gdje postoji odli\u010dna saradnja izme\u0111u bo\u0161nja\u010dke i srpske politike.<\/p>\n<p><em>\u201cMi u Sand\u017eaku nemamo u narodu konfliktni potencijal, na etni\u010dkoj osnovi iza mene je Sand\u017eak jedina regija koja je postala nukleus budu\u0107eg nekog zajedni\u0161tva, to sam i prije neki dan u Prijepolju govorio gdje imamo pola-pola etni\u010dku strukturu i gdje imamo jednu odli\u010dnu situaciju saradnje u Op\u0161tinskoj vlasti me\u0111u bo\u0161nja\u010dkom i srpskom politikom i zato vazda kad me pozovu odem da ih podr\u017eim, da im ka\u017eem vi ste to sjeme, nemoj da odustanete i pozivam i Beograd i Vladu da im pomogne, tamo gdje imamo dobar primjer, tamo treba pomo\u0107i a ne tamo gdje imamo neku korupciju kao \u0161to je taj Tutin, Sjenica i odr\u017eavati to vje\u0161ta\u010dki.\u201c<\/em><\/p>\n<p><iframe loading=\"lazy\" src=\"https:\/\/web.facebook.com\/plugins\/video.php?href=https%3A%2F%2Fweb.facebook.com%2FMuamerZukorlic%2Fvideos%2F1076866129190897%2F&#038;show_text=0&#038;width=560\" width=\"560\" height=\"315\" style=\"border:none;overflow:hidden\" scrolling=\"no\" frameborder=\"0\" allowTransparency=\"true\" allowFullScreen=\"true\"><\/iframe><\/p>\n<p>O tome koliko vjere doprinose da mi ne budemo bliski istok Evrope akademik naglasio da je vjera naj\u010dastiji potencijal koji postoji u ljudskoj civilizaciji.\u00a0<\/p>\n<p><em>\u201eKao svaki potencijal, kao svaka energija on ima svoje zakonitosti, svaku energiju mo\u017eete upotrijebiti i zloupotrijebiti, to je na\u0161 glavni problem, \u0161to bi prvo teolozi kao u\u010ditelji vjere a potom i svi vjernici kao praktikanti te vjere, ukoliko prvo shvate pravilno vjeru nikakve \u0161anse nema da oni pravilnim napajanjem sebe sa izvora vjere, monoteisti\u010dke vjere, vjere u boga, Jednog Jedinog zajedni\u010dkog, jer to neznanje je kao posljedica tog komunisti\u010dkog jednoumlja i neslobode da danas obi\u010dni \u010dovjek misli da postoji srpski Bog, bo\u0161nja\u010dki, hrvatski, albanski i td, Bog je Jedan, postoje razli\u010dite percepcije ali bog je zato Bog \u0161to nema drugog, jer sam pojam Bog u definiciji sadr\u017ei odrednicu jedinstvenosti, jer nema apsolutnosti Boga ukoliko mun napravite jo\u0161 neke druge oko njega jer se onda preklapaju i relativizuju, to je su\u0161tina stvari. Crkve i vjerske zajednice bi bi morale vi\u0161e o tome da govore, o tim zajedni\u010dkim vrijednostima, ja sam i tada iako je moj gest bio nekonvencionalan 2012. kada sam se kandidirao za predsjednika, naslov moje kampanje bio je \u201eDo\u0111ite da se okupimo oko zajedni\u010dke rije\u010di\u201c. Znao sam ja da ne mogu tada psotati predsjednik u tim okolnostima, nije mi to ni bila ambicija ali sam time zapravo napravio izvjese civilizacijsko-kulturne prodore i fascinirao sam se i to mi je dalo \u010dak ohrabrenja da se neke stvari ovdje mogu uprkos tim 90-im, dalo mi je ohrabrenje da sam uspio da dobijem skoro 20.000 srpskih glasova, a u momentu kada sam bio najsataniziraniji u Srbiji, predstavljen kao neprijatelj broj 1 i opasnost broj jedan, ali 20.000 ljudi ne samo da je shvatilo moju poruku ve\u0107 mi je i uzvratilo ubacivanjem glas\u010dkog listi\u0107a. to je mene vratilo veliki optimizam, jedan od razloga \u0161to sam kasnije i kada sam u\u0161ao u politiku i formulisao svoju politiku i dao ime svojoj stranci \u201eStranka pravde u pomirenja\u201c<\/em>, naglasio akademik Zukorli\u0107<\/p>\n<p>Akademik Zukorli\u0107 je istakao da je jako te\u0161ko dobiti glasove na pomirenju.<\/p>\n<p><em>\u201eTo je sasvim nepopularno, vi time ne dobijate one druge a gubite one svoje , prema tome to je vrlo rizi\u010dno, \u010dak su meni mnogi ukazivali da je okej govoriti o pomirenju ali da to ne stavljam kao ime stranke, ja sam rekao da ja u to vjerujem, da pomirenje ima alternativu. Da li \u0107e sad to meni donijeti vi\u0161e ili manje glasova to je isto tako relativno ali zaista ja ne mogu i ne\u0107u da se borim za politi\u010dki program ako je on u raskoraku sa mojim uvjerenjem.\u201c<\/em>, dodaje dr. Zukorli\u0107<\/p>\n<p>Akademik Zukorli\u0107 je naglasio da bi teolozi iz vjerskih zajednica i crkava, intelektualna elita i politi\u010dari morali svoj diskurs vi\u0161e usmjere u pravcu vjere.<\/p>\n<p><em>\u201eDa zapravo vjeru kao i sve druge resurse koristimo kao pozitivan potencijal i to je su\u0161tina, problem je dakle to postkomunisti\u010dko i antiteisti\u010dko vrijeme, nevjerni\u010dko vrijeme zapravo izazvalo svu ovu pusto\u0161 da smo miu posle 90-ih jurnuli u vjeru ali onako sirovo, nekultivisano, bez znanja i zato vi danas imate pravoslavaca koji ka\u017eu da su kr\u0161\u0107ani, pi\u0161u se da je vjernici, pa mo\u017eda \u0107e nekada oti\u0107i i u crkvu ali \u0161ta vi onda imate u njegovoj praksi od vjerskih principa, vrlo \u010desto \u0107ete na\u0107i raskorak, naravno i u drugim vjerama, prema tome to je na\u0161 problem jer mi vjeru u tom raskoraku komunisti\u010dkog antiteizma izgubili smo tu direktnu vezu izme\u0111u vjere i odgovornosti, to \u0161to ja ka\u017eem da vjerujem u Boga, to povla\u010di izvjesnu odgovornost, ja sam onda tu proklamaciju du\u017ean da potvrdim svojim pona\u0161anjem i ne mogu ja imati danas ljude koji se pi\u0161u kao vjernici a uzre\u010dica mu je psovka i na\u017ealost vrlo \u010desto psovka Boga.\u201c<\/em>, istakao akademik Zukorli\u0107<\/p>\n<p>Akademik Zukorli\u0107 zaklju\u010dio da se mora praviti zajedni\u010dka strategija, prvo retori\u010dki, verbalno, edukacijski a potom i prakti\u010dno.<\/p>\n<p><em>SANA<\/em><\/p>\n","protected":false},"excerpt":{"rendered":"<p>Gost Palma televizije bio je predsjednik Stranke pravde i pomirenja, narodni poslanik akademik Muamer Zukorli\u0107. Tema razgovora bile su aktuelne teme. Akademik Zukorli\u0107 istakao da se treba pomo\u0107i tamo gdje postoji odli\u010dna saradnja izme\u0111u bo\u0161nja\u010dke i srpske politike. \u201cMi u Sand\u017eaku nemamo u narodu konfliktni potencijal, na etni\u010dkoj osnovi iza mene je Sand\u017eak jedina regija [&hellip;]<\/p>\n","protected":false},"author":509,"featured_media":224869,"comment_status":"open","ping_status":"open","sticky":false,"template":"","format":"standard","meta":{"footnotes":""},"categories":[72,1,8957],"tags":[],"class_list":{"0":"post-224864","1":"post","2":"type-post","3":"status-publish","4":"format-standard","5":"has-post-thumbnail","7":"category-novi-pazar","8":"category-politika","9":"category-vijesti-dana"},"yoast_head":"<!-- This site is optimized with the Yoast SEO Premium plugin v23.1 (Yoast SEO v24.9) - https:\/\/yoast.com\/wordpress\/plugins\/seo\/ -->\n<title>Akademik Muamer Zukorli\u0107 gost Palma TV<\/title>\n<meta name=\"robots\" content=\"index, follow, max-snippet:-1, max-image-preview:large, max-video-preview:-1\" \/>\n<link rel=\"canonical\" href=\"https:\/\/sandzakpress.net\/arhiva\/akademik-muamer-zukorlic-gost-palma-tv\/\" \/>\n<meta property=\"og:locale\" content=\"bs_BA\" \/>\n<meta property=\"og:type\" content=\"article\" \/>\n<meta property=\"og:title\" content=\"Akademik Muamer Zukorli\u0107 gost Palma TV\" \/>\n<meta property=\"og:description\" content=\"Gost Palma televizije bio je predsjednik Stranke pravde i pomirenja, narodni poslanik akademik Muamer Zukorli\u0107. Tema razgovora bile su aktuelne teme. Akademik Zukorli\u0107 istakao da se treba pomo\u0107i tamo gdje postoji odli\u010dna saradnja izme\u0111u bo\u0161nja\u010dke i srpske politike. \u201cMi u Sand\u017eaku nemamo u narodu konfliktni potencijal, na etni\u010dkoj osnovi iza mene je Sand\u017eak jedina regija [&hellip;]\" \/>\n<meta property=\"og:url\" content=\"https:\/\/sandzakpress.net\/arhiva\/akademik-muamer-zukorlic-gost-palma-tv\/\" \/>\n<meta property=\"og:site_name\" content=\"Sand\u017eak PRESS\" \/>\n<meta property=\"article:published_time\" content=\"2019-06-17T05:57:45+00:00\" \/>\n<meta property=\"og:image\" content=\"https:\/\/sandzakpress.net\/arhiva\/wp-content\/uploads\/2019\/06\/zukorlic-1024x560.jpg\" \/>\n\t<meta property=\"og:image:width\" content=\"1024\" \/>\n\t<meta property=\"og:image:height\" content=\"560\" \/>\n\t<meta property=\"og:image:type\" content=\"image\/jpeg\" \/>\n<meta name=\"author\" content=\"Agencija\" \/>\n<meta name=\"twitter:card\" content=\"summary_large_image\" \/>\n<meta name=\"twitter:label1\" content=\"Written by\" \/>\n\t<meta name=\"twitter:data1\" content=\"Agencija\" \/>\n\t<meta name=\"twitter:label2\" content=\"Est. reading time\" \/>\n\t<meta name=\"twitter:data2\" content=\"4 minute\" \/>\n<script type=\"application\/ld+json\" class=\"yoast-schema-graph\">{\"@context\":\"https:\/\/schema.org\",\"@graph\":[{\"@type\":\"Article\",\"@id\":\"https:\/\/sandzakpress.net\/arhiva\/akademik-muamer-zukorlic-gost-palma-tv\/#article\",\"isPartOf\":{\"@id\":\"https:\/\/sandzakpress.net\/arhiva\/akademik-muamer-zukorlic-gost-palma-tv\/\"},\"author\":{\"name\":\"Agencija\",\"@id\":\"https:\/\/sandzakpress.net\/arhiva\/#\/schema\/person\/cb59d7e3ab91ab90dd680ad0305a6185\"},\"headline\":\"Akademik Muamer Zukorli\u0107 gost Palma TV\",\"datePublished\":\"2019-06-17T05:57:45+00:00\",\"mainEntityOfPage\":{\"@id\":\"https:\/\/sandzakpress.net\/arhiva\/akademik-muamer-zukorlic-gost-palma-tv\/\"},\"wordCount\":854,\"commentCount\":1,\"publisher\":{\"@id\":\"https:\/\/sandzakpress.net\/arhiva\/#\/schema\/person\/6e72b67d6e51910a1117b3b483ba20bd\"},\"image\":{\"@id\":\"https:\/\/sandzakpress.net\/arhiva\/akademik-muamer-zukorlic-gost-palma-tv\/#primaryimage\"},\"thumbnailUrl\":\"https:\/\/sandzakpress.net\/arhiva\/wp-content\/uploads\/2019\/06\/zukorlic-1024x560.jpg\",\"articleSection\":[\"Novi Pazar\",\"Politika\",\"VIJESTI DANA\"],\"inLanguage\":\"bs-BA\",\"potentialAction\":[{\"@type\":\"CommentAction\",\"name\":\"Comment\",\"target\":[\"https:\/\/sandzakpress.net\/arhiva\/akademik-muamer-zukorlic-gost-palma-tv\/#respond\"]}]},{\"@type\":\"WebPage\",\"@id\":\"https:\/\/sandzakpress.net\/arhiva\/akademik-muamer-zukorlic-gost-palma-tv\/\",\"url\":\"https:\/\/sandzakpress.net\/arhiva\/akademik-muamer-zukorlic-gost-palma-tv\/\",\"name\":\"Akademik Muamer Zukorli\u0107 gost Palma TV\",\"isPartOf\":{\"@id\":\"https:\/\/sandzakpress.net\/arhiva\/#website\"},\"primaryImageOfPage\":{\"@id\":\"https:\/\/sandzakpress.net\/arhiva\/akademik-muamer-zukorlic-gost-palma-tv\/#primaryimage\"},\"image\":{\"@id\":\"https:\/\/sandzakpress.net\/arhiva\/akademik-muamer-zukorlic-gost-palma-tv\/#primaryimage\"},\"thumbnailUrl\":\"https:\/\/sandzakpress.net\/arhiva\/wp-content\/uploads\/2019\/06\/zukorlic-1024x560.jpg\",\"datePublished\":\"2019-06-17T05:57:45+00:00\",\"breadcrumb\":{\"@id\":\"https:\/\/sandzakpress.net\/arhiva\/akademik-muamer-zukorlic-gost-palma-tv\/#breadcrumb\"},\"inLanguage\":\"bs-BA\",\"potentialAction\":[{\"@type\":\"ReadAction\",\"target\":[\"https:\/\/sandzakpress.net\/arhiva\/akademik-muamer-zukorlic-gost-palma-tv\/\"]}]},{\"@type\":\"ImageObject\",\"inLanguage\":\"bs-BA\",\"@id\":\"https:\/\/sandzakpress.net\/arhiva\/akademik-muamer-zukorlic-gost-palma-tv\/#primaryimage\",\"url\":\"https:\/\/sandzakpress.net\/arhiva\/wp-content\/uploads\/2019\/06\/zukorlic-1024x560.jpg\",\"contentUrl\":\"https:\/\/sandzakpress.net\/arhiva\/wp-content\/uploads\/2019\/06\/zukorlic-1024x560.jpg\",\"width\":1024,\"height\":560},{\"@type\":\"BreadcrumbList\",\"@id\":\"https:\/\/sandzakpress.net\/arhiva\/akademik-muamer-zukorlic-gost-palma-tv\/#breadcrumb\",\"itemListElement\":[{\"@type\":\"ListItem\",\"position\":1,\"name\":\"Home\",\"item\":\"https:\/\/sandzakpress.net\/arhiva\/\"},{\"@type\":\"ListItem\",\"position\":2,\"name\":\"Akademik Muamer Zukorli\u0107 gost Palma TV\"}]},{\"@type\":\"WebSite\",\"@id\":\"https:\/\/sandzakpress.net\/arhiva\/#website\",\"url\":\"https:\/\/sandzakpress.net\/arhiva\/\",\"name\":\"Sand\u017eak PRESS\",\"description\":\"Prve elektronske novine u Sand\u017eaku\",\"publisher\":{\"@id\":\"https:\/\/sandzakpress.net\/arhiva\/#\/schema\/person\/6e72b67d6e51910a1117b3b483ba20bd\"},\"potentialAction\":[{\"@type\":\"SearchAction\",\"target\":{\"@type\":\"EntryPoint\",\"urlTemplate\":\"https:\/\/sandzakpress.net\/arhiva\/?s={search_term_string}\"},\"query-input\":{\"@type\":\"PropertyValueSpecification\",\"valueRequired\":true,\"valueName\":\"search_term_string\"}}],\"inLanguage\":\"bs-BA\"},{\"@type\":[\"Person\",\"Organization\"],\"@id\":\"https:\/\/sandzakpress.net\/arhiva\/#\/schema\/person\/6e72b67d6e51910a1117b3b483ba20bd\",\"name\":\"Kul\",\"image\":{\"@type\":\"ImageObject\",\"inLanguage\":\"bs-BA\",\"@id\":\"https:\/\/sandzakpress.net\/arhiva\/#\/schema\/person\/image\/\",\"url\":\"https:\/\/secure.gravatar.com\/avatar\/42263f39aa27ac04c43cab85c280eb2e?s=96&d=mm&r=pg\",\"contentUrl\":\"https:\/\/secure.gravatar.com\/avatar\/42263f39aa27ac04c43cab85c280eb2e?s=96&d=mm&r=pg\",\"caption\":\"Kul\"},\"logo\":{\"@id\":\"https:\/\/sandzakpress.net\/arhiva\/#\/schema\/person\/image\/\"}},{\"@type\":\"Person\",\"@id\":\"https:\/\/sandzakpress.net\/arhiva\/#\/schema\/person\/cb59d7e3ab91ab90dd680ad0305a6185\",\"name\":\"Agencija\",\"image\":{\"@type\":\"ImageObject\",\"inLanguage\":\"bs-BA\",\"@id\":\"https:\/\/sandzakpress.net\/arhiva\/#\/schema\/person\/image\/\",\"url\":\"https:\/\/secure.gravatar.com\/avatar\/4b7fafa80a22f0c2afe23966b3961fe0?s=96&d=mm&r=pg\",\"contentUrl\":\"https:\/\/secure.gravatar.com\/avatar\/4b7fafa80a22f0c2afe23966b3961fe0?s=96&d=mm&r=pg\",\"caption\":\"Agencija\"},\"url\":\"https:\/\/sandzakpress.net\/arhiva\/author\/agencija\/\"}]}<\/script>\n<!-- \/ Yoast SEO Premium plugin. -->","yoast_head_json":{"title":"Akademik Muamer Zukorli\u0107 gost Palma TV","robots":{"index":"index","follow":"follow","max-snippet":"max-snippet:-1","max-image-preview":"max-image-preview:large","max-video-preview":"max-video-preview:-1"},"canonical":"https:\/\/sandzakpress.net\/arhiva\/akademik-muamer-zukorlic-gost-palma-tv\/","og_locale":"bs_BA","og_type":"article","og_title":"Akademik Muamer Zukorli\u0107 gost Palma TV","og_description":"Gost Palma televizije bio je predsjednik Stranke pravde i pomirenja, narodni poslanik akademik Muamer Zukorli\u0107. Tema razgovora bile su aktuelne teme. Akademik Zukorli\u0107 istakao da se treba pomo\u0107i tamo gdje postoji odli\u010dna saradnja izme\u0111u bo\u0161nja\u010dke i srpske politike. \u201cMi u Sand\u017eaku nemamo u narodu konfliktni potencijal, na etni\u010dkoj osnovi iza mene je Sand\u017eak jedina regija [&hellip;]","og_url":"https:\/\/sandzakpress.net\/arhiva\/akademik-muamer-zukorlic-gost-palma-tv\/","og_site_name":"Sand\u017eak PRESS","article_published_time":"2019-06-17T05:57:45+00:00","og_image":[{"width":1024,"height":560,"url":"https:\/\/sandzakpress.net\/arhiva\/wp-content\/uploads\/2019\/06\/zukorlic-1024x560.jpg","type":"image\/jpeg"}],"author":"Agencija","twitter_card":"summary_large_image","twitter_misc":{"Written by":"Agencija","Est. reading time":"4 minute"},"schema":{"@context":"https:\/\/schema.org","@graph":[{"@type":"Article","@id":"https:\/\/sandzakpress.net\/arhiva\/akademik-muamer-zukorlic-gost-palma-tv\/#article","isPartOf":{"@id":"https:\/\/sandzakpress.net\/arhiva\/akademik-muamer-zukorlic-gost-palma-tv\/"},"author":{"name":"Agencija","@id":"https:\/\/sandzakpress.net\/arhiva\/#\/schema\/person\/cb59d7e3ab91ab90dd680ad0305a6185"},"headline":"Akademik Muamer Zukorli\u0107 gost Palma TV","datePublished":"2019-06-17T05:57:45+00:00","mainEntityOfPage":{"@id":"https:\/\/sandzakpress.net\/arhiva\/akademik-muamer-zukorlic-gost-palma-tv\/"},"wordCount":854,"commentCount":1,"publisher":{"@id":"https:\/\/sandzakpress.net\/arhiva\/#\/schema\/person\/6e72b67d6e51910a1117b3b483ba20bd"},"image":{"@id":"https:\/\/sandzakpress.net\/arhiva\/akademik-muamer-zukorlic-gost-palma-tv\/#primaryimage"},"thumbnailUrl":"https:\/\/sandzakpress.net\/arhiva\/wp-content\/uploads\/2019\/06\/zukorlic-1024x560.jpg","articleSection":["Novi Pazar","Politika","VIJESTI DANA"],"inLanguage":"bs-BA","potentialAction":[{"@type":"CommentAction","name":"Comment","target":["https:\/\/sandzakpress.net\/arhiva\/akademik-muamer-zukorlic-gost-palma-tv\/#respond"]}]},{"@type":"WebPage","@id":"https:\/\/sandzakpress.net\/arhiva\/akademik-muamer-zukorlic-gost-palma-tv\/","url":"https:\/\/sandzakpress.net\/arhiva\/akademik-muamer-zukorlic-gost-palma-tv\/","name":"Akademik Muamer Zukorli\u0107 gost Palma TV","isPartOf":{"@id":"https:\/\/sandzakpress.net\/arhiva\/#website"},"primaryImageOfPage":{"@id":"https:\/\/sandzakpress.net\/arhiva\/akademik-muamer-zukorlic-gost-palma-tv\/#primaryimage"},"image":{"@id":"https:\/\/sandzakpress.net\/arhiva\/akademik-muamer-zukorlic-gost-palma-tv\/#primaryimage"},"thumbnailUrl":"https:\/\/sandzakpress.net\/arhiva\/wp-content\/uploads\/2019\/06\/zukorlic-1024x560.jpg","datePublished":"2019-06-17T05:57:45+00:00","breadcrumb":{"@id":"https:\/\/sandzakpress.net\/arhiva\/akademik-muamer-zukorlic-gost-palma-tv\/#breadcrumb"},"inLanguage":"bs-BA","potentialAction":[{"@type":"ReadAction","target":["https:\/\/sandzakpress.net\/arhiva\/akademik-muamer-zukorlic-gost-palma-tv\/"]}]},{"@type":"ImageObject","inLanguage":"bs-BA","@id":"https:\/\/sandzakpress.net\/arhiva\/akademik-muamer-zukorlic-gost-palma-tv\/#primaryimage","url":"https:\/\/sandzakpress.net\/arhiva\/wp-content\/uploads\/2019\/06\/zukorlic-1024x560.jpg","contentUrl":"https:\/\/sandzakpress.net\/arhiva\/wp-content\/uploads\/2019\/06\/zukorlic-1024x560.jpg","width":1024,"height":560},{"@type":"BreadcrumbList","@id":"https:\/\/sandzakpress.net\/arhiva\/akademik-muamer-zukorlic-gost-palma-tv\/#breadcrumb","itemListElement":[{"@type":"ListItem","position":1,"name":"Home","item":"https:\/\/sandzakpress.net\/arhiva\/"},{"@type":"ListItem","position":2,"name":"Akademik Muamer Zukorli\u0107 gost Palma TV"}]},{"@type":"WebSite","@id":"https:\/\/sandzakpress.net\/arhiva\/#website","url":"https:\/\/sandzakpress.net\/arhiva\/","name":"Sand\u017eak PRESS","description":"Prve elektronske novine u Sand\u017eaku","publisher":{"@id":"https:\/\/sandzakpress.net\/arhiva\/#\/schema\/person\/6e72b67d6e51910a1117b3b483ba20bd"},"potentialAction":[{"@type":"SearchAction","target":{"@type":"EntryPoint","urlTemplate":"https:\/\/sandzakpress.net\/arhiva\/?s={search_term_string}"},"query-input":{"@type":"PropertyValueSpecification","valueRequired":true,"valueName":"search_term_string"}}],"inLanguage":"bs-BA"},{"@type":["Person","Organization"],"@id":"https:\/\/sandzakpress.net\/arhiva\/#\/schema\/person\/6e72b67d6e51910a1117b3b483ba20bd","name":"Kul","image":{"@type":"ImageObject","inLanguage":"bs-BA","@id":"https:\/\/sandzakpress.net\/arhiva\/#\/schema\/person\/image\/","url":"https:\/\/secure.gravatar.com\/avatar\/42263f39aa27ac04c43cab85c280eb2e?s=96&d=mm&r=pg","contentUrl":"https:\/\/secure.gravatar.com\/avatar\/42263f39aa27ac04c43cab85c280eb2e?s=96&d=mm&r=pg","caption":"Kul"},"logo":{"@id":"https:\/\/sandzakpress.net\/arhiva\/#\/schema\/person\/image\/"}},{"@type":"Person","@id":"https:\/\/sandzakpress.net\/arhiva\/#\/schema\/person\/cb59d7e3ab91ab90dd680ad0305a6185","name":"Agencija","image":{"@type":"ImageObject","inLanguage":"bs-BA","@id":"https:\/\/sandzakpress.net\/arhiva\/#\/schema\/person\/image\/","url":"https:\/\/secure.gravatar.com\/avatar\/4b7fafa80a22f0c2afe23966b3961fe0?s=96&d=mm&r=pg","contentUrl":"https:\/\/secure.gravatar.com\/avatar\/4b7fafa80a22f0c2afe23966b3961fe0?s=96&d=mm&r=pg","caption":"Agencija"},"url":"https:\/\/sandzakpress.net\/arhiva\/author\/agencija\/"}]}},"_links":{"self":[{"href":"https:\/\/sandzakpress.net\/arhiva\/wp-json\/wp\/v2\/posts\/224864"}],"collection":[{"href":"https:\/\/sandzakpress.net\/arhiva\/wp-json\/wp\/v2\/posts"}],"about":[{"href":"https:\/\/sandzakpress.net\/arhiva\/wp-json\/wp\/v2\/types\/post"}],"author":[{"embeddable":true,"href":"https:\/\/sandzakpress.net\/arhiva\/wp-json\/wp\/v2\/users\/509"}],"replies":[{"embeddable":true,"href":"https:\/\/sandzakpress.net\/arhiva\/wp-json\/wp\/v2\/comments?post=224864"}],"version-history":[{"count":0,"href":"https:\/\/sandzakpress.net\/arhiva\/wp-json\/wp\/v2\/posts\/224864\/revisions"}],"wp:featuredmedia":[{"embeddable":true,"href":"https:\/\/sandzakpress.net\/arhiva\/wp-json\/wp\/v2\/media\/224869"}],"wp:attachment":[{"href":"https:\/\/sandzakpress.net\/arhiva\/wp-json\/wp\/v2\/media?parent=224864"}],"wp:term":[{"taxonomy":"category","embeddable":true,"href":"https:\/\/sandzakpress.net\/arhiva\/wp-json\/wp\/v2\/categories?post=224864"},{"taxonomy":"post_tag","embeddable":true,"href":"https:\/\/sandzakpress.net\/arhiva\/wp-json\/wp\/v2\/tags?post=224864"}],"curies":[{"name":"wp","href":"https:\/\/api.w.org\/{rel}","templated":true}]}}