{"id":224805,"date":"2019-06-15T14:55:44","date_gmt":"2019-06-15T12:55:44","guid":{"rendered":"https:\/\/sandzakpress.net\/arhiva\/?p=224805"},"modified":"2019-06-15T14:55:44","modified_gmt":"2019-06-15T12:55:44","slug":"a-sad-uzivancija-dva-i-po-meseca","status":"publish","type":"post","link":"https:\/\/sandzakpress.net\/arhiva\/a-sad-uzivancija-dva-i-po-meseca\/","title":{"rendered":"A sad\u2026 u\u017eivancija dva i po meseca"},"content":{"rendered":"<p><img decoding=\"async\" src=\"https:\/\/i1.wp.com\/rtvnp.rs\/wp-content\/uploads\/2019\/06\/ranac.jpg?resize=800%2C445&amp;ssl=1\" \/><\/p>\n<p><strong>Osnovcima od prvog do sedmog razreda danas je poslednji radni dan u ovoj \u0161kolskoj godini. Osmaci su nastavu zavr\u0161ili 31. maja, ali ih u ponedeljak, utorak i sredu \u2013 17,18. i 19. juna \u010deka zavr\u0161ni ispit.<\/strong><\/p>\n<p>Za u\u010denike srednih \u0161kola nastava traje do 21. juna. Maturanti \u010detvorogodi\u0161njih i trogodi\u0161njih \u0161kola raspustili su se 31. maja. Za one koji upisuju fakultete predstoji prijemni ispit.<\/p>\n<p>Prema podacima Ministarstva prosvete, osmi razred je zavr\u0161ilo 69.388 u\u010denika, ali \u0107e na malu maturu osim njih iza\u0107i i 215 u\u010denika koji su osnovnu \u0161kolu zavr\u0161ili od 2010. do 2018. godine.<\/p>\n<p>U srednjim \u0161kolama u Srbiji slobodnih mesta ima za 76.239 u\u010denika, \u0161to zna\u010di da \u0107e svi mo\u0107i da se upi\u0161u, ali od uspeha na zavr\u0161nom ispitu i u osnovnoj \u0161koli zavisi da li \u0107e upisati \u017eeljenu \u0161kolu.<\/p>\n<p>Proba male mature: \u0110ake mu\u010dila re\u010d \u201cdiskretno\u201d<\/p>\n<p>Male maturante u ponedeljak, 17. juna, \u010deka test iz srpskog (maternjeg) jezika, u utorak \u0107e re\u0161avati zadatke iz matematike, dok \u0107e u sredu raditi kombinovani test koji podrazumeva zadatke iz fizike, biologije, hemije, istorije i geografije.<\/p>\n<p>Zavod za vrednovanje kvaliteta obrazovanja spremio je zadatke za testove, koji se \u0161tampaju danas i sutra. U nedelju \u0107e biti distribuirani po \u0161kolskim upravama, a u ponedeljak, neposredno pred po\u010detak testa iz srpskog, preuzimaju ih direktori \u0161kola.<\/p>\n<p>Testove \u0107e do \u0161kolskih uprava pratiti policija, a u Zavodu su primenjene posebne mere bezbednosti kako zadaci ne bi dospeli u javnost.<\/p>\n<p>Rukovodilac Centra za ispite u Zavodu Dragana Stanojevi\u0107 rekla je ranije za Tanjug da niko od zaposlenih nema pristup finalnom materijalu samostalno, a kona\u010dnu verziju testova mogli su da vide samo dvojica zaposlenih.<\/p>\n<p>\u201cTestovi se \u010duvaju na sigurnosnim fle\u0161evima koji imaju dvostruku \u0161ifru. Polovinu \u0161ifre zna jedan kolega, drugu polovinu drugi kolega i da bi pristupili materijalu obojica moraju da budu prisutna\u201d, objasnila je Stanojevi\u0107.<\/p>\n<p>Zadaci se re\u0161avaju isklju\u010divo hemijskom olovkom, nije dozvoljeno da \u0111aci imaju kod sebe telefon ili digitron, ve\u0107 je dozvoljeno samo da ponesu sa sobom fla\u0161ice sa vodom.<\/p>\n<p>Mala matura organuzuje se obi\u010dno u fiskulturnim salama ili sve\u010danim salama, gde mogu da stanu svi u\u010denici koji pola\u017eu zavr\u0161ni ispit.<\/p>\n<p>Uspeh na zavr\u0161nom ispitu nosi maksimalno 40 bodova, dok uspeh iz \u0161kole nosi 60 bodova.<\/p>\n<p>Na sva tri testa \u0111aci \u0107e re\u0161avati po 20 zadataka. Svako pitanje nosi po jedan bod. Bodovi iz srpskog i matematike mno\u017ee se sa koeficijentom od 0,65, tako da \u0111aci iz srpskog mogu maksimalno da osvoje 13 bodova i iz matematike isto toliko.<\/p>\n<p>Bodovi sa kombinovanog testa mno\u017ee se sa koeficijentom od 0,7, tako da u\u010denici maksimalno mogu da osvoje 14 bodova.<\/p>\n<p>Za upis u \u010detvorogodi\u0161nju srednju \u0161kolu i gimnaziju, potrebno je da u\u010denik ima najmanje 50 bodova.<\/p>\n<p>&nbsp;<\/p>\n","protected":false},"excerpt":{"rendered":"<p>Osnovcima od prvog do sedmog razreda danas je poslednji radni dan u ovoj \u0161kolskoj godini. Osmaci su nastavu zavr\u0161ili 31. maja, ali ih u ponedeljak, utorak i sredu \u2013 17,18. i 19. juna \u010deka zavr\u0161ni ispit. Za u\u010denike srednih \u0161kola nastava traje do 21. juna. Maturanti \u010detvorogodi\u0161njih i trogodi\u0161njih \u0161kola raspustili su se 31. maja. [&hellip;]<\/p>\n","protected":false},"author":509,"featured_media":224806,"comment_status":"open","ping_status":"open","sticky":false,"template":"","format":"standard","meta":{"footnotes":""},"categories":[72,52,327,392,393,4,394],"tags":[],"class_list":{"0":"post-224805","1":"post","2":"type-post","3":"status-publish","4":"format-standard","5":"has-post-thumbnail","7":"category-novi-pazar","8":"category-sjenica","9":"category-tutin","10":"category-prijepolje_","11":"category-priboj","12":"category-obrazovanje","13":"category-nova-varos"},"yoast_head":"<!-- This site is optimized with the Yoast SEO Premium plugin v23.1 (Yoast SEO v24.9) - https:\/\/yoast.com\/wordpress\/plugins\/seo\/ -->\n<title>A sad\u2026 u\u017eivancija dva i po meseca<\/title>\n<meta name=\"robots\" content=\"index, follow, max-snippet:-1, max-image-preview:large, max-video-preview:-1\" \/>\n<link rel=\"canonical\" href=\"https:\/\/sandzakpress.net\/arhiva\/a-sad-uzivancija-dva-i-po-meseca\/\" \/>\n<meta property=\"og:locale\" content=\"bs_BA\" \/>\n<meta property=\"og:type\" content=\"article\" \/>\n<meta property=\"og:title\" content=\"A sad\u2026 u\u017eivancija dva i po meseca\" \/>\n<meta property=\"og:description\" content=\"Osnovcima od prvog do sedmog razreda danas je poslednji radni dan u ovoj \u0161kolskoj godini. Osmaci su nastavu zavr\u0161ili 31. maja, ali ih u ponedeljak, utorak i sredu \u2013 17,18. i 19. juna \u010deka zavr\u0161ni ispit. Za u\u010denike srednih \u0161kola nastava traje do 21. juna. Maturanti \u010detvorogodi\u0161njih i trogodi\u0161njih \u0161kola raspustili su se 31. maja. [&hellip;]\" \/>\n<meta property=\"og:url\" content=\"https:\/\/sandzakpress.net\/arhiva\/a-sad-uzivancija-dva-i-po-meseca\/\" \/>\n<meta property=\"og:site_name\" content=\"Sand\u017eak PRESS\" \/>\n<meta property=\"article:published_time\" content=\"2019-06-15T12:55:44+00:00\" \/>\n<meta property=\"og:image\" content=\"https:\/\/sandzakpress.net\/arhiva\/wp-content\/uploads\/2019\/06\/ranac.jpg\" \/>\n\t<meta property=\"og:image:width\" content=\"800\" \/>\n\t<meta property=\"og:image:height\" content=\"445\" \/>\n\t<meta property=\"og:image:type\" content=\"image\/jpeg\" \/>\n<meta name=\"author\" content=\"Agencija\" \/>\n<meta name=\"twitter:card\" content=\"summary_large_image\" \/>\n<meta name=\"twitter:label1\" content=\"Written by\" \/>\n\t<meta name=\"twitter:data1\" content=\"Agencija\" \/>\n\t<meta name=\"twitter:label2\" content=\"Est. reading time\" \/>\n\t<meta name=\"twitter:data2\" content=\"2 minute\" \/>\n<script type=\"application\/ld+json\" class=\"yoast-schema-graph\">{\"@context\":\"https:\/\/schema.org\",\"@graph\":[{\"@type\":\"Article\",\"@id\":\"https:\/\/sandzakpress.net\/arhiva\/a-sad-uzivancija-dva-i-po-meseca\/#article\",\"isPartOf\":{\"@id\":\"https:\/\/sandzakpress.net\/arhiva\/a-sad-uzivancija-dva-i-po-meseca\/\"},\"author\":{\"name\":\"Agencija\",\"@id\":\"https:\/\/sandzakpress.net\/arhiva\/#\/schema\/person\/cb59d7e3ab91ab90dd680ad0305a6185\"},\"headline\":\"A sad\u2026 u\u017eivancija dva i po meseca\",\"datePublished\":\"2019-06-15T12:55:44+00:00\",\"mainEntityOfPage\":{\"@id\":\"https:\/\/sandzakpress.net\/arhiva\/a-sad-uzivancija-dva-i-po-meseca\/\"},\"wordCount\":463,\"commentCount\":0,\"publisher\":{\"@id\":\"https:\/\/sandzakpress.net\/arhiva\/#\/schema\/person\/6e72b67d6e51910a1117b3b483ba20bd\"},\"image\":{\"@id\":\"https:\/\/sandzakpress.net\/arhiva\/a-sad-uzivancija-dva-i-po-meseca\/#primaryimage\"},\"thumbnailUrl\":\"https:\/\/sandzakpress.net\/arhiva\/wp-content\/uploads\/2019\/06\/ranac.jpg\",\"articleSection\":[\"Novi Pazar\",\"Sjenica\",\"Tutin\",\"Prijepolje\",\"Priboj\",\"Obrazovanje\",\"Nova Varo\u0161\"],\"inLanguage\":\"bs-BA\",\"potentialAction\":[{\"@type\":\"CommentAction\",\"name\":\"Comment\",\"target\":[\"https:\/\/sandzakpress.net\/arhiva\/a-sad-uzivancija-dva-i-po-meseca\/#respond\"]}]},{\"@type\":\"WebPage\",\"@id\":\"https:\/\/sandzakpress.net\/arhiva\/a-sad-uzivancija-dva-i-po-meseca\/\",\"url\":\"https:\/\/sandzakpress.net\/arhiva\/a-sad-uzivancija-dva-i-po-meseca\/\",\"name\":\"A sad\u2026 u\u017eivancija dva i po meseca\",\"isPartOf\":{\"@id\":\"https:\/\/sandzakpress.net\/arhiva\/#website\"},\"primaryImageOfPage\":{\"@id\":\"https:\/\/sandzakpress.net\/arhiva\/a-sad-uzivancija-dva-i-po-meseca\/#primaryimage\"},\"image\":{\"@id\":\"https:\/\/sandzakpress.net\/arhiva\/a-sad-uzivancija-dva-i-po-meseca\/#primaryimage\"},\"thumbnailUrl\":\"https:\/\/sandzakpress.net\/arhiva\/wp-content\/uploads\/2019\/06\/ranac.jpg\",\"datePublished\":\"2019-06-15T12:55:44+00:00\",\"breadcrumb\":{\"@id\":\"https:\/\/sandzakpress.net\/arhiva\/a-sad-uzivancija-dva-i-po-meseca\/#breadcrumb\"},\"inLanguage\":\"bs-BA\",\"potentialAction\":[{\"@type\":\"ReadAction\",\"target\":[\"https:\/\/sandzakpress.net\/arhiva\/a-sad-uzivancija-dva-i-po-meseca\/\"]}]},{\"@type\":\"ImageObject\",\"inLanguage\":\"bs-BA\",\"@id\":\"https:\/\/sandzakpress.net\/arhiva\/a-sad-uzivancija-dva-i-po-meseca\/#primaryimage\",\"url\":\"https:\/\/sandzakpress.net\/arhiva\/wp-content\/uploads\/2019\/06\/ranac.jpg\",\"contentUrl\":\"https:\/\/sandzakpress.net\/arhiva\/wp-content\/uploads\/2019\/06\/ranac.jpg\",\"width\":800,\"height\":445},{\"@type\":\"BreadcrumbList\",\"@id\":\"https:\/\/sandzakpress.net\/arhiva\/a-sad-uzivancija-dva-i-po-meseca\/#breadcrumb\",\"itemListElement\":[{\"@type\":\"ListItem\",\"position\":1,\"name\":\"Home\",\"item\":\"https:\/\/sandzakpress.net\/arhiva\/\"},{\"@type\":\"ListItem\",\"position\":2,\"name\":\"A sad\u2026 u\u017eivancija dva i po meseca\"}]},{\"@type\":\"WebSite\",\"@id\":\"https:\/\/sandzakpress.net\/arhiva\/#website\",\"url\":\"https:\/\/sandzakpress.net\/arhiva\/\",\"name\":\"Sand\u017eak PRESS\",\"description\":\"Prve elektronske novine u Sand\u017eaku\",\"publisher\":{\"@id\":\"https:\/\/sandzakpress.net\/arhiva\/#\/schema\/person\/6e72b67d6e51910a1117b3b483ba20bd\"},\"potentialAction\":[{\"@type\":\"SearchAction\",\"target\":{\"@type\":\"EntryPoint\",\"urlTemplate\":\"https:\/\/sandzakpress.net\/arhiva\/?s={search_term_string}\"},\"query-input\":{\"@type\":\"PropertyValueSpecification\",\"valueRequired\":true,\"valueName\":\"search_term_string\"}}],\"inLanguage\":\"bs-BA\"},{\"@type\":[\"Person\",\"Organization\"],\"@id\":\"https:\/\/sandzakpress.net\/arhiva\/#\/schema\/person\/6e72b67d6e51910a1117b3b483ba20bd\",\"name\":\"Kul\",\"image\":{\"@type\":\"ImageObject\",\"inLanguage\":\"bs-BA\",\"@id\":\"https:\/\/sandzakpress.net\/arhiva\/#\/schema\/person\/image\/\",\"url\":\"https:\/\/secure.gravatar.com\/avatar\/42263f39aa27ac04c43cab85c280eb2e?s=96&d=mm&r=pg\",\"contentUrl\":\"https:\/\/secure.gravatar.com\/avatar\/42263f39aa27ac04c43cab85c280eb2e?s=96&d=mm&r=pg\",\"caption\":\"Kul\"},\"logo\":{\"@id\":\"https:\/\/sandzakpress.net\/arhiva\/#\/schema\/person\/image\/\"}},{\"@type\":\"Person\",\"@id\":\"https:\/\/sandzakpress.net\/arhiva\/#\/schema\/person\/cb59d7e3ab91ab90dd680ad0305a6185\",\"name\":\"Agencija\",\"image\":{\"@type\":\"ImageObject\",\"inLanguage\":\"bs-BA\",\"@id\":\"https:\/\/sandzakpress.net\/arhiva\/#\/schema\/person\/image\/\",\"url\":\"https:\/\/secure.gravatar.com\/avatar\/4b7fafa80a22f0c2afe23966b3961fe0?s=96&d=mm&r=pg\",\"contentUrl\":\"https:\/\/secure.gravatar.com\/avatar\/4b7fafa80a22f0c2afe23966b3961fe0?s=96&d=mm&r=pg\",\"caption\":\"Agencija\"},\"url\":\"https:\/\/sandzakpress.net\/arhiva\/author\/agencija\/\"}]}<\/script>\n<!-- \/ Yoast SEO Premium plugin. -->","yoast_head_json":{"title":"A sad\u2026 u\u017eivancija dva i po meseca","robots":{"index":"index","follow":"follow","max-snippet":"max-snippet:-1","max-image-preview":"max-image-preview:large","max-video-preview":"max-video-preview:-1"},"canonical":"https:\/\/sandzakpress.net\/arhiva\/a-sad-uzivancija-dva-i-po-meseca\/","og_locale":"bs_BA","og_type":"article","og_title":"A sad\u2026 u\u017eivancija dva i po meseca","og_description":"Osnovcima od prvog do sedmog razreda danas je poslednji radni dan u ovoj \u0161kolskoj godini. Osmaci su nastavu zavr\u0161ili 31. maja, ali ih u ponedeljak, utorak i sredu \u2013 17,18. i 19. juna \u010deka zavr\u0161ni ispit. Za u\u010denike srednih \u0161kola nastava traje do 21. juna. Maturanti \u010detvorogodi\u0161njih i trogodi\u0161njih \u0161kola raspustili su se 31. maja. [&hellip;]","og_url":"https:\/\/sandzakpress.net\/arhiva\/a-sad-uzivancija-dva-i-po-meseca\/","og_site_name":"Sand\u017eak PRESS","article_published_time":"2019-06-15T12:55:44+00:00","og_image":[{"width":800,"height":445,"url":"https:\/\/sandzakpress.net\/arhiva\/wp-content\/uploads\/2019\/06\/ranac.jpg","type":"image\/jpeg"}],"author":"Agencija","twitter_card":"summary_large_image","twitter_misc":{"Written by":"Agencija","Est. reading time":"2 minute"},"schema":{"@context":"https:\/\/schema.org","@graph":[{"@type":"Article","@id":"https:\/\/sandzakpress.net\/arhiva\/a-sad-uzivancija-dva-i-po-meseca\/#article","isPartOf":{"@id":"https:\/\/sandzakpress.net\/arhiva\/a-sad-uzivancija-dva-i-po-meseca\/"},"author":{"name":"Agencija","@id":"https:\/\/sandzakpress.net\/arhiva\/#\/schema\/person\/cb59d7e3ab91ab90dd680ad0305a6185"},"headline":"A sad\u2026 u\u017eivancija dva i po meseca","datePublished":"2019-06-15T12:55:44+00:00","mainEntityOfPage":{"@id":"https:\/\/sandzakpress.net\/arhiva\/a-sad-uzivancija-dva-i-po-meseca\/"},"wordCount":463,"commentCount":0,"publisher":{"@id":"https:\/\/sandzakpress.net\/arhiva\/#\/schema\/person\/6e72b67d6e51910a1117b3b483ba20bd"},"image":{"@id":"https:\/\/sandzakpress.net\/arhiva\/a-sad-uzivancija-dva-i-po-meseca\/#primaryimage"},"thumbnailUrl":"https:\/\/sandzakpress.net\/arhiva\/wp-content\/uploads\/2019\/06\/ranac.jpg","articleSection":["Novi Pazar","Sjenica","Tutin","Prijepolje","Priboj","Obrazovanje","Nova Varo\u0161"],"inLanguage":"bs-BA","potentialAction":[{"@type":"CommentAction","name":"Comment","target":["https:\/\/sandzakpress.net\/arhiva\/a-sad-uzivancija-dva-i-po-meseca\/#respond"]}]},{"@type":"WebPage","@id":"https:\/\/sandzakpress.net\/arhiva\/a-sad-uzivancija-dva-i-po-meseca\/","url":"https:\/\/sandzakpress.net\/arhiva\/a-sad-uzivancija-dva-i-po-meseca\/","name":"A sad\u2026 u\u017eivancija dva i po meseca","isPartOf":{"@id":"https:\/\/sandzakpress.net\/arhiva\/#website"},"primaryImageOfPage":{"@id":"https:\/\/sandzakpress.net\/arhiva\/a-sad-uzivancija-dva-i-po-meseca\/#primaryimage"},"image":{"@id":"https:\/\/sandzakpress.net\/arhiva\/a-sad-uzivancija-dva-i-po-meseca\/#primaryimage"},"thumbnailUrl":"https:\/\/sandzakpress.net\/arhiva\/wp-content\/uploads\/2019\/06\/ranac.jpg","datePublished":"2019-06-15T12:55:44+00:00","breadcrumb":{"@id":"https:\/\/sandzakpress.net\/arhiva\/a-sad-uzivancija-dva-i-po-meseca\/#breadcrumb"},"inLanguage":"bs-BA","potentialAction":[{"@type":"ReadAction","target":["https:\/\/sandzakpress.net\/arhiva\/a-sad-uzivancija-dva-i-po-meseca\/"]}]},{"@type":"ImageObject","inLanguage":"bs-BA","@id":"https:\/\/sandzakpress.net\/arhiva\/a-sad-uzivancija-dva-i-po-meseca\/#primaryimage","url":"https:\/\/sandzakpress.net\/arhiva\/wp-content\/uploads\/2019\/06\/ranac.jpg","contentUrl":"https:\/\/sandzakpress.net\/arhiva\/wp-content\/uploads\/2019\/06\/ranac.jpg","width":800,"height":445},{"@type":"BreadcrumbList","@id":"https:\/\/sandzakpress.net\/arhiva\/a-sad-uzivancija-dva-i-po-meseca\/#breadcrumb","itemListElement":[{"@type":"ListItem","position":1,"name":"Home","item":"https:\/\/sandzakpress.net\/arhiva\/"},{"@type":"ListItem","position":2,"name":"A sad\u2026 u\u017eivancija dva i po meseca"}]},{"@type":"WebSite","@id":"https:\/\/sandzakpress.net\/arhiva\/#website","url":"https:\/\/sandzakpress.net\/arhiva\/","name":"Sand\u017eak PRESS","description":"Prve elektronske novine u Sand\u017eaku","publisher":{"@id":"https:\/\/sandzakpress.net\/arhiva\/#\/schema\/person\/6e72b67d6e51910a1117b3b483ba20bd"},"potentialAction":[{"@type":"SearchAction","target":{"@type":"EntryPoint","urlTemplate":"https:\/\/sandzakpress.net\/arhiva\/?s={search_term_string}"},"query-input":{"@type":"PropertyValueSpecification","valueRequired":true,"valueName":"search_term_string"}}],"inLanguage":"bs-BA"},{"@type":["Person","Organization"],"@id":"https:\/\/sandzakpress.net\/arhiva\/#\/schema\/person\/6e72b67d6e51910a1117b3b483ba20bd","name":"Kul","image":{"@type":"ImageObject","inLanguage":"bs-BA","@id":"https:\/\/sandzakpress.net\/arhiva\/#\/schema\/person\/image\/","url":"https:\/\/secure.gravatar.com\/avatar\/42263f39aa27ac04c43cab85c280eb2e?s=96&d=mm&r=pg","contentUrl":"https:\/\/secure.gravatar.com\/avatar\/42263f39aa27ac04c43cab85c280eb2e?s=96&d=mm&r=pg","caption":"Kul"},"logo":{"@id":"https:\/\/sandzakpress.net\/arhiva\/#\/schema\/person\/image\/"}},{"@type":"Person","@id":"https:\/\/sandzakpress.net\/arhiva\/#\/schema\/person\/cb59d7e3ab91ab90dd680ad0305a6185","name":"Agencija","image":{"@type":"ImageObject","inLanguage":"bs-BA","@id":"https:\/\/sandzakpress.net\/arhiva\/#\/schema\/person\/image\/","url":"https:\/\/secure.gravatar.com\/avatar\/4b7fafa80a22f0c2afe23966b3961fe0?s=96&d=mm&r=pg","contentUrl":"https:\/\/secure.gravatar.com\/avatar\/4b7fafa80a22f0c2afe23966b3961fe0?s=96&d=mm&r=pg","caption":"Agencija"},"url":"https:\/\/sandzakpress.net\/arhiva\/author\/agencija\/"}]}},"_links":{"self":[{"href":"https:\/\/sandzakpress.net\/arhiva\/wp-json\/wp\/v2\/posts\/224805"}],"collection":[{"href":"https:\/\/sandzakpress.net\/arhiva\/wp-json\/wp\/v2\/posts"}],"about":[{"href":"https:\/\/sandzakpress.net\/arhiva\/wp-json\/wp\/v2\/types\/post"}],"author":[{"embeddable":true,"href":"https:\/\/sandzakpress.net\/arhiva\/wp-json\/wp\/v2\/users\/509"}],"replies":[{"embeddable":true,"href":"https:\/\/sandzakpress.net\/arhiva\/wp-json\/wp\/v2\/comments?post=224805"}],"version-history":[{"count":0,"href":"https:\/\/sandzakpress.net\/arhiva\/wp-json\/wp\/v2\/posts\/224805\/revisions"}],"wp:featuredmedia":[{"embeddable":true,"href":"https:\/\/sandzakpress.net\/arhiva\/wp-json\/wp\/v2\/media\/224806"}],"wp:attachment":[{"href":"https:\/\/sandzakpress.net\/arhiva\/wp-json\/wp\/v2\/media?parent=224805"}],"wp:term":[{"taxonomy":"category","embeddable":true,"href":"https:\/\/sandzakpress.net\/arhiva\/wp-json\/wp\/v2\/categories?post=224805"},{"taxonomy":"post_tag","embeddable":true,"href":"https:\/\/sandzakpress.net\/arhiva\/wp-json\/wp\/v2\/tags?post=224805"}],"curies":[{"name":"wp","href":"https:\/\/api.w.org\/{rel}","templated":true}]}}