{"id":224783,"date":"2019-06-15T13:51:18","date_gmt":"2019-06-15T11:51:18","guid":{"rendered":"https:\/\/sandzakpress.net\/arhiva\/?p=224783"},"modified":"2019-06-15T13:51:18","modified_gmt":"2019-06-15T11:51:18","slug":"pocele-prijave-za-junski-upisni-rok-na-internacionalnom-univerzitetu","status":"publish","type":"post","link":"https:\/\/sandzakpress.net\/arhiva\/pocele-prijave-za-junski-upisni-rok-na-internacionalnom-univerzitetu\/","title":{"rendered":"Po\u010dele prijave za junski upisni rok na Internacionalnom univerzitetu"},"content":{"rendered":"<p><img decoding=\"async\" src=\"http:\/\/sanapress.info\/wp-content\/uploads\/2019\/06\/uninp-upis-1024x576.jpg\" \/><\/p>\n<p><strong>Na Internacionalnom univerzitetu u Novom Pazaru zapo\u010delo je prijavljivanje na konkurs za junski upisni rok za osnovne akademske studije za \u0161kolsku 2019\/2020. godinu.<\/strong><\/p>\n<p>PR menad\u017eer Internacionalnog univerziteta isti\u010de da interesovanje srednjo\u0161kolaca za sve smjerove ve\u0107 postoji.<\/p>\n<p><em>\u201ePredaja dokumenata je otpo\u010dela 10. juna i mo\u017eemo re\u0107i da smo veoma zadovoljni trenutnim interesovanjem svr\u0161enih srednjo\u0161kolaca. Predaja dokumentacije obavljat \u0107e se do 5. jula a nakon toga \u0107e 7. jula biti organizovan i prijemni ispit, rezultati prijemnog ispita kao i upis primljenih kandidata objavit \u0107e se u periodu nakon 8. jula.\u201d,\u00a0<\/em>istakla PR Jasmina Nik\u0161i\u0107<\/p>\n<div class=\"youtube-embed\" data-video_id=\"9Yrs0y83mtI\"><iframe loading=\"lazy\" title=\"Po\u010dele prijave za upisni rok na iunp\" width=\"696\" height=\"392\" src=\"https:\/\/www.youtube.com\/embed\/9Yrs0y83mtI?feature=oembed&#038;enablejsapi=1\" frameborder=\"0\" allow=\"accelerometer; autoplay; encrypted-media; gyroscope; picture-in-picture\" allowfullscreen><\/iframe><\/div>\n<p>Zainteresirani srednjo\u0161kolci mogu upisati neki od smjerova sa 6 Departmana.<\/p>\n<p><em>\u201eDepartman za pravne nauke sa smjerovima op\u0161te pravo i pravo unutarnjih poslova, Departman za ekonomske nauke, op\u0161ta ekonomija, Departman za pedago\u0161ko-psiholo\u0161ke nauke gdje se svr\u0161eni srednjo\u0161kolci mogu opredijeliti za vaspita\u010da djece pred\u0161kolskog uzrasta ili smjer psihologije, Departman umjetnosti sa smjerovima grafika i slikarstvo, dakle likovna umjetnost, ili smjer modni dizajn, Departman za ra\u010dunarske nauke sa smjerom informatika i Departman za filolo\u0161ke nauke sa tri smjera, germanistika, anglistika, srpski jezik i knji\u017eevnost i bosanski jezik i bo\u0161nja\u010dka knji\u017eevnost.\u201c<\/em><\/p>\n<p>U toku i pripremna nastava za srednjo\u0161kolce koji \u017eele upisati departman umjetnosti.<\/p>\n<p><em>\u201cJa bih jo\u0161 napomenula da je za Departman umjetnosti, za sve kandidate sa Departmana umjetnosti organizovana i pripremna nastava gdje \u0107e oni svakog ponedjeljka i \u010detvrtka u periodu od 10 do 14h imati mogu\u0107nost da sa svojim budu\u0107im asistentima i profesorima rade na pripremi za polaganje posebnog dijela prijemnog ispita. Za prijemni ispit se pola\u017ee test op\u0161te informisanosti ali i test posebnih znanja u zavisnosti od toga za koji se Departman kandidat opredijelio.\u201d<\/em><\/p>\n<p>Za sve one koji ne budu uspjeli da pola\u017eu prijemni ispit u u junskom roku bi\u0107e organiziran i septembarski upisni rok. Sve bli\u017ee informacije zainteresirani srednjo\u0161kolci mogu dobiti putem web adrese, dru\u0161tvenih mre\u017ea kao i na pultu Internacionalnog univerziteta u periodu od 8 do 15h.<\/p>\n<p><em>izvor: SANA<\/em><\/p>\n","protected":false},"excerpt":{"rendered":"<p>Na Internacionalnom univerzitetu u Novom Pazaru zapo\u010delo je prijavljivanje na konkurs za junski upisni rok za osnovne akademske studije za \u0161kolsku 2019\/2020. godinu. PR menad\u017eer Internacionalnog univerziteta isti\u010de da interesovanje srednjo\u0161kolaca za sve smjerove ve\u0107 postoji. \u201ePredaja dokumenata je otpo\u010dela 10. juna i mo\u017eemo re\u0107i da smo veoma zadovoljni trenutnim interesovanjem svr\u0161enih srednjo\u0161kolaca. Predaja dokumentacije [&hellip;]<\/p>\n","protected":false},"author":509,"featured_media":224788,"comment_status":"open","ping_status":"open","sticky":false,"template":"","format":"standard","meta":{"footnotes":""},"categories":[72,4,8957],"tags":[],"class_list":{"0":"post-224783","1":"post","2":"type-post","3":"status-publish","4":"format-standard","5":"has-post-thumbnail","7":"category-novi-pazar","8":"category-obrazovanje","9":"category-vijesti-dana"},"yoast_head":"<!-- This site is optimized with the Yoast SEO Premium plugin v23.1 (Yoast SEO v24.9) - https:\/\/yoast.com\/wordpress\/plugins\/seo\/ -->\n<title>Po\u010dele prijave za junski upisni rok na Internacionalnom univerzitetu<\/title>\n<meta name=\"robots\" content=\"index, follow, max-snippet:-1, max-image-preview:large, max-video-preview:-1\" \/>\n<link rel=\"canonical\" href=\"https:\/\/sandzakpress.net\/arhiva\/pocele-prijave-za-junski-upisni-rok-na-internacionalnom-univerzitetu\/\" \/>\n<meta property=\"og:locale\" content=\"bs_BA\" \/>\n<meta property=\"og:type\" content=\"article\" \/>\n<meta property=\"og:title\" content=\"Po\u010dele prijave za junski upisni rok na Internacionalnom univerzitetu\" \/>\n<meta property=\"og:description\" content=\"Na Internacionalnom univerzitetu u Novom Pazaru zapo\u010delo je prijavljivanje na konkurs za junski upisni rok za osnovne akademske studije za \u0161kolsku 2019\/2020. godinu. PR menad\u017eer Internacionalnog univerziteta isti\u010de da interesovanje srednjo\u0161kolaca za sve smjerove ve\u0107 postoji. \u201ePredaja dokumenata je otpo\u010dela 10. juna i mo\u017eemo re\u0107i da smo veoma zadovoljni trenutnim interesovanjem svr\u0161enih srednjo\u0161kolaca. Predaja dokumentacije [&hellip;]\" \/>\n<meta property=\"og:url\" content=\"https:\/\/sandzakpress.net\/arhiva\/pocele-prijave-za-junski-upisni-rok-na-internacionalnom-univerzitetu\/\" \/>\n<meta property=\"og:site_name\" content=\"Sand\u017eak PRESS\" \/>\n<meta property=\"article:published_time\" content=\"2019-06-15T11:51:18+00:00\" \/>\n<meta property=\"og:image\" content=\"https:\/\/sandzakpress.net\/arhiva\/wp-content\/uploads\/2019\/06\/uninp-upis-1024x576.jpg\" \/>\n\t<meta property=\"og:image:width\" content=\"1024\" \/>\n\t<meta property=\"og:image:height\" content=\"576\" \/>\n\t<meta property=\"og:image:type\" content=\"image\/jpeg\" \/>\n<meta name=\"author\" content=\"Agencija\" \/>\n<meta name=\"twitter:card\" content=\"summary_large_image\" \/>\n<meta name=\"twitter:label1\" content=\"Written by\" \/>\n\t<meta name=\"twitter:data1\" content=\"Agencija\" \/>\n\t<meta name=\"twitter:label2\" content=\"Est. reading time\" \/>\n\t<meta name=\"twitter:data2\" content=\"2 minute\" \/>\n<script type=\"application\/ld+json\" class=\"yoast-schema-graph\">{\"@context\":\"https:\/\/schema.org\",\"@graph\":[{\"@type\":\"Article\",\"@id\":\"https:\/\/sandzakpress.net\/arhiva\/pocele-prijave-za-junski-upisni-rok-na-internacionalnom-univerzitetu\/#article\",\"isPartOf\":{\"@id\":\"https:\/\/sandzakpress.net\/arhiva\/pocele-prijave-za-junski-upisni-rok-na-internacionalnom-univerzitetu\/\"},\"author\":{\"name\":\"Agencija\",\"@id\":\"https:\/\/sandzakpress.net\/arhiva\/#\/schema\/person\/cb59d7e3ab91ab90dd680ad0305a6185\"},\"headline\":\"Po\u010dele prijave za junski upisni rok na Internacionalnom univerzitetu\",\"datePublished\":\"2019-06-15T11:51:18+00:00\",\"mainEntityOfPage\":{\"@id\":\"https:\/\/sandzakpress.net\/arhiva\/pocele-prijave-za-junski-upisni-rok-na-internacionalnom-univerzitetu\/\"},\"wordCount\":358,\"commentCount\":0,\"publisher\":{\"@id\":\"https:\/\/sandzakpress.net\/arhiva\/#\/schema\/person\/6e72b67d6e51910a1117b3b483ba20bd\"},\"image\":{\"@id\":\"https:\/\/sandzakpress.net\/arhiva\/pocele-prijave-za-junski-upisni-rok-na-internacionalnom-univerzitetu\/#primaryimage\"},\"thumbnailUrl\":\"https:\/\/sandzakpress.net\/arhiva\/wp-content\/uploads\/2019\/06\/uninp-upis-1024x576.jpg\",\"articleSection\":[\"Novi Pazar\",\"Obrazovanje\",\"VIJESTI DANA\"],\"inLanguage\":\"bs-BA\",\"potentialAction\":[{\"@type\":\"CommentAction\",\"name\":\"Comment\",\"target\":[\"https:\/\/sandzakpress.net\/arhiva\/pocele-prijave-za-junski-upisni-rok-na-internacionalnom-univerzitetu\/#respond\"]}]},{\"@type\":\"WebPage\",\"@id\":\"https:\/\/sandzakpress.net\/arhiva\/pocele-prijave-za-junski-upisni-rok-na-internacionalnom-univerzitetu\/\",\"url\":\"https:\/\/sandzakpress.net\/arhiva\/pocele-prijave-za-junski-upisni-rok-na-internacionalnom-univerzitetu\/\",\"name\":\"Po\u010dele prijave za junski upisni rok na Internacionalnom univerzitetu\",\"isPartOf\":{\"@id\":\"https:\/\/sandzakpress.net\/arhiva\/#website\"},\"primaryImageOfPage\":{\"@id\":\"https:\/\/sandzakpress.net\/arhiva\/pocele-prijave-za-junski-upisni-rok-na-internacionalnom-univerzitetu\/#primaryimage\"},\"image\":{\"@id\":\"https:\/\/sandzakpress.net\/arhiva\/pocele-prijave-za-junski-upisni-rok-na-internacionalnom-univerzitetu\/#primaryimage\"},\"thumbnailUrl\":\"https:\/\/sandzakpress.net\/arhiva\/wp-content\/uploads\/2019\/06\/uninp-upis-1024x576.jpg\",\"datePublished\":\"2019-06-15T11:51:18+00:00\",\"breadcrumb\":{\"@id\":\"https:\/\/sandzakpress.net\/arhiva\/pocele-prijave-za-junski-upisni-rok-na-internacionalnom-univerzitetu\/#breadcrumb\"},\"inLanguage\":\"bs-BA\",\"potentialAction\":[{\"@type\":\"ReadAction\",\"target\":[\"https:\/\/sandzakpress.net\/arhiva\/pocele-prijave-za-junski-upisni-rok-na-internacionalnom-univerzitetu\/\"]}]},{\"@type\":\"ImageObject\",\"inLanguage\":\"bs-BA\",\"@id\":\"https:\/\/sandzakpress.net\/arhiva\/pocele-prijave-za-junski-upisni-rok-na-internacionalnom-univerzitetu\/#primaryimage\",\"url\":\"https:\/\/sandzakpress.net\/arhiva\/wp-content\/uploads\/2019\/06\/uninp-upis-1024x576.jpg\",\"contentUrl\":\"https:\/\/sandzakpress.net\/arhiva\/wp-content\/uploads\/2019\/06\/uninp-upis-1024x576.jpg\",\"width\":1024,\"height\":576},{\"@type\":\"BreadcrumbList\",\"@id\":\"https:\/\/sandzakpress.net\/arhiva\/pocele-prijave-za-junski-upisni-rok-na-internacionalnom-univerzitetu\/#breadcrumb\",\"itemListElement\":[{\"@type\":\"ListItem\",\"position\":1,\"name\":\"Home\",\"item\":\"https:\/\/sandzakpress.net\/arhiva\/\"},{\"@type\":\"ListItem\",\"position\":2,\"name\":\"Po\u010dele prijave za junski upisni rok na Internacionalnom univerzitetu\"}]},{\"@type\":\"WebSite\",\"@id\":\"https:\/\/sandzakpress.net\/arhiva\/#website\",\"url\":\"https:\/\/sandzakpress.net\/arhiva\/\",\"name\":\"Sand\u017eak PRESS\",\"description\":\"Prve elektronske novine u Sand\u017eaku\",\"publisher\":{\"@id\":\"https:\/\/sandzakpress.net\/arhiva\/#\/schema\/person\/6e72b67d6e51910a1117b3b483ba20bd\"},\"potentialAction\":[{\"@type\":\"SearchAction\",\"target\":{\"@type\":\"EntryPoint\",\"urlTemplate\":\"https:\/\/sandzakpress.net\/arhiva\/?s={search_term_string}\"},\"query-input\":{\"@type\":\"PropertyValueSpecification\",\"valueRequired\":true,\"valueName\":\"search_term_string\"}}],\"inLanguage\":\"bs-BA\"},{\"@type\":[\"Person\",\"Organization\"],\"@id\":\"https:\/\/sandzakpress.net\/arhiva\/#\/schema\/person\/6e72b67d6e51910a1117b3b483ba20bd\",\"name\":\"Kul\",\"image\":{\"@type\":\"ImageObject\",\"inLanguage\":\"bs-BA\",\"@id\":\"https:\/\/sandzakpress.net\/arhiva\/#\/schema\/person\/image\/\",\"url\":\"https:\/\/secure.gravatar.com\/avatar\/42263f39aa27ac04c43cab85c280eb2e?s=96&d=mm&r=pg\",\"contentUrl\":\"https:\/\/secure.gravatar.com\/avatar\/42263f39aa27ac04c43cab85c280eb2e?s=96&d=mm&r=pg\",\"caption\":\"Kul\"},\"logo\":{\"@id\":\"https:\/\/sandzakpress.net\/arhiva\/#\/schema\/person\/image\/\"}},{\"@type\":\"Person\",\"@id\":\"https:\/\/sandzakpress.net\/arhiva\/#\/schema\/person\/cb59d7e3ab91ab90dd680ad0305a6185\",\"name\":\"Agencija\",\"image\":{\"@type\":\"ImageObject\",\"inLanguage\":\"bs-BA\",\"@id\":\"https:\/\/sandzakpress.net\/arhiva\/#\/schema\/person\/image\/\",\"url\":\"https:\/\/secure.gravatar.com\/avatar\/4b7fafa80a22f0c2afe23966b3961fe0?s=96&d=mm&r=pg\",\"contentUrl\":\"https:\/\/secure.gravatar.com\/avatar\/4b7fafa80a22f0c2afe23966b3961fe0?s=96&d=mm&r=pg\",\"caption\":\"Agencija\"},\"url\":\"https:\/\/sandzakpress.net\/arhiva\/author\/agencija\/\"}]}<\/script>\n<!-- \/ Yoast SEO Premium plugin. -->","yoast_head_json":{"title":"Po\u010dele prijave za junski upisni rok na Internacionalnom univerzitetu","robots":{"index":"index","follow":"follow","max-snippet":"max-snippet:-1","max-image-preview":"max-image-preview:large","max-video-preview":"max-video-preview:-1"},"canonical":"https:\/\/sandzakpress.net\/arhiva\/pocele-prijave-za-junski-upisni-rok-na-internacionalnom-univerzitetu\/","og_locale":"bs_BA","og_type":"article","og_title":"Po\u010dele prijave za junski upisni rok na Internacionalnom univerzitetu","og_description":"Na Internacionalnom univerzitetu u Novom Pazaru zapo\u010delo je prijavljivanje na konkurs za junski upisni rok za osnovne akademske studije za \u0161kolsku 2019\/2020. godinu. PR menad\u017eer Internacionalnog univerziteta isti\u010de da interesovanje srednjo\u0161kolaca za sve smjerove ve\u0107 postoji. \u201ePredaja dokumenata je otpo\u010dela 10. juna i mo\u017eemo re\u0107i da smo veoma zadovoljni trenutnim interesovanjem svr\u0161enih srednjo\u0161kolaca. Predaja dokumentacije [&hellip;]","og_url":"https:\/\/sandzakpress.net\/arhiva\/pocele-prijave-za-junski-upisni-rok-na-internacionalnom-univerzitetu\/","og_site_name":"Sand\u017eak PRESS","article_published_time":"2019-06-15T11:51:18+00:00","og_image":[{"width":1024,"height":576,"url":"https:\/\/sandzakpress.net\/arhiva\/wp-content\/uploads\/2019\/06\/uninp-upis-1024x576.jpg","type":"image\/jpeg"}],"author":"Agencija","twitter_card":"summary_large_image","twitter_misc":{"Written by":"Agencija","Est. reading time":"2 minute"},"schema":{"@context":"https:\/\/schema.org","@graph":[{"@type":"Article","@id":"https:\/\/sandzakpress.net\/arhiva\/pocele-prijave-za-junski-upisni-rok-na-internacionalnom-univerzitetu\/#article","isPartOf":{"@id":"https:\/\/sandzakpress.net\/arhiva\/pocele-prijave-za-junski-upisni-rok-na-internacionalnom-univerzitetu\/"},"author":{"name":"Agencija","@id":"https:\/\/sandzakpress.net\/arhiva\/#\/schema\/person\/cb59d7e3ab91ab90dd680ad0305a6185"},"headline":"Po\u010dele prijave za junski upisni rok na Internacionalnom univerzitetu","datePublished":"2019-06-15T11:51:18+00:00","mainEntityOfPage":{"@id":"https:\/\/sandzakpress.net\/arhiva\/pocele-prijave-za-junski-upisni-rok-na-internacionalnom-univerzitetu\/"},"wordCount":358,"commentCount":0,"publisher":{"@id":"https:\/\/sandzakpress.net\/arhiva\/#\/schema\/person\/6e72b67d6e51910a1117b3b483ba20bd"},"image":{"@id":"https:\/\/sandzakpress.net\/arhiva\/pocele-prijave-za-junski-upisni-rok-na-internacionalnom-univerzitetu\/#primaryimage"},"thumbnailUrl":"https:\/\/sandzakpress.net\/arhiva\/wp-content\/uploads\/2019\/06\/uninp-upis-1024x576.jpg","articleSection":["Novi Pazar","Obrazovanje","VIJESTI DANA"],"inLanguage":"bs-BA","potentialAction":[{"@type":"CommentAction","name":"Comment","target":["https:\/\/sandzakpress.net\/arhiva\/pocele-prijave-za-junski-upisni-rok-na-internacionalnom-univerzitetu\/#respond"]}]},{"@type":"WebPage","@id":"https:\/\/sandzakpress.net\/arhiva\/pocele-prijave-za-junski-upisni-rok-na-internacionalnom-univerzitetu\/","url":"https:\/\/sandzakpress.net\/arhiva\/pocele-prijave-za-junski-upisni-rok-na-internacionalnom-univerzitetu\/","name":"Po\u010dele prijave za junski upisni rok na Internacionalnom univerzitetu","isPartOf":{"@id":"https:\/\/sandzakpress.net\/arhiva\/#website"},"primaryImageOfPage":{"@id":"https:\/\/sandzakpress.net\/arhiva\/pocele-prijave-za-junski-upisni-rok-na-internacionalnom-univerzitetu\/#primaryimage"},"image":{"@id":"https:\/\/sandzakpress.net\/arhiva\/pocele-prijave-za-junski-upisni-rok-na-internacionalnom-univerzitetu\/#primaryimage"},"thumbnailUrl":"https:\/\/sandzakpress.net\/arhiva\/wp-content\/uploads\/2019\/06\/uninp-upis-1024x576.jpg","datePublished":"2019-06-15T11:51:18+00:00","breadcrumb":{"@id":"https:\/\/sandzakpress.net\/arhiva\/pocele-prijave-za-junski-upisni-rok-na-internacionalnom-univerzitetu\/#breadcrumb"},"inLanguage":"bs-BA","potentialAction":[{"@type":"ReadAction","target":["https:\/\/sandzakpress.net\/arhiva\/pocele-prijave-za-junski-upisni-rok-na-internacionalnom-univerzitetu\/"]}]},{"@type":"ImageObject","inLanguage":"bs-BA","@id":"https:\/\/sandzakpress.net\/arhiva\/pocele-prijave-za-junski-upisni-rok-na-internacionalnom-univerzitetu\/#primaryimage","url":"https:\/\/sandzakpress.net\/arhiva\/wp-content\/uploads\/2019\/06\/uninp-upis-1024x576.jpg","contentUrl":"https:\/\/sandzakpress.net\/arhiva\/wp-content\/uploads\/2019\/06\/uninp-upis-1024x576.jpg","width":1024,"height":576},{"@type":"BreadcrumbList","@id":"https:\/\/sandzakpress.net\/arhiva\/pocele-prijave-za-junski-upisni-rok-na-internacionalnom-univerzitetu\/#breadcrumb","itemListElement":[{"@type":"ListItem","position":1,"name":"Home","item":"https:\/\/sandzakpress.net\/arhiva\/"},{"@type":"ListItem","position":2,"name":"Po\u010dele prijave za junski upisni rok na Internacionalnom univerzitetu"}]},{"@type":"WebSite","@id":"https:\/\/sandzakpress.net\/arhiva\/#website","url":"https:\/\/sandzakpress.net\/arhiva\/","name":"Sand\u017eak PRESS","description":"Prve elektronske novine u Sand\u017eaku","publisher":{"@id":"https:\/\/sandzakpress.net\/arhiva\/#\/schema\/person\/6e72b67d6e51910a1117b3b483ba20bd"},"potentialAction":[{"@type":"SearchAction","target":{"@type":"EntryPoint","urlTemplate":"https:\/\/sandzakpress.net\/arhiva\/?s={search_term_string}"},"query-input":{"@type":"PropertyValueSpecification","valueRequired":true,"valueName":"search_term_string"}}],"inLanguage":"bs-BA"},{"@type":["Person","Organization"],"@id":"https:\/\/sandzakpress.net\/arhiva\/#\/schema\/person\/6e72b67d6e51910a1117b3b483ba20bd","name":"Kul","image":{"@type":"ImageObject","inLanguage":"bs-BA","@id":"https:\/\/sandzakpress.net\/arhiva\/#\/schema\/person\/image\/","url":"https:\/\/secure.gravatar.com\/avatar\/42263f39aa27ac04c43cab85c280eb2e?s=96&d=mm&r=pg","contentUrl":"https:\/\/secure.gravatar.com\/avatar\/42263f39aa27ac04c43cab85c280eb2e?s=96&d=mm&r=pg","caption":"Kul"},"logo":{"@id":"https:\/\/sandzakpress.net\/arhiva\/#\/schema\/person\/image\/"}},{"@type":"Person","@id":"https:\/\/sandzakpress.net\/arhiva\/#\/schema\/person\/cb59d7e3ab91ab90dd680ad0305a6185","name":"Agencija","image":{"@type":"ImageObject","inLanguage":"bs-BA","@id":"https:\/\/sandzakpress.net\/arhiva\/#\/schema\/person\/image\/","url":"https:\/\/secure.gravatar.com\/avatar\/4b7fafa80a22f0c2afe23966b3961fe0?s=96&d=mm&r=pg","contentUrl":"https:\/\/secure.gravatar.com\/avatar\/4b7fafa80a22f0c2afe23966b3961fe0?s=96&d=mm&r=pg","caption":"Agencija"},"url":"https:\/\/sandzakpress.net\/arhiva\/author\/agencija\/"}]}},"_links":{"self":[{"href":"https:\/\/sandzakpress.net\/arhiva\/wp-json\/wp\/v2\/posts\/224783"}],"collection":[{"href":"https:\/\/sandzakpress.net\/arhiva\/wp-json\/wp\/v2\/posts"}],"about":[{"href":"https:\/\/sandzakpress.net\/arhiva\/wp-json\/wp\/v2\/types\/post"}],"author":[{"embeddable":true,"href":"https:\/\/sandzakpress.net\/arhiva\/wp-json\/wp\/v2\/users\/509"}],"replies":[{"embeddable":true,"href":"https:\/\/sandzakpress.net\/arhiva\/wp-json\/wp\/v2\/comments?post=224783"}],"version-history":[{"count":0,"href":"https:\/\/sandzakpress.net\/arhiva\/wp-json\/wp\/v2\/posts\/224783\/revisions"}],"wp:featuredmedia":[{"embeddable":true,"href":"https:\/\/sandzakpress.net\/arhiva\/wp-json\/wp\/v2\/media\/224788"}],"wp:attachment":[{"href":"https:\/\/sandzakpress.net\/arhiva\/wp-json\/wp\/v2\/media?parent=224783"}],"wp:term":[{"taxonomy":"category","embeddable":true,"href":"https:\/\/sandzakpress.net\/arhiva\/wp-json\/wp\/v2\/categories?post=224783"},{"taxonomy":"post_tag","embeddable":true,"href":"https:\/\/sandzakpress.net\/arhiva\/wp-json\/wp\/v2\/tags?post=224783"}],"curies":[{"name":"wp","href":"https:\/\/api.w.org\/{rel}","templated":true}]}}