{"id":224721,"date":"2019-06-13T16:02:07","date_gmt":"2019-06-13T14:02:07","guid":{"rendered":"https:\/\/sandzakpress.net\/arhiva\/?p=224721"},"modified":"2019-06-13T16:02:07","modified_gmt":"2019-06-13T14:02:07","slug":"ana-pejovic-kroz-tri-javna-poziva-do-radnog-angazovanja-100-nezaposlenih-lica","status":"publish","type":"post","link":"https:\/\/sandzakpress.net\/arhiva\/ana-pejovic-kroz-tri-javna-poziva-do-radnog-angazovanja-100-nezaposlenih-lica\/","title":{"rendered":"Ana Pejovi\u0107: Kroz tri javna poziva do radnog anga\u017eovanja 100 nezaposlenih lica"},"content":{"rendered":"<p><img decoding=\"async\" src=\"http:\/\/foruminfo.rs\/wp-content\/uploads\/2019\/06\/ana-7-681x383.jpg\" \/><\/p>\n<p><strong>Javni poziv za subvenciju za samozapo\u0161ljavanje namenjen je nezaposlenim licima koji se nalaze na evidenciji NSZ, a imaju zavr\u0161enu obuku \u201ePut do uspje\u0161nog preduzetnika\u201c.Traje do 21. jula, a za ovaj poziv planirana su sredstva u iznosu od 7,5 miliona dinara. Bespovratnim sredstvima za pokretanje sopstvenog biznisa mo\u017ee da se nada 50 lica.<\/strong><\/p>\n<p>U pitanju su jednokratni iznosi od 200.000 dinara za nezaposlena lica, 220.000 za lica koja su progla\u0161ena vi\u0161kom u firmama u kojima su radili, dok je iznos od 240.000 dinara namenjen osobama sa invaliditetom \u2013 istakla je direktorka Filijale NSZ Prijepolje Ana Pejovi\u0107 i dodala da su oni koji dobiju subvenciju obavezni da godinu dana obavljaju registrovanu delatnost i da redovno upla\u0107uju poreze i doprinose po osnovu socijalnog osiguranja.<br \/>Javni poziv za realizaciju sprovo\u0111enja javnih radova, koji je otvoren do 14. juna, namenjen je radnom anga\u017eovanju te\u017ee zapo\u0161ljivih lica, na period od 4 meseca. Mogu se sprovoditi u oblastima socijalne za\u0161tite i humanitarnog rada, odr\u017eavanja i obnavljanja javne infrastrukture, odr\u017eavanja i za\u0161tite \u017eivotne sredine i prirode, kao i u oblasti kulturne delatnosti za koju se isklju\u010divo anga\u017euju osobe sa invaliditetom.<\/p>\n<p>Sredstva koja se izdvajaju za ovu namenu koriste se za isplatu naknade zarade za lica koja su anga\u017eovana na javnim radovima u iznosu od 22.000 dinara i poslodavcima koji \u0107e na ime sprovo\u0111enja javnih radova dobiti po 2.000 dinara za svako lice koje anga\u017euju. U planu je da radno anga\u017eujemo 50 lica za javne radove za \u0161ta smo izdvojili 7,5 miliona dinara \u2013 rekla je Ana Pejovi\u0107.<br \/>Prema re\u010dima Ane Pejovi\u0107, javni poziv namenjen poslodavcima za zapo\u0161ljavanje kategorije te\u017ee zapo\u0161ljivih lica ve\u0107 je zavr\u0161en, a za zapo\u0161ljavanje 10 lica izdvojeno je 2,5 miliona dinara.Tokom 2018. godine, kroz ova tri javna poziva, u Prijepolju su radno anga\u017eovane 84 osobe, 44 kroz javne radove, 8 kroz subvenciju poslodavcima, dok su 32 osobe dobila sredstva za pokretanje neke vrste sopstvenog biznisa.<\/p>\n<p>Op\u0161irnije u video prilogu:<\/p>\n<p><iframe loading=\"lazy\" title=\"Javni pozivi NSZ op\u0161tine Prijepolje 2019.\" width=\"696\" height=\"392\" src=\"https:\/\/www.youtube.com\/embed\/i_EX9kkLTOQ?feature=oembed\" frameborder=\"0\" allow=\"accelerometer; autoplay; encrypted-media; gyroscope; picture-in-picture\" allowfullscreen><\/iframe><\/p>\n","protected":false},"excerpt":{"rendered":"<p>Javni poziv za subvenciju za samozapo\u0161ljavanje namenjen je nezaposlenim licima koji se nalaze na evidenciji NSZ, a imaju zavr\u0161enu obuku \u201ePut do uspje\u0161nog preduzetnika\u201c.Traje do 21. jula, a za ovaj poziv planirana su sredstva u iznosu od 7,5 miliona dinara. Bespovratnim sredstvima za pokretanje sopstvenog biznisa mo\u017ee da se nada 50 lica. U pitanju su [&hellip;]<\/p>\n","protected":false},"author":509,"featured_media":224724,"comment_status":"open","ping_status":"open","sticky":false,"template":"","format":"standard","meta":{"footnotes":""},"categories":[3,392],"tags":[],"class_list":{"0":"post-224721","1":"post","2":"type-post","3":"status-publish","4":"format-standard","5":"has-post-thumbnail","7":"category-privreda","8":"category-prijepolje_"},"yoast_head":"<!-- This site is optimized with the Yoast SEO Premium plugin v23.1 (Yoast SEO v24.9) - https:\/\/yoast.com\/wordpress\/plugins\/seo\/ -->\n<title>Ana Pejovi\u0107: Kroz tri javna poziva do radnog anga\u017eovanja 100 nezaposlenih lica<\/title>\n<meta name=\"robots\" content=\"index, follow, max-snippet:-1, max-image-preview:large, max-video-preview:-1\" \/>\n<link rel=\"canonical\" href=\"https:\/\/sandzakpress.net\/arhiva\/ana-pejovic-kroz-tri-javna-poziva-do-radnog-angazovanja-100-nezaposlenih-lica\/\" \/>\n<meta property=\"og:locale\" content=\"bs_BA\" \/>\n<meta property=\"og:type\" content=\"article\" \/>\n<meta property=\"og:title\" content=\"Ana Pejovi\u0107: Kroz tri javna poziva do radnog anga\u017eovanja 100 nezaposlenih lica\" \/>\n<meta property=\"og:description\" content=\"Javni poziv za subvenciju za samozapo\u0161ljavanje namenjen je nezaposlenim licima koji se nalaze na evidenciji NSZ, a imaju zavr\u0161enu obuku \u201ePut do uspje\u0161nog preduzetnika\u201c.Traje do 21. jula, a za ovaj poziv planirana su sredstva u iznosu od 7,5 miliona dinara. Bespovratnim sredstvima za pokretanje sopstvenog biznisa mo\u017ee da se nada 50 lica. U pitanju su [&hellip;]\" \/>\n<meta property=\"og:url\" content=\"https:\/\/sandzakpress.net\/arhiva\/ana-pejovic-kroz-tri-javna-poziva-do-radnog-angazovanja-100-nezaposlenih-lica\/\" \/>\n<meta property=\"og:site_name\" content=\"Sand\u017eak PRESS\" \/>\n<meta property=\"article:published_time\" content=\"2019-06-13T14:02:07+00:00\" \/>\n<meta property=\"og:image\" content=\"https:\/\/sandzakpress.net\/arhiva\/wp-content\/uploads\/2019\/06\/ana-7-681x383.jpg\" \/>\n\t<meta property=\"og:image:width\" content=\"681\" \/>\n\t<meta property=\"og:image:height\" content=\"383\" \/>\n\t<meta property=\"og:image:type\" content=\"image\/jpeg\" \/>\n<meta name=\"author\" content=\"Agencija\" \/>\n<meta name=\"twitter:card\" content=\"summary_large_image\" \/>\n<meta name=\"twitter:label1\" content=\"Written by\" \/>\n\t<meta name=\"twitter:data1\" content=\"Agencija\" \/>\n\t<meta name=\"twitter:label2\" content=\"Est. reading time\" \/>\n\t<meta name=\"twitter:data2\" content=\"2 minute\" \/>\n<script type=\"application\/ld+json\" class=\"yoast-schema-graph\">{\"@context\":\"https:\/\/schema.org\",\"@graph\":[{\"@type\":\"Article\",\"@id\":\"https:\/\/sandzakpress.net\/arhiva\/ana-pejovic-kroz-tri-javna-poziva-do-radnog-angazovanja-100-nezaposlenih-lica\/#article\",\"isPartOf\":{\"@id\":\"https:\/\/sandzakpress.net\/arhiva\/ana-pejovic-kroz-tri-javna-poziva-do-radnog-angazovanja-100-nezaposlenih-lica\/\"},\"author\":{\"name\":\"Agencija\",\"@id\":\"https:\/\/sandzakpress.net\/arhiva\/#\/schema\/person\/cb59d7e3ab91ab90dd680ad0305a6185\"},\"headline\":\"Ana Pejovi\u0107: Kroz tri javna poziva do radnog anga\u017eovanja 100 nezaposlenih lica\",\"datePublished\":\"2019-06-13T14:02:07+00:00\",\"mainEntityOfPage\":{\"@id\":\"https:\/\/sandzakpress.net\/arhiva\/ana-pejovic-kroz-tri-javna-poziva-do-radnog-angazovanja-100-nezaposlenih-lica\/\"},\"wordCount\":342,\"commentCount\":0,\"publisher\":{\"@id\":\"https:\/\/sandzakpress.net\/arhiva\/#\/schema\/person\/6e72b67d6e51910a1117b3b483ba20bd\"},\"image\":{\"@id\":\"https:\/\/sandzakpress.net\/arhiva\/ana-pejovic-kroz-tri-javna-poziva-do-radnog-angazovanja-100-nezaposlenih-lica\/#primaryimage\"},\"thumbnailUrl\":\"https:\/\/sandzakpress.net\/arhiva\/wp-content\/uploads\/2019\/06\/ana-7-681x383.jpg\",\"articleSection\":[\"Privreda\",\"Prijepolje\"],\"inLanguage\":\"bs-BA\",\"potentialAction\":[{\"@type\":\"CommentAction\",\"name\":\"Comment\",\"target\":[\"https:\/\/sandzakpress.net\/arhiva\/ana-pejovic-kroz-tri-javna-poziva-do-radnog-angazovanja-100-nezaposlenih-lica\/#respond\"]}]},{\"@type\":\"WebPage\",\"@id\":\"https:\/\/sandzakpress.net\/arhiva\/ana-pejovic-kroz-tri-javna-poziva-do-radnog-angazovanja-100-nezaposlenih-lica\/\",\"url\":\"https:\/\/sandzakpress.net\/arhiva\/ana-pejovic-kroz-tri-javna-poziva-do-radnog-angazovanja-100-nezaposlenih-lica\/\",\"name\":\"Ana Pejovi\u0107: Kroz tri javna poziva do radnog anga\u017eovanja 100 nezaposlenih lica\",\"isPartOf\":{\"@id\":\"https:\/\/sandzakpress.net\/arhiva\/#website\"},\"primaryImageOfPage\":{\"@id\":\"https:\/\/sandzakpress.net\/arhiva\/ana-pejovic-kroz-tri-javna-poziva-do-radnog-angazovanja-100-nezaposlenih-lica\/#primaryimage\"},\"image\":{\"@id\":\"https:\/\/sandzakpress.net\/arhiva\/ana-pejovic-kroz-tri-javna-poziva-do-radnog-angazovanja-100-nezaposlenih-lica\/#primaryimage\"},\"thumbnailUrl\":\"https:\/\/sandzakpress.net\/arhiva\/wp-content\/uploads\/2019\/06\/ana-7-681x383.jpg\",\"datePublished\":\"2019-06-13T14:02:07+00:00\",\"breadcrumb\":{\"@id\":\"https:\/\/sandzakpress.net\/arhiva\/ana-pejovic-kroz-tri-javna-poziva-do-radnog-angazovanja-100-nezaposlenih-lica\/#breadcrumb\"},\"inLanguage\":\"bs-BA\",\"potentialAction\":[{\"@type\":\"ReadAction\",\"target\":[\"https:\/\/sandzakpress.net\/arhiva\/ana-pejovic-kroz-tri-javna-poziva-do-radnog-angazovanja-100-nezaposlenih-lica\/\"]}]},{\"@type\":\"ImageObject\",\"inLanguage\":\"bs-BA\",\"@id\":\"https:\/\/sandzakpress.net\/arhiva\/ana-pejovic-kroz-tri-javna-poziva-do-radnog-angazovanja-100-nezaposlenih-lica\/#primaryimage\",\"url\":\"https:\/\/sandzakpress.net\/arhiva\/wp-content\/uploads\/2019\/06\/ana-7-681x383.jpg\",\"contentUrl\":\"https:\/\/sandzakpress.net\/arhiva\/wp-content\/uploads\/2019\/06\/ana-7-681x383.jpg\",\"width\":681,\"height\":383},{\"@type\":\"BreadcrumbList\",\"@id\":\"https:\/\/sandzakpress.net\/arhiva\/ana-pejovic-kroz-tri-javna-poziva-do-radnog-angazovanja-100-nezaposlenih-lica\/#breadcrumb\",\"itemListElement\":[{\"@type\":\"ListItem\",\"position\":1,\"name\":\"Home\",\"item\":\"https:\/\/sandzakpress.net\/arhiva\/\"},{\"@type\":\"ListItem\",\"position\":2,\"name\":\"Ana Pejovi\u0107: Kroz tri javna poziva do radnog anga\u017eovanja 100 nezaposlenih lica\"}]},{\"@type\":\"WebSite\",\"@id\":\"https:\/\/sandzakpress.net\/arhiva\/#website\",\"url\":\"https:\/\/sandzakpress.net\/arhiva\/\",\"name\":\"Sand\u017eak PRESS\",\"description\":\"Prve elektronske novine u Sand\u017eaku\",\"publisher\":{\"@id\":\"https:\/\/sandzakpress.net\/arhiva\/#\/schema\/person\/6e72b67d6e51910a1117b3b483ba20bd\"},\"potentialAction\":[{\"@type\":\"SearchAction\",\"target\":{\"@type\":\"EntryPoint\",\"urlTemplate\":\"https:\/\/sandzakpress.net\/arhiva\/?s={search_term_string}\"},\"query-input\":{\"@type\":\"PropertyValueSpecification\",\"valueRequired\":true,\"valueName\":\"search_term_string\"}}],\"inLanguage\":\"bs-BA\"},{\"@type\":[\"Person\",\"Organization\"],\"@id\":\"https:\/\/sandzakpress.net\/arhiva\/#\/schema\/person\/6e72b67d6e51910a1117b3b483ba20bd\",\"name\":\"Kul\",\"image\":{\"@type\":\"ImageObject\",\"inLanguage\":\"bs-BA\",\"@id\":\"https:\/\/sandzakpress.net\/arhiva\/#\/schema\/person\/image\/\",\"url\":\"https:\/\/secure.gravatar.com\/avatar\/42263f39aa27ac04c43cab85c280eb2e?s=96&d=mm&r=pg\",\"contentUrl\":\"https:\/\/secure.gravatar.com\/avatar\/42263f39aa27ac04c43cab85c280eb2e?s=96&d=mm&r=pg\",\"caption\":\"Kul\"},\"logo\":{\"@id\":\"https:\/\/sandzakpress.net\/arhiva\/#\/schema\/person\/image\/\"}},{\"@type\":\"Person\",\"@id\":\"https:\/\/sandzakpress.net\/arhiva\/#\/schema\/person\/cb59d7e3ab91ab90dd680ad0305a6185\",\"name\":\"Agencija\",\"image\":{\"@type\":\"ImageObject\",\"inLanguage\":\"bs-BA\",\"@id\":\"https:\/\/sandzakpress.net\/arhiva\/#\/schema\/person\/image\/\",\"url\":\"https:\/\/secure.gravatar.com\/avatar\/4b7fafa80a22f0c2afe23966b3961fe0?s=96&d=mm&r=pg\",\"contentUrl\":\"https:\/\/secure.gravatar.com\/avatar\/4b7fafa80a22f0c2afe23966b3961fe0?s=96&d=mm&r=pg\",\"caption\":\"Agencija\"},\"url\":\"https:\/\/sandzakpress.net\/arhiva\/author\/agencija\/\"}]}<\/script>\n<!-- \/ Yoast SEO Premium plugin. -->","yoast_head_json":{"title":"Ana Pejovi\u0107: Kroz tri javna poziva do radnog anga\u017eovanja 100 nezaposlenih lica","robots":{"index":"index","follow":"follow","max-snippet":"max-snippet:-1","max-image-preview":"max-image-preview:large","max-video-preview":"max-video-preview:-1"},"canonical":"https:\/\/sandzakpress.net\/arhiva\/ana-pejovic-kroz-tri-javna-poziva-do-radnog-angazovanja-100-nezaposlenih-lica\/","og_locale":"bs_BA","og_type":"article","og_title":"Ana Pejovi\u0107: Kroz tri javna poziva do radnog anga\u017eovanja 100 nezaposlenih lica","og_description":"Javni poziv za subvenciju za samozapo\u0161ljavanje namenjen je nezaposlenim licima koji se nalaze na evidenciji NSZ, a imaju zavr\u0161enu obuku \u201ePut do uspje\u0161nog preduzetnika\u201c.Traje do 21. jula, a za ovaj poziv planirana su sredstva u iznosu od 7,5 miliona dinara. Bespovratnim sredstvima za pokretanje sopstvenog biznisa mo\u017ee da se nada 50 lica. U pitanju su [&hellip;]","og_url":"https:\/\/sandzakpress.net\/arhiva\/ana-pejovic-kroz-tri-javna-poziva-do-radnog-angazovanja-100-nezaposlenih-lica\/","og_site_name":"Sand\u017eak PRESS","article_published_time":"2019-06-13T14:02:07+00:00","og_image":[{"width":681,"height":383,"url":"https:\/\/sandzakpress.net\/arhiva\/wp-content\/uploads\/2019\/06\/ana-7-681x383.jpg","type":"image\/jpeg"}],"author":"Agencija","twitter_card":"summary_large_image","twitter_misc":{"Written by":"Agencija","Est. reading time":"2 minute"},"schema":{"@context":"https:\/\/schema.org","@graph":[{"@type":"Article","@id":"https:\/\/sandzakpress.net\/arhiva\/ana-pejovic-kroz-tri-javna-poziva-do-radnog-angazovanja-100-nezaposlenih-lica\/#article","isPartOf":{"@id":"https:\/\/sandzakpress.net\/arhiva\/ana-pejovic-kroz-tri-javna-poziva-do-radnog-angazovanja-100-nezaposlenih-lica\/"},"author":{"name":"Agencija","@id":"https:\/\/sandzakpress.net\/arhiva\/#\/schema\/person\/cb59d7e3ab91ab90dd680ad0305a6185"},"headline":"Ana Pejovi\u0107: Kroz tri javna poziva do radnog anga\u017eovanja 100 nezaposlenih lica","datePublished":"2019-06-13T14:02:07+00:00","mainEntityOfPage":{"@id":"https:\/\/sandzakpress.net\/arhiva\/ana-pejovic-kroz-tri-javna-poziva-do-radnog-angazovanja-100-nezaposlenih-lica\/"},"wordCount":342,"commentCount":0,"publisher":{"@id":"https:\/\/sandzakpress.net\/arhiva\/#\/schema\/person\/6e72b67d6e51910a1117b3b483ba20bd"},"image":{"@id":"https:\/\/sandzakpress.net\/arhiva\/ana-pejovic-kroz-tri-javna-poziva-do-radnog-angazovanja-100-nezaposlenih-lica\/#primaryimage"},"thumbnailUrl":"https:\/\/sandzakpress.net\/arhiva\/wp-content\/uploads\/2019\/06\/ana-7-681x383.jpg","articleSection":["Privreda","Prijepolje"],"inLanguage":"bs-BA","potentialAction":[{"@type":"CommentAction","name":"Comment","target":["https:\/\/sandzakpress.net\/arhiva\/ana-pejovic-kroz-tri-javna-poziva-do-radnog-angazovanja-100-nezaposlenih-lica\/#respond"]}]},{"@type":"WebPage","@id":"https:\/\/sandzakpress.net\/arhiva\/ana-pejovic-kroz-tri-javna-poziva-do-radnog-angazovanja-100-nezaposlenih-lica\/","url":"https:\/\/sandzakpress.net\/arhiva\/ana-pejovic-kroz-tri-javna-poziva-do-radnog-angazovanja-100-nezaposlenih-lica\/","name":"Ana Pejovi\u0107: Kroz tri javna poziva do radnog anga\u017eovanja 100 nezaposlenih lica","isPartOf":{"@id":"https:\/\/sandzakpress.net\/arhiva\/#website"},"primaryImageOfPage":{"@id":"https:\/\/sandzakpress.net\/arhiva\/ana-pejovic-kroz-tri-javna-poziva-do-radnog-angazovanja-100-nezaposlenih-lica\/#primaryimage"},"image":{"@id":"https:\/\/sandzakpress.net\/arhiva\/ana-pejovic-kroz-tri-javna-poziva-do-radnog-angazovanja-100-nezaposlenih-lica\/#primaryimage"},"thumbnailUrl":"https:\/\/sandzakpress.net\/arhiva\/wp-content\/uploads\/2019\/06\/ana-7-681x383.jpg","datePublished":"2019-06-13T14:02:07+00:00","breadcrumb":{"@id":"https:\/\/sandzakpress.net\/arhiva\/ana-pejovic-kroz-tri-javna-poziva-do-radnog-angazovanja-100-nezaposlenih-lica\/#breadcrumb"},"inLanguage":"bs-BA","potentialAction":[{"@type":"ReadAction","target":["https:\/\/sandzakpress.net\/arhiva\/ana-pejovic-kroz-tri-javna-poziva-do-radnog-angazovanja-100-nezaposlenih-lica\/"]}]},{"@type":"ImageObject","inLanguage":"bs-BA","@id":"https:\/\/sandzakpress.net\/arhiva\/ana-pejovic-kroz-tri-javna-poziva-do-radnog-angazovanja-100-nezaposlenih-lica\/#primaryimage","url":"https:\/\/sandzakpress.net\/arhiva\/wp-content\/uploads\/2019\/06\/ana-7-681x383.jpg","contentUrl":"https:\/\/sandzakpress.net\/arhiva\/wp-content\/uploads\/2019\/06\/ana-7-681x383.jpg","width":681,"height":383},{"@type":"BreadcrumbList","@id":"https:\/\/sandzakpress.net\/arhiva\/ana-pejovic-kroz-tri-javna-poziva-do-radnog-angazovanja-100-nezaposlenih-lica\/#breadcrumb","itemListElement":[{"@type":"ListItem","position":1,"name":"Home","item":"https:\/\/sandzakpress.net\/arhiva\/"},{"@type":"ListItem","position":2,"name":"Ana Pejovi\u0107: Kroz tri javna poziva do radnog anga\u017eovanja 100 nezaposlenih lica"}]},{"@type":"WebSite","@id":"https:\/\/sandzakpress.net\/arhiva\/#website","url":"https:\/\/sandzakpress.net\/arhiva\/","name":"Sand\u017eak PRESS","description":"Prve elektronske novine u Sand\u017eaku","publisher":{"@id":"https:\/\/sandzakpress.net\/arhiva\/#\/schema\/person\/6e72b67d6e51910a1117b3b483ba20bd"},"potentialAction":[{"@type":"SearchAction","target":{"@type":"EntryPoint","urlTemplate":"https:\/\/sandzakpress.net\/arhiva\/?s={search_term_string}"},"query-input":{"@type":"PropertyValueSpecification","valueRequired":true,"valueName":"search_term_string"}}],"inLanguage":"bs-BA"},{"@type":["Person","Organization"],"@id":"https:\/\/sandzakpress.net\/arhiva\/#\/schema\/person\/6e72b67d6e51910a1117b3b483ba20bd","name":"Kul","image":{"@type":"ImageObject","inLanguage":"bs-BA","@id":"https:\/\/sandzakpress.net\/arhiva\/#\/schema\/person\/image\/","url":"https:\/\/secure.gravatar.com\/avatar\/42263f39aa27ac04c43cab85c280eb2e?s=96&d=mm&r=pg","contentUrl":"https:\/\/secure.gravatar.com\/avatar\/42263f39aa27ac04c43cab85c280eb2e?s=96&d=mm&r=pg","caption":"Kul"},"logo":{"@id":"https:\/\/sandzakpress.net\/arhiva\/#\/schema\/person\/image\/"}},{"@type":"Person","@id":"https:\/\/sandzakpress.net\/arhiva\/#\/schema\/person\/cb59d7e3ab91ab90dd680ad0305a6185","name":"Agencija","image":{"@type":"ImageObject","inLanguage":"bs-BA","@id":"https:\/\/sandzakpress.net\/arhiva\/#\/schema\/person\/image\/","url":"https:\/\/secure.gravatar.com\/avatar\/4b7fafa80a22f0c2afe23966b3961fe0?s=96&d=mm&r=pg","contentUrl":"https:\/\/secure.gravatar.com\/avatar\/4b7fafa80a22f0c2afe23966b3961fe0?s=96&d=mm&r=pg","caption":"Agencija"},"url":"https:\/\/sandzakpress.net\/arhiva\/author\/agencija\/"}]}},"_links":{"self":[{"href":"https:\/\/sandzakpress.net\/arhiva\/wp-json\/wp\/v2\/posts\/224721"}],"collection":[{"href":"https:\/\/sandzakpress.net\/arhiva\/wp-json\/wp\/v2\/posts"}],"about":[{"href":"https:\/\/sandzakpress.net\/arhiva\/wp-json\/wp\/v2\/types\/post"}],"author":[{"embeddable":true,"href":"https:\/\/sandzakpress.net\/arhiva\/wp-json\/wp\/v2\/users\/509"}],"replies":[{"embeddable":true,"href":"https:\/\/sandzakpress.net\/arhiva\/wp-json\/wp\/v2\/comments?post=224721"}],"version-history":[{"count":0,"href":"https:\/\/sandzakpress.net\/arhiva\/wp-json\/wp\/v2\/posts\/224721\/revisions"}],"wp:featuredmedia":[{"embeddable":true,"href":"https:\/\/sandzakpress.net\/arhiva\/wp-json\/wp\/v2\/media\/224724"}],"wp:attachment":[{"href":"https:\/\/sandzakpress.net\/arhiva\/wp-json\/wp\/v2\/media?parent=224721"}],"wp:term":[{"taxonomy":"category","embeddable":true,"href":"https:\/\/sandzakpress.net\/arhiva\/wp-json\/wp\/v2\/categories?post=224721"},{"taxonomy":"post_tag","embeddable":true,"href":"https:\/\/sandzakpress.net\/arhiva\/wp-json\/wp\/v2\/tags?post=224721"}],"curies":[{"name":"wp","href":"https:\/\/api.w.org\/{rel}","templated":true}]}}