{"id":224714,"date":"2019-06-13T16:00:02","date_gmt":"2019-06-13T14:00:02","guid":{"rendered":"https:\/\/sandzakpress.net\/arhiva\/?p=224714"},"modified":"2019-06-13T16:00:02","modified_gmt":"2019-06-13T14:00:02","slug":"bnv-podjelio-bojanke-djeci-predskolskog-uzrasta","status":"publish","type":"post","link":"https:\/\/sandzakpress.net\/arhiva\/bnv-podjelio-bojanke-djeci-predskolskog-uzrasta\/","title":{"rendered":"BNV podjelio bojanke djeci pred\u0161kolskog uzrasta"},"content":{"rendered":"<p><img decoding=\"async\" src=\"http:\/\/sanapress.info\/wp-content\/uploads\/2019\/06\/viber_image_2019-06-12_14-26-275-1024x768.jpg\" \/><\/p>\n<p><strong>Bo\u0161nja\u010dko nacionalno vije\u0107e ve\u0107 dvije godine realizuje projekat \u201eBosanski jer smo Bo\u0161njaci\u201c. U pred\u0161kolskoj ustanovi \u201eMladost\u201c u Novom Pazaru, ove godine u okviru tog projekta Bo\u0161nja\u010dko nacionalno vije\u0107e, predsjednik Vije\u0107a Esad D\u017eud\u017eo je sa svojim saradnicima djeci pred\u0161kolskog uzrasta podjelilo bojanke za djecu sa porukama.<\/strong><\/p>\n<p>\u201d Li\u010dnost \u010dovjeka se formira od 6 godina, pa samim tim \u0107e se kroz ovu bojanku djeca upoznati sa sitemom vrijednosti u okviru bojanke, kao adekvatnim priru\u010dnim sredstvom, nose i da ga implementiraju i da se takmi\u010de sa drugima u kulturi, obi\u010dajima. U skladu sa BNV-om, ohrabrujemo sve aktere da \u0161koluju svoju djecu na Bosanskom jeziku \u201c, kazao je<\/p>\n<p>Bojanka predstavlja nacrtni prikaz pri\u010de o bosanskom jeziku prilago\u0111en djeci i nosi naziv kao i sam projekat \u201eBosanski, jer smo Bo\u0161njaci\u201c. Vaspita\u010dice ka\u017eu da je ovo jedan od prikladnih poklona.<\/p>\n<p>\u201d Smatram da je ovo jedan od najprikladnijih programa za djecu ovog uzrasta. Na taj na\u010din \u0107e djeca spontano u\u010diti jezika a djeci je to najzanimljivija i najprivla\u010dnija literatura u ovom uzrastu \u201d , dodala je vaspita\u010dica Alma Kari\u0161ik.<\/p>\n<p>Tira\u017e bojanke je oko 3000 primjeraka, a osim u vrti\u0107ima op\u0161tine Novi Pazar, bojanke \u0107e se podjeliti i u op\u0161tinama Sjenica i Tutin. Cilj projekta je podizanje svijesti javnosti o kori\u0161\u0107enju prava na slobodnu upotrebu maternjeg jezika i pisma u Republici Srbiji kao i ravnopravnost bosanskog jezika sa jezikom ve\u0107inskoga naroda.<\/p>\n<p><img decoding=\"async\" src=\"http:\/\/sanapress.info\/wp-content\/uploads\/2019\/06\/viber_image_2019-06-12_14-26-282-768x1024.jpg\" \/><\/p>\n","protected":false},"excerpt":{"rendered":"<p>Bo\u0161nja\u010dko nacionalno vije\u0107e ve\u0107 dvije godine realizuje projekat \u201eBosanski jer smo Bo\u0161njaci\u201c. U pred\u0161kolskoj ustanovi \u201eMladost\u201c u Novom Pazaru, ove godine u okviru tog projekta Bo\u0161nja\u010dko nacionalno vije\u0107e, predsjednik Vije\u0107a Esad D\u017eud\u017eo je sa svojim saradnicima djeci pred\u0161kolskog uzrasta podjelilo bojanke za djecu sa porukama. \u201d Li\u010dnost \u010dovjeka se formira od 6 godina, pa samim [&hellip;]<\/p>\n","protected":false},"author":509,"featured_media":224720,"comment_status":"open","ping_status":"open","sticky":false,"template":"","format":"standard","meta":{"footnotes":""},"categories":[72,800],"tags":[],"class_list":{"0":"post-224714","1":"post","2":"type-post","3":"status-publish","4":"format-standard","5":"has-post-thumbnail","7":"category-novi-pazar","8":"category-nacija"},"yoast_head":"<!-- This site is optimized with the Yoast SEO Premium plugin v23.1 (Yoast SEO v24.9) - https:\/\/yoast.com\/wordpress\/plugins\/seo\/ -->\n<title>BNV podjelio bojanke djeci pred\u0161kolskog uzrasta<\/title>\n<meta name=\"robots\" content=\"index, follow, max-snippet:-1, max-image-preview:large, max-video-preview:-1\" \/>\n<link rel=\"canonical\" href=\"https:\/\/sandzakpress.net\/arhiva\/bnv-podjelio-bojanke-djeci-predskolskog-uzrasta\/\" \/>\n<meta property=\"og:locale\" content=\"bs_BA\" \/>\n<meta property=\"og:type\" content=\"article\" \/>\n<meta property=\"og:title\" content=\"BNV podjelio bojanke djeci pred\u0161kolskog uzrasta\" \/>\n<meta property=\"og:description\" content=\"Bo\u0161nja\u010dko nacionalno vije\u0107e ve\u0107 dvije godine realizuje projekat \u201eBosanski jer smo Bo\u0161njaci\u201c. U pred\u0161kolskoj ustanovi \u201eMladost\u201c u Novom Pazaru, ove godine u okviru tog projekta Bo\u0161nja\u010dko nacionalno vije\u0107e, predsjednik Vije\u0107a Esad D\u017eud\u017eo je sa svojim saradnicima djeci pred\u0161kolskog uzrasta podjelilo bojanke za djecu sa porukama. \u201d Li\u010dnost \u010dovjeka se formira od 6 godina, pa samim [&hellip;]\" \/>\n<meta property=\"og:url\" content=\"https:\/\/sandzakpress.net\/arhiva\/bnv-podjelio-bojanke-djeci-predskolskog-uzrasta\/\" \/>\n<meta property=\"og:site_name\" content=\"Sand\u017eak PRESS\" \/>\n<meta property=\"article:published_time\" content=\"2019-06-13T14:00:02+00:00\" \/>\n<meta property=\"og:image\" content=\"https:\/\/sandzakpress.net\/arhiva\/wp-content\/uploads\/2019\/06\/viber_image_2019-06-12_14-26-275-1024x768.jpg\" \/>\n\t<meta property=\"og:image:width\" content=\"1024\" \/>\n\t<meta property=\"og:image:height\" content=\"768\" \/>\n\t<meta property=\"og:image:type\" content=\"image\/jpeg\" \/>\n<meta name=\"author\" content=\"Agencija\" \/>\n<meta name=\"twitter:card\" content=\"summary_large_image\" \/>\n<meta name=\"twitter:label1\" content=\"Written by\" \/>\n\t<meta name=\"twitter:data1\" content=\"Agencija\" \/>\n\t<meta name=\"twitter:label2\" content=\"Est. reading time\" \/>\n\t<meta name=\"twitter:data2\" content=\"1 minuta\" \/>\n<script type=\"application\/ld+json\" class=\"yoast-schema-graph\">{\"@context\":\"https:\/\/schema.org\",\"@graph\":[{\"@type\":\"Article\",\"@id\":\"https:\/\/sandzakpress.net\/arhiva\/bnv-podjelio-bojanke-djeci-predskolskog-uzrasta\/#article\",\"isPartOf\":{\"@id\":\"https:\/\/sandzakpress.net\/arhiva\/bnv-podjelio-bojanke-djeci-predskolskog-uzrasta\/\"},\"author\":{\"name\":\"Agencija\",\"@id\":\"https:\/\/sandzakpress.net\/arhiva\/#\/schema\/person\/cb59d7e3ab91ab90dd680ad0305a6185\"},\"headline\":\"BNV podjelio bojanke djeci pred\u0161kolskog uzrasta\",\"datePublished\":\"2019-06-13T14:00:02+00:00\",\"mainEntityOfPage\":{\"@id\":\"https:\/\/sandzakpress.net\/arhiva\/bnv-podjelio-bojanke-djeci-predskolskog-uzrasta\/\"},\"wordCount\":255,\"commentCount\":0,\"publisher\":{\"@id\":\"https:\/\/sandzakpress.net\/arhiva\/#\/schema\/person\/6e72b67d6e51910a1117b3b483ba20bd\"},\"image\":{\"@id\":\"https:\/\/sandzakpress.net\/arhiva\/bnv-podjelio-bojanke-djeci-predskolskog-uzrasta\/#primaryimage\"},\"thumbnailUrl\":\"https:\/\/sandzakpress.net\/arhiva\/wp-content\/uploads\/2019\/06\/viber_image_2019-06-12_14-26-275-1024x768.jpg\",\"articleSection\":[\"Novi Pazar\",\"Nacija\"],\"inLanguage\":\"bs-BA\",\"potentialAction\":[{\"@type\":\"CommentAction\",\"name\":\"Comment\",\"target\":[\"https:\/\/sandzakpress.net\/arhiva\/bnv-podjelio-bojanke-djeci-predskolskog-uzrasta\/#respond\"]}]},{\"@type\":\"WebPage\",\"@id\":\"https:\/\/sandzakpress.net\/arhiva\/bnv-podjelio-bojanke-djeci-predskolskog-uzrasta\/\",\"url\":\"https:\/\/sandzakpress.net\/arhiva\/bnv-podjelio-bojanke-djeci-predskolskog-uzrasta\/\",\"name\":\"BNV podjelio bojanke djeci pred\u0161kolskog uzrasta\",\"isPartOf\":{\"@id\":\"https:\/\/sandzakpress.net\/arhiva\/#website\"},\"primaryImageOfPage\":{\"@id\":\"https:\/\/sandzakpress.net\/arhiva\/bnv-podjelio-bojanke-djeci-predskolskog-uzrasta\/#primaryimage\"},\"image\":{\"@id\":\"https:\/\/sandzakpress.net\/arhiva\/bnv-podjelio-bojanke-djeci-predskolskog-uzrasta\/#primaryimage\"},\"thumbnailUrl\":\"https:\/\/sandzakpress.net\/arhiva\/wp-content\/uploads\/2019\/06\/viber_image_2019-06-12_14-26-275-1024x768.jpg\",\"datePublished\":\"2019-06-13T14:00:02+00:00\",\"breadcrumb\":{\"@id\":\"https:\/\/sandzakpress.net\/arhiva\/bnv-podjelio-bojanke-djeci-predskolskog-uzrasta\/#breadcrumb\"},\"inLanguage\":\"bs-BA\",\"potentialAction\":[{\"@type\":\"ReadAction\",\"target\":[\"https:\/\/sandzakpress.net\/arhiva\/bnv-podjelio-bojanke-djeci-predskolskog-uzrasta\/\"]}]},{\"@type\":\"ImageObject\",\"inLanguage\":\"bs-BA\",\"@id\":\"https:\/\/sandzakpress.net\/arhiva\/bnv-podjelio-bojanke-djeci-predskolskog-uzrasta\/#primaryimage\",\"url\":\"https:\/\/sandzakpress.net\/arhiva\/wp-content\/uploads\/2019\/06\/viber_image_2019-06-12_14-26-275-1024x768.jpg\",\"contentUrl\":\"https:\/\/sandzakpress.net\/arhiva\/wp-content\/uploads\/2019\/06\/viber_image_2019-06-12_14-26-275-1024x768.jpg\",\"width\":1024,\"height\":768},{\"@type\":\"BreadcrumbList\",\"@id\":\"https:\/\/sandzakpress.net\/arhiva\/bnv-podjelio-bojanke-djeci-predskolskog-uzrasta\/#breadcrumb\",\"itemListElement\":[{\"@type\":\"ListItem\",\"position\":1,\"name\":\"Home\",\"item\":\"https:\/\/sandzakpress.net\/arhiva\/\"},{\"@type\":\"ListItem\",\"position\":2,\"name\":\"BNV podjelio bojanke djeci pred\u0161kolskog uzrasta\"}]},{\"@type\":\"WebSite\",\"@id\":\"https:\/\/sandzakpress.net\/arhiva\/#website\",\"url\":\"https:\/\/sandzakpress.net\/arhiva\/\",\"name\":\"Sand\u017eak PRESS\",\"description\":\"Prve elektronske novine u Sand\u017eaku\",\"publisher\":{\"@id\":\"https:\/\/sandzakpress.net\/arhiva\/#\/schema\/person\/6e72b67d6e51910a1117b3b483ba20bd\"},\"potentialAction\":[{\"@type\":\"SearchAction\",\"target\":{\"@type\":\"EntryPoint\",\"urlTemplate\":\"https:\/\/sandzakpress.net\/arhiva\/?s={search_term_string}\"},\"query-input\":{\"@type\":\"PropertyValueSpecification\",\"valueRequired\":true,\"valueName\":\"search_term_string\"}}],\"inLanguage\":\"bs-BA\"},{\"@type\":[\"Person\",\"Organization\"],\"@id\":\"https:\/\/sandzakpress.net\/arhiva\/#\/schema\/person\/6e72b67d6e51910a1117b3b483ba20bd\",\"name\":\"Kul\",\"image\":{\"@type\":\"ImageObject\",\"inLanguage\":\"bs-BA\",\"@id\":\"https:\/\/sandzakpress.net\/arhiva\/#\/schema\/person\/image\/\",\"url\":\"https:\/\/secure.gravatar.com\/avatar\/42263f39aa27ac04c43cab85c280eb2e?s=96&d=mm&r=pg\",\"contentUrl\":\"https:\/\/secure.gravatar.com\/avatar\/42263f39aa27ac04c43cab85c280eb2e?s=96&d=mm&r=pg\",\"caption\":\"Kul\"},\"logo\":{\"@id\":\"https:\/\/sandzakpress.net\/arhiva\/#\/schema\/person\/image\/\"}},{\"@type\":\"Person\",\"@id\":\"https:\/\/sandzakpress.net\/arhiva\/#\/schema\/person\/cb59d7e3ab91ab90dd680ad0305a6185\",\"name\":\"Agencija\",\"image\":{\"@type\":\"ImageObject\",\"inLanguage\":\"bs-BA\",\"@id\":\"https:\/\/sandzakpress.net\/arhiva\/#\/schema\/person\/image\/\",\"url\":\"https:\/\/secure.gravatar.com\/avatar\/4b7fafa80a22f0c2afe23966b3961fe0?s=96&d=mm&r=pg\",\"contentUrl\":\"https:\/\/secure.gravatar.com\/avatar\/4b7fafa80a22f0c2afe23966b3961fe0?s=96&d=mm&r=pg\",\"caption\":\"Agencija\"},\"url\":\"https:\/\/sandzakpress.net\/arhiva\/author\/agencija\/\"}]}<\/script>\n<!-- \/ Yoast SEO Premium plugin. -->","yoast_head_json":{"title":"BNV podjelio bojanke djeci pred\u0161kolskog uzrasta","robots":{"index":"index","follow":"follow","max-snippet":"max-snippet:-1","max-image-preview":"max-image-preview:large","max-video-preview":"max-video-preview:-1"},"canonical":"https:\/\/sandzakpress.net\/arhiva\/bnv-podjelio-bojanke-djeci-predskolskog-uzrasta\/","og_locale":"bs_BA","og_type":"article","og_title":"BNV podjelio bojanke djeci pred\u0161kolskog uzrasta","og_description":"Bo\u0161nja\u010dko nacionalno vije\u0107e ve\u0107 dvije godine realizuje projekat \u201eBosanski jer smo Bo\u0161njaci\u201c. U pred\u0161kolskoj ustanovi \u201eMladost\u201c u Novom Pazaru, ove godine u okviru tog projekta Bo\u0161nja\u010dko nacionalno vije\u0107e, predsjednik Vije\u0107a Esad D\u017eud\u017eo je sa svojim saradnicima djeci pred\u0161kolskog uzrasta podjelilo bojanke za djecu sa porukama. \u201d Li\u010dnost \u010dovjeka se formira od 6 godina, pa samim [&hellip;]","og_url":"https:\/\/sandzakpress.net\/arhiva\/bnv-podjelio-bojanke-djeci-predskolskog-uzrasta\/","og_site_name":"Sand\u017eak PRESS","article_published_time":"2019-06-13T14:00:02+00:00","og_image":[{"width":1024,"height":768,"url":"https:\/\/sandzakpress.net\/arhiva\/wp-content\/uploads\/2019\/06\/viber_image_2019-06-12_14-26-275-1024x768.jpg","type":"image\/jpeg"}],"author":"Agencija","twitter_card":"summary_large_image","twitter_misc":{"Written by":"Agencija","Est. reading time":"1 minuta"},"schema":{"@context":"https:\/\/schema.org","@graph":[{"@type":"Article","@id":"https:\/\/sandzakpress.net\/arhiva\/bnv-podjelio-bojanke-djeci-predskolskog-uzrasta\/#article","isPartOf":{"@id":"https:\/\/sandzakpress.net\/arhiva\/bnv-podjelio-bojanke-djeci-predskolskog-uzrasta\/"},"author":{"name":"Agencija","@id":"https:\/\/sandzakpress.net\/arhiva\/#\/schema\/person\/cb59d7e3ab91ab90dd680ad0305a6185"},"headline":"BNV podjelio bojanke djeci pred\u0161kolskog uzrasta","datePublished":"2019-06-13T14:00:02+00:00","mainEntityOfPage":{"@id":"https:\/\/sandzakpress.net\/arhiva\/bnv-podjelio-bojanke-djeci-predskolskog-uzrasta\/"},"wordCount":255,"commentCount":0,"publisher":{"@id":"https:\/\/sandzakpress.net\/arhiva\/#\/schema\/person\/6e72b67d6e51910a1117b3b483ba20bd"},"image":{"@id":"https:\/\/sandzakpress.net\/arhiva\/bnv-podjelio-bojanke-djeci-predskolskog-uzrasta\/#primaryimage"},"thumbnailUrl":"https:\/\/sandzakpress.net\/arhiva\/wp-content\/uploads\/2019\/06\/viber_image_2019-06-12_14-26-275-1024x768.jpg","articleSection":["Novi Pazar","Nacija"],"inLanguage":"bs-BA","potentialAction":[{"@type":"CommentAction","name":"Comment","target":["https:\/\/sandzakpress.net\/arhiva\/bnv-podjelio-bojanke-djeci-predskolskog-uzrasta\/#respond"]}]},{"@type":"WebPage","@id":"https:\/\/sandzakpress.net\/arhiva\/bnv-podjelio-bojanke-djeci-predskolskog-uzrasta\/","url":"https:\/\/sandzakpress.net\/arhiva\/bnv-podjelio-bojanke-djeci-predskolskog-uzrasta\/","name":"BNV podjelio bojanke djeci pred\u0161kolskog uzrasta","isPartOf":{"@id":"https:\/\/sandzakpress.net\/arhiva\/#website"},"primaryImageOfPage":{"@id":"https:\/\/sandzakpress.net\/arhiva\/bnv-podjelio-bojanke-djeci-predskolskog-uzrasta\/#primaryimage"},"image":{"@id":"https:\/\/sandzakpress.net\/arhiva\/bnv-podjelio-bojanke-djeci-predskolskog-uzrasta\/#primaryimage"},"thumbnailUrl":"https:\/\/sandzakpress.net\/arhiva\/wp-content\/uploads\/2019\/06\/viber_image_2019-06-12_14-26-275-1024x768.jpg","datePublished":"2019-06-13T14:00:02+00:00","breadcrumb":{"@id":"https:\/\/sandzakpress.net\/arhiva\/bnv-podjelio-bojanke-djeci-predskolskog-uzrasta\/#breadcrumb"},"inLanguage":"bs-BA","potentialAction":[{"@type":"ReadAction","target":["https:\/\/sandzakpress.net\/arhiva\/bnv-podjelio-bojanke-djeci-predskolskog-uzrasta\/"]}]},{"@type":"ImageObject","inLanguage":"bs-BA","@id":"https:\/\/sandzakpress.net\/arhiva\/bnv-podjelio-bojanke-djeci-predskolskog-uzrasta\/#primaryimage","url":"https:\/\/sandzakpress.net\/arhiva\/wp-content\/uploads\/2019\/06\/viber_image_2019-06-12_14-26-275-1024x768.jpg","contentUrl":"https:\/\/sandzakpress.net\/arhiva\/wp-content\/uploads\/2019\/06\/viber_image_2019-06-12_14-26-275-1024x768.jpg","width":1024,"height":768},{"@type":"BreadcrumbList","@id":"https:\/\/sandzakpress.net\/arhiva\/bnv-podjelio-bojanke-djeci-predskolskog-uzrasta\/#breadcrumb","itemListElement":[{"@type":"ListItem","position":1,"name":"Home","item":"https:\/\/sandzakpress.net\/arhiva\/"},{"@type":"ListItem","position":2,"name":"BNV podjelio bojanke djeci pred\u0161kolskog uzrasta"}]},{"@type":"WebSite","@id":"https:\/\/sandzakpress.net\/arhiva\/#website","url":"https:\/\/sandzakpress.net\/arhiva\/","name":"Sand\u017eak PRESS","description":"Prve elektronske novine u Sand\u017eaku","publisher":{"@id":"https:\/\/sandzakpress.net\/arhiva\/#\/schema\/person\/6e72b67d6e51910a1117b3b483ba20bd"},"potentialAction":[{"@type":"SearchAction","target":{"@type":"EntryPoint","urlTemplate":"https:\/\/sandzakpress.net\/arhiva\/?s={search_term_string}"},"query-input":{"@type":"PropertyValueSpecification","valueRequired":true,"valueName":"search_term_string"}}],"inLanguage":"bs-BA"},{"@type":["Person","Organization"],"@id":"https:\/\/sandzakpress.net\/arhiva\/#\/schema\/person\/6e72b67d6e51910a1117b3b483ba20bd","name":"Kul","image":{"@type":"ImageObject","inLanguage":"bs-BA","@id":"https:\/\/sandzakpress.net\/arhiva\/#\/schema\/person\/image\/","url":"https:\/\/secure.gravatar.com\/avatar\/42263f39aa27ac04c43cab85c280eb2e?s=96&d=mm&r=pg","contentUrl":"https:\/\/secure.gravatar.com\/avatar\/42263f39aa27ac04c43cab85c280eb2e?s=96&d=mm&r=pg","caption":"Kul"},"logo":{"@id":"https:\/\/sandzakpress.net\/arhiva\/#\/schema\/person\/image\/"}},{"@type":"Person","@id":"https:\/\/sandzakpress.net\/arhiva\/#\/schema\/person\/cb59d7e3ab91ab90dd680ad0305a6185","name":"Agencija","image":{"@type":"ImageObject","inLanguage":"bs-BA","@id":"https:\/\/sandzakpress.net\/arhiva\/#\/schema\/person\/image\/","url":"https:\/\/secure.gravatar.com\/avatar\/4b7fafa80a22f0c2afe23966b3961fe0?s=96&d=mm&r=pg","contentUrl":"https:\/\/secure.gravatar.com\/avatar\/4b7fafa80a22f0c2afe23966b3961fe0?s=96&d=mm&r=pg","caption":"Agencija"},"url":"https:\/\/sandzakpress.net\/arhiva\/author\/agencija\/"}]}},"_links":{"self":[{"href":"https:\/\/sandzakpress.net\/arhiva\/wp-json\/wp\/v2\/posts\/224714"}],"collection":[{"href":"https:\/\/sandzakpress.net\/arhiva\/wp-json\/wp\/v2\/posts"}],"about":[{"href":"https:\/\/sandzakpress.net\/arhiva\/wp-json\/wp\/v2\/types\/post"}],"author":[{"embeddable":true,"href":"https:\/\/sandzakpress.net\/arhiva\/wp-json\/wp\/v2\/users\/509"}],"replies":[{"embeddable":true,"href":"https:\/\/sandzakpress.net\/arhiva\/wp-json\/wp\/v2\/comments?post=224714"}],"version-history":[{"count":0,"href":"https:\/\/sandzakpress.net\/arhiva\/wp-json\/wp\/v2\/posts\/224714\/revisions"}],"wp:featuredmedia":[{"embeddable":true,"href":"https:\/\/sandzakpress.net\/arhiva\/wp-json\/wp\/v2\/media\/224720"}],"wp:attachment":[{"href":"https:\/\/sandzakpress.net\/arhiva\/wp-json\/wp\/v2\/media?parent=224714"}],"wp:term":[{"taxonomy":"category","embeddable":true,"href":"https:\/\/sandzakpress.net\/arhiva\/wp-json\/wp\/v2\/categories?post=224714"},{"taxonomy":"post_tag","embeddable":true,"href":"https:\/\/sandzakpress.net\/arhiva\/wp-json\/wp\/v2\/tags?post=224714"}],"curies":[{"name":"wp","href":"https:\/\/api.w.org\/{rel}","templated":true}]}}