{"id":224538,"date":"2019-06-10T14:24:54","date_gmt":"2019-06-10T12:24:54","guid":{"rendered":"https:\/\/sandzakpress.net\/arhiva\/?p=224538"},"modified":"2019-06-10T14:24:54","modified_gmt":"2019-06-10T12:24:54","slug":"opstine-prijepolje-i-fondacije-ana-i-vlade-divac-uslove-je-ispunilo-43-mladih-poljoprivrednika","status":"publish","type":"post","link":"https:\/\/sandzakpress.net\/arhiva\/opstine-prijepolje-i-fondacije-ana-i-vlade-divac-uslove-je-ispunilo-43-mladih-poljoprivrednika\/","title":{"rendered":"Op\u0161tine Prijepolje i Fondacije \u201cAna i Vlade Divac\u201d\u00a0uslove je ispunilo 43 mladih poljoprivrednika"},"content":{"rendered":"<p><img decoding=\"async\" src=\"http:\/\/www.listpolimlje.info\/media\/k2\/items\/cache\/62bc30990b2d77eab0f5b6b38df34e15_XL.jpg\" alt=\"OP\u00c5\u00a0TINA PRIJEPOLJE I FONDACIJA \u00e2\u0080\u009cANA I VLADE DIVAC\u00e2\u0080\u009d: BESPOVRATNA SREDSTVA ZA 43 POLJOPRIVREDNIKA\" \/><\/p>\n<div class=\"itemIntroText\">\n<p><strong><em>Od 57 nosioca poljoprivrenih gazdinstava, koliko ih se prijavilo za bespovratna sredstva Op\u0161tine Prijepolje i Fondacije \u201cAna i Vlade Divac\u201d\u00a0<\/em>uslove je ispunilo 43 mladih poljoprivrednika.<\/strong><\/p>\n<\/div>\n<div class=\"itemFullText\">\n<p>.Pravo u\u010de\u0161\u0107a na konkursu koji raspisala Fondacija\u00a0<em>\u201cAna i Vlade Divac\u201d u saradnji sa Op\u0161tinom Prijepolje, imali su mladi poljoprivrednici od 21 do 40 godina starosti.<\/em><\/p>\n<p><em>\u201c Od 57 prijavljenih odbijeno je njih14. Re\u010d je o ljudima koji su koji su prethodnih godina ve\u0107 koristili ovu subvenciju ili nisu imali potpunu dokumentaciju\u201d, rekla nam je Mira Bojovi\u0107, \u010dlan Op\u0161tinskog ve\u0107a.<\/em><\/p>\n<p><em>Tro\u010dlana Komisija za obilazak i bodovanje prispele dokumentacije u sastavu: Mira Bojovi\u0107, Ifet Hamzi\u0107 i Nada Obradovi\u0107 ispred Fondacije \u201cDivac\u201d obi\u0161la je doma\u0107instva kako bi se na licu mesta uverila u verodostojnost dokumentacije.<\/em><\/p>\n<p><em>\u201c<\/em>Pomo\u0107 nije u novcu ve\u0107 u robi i uklju\u010duje nabavku stoke, materijala za rad, opremu za razvoj poljoprivrednih delatnosti, gra\u0111evinskog materijala za izgradnju poljoprivrednih objekata i sli\u010dno. Trenutno se prikupljaju ponude na osnovu kojih \u0107e Fondacija sporovesti javnu nabavku, tako da poljoprivrednici na sredstva mogu ra\u010dunati ve\u0107 krajem avgusta, kada \u0107e biti potpisani ugovori o dedeli sredstava\u201d, obja\u0161njava Bojovi\u0107 i dodaje:<\/p>\n<p>Prilikom kontrole utro\u0161ka sredstava koja su dodeljena pro\u0161le godine, predstavnici Fondacije \u201cAna i Vlade Divac\u201d uo\u010dili su nepravilnost kod jednog poljoprivrednog proizvo\u0111a\u010da. On je prodao opremu koju je dobio i snosi\u0107e odre\u0111ene sankcije, ka\u017ee Bojovi\u0107.<\/p>\n<p>Zato se apeluje na proizvo\u0111a\u010de koji su ispunili uslove konkursa, da ma\u0161ine i opremu koriste namenski i po pravilima koja \u0107e biti precizirana ugovorom.<\/p>\n<p>U\u010de\u0161\u0107e Fondacije iznosi milion dinara, dok je op\u0161tina obezbedila dva miliona dinara<\/p>\n<\/div>\n","protected":false},"excerpt":{"rendered":"<p>Od 57 nosioca poljoprivrenih gazdinstava, koliko ih se prijavilo za bespovratna sredstva Op\u0161tine Prijepolje i Fondacije \u201cAna i Vlade Divac\u201d\u00a0uslove je ispunilo 43 mladih poljoprivrednika. .Pravo u\u010de\u0161\u0107a na konkursu koji raspisala Fondacija\u00a0\u201cAna i Vlade Divac\u201d u saradnji sa Op\u0161tinom Prijepolje, imali su mladi poljoprivrednici od 21 do 40 godina starosti. \u201c Od 57 prijavljenih odbijeno [&hellip;]<\/p>\n","protected":false},"author":509,"featured_media":224540,"comment_status":"open","ping_status":"open","sticky":false,"template":"","format":"standard","meta":{"footnotes":""},"categories":[392,3],"tags":[],"class_list":{"0":"post-224538","1":"post","2":"type-post","3":"status-publish","4":"format-standard","5":"has-post-thumbnail","7":"category-prijepolje_","8":"category-privreda"},"yoast_head":"<!-- This site is optimized with the Yoast SEO Premium plugin v23.1 (Yoast SEO v24.9) - https:\/\/yoast.com\/wordpress\/plugins\/seo\/ -->\n<title>Op\u0161tine Prijepolje i Fondacije \u201cAna i Vlade Divac\u201d\u00a0uslove je ispunilo 43 mladih poljoprivrednika<\/title>\n<meta name=\"robots\" content=\"index, follow, max-snippet:-1, max-image-preview:large, max-video-preview:-1\" \/>\n<link rel=\"canonical\" href=\"https:\/\/sandzakpress.net\/arhiva\/opstine-prijepolje-i-fondacije-ana-i-vlade-divac-uslove-je-ispunilo-43-mladih-poljoprivrednika\/\" \/>\n<meta property=\"og:locale\" content=\"bs_BA\" \/>\n<meta property=\"og:type\" content=\"article\" \/>\n<meta property=\"og:title\" content=\"Op\u0161tine Prijepolje i Fondacije \u201cAna i Vlade Divac\u201d\u00a0uslove je ispunilo 43 mladih poljoprivrednika\" \/>\n<meta property=\"og:description\" content=\"Od 57 nosioca poljoprivrenih gazdinstava, koliko ih se prijavilo za bespovratna sredstva Op\u0161tine Prijepolje i Fondacije \u201cAna i Vlade Divac\u201d\u00a0uslove je ispunilo 43 mladih poljoprivrednika. .Pravo u\u010de\u0161\u0107a na konkursu koji raspisala Fondacija\u00a0\u201cAna i Vlade Divac\u201d u saradnji sa Op\u0161tinom Prijepolje, imali su mladi poljoprivrednici od 21 do 40 godina starosti. \u201c Od 57 prijavljenih odbijeno [&hellip;]\" \/>\n<meta property=\"og:url\" content=\"https:\/\/sandzakpress.net\/arhiva\/opstine-prijepolje-i-fondacije-ana-i-vlade-divac-uslove-je-ispunilo-43-mladih-poljoprivrednika\/\" \/>\n<meta property=\"og:site_name\" content=\"Sand\u017eak PRESS\" \/>\n<meta property=\"article:published_time\" content=\"2019-06-10T12:24:54+00:00\" \/>\n<meta property=\"og:image\" content=\"https:\/\/sandzakpress.net\/arhiva\/wp-content\/uploads\/2019\/06\/62bc30990b2d77eab0f5b6b38df34e15_XL.jpg\" \/>\n\t<meta property=\"og:image:width\" content=\"1000\" \/>\n\t<meta property=\"og:image:height\" content=\"1333\" \/>\n\t<meta property=\"og:image:type\" content=\"image\/jpeg\" \/>\n<meta name=\"author\" content=\"Agencija\" \/>\n<meta name=\"twitter:card\" content=\"summary_large_image\" \/>\n<meta name=\"twitter:label1\" content=\"Written by\" \/>\n\t<meta name=\"twitter:data1\" content=\"Agencija\" \/>\n\t<meta name=\"twitter:label2\" content=\"Est. reading time\" \/>\n\t<meta name=\"twitter:data2\" content=\"1 minuta\" \/>\n<script type=\"application\/ld+json\" class=\"yoast-schema-graph\">{\"@context\":\"https:\/\/schema.org\",\"@graph\":[{\"@type\":\"Article\",\"@id\":\"https:\/\/sandzakpress.net\/arhiva\/opstine-prijepolje-i-fondacije-ana-i-vlade-divac-uslove-je-ispunilo-43-mladih-poljoprivrednika\/#article\",\"isPartOf\":{\"@id\":\"https:\/\/sandzakpress.net\/arhiva\/opstine-prijepolje-i-fondacije-ana-i-vlade-divac-uslove-je-ispunilo-43-mladih-poljoprivrednika\/\"},\"author\":{\"name\":\"Agencija\",\"@id\":\"https:\/\/sandzakpress.net\/arhiva\/#\/schema\/person\/cb59d7e3ab91ab90dd680ad0305a6185\"},\"headline\":\"Op\u0161tine Prijepolje i Fondacije \u201cAna i Vlade Divac\u201d\u00a0uslove je ispunilo 43 mladih poljoprivrednika\",\"datePublished\":\"2019-06-10T12:24:54+00:00\",\"mainEntityOfPage\":{\"@id\":\"https:\/\/sandzakpress.net\/arhiva\/opstine-prijepolje-i-fondacije-ana-i-vlade-divac-uslove-je-ispunilo-43-mladih-poljoprivrednika\/\"},\"wordCount\":287,\"commentCount\":0,\"publisher\":{\"@id\":\"https:\/\/sandzakpress.net\/arhiva\/#\/schema\/person\/6e72b67d6e51910a1117b3b483ba20bd\"},\"image\":{\"@id\":\"https:\/\/sandzakpress.net\/arhiva\/opstine-prijepolje-i-fondacije-ana-i-vlade-divac-uslove-je-ispunilo-43-mladih-poljoprivrednika\/#primaryimage\"},\"thumbnailUrl\":\"https:\/\/sandzakpress.net\/arhiva\/wp-content\/uploads\/2019\/06\/62bc30990b2d77eab0f5b6b38df34e15_XL.jpg\",\"articleSection\":[\"Prijepolje\",\"Privreda\"],\"inLanguage\":\"bs-BA\",\"potentialAction\":[{\"@type\":\"CommentAction\",\"name\":\"Comment\",\"target\":[\"https:\/\/sandzakpress.net\/arhiva\/opstine-prijepolje-i-fondacije-ana-i-vlade-divac-uslove-je-ispunilo-43-mladih-poljoprivrednika\/#respond\"]}]},{\"@type\":\"WebPage\",\"@id\":\"https:\/\/sandzakpress.net\/arhiva\/opstine-prijepolje-i-fondacije-ana-i-vlade-divac-uslove-je-ispunilo-43-mladih-poljoprivrednika\/\",\"url\":\"https:\/\/sandzakpress.net\/arhiva\/opstine-prijepolje-i-fondacije-ana-i-vlade-divac-uslove-je-ispunilo-43-mladih-poljoprivrednika\/\",\"name\":\"Op\u0161tine Prijepolje i Fondacije \u201cAna i Vlade Divac\u201d\u00a0uslove je ispunilo 43 mladih poljoprivrednika\",\"isPartOf\":{\"@id\":\"https:\/\/sandzakpress.net\/arhiva\/#website\"},\"primaryImageOfPage\":{\"@id\":\"https:\/\/sandzakpress.net\/arhiva\/opstine-prijepolje-i-fondacije-ana-i-vlade-divac-uslove-je-ispunilo-43-mladih-poljoprivrednika\/#primaryimage\"},\"image\":{\"@id\":\"https:\/\/sandzakpress.net\/arhiva\/opstine-prijepolje-i-fondacije-ana-i-vlade-divac-uslove-je-ispunilo-43-mladih-poljoprivrednika\/#primaryimage\"},\"thumbnailUrl\":\"https:\/\/sandzakpress.net\/arhiva\/wp-content\/uploads\/2019\/06\/62bc30990b2d77eab0f5b6b38df34e15_XL.jpg\",\"datePublished\":\"2019-06-10T12:24:54+00:00\",\"breadcrumb\":{\"@id\":\"https:\/\/sandzakpress.net\/arhiva\/opstine-prijepolje-i-fondacije-ana-i-vlade-divac-uslove-je-ispunilo-43-mladih-poljoprivrednika\/#breadcrumb\"},\"inLanguage\":\"bs-BA\",\"potentialAction\":[{\"@type\":\"ReadAction\",\"target\":[\"https:\/\/sandzakpress.net\/arhiva\/opstine-prijepolje-i-fondacije-ana-i-vlade-divac-uslove-je-ispunilo-43-mladih-poljoprivrednika\/\"]}]},{\"@type\":\"ImageObject\",\"inLanguage\":\"bs-BA\",\"@id\":\"https:\/\/sandzakpress.net\/arhiva\/opstine-prijepolje-i-fondacije-ana-i-vlade-divac-uslove-je-ispunilo-43-mladih-poljoprivrednika\/#primaryimage\",\"url\":\"https:\/\/sandzakpress.net\/arhiva\/wp-content\/uploads\/2019\/06\/62bc30990b2d77eab0f5b6b38df34e15_XL.jpg\",\"contentUrl\":\"https:\/\/sandzakpress.net\/arhiva\/wp-content\/uploads\/2019\/06\/62bc30990b2d77eab0f5b6b38df34e15_XL.jpg\",\"width\":1000,\"height\":1333},{\"@type\":\"BreadcrumbList\",\"@id\":\"https:\/\/sandzakpress.net\/arhiva\/opstine-prijepolje-i-fondacije-ana-i-vlade-divac-uslove-je-ispunilo-43-mladih-poljoprivrednika\/#breadcrumb\",\"itemListElement\":[{\"@type\":\"ListItem\",\"position\":1,\"name\":\"Home\",\"item\":\"https:\/\/sandzakpress.net\/arhiva\/\"},{\"@type\":\"ListItem\",\"position\":2,\"name\":\"Op\u0161tine Prijepolje i Fondacije \u201cAna i Vlade Divac\u201d\u00a0uslove je ispunilo 43 mladih poljoprivrednika\"}]},{\"@type\":\"WebSite\",\"@id\":\"https:\/\/sandzakpress.net\/arhiva\/#website\",\"url\":\"https:\/\/sandzakpress.net\/arhiva\/\",\"name\":\"Sand\u017eak PRESS\",\"description\":\"Prve elektronske novine u Sand\u017eaku\",\"publisher\":{\"@id\":\"https:\/\/sandzakpress.net\/arhiva\/#\/schema\/person\/6e72b67d6e51910a1117b3b483ba20bd\"},\"potentialAction\":[{\"@type\":\"SearchAction\",\"target\":{\"@type\":\"EntryPoint\",\"urlTemplate\":\"https:\/\/sandzakpress.net\/arhiva\/?s={search_term_string}\"},\"query-input\":{\"@type\":\"PropertyValueSpecification\",\"valueRequired\":true,\"valueName\":\"search_term_string\"}}],\"inLanguage\":\"bs-BA\"},{\"@type\":[\"Person\",\"Organization\"],\"@id\":\"https:\/\/sandzakpress.net\/arhiva\/#\/schema\/person\/6e72b67d6e51910a1117b3b483ba20bd\",\"name\":\"Kul\",\"image\":{\"@type\":\"ImageObject\",\"inLanguage\":\"bs-BA\",\"@id\":\"https:\/\/sandzakpress.net\/arhiva\/#\/schema\/person\/image\/\",\"url\":\"https:\/\/secure.gravatar.com\/avatar\/42263f39aa27ac04c43cab85c280eb2e?s=96&d=mm&r=pg\",\"contentUrl\":\"https:\/\/secure.gravatar.com\/avatar\/42263f39aa27ac04c43cab85c280eb2e?s=96&d=mm&r=pg\",\"caption\":\"Kul\"},\"logo\":{\"@id\":\"https:\/\/sandzakpress.net\/arhiva\/#\/schema\/person\/image\/\"}},{\"@type\":\"Person\",\"@id\":\"https:\/\/sandzakpress.net\/arhiva\/#\/schema\/person\/cb59d7e3ab91ab90dd680ad0305a6185\",\"name\":\"Agencija\",\"image\":{\"@type\":\"ImageObject\",\"inLanguage\":\"bs-BA\",\"@id\":\"https:\/\/sandzakpress.net\/arhiva\/#\/schema\/person\/image\/\",\"url\":\"https:\/\/secure.gravatar.com\/avatar\/4b7fafa80a22f0c2afe23966b3961fe0?s=96&d=mm&r=pg\",\"contentUrl\":\"https:\/\/secure.gravatar.com\/avatar\/4b7fafa80a22f0c2afe23966b3961fe0?s=96&d=mm&r=pg\",\"caption\":\"Agencija\"},\"url\":\"https:\/\/sandzakpress.net\/arhiva\/author\/agencija\/\"}]}<\/script>\n<!-- \/ Yoast SEO Premium plugin. -->","yoast_head_json":{"title":"Op\u0161tine Prijepolje i Fondacije \u201cAna i Vlade Divac\u201d\u00a0uslove je ispunilo 43 mladih poljoprivrednika","robots":{"index":"index","follow":"follow","max-snippet":"max-snippet:-1","max-image-preview":"max-image-preview:large","max-video-preview":"max-video-preview:-1"},"canonical":"https:\/\/sandzakpress.net\/arhiva\/opstine-prijepolje-i-fondacije-ana-i-vlade-divac-uslove-je-ispunilo-43-mladih-poljoprivrednika\/","og_locale":"bs_BA","og_type":"article","og_title":"Op\u0161tine Prijepolje i Fondacije \u201cAna i Vlade Divac\u201d\u00a0uslove je ispunilo 43 mladih poljoprivrednika","og_description":"Od 57 nosioca poljoprivrenih gazdinstava, koliko ih se prijavilo za bespovratna sredstva Op\u0161tine Prijepolje i Fondacije \u201cAna i Vlade Divac\u201d\u00a0uslove je ispunilo 43 mladih poljoprivrednika. .Pravo u\u010de\u0161\u0107a na konkursu koji raspisala Fondacija\u00a0\u201cAna i Vlade Divac\u201d u saradnji sa Op\u0161tinom Prijepolje, imali su mladi poljoprivrednici od 21 do 40 godina starosti. \u201c Od 57 prijavljenih odbijeno [&hellip;]","og_url":"https:\/\/sandzakpress.net\/arhiva\/opstine-prijepolje-i-fondacije-ana-i-vlade-divac-uslove-je-ispunilo-43-mladih-poljoprivrednika\/","og_site_name":"Sand\u017eak PRESS","article_published_time":"2019-06-10T12:24:54+00:00","og_image":[{"width":1000,"height":1333,"url":"https:\/\/sandzakpress.net\/arhiva\/wp-content\/uploads\/2019\/06\/62bc30990b2d77eab0f5b6b38df34e15_XL.jpg","type":"image\/jpeg"}],"author":"Agencija","twitter_card":"summary_large_image","twitter_misc":{"Written by":"Agencija","Est. reading time":"1 minuta"},"schema":{"@context":"https:\/\/schema.org","@graph":[{"@type":"Article","@id":"https:\/\/sandzakpress.net\/arhiva\/opstine-prijepolje-i-fondacije-ana-i-vlade-divac-uslove-je-ispunilo-43-mladih-poljoprivrednika\/#article","isPartOf":{"@id":"https:\/\/sandzakpress.net\/arhiva\/opstine-prijepolje-i-fondacije-ana-i-vlade-divac-uslove-je-ispunilo-43-mladih-poljoprivrednika\/"},"author":{"name":"Agencija","@id":"https:\/\/sandzakpress.net\/arhiva\/#\/schema\/person\/cb59d7e3ab91ab90dd680ad0305a6185"},"headline":"Op\u0161tine Prijepolje i Fondacije \u201cAna i Vlade Divac\u201d\u00a0uslove je ispunilo 43 mladih poljoprivrednika","datePublished":"2019-06-10T12:24:54+00:00","mainEntityOfPage":{"@id":"https:\/\/sandzakpress.net\/arhiva\/opstine-prijepolje-i-fondacije-ana-i-vlade-divac-uslove-je-ispunilo-43-mladih-poljoprivrednika\/"},"wordCount":287,"commentCount":0,"publisher":{"@id":"https:\/\/sandzakpress.net\/arhiva\/#\/schema\/person\/6e72b67d6e51910a1117b3b483ba20bd"},"image":{"@id":"https:\/\/sandzakpress.net\/arhiva\/opstine-prijepolje-i-fondacije-ana-i-vlade-divac-uslove-je-ispunilo-43-mladih-poljoprivrednika\/#primaryimage"},"thumbnailUrl":"https:\/\/sandzakpress.net\/arhiva\/wp-content\/uploads\/2019\/06\/62bc30990b2d77eab0f5b6b38df34e15_XL.jpg","articleSection":["Prijepolje","Privreda"],"inLanguage":"bs-BA","potentialAction":[{"@type":"CommentAction","name":"Comment","target":["https:\/\/sandzakpress.net\/arhiva\/opstine-prijepolje-i-fondacije-ana-i-vlade-divac-uslove-je-ispunilo-43-mladih-poljoprivrednika\/#respond"]}]},{"@type":"WebPage","@id":"https:\/\/sandzakpress.net\/arhiva\/opstine-prijepolje-i-fondacije-ana-i-vlade-divac-uslove-je-ispunilo-43-mladih-poljoprivrednika\/","url":"https:\/\/sandzakpress.net\/arhiva\/opstine-prijepolje-i-fondacije-ana-i-vlade-divac-uslove-je-ispunilo-43-mladih-poljoprivrednika\/","name":"Op\u0161tine Prijepolje i Fondacije \u201cAna i Vlade Divac\u201d\u00a0uslove je ispunilo 43 mladih poljoprivrednika","isPartOf":{"@id":"https:\/\/sandzakpress.net\/arhiva\/#website"},"primaryImageOfPage":{"@id":"https:\/\/sandzakpress.net\/arhiva\/opstine-prijepolje-i-fondacije-ana-i-vlade-divac-uslove-je-ispunilo-43-mladih-poljoprivrednika\/#primaryimage"},"image":{"@id":"https:\/\/sandzakpress.net\/arhiva\/opstine-prijepolje-i-fondacije-ana-i-vlade-divac-uslove-je-ispunilo-43-mladih-poljoprivrednika\/#primaryimage"},"thumbnailUrl":"https:\/\/sandzakpress.net\/arhiva\/wp-content\/uploads\/2019\/06\/62bc30990b2d77eab0f5b6b38df34e15_XL.jpg","datePublished":"2019-06-10T12:24:54+00:00","breadcrumb":{"@id":"https:\/\/sandzakpress.net\/arhiva\/opstine-prijepolje-i-fondacije-ana-i-vlade-divac-uslove-je-ispunilo-43-mladih-poljoprivrednika\/#breadcrumb"},"inLanguage":"bs-BA","potentialAction":[{"@type":"ReadAction","target":["https:\/\/sandzakpress.net\/arhiva\/opstine-prijepolje-i-fondacije-ana-i-vlade-divac-uslove-je-ispunilo-43-mladih-poljoprivrednika\/"]}]},{"@type":"ImageObject","inLanguage":"bs-BA","@id":"https:\/\/sandzakpress.net\/arhiva\/opstine-prijepolje-i-fondacije-ana-i-vlade-divac-uslove-je-ispunilo-43-mladih-poljoprivrednika\/#primaryimage","url":"https:\/\/sandzakpress.net\/arhiva\/wp-content\/uploads\/2019\/06\/62bc30990b2d77eab0f5b6b38df34e15_XL.jpg","contentUrl":"https:\/\/sandzakpress.net\/arhiva\/wp-content\/uploads\/2019\/06\/62bc30990b2d77eab0f5b6b38df34e15_XL.jpg","width":1000,"height":1333},{"@type":"BreadcrumbList","@id":"https:\/\/sandzakpress.net\/arhiva\/opstine-prijepolje-i-fondacije-ana-i-vlade-divac-uslove-je-ispunilo-43-mladih-poljoprivrednika\/#breadcrumb","itemListElement":[{"@type":"ListItem","position":1,"name":"Home","item":"https:\/\/sandzakpress.net\/arhiva\/"},{"@type":"ListItem","position":2,"name":"Op\u0161tine Prijepolje i Fondacije \u201cAna i Vlade Divac\u201d\u00a0uslove je ispunilo 43 mladih poljoprivrednika"}]},{"@type":"WebSite","@id":"https:\/\/sandzakpress.net\/arhiva\/#website","url":"https:\/\/sandzakpress.net\/arhiva\/","name":"Sand\u017eak PRESS","description":"Prve elektronske novine u Sand\u017eaku","publisher":{"@id":"https:\/\/sandzakpress.net\/arhiva\/#\/schema\/person\/6e72b67d6e51910a1117b3b483ba20bd"},"potentialAction":[{"@type":"SearchAction","target":{"@type":"EntryPoint","urlTemplate":"https:\/\/sandzakpress.net\/arhiva\/?s={search_term_string}"},"query-input":{"@type":"PropertyValueSpecification","valueRequired":true,"valueName":"search_term_string"}}],"inLanguage":"bs-BA"},{"@type":["Person","Organization"],"@id":"https:\/\/sandzakpress.net\/arhiva\/#\/schema\/person\/6e72b67d6e51910a1117b3b483ba20bd","name":"Kul","image":{"@type":"ImageObject","inLanguage":"bs-BA","@id":"https:\/\/sandzakpress.net\/arhiva\/#\/schema\/person\/image\/","url":"https:\/\/secure.gravatar.com\/avatar\/42263f39aa27ac04c43cab85c280eb2e?s=96&d=mm&r=pg","contentUrl":"https:\/\/secure.gravatar.com\/avatar\/42263f39aa27ac04c43cab85c280eb2e?s=96&d=mm&r=pg","caption":"Kul"},"logo":{"@id":"https:\/\/sandzakpress.net\/arhiva\/#\/schema\/person\/image\/"}},{"@type":"Person","@id":"https:\/\/sandzakpress.net\/arhiva\/#\/schema\/person\/cb59d7e3ab91ab90dd680ad0305a6185","name":"Agencija","image":{"@type":"ImageObject","inLanguage":"bs-BA","@id":"https:\/\/sandzakpress.net\/arhiva\/#\/schema\/person\/image\/","url":"https:\/\/secure.gravatar.com\/avatar\/4b7fafa80a22f0c2afe23966b3961fe0?s=96&d=mm&r=pg","contentUrl":"https:\/\/secure.gravatar.com\/avatar\/4b7fafa80a22f0c2afe23966b3961fe0?s=96&d=mm&r=pg","caption":"Agencija"},"url":"https:\/\/sandzakpress.net\/arhiva\/author\/agencija\/"}]}},"_links":{"self":[{"href":"https:\/\/sandzakpress.net\/arhiva\/wp-json\/wp\/v2\/posts\/224538"}],"collection":[{"href":"https:\/\/sandzakpress.net\/arhiva\/wp-json\/wp\/v2\/posts"}],"about":[{"href":"https:\/\/sandzakpress.net\/arhiva\/wp-json\/wp\/v2\/types\/post"}],"author":[{"embeddable":true,"href":"https:\/\/sandzakpress.net\/arhiva\/wp-json\/wp\/v2\/users\/509"}],"replies":[{"embeddable":true,"href":"https:\/\/sandzakpress.net\/arhiva\/wp-json\/wp\/v2\/comments?post=224538"}],"version-history":[{"count":0,"href":"https:\/\/sandzakpress.net\/arhiva\/wp-json\/wp\/v2\/posts\/224538\/revisions"}],"wp:featuredmedia":[{"embeddable":true,"href":"https:\/\/sandzakpress.net\/arhiva\/wp-json\/wp\/v2\/media\/224540"}],"wp:attachment":[{"href":"https:\/\/sandzakpress.net\/arhiva\/wp-json\/wp\/v2\/media?parent=224538"}],"wp:term":[{"taxonomy":"category","embeddable":true,"href":"https:\/\/sandzakpress.net\/arhiva\/wp-json\/wp\/v2\/categories?post=224538"},{"taxonomy":"post_tag","embeddable":true,"href":"https:\/\/sandzakpress.net\/arhiva\/wp-json\/wp\/v2\/tags?post=224538"}],"curies":[{"name":"wp","href":"https:\/\/api.w.org\/{rel}","templated":true}]}}