{"id":224469,"date":"2019-06-08T12:32:39","date_gmt":"2019-06-08T10:32:39","guid":{"rendered":"https:\/\/sandzakpress.net\/arhiva\/rostek-za-dva-mjeseca-pocinje-isporuku-s-400-turskoj"},"modified":"2019-06-08T12:32:39","modified_gmt":"2019-06-08T10:32:39","slug":"rostek-za-dva-mjeseca-pocinje-isporuku-s-400-turskoj","status":"publish","type":"post","link":"https:\/\/sandzakpress.net\/arhiva\/rostek-za-dva-mjeseca-pocinje-isporuku-s-400-turskoj\/","title":{"rendered":"Rostek za dva mjeseca po\u010dinje isporuku S-400 Turskoj"},"content":{"rendered":"<p><span class=\"cb-itemprop\"><\/p>\n<p><img decoding=\"async\" src=\"http:\/\/balkans.aljazeera.net\/sites\/default\/files\/styles\/d8\/public\/s-400-rakete-vojska-ap.jpg?itok=dHsTZNqw\" alt=\"S-400, Rakete\" \/><\/p>\n<p><strong>Sergej\u00a0\u010cemezov, glavni izvr\u0161ni direktor ruske dr\u017eavne kompanije za vojnu industriju Rostek, potvrdio je da \u0107e u toku dva mjeseca po\u010deti s isporukom sofisticiranog\u00a0obrambenog sustava\u00a0S-400\u00a0Turskoj.<\/strong><\/p>\n<p>On\u00a0je na marginama Me\u0111unarodnog ekonomskog foruma u ruskom St. Petersburgu &#8211;\u00a0SPIEF\u00a0izjavio da se isporuka odvija prema\u00a0planu.<\/p>\n<p>Kako je kazao, zavr\u0161eni su\u00a0kredit, potro\u0161nja,\u00a0proizvodnja i obuka.<\/p>\n<p>Turska je od 2011. godine intenzivirala ja\u010danje zra\u010dnih obrambenih kapaciteta zbog sigurnosnih prijetnji u regiji.<\/p>\n<h4>Negodovanje Washingtona i F-35<\/h4>\n<p>Nakon propalih pregovora o kupovini ameri\u010dkog protuzra\u010dnog sustava\u00a0Patriot, Turska je 2017. godine odlu\u010dila od Rusije kupiti sofisticirani obrambeni sustav\u00a0S-400.<\/p>\n<p>Takav potez Ankare je izazvao negodovanje Washingtona.<\/p>\n<p>Niz ameri\u010dkih vojnih du\u017enosnika\u00a0i analiti\u010dara tra\u017ee da SAD ne isporu\u010di Turskoj borbene zrakoplove\u00a0F-35\u00a0ako Ankara\u00a0dobije ruske sustave\u00a0S-400.<\/p>\n<p>Tvrde da bi tako Rusija neizravno\u00a0mogla dobiti klju\u010dne parametre o ameri\u010dkim bombarderima.<\/p>\n<p>Turski ministar obrane Hulusi Akar ranije je kazao kako kupovina ruskog obrambenog sustava\u00a0S-400 za Tursku ne predstavlja pitanje izbora, ve\u0107 prijeke potrebe.<\/p>\n<p><em>Izvor: Agencije, al jazeera<\/em><\/p>\n<p><\/span><br \/>\nPogledajte vijest na izvornom sajtu:<\/p>\n<p><a href=\"https:\/\/islampress.net\/45662\/rostek-za-dva-mjeseca-pocinje-isporuku-s-400-turskoj\/\" target=\"_blank\">Rostek za dva mjeseca po\u010dinje isporuku S-400 Turskoj<\/a><\/p>\n","protected":false},"excerpt":{"rendered":"<p>Sergej\u00a0\u010cemezov, glavni izvr\u0161ni direktor ruske dr\u017eavne kompanije za vojnu industriju Rostek, potvrdio je da \u0107e u toku dva mjeseca po\u010deti s isporukom sofisticiranog\u00a0obrambenog sustava\u00a0S-400\u00a0Turskoj. On\u00a0je na marginama Me\u0111unarodnog ekonomskog foruma u ruskom St. Petersburgu &#8211;\u00a0SPIEF\u00a0izjavio da se isporuka odvija prema\u00a0planu. Kako je kazao, zavr\u0161eni su\u00a0kredit, potro\u0161nja,\u00a0proizvodnja i obuka. Turska je od 2011. godine intenzivirala ja\u010danje [&hellip;]<\/p>\n","protected":false},"author":83,"featured_media":0,"comment_status":"open","ping_status":"open","sticky":false,"template":"","format":"standard","meta":{"footnotes":""},"categories":[9],"tags":[10499],"class_list":{"0":"post-224469","1":"post","2":"type-post","3":"status-publish","4":"format-standard","6":"category-svijet","7":"tag-a"},"yoast_head":"<!-- This site is optimized with the Yoast SEO Premium plugin v23.1 (Yoast SEO v24.9) - https:\/\/yoast.com\/wordpress\/plugins\/seo\/ -->\n<title>Rostek za dva mjeseca po\u010dinje isporuku S-400 Turskoj<\/title>\n<meta name=\"robots\" content=\"index, follow, max-snippet:-1, max-image-preview:large, max-video-preview:-1\" \/>\n<link rel=\"canonical\" href=\"https:\/\/sandzakpress.net\/arhiva\/rostek-za-dva-mjeseca-pocinje-isporuku-s-400-turskoj\/\" \/>\n<meta property=\"og:locale\" content=\"bs_BA\" \/>\n<meta property=\"og:type\" content=\"article\" \/>\n<meta property=\"og:title\" content=\"Rostek za dva mjeseca po\u010dinje isporuku S-400 Turskoj\" \/>\n<meta property=\"og:description\" content=\"Sergej\u00a0\u010cemezov, glavni izvr\u0161ni direktor ruske dr\u017eavne kompanije za vojnu industriju Rostek, potvrdio je da \u0107e u toku dva mjeseca po\u010deti s isporukom sofisticiranog\u00a0obrambenog sustava\u00a0S-400\u00a0Turskoj. On\u00a0je na marginama Me\u0111unarodnog ekonomskog foruma u ruskom St. Petersburgu &#8211;\u00a0SPIEF\u00a0izjavio da se isporuka odvija prema\u00a0planu. Kako je kazao, zavr\u0161eni su\u00a0kredit, potro\u0161nja,\u00a0proizvodnja i obuka. Turska je od 2011. godine intenzivirala ja\u010danje [&hellip;]\" \/>\n<meta property=\"og:url\" content=\"https:\/\/sandzakpress.net\/arhiva\/rostek-za-dva-mjeseca-pocinje-isporuku-s-400-turskoj\/\" \/>\n<meta property=\"og:site_name\" content=\"Sand\u017eak PRESS\" \/>\n<meta property=\"article:published_time\" content=\"2019-06-08T10:32:39+00:00\" \/>\n<meta property=\"og:image\" content=\"http:\/\/balkans.aljazeera.net\/sites\/default\/files\/styles\/d8\/public\/s-400-rakete-vojska-ap.jpg?itok=dHsTZNqw\" \/>\n<meta name=\"author\" content=\"bosniak\" \/>\n<meta name=\"twitter:card\" content=\"summary_large_image\" \/>\n<meta name=\"twitter:label1\" content=\"Written by\" \/>\n\t<meta name=\"twitter:data1\" content=\"bosniak\" \/>\n\t<meta name=\"twitter:label2\" content=\"Est. reading time\" \/>\n\t<meta name=\"twitter:data2\" content=\"1 minuta\" \/>\n<script type=\"application\/ld+json\" class=\"yoast-schema-graph\">{\"@context\":\"https:\/\/schema.org\",\"@graph\":[{\"@type\":\"Article\",\"@id\":\"https:\/\/sandzakpress.net\/arhiva\/rostek-za-dva-mjeseca-pocinje-isporuku-s-400-turskoj\/#article\",\"isPartOf\":{\"@id\":\"https:\/\/sandzakpress.net\/arhiva\/rostek-za-dva-mjeseca-pocinje-isporuku-s-400-turskoj\/\"},\"author\":{\"name\":\"bosniak\",\"@id\":\"https:\/\/sandzakpress.net\/arhiva\/#\/schema\/person\/c8baee722073534b583ea7bdb2e36c02\"},\"headline\":\"Rostek za dva mjeseca po\u010dinje isporuku S-400 Turskoj\",\"datePublished\":\"2019-06-08T10:32:39+00:00\",\"mainEntityOfPage\":{\"@id\":\"https:\/\/sandzakpress.net\/arhiva\/rostek-za-dva-mjeseca-pocinje-isporuku-s-400-turskoj\/\"},\"wordCount\":204,\"commentCount\":1,\"publisher\":{\"@id\":\"https:\/\/sandzakpress.net\/arhiva\/#\/schema\/person\/6e72b67d6e51910a1117b3b483ba20bd\"},\"image\":{\"@id\":\"https:\/\/sandzakpress.net\/arhiva\/rostek-za-dva-mjeseca-pocinje-isporuku-s-400-turskoj\/#primaryimage\"},\"thumbnailUrl\":\"http:\/\/balkans.aljazeera.net\/sites\/default\/files\/styles\/d8\/public\/s-400-rakete-vojska-ap.jpg?itok=dHsTZNqw\",\"keywords\":[\"A\"],\"articleSection\":[\"Svijet\"],\"inLanguage\":\"bs-BA\",\"potentialAction\":[{\"@type\":\"CommentAction\",\"name\":\"Comment\",\"target\":[\"https:\/\/sandzakpress.net\/arhiva\/rostek-za-dva-mjeseca-pocinje-isporuku-s-400-turskoj\/#respond\"]}]},{\"@type\":\"WebPage\",\"@id\":\"https:\/\/sandzakpress.net\/arhiva\/rostek-za-dva-mjeseca-pocinje-isporuku-s-400-turskoj\/\",\"url\":\"https:\/\/sandzakpress.net\/arhiva\/rostek-za-dva-mjeseca-pocinje-isporuku-s-400-turskoj\/\",\"name\":\"Rostek za dva mjeseca po\u010dinje isporuku S-400 Turskoj\",\"isPartOf\":{\"@id\":\"https:\/\/sandzakpress.net\/arhiva\/#website\"},\"primaryImageOfPage\":{\"@id\":\"https:\/\/sandzakpress.net\/arhiva\/rostek-za-dva-mjeseca-pocinje-isporuku-s-400-turskoj\/#primaryimage\"},\"image\":{\"@id\":\"https:\/\/sandzakpress.net\/arhiva\/rostek-za-dva-mjeseca-pocinje-isporuku-s-400-turskoj\/#primaryimage\"},\"thumbnailUrl\":\"http:\/\/balkans.aljazeera.net\/sites\/default\/files\/styles\/d8\/public\/s-400-rakete-vojska-ap.jpg?itok=dHsTZNqw\",\"datePublished\":\"2019-06-08T10:32:39+00:00\",\"breadcrumb\":{\"@id\":\"https:\/\/sandzakpress.net\/arhiva\/rostek-za-dva-mjeseca-pocinje-isporuku-s-400-turskoj\/#breadcrumb\"},\"inLanguage\":\"bs-BA\",\"potentialAction\":[{\"@type\":\"ReadAction\",\"target\":[\"https:\/\/sandzakpress.net\/arhiva\/rostek-za-dva-mjeseca-pocinje-isporuku-s-400-turskoj\/\"]}]},{\"@type\":\"ImageObject\",\"inLanguage\":\"bs-BA\",\"@id\":\"https:\/\/sandzakpress.net\/arhiva\/rostek-za-dva-mjeseca-pocinje-isporuku-s-400-turskoj\/#primaryimage\",\"url\":\"http:\/\/balkans.aljazeera.net\/sites\/default\/files\/styles\/d8\/public\/s-400-rakete-vojska-ap.jpg?itok=dHsTZNqw\",\"contentUrl\":\"http:\/\/balkans.aljazeera.net\/sites\/default\/files\/styles\/d8\/public\/s-400-rakete-vojska-ap.jpg?itok=dHsTZNqw\"},{\"@type\":\"BreadcrumbList\",\"@id\":\"https:\/\/sandzakpress.net\/arhiva\/rostek-za-dva-mjeseca-pocinje-isporuku-s-400-turskoj\/#breadcrumb\",\"itemListElement\":[{\"@type\":\"ListItem\",\"position\":1,\"name\":\"Home\",\"item\":\"https:\/\/sandzakpress.net\/arhiva\/\"},{\"@type\":\"ListItem\",\"position\":2,\"name\":\"Rostek za dva mjeseca po\u010dinje isporuku S-400 Turskoj\"}]},{\"@type\":\"WebSite\",\"@id\":\"https:\/\/sandzakpress.net\/arhiva\/#website\",\"url\":\"https:\/\/sandzakpress.net\/arhiva\/\",\"name\":\"Sand\u017eak PRESS\",\"description\":\"Prve elektronske novine u Sand\u017eaku\",\"publisher\":{\"@id\":\"https:\/\/sandzakpress.net\/arhiva\/#\/schema\/person\/6e72b67d6e51910a1117b3b483ba20bd\"},\"potentialAction\":[{\"@type\":\"SearchAction\",\"target\":{\"@type\":\"EntryPoint\",\"urlTemplate\":\"https:\/\/sandzakpress.net\/arhiva\/?s={search_term_string}\"},\"query-input\":{\"@type\":\"PropertyValueSpecification\",\"valueRequired\":true,\"valueName\":\"search_term_string\"}}],\"inLanguage\":\"bs-BA\"},{\"@type\":[\"Person\",\"Organization\"],\"@id\":\"https:\/\/sandzakpress.net\/arhiva\/#\/schema\/person\/6e72b67d6e51910a1117b3b483ba20bd\",\"name\":\"Kul\",\"image\":{\"@type\":\"ImageObject\",\"inLanguage\":\"bs-BA\",\"@id\":\"https:\/\/sandzakpress.net\/arhiva\/#\/schema\/person\/image\/\",\"url\":\"https:\/\/secure.gravatar.com\/avatar\/42263f39aa27ac04c43cab85c280eb2e?s=96&d=mm&r=pg\",\"contentUrl\":\"https:\/\/secure.gravatar.com\/avatar\/42263f39aa27ac04c43cab85c280eb2e?s=96&d=mm&r=pg\",\"caption\":\"Kul\"},\"logo\":{\"@id\":\"https:\/\/sandzakpress.net\/arhiva\/#\/schema\/person\/image\/\"}},{\"@type\":\"Person\",\"@id\":\"https:\/\/sandzakpress.net\/arhiva\/#\/schema\/person\/c8baee722073534b583ea7bdb2e36c02\",\"name\":\"bosniak\",\"image\":{\"@type\":\"ImageObject\",\"inLanguage\":\"bs-BA\",\"@id\":\"https:\/\/sandzakpress.net\/arhiva\/#\/schema\/person\/image\/\",\"url\":\"https:\/\/secure.gravatar.com\/avatar\/a04fd330bfe3a36a72a0ad4a6d89fca7?s=96&d=mm&r=pg\",\"contentUrl\":\"https:\/\/secure.gravatar.com\/avatar\/a04fd330bfe3a36a72a0ad4a6d89fca7?s=96&d=mm&r=pg\",\"caption\":\"bosniak\"},\"url\":\"https:\/\/sandzakpress.net\/arhiva\/author\/bosniak\/\"}]}<\/script>\n<!-- \/ Yoast SEO Premium plugin. -->","yoast_head_json":{"title":"Rostek za dva mjeseca po\u010dinje isporuku S-400 Turskoj","robots":{"index":"index","follow":"follow","max-snippet":"max-snippet:-1","max-image-preview":"max-image-preview:large","max-video-preview":"max-video-preview:-1"},"canonical":"https:\/\/sandzakpress.net\/arhiva\/rostek-za-dva-mjeseca-pocinje-isporuku-s-400-turskoj\/","og_locale":"bs_BA","og_type":"article","og_title":"Rostek za dva mjeseca po\u010dinje isporuku S-400 Turskoj","og_description":"Sergej\u00a0\u010cemezov, glavni izvr\u0161ni direktor ruske dr\u017eavne kompanije za vojnu industriju Rostek, potvrdio je da \u0107e u toku dva mjeseca po\u010deti s isporukom sofisticiranog\u00a0obrambenog sustava\u00a0S-400\u00a0Turskoj. On\u00a0je na marginama Me\u0111unarodnog ekonomskog foruma u ruskom St. Petersburgu &#8211;\u00a0SPIEF\u00a0izjavio da se isporuka odvija prema\u00a0planu. Kako je kazao, zavr\u0161eni su\u00a0kredit, potro\u0161nja,\u00a0proizvodnja i obuka. Turska je od 2011. godine intenzivirala ja\u010danje [&hellip;]","og_url":"https:\/\/sandzakpress.net\/arhiva\/rostek-za-dva-mjeseca-pocinje-isporuku-s-400-turskoj\/","og_site_name":"Sand\u017eak PRESS","article_published_time":"2019-06-08T10:32:39+00:00","og_image":[{"url":"http:\/\/balkans.aljazeera.net\/sites\/default\/files\/styles\/d8\/public\/s-400-rakete-vojska-ap.jpg?itok=dHsTZNqw","type":"","width":"","height":""}],"author":"bosniak","twitter_card":"summary_large_image","twitter_misc":{"Written by":"bosniak","Est. reading time":"1 minuta"},"schema":{"@context":"https:\/\/schema.org","@graph":[{"@type":"Article","@id":"https:\/\/sandzakpress.net\/arhiva\/rostek-za-dva-mjeseca-pocinje-isporuku-s-400-turskoj\/#article","isPartOf":{"@id":"https:\/\/sandzakpress.net\/arhiva\/rostek-za-dva-mjeseca-pocinje-isporuku-s-400-turskoj\/"},"author":{"name":"bosniak","@id":"https:\/\/sandzakpress.net\/arhiva\/#\/schema\/person\/c8baee722073534b583ea7bdb2e36c02"},"headline":"Rostek za dva mjeseca po\u010dinje isporuku S-400 Turskoj","datePublished":"2019-06-08T10:32:39+00:00","mainEntityOfPage":{"@id":"https:\/\/sandzakpress.net\/arhiva\/rostek-za-dva-mjeseca-pocinje-isporuku-s-400-turskoj\/"},"wordCount":204,"commentCount":1,"publisher":{"@id":"https:\/\/sandzakpress.net\/arhiva\/#\/schema\/person\/6e72b67d6e51910a1117b3b483ba20bd"},"image":{"@id":"https:\/\/sandzakpress.net\/arhiva\/rostek-za-dva-mjeseca-pocinje-isporuku-s-400-turskoj\/#primaryimage"},"thumbnailUrl":"http:\/\/balkans.aljazeera.net\/sites\/default\/files\/styles\/d8\/public\/s-400-rakete-vojska-ap.jpg?itok=dHsTZNqw","keywords":["A"],"articleSection":["Svijet"],"inLanguage":"bs-BA","potentialAction":[{"@type":"CommentAction","name":"Comment","target":["https:\/\/sandzakpress.net\/arhiva\/rostek-za-dva-mjeseca-pocinje-isporuku-s-400-turskoj\/#respond"]}]},{"@type":"WebPage","@id":"https:\/\/sandzakpress.net\/arhiva\/rostek-za-dva-mjeseca-pocinje-isporuku-s-400-turskoj\/","url":"https:\/\/sandzakpress.net\/arhiva\/rostek-za-dva-mjeseca-pocinje-isporuku-s-400-turskoj\/","name":"Rostek za dva mjeseca po\u010dinje isporuku S-400 Turskoj","isPartOf":{"@id":"https:\/\/sandzakpress.net\/arhiva\/#website"},"primaryImageOfPage":{"@id":"https:\/\/sandzakpress.net\/arhiva\/rostek-za-dva-mjeseca-pocinje-isporuku-s-400-turskoj\/#primaryimage"},"image":{"@id":"https:\/\/sandzakpress.net\/arhiva\/rostek-za-dva-mjeseca-pocinje-isporuku-s-400-turskoj\/#primaryimage"},"thumbnailUrl":"http:\/\/balkans.aljazeera.net\/sites\/default\/files\/styles\/d8\/public\/s-400-rakete-vojska-ap.jpg?itok=dHsTZNqw","datePublished":"2019-06-08T10:32:39+00:00","breadcrumb":{"@id":"https:\/\/sandzakpress.net\/arhiva\/rostek-za-dva-mjeseca-pocinje-isporuku-s-400-turskoj\/#breadcrumb"},"inLanguage":"bs-BA","potentialAction":[{"@type":"ReadAction","target":["https:\/\/sandzakpress.net\/arhiva\/rostek-za-dva-mjeseca-pocinje-isporuku-s-400-turskoj\/"]}]},{"@type":"ImageObject","inLanguage":"bs-BA","@id":"https:\/\/sandzakpress.net\/arhiva\/rostek-za-dva-mjeseca-pocinje-isporuku-s-400-turskoj\/#primaryimage","url":"http:\/\/balkans.aljazeera.net\/sites\/default\/files\/styles\/d8\/public\/s-400-rakete-vojska-ap.jpg?itok=dHsTZNqw","contentUrl":"http:\/\/balkans.aljazeera.net\/sites\/default\/files\/styles\/d8\/public\/s-400-rakete-vojska-ap.jpg?itok=dHsTZNqw"},{"@type":"BreadcrumbList","@id":"https:\/\/sandzakpress.net\/arhiva\/rostek-za-dva-mjeseca-pocinje-isporuku-s-400-turskoj\/#breadcrumb","itemListElement":[{"@type":"ListItem","position":1,"name":"Home","item":"https:\/\/sandzakpress.net\/arhiva\/"},{"@type":"ListItem","position":2,"name":"Rostek za dva mjeseca po\u010dinje isporuku S-400 Turskoj"}]},{"@type":"WebSite","@id":"https:\/\/sandzakpress.net\/arhiva\/#website","url":"https:\/\/sandzakpress.net\/arhiva\/","name":"Sand\u017eak PRESS","description":"Prve elektronske novine u Sand\u017eaku","publisher":{"@id":"https:\/\/sandzakpress.net\/arhiva\/#\/schema\/person\/6e72b67d6e51910a1117b3b483ba20bd"},"potentialAction":[{"@type":"SearchAction","target":{"@type":"EntryPoint","urlTemplate":"https:\/\/sandzakpress.net\/arhiva\/?s={search_term_string}"},"query-input":{"@type":"PropertyValueSpecification","valueRequired":true,"valueName":"search_term_string"}}],"inLanguage":"bs-BA"},{"@type":["Person","Organization"],"@id":"https:\/\/sandzakpress.net\/arhiva\/#\/schema\/person\/6e72b67d6e51910a1117b3b483ba20bd","name":"Kul","image":{"@type":"ImageObject","inLanguage":"bs-BA","@id":"https:\/\/sandzakpress.net\/arhiva\/#\/schema\/person\/image\/","url":"https:\/\/secure.gravatar.com\/avatar\/42263f39aa27ac04c43cab85c280eb2e?s=96&d=mm&r=pg","contentUrl":"https:\/\/secure.gravatar.com\/avatar\/42263f39aa27ac04c43cab85c280eb2e?s=96&d=mm&r=pg","caption":"Kul"},"logo":{"@id":"https:\/\/sandzakpress.net\/arhiva\/#\/schema\/person\/image\/"}},{"@type":"Person","@id":"https:\/\/sandzakpress.net\/arhiva\/#\/schema\/person\/c8baee722073534b583ea7bdb2e36c02","name":"bosniak","image":{"@type":"ImageObject","inLanguage":"bs-BA","@id":"https:\/\/sandzakpress.net\/arhiva\/#\/schema\/person\/image\/","url":"https:\/\/secure.gravatar.com\/avatar\/a04fd330bfe3a36a72a0ad4a6d89fca7?s=96&d=mm&r=pg","contentUrl":"https:\/\/secure.gravatar.com\/avatar\/a04fd330bfe3a36a72a0ad4a6d89fca7?s=96&d=mm&r=pg","caption":"bosniak"},"url":"https:\/\/sandzakpress.net\/arhiva\/author\/bosniak\/"}]}},"_links":{"self":[{"href":"https:\/\/sandzakpress.net\/arhiva\/wp-json\/wp\/v2\/posts\/224469"}],"collection":[{"href":"https:\/\/sandzakpress.net\/arhiva\/wp-json\/wp\/v2\/posts"}],"about":[{"href":"https:\/\/sandzakpress.net\/arhiva\/wp-json\/wp\/v2\/types\/post"}],"author":[{"embeddable":true,"href":"https:\/\/sandzakpress.net\/arhiva\/wp-json\/wp\/v2\/users\/83"}],"replies":[{"embeddable":true,"href":"https:\/\/sandzakpress.net\/arhiva\/wp-json\/wp\/v2\/comments?post=224469"}],"version-history":[{"count":0,"href":"https:\/\/sandzakpress.net\/arhiva\/wp-json\/wp\/v2\/posts\/224469\/revisions"}],"wp:attachment":[{"href":"https:\/\/sandzakpress.net\/arhiva\/wp-json\/wp\/v2\/media?parent=224469"}],"wp:term":[{"taxonomy":"category","embeddable":true,"href":"https:\/\/sandzakpress.net\/arhiva\/wp-json\/wp\/v2\/categories?post=224469"},{"taxonomy":"post_tag","embeddable":true,"href":"https:\/\/sandzakpress.net\/arhiva\/wp-json\/wp\/v2\/tags?post=224469"}],"curies":[{"name":"wp","href":"https:\/\/api.w.org\/{rel}","templated":true}]}}