{"id":224401,"date":"2019-06-06T14:15:35","date_gmt":"2019-06-06T12:15:35","guid":{"rendered":"https:\/\/sandzakpress.net\/arhiva\/?p=224401"},"modified":"2019-06-06T14:15:35","modified_gmt":"2019-06-06T12:15:35","slug":"akademik-zukorlic-sa-saudijskim-ambasadorom-o-unapredjenju-saradnje","status":"publish","type":"post","link":"https:\/\/sandzakpress.net\/arhiva\/akademik-zukorlic-sa-saudijskim-ambasadorom-o-unapredjenju-saradnje\/","title":{"rendered":"Akademik Zukorli\u0107 sa saudijskim ambasadorom o unapre\u0111enju saradnje"},"content":{"rendered":"<p style=\"text-align: left;\"><img loading=\"lazy\" decoding=\"async\" class=\"alignnone size-full wp-image-224402\" src=\"https:\/\/sandzakpress.net\/arhiva\/wp-content\/uploads\/2019\/06\/img_5101-1-1024x606.jpg\" alt=\"\" width=\"1024\" height=\"606\" srcset=\"https:\/\/sandzakpress.net\/arhiva\/wp-content\/uploads\/2019\/06\/img_5101-1-1024x606.jpg 1024w, https:\/\/sandzakpress.net\/arhiva\/wp-content\/uploads\/2019\/06\/img_5101-1-1024x606-768x455.jpg 768w, https:\/\/sandzakpress.net\/arhiva\/wp-content\/uploads\/2019\/06\/img_5101-1-1024x606-616x365.jpg 616w\" sizes=\"(max-width: 1024px) 100vw, 1024px\" \/><\/p>\n<div dir=\"auto\">U svojstvu predsjednika parlamentarne grupe prijateljstva sa Saudijskom Arabijom, narodni poslanik dr. Muamer Zukorli\u0107, 06.06.2019. godine, sastao se sa ambasadorom Kraljevine Saudijske Arabije, njegovom ekselencijom Hany Mominah iz Sarajeva zadu\u017eenim za Srbiju. Sastanak je uprili\u010den u domu Narodne skup\u0161tine u Beogradu.\u00a0\u00a0<\/div>\n<div dir=\"auto\">Tom prilikom sagovornici su izrazili spremnost za unapre\u0111enjem odnosa dvije zemlje, ukazuju\u0107i da za to ne postoje prepreke i da postoji obostrana volja.\u00a0<\/div>\n<div dir=\"auto\">Dr. Zukorli\u0107 je tokom razgovora izrazio zadovoljstvo \u0161to sa ove pozicije mo\u017ee doprinijeti razvoju tih odnosa, ukazuju\u0107i na va\u017enost muslimanske zajednice u Srbiji kao faktora zajedni\u010dkog interesovanja dvije zemlje.\u00a0<\/div>\n<div dir=\"auto\">Sagovornici su razmijenili mi\u0161ljenja i o mogu\u0107im investicijama, kao i prosvjetnoj saradnji te o vi\u0161e desetina studenata iz Sand\u017eaka koji studiraju u Saudijskoj Arabiji.<\/div>\n<div dir=\"auto\">Iskazana je saglasnost i o viznoj liberalizaciji sa obje strane, uklju\u010duju\u0107i i putnike na had\u017e i umru.<\/div>\n<div dir=\"auto\">\u00a0<\/div>\n<p><img loading=\"lazy\" decoding=\"async\" class=\"alignnone size-full wp-image-224403\" src=\"https:\/\/sandzakpress.net\/arhiva\/wp-content\/uploads\/2019\/06\/img_5102-1024x674.jpg\" alt=\"\" width=\"1024\" height=\"674\" srcset=\"https:\/\/sandzakpress.net\/arhiva\/wp-content\/uploads\/2019\/06\/img_5102-1024x674.jpg 1024w, https:\/\/sandzakpress.net\/arhiva\/wp-content\/uploads\/2019\/06\/img_5102-1024x674-768x506.jpg 768w, https:\/\/sandzakpress.net\/arhiva\/wp-content\/uploads\/2019\/06\/img_5102-1024x674-616x405.jpg 616w, https:\/\/sandzakpress.net\/arhiva\/wp-content\/uploads\/2019\/06\/img_5102-1024x674-100x65.jpg 100w, https:\/\/sandzakpress.net\/arhiva\/wp-content\/uploads\/2019\/06\/img_5102-1024x674-260x170.jpg 260w, https:\/\/sandzakpress.net\/arhiva\/wp-content\/uploads\/2019\/06\/img_5102-1024x674-759x500.jpg 759w\" sizes=\"(max-width: 1024px) 100vw, 1024px\" \/><\/p>\n<p><img loading=\"lazy\" decoding=\"async\" class=\"alignnone size-full wp-image-224404\" src=\"https:\/\/sandzakpress.net\/arhiva\/wp-content\/uploads\/2019\/06\/img_5103-1024x666.jpg\" alt=\"\" width=\"1024\" height=\"666\" srcset=\"https:\/\/sandzakpress.net\/arhiva\/wp-content\/uploads\/2019\/06\/img_5103-1024x666.jpg 1024w, https:\/\/sandzakpress.net\/arhiva\/wp-content\/uploads\/2019\/06\/img_5103-1024x666-768x500.jpg 768w, https:\/\/sandzakpress.net\/arhiva\/wp-content\/uploads\/2019\/06\/img_5103-1024x666-616x401.jpg 616w, https:\/\/sandzakpress.net\/arhiva\/wp-content\/uploads\/2019\/06\/img_5103-1024x666-100x65.jpg 100w, https:\/\/sandzakpress.net\/arhiva\/wp-content\/uploads\/2019\/06\/img_5103-1024x666-260x170.jpg 260w\" sizes=\"(max-width: 1024px) 100vw, 1024px\" \/><\/p>\n<p><img loading=\"lazy\" decoding=\"async\" class=\"alignnone size-full wp-image-224405\" src=\"https:\/\/sandzakpress.net\/arhiva\/wp-content\/uploads\/2019\/06\/img_5104-1024x757.jpg\" alt=\"\" width=\"1024\" height=\"757\" srcset=\"https:\/\/sandzakpress.net\/arhiva\/wp-content\/uploads\/2019\/06\/img_5104-1024x757.jpg 1024w, https:\/\/sandzakpress.net\/arhiva\/wp-content\/uploads\/2019\/06\/img_5104-1024x757-768x568.jpg 768w, https:\/\/sandzakpress.net\/arhiva\/wp-content\/uploads\/2019\/06\/img_5104-1024x757-616x455.jpg 616w\" sizes=\"(max-width: 1024px) 100vw, 1024px\" \/><\/p>\n<p><em>sanapress.info<\/em><\/p>\n","protected":false},"excerpt":{"rendered":"<p>U svojstvu predsjednika parlamentarne grupe prijateljstva sa Saudijskom Arabijom, narodni poslanik dr. Muamer Zukorli\u0107, 06.06.2019. godine, sastao se sa ambasadorom Kraljevine Saudijske Arabije, njegovom ekselencijom Hany Mominah iz Sarajeva zadu\u017eenim za Srbiju. Sastanak je uprili\u010den u domu Narodne skup\u0161tine u Beogradu.\u00a0\u00a0 Tom prilikom sagovornici su izrazili spremnost za unapre\u0111enjem odnosa dvije zemlje, ukazuju\u0107i da za [&hellip;]<\/p>\n","protected":false},"author":509,"featured_media":224402,"comment_status":"open","ping_status":"open","sticky":false,"template":"","format":"standard","meta":{"footnotes":""},"categories":[2860,10512,1,10307,8957],"tags":[],"class_list":{"0":"post-224401","1":"post","2":"type-post","3":"status-publish","4":"format-standard","5":"has-post-thumbnail","7":"category-bosna-i-hercegovina-gradovi","8":"category-islamski-svijet","9":"category-politika","10":"category-srbija","11":"category-vijesti-dana"},"yoast_head":"<!-- This site is optimized with the Yoast SEO Premium plugin v23.1 (Yoast SEO v24.9) - https:\/\/yoast.com\/wordpress\/plugins\/seo\/ -->\n<title>Akademik Zukorli\u0107 sa saudijskim ambasadorom o unapre\u0111enju saradnje<\/title>\n<meta name=\"robots\" content=\"index, follow, max-snippet:-1, max-image-preview:large, max-video-preview:-1\" \/>\n<link rel=\"canonical\" href=\"https:\/\/sandzakpress.net\/arhiva\/akademik-zukorlic-sa-saudijskim-ambasadorom-o-unapredjenju-saradnje\/\" \/>\n<meta property=\"og:locale\" content=\"bs_BA\" \/>\n<meta property=\"og:type\" content=\"article\" \/>\n<meta property=\"og:title\" content=\"Akademik Zukorli\u0107 sa saudijskim ambasadorom o unapre\u0111enju saradnje\" \/>\n<meta property=\"og:description\" content=\"U svojstvu predsjednika parlamentarne grupe prijateljstva sa Saudijskom Arabijom, narodni poslanik dr. Muamer Zukorli\u0107, 06.06.2019. godine, sastao se sa ambasadorom Kraljevine Saudijske Arabije, njegovom ekselencijom Hany Mominah iz Sarajeva zadu\u017eenim za Srbiju. Sastanak je uprili\u010den u domu Narodne skup\u0161tine u Beogradu.\u00a0\u00a0 Tom prilikom sagovornici su izrazili spremnost za unapre\u0111enjem odnosa dvije zemlje, ukazuju\u0107i da za [&hellip;]\" \/>\n<meta property=\"og:url\" content=\"https:\/\/sandzakpress.net\/arhiva\/akademik-zukorlic-sa-saudijskim-ambasadorom-o-unapredjenju-saradnje\/\" \/>\n<meta property=\"og:site_name\" content=\"Sand\u017eak PRESS\" \/>\n<meta property=\"article:published_time\" content=\"2019-06-06T12:15:35+00:00\" \/>\n<meta property=\"og:image\" content=\"https:\/\/sandzakpress.net\/arhiva\/wp-content\/uploads\/2019\/06\/img_5101-1-1024x606.jpg\" \/>\n\t<meta property=\"og:image:width\" content=\"1024\" \/>\n\t<meta property=\"og:image:height\" content=\"606\" \/>\n\t<meta property=\"og:image:type\" content=\"image\/jpeg\" \/>\n<meta name=\"author\" content=\"Agencija\" \/>\n<meta name=\"twitter:card\" content=\"summary_large_image\" \/>\n<meta name=\"twitter:label1\" content=\"Written by\" \/>\n\t<meta name=\"twitter:data1\" content=\"Agencija\" \/>\n\t<meta name=\"twitter:label2\" content=\"Est. reading time\" \/>\n\t<meta name=\"twitter:data2\" content=\"1 minuta\" \/>\n<script type=\"application\/ld+json\" class=\"yoast-schema-graph\">{\"@context\":\"https:\/\/schema.org\",\"@graph\":[{\"@type\":\"Article\",\"@id\":\"https:\/\/sandzakpress.net\/arhiva\/akademik-zukorlic-sa-saudijskim-ambasadorom-o-unapredjenju-saradnje\/#article\",\"isPartOf\":{\"@id\":\"https:\/\/sandzakpress.net\/arhiva\/akademik-zukorlic-sa-saudijskim-ambasadorom-o-unapredjenju-saradnje\/\"},\"author\":{\"name\":\"Agencija\",\"@id\":\"https:\/\/sandzakpress.net\/arhiva\/#\/schema\/person\/cb59d7e3ab91ab90dd680ad0305a6185\"},\"headline\":\"Akademik Zukorli\u0107 sa saudijskim ambasadorom o unapre\u0111enju saradnje\",\"datePublished\":\"2019-06-06T12:15:35+00:00\",\"mainEntityOfPage\":{\"@id\":\"https:\/\/sandzakpress.net\/arhiva\/akademik-zukorlic-sa-saudijskim-ambasadorom-o-unapredjenju-saradnje\/\"},\"wordCount\":159,\"commentCount\":1,\"publisher\":{\"@id\":\"https:\/\/sandzakpress.net\/arhiva\/#\/schema\/person\/6e72b67d6e51910a1117b3b483ba20bd\"},\"image\":{\"@id\":\"https:\/\/sandzakpress.net\/arhiva\/akademik-zukorlic-sa-saudijskim-ambasadorom-o-unapredjenju-saradnje\/#primaryimage\"},\"thumbnailUrl\":\"https:\/\/sandzakpress.net\/arhiva\/wp-content\/uploads\/2019\/06\/img_5101-1-1024x606.jpg\",\"articleSection\":[\"Bosna i Hercegovina\",\"Islamski svijet\",\"Politika\",\"Srbija\",\"VIJESTI DANA\"],\"inLanguage\":\"bs-BA\",\"potentialAction\":[{\"@type\":\"CommentAction\",\"name\":\"Comment\",\"target\":[\"https:\/\/sandzakpress.net\/arhiva\/akademik-zukorlic-sa-saudijskim-ambasadorom-o-unapredjenju-saradnje\/#respond\"]}]},{\"@type\":\"WebPage\",\"@id\":\"https:\/\/sandzakpress.net\/arhiva\/akademik-zukorlic-sa-saudijskim-ambasadorom-o-unapredjenju-saradnje\/\",\"url\":\"https:\/\/sandzakpress.net\/arhiva\/akademik-zukorlic-sa-saudijskim-ambasadorom-o-unapredjenju-saradnje\/\",\"name\":\"Akademik Zukorli\u0107 sa saudijskim ambasadorom o unapre\u0111enju saradnje\",\"isPartOf\":{\"@id\":\"https:\/\/sandzakpress.net\/arhiva\/#website\"},\"primaryImageOfPage\":{\"@id\":\"https:\/\/sandzakpress.net\/arhiva\/akademik-zukorlic-sa-saudijskim-ambasadorom-o-unapredjenju-saradnje\/#primaryimage\"},\"image\":{\"@id\":\"https:\/\/sandzakpress.net\/arhiva\/akademik-zukorlic-sa-saudijskim-ambasadorom-o-unapredjenju-saradnje\/#primaryimage\"},\"thumbnailUrl\":\"https:\/\/sandzakpress.net\/arhiva\/wp-content\/uploads\/2019\/06\/img_5101-1-1024x606.jpg\",\"datePublished\":\"2019-06-06T12:15:35+00:00\",\"breadcrumb\":{\"@id\":\"https:\/\/sandzakpress.net\/arhiva\/akademik-zukorlic-sa-saudijskim-ambasadorom-o-unapredjenju-saradnje\/#breadcrumb\"},\"inLanguage\":\"bs-BA\",\"potentialAction\":[{\"@type\":\"ReadAction\",\"target\":[\"https:\/\/sandzakpress.net\/arhiva\/akademik-zukorlic-sa-saudijskim-ambasadorom-o-unapredjenju-saradnje\/\"]}]},{\"@type\":\"ImageObject\",\"inLanguage\":\"bs-BA\",\"@id\":\"https:\/\/sandzakpress.net\/arhiva\/akademik-zukorlic-sa-saudijskim-ambasadorom-o-unapredjenju-saradnje\/#primaryimage\",\"url\":\"https:\/\/sandzakpress.net\/arhiva\/wp-content\/uploads\/2019\/06\/img_5101-1-1024x606.jpg\",\"contentUrl\":\"https:\/\/sandzakpress.net\/arhiva\/wp-content\/uploads\/2019\/06\/img_5101-1-1024x606.jpg\",\"width\":1024,\"height\":606},{\"@type\":\"BreadcrumbList\",\"@id\":\"https:\/\/sandzakpress.net\/arhiva\/akademik-zukorlic-sa-saudijskim-ambasadorom-o-unapredjenju-saradnje\/#breadcrumb\",\"itemListElement\":[{\"@type\":\"ListItem\",\"position\":1,\"name\":\"Home\",\"item\":\"https:\/\/sandzakpress.net\/arhiva\/\"},{\"@type\":\"ListItem\",\"position\":2,\"name\":\"Akademik Zukorli\u0107 sa saudijskim ambasadorom o unapre\u0111enju saradnje\"}]},{\"@type\":\"WebSite\",\"@id\":\"https:\/\/sandzakpress.net\/arhiva\/#website\",\"url\":\"https:\/\/sandzakpress.net\/arhiva\/\",\"name\":\"Sand\u017eak PRESS\",\"description\":\"Prve elektronske novine u Sand\u017eaku\",\"publisher\":{\"@id\":\"https:\/\/sandzakpress.net\/arhiva\/#\/schema\/person\/6e72b67d6e51910a1117b3b483ba20bd\"},\"potentialAction\":[{\"@type\":\"SearchAction\",\"target\":{\"@type\":\"EntryPoint\",\"urlTemplate\":\"https:\/\/sandzakpress.net\/arhiva\/?s={search_term_string}\"},\"query-input\":{\"@type\":\"PropertyValueSpecification\",\"valueRequired\":true,\"valueName\":\"search_term_string\"}}],\"inLanguage\":\"bs-BA\"},{\"@type\":[\"Person\",\"Organization\"],\"@id\":\"https:\/\/sandzakpress.net\/arhiva\/#\/schema\/person\/6e72b67d6e51910a1117b3b483ba20bd\",\"name\":\"Kul\",\"image\":{\"@type\":\"ImageObject\",\"inLanguage\":\"bs-BA\",\"@id\":\"https:\/\/sandzakpress.net\/arhiva\/#\/schema\/person\/image\/\",\"url\":\"https:\/\/secure.gravatar.com\/avatar\/42263f39aa27ac04c43cab85c280eb2e?s=96&d=mm&r=pg\",\"contentUrl\":\"https:\/\/secure.gravatar.com\/avatar\/42263f39aa27ac04c43cab85c280eb2e?s=96&d=mm&r=pg\",\"caption\":\"Kul\"},\"logo\":{\"@id\":\"https:\/\/sandzakpress.net\/arhiva\/#\/schema\/person\/image\/\"}},{\"@type\":\"Person\",\"@id\":\"https:\/\/sandzakpress.net\/arhiva\/#\/schema\/person\/cb59d7e3ab91ab90dd680ad0305a6185\",\"name\":\"Agencija\",\"image\":{\"@type\":\"ImageObject\",\"inLanguage\":\"bs-BA\",\"@id\":\"https:\/\/sandzakpress.net\/arhiva\/#\/schema\/person\/image\/\",\"url\":\"https:\/\/secure.gravatar.com\/avatar\/4b7fafa80a22f0c2afe23966b3961fe0?s=96&d=mm&r=pg\",\"contentUrl\":\"https:\/\/secure.gravatar.com\/avatar\/4b7fafa80a22f0c2afe23966b3961fe0?s=96&d=mm&r=pg\",\"caption\":\"Agencija\"},\"url\":\"https:\/\/sandzakpress.net\/arhiva\/author\/agencija\/\"}]}<\/script>\n<!-- \/ Yoast SEO Premium plugin. -->","yoast_head_json":{"title":"Akademik Zukorli\u0107 sa saudijskim ambasadorom o unapre\u0111enju saradnje","robots":{"index":"index","follow":"follow","max-snippet":"max-snippet:-1","max-image-preview":"max-image-preview:large","max-video-preview":"max-video-preview:-1"},"canonical":"https:\/\/sandzakpress.net\/arhiva\/akademik-zukorlic-sa-saudijskim-ambasadorom-o-unapredjenju-saradnje\/","og_locale":"bs_BA","og_type":"article","og_title":"Akademik Zukorli\u0107 sa saudijskim ambasadorom o unapre\u0111enju saradnje","og_description":"U svojstvu predsjednika parlamentarne grupe prijateljstva sa Saudijskom Arabijom, narodni poslanik dr. Muamer Zukorli\u0107, 06.06.2019. godine, sastao se sa ambasadorom Kraljevine Saudijske Arabije, njegovom ekselencijom Hany Mominah iz Sarajeva zadu\u017eenim za Srbiju. Sastanak je uprili\u010den u domu Narodne skup\u0161tine u Beogradu.\u00a0\u00a0 Tom prilikom sagovornici su izrazili spremnost za unapre\u0111enjem odnosa dvije zemlje, ukazuju\u0107i da za [&hellip;]","og_url":"https:\/\/sandzakpress.net\/arhiva\/akademik-zukorlic-sa-saudijskim-ambasadorom-o-unapredjenju-saradnje\/","og_site_name":"Sand\u017eak PRESS","article_published_time":"2019-06-06T12:15:35+00:00","og_image":[{"width":1024,"height":606,"url":"https:\/\/sandzakpress.net\/arhiva\/wp-content\/uploads\/2019\/06\/img_5101-1-1024x606.jpg","type":"image\/jpeg"}],"author":"Agencija","twitter_card":"summary_large_image","twitter_misc":{"Written by":"Agencija","Est. reading time":"1 minuta"},"schema":{"@context":"https:\/\/schema.org","@graph":[{"@type":"Article","@id":"https:\/\/sandzakpress.net\/arhiva\/akademik-zukorlic-sa-saudijskim-ambasadorom-o-unapredjenju-saradnje\/#article","isPartOf":{"@id":"https:\/\/sandzakpress.net\/arhiva\/akademik-zukorlic-sa-saudijskim-ambasadorom-o-unapredjenju-saradnje\/"},"author":{"name":"Agencija","@id":"https:\/\/sandzakpress.net\/arhiva\/#\/schema\/person\/cb59d7e3ab91ab90dd680ad0305a6185"},"headline":"Akademik Zukorli\u0107 sa saudijskim ambasadorom o unapre\u0111enju saradnje","datePublished":"2019-06-06T12:15:35+00:00","mainEntityOfPage":{"@id":"https:\/\/sandzakpress.net\/arhiva\/akademik-zukorlic-sa-saudijskim-ambasadorom-o-unapredjenju-saradnje\/"},"wordCount":159,"commentCount":1,"publisher":{"@id":"https:\/\/sandzakpress.net\/arhiva\/#\/schema\/person\/6e72b67d6e51910a1117b3b483ba20bd"},"image":{"@id":"https:\/\/sandzakpress.net\/arhiva\/akademik-zukorlic-sa-saudijskim-ambasadorom-o-unapredjenju-saradnje\/#primaryimage"},"thumbnailUrl":"https:\/\/sandzakpress.net\/arhiva\/wp-content\/uploads\/2019\/06\/img_5101-1-1024x606.jpg","articleSection":["Bosna i Hercegovina","Islamski svijet","Politika","Srbija","VIJESTI DANA"],"inLanguage":"bs-BA","potentialAction":[{"@type":"CommentAction","name":"Comment","target":["https:\/\/sandzakpress.net\/arhiva\/akademik-zukorlic-sa-saudijskim-ambasadorom-o-unapredjenju-saradnje\/#respond"]}]},{"@type":"WebPage","@id":"https:\/\/sandzakpress.net\/arhiva\/akademik-zukorlic-sa-saudijskim-ambasadorom-o-unapredjenju-saradnje\/","url":"https:\/\/sandzakpress.net\/arhiva\/akademik-zukorlic-sa-saudijskim-ambasadorom-o-unapredjenju-saradnje\/","name":"Akademik Zukorli\u0107 sa saudijskim ambasadorom o unapre\u0111enju saradnje","isPartOf":{"@id":"https:\/\/sandzakpress.net\/arhiva\/#website"},"primaryImageOfPage":{"@id":"https:\/\/sandzakpress.net\/arhiva\/akademik-zukorlic-sa-saudijskim-ambasadorom-o-unapredjenju-saradnje\/#primaryimage"},"image":{"@id":"https:\/\/sandzakpress.net\/arhiva\/akademik-zukorlic-sa-saudijskim-ambasadorom-o-unapredjenju-saradnje\/#primaryimage"},"thumbnailUrl":"https:\/\/sandzakpress.net\/arhiva\/wp-content\/uploads\/2019\/06\/img_5101-1-1024x606.jpg","datePublished":"2019-06-06T12:15:35+00:00","breadcrumb":{"@id":"https:\/\/sandzakpress.net\/arhiva\/akademik-zukorlic-sa-saudijskim-ambasadorom-o-unapredjenju-saradnje\/#breadcrumb"},"inLanguage":"bs-BA","potentialAction":[{"@type":"ReadAction","target":["https:\/\/sandzakpress.net\/arhiva\/akademik-zukorlic-sa-saudijskim-ambasadorom-o-unapredjenju-saradnje\/"]}]},{"@type":"ImageObject","inLanguage":"bs-BA","@id":"https:\/\/sandzakpress.net\/arhiva\/akademik-zukorlic-sa-saudijskim-ambasadorom-o-unapredjenju-saradnje\/#primaryimage","url":"https:\/\/sandzakpress.net\/arhiva\/wp-content\/uploads\/2019\/06\/img_5101-1-1024x606.jpg","contentUrl":"https:\/\/sandzakpress.net\/arhiva\/wp-content\/uploads\/2019\/06\/img_5101-1-1024x606.jpg","width":1024,"height":606},{"@type":"BreadcrumbList","@id":"https:\/\/sandzakpress.net\/arhiva\/akademik-zukorlic-sa-saudijskim-ambasadorom-o-unapredjenju-saradnje\/#breadcrumb","itemListElement":[{"@type":"ListItem","position":1,"name":"Home","item":"https:\/\/sandzakpress.net\/arhiva\/"},{"@type":"ListItem","position":2,"name":"Akademik Zukorli\u0107 sa saudijskim ambasadorom o unapre\u0111enju saradnje"}]},{"@type":"WebSite","@id":"https:\/\/sandzakpress.net\/arhiva\/#website","url":"https:\/\/sandzakpress.net\/arhiva\/","name":"Sand\u017eak PRESS","description":"Prve elektronske novine u Sand\u017eaku","publisher":{"@id":"https:\/\/sandzakpress.net\/arhiva\/#\/schema\/person\/6e72b67d6e51910a1117b3b483ba20bd"},"potentialAction":[{"@type":"SearchAction","target":{"@type":"EntryPoint","urlTemplate":"https:\/\/sandzakpress.net\/arhiva\/?s={search_term_string}"},"query-input":{"@type":"PropertyValueSpecification","valueRequired":true,"valueName":"search_term_string"}}],"inLanguage":"bs-BA"},{"@type":["Person","Organization"],"@id":"https:\/\/sandzakpress.net\/arhiva\/#\/schema\/person\/6e72b67d6e51910a1117b3b483ba20bd","name":"Kul","image":{"@type":"ImageObject","inLanguage":"bs-BA","@id":"https:\/\/sandzakpress.net\/arhiva\/#\/schema\/person\/image\/","url":"https:\/\/secure.gravatar.com\/avatar\/42263f39aa27ac04c43cab85c280eb2e?s=96&d=mm&r=pg","contentUrl":"https:\/\/secure.gravatar.com\/avatar\/42263f39aa27ac04c43cab85c280eb2e?s=96&d=mm&r=pg","caption":"Kul"},"logo":{"@id":"https:\/\/sandzakpress.net\/arhiva\/#\/schema\/person\/image\/"}},{"@type":"Person","@id":"https:\/\/sandzakpress.net\/arhiva\/#\/schema\/person\/cb59d7e3ab91ab90dd680ad0305a6185","name":"Agencija","image":{"@type":"ImageObject","inLanguage":"bs-BA","@id":"https:\/\/sandzakpress.net\/arhiva\/#\/schema\/person\/image\/","url":"https:\/\/secure.gravatar.com\/avatar\/4b7fafa80a22f0c2afe23966b3961fe0?s=96&d=mm&r=pg","contentUrl":"https:\/\/secure.gravatar.com\/avatar\/4b7fafa80a22f0c2afe23966b3961fe0?s=96&d=mm&r=pg","caption":"Agencija"},"url":"https:\/\/sandzakpress.net\/arhiva\/author\/agencija\/"}]}},"_links":{"self":[{"href":"https:\/\/sandzakpress.net\/arhiva\/wp-json\/wp\/v2\/posts\/224401"}],"collection":[{"href":"https:\/\/sandzakpress.net\/arhiva\/wp-json\/wp\/v2\/posts"}],"about":[{"href":"https:\/\/sandzakpress.net\/arhiva\/wp-json\/wp\/v2\/types\/post"}],"author":[{"embeddable":true,"href":"https:\/\/sandzakpress.net\/arhiva\/wp-json\/wp\/v2\/users\/509"}],"replies":[{"embeddable":true,"href":"https:\/\/sandzakpress.net\/arhiva\/wp-json\/wp\/v2\/comments?post=224401"}],"version-history":[{"count":0,"href":"https:\/\/sandzakpress.net\/arhiva\/wp-json\/wp\/v2\/posts\/224401\/revisions"}],"wp:featuredmedia":[{"embeddable":true,"href":"https:\/\/sandzakpress.net\/arhiva\/wp-json\/wp\/v2\/media\/224402"}],"wp:attachment":[{"href":"https:\/\/sandzakpress.net\/arhiva\/wp-json\/wp\/v2\/media?parent=224401"}],"wp:term":[{"taxonomy":"category","embeddable":true,"href":"https:\/\/sandzakpress.net\/arhiva\/wp-json\/wp\/v2\/categories?post=224401"},{"taxonomy":"post_tag","embeddable":true,"href":"https:\/\/sandzakpress.net\/arhiva\/wp-json\/wp\/v2\/tags?post=224401"}],"curies":[{"name":"wp","href":"https:\/\/api.w.org\/{rel}","templated":true}]}}