{"id":224398,"date":"2019-06-06T13:26:30","date_gmt":"2019-06-06T11:26:30","guid":{"rendered":"https:\/\/sandzakpress.net\/arhiva\/?p=224398"},"modified":"2019-06-06T13:26:30","modified_gmt":"2019-06-06T11:26:30","slug":"asocijacija-prosvjetara-sandzaka-pokrenula-inicijativu-za-formiranje-sandzacke-obrazovne-platforme","status":"publish","type":"post","link":"https:\/\/sandzakpress.net\/arhiva\/asocijacija-prosvjetara-sandzaka-pokrenula-inicijativu-za-formiranje-sandzacke-obrazovne-platforme\/","title":{"rendered":"Asocijacija prosvjetara Sand\u017eaka pokrenula inicijativu za formiranje ,,Sand\u017ea\u010dke obrazovne platforme\u201d"},"content":{"rendered":"<p><img loading=\"lazy\" decoding=\"async\" class=\"alignnone size-full wp-image-224399\" src=\"https:\/\/sandzakpress.net\/arhiva\/wp-content\/uploads\/2019\/06\/img-f7e8e95c90dd3e5dc58a7437fdad1828-v2147027018566385068-1024x1024.jpg\" alt=\"\" width=\"1024\" height=\"1024\" srcset=\"https:\/\/sandzakpress.net\/arhiva\/wp-content\/uploads\/2019\/06\/img-f7e8e95c90dd3e5dc58a7437fdad1828-v2147027018566385068-1024x1024.jpg 1024w, https:\/\/sandzakpress.net\/arhiva\/wp-content\/uploads\/2019\/06\/img-f7e8e95c90dd3e5dc58a7437fdad1828-v2147027018566385068-1024x1024-150x150.jpg 150w, https:\/\/sandzakpress.net\/arhiva\/wp-content\/uploads\/2019\/06\/img-f7e8e95c90dd3e5dc58a7437fdad1828-v2147027018566385068-1024x1024-768x768.jpg 768w, https:\/\/sandzakpress.net\/arhiva\/wp-content\/uploads\/2019\/06\/img-f7e8e95c90dd3e5dc58a7437fdad1828-v2147027018566385068-1024x1024-616x616.jpg 616w, https:\/\/sandzakpress.net\/arhiva\/wp-content\/uploads\/2019\/06\/img-f7e8e95c90dd3e5dc58a7437fdad1828-v2147027018566385068-1024x1024-64x64.jpg 64w, https:\/\/sandzakpress.net\/arhiva\/wp-content\/uploads\/2019\/06\/img-f7e8e95c90dd3e5dc58a7437fdad1828-v2147027018566385068-1024x1024-125x125.jpg 125w\" sizes=\"(max-width: 1024px) 100vw, 1024px\" \/><\/p>\n<p>&nbsp;<\/p>\n<p>U obrazovnom sistemu Srbije je u toku reforma obrazovanja, koja izme\u0111u ostalog podrazumeva i digitalizaciju nastave, elektronske dnevnike, digitalne u\u010dionice i ud\u017ebenike. Asocijacija prosvetara Sand\u017eaka se raduje unapre\u0111enju nastave i javno pohvaljuje rad Ministarstva prosvete povodom toga.<\/p>\n<p>\u201cSmatramo da svaki korak napred je bitan, ne samo za nas prosvetne radnike ve\u0107 i za na\u0161e u\u010denike. Moramo uzeti u obzir da veliki broj osnovnih i srednjih \u0161kola na teritoriji Sand\u017eaka, ne samo da nemaju uslove za digitalnu nastavu ve\u0107 nemaju osnovne uslove za rad. Povodom toga mi moramo upoznati Ministarstvo prosvete sa problemima na\u0161ih \u0161kola kako bi zajedni\u010dki re\u0161ili ve\u0107 nagomilane probleme. Imamo pojavu da seoske \u0161kole imaju problem sa mokrim \u010dvorovima, proki\u0161njavanjem, nedovoljnim sredstvima za rad dok \u0161kole na teritoriji grada imaju drugi vid problema kao \u0161to je manjak prostora. Prosvetni radnici tako\u0111e moraju biti potpuno za\u0161ti\u0107eni, nama kao organizaciji je veoma bitno da se radnicima daju njihova zagarantovana prava kao \u0161to je isplata putnih tro\u0161kova, besplatna edukacija u vidu seminara za stru\u010dno usavr\u0161avanje. Zato pokre\u0107emo inicijativu za formiranje ,,Sand\u017ea\u010dke obrazovne platforme\u201d i pozivamo direktore osnovnih i srednjih \u0161kola da nam probleme koje imaju kao obrazovna ustanova osnovna ili srednja \u0161kola predstave u pisanoj formi i po\u0161alju na meil asocijacijaps@gmail.com tako\u0111e prosvetni radnici imaju bitnu ulogu tako i da od njih o\u010dekujemo u\u010de\u0161\u0107e da nam predstave svoje probleme jer \u017eelimo da status prosvetnog radnika bude za\u0161ti\u0107en\u201d, istakao je predsednik Asocijacije prosvetara Sand\u017eaka Bahrija Sijari\u0107.<\/p>\n<p>Sijari\u0107 je upoznao predsednika skup\u0161tinskog Odbora za obrazovanje, nauku, tehnolo\u0161ki razvoj i informati\u010dko dru\u0161tvo akademika Muamera Zukorli\u0107a sa radom, aktivnostima i delovanjem Asocijacije. Sijari\u0107 je predstavio i platformu o zajedni\u010dkom re\u0161avanju nagomilanih problema u prosveti vezanih za \u0161kole sa teritorije Novog Pazara, Tutina, Sjenice i okolnih gradova i op\u0161tina. Akademik dr Muamer Zukorli\u0107 je ponudio pomo\u0107 kao predsednik Odbora za obrazovanje.<\/p>\n<p>Informacije o organizaciji<br \/>Asocijacija prosvetara San\u017eaka \u2013 organizacija pravno osnovana po\u010detkom 2017. Godine. Oblast na\u0161eg delovanja i iskustvo je dugogodi\u0161nje, glavni cilj na\u0161eg pravnog registrovanja jeste umre\u017eavanje prosvetara sa prostora Sand\u017eaka, saradnja sa prosvetarima iz \u010ditave Srbije, ali i regiona, kao i saradnja sa nevladinim organizacijama i jedinicama lokalne samouprave u okviru omladinskih projekata, projekata koji imaju za cilj da unaprede obrazovni sistem u Srbiji, ali i da uka\u017eu na zna\u010daj neformalnog obrazovanja, koje je usko povezano sa formalnim. Cilj asocijacije je da svojim aktivnostima doprinese razvoju zajednice putem : \u2013 unapredjenja standarda; \u2013 edukacije i aktivnog ukljucivanja javnosti, a posebno dece i mladih u sve tokove zajednice, kako bi se re\u0161avali lokalni, regionalni i republi\u010dki problemi; \u2013 javnog zalaganja za primenu i razvoj novih navika u svim oblastima delovanja; a sve to putem ja\u010danja razumevanja, medjusobnog poznavanja i saradnje ljudi, zajednica i dr\u017eava, kao i podsticanjem svestrane slobode i komunikacije izmedju svih. Kao jedinstvena organizacija koja povezuje prosvete radnike, zaposlene u obrazovnim ustanovama misija nam je da se izborimo za prava prosvetnih randika, prava u\u010denika u demokratski ure\u0111enom sistemu. Jedan od ciljeva nam je da unapredimo i pobolj\u0161amo kvalitet nastave u na\u0161im obrazovnim ustanovama, da saradnjom sa donatorima, nevladinim sektorom, lokalnom samoupravom i dr\u017eavnom upravom primenimo inovativne metode u\u010denja. Budemo prvi i prepoznatljivi i kao primer dobre prakse poslu\u017eimo kolegama na nacionalnom nivou. \u010clanovi asocijacije i najbli\u017ei saradnici su visoko-obrazovana lica, sa dugogodi\u0161njim iskustvom kako u prosveti, tako i u vo\u0111enju i koordiniranju programima i projektima, napominjemo da smo otvoreni za nove \u010dlanove i saradnike, da svako ko \u017eeli da se priklju\u010di i zajedni\u010dki unapredimo sistem obrazovanja u asocijaciji je dobrodo\u0161ao.<\/p>\n<p style=\"text-align: center;\"><em>sanapress.info<\/em><\/p>\n","protected":false},"excerpt":{"rendered":"<p>&nbsp; U obrazovnom sistemu Srbije je u toku reforma obrazovanja, koja izme\u0111u ostalog podrazumeva i digitalizaciju nastave, elektronske dnevnike, digitalne u\u010dionice i ud\u017ebenike. Asocijacija prosvetara Sand\u017eaka se raduje unapre\u0111enju nastave i javno pohvaljuje rad Ministarstva prosvete povodom toga. \u201cSmatramo da svaki korak napred je bitan, ne samo za nas prosvetne radnike ve\u0107 i za na\u0161e [&hellip;]<\/p>\n","protected":false},"author":509,"featured_media":224399,"comment_status":"open","ping_status":"open","sticky":false,"template":"","format":"standard","meta":{"footnotes":""},"categories":[72,52,327,392,393,394,4,10429],"tags":[],"class_list":{"0":"post-224398","1":"post","2":"type-post","3":"status-publish","4":"format-standard","5":"has-post-thumbnail","7":"category-novi-pazar","8":"category-sjenica","9":"category-tutin","10":"category-prijepolje_","11":"category-priboj","12":"category-nova-varos","13":"category-obrazovanje","14":"category-vazno"},"yoast_head":"<!-- This site is optimized with the Yoast SEO Premium plugin v23.1 (Yoast SEO v24.9) - https:\/\/yoast.com\/wordpress\/plugins\/seo\/ -->\n<title>Asocijacija prosvjetara Sand\u017eaka pokrenula inicijativu za formiranje ,,Sand\u017ea\u010dke obrazovne platforme\u201d<\/title>\n<meta name=\"robots\" content=\"index, follow, max-snippet:-1, max-image-preview:large, max-video-preview:-1\" \/>\n<link rel=\"canonical\" href=\"https:\/\/sandzakpress.net\/arhiva\/asocijacija-prosvjetara-sandzaka-pokrenula-inicijativu-za-formiranje-sandzacke-obrazovne-platforme\/\" \/>\n<meta property=\"og:locale\" content=\"bs_BA\" \/>\n<meta property=\"og:type\" content=\"article\" \/>\n<meta property=\"og:title\" content=\"Asocijacija prosvjetara Sand\u017eaka pokrenula inicijativu za formiranje ,,Sand\u017ea\u010dke obrazovne platforme\u201d\" \/>\n<meta property=\"og:description\" content=\"&nbsp; U obrazovnom sistemu Srbije je u toku reforma obrazovanja, koja izme\u0111u ostalog podrazumeva i digitalizaciju nastave, elektronske dnevnike, digitalne u\u010dionice i ud\u017ebenike. Asocijacija prosvetara Sand\u017eaka se raduje unapre\u0111enju nastave i javno pohvaljuje rad Ministarstva prosvete povodom toga. \u201cSmatramo da svaki korak napred je bitan, ne samo za nas prosvetne radnike ve\u0107 i za na\u0161e [&hellip;]\" \/>\n<meta property=\"og:url\" content=\"https:\/\/sandzakpress.net\/arhiva\/asocijacija-prosvjetara-sandzaka-pokrenula-inicijativu-za-formiranje-sandzacke-obrazovne-platforme\/\" \/>\n<meta property=\"og:site_name\" content=\"Sand\u017eak PRESS\" \/>\n<meta property=\"article:published_time\" content=\"2019-06-06T11:26:30+00:00\" \/>\n<meta property=\"og:image\" content=\"https:\/\/sandzakpress.net\/arhiva\/wp-content\/uploads\/2019\/06\/img-f7e8e95c90dd3e5dc58a7437fdad1828-v2147027018566385068-1024x1024.jpg\" \/>\n\t<meta property=\"og:image:width\" content=\"1024\" \/>\n\t<meta property=\"og:image:height\" content=\"1024\" \/>\n\t<meta property=\"og:image:type\" content=\"image\/jpeg\" \/>\n<meta name=\"author\" content=\"Agencija\" \/>\n<meta name=\"twitter:card\" content=\"summary_large_image\" \/>\n<meta name=\"twitter:label1\" content=\"Written by\" \/>\n\t<meta name=\"twitter:data1\" content=\"Agencija\" \/>\n\t<meta name=\"twitter:label2\" content=\"Est. reading time\" \/>\n\t<meta name=\"twitter:data2\" content=\"3 minute\" \/>\n<script type=\"application\/ld+json\" class=\"yoast-schema-graph\">{\"@context\":\"https:\/\/schema.org\",\"@graph\":[{\"@type\":\"Article\",\"@id\":\"https:\/\/sandzakpress.net\/arhiva\/asocijacija-prosvjetara-sandzaka-pokrenula-inicijativu-za-formiranje-sandzacke-obrazovne-platforme\/#article\",\"isPartOf\":{\"@id\":\"https:\/\/sandzakpress.net\/arhiva\/asocijacija-prosvjetara-sandzaka-pokrenula-inicijativu-za-formiranje-sandzacke-obrazovne-platforme\/\"},\"author\":{\"name\":\"Agencija\",\"@id\":\"https:\/\/sandzakpress.net\/arhiva\/#\/schema\/person\/cb59d7e3ab91ab90dd680ad0305a6185\"},\"headline\":\"Asocijacija prosvjetara Sand\u017eaka pokrenula inicijativu za formiranje ,,Sand\u017ea\u010dke obrazovne platforme\u201d\",\"datePublished\":\"2019-06-06T11:26:30+00:00\",\"mainEntityOfPage\":{\"@id\":\"https:\/\/sandzakpress.net\/arhiva\/asocijacija-prosvjetara-sandzaka-pokrenula-inicijativu-za-formiranje-sandzacke-obrazovne-platforme\/\"},\"wordCount\":641,\"commentCount\":0,\"publisher\":{\"@id\":\"https:\/\/sandzakpress.net\/arhiva\/#\/schema\/person\/6e72b67d6e51910a1117b3b483ba20bd\"},\"image\":{\"@id\":\"https:\/\/sandzakpress.net\/arhiva\/asocijacija-prosvjetara-sandzaka-pokrenula-inicijativu-za-formiranje-sandzacke-obrazovne-platforme\/#primaryimage\"},\"thumbnailUrl\":\"https:\/\/sandzakpress.net\/arhiva\/wp-content\/uploads\/2019\/06\/img-f7e8e95c90dd3e5dc58a7437fdad1828-v2147027018566385068-1024x1024.jpg\",\"articleSection\":[\"Novi Pazar\",\"Sjenica\",\"Tutin\",\"Prijepolje\",\"Priboj\",\"Nova Varo\u0161\",\"Obrazovanje\",\"VA\u017dNO!\"],\"inLanguage\":\"bs-BA\",\"potentialAction\":[{\"@type\":\"CommentAction\",\"name\":\"Comment\",\"target\":[\"https:\/\/sandzakpress.net\/arhiva\/asocijacija-prosvjetara-sandzaka-pokrenula-inicijativu-za-formiranje-sandzacke-obrazovne-platforme\/#respond\"]}]},{\"@type\":\"WebPage\",\"@id\":\"https:\/\/sandzakpress.net\/arhiva\/asocijacija-prosvjetara-sandzaka-pokrenula-inicijativu-za-formiranje-sandzacke-obrazovne-platforme\/\",\"url\":\"https:\/\/sandzakpress.net\/arhiva\/asocijacija-prosvjetara-sandzaka-pokrenula-inicijativu-za-formiranje-sandzacke-obrazovne-platforme\/\",\"name\":\"Asocijacija prosvjetara Sand\u017eaka pokrenula inicijativu za formiranje ,,Sand\u017ea\u010dke obrazovne platforme\u201d\",\"isPartOf\":{\"@id\":\"https:\/\/sandzakpress.net\/arhiva\/#website\"},\"primaryImageOfPage\":{\"@id\":\"https:\/\/sandzakpress.net\/arhiva\/asocijacija-prosvjetara-sandzaka-pokrenula-inicijativu-za-formiranje-sandzacke-obrazovne-platforme\/#primaryimage\"},\"image\":{\"@id\":\"https:\/\/sandzakpress.net\/arhiva\/asocijacija-prosvjetara-sandzaka-pokrenula-inicijativu-za-formiranje-sandzacke-obrazovne-platforme\/#primaryimage\"},\"thumbnailUrl\":\"https:\/\/sandzakpress.net\/arhiva\/wp-content\/uploads\/2019\/06\/img-f7e8e95c90dd3e5dc58a7437fdad1828-v2147027018566385068-1024x1024.jpg\",\"datePublished\":\"2019-06-06T11:26:30+00:00\",\"breadcrumb\":{\"@id\":\"https:\/\/sandzakpress.net\/arhiva\/asocijacija-prosvjetara-sandzaka-pokrenula-inicijativu-za-formiranje-sandzacke-obrazovne-platforme\/#breadcrumb\"},\"inLanguage\":\"bs-BA\",\"potentialAction\":[{\"@type\":\"ReadAction\",\"target\":[\"https:\/\/sandzakpress.net\/arhiva\/asocijacija-prosvjetara-sandzaka-pokrenula-inicijativu-za-formiranje-sandzacke-obrazovne-platforme\/\"]}]},{\"@type\":\"ImageObject\",\"inLanguage\":\"bs-BA\",\"@id\":\"https:\/\/sandzakpress.net\/arhiva\/asocijacija-prosvjetara-sandzaka-pokrenula-inicijativu-za-formiranje-sandzacke-obrazovne-platforme\/#primaryimage\",\"url\":\"https:\/\/sandzakpress.net\/arhiva\/wp-content\/uploads\/2019\/06\/img-f7e8e95c90dd3e5dc58a7437fdad1828-v2147027018566385068-1024x1024.jpg\",\"contentUrl\":\"https:\/\/sandzakpress.net\/arhiva\/wp-content\/uploads\/2019\/06\/img-f7e8e95c90dd3e5dc58a7437fdad1828-v2147027018566385068-1024x1024.jpg\",\"width\":1024,\"height\":1024},{\"@type\":\"BreadcrumbList\",\"@id\":\"https:\/\/sandzakpress.net\/arhiva\/asocijacija-prosvjetara-sandzaka-pokrenula-inicijativu-za-formiranje-sandzacke-obrazovne-platforme\/#breadcrumb\",\"itemListElement\":[{\"@type\":\"ListItem\",\"position\":1,\"name\":\"Home\",\"item\":\"https:\/\/sandzakpress.net\/arhiva\/\"},{\"@type\":\"ListItem\",\"position\":2,\"name\":\"Asocijacija prosvjetara Sand\u017eaka pokrenula inicijativu za formiranje ,,Sand\u017ea\u010dke obrazovne platforme\u201d\"}]},{\"@type\":\"WebSite\",\"@id\":\"https:\/\/sandzakpress.net\/arhiva\/#website\",\"url\":\"https:\/\/sandzakpress.net\/arhiva\/\",\"name\":\"Sand\u017eak PRESS\",\"description\":\"Prve elektronske novine u Sand\u017eaku\",\"publisher\":{\"@id\":\"https:\/\/sandzakpress.net\/arhiva\/#\/schema\/person\/6e72b67d6e51910a1117b3b483ba20bd\"},\"potentialAction\":[{\"@type\":\"SearchAction\",\"target\":{\"@type\":\"EntryPoint\",\"urlTemplate\":\"https:\/\/sandzakpress.net\/arhiva\/?s={search_term_string}\"},\"query-input\":{\"@type\":\"PropertyValueSpecification\",\"valueRequired\":true,\"valueName\":\"search_term_string\"}}],\"inLanguage\":\"bs-BA\"},{\"@type\":[\"Person\",\"Organization\"],\"@id\":\"https:\/\/sandzakpress.net\/arhiva\/#\/schema\/person\/6e72b67d6e51910a1117b3b483ba20bd\",\"name\":\"Kul\",\"image\":{\"@type\":\"ImageObject\",\"inLanguage\":\"bs-BA\",\"@id\":\"https:\/\/sandzakpress.net\/arhiva\/#\/schema\/person\/image\/\",\"url\":\"https:\/\/secure.gravatar.com\/avatar\/42263f39aa27ac04c43cab85c280eb2e?s=96&d=mm&r=pg\",\"contentUrl\":\"https:\/\/secure.gravatar.com\/avatar\/42263f39aa27ac04c43cab85c280eb2e?s=96&d=mm&r=pg\",\"caption\":\"Kul\"},\"logo\":{\"@id\":\"https:\/\/sandzakpress.net\/arhiva\/#\/schema\/person\/image\/\"}},{\"@type\":\"Person\",\"@id\":\"https:\/\/sandzakpress.net\/arhiva\/#\/schema\/person\/cb59d7e3ab91ab90dd680ad0305a6185\",\"name\":\"Agencija\",\"image\":{\"@type\":\"ImageObject\",\"inLanguage\":\"bs-BA\",\"@id\":\"https:\/\/sandzakpress.net\/arhiva\/#\/schema\/person\/image\/\",\"url\":\"https:\/\/secure.gravatar.com\/avatar\/4b7fafa80a22f0c2afe23966b3961fe0?s=96&d=mm&r=pg\",\"contentUrl\":\"https:\/\/secure.gravatar.com\/avatar\/4b7fafa80a22f0c2afe23966b3961fe0?s=96&d=mm&r=pg\",\"caption\":\"Agencija\"},\"url\":\"https:\/\/sandzakpress.net\/arhiva\/author\/agencija\/\"}]}<\/script>\n<!-- \/ Yoast SEO Premium plugin. -->","yoast_head_json":{"title":"Asocijacija prosvjetara Sand\u017eaka pokrenula inicijativu za formiranje ,,Sand\u017ea\u010dke obrazovne platforme\u201d","robots":{"index":"index","follow":"follow","max-snippet":"max-snippet:-1","max-image-preview":"max-image-preview:large","max-video-preview":"max-video-preview:-1"},"canonical":"https:\/\/sandzakpress.net\/arhiva\/asocijacija-prosvjetara-sandzaka-pokrenula-inicijativu-za-formiranje-sandzacke-obrazovne-platforme\/","og_locale":"bs_BA","og_type":"article","og_title":"Asocijacija prosvjetara Sand\u017eaka pokrenula inicijativu za formiranje ,,Sand\u017ea\u010dke obrazovne platforme\u201d","og_description":"&nbsp; U obrazovnom sistemu Srbije je u toku reforma obrazovanja, koja izme\u0111u ostalog podrazumeva i digitalizaciju nastave, elektronske dnevnike, digitalne u\u010dionice i ud\u017ebenike. Asocijacija prosvetara Sand\u017eaka se raduje unapre\u0111enju nastave i javno pohvaljuje rad Ministarstva prosvete povodom toga. \u201cSmatramo da svaki korak napred je bitan, ne samo za nas prosvetne radnike ve\u0107 i za na\u0161e [&hellip;]","og_url":"https:\/\/sandzakpress.net\/arhiva\/asocijacija-prosvjetara-sandzaka-pokrenula-inicijativu-za-formiranje-sandzacke-obrazovne-platforme\/","og_site_name":"Sand\u017eak PRESS","article_published_time":"2019-06-06T11:26:30+00:00","og_image":[{"width":1024,"height":1024,"url":"https:\/\/sandzakpress.net\/arhiva\/wp-content\/uploads\/2019\/06\/img-f7e8e95c90dd3e5dc58a7437fdad1828-v2147027018566385068-1024x1024.jpg","type":"image\/jpeg"}],"author":"Agencija","twitter_card":"summary_large_image","twitter_misc":{"Written by":"Agencija","Est. reading time":"3 minute"},"schema":{"@context":"https:\/\/schema.org","@graph":[{"@type":"Article","@id":"https:\/\/sandzakpress.net\/arhiva\/asocijacija-prosvjetara-sandzaka-pokrenula-inicijativu-za-formiranje-sandzacke-obrazovne-platforme\/#article","isPartOf":{"@id":"https:\/\/sandzakpress.net\/arhiva\/asocijacija-prosvjetara-sandzaka-pokrenula-inicijativu-za-formiranje-sandzacke-obrazovne-platforme\/"},"author":{"name":"Agencija","@id":"https:\/\/sandzakpress.net\/arhiva\/#\/schema\/person\/cb59d7e3ab91ab90dd680ad0305a6185"},"headline":"Asocijacija prosvjetara Sand\u017eaka pokrenula inicijativu za formiranje ,,Sand\u017ea\u010dke obrazovne platforme\u201d","datePublished":"2019-06-06T11:26:30+00:00","mainEntityOfPage":{"@id":"https:\/\/sandzakpress.net\/arhiva\/asocijacija-prosvjetara-sandzaka-pokrenula-inicijativu-za-formiranje-sandzacke-obrazovne-platforme\/"},"wordCount":641,"commentCount":0,"publisher":{"@id":"https:\/\/sandzakpress.net\/arhiva\/#\/schema\/person\/6e72b67d6e51910a1117b3b483ba20bd"},"image":{"@id":"https:\/\/sandzakpress.net\/arhiva\/asocijacija-prosvjetara-sandzaka-pokrenula-inicijativu-za-formiranje-sandzacke-obrazovne-platforme\/#primaryimage"},"thumbnailUrl":"https:\/\/sandzakpress.net\/arhiva\/wp-content\/uploads\/2019\/06\/img-f7e8e95c90dd3e5dc58a7437fdad1828-v2147027018566385068-1024x1024.jpg","articleSection":["Novi Pazar","Sjenica","Tutin","Prijepolje","Priboj","Nova Varo\u0161","Obrazovanje","VA\u017dNO!"],"inLanguage":"bs-BA","potentialAction":[{"@type":"CommentAction","name":"Comment","target":["https:\/\/sandzakpress.net\/arhiva\/asocijacija-prosvjetara-sandzaka-pokrenula-inicijativu-za-formiranje-sandzacke-obrazovne-platforme\/#respond"]}]},{"@type":"WebPage","@id":"https:\/\/sandzakpress.net\/arhiva\/asocijacija-prosvjetara-sandzaka-pokrenula-inicijativu-za-formiranje-sandzacke-obrazovne-platforme\/","url":"https:\/\/sandzakpress.net\/arhiva\/asocijacija-prosvjetara-sandzaka-pokrenula-inicijativu-za-formiranje-sandzacke-obrazovne-platforme\/","name":"Asocijacija prosvjetara Sand\u017eaka pokrenula inicijativu za formiranje ,,Sand\u017ea\u010dke obrazovne platforme\u201d","isPartOf":{"@id":"https:\/\/sandzakpress.net\/arhiva\/#website"},"primaryImageOfPage":{"@id":"https:\/\/sandzakpress.net\/arhiva\/asocijacija-prosvjetara-sandzaka-pokrenula-inicijativu-za-formiranje-sandzacke-obrazovne-platforme\/#primaryimage"},"image":{"@id":"https:\/\/sandzakpress.net\/arhiva\/asocijacija-prosvjetara-sandzaka-pokrenula-inicijativu-za-formiranje-sandzacke-obrazovne-platforme\/#primaryimage"},"thumbnailUrl":"https:\/\/sandzakpress.net\/arhiva\/wp-content\/uploads\/2019\/06\/img-f7e8e95c90dd3e5dc58a7437fdad1828-v2147027018566385068-1024x1024.jpg","datePublished":"2019-06-06T11:26:30+00:00","breadcrumb":{"@id":"https:\/\/sandzakpress.net\/arhiva\/asocijacija-prosvjetara-sandzaka-pokrenula-inicijativu-za-formiranje-sandzacke-obrazovne-platforme\/#breadcrumb"},"inLanguage":"bs-BA","potentialAction":[{"@type":"ReadAction","target":["https:\/\/sandzakpress.net\/arhiva\/asocijacija-prosvjetara-sandzaka-pokrenula-inicijativu-za-formiranje-sandzacke-obrazovne-platforme\/"]}]},{"@type":"ImageObject","inLanguage":"bs-BA","@id":"https:\/\/sandzakpress.net\/arhiva\/asocijacija-prosvjetara-sandzaka-pokrenula-inicijativu-za-formiranje-sandzacke-obrazovne-platforme\/#primaryimage","url":"https:\/\/sandzakpress.net\/arhiva\/wp-content\/uploads\/2019\/06\/img-f7e8e95c90dd3e5dc58a7437fdad1828-v2147027018566385068-1024x1024.jpg","contentUrl":"https:\/\/sandzakpress.net\/arhiva\/wp-content\/uploads\/2019\/06\/img-f7e8e95c90dd3e5dc58a7437fdad1828-v2147027018566385068-1024x1024.jpg","width":1024,"height":1024},{"@type":"BreadcrumbList","@id":"https:\/\/sandzakpress.net\/arhiva\/asocijacija-prosvjetara-sandzaka-pokrenula-inicijativu-za-formiranje-sandzacke-obrazovne-platforme\/#breadcrumb","itemListElement":[{"@type":"ListItem","position":1,"name":"Home","item":"https:\/\/sandzakpress.net\/arhiva\/"},{"@type":"ListItem","position":2,"name":"Asocijacija prosvjetara Sand\u017eaka pokrenula inicijativu za formiranje ,,Sand\u017ea\u010dke obrazovne platforme\u201d"}]},{"@type":"WebSite","@id":"https:\/\/sandzakpress.net\/arhiva\/#website","url":"https:\/\/sandzakpress.net\/arhiva\/","name":"Sand\u017eak PRESS","description":"Prve elektronske novine u Sand\u017eaku","publisher":{"@id":"https:\/\/sandzakpress.net\/arhiva\/#\/schema\/person\/6e72b67d6e51910a1117b3b483ba20bd"},"potentialAction":[{"@type":"SearchAction","target":{"@type":"EntryPoint","urlTemplate":"https:\/\/sandzakpress.net\/arhiva\/?s={search_term_string}"},"query-input":{"@type":"PropertyValueSpecification","valueRequired":true,"valueName":"search_term_string"}}],"inLanguage":"bs-BA"},{"@type":["Person","Organization"],"@id":"https:\/\/sandzakpress.net\/arhiva\/#\/schema\/person\/6e72b67d6e51910a1117b3b483ba20bd","name":"Kul","image":{"@type":"ImageObject","inLanguage":"bs-BA","@id":"https:\/\/sandzakpress.net\/arhiva\/#\/schema\/person\/image\/","url":"https:\/\/secure.gravatar.com\/avatar\/42263f39aa27ac04c43cab85c280eb2e?s=96&d=mm&r=pg","contentUrl":"https:\/\/secure.gravatar.com\/avatar\/42263f39aa27ac04c43cab85c280eb2e?s=96&d=mm&r=pg","caption":"Kul"},"logo":{"@id":"https:\/\/sandzakpress.net\/arhiva\/#\/schema\/person\/image\/"}},{"@type":"Person","@id":"https:\/\/sandzakpress.net\/arhiva\/#\/schema\/person\/cb59d7e3ab91ab90dd680ad0305a6185","name":"Agencija","image":{"@type":"ImageObject","inLanguage":"bs-BA","@id":"https:\/\/sandzakpress.net\/arhiva\/#\/schema\/person\/image\/","url":"https:\/\/secure.gravatar.com\/avatar\/4b7fafa80a22f0c2afe23966b3961fe0?s=96&d=mm&r=pg","contentUrl":"https:\/\/secure.gravatar.com\/avatar\/4b7fafa80a22f0c2afe23966b3961fe0?s=96&d=mm&r=pg","caption":"Agencija"},"url":"https:\/\/sandzakpress.net\/arhiva\/author\/agencija\/"}]}},"_links":{"self":[{"href":"https:\/\/sandzakpress.net\/arhiva\/wp-json\/wp\/v2\/posts\/224398"}],"collection":[{"href":"https:\/\/sandzakpress.net\/arhiva\/wp-json\/wp\/v2\/posts"}],"about":[{"href":"https:\/\/sandzakpress.net\/arhiva\/wp-json\/wp\/v2\/types\/post"}],"author":[{"embeddable":true,"href":"https:\/\/sandzakpress.net\/arhiva\/wp-json\/wp\/v2\/users\/509"}],"replies":[{"embeddable":true,"href":"https:\/\/sandzakpress.net\/arhiva\/wp-json\/wp\/v2\/comments?post=224398"}],"version-history":[{"count":0,"href":"https:\/\/sandzakpress.net\/arhiva\/wp-json\/wp\/v2\/posts\/224398\/revisions"}],"wp:featuredmedia":[{"embeddable":true,"href":"https:\/\/sandzakpress.net\/arhiva\/wp-json\/wp\/v2\/media\/224399"}],"wp:attachment":[{"href":"https:\/\/sandzakpress.net\/arhiva\/wp-json\/wp\/v2\/media?parent=224398"}],"wp:term":[{"taxonomy":"category","embeddable":true,"href":"https:\/\/sandzakpress.net\/arhiva\/wp-json\/wp\/v2\/categories?post=224398"},{"taxonomy":"post_tag","embeddable":true,"href":"https:\/\/sandzakpress.net\/arhiva\/wp-json\/wp\/v2\/tags?post=224398"}],"curies":[{"name":"wp","href":"https:\/\/api.w.org\/{rel}","templated":true}]}}