{"id":224361,"date":"2019-06-04T20:07:54","date_gmt":"2019-06-04T18:07:54","guid":{"rendered":"https:\/\/sandzakpress.net\/arhiva\/?p=224361"},"modified":"2019-06-04T20:07:54","modified_gmt":"2019-06-04T18:07:54","slug":"bajram-u-luksemburgu-u-sali-u-esu-bajram-namaz-klanjalo-na-stotine-ljudi-foto","status":"publish","type":"post","link":"https:\/\/sandzakpress.net\/arhiva\/bajram-u-luksemburgu-u-sali-u-esu-bajram-namaz-klanjalo-na-stotine-ljudi-foto\/","title":{"rendered":"Bajram u Luksemburgu: U sali u E\u0161u bajram-namaz klanjalo na stotine ljudi (FOTO)"},"content":{"rendered":"<p><img decoding=\"async\" src=\"http:\/\/www.identitet.lu\/wp-content\/uploads\/2019\/06\/IMG-359985d1ad63a9e1e20fc63dd278c346-V.jpg\" \/><\/p>\n<p><strong><em>\u0160irom svijeta, muslimani su okupljanjem i klanjanjem bajram-namaza obilje\u017eili kraj ramazanskog posta. U Luksemburgu se bajram-namaz klanjao u svim d\u017eematima, njih preko deset, ali je bajramska sve\u010dana atmosfera osobito bila izra\u017eena u d\u017eematu AIC SUD u E\u0161u (Esch\/Alzette). Naime, uprava d\u017eemata potrudila se da za klanjanje bajram-namaza iznajmi sve\u010danu salu u kojoj se ovim povodom okupilo na stotine klanja\u010da.<\/em><\/strong><\/p>\n<p>&nbsp;<\/p>\n<p>Sve\u010dani bajramski program otpo\u010deo je klanjanjem sabaha. Sabah namaz predvodio je dje\u010dak, Sufjan Z. Mustafi\u0107, koji je svojim milozvu\u010dnim u\u010denjem Kur\u2019ana jo\u0161 tokom ramazanskih teravija a ponekad i prilikom no\u0107nih namaza, uspijevao dota\u0107i srca vjernika. \u2013 Iako vrlo rano, nekoliko minuta nakon 05.00 \u010dasova, na sabahu se okupio veliki broj ljudi, te je ve\u0107 tada svima postalo jasno da \u0107e do samog \u010dina klanjanja bajram-namaza sala postati tijesna, \u0161to je i bio slu\u010daj.<\/p>\n<p>&nbsp;<\/p>\n<div id=\"gallery-3\" class=\"gallery galleryid-4741 gallery-columns-3 gallery-size-thumbnail gallery1\">\n<dl class=\"gallery-item\">\n<dt class=\"gallery-icon\"><a class=\"cboxElement fancybox image\" href=\"http:\/\/www.identitet.lu\/wp-content\/uploads\/2019\/06\/20190604_052312-e1559656656135-225x300.jpg\" rel=\"gallery-0\"><img loading=\"lazy\" decoding=\"async\" src=\"http:\/\/www.identitet.lu\/wp-content\/uploads\/2019\/06\/20190604_052312-e1559656656135-150x200.jpg\" alt=\"\" width=\"150\" height=\"200\" \/><\/a><\/dt>\n<\/dl>\n<dl class=\"gallery-item\">\n<dt class=\"gallery-icon\"><a class=\"cboxElement fancybox image\" href=\"http:\/\/www.identitet.lu\/wp-content\/uploads\/2019\/06\/20190604_053157-e1559656639911-225x300.jpg\" rel=\"gallery-0\"><img loading=\"lazy\" decoding=\"async\" src=\"http:\/\/www.identitet.lu\/wp-content\/uploads\/2019\/06\/20190604_053157-e1559656639911-150x200.jpg\" alt=\"\" width=\"150\" height=\"200\" \/><\/a><\/dt>\n<\/dl>\n<dl class=\"gallery-item\">\n<dt class=\"gallery-icon\"><a class=\"cboxElement fancybox image\" href=\"http:\/\/www.identitet.lu\/wp-content\/uploads\/2019\/06\/20190604_054050-e1559656664153-225x300.jpg\" rel=\"gallery-0\"><img loading=\"lazy\" decoding=\"async\" src=\"http:\/\/www.identitet.lu\/wp-content\/uploads\/2019\/06\/20190604_054050-e1559656664153-150x200.jpg\" alt=\"\" width=\"150\" height=\"200\" \/><\/a><\/dt>\n<\/dl>\n<p><\/p>\n<dl class=\"gallery-item\">\n<dt class=\"gallery-icon\"><a class=\"cboxElement fancybox image\" href=\"http:\/\/www.identitet.lu\/wp-content\/uploads\/2019\/06\/IMG-f2e22b55b2dfa1911305f80d12ca1237-V-300x225.jpg\" rel=\"gallery-0\"><img loading=\"lazy\" decoding=\"async\" src=\"http:\/\/www.identitet.lu\/wp-content\/uploads\/2019\/06\/IMG-f2e22b55b2dfa1911305f80d12ca1237-V-200x150.jpg\" alt=\"\" width=\"200\" height=\"150\" \/><\/a><\/dt>\n<\/dl>\n<dl class=\"gallery-item\">\n<dt class=\"gallery-icon\"><a class=\"cboxElement fancybox image\" href=\"http:\/\/www.identitet.lu\/wp-content\/uploads\/2019\/06\/20190604_052146-e1559656631281-225x300.jpg\" rel=\"gallery-0\"><img loading=\"lazy\" decoding=\"async\" src=\"http:\/\/www.identitet.lu\/wp-content\/uploads\/2019\/06\/20190604_052146-e1559656631281-150x200.jpg\" alt=\"\" width=\"150\" height=\"200\" \/><\/a><\/dt>\n<\/dl>\n<dl class=\"gallery-item\">\n<dt class=\"gallery-icon\"><a class=\"cboxElement fancybox image\" href=\"http:\/\/www.identitet.lu\/wp-content\/uploads\/2019\/06\/IMG-9aa09a01419f496b2b568e6972f8868a-V-300x225.jpg\" rel=\"gallery-0\"><img loading=\"lazy\" decoding=\"async\" src=\"http:\/\/www.identitet.lu\/wp-content\/uploads\/2019\/06\/IMG-9aa09a01419f496b2b568e6972f8868a-V-200x150.jpg\" alt=\"\" width=\"200\" height=\"150\" \/><\/a><\/dt>\n<\/dl>\n<\/div>\n<p>&nbsp;<\/p>\n<p>Polu\u010dasovno predavanje nakon klanjanja sabaha odr\u017eao je imam d\u017eemata AIC SUD u E\u0161u. hafiz Zikret ef. Mustafi\u0107. \u2013 Tom prilikom govorio je o razlozima stvaranja \u010covjeka, njegove misije na zemlji, te skrenuo pa\u017enju na odre\u0111ene dru\u0161tvene po\u0161asti kojima bi muslimani Luksemburga morali stati u kraj. Nakon toga, pristupilo se dodjeli umri u vidu iznena\u0111enja istaknutim d\u017eematlijama. Prvu umru dobio\u00a0 je Mervan Tranjar za njegov nesebi\u010dan doprinos kada su interesi d\u017eemata AIC SUD u E\u0161u, ali isto tako i d\u017eemata AFNANE u Differdan\u017eu (Differdange) u pitanju, kao i interesi muslimanske zajednice generalno. Nakon toga, druga umra dodijeljena je jednom od utemeljitelja d\u017eemata AIC SUD u E\u0161u, Rifatu Be\u0107kovi\u0107u, zbog njegovog doprinosa koji je kroz godine pru\u017eao u AIC SUD d\u017eematu. Tre\u0107a umra dodijeljena je Mervi Rastoder \u0160krijelj \u010dija nesebi\u010dna briga za higijenu mesd\u017eida AIC SUD je itekako primje\u0107ena od strane d\u017eematlija.\u00a0 Emocije i pozitivna osje\u0107anja gotovo da ih je bilo mogu\u0107e osjetiti u vazduhu. Nisu izostale ni suze velikog broja prisutnih, uklju\u010duju\u0107i i hafiza Mustafi\u0107a.<\/p>\n<p>Po okon\u010danju tog dijela programa pristupilo se klanjanju bajram-namaza, a zatim je odr\u017eana i bajramska hutba.<\/p>\n<p>Na kraju, po okon\u010danju hutbe, prisutni su mubareklisali jedni drugima bajram, slu\u017ee\u0107i se kola\u010dima, sokovima i kahvom.<\/p>\n<p>Bajramska atmosfera koja \u0107e definitivno ostati upam\u0107ena, a koja je ujedno i nagovje\u0161taj novih aktivnosti koje \u0107e d\u017eemat AIC SUD u E\u0161u organizirati za potrebe muslimana Luksemburga.<\/p>\n<p>&nbsp;<\/p>\n<div id=\"gallery-4\" class=\"gallery galleryid-4741 gallery-columns-3 gallery-size-thumbnail gallery1\">\n<dl class=\"gallery-item\">\n<dt class=\"gallery-icon\"><a class=\"cboxElement fancybox image\" href=\"http:\/\/www.identitet.lu\/wp-content\/uploads\/2019\/06\/20190604_063213-300x225.jpg\" rel=\"gallery-1\"><img loading=\"lazy\" decoding=\"async\" src=\"http:\/\/www.identitet.lu\/wp-content\/uploads\/2019\/06\/20190604_063213-200x150.jpg\" alt=\"\" width=\"200\" height=\"150\" \/><\/a><\/dt>\n<\/dl>\n<dl class=\"gallery-item\">\n<dt class=\"gallery-icon\"><a class=\"cboxElement fancybox image\" href=\"http:\/\/www.identitet.lu\/wp-content\/uploads\/2019\/06\/IMG-359985d1ad63a9e1e20fc63dd278c346-V-300x225.jpg\" rel=\"gallery-1\"><img loading=\"lazy\" decoding=\"async\" src=\"http:\/\/www.identitet.lu\/wp-content\/uploads\/2019\/06\/IMG-359985d1ad63a9e1e20fc63dd278c346-V-200x150.jpg\" alt=\"\" width=\"200\" height=\"150\" \/><\/a><\/dt>\n<\/dl>\n<dl class=\"gallery-item\">\n<dt class=\"gallery-icon\"><a class=\"cboxElement fancybox image\" href=\"http:\/\/www.identitet.lu\/wp-content\/uploads\/2019\/06\/IMG-1161be102eca1bdfc86e18a475a1df89-V-300x225.jpg\" rel=\"gallery-1\"><img loading=\"lazy\" decoding=\"async\" src=\"http:\/\/www.identitet.lu\/wp-content\/uploads\/2019\/06\/IMG-1161be102eca1bdfc86e18a475a1df89-V-200x150.jpg\" alt=\"\" width=\"200\" height=\"150\" \/><\/a><\/dt>\n<\/dl>\n<p><\/p>\n<dl class=\"gallery-item\">\n<dt class=\"gallery-icon\"><a class=\"cboxElement fancybox image\" href=\"http:\/\/www.identitet.lu\/wp-content\/uploads\/2019\/06\/20190604_061755-300x225.jpg\" rel=\"gallery-1\"><img loading=\"lazy\" decoding=\"async\" src=\"http:\/\/www.identitet.lu\/wp-content\/uploads\/2019\/06\/20190604_061755-200x150.jpg\" alt=\"\" width=\"200\" height=\"150\" \/><\/a><\/dt>\n<\/dl>\n<dl class=\"gallery-item\">\n<dt class=\"gallery-icon\"><a class=\"cboxElement fancybox image\" href=\"http:\/\/www.identitet.lu\/wp-content\/uploads\/2019\/06\/IMG-1cc9cdbbba8a5145ffceb4961d9a41d7-V-300x225.jpg\" rel=\"gallery-1\"><img loading=\"lazy\" decoding=\"async\" src=\"http:\/\/www.identitet.lu\/wp-content\/uploads\/2019\/06\/IMG-1cc9cdbbba8a5145ffceb4961d9a41d7-V-200x150.jpg\" alt=\"\" width=\"200\" height=\"150\" \/><\/a><\/dt>\n<\/dl>\n<dl class=\"gallery-item\">\n<dt class=\"gallery-icon\"><a class=\"cboxElement fancybox image\" href=\"http:\/\/www.identitet.lu\/wp-content\/uploads\/2019\/06\/IMG-775e5c05b74f5eb99e839c7ee923f9c5-V-300x169.jpg\" rel=\"gallery-1\"><img loading=\"lazy\" decoding=\"async\" src=\"http:\/\/www.identitet.lu\/wp-content\/uploads\/2019\/06\/IMG-775e5c05b74f5eb99e839c7ee923f9c5-V-200x113.jpg\" alt=\"\" width=\"200\" height=\"113\" \/><\/a><\/dt>\n<\/dl>\n<p><\/p>\n<dl class=\"gallery-item\">\n<dt class=\"gallery-icon\"><a class=\"cboxElement fancybox image\" href=\"http:\/\/www.identitet.lu\/wp-content\/uploads\/2019\/06\/IMG-887f90e72cf2af7cc2fdcd0d97793dfa-V-300x169.jpg\" rel=\"gallery-1\"><img loading=\"lazy\" decoding=\"async\" src=\"http:\/\/www.identitet.lu\/wp-content\/uploads\/2019\/06\/IMG-887f90e72cf2af7cc2fdcd0d97793dfa-V-200x113.jpg\" alt=\"\" width=\"200\" height=\"113\" \/><\/a><\/dt>\n<\/dl>\n<dl class=\"gallery-item\">\n<dt class=\"gallery-icon\"><a class=\"cboxElement fancybox image\" href=\"http:\/\/www.identitet.lu\/wp-content\/uploads\/2019\/06\/20190604_073244-e1559656783701-225x300.jpg\" rel=\"gallery-1\"><img loading=\"lazy\" decoding=\"async\" src=\"http:\/\/www.identitet.lu\/wp-content\/uploads\/2019\/06\/20190604_073244-e1559656783701-150x200.jpg\" alt=\"\" width=\"150\" height=\"200\" \/><\/a><\/dt>\n<\/dl>\n<dl class=\"gallery-item\">\n<dt class=\"gallery-icon\"><a class=\"cboxElement fancybox image\" href=\"http:\/\/www.identitet.lu\/wp-content\/uploads\/2019\/06\/20190604_080003-300x225.jpg\" rel=\"gallery-1\"><img loading=\"lazy\" decoding=\"async\" src=\"http:\/\/www.identitet.lu\/wp-content\/uploads\/2019\/06\/20190604_080003-200x150.jpg\" alt=\"\" width=\"200\" height=\"150\" \/><\/a><\/dt>\n<\/dl>\n<\/div>\n<p>&nbsp;<\/p>\n<p>Zna\u010dajno je tako\u0111er pomenuti da su na usluzi prisutnih bili postavljeni i davetski \u0161tand sa besplatnom islamskom literaturom koja je u vrlo kratkom vremenskom periodu gotovo pa u potpunosit razuzeta.<\/p>\n<p>Tako\u0111er je zanimljivo i za pozdraviti da su bajramskoj sve\u010danosti prisustvovale i \u017eene, \u0161to je tako\u0111er za pozdraviti jer radi se o sunnetu koji je stra\u0161no zapostavljen u na\u0161em narodu, ali raduju inicijative poput ove koju smo imali prilike propratiti, organizirane od strane d\u017eemata AIC SUD iz E\u0161a, koji nastoji o\u017eiviti taj i mnoge druge umalo pa zaboravljene sunnete.<\/p>\n<p>Video priloge bajramskog dersa i hutbe, trenutke dodjele umri, kao i bajramske atmosfere generalno mo\u017eete propratiti na zvani\u010dnom\u00a0<a href=\"http:\/\/www.aicsudlive.com\/\">FACEBOOK PROFILU<\/a>\u00a0d\u017eemata AIC SUD iz E\u0161a.<\/p>\n<p>Uz \u010destitke organizatoru ove lijepe manifestacije, upu\u0107ujemo srda\u010dne bajramske \u010destitke muslimanima Luksemburga, okolnih zemalja, zatim muslimanima u zemljama bo\u0161nja\u010dkog domovinskog prostora, i svim drugim muslimanima u svijetu, i to rije\u010dima \u2013 BAJRAM \u0160ERIF MUBAREK OLSUN!<\/p>\n<p>.<\/p>\n<p><strong>IDENTITET.LU<\/strong><\/p>\n","protected":false},"excerpt":{"rendered":"<p>\u0160irom svijeta, muslimani su okupljanjem i klanjanjem bajram-namaza obilje\u017eili kraj ramazanskog posta. U Luksemburgu se bajram-namaz klanjao u svim d\u017eematima, njih preko deset, ali je bajramska sve\u010dana atmosfera osobito bila izra\u017eena u d\u017eematu AIC SUD u E\u0161u (Esch\/Alzette). Naime, uprava d\u017eemata potrudila se da za klanjanje bajram-namaza iznajmi sve\u010danu salu u kojoj se ovim povodom [&hellip;]<\/p>\n","protected":false},"author":509,"featured_media":224362,"comment_status":"open","ping_status":"open","sticky":false,"template":"","format":"standard","meta":{"footnotes":""},"categories":[9,9549,8957,798],"tags":[],"class_list":{"0":"post-224361","1":"post","2":"type-post","3":"status-publish","4":"format-standard","5":"has-post-thumbnail","7":"category-svijet","8":"category-luxemburg","9":"category-vijesti-dana","10":"category-teme"},"yoast_head":"<!-- This site is optimized with the Yoast SEO Premium plugin v23.1 (Yoast SEO v24.9) - https:\/\/yoast.com\/wordpress\/plugins\/seo\/ -->\n<title>Bajram u Luksemburgu: U sali u E\u0161u bajram-namaz klanjalo na stotine ljudi (FOTO)<\/title>\n<meta name=\"robots\" content=\"index, follow, max-snippet:-1, max-image-preview:large, max-video-preview:-1\" \/>\n<link rel=\"canonical\" href=\"https:\/\/sandzakpress.net\/arhiva\/bajram-u-luksemburgu-u-sali-u-esu-bajram-namaz-klanjalo-na-stotine-ljudi-foto\/\" \/>\n<meta property=\"og:locale\" content=\"bs_BA\" \/>\n<meta property=\"og:type\" content=\"article\" \/>\n<meta property=\"og:title\" content=\"Bajram u Luksemburgu: U sali u E\u0161u bajram-namaz klanjalo na stotine ljudi (FOTO)\" \/>\n<meta property=\"og:description\" content=\"\u0160irom svijeta, muslimani su okupljanjem i klanjanjem bajram-namaza obilje\u017eili kraj ramazanskog posta. U Luksemburgu se bajram-namaz klanjao u svim d\u017eematima, njih preko deset, ali je bajramska sve\u010dana atmosfera osobito bila izra\u017eena u d\u017eematu AIC SUD u E\u0161u (Esch\/Alzette). Naime, uprava d\u017eemata potrudila se da za klanjanje bajram-namaza iznajmi sve\u010danu salu u kojoj se ovim povodom [&hellip;]\" \/>\n<meta property=\"og:url\" content=\"https:\/\/sandzakpress.net\/arhiva\/bajram-u-luksemburgu-u-sali-u-esu-bajram-namaz-klanjalo-na-stotine-ljudi-foto\/\" \/>\n<meta property=\"og:site_name\" content=\"Sand\u017eak PRESS\" \/>\n<meta property=\"article:published_time\" content=\"2019-06-04T18:07:54+00:00\" \/>\n<meta property=\"og:image\" content=\"https:\/\/sandzakpress.net\/arhiva\/wp-content\/uploads\/2019\/06\/IMG-359985d1ad63a9e1e20fc63dd278c346-V.jpg\" \/>\n\t<meta property=\"og:image:width\" content=\"1280\" \/>\n\t<meta property=\"og:image:height\" content=\"960\" \/>\n\t<meta property=\"og:image:type\" content=\"image\/jpeg\" \/>\n<meta name=\"author\" content=\"Agencija\" \/>\n<meta name=\"twitter:card\" content=\"summary_large_image\" \/>\n<meta name=\"twitter:label1\" content=\"Written by\" \/>\n\t<meta name=\"twitter:data1\" content=\"Agencija\" \/>\n\t<meta name=\"twitter:label2\" content=\"Est. reading time\" \/>\n\t<meta name=\"twitter:data2\" content=\"3 minute\" \/>\n<script type=\"application\/ld+json\" class=\"yoast-schema-graph\">{\"@context\":\"https:\/\/schema.org\",\"@graph\":[{\"@type\":\"Article\",\"@id\":\"https:\/\/sandzakpress.net\/arhiva\/bajram-u-luksemburgu-u-sali-u-esu-bajram-namaz-klanjalo-na-stotine-ljudi-foto\/#article\",\"isPartOf\":{\"@id\":\"https:\/\/sandzakpress.net\/arhiva\/bajram-u-luksemburgu-u-sali-u-esu-bajram-namaz-klanjalo-na-stotine-ljudi-foto\/\"},\"author\":{\"name\":\"Agencija\",\"@id\":\"https:\/\/sandzakpress.net\/arhiva\/#\/schema\/person\/cb59d7e3ab91ab90dd680ad0305a6185\"},\"headline\":\"Bajram u Luksemburgu: U sali u E\u0161u bajram-namaz klanjalo na stotine ljudi (FOTO)\",\"datePublished\":\"2019-06-04T18:07:54+00:00\",\"mainEntityOfPage\":{\"@id\":\"https:\/\/sandzakpress.net\/arhiva\/bajram-u-luksemburgu-u-sali-u-esu-bajram-namaz-klanjalo-na-stotine-ljudi-foto\/\"},\"wordCount\":601,\"commentCount\":0,\"publisher\":{\"@id\":\"https:\/\/sandzakpress.net\/arhiva\/#\/schema\/person\/6e72b67d6e51910a1117b3b483ba20bd\"},\"image\":{\"@id\":\"https:\/\/sandzakpress.net\/arhiva\/bajram-u-luksemburgu-u-sali-u-esu-bajram-namaz-klanjalo-na-stotine-ljudi-foto\/#primaryimage\"},\"thumbnailUrl\":\"https:\/\/sandzakpress.net\/arhiva\/wp-content\/uploads\/2019\/06\/IMG-359985d1ad63a9e1e20fc63dd278c346-V.jpg\",\"articleSection\":[\"Svijet\",\"Luksemburg\",\"VIJESTI DANA\",\"NAJNOVIJE\"],\"inLanguage\":\"bs-BA\",\"potentialAction\":[{\"@type\":\"CommentAction\",\"name\":\"Comment\",\"target\":[\"https:\/\/sandzakpress.net\/arhiva\/bajram-u-luksemburgu-u-sali-u-esu-bajram-namaz-klanjalo-na-stotine-ljudi-foto\/#respond\"]}]},{\"@type\":\"WebPage\",\"@id\":\"https:\/\/sandzakpress.net\/arhiva\/bajram-u-luksemburgu-u-sali-u-esu-bajram-namaz-klanjalo-na-stotine-ljudi-foto\/\",\"url\":\"https:\/\/sandzakpress.net\/arhiva\/bajram-u-luksemburgu-u-sali-u-esu-bajram-namaz-klanjalo-na-stotine-ljudi-foto\/\",\"name\":\"Bajram u Luksemburgu: U sali u E\u0161u bajram-namaz klanjalo na stotine ljudi (FOTO)\",\"isPartOf\":{\"@id\":\"https:\/\/sandzakpress.net\/arhiva\/#website\"},\"primaryImageOfPage\":{\"@id\":\"https:\/\/sandzakpress.net\/arhiva\/bajram-u-luksemburgu-u-sali-u-esu-bajram-namaz-klanjalo-na-stotine-ljudi-foto\/#primaryimage\"},\"image\":{\"@id\":\"https:\/\/sandzakpress.net\/arhiva\/bajram-u-luksemburgu-u-sali-u-esu-bajram-namaz-klanjalo-na-stotine-ljudi-foto\/#primaryimage\"},\"thumbnailUrl\":\"https:\/\/sandzakpress.net\/arhiva\/wp-content\/uploads\/2019\/06\/IMG-359985d1ad63a9e1e20fc63dd278c346-V.jpg\",\"datePublished\":\"2019-06-04T18:07:54+00:00\",\"breadcrumb\":{\"@id\":\"https:\/\/sandzakpress.net\/arhiva\/bajram-u-luksemburgu-u-sali-u-esu-bajram-namaz-klanjalo-na-stotine-ljudi-foto\/#breadcrumb\"},\"inLanguage\":\"bs-BA\",\"potentialAction\":[{\"@type\":\"ReadAction\",\"target\":[\"https:\/\/sandzakpress.net\/arhiva\/bajram-u-luksemburgu-u-sali-u-esu-bajram-namaz-klanjalo-na-stotine-ljudi-foto\/\"]}]},{\"@type\":\"ImageObject\",\"inLanguage\":\"bs-BA\",\"@id\":\"https:\/\/sandzakpress.net\/arhiva\/bajram-u-luksemburgu-u-sali-u-esu-bajram-namaz-klanjalo-na-stotine-ljudi-foto\/#primaryimage\",\"url\":\"https:\/\/sandzakpress.net\/arhiva\/wp-content\/uploads\/2019\/06\/IMG-359985d1ad63a9e1e20fc63dd278c346-V.jpg\",\"contentUrl\":\"https:\/\/sandzakpress.net\/arhiva\/wp-content\/uploads\/2019\/06\/IMG-359985d1ad63a9e1e20fc63dd278c346-V.jpg\",\"width\":1280,\"height\":960},{\"@type\":\"BreadcrumbList\",\"@id\":\"https:\/\/sandzakpress.net\/arhiva\/bajram-u-luksemburgu-u-sali-u-esu-bajram-namaz-klanjalo-na-stotine-ljudi-foto\/#breadcrumb\",\"itemListElement\":[{\"@type\":\"ListItem\",\"position\":1,\"name\":\"Home\",\"item\":\"https:\/\/sandzakpress.net\/arhiva\/\"},{\"@type\":\"ListItem\",\"position\":2,\"name\":\"Bajram u Luksemburgu: U sali u E\u0161u bajram-namaz klanjalo na stotine ljudi (FOTO)\"}]},{\"@type\":\"WebSite\",\"@id\":\"https:\/\/sandzakpress.net\/arhiva\/#website\",\"url\":\"https:\/\/sandzakpress.net\/arhiva\/\",\"name\":\"Sand\u017eak PRESS\",\"description\":\"Prve elektronske novine u Sand\u017eaku\",\"publisher\":{\"@id\":\"https:\/\/sandzakpress.net\/arhiva\/#\/schema\/person\/6e72b67d6e51910a1117b3b483ba20bd\"},\"potentialAction\":[{\"@type\":\"SearchAction\",\"target\":{\"@type\":\"EntryPoint\",\"urlTemplate\":\"https:\/\/sandzakpress.net\/arhiva\/?s={search_term_string}\"},\"query-input\":{\"@type\":\"PropertyValueSpecification\",\"valueRequired\":true,\"valueName\":\"search_term_string\"}}],\"inLanguage\":\"bs-BA\"},{\"@type\":[\"Person\",\"Organization\"],\"@id\":\"https:\/\/sandzakpress.net\/arhiva\/#\/schema\/person\/6e72b67d6e51910a1117b3b483ba20bd\",\"name\":\"Kul\",\"image\":{\"@type\":\"ImageObject\",\"inLanguage\":\"bs-BA\",\"@id\":\"https:\/\/sandzakpress.net\/arhiva\/#\/schema\/person\/image\/\",\"url\":\"https:\/\/secure.gravatar.com\/avatar\/42263f39aa27ac04c43cab85c280eb2e?s=96&d=mm&r=pg\",\"contentUrl\":\"https:\/\/secure.gravatar.com\/avatar\/42263f39aa27ac04c43cab85c280eb2e?s=96&d=mm&r=pg\",\"caption\":\"Kul\"},\"logo\":{\"@id\":\"https:\/\/sandzakpress.net\/arhiva\/#\/schema\/person\/image\/\"}},{\"@type\":\"Person\",\"@id\":\"https:\/\/sandzakpress.net\/arhiva\/#\/schema\/person\/cb59d7e3ab91ab90dd680ad0305a6185\",\"name\":\"Agencija\",\"image\":{\"@type\":\"ImageObject\",\"inLanguage\":\"bs-BA\",\"@id\":\"https:\/\/sandzakpress.net\/arhiva\/#\/schema\/person\/image\/\",\"url\":\"https:\/\/secure.gravatar.com\/avatar\/4b7fafa80a22f0c2afe23966b3961fe0?s=96&d=mm&r=pg\",\"contentUrl\":\"https:\/\/secure.gravatar.com\/avatar\/4b7fafa80a22f0c2afe23966b3961fe0?s=96&d=mm&r=pg\",\"caption\":\"Agencija\"},\"url\":\"https:\/\/sandzakpress.net\/arhiva\/author\/agencija\/\"}]}<\/script>\n<!-- \/ Yoast SEO Premium plugin. -->","yoast_head_json":{"title":"Bajram u Luksemburgu: U sali u E\u0161u bajram-namaz klanjalo na stotine ljudi (FOTO)","robots":{"index":"index","follow":"follow","max-snippet":"max-snippet:-1","max-image-preview":"max-image-preview:large","max-video-preview":"max-video-preview:-1"},"canonical":"https:\/\/sandzakpress.net\/arhiva\/bajram-u-luksemburgu-u-sali-u-esu-bajram-namaz-klanjalo-na-stotine-ljudi-foto\/","og_locale":"bs_BA","og_type":"article","og_title":"Bajram u Luksemburgu: U sali u E\u0161u bajram-namaz klanjalo na stotine ljudi (FOTO)","og_description":"\u0160irom svijeta, muslimani su okupljanjem i klanjanjem bajram-namaza obilje\u017eili kraj ramazanskog posta. U Luksemburgu se bajram-namaz klanjao u svim d\u017eematima, njih preko deset, ali je bajramska sve\u010dana atmosfera osobito bila izra\u017eena u d\u017eematu AIC SUD u E\u0161u (Esch\/Alzette). Naime, uprava d\u017eemata potrudila se da za klanjanje bajram-namaza iznajmi sve\u010danu salu u kojoj se ovim povodom [&hellip;]","og_url":"https:\/\/sandzakpress.net\/arhiva\/bajram-u-luksemburgu-u-sali-u-esu-bajram-namaz-klanjalo-na-stotine-ljudi-foto\/","og_site_name":"Sand\u017eak PRESS","article_published_time":"2019-06-04T18:07:54+00:00","og_image":[{"width":1280,"height":960,"url":"https:\/\/sandzakpress.net\/arhiva\/wp-content\/uploads\/2019\/06\/IMG-359985d1ad63a9e1e20fc63dd278c346-V.jpg","type":"image\/jpeg"}],"author":"Agencija","twitter_card":"summary_large_image","twitter_misc":{"Written by":"Agencija","Est. reading time":"3 minute"},"schema":{"@context":"https:\/\/schema.org","@graph":[{"@type":"Article","@id":"https:\/\/sandzakpress.net\/arhiva\/bajram-u-luksemburgu-u-sali-u-esu-bajram-namaz-klanjalo-na-stotine-ljudi-foto\/#article","isPartOf":{"@id":"https:\/\/sandzakpress.net\/arhiva\/bajram-u-luksemburgu-u-sali-u-esu-bajram-namaz-klanjalo-na-stotine-ljudi-foto\/"},"author":{"name":"Agencija","@id":"https:\/\/sandzakpress.net\/arhiva\/#\/schema\/person\/cb59d7e3ab91ab90dd680ad0305a6185"},"headline":"Bajram u Luksemburgu: U sali u E\u0161u bajram-namaz klanjalo na stotine ljudi (FOTO)","datePublished":"2019-06-04T18:07:54+00:00","mainEntityOfPage":{"@id":"https:\/\/sandzakpress.net\/arhiva\/bajram-u-luksemburgu-u-sali-u-esu-bajram-namaz-klanjalo-na-stotine-ljudi-foto\/"},"wordCount":601,"commentCount":0,"publisher":{"@id":"https:\/\/sandzakpress.net\/arhiva\/#\/schema\/person\/6e72b67d6e51910a1117b3b483ba20bd"},"image":{"@id":"https:\/\/sandzakpress.net\/arhiva\/bajram-u-luksemburgu-u-sali-u-esu-bajram-namaz-klanjalo-na-stotine-ljudi-foto\/#primaryimage"},"thumbnailUrl":"https:\/\/sandzakpress.net\/arhiva\/wp-content\/uploads\/2019\/06\/IMG-359985d1ad63a9e1e20fc63dd278c346-V.jpg","articleSection":["Svijet","Luksemburg","VIJESTI DANA","NAJNOVIJE"],"inLanguage":"bs-BA","potentialAction":[{"@type":"CommentAction","name":"Comment","target":["https:\/\/sandzakpress.net\/arhiva\/bajram-u-luksemburgu-u-sali-u-esu-bajram-namaz-klanjalo-na-stotine-ljudi-foto\/#respond"]}]},{"@type":"WebPage","@id":"https:\/\/sandzakpress.net\/arhiva\/bajram-u-luksemburgu-u-sali-u-esu-bajram-namaz-klanjalo-na-stotine-ljudi-foto\/","url":"https:\/\/sandzakpress.net\/arhiva\/bajram-u-luksemburgu-u-sali-u-esu-bajram-namaz-klanjalo-na-stotine-ljudi-foto\/","name":"Bajram u Luksemburgu: U sali u E\u0161u bajram-namaz klanjalo na stotine ljudi (FOTO)","isPartOf":{"@id":"https:\/\/sandzakpress.net\/arhiva\/#website"},"primaryImageOfPage":{"@id":"https:\/\/sandzakpress.net\/arhiva\/bajram-u-luksemburgu-u-sali-u-esu-bajram-namaz-klanjalo-na-stotine-ljudi-foto\/#primaryimage"},"image":{"@id":"https:\/\/sandzakpress.net\/arhiva\/bajram-u-luksemburgu-u-sali-u-esu-bajram-namaz-klanjalo-na-stotine-ljudi-foto\/#primaryimage"},"thumbnailUrl":"https:\/\/sandzakpress.net\/arhiva\/wp-content\/uploads\/2019\/06\/IMG-359985d1ad63a9e1e20fc63dd278c346-V.jpg","datePublished":"2019-06-04T18:07:54+00:00","breadcrumb":{"@id":"https:\/\/sandzakpress.net\/arhiva\/bajram-u-luksemburgu-u-sali-u-esu-bajram-namaz-klanjalo-na-stotine-ljudi-foto\/#breadcrumb"},"inLanguage":"bs-BA","potentialAction":[{"@type":"ReadAction","target":["https:\/\/sandzakpress.net\/arhiva\/bajram-u-luksemburgu-u-sali-u-esu-bajram-namaz-klanjalo-na-stotine-ljudi-foto\/"]}]},{"@type":"ImageObject","inLanguage":"bs-BA","@id":"https:\/\/sandzakpress.net\/arhiva\/bajram-u-luksemburgu-u-sali-u-esu-bajram-namaz-klanjalo-na-stotine-ljudi-foto\/#primaryimage","url":"https:\/\/sandzakpress.net\/arhiva\/wp-content\/uploads\/2019\/06\/IMG-359985d1ad63a9e1e20fc63dd278c346-V.jpg","contentUrl":"https:\/\/sandzakpress.net\/arhiva\/wp-content\/uploads\/2019\/06\/IMG-359985d1ad63a9e1e20fc63dd278c346-V.jpg","width":1280,"height":960},{"@type":"BreadcrumbList","@id":"https:\/\/sandzakpress.net\/arhiva\/bajram-u-luksemburgu-u-sali-u-esu-bajram-namaz-klanjalo-na-stotine-ljudi-foto\/#breadcrumb","itemListElement":[{"@type":"ListItem","position":1,"name":"Home","item":"https:\/\/sandzakpress.net\/arhiva\/"},{"@type":"ListItem","position":2,"name":"Bajram u Luksemburgu: U sali u E\u0161u bajram-namaz klanjalo na stotine ljudi (FOTO)"}]},{"@type":"WebSite","@id":"https:\/\/sandzakpress.net\/arhiva\/#website","url":"https:\/\/sandzakpress.net\/arhiva\/","name":"Sand\u017eak PRESS","description":"Prve elektronske novine u Sand\u017eaku","publisher":{"@id":"https:\/\/sandzakpress.net\/arhiva\/#\/schema\/person\/6e72b67d6e51910a1117b3b483ba20bd"},"potentialAction":[{"@type":"SearchAction","target":{"@type":"EntryPoint","urlTemplate":"https:\/\/sandzakpress.net\/arhiva\/?s={search_term_string}"},"query-input":{"@type":"PropertyValueSpecification","valueRequired":true,"valueName":"search_term_string"}}],"inLanguage":"bs-BA"},{"@type":["Person","Organization"],"@id":"https:\/\/sandzakpress.net\/arhiva\/#\/schema\/person\/6e72b67d6e51910a1117b3b483ba20bd","name":"Kul","image":{"@type":"ImageObject","inLanguage":"bs-BA","@id":"https:\/\/sandzakpress.net\/arhiva\/#\/schema\/person\/image\/","url":"https:\/\/secure.gravatar.com\/avatar\/42263f39aa27ac04c43cab85c280eb2e?s=96&d=mm&r=pg","contentUrl":"https:\/\/secure.gravatar.com\/avatar\/42263f39aa27ac04c43cab85c280eb2e?s=96&d=mm&r=pg","caption":"Kul"},"logo":{"@id":"https:\/\/sandzakpress.net\/arhiva\/#\/schema\/person\/image\/"}},{"@type":"Person","@id":"https:\/\/sandzakpress.net\/arhiva\/#\/schema\/person\/cb59d7e3ab91ab90dd680ad0305a6185","name":"Agencija","image":{"@type":"ImageObject","inLanguage":"bs-BA","@id":"https:\/\/sandzakpress.net\/arhiva\/#\/schema\/person\/image\/","url":"https:\/\/secure.gravatar.com\/avatar\/4b7fafa80a22f0c2afe23966b3961fe0?s=96&d=mm&r=pg","contentUrl":"https:\/\/secure.gravatar.com\/avatar\/4b7fafa80a22f0c2afe23966b3961fe0?s=96&d=mm&r=pg","caption":"Agencija"},"url":"https:\/\/sandzakpress.net\/arhiva\/author\/agencija\/"}]}},"_links":{"self":[{"href":"https:\/\/sandzakpress.net\/arhiva\/wp-json\/wp\/v2\/posts\/224361"}],"collection":[{"href":"https:\/\/sandzakpress.net\/arhiva\/wp-json\/wp\/v2\/posts"}],"about":[{"href":"https:\/\/sandzakpress.net\/arhiva\/wp-json\/wp\/v2\/types\/post"}],"author":[{"embeddable":true,"href":"https:\/\/sandzakpress.net\/arhiva\/wp-json\/wp\/v2\/users\/509"}],"replies":[{"embeddable":true,"href":"https:\/\/sandzakpress.net\/arhiva\/wp-json\/wp\/v2\/comments?post=224361"}],"version-history":[{"count":0,"href":"https:\/\/sandzakpress.net\/arhiva\/wp-json\/wp\/v2\/posts\/224361\/revisions"}],"wp:featuredmedia":[{"embeddable":true,"href":"https:\/\/sandzakpress.net\/arhiva\/wp-json\/wp\/v2\/media\/224362"}],"wp:attachment":[{"href":"https:\/\/sandzakpress.net\/arhiva\/wp-json\/wp\/v2\/media?parent=224361"}],"wp:term":[{"taxonomy":"category","embeddable":true,"href":"https:\/\/sandzakpress.net\/arhiva\/wp-json\/wp\/v2\/categories?post=224361"},{"taxonomy":"post_tag","embeddable":true,"href":"https:\/\/sandzakpress.net\/arhiva\/wp-json\/wp\/v2\/tags?post=224361"}],"curies":[{"name":"wp","href":"https:\/\/api.w.org\/{rel}","templated":true}]}}