{"id":224239,"date":"2019-05-31T23:03:01","date_gmt":"2019-05-31T21:03:01","guid":{"rendered":"https:\/\/sandzakpress.net\/arhiva\/?p=224239"},"modified":"2019-06-01T13:07:39","modified_gmt":"2019-06-01T11:07:39","slug":"predsjednik-mesihata-priredio-iftar","status":"publish","type":"post","link":"https:\/\/sandzakpress.net\/arhiva\/predsjednik-mesihata-priredio-iftar\/","title":{"rendered":"Predsjednik Me\u0161ihata priredio iftar"},"content":{"rendered":"<p><img loading=\"lazy\" decoding=\"async\" class=\"size-full wp-image-224240 aligncenter\" src=\"https:\/\/sandzakpress.net\/arhiva\/wp-content\/uploads\/2019\/06\/img-59f20c3737a2244321ed56e57d60a04a-v1313187027890586151.jpg\" alt=\"\" width=\"1280\" height=\"622\" srcset=\"https:\/\/sandzakpress.net\/arhiva\/wp-content\/uploads\/2019\/06\/img-59f20c3737a2244321ed56e57d60a04a-v1313187027890586151.jpg 1280w, https:\/\/sandzakpress.net\/arhiva\/wp-content\/uploads\/2019\/06\/img-59f20c3737a2244321ed56e57d60a04a-v1313187027890586151-768x373.jpg 768w, https:\/\/sandzakpress.net\/arhiva\/wp-content\/uploads\/2019\/06\/img-59f20c3737a2244321ed56e57d60a04a-v1313187027890586151-616x299.jpg 616w\" sizes=\"(max-width: 1280px) 100vw, 1280px\" \/><\/p>\n<p>U petak 31.05.2019. godine, 26. Ramazana, predsjednik Me\u0161ihata IZ-e u Srbiji muftija dr. Mevlud ef. Dudi\u0107 bio je doma\u0107in iftara kojem su prisusustvovali predsjednik Sabora IZ-e u Srbiji, \u010dlanovi Me\u0161ihata, rukovodioci ustanova i slu\u017ebi Islamske zajednice, glavni imami, predstavnici nekoliko ambasada muslimanskih zemalja, narodni poslanik akademik Muamer Zukorli\u0107, predstavnik Uprave za saradnju s vjerskim zajednicama, dvojica dr\u017eavnih sekretara, kao i musafiri iz Sarajeva \u2013 delegacija predvo\u0111ena predsjednikom Skup\u0161tine kantona Sarajevo Elmedinom Konakovi\u0107em.<\/p>\n<p>Muftija Dudi\u0107 je u svom obra\u0107anju upoznao prisutne sa aktivnostima Me\u0161ihata u Ramazanu, posebno brojem iftara koji je obezbje\u0111en posta\u010dima u Sand\u017eaku i \u0161irom Srbije, zahvalio svima na prisustvu, naglasiv\u0161i vrijednost 27. no\u0107i mjeseca Ramazana, za koju se nadamo da je kadarska.<\/p>\n<p>Tako\u0111er, predsjednik Me\u0161ihata je uru\u010dio zahvalnice predstavnicima Ambasade Dr\u017eave Katar u Beogradu i Kulturnog centra \u201cKralj Fahd\u201d u Sarajevu za podr\u0161ku projektu iftara u organizaciji Me\u0161ihata.<\/p>\n<p><img decoding=\"async\" src=\"https:\/\/mesihat.org\/wp-content\/uploads\/2019\/05\/img-2ee4fdbb01e177e7f642d5df7b9d0149-v4831673353696283964.jpg\" \/><\/p>\n<p><img decoding=\"async\" src=\"https:\/\/mesihat.org\/wp-content\/uploads\/2019\/05\/img-1984c1a9726e88a1087d5475024cb352-v6274699806768687816.jpg\" \/><iframe loading=\"lazy\" src=\"https:\/\/www.facebook.com\/plugins\/post.php?href=https%3A%2F%2Fwww.facebook.com%2Fmedia%2Fset%2F%3Fset%3Da.10157264852958584%26type%3D3&amp;width=500\" width=\"500\" height=\"621\" frameborder=\"0\" scrolling=\"no\"><\/iframe><\/p>\n","protected":false},"excerpt":{"rendered":"<p>U petak 31.05.2019. godine, 26. Ramazana, predsjednik Me\u0161ihata IZ-e u Srbiji muftija dr. Mevlud ef. Dudi\u0107 bio je doma\u0107in iftara kojem su prisusustvovali predsjednik Sabora IZ-e u Srbiji, \u010dlanovi Me\u0161ihata, rukovodioci ustanova i slu\u017ebi Islamske zajednice, glavni imami, predstavnici nekoliko ambasada muslimanskih zemalja, narodni poslanik akademik Muamer Zukorli\u0107, predstavnik Uprave za saradnju s vjerskim zajednicama, [&hellip;]<\/p>\n","protected":false},"author":509,"featured_media":224240,"comment_status":"open","ping_status":"open","sticky":false,"template":"","format":"standard","meta":{"footnotes":""},"categories":[72,802,8957,16],"tags":[],"class_list":{"0":"post-224239","1":"post","2":"type-post","3":"status-publish","4":"format-standard","5":"has-post-thumbnail","7":"category-novi-pazar","8":"category-islamska_zajednica","9":"category-vijesti-dana","10":"category-novine"},"yoast_head":"<!-- This site is optimized with the Yoast SEO Premium plugin v23.1 (Yoast SEO v24.9) - https:\/\/yoast.com\/wordpress\/plugins\/seo\/ -->\n<title>Predsjednik Me\u0161ihata priredio iftar<\/title>\n<meta name=\"robots\" content=\"index, follow, max-snippet:-1, max-image-preview:large, max-video-preview:-1\" \/>\n<link rel=\"canonical\" href=\"https:\/\/sandzakpress.net\/arhiva\/predsjednik-mesihata-priredio-iftar\/\" \/>\n<meta property=\"og:locale\" content=\"bs_BA\" \/>\n<meta property=\"og:type\" content=\"article\" \/>\n<meta property=\"og:title\" content=\"Predsjednik Me\u0161ihata priredio iftar\" \/>\n<meta property=\"og:description\" content=\"U petak 31.05.2019. godine, 26. Ramazana, predsjednik Me\u0161ihata IZ-e u Srbiji muftija dr. Mevlud ef. Dudi\u0107 bio je doma\u0107in iftara kojem su prisusustvovali predsjednik Sabora IZ-e u Srbiji, \u010dlanovi Me\u0161ihata, rukovodioci ustanova i slu\u017ebi Islamske zajednice, glavni imami, predstavnici nekoliko ambasada muslimanskih zemalja, narodni poslanik akademik Muamer Zukorli\u0107, predstavnik Uprave za saradnju s vjerskim zajednicama, [&hellip;]\" \/>\n<meta property=\"og:url\" content=\"https:\/\/sandzakpress.net\/arhiva\/predsjednik-mesihata-priredio-iftar\/\" \/>\n<meta property=\"og:site_name\" content=\"Sand\u017eak PRESS\" \/>\n<meta property=\"article:published_time\" content=\"2019-05-31T21:03:01+00:00\" \/>\n<meta property=\"article:modified_time\" content=\"2019-06-01T11:07:39+00:00\" \/>\n<meta property=\"og:image\" content=\"https:\/\/sandzakpress.net\/arhiva\/wp-content\/uploads\/2019\/06\/img-59f20c3737a2244321ed56e57d60a04a-v1313187027890586151.jpg\" \/>\n\t<meta property=\"og:image:width\" content=\"1280\" \/>\n\t<meta property=\"og:image:height\" content=\"622\" \/>\n\t<meta property=\"og:image:type\" content=\"image\/jpeg\" \/>\n<meta name=\"author\" content=\"Agencija\" \/>\n<meta name=\"twitter:card\" content=\"summary_large_image\" \/>\n<meta name=\"twitter:label1\" content=\"Written by\" \/>\n\t<meta name=\"twitter:data1\" content=\"Agencija\" \/>\n\t<meta name=\"twitter:label2\" content=\"Est. reading time\" \/>\n\t<meta name=\"twitter:data2\" content=\"1 minuta\" \/>\n<script type=\"application\/ld+json\" class=\"yoast-schema-graph\">{\"@context\":\"https:\/\/schema.org\",\"@graph\":[{\"@type\":\"Article\",\"@id\":\"https:\/\/sandzakpress.net\/arhiva\/predsjednik-mesihata-priredio-iftar\/#article\",\"isPartOf\":{\"@id\":\"https:\/\/sandzakpress.net\/arhiva\/predsjednik-mesihata-priredio-iftar\/\"},\"author\":{\"name\":\"Agencija\",\"@id\":\"https:\/\/sandzakpress.net\/arhiva\/#\/schema\/person\/cb59d7e3ab91ab90dd680ad0305a6185\"},\"headline\":\"Predsjednik Me\u0161ihata priredio iftar\",\"datePublished\":\"2019-05-31T21:03:01+00:00\",\"dateModified\":\"2019-06-01T11:07:39+00:00\",\"mainEntityOfPage\":{\"@id\":\"https:\/\/sandzakpress.net\/arhiva\/predsjednik-mesihata-priredio-iftar\/\"},\"wordCount\":162,\"commentCount\":0,\"publisher\":{\"@id\":\"https:\/\/sandzakpress.net\/arhiva\/#\/schema\/person\/6e72b67d6e51910a1117b3b483ba20bd\"},\"image\":{\"@id\":\"https:\/\/sandzakpress.net\/arhiva\/predsjednik-mesihata-priredio-iftar\/#primaryimage\"},\"thumbnailUrl\":\"https:\/\/sandzakpress.net\/arhiva\/wp-content\/uploads\/2019\/06\/img-59f20c3737a2244321ed56e57d60a04a-v1313187027890586151.jpg\",\"articleSection\":[\"Novi Pazar\",\"Islamska zajednica\",\"VIJESTI DANA\",\"Novine\"],\"inLanguage\":\"bs-BA\",\"potentialAction\":[{\"@type\":\"CommentAction\",\"name\":\"Comment\",\"target\":[\"https:\/\/sandzakpress.net\/arhiva\/predsjednik-mesihata-priredio-iftar\/#respond\"]}]},{\"@type\":\"WebPage\",\"@id\":\"https:\/\/sandzakpress.net\/arhiva\/predsjednik-mesihata-priredio-iftar\/\",\"url\":\"https:\/\/sandzakpress.net\/arhiva\/predsjednik-mesihata-priredio-iftar\/\",\"name\":\"Predsjednik Me\u0161ihata priredio iftar\",\"isPartOf\":{\"@id\":\"https:\/\/sandzakpress.net\/arhiva\/#website\"},\"primaryImageOfPage\":{\"@id\":\"https:\/\/sandzakpress.net\/arhiva\/predsjednik-mesihata-priredio-iftar\/#primaryimage\"},\"image\":{\"@id\":\"https:\/\/sandzakpress.net\/arhiva\/predsjednik-mesihata-priredio-iftar\/#primaryimage\"},\"thumbnailUrl\":\"https:\/\/sandzakpress.net\/arhiva\/wp-content\/uploads\/2019\/06\/img-59f20c3737a2244321ed56e57d60a04a-v1313187027890586151.jpg\",\"datePublished\":\"2019-05-31T21:03:01+00:00\",\"dateModified\":\"2019-06-01T11:07:39+00:00\",\"breadcrumb\":{\"@id\":\"https:\/\/sandzakpress.net\/arhiva\/predsjednik-mesihata-priredio-iftar\/#breadcrumb\"},\"inLanguage\":\"bs-BA\",\"potentialAction\":[{\"@type\":\"ReadAction\",\"target\":[\"https:\/\/sandzakpress.net\/arhiva\/predsjednik-mesihata-priredio-iftar\/\"]}]},{\"@type\":\"ImageObject\",\"inLanguage\":\"bs-BA\",\"@id\":\"https:\/\/sandzakpress.net\/arhiva\/predsjednik-mesihata-priredio-iftar\/#primaryimage\",\"url\":\"https:\/\/sandzakpress.net\/arhiva\/wp-content\/uploads\/2019\/06\/img-59f20c3737a2244321ed56e57d60a04a-v1313187027890586151.jpg\",\"contentUrl\":\"https:\/\/sandzakpress.net\/arhiva\/wp-content\/uploads\/2019\/06\/img-59f20c3737a2244321ed56e57d60a04a-v1313187027890586151.jpg\",\"width\":1280,\"height\":622},{\"@type\":\"BreadcrumbList\",\"@id\":\"https:\/\/sandzakpress.net\/arhiva\/predsjednik-mesihata-priredio-iftar\/#breadcrumb\",\"itemListElement\":[{\"@type\":\"ListItem\",\"position\":1,\"name\":\"Home\",\"item\":\"https:\/\/sandzakpress.net\/arhiva\/\"},{\"@type\":\"ListItem\",\"position\":2,\"name\":\"Predsjednik Me\u0161ihata priredio iftar\"}]},{\"@type\":\"WebSite\",\"@id\":\"https:\/\/sandzakpress.net\/arhiva\/#website\",\"url\":\"https:\/\/sandzakpress.net\/arhiva\/\",\"name\":\"Sand\u017eak PRESS\",\"description\":\"Prve elektronske novine u Sand\u017eaku\",\"publisher\":{\"@id\":\"https:\/\/sandzakpress.net\/arhiva\/#\/schema\/person\/6e72b67d6e51910a1117b3b483ba20bd\"},\"potentialAction\":[{\"@type\":\"SearchAction\",\"target\":{\"@type\":\"EntryPoint\",\"urlTemplate\":\"https:\/\/sandzakpress.net\/arhiva\/?s={search_term_string}\"},\"query-input\":{\"@type\":\"PropertyValueSpecification\",\"valueRequired\":true,\"valueName\":\"search_term_string\"}}],\"inLanguage\":\"bs-BA\"},{\"@type\":[\"Person\",\"Organization\"],\"@id\":\"https:\/\/sandzakpress.net\/arhiva\/#\/schema\/person\/6e72b67d6e51910a1117b3b483ba20bd\",\"name\":\"Kul\",\"image\":{\"@type\":\"ImageObject\",\"inLanguage\":\"bs-BA\",\"@id\":\"https:\/\/sandzakpress.net\/arhiva\/#\/schema\/person\/image\/\",\"url\":\"https:\/\/secure.gravatar.com\/avatar\/42263f39aa27ac04c43cab85c280eb2e?s=96&d=mm&r=pg\",\"contentUrl\":\"https:\/\/secure.gravatar.com\/avatar\/42263f39aa27ac04c43cab85c280eb2e?s=96&d=mm&r=pg\",\"caption\":\"Kul\"},\"logo\":{\"@id\":\"https:\/\/sandzakpress.net\/arhiva\/#\/schema\/person\/image\/\"}},{\"@type\":\"Person\",\"@id\":\"https:\/\/sandzakpress.net\/arhiva\/#\/schema\/person\/cb59d7e3ab91ab90dd680ad0305a6185\",\"name\":\"Agencija\",\"image\":{\"@type\":\"ImageObject\",\"inLanguage\":\"bs-BA\",\"@id\":\"https:\/\/sandzakpress.net\/arhiva\/#\/schema\/person\/image\/\",\"url\":\"https:\/\/secure.gravatar.com\/avatar\/4b7fafa80a22f0c2afe23966b3961fe0?s=96&d=mm&r=pg\",\"contentUrl\":\"https:\/\/secure.gravatar.com\/avatar\/4b7fafa80a22f0c2afe23966b3961fe0?s=96&d=mm&r=pg\",\"caption\":\"Agencija\"},\"url\":\"https:\/\/sandzakpress.net\/arhiva\/author\/agencija\/\"}]}<\/script>\n<!-- \/ Yoast SEO Premium plugin. -->","yoast_head_json":{"title":"Predsjednik Me\u0161ihata priredio iftar","robots":{"index":"index","follow":"follow","max-snippet":"max-snippet:-1","max-image-preview":"max-image-preview:large","max-video-preview":"max-video-preview:-1"},"canonical":"https:\/\/sandzakpress.net\/arhiva\/predsjednik-mesihata-priredio-iftar\/","og_locale":"bs_BA","og_type":"article","og_title":"Predsjednik Me\u0161ihata priredio iftar","og_description":"U petak 31.05.2019. godine, 26. Ramazana, predsjednik Me\u0161ihata IZ-e u Srbiji muftija dr. Mevlud ef. Dudi\u0107 bio je doma\u0107in iftara kojem su prisusustvovali predsjednik Sabora IZ-e u Srbiji, \u010dlanovi Me\u0161ihata, rukovodioci ustanova i slu\u017ebi Islamske zajednice, glavni imami, predstavnici nekoliko ambasada muslimanskih zemalja, narodni poslanik akademik Muamer Zukorli\u0107, predstavnik Uprave za saradnju s vjerskim zajednicama, [&hellip;]","og_url":"https:\/\/sandzakpress.net\/arhiva\/predsjednik-mesihata-priredio-iftar\/","og_site_name":"Sand\u017eak PRESS","article_published_time":"2019-05-31T21:03:01+00:00","article_modified_time":"2019-06-01T11:07:39+00:00","og_image":[{"width":1280,"height":622,"url":"https:\/\/sandzakpress.net\/arhiva\/wp-content\/uploads\/2019\/06\/img-59f20c3737a2244321ed56e57d60a04a-v1313187027890586151.jpg","type":"image\/jpeg"}],"author":"Agencija","twitter_card":"summary_large_image","twitter_misc":{"Written by":"Agencija","Est. reading time":"1 minuta"},"schema":{"@context":"https:\/\/schema.org","@graph":[{"@type":"Article","@id":"https:\/\/sandzakpress.net\/arhiva\/predsjednik-mesihata-priredio-iftar\/#article","isPartOf":{"@id":"https:\/\/sandzakpress.net\/arhiva\/predsjednik-mesihata-priredio-iftar\/"},"author":{"name":"Agencija","@id":"https:\/\/sandzakpress.net\/arhiva\/#\/schema\/person\/cb59d7e3ab91ab90dd680ad0305a6185"},"headline":"Predsjednik Me\u0161ihata priredio iftar","datePublished":"2019-05-31T21:03:01+00:00","dateModified":"2019-06-01T11:07:39+00:00","mainEntityOfPage":{"@id":"https:\/\/sandzakpress.net\/arhiva\/predsjednik-mesihata-priredio-iftar\/"},"wordCount":162,"commentCount":0,"publisher":{"@id":"https:\/\/sandzakpress.net\/arhiva\/#\/schema\/person\/6e72b67d6e51910a1117b3b483ba20bd"},"image":{"@id":"https:\/\/sandzakpress.net\/arhiva\/predsjednik-mesihata-priredio-iftar\/#primaryimage"},"thumbnailUrl":"https:\/\/sandzakpress.net\/arhiva\/wp-content\/uploads\/2019\/06\/img-59f20c3737a2244321ed56e57d60a04a-v1313187027890586151.jpg","articleSection":["Novi Pazar","Islamska zajednica","VIJESTI DANA","Novine"],"inLanguage":"bs-BA","potentialAction":[{"@type":"CommentAction","name":"Comment","target":["https:\/\/sandzakpress.net\/arhiva\/predsjednik-mesihata-priredio-iftar\/#respond"]}]},{"@type":"WebPage","@id":"https:\/\/sandzakpress.net\/arhiva\/predsjednik-mesihata-priredio-iftar\/","url":"https:\/\/sandzakpress.net\/arhiva\/predsjednik-mesihata-priredio-iftar\/","name":"Predsjednik Me\u0161ihata priredio iftar","isPartOf":{"@id":"https:\/\/sandzakpress.net\/arhiva\/#website"},"primaryImageOfPage":{"@id":"https:\/\/sandzakpress.net\/arhiva\/predsjednik-mesihata-priredio-iftar\/#primaryimage"},"image":{"@id":"https:\/\/sandzakpress.net\/arhiva\/predsjednik-mesihata-priredio-iftar\/#primaryimage"},"thumbnailUrl":"https:\/\/sandzakpress.net\/arhiva\/wp-content\/uploads\/2019\/06\/img-59f20c3737a2244321ed56e57d60a04a-v1313187027890586151.jpg","datePublished":"2019-05-31T21:03:01+00:00","dateModified":"2019-06-01T11:07:39+00:00","breadcrumb":{"@id":"https:\/\/sandzakpress.net\/arhiva\/predsjednik-mesihata-priredio-iftar\/#breadcrumb"},"inLanguage":"bs-BA","potentialAction":[{"@type":"ReadAction","target":["https:\/\/sandzakpress.net\/arhiva\/predsjednik-mesihata-priredio-iftar\/"]}]},{"@type":"ImageObject","inLanguage":"bs-BA","@id":"https:\/\/sandzakpress.net\/arhiva\/predsjednik-mesihata-priredio-iftar\/#primaryimage","url":"https:\/\/sandzakpress.net\/arhiva\/wp-content\/uploads\/2019\/06\/img-59f20c3737a2244321ed56e57d60a04a-v1313187027890586151.jpg","contentUrl":"https:\/\/sandzakpress.net\/arhiva\/wp-content\/uploads\/2019\/06\/img-59f20c3737a2244321ed56e57d60a04a-v1313187027890586151.jpg","width":1280,"height":622},{"@type":"BreadcrumbList","@id":"https:\/\/sandzakpress.net\/arhiva\/predsjednik-mesihata-priredio-iftar\/#breadcrumb","itemListElement":[{"@type":"ListItem","position":1,"name":"Home","item":"https:\/\/sandzakpress.net\/arhiva\/"},{"@type":"ListItem","position":2,"name":"Predsjednik Me\u0161ihata priredio iftar"}]},{"@type":"WebSite","@id":"https:\/\/sandzakpress.net\/arhiva\/#website","url":"https:\/\/sandzakpress.net\/arhiva\/","name":"Sand\u017eak PRESS","description":"Prve elektronske novine u Sand\u017eaku","publisher":{"@id":"https:\/\/sandzakpress.net\/arhiva\/#\/schema\/person\/6e72b67d6e51910a1117b3b483ba20bd"},"potentialAction":[{"@type":"SearchAction","target":{"@type":"EntryPoint","urlTemplate":"https:\/\/sandzakpress.net\/arhiva\/?s={search_term_string}"},"query-input":{"@type":"PropertyValueSpecification","valueRequired":true,"valueName":"search_term_string"}}],"inLanguage":"bs-BA"},{"@type":["Person","Organization"],"@id":"https:\/\/sandzakpress.net\/arhiva\/#\/schema\/person\/6e72b67d6e51910a1117b3b483ba20bd","name":"Kul","image":{"@type":"ImageObject","inLanguage":"bs-BA","@id":"https:\/\/sandzakpress.net\/arhiva\/#\/schema\/person\/image\/","url":"https:\/\/secure.gravatar.com\/avatar\/42263f39aa27ac04c43cab85c280eb2e?s=96&d=mm&r=pg","contentUrl":"https:\/\/secure.gravatar.com\/avatar\/42263f39aa27ac04c43cab85c280eb2e?s=96&d=mm&r=pg","caption":"Kul"},"logo":{"@id":"https:\/\/sandzakpress.net\/arhiva\/#\/schema\/person\/image\/"}},{"@type":"Person","@id":"https:\/\/sandzakpress.net\/arhiva\/#\/schema\/person\/cb59d7e3ab91ab90dd680ad0305a6185","name":"Agencija","image":{"@type":"ImageObject","inLanguage":"bs-BA","@id":"https:\/\/sandzakpress.net\/arhiva\/#\/schema\/person\/image\/","url":"https:\/\/secure.gravatar.com\/avatar\/4b7fafa80a22f0c2afe23966b3961fe0?s=96&d=mm&r=pg","contentUrl":"https:\/\/secure.gravatar.com\/avatar\/4b7fafa80a22f0c2afe23966b3961fe0?s=96&d=mm&r=pg","caption":"Agencija"},"url":"https:\/\/sandzakpress.net\/arhiva\/author\/agencija\/"}]}},"_links":{"self":[{"href":"https:\/\/sandzakpress.net\/arhiva\/wp-json\/wp\/v2\/posts\/224239"}],"collection":[{"href":"https:\/\/sandzakpress.net\/arhiva\/wp-json\/wp\/v2\/posts"}],"about":[{"href":"https:\/\/sandzakpress.net\/arhiva\/wp-json\/wp\/v2\/types\/post"}],"author":[{"embeddable":true,"href":"https:\/\/sandzakpress.net\/arhiva\/wp-json\/wp\/v2\/users\/509"}],"replies":[{"embeddable":true,"href":"https:\/\/sandzakpress.net\/arhiva\/wp-json\/wp\/v2\/comments?post=224239"}],"version-history":[{"count":0,"href":"https:\/\/sandzakpress.net\/arhiva\/wp-json\/wp\/v2\/posts\/224239\/revisions"}],"wp:featuredmedia":[{"embeddable":true,"href":"https:\/\/sandzakpress.net\/arhiva\/wp-json\/wp\/v2\/media\/224240"}],"wp:attachment":[{"href":"https:\/\/sandzakpress.net\/arhiva\/wp-json\/wp\/v2\/media?parent=224239"}],"wp:term":[{"taxonomy":"category","embeddable":true,"href":"https:\/\/sandzakpress.net\/arhiva\/wp-json\/wp\/v2\/categories?post=224239"},{"taxonomy":"post_tag","embeddable":true,"href":"https:\/\/sandzakpress.net\/arhiva\/wp-json\/wp\/v2\/tags?post=224239"}],"curies":[{"name":"wp","href":"https:\/\/api.w.org\/{rel}","templated":true}]}}