{"id":224196,"date":"2019-05-31T10:39:34","date_gmt":"2019-05-31T08:39:34","guid":{"rendered":"https:\/\/sandzakpress.net\/arhiva\/oprostite-nam-maleni-spisak-102-ubijene-djece-prijedora"},"modified":"2019-05-31T10:39:34","modified_gmt":"2019-05-31T08:39:34","slug":"oprostite-nam-maleni-spisak-102-ubijene-djece-prijedora","status":"publish","type":"post","link":"https:\/\/sandzakpress.net\/arhiva\/oprostite-nam-maleni-spisak-102-ubijene-djece-prijedora\/","title":{"rendered":"Oprostite nam, maleni: Spisak 102 ubijene djece Prijedora"},"content":{"rendered":"<p><span class=\"cb-itemprop\"><\/p>\n<p><img decoding=\"async\" src=\"https:\/\/avaz.ba\/media\/2019\/05\/30\/957459\/thumbs\/873x400.jpg\" alt=\" - Avaz, Dnevni avaz, avaz.ba\" \/><\/p>\n<div class=\"col-sm-12 artikal-text\">\n<p><strong>U organizaciji Inicijative \u201eJer me se ti\u010de\u201c danas \u0107e u Prijedoru biti uprili\u010dena protestna \u0161etnja. Okupljanje je predvi\u0111eno u 13 sati na po\u010detku \u0161eta\u010dke zone, a u 13:30 okupljeni \u0107e pro\u0161etati glavnom \u0161eta\u010dkom ulicom u Prijedoru do nekada\u0161nje robne ku\u0107e \u201ePatrija\u201c, ispred koje \u0107e biti odr\u017eana komemoracija.<\/strong><\/p>\n<p>Inicijativa \u201eJer me se ti\u010de\u201c pozvala je sve gra\u0111ane i gra\u0111anke da se pridru\u017ee pravednoj borbi za istinu i pravdu. Dan bijelih traka na razli\u010dite na\u010dine bit \u0107e obilje\u017een u vi\u0161e gradova \u0161irom svijeta, me\u0111u kojima je, ve\u0107 tradicionalno, i Zagreb.<\/p>\n<p>Lokalne vlasti Prijedora jo\u0161 nisu udovoljile inicijativi roditelja za podizanje spomenika u centru grada za 102 bo\u0161nja\u010dke i hrvatske djece ubijene tokom agresije od 1992. do 1995. godine.<\/p>\n<p>Ovaj zahtjev u novembru 2014. godine Gradskoj skup\u0161tini uputili su roditelji i vi\u0161e od 1.000 gra\u0111ana Prijedora.<\/p>\n<p>Jo\u0161 jedno obilje\u017eavanje 31. maja posve\u0107eno je ukazivanju na diskriminaciju \u017ertava, poricanje i nemogu\u0107nost obilje\u017eavanja mjesta stradanja za sve \u017ertve rata Prijedora i njegove okolice.<\/p>\n<p>U znak sje\u0107anja na njih, na stranici platforme \u201cStop Genocide Denial\u201d 2013. godine objavljena je Uspavanka za ubijenu prijedorsku djecu s njihovim imenima, kada je postojao podatak da ih je 103.<\/p>\n<p>Dok se Prijedor i svijet prisje\u0107aju 3.176 ubijenih, me\u0111u kojima i 102 djece, povodom Dana bijelih traka objavljujemo njihova imena:<\/p>\n<p>1. Alagi\u0107 Sulejman, 17 godina<\/p>\n<p>2. Ali\u0161i\u0107 Anel, 15 godina<\/p>\n<p>3. Ali\u0161i\u0107 Muhamed, 17 godina<\/p>\n<p>4. Ba\u010di\u0107 Elvisa, 11 godina<\/p>\n<p>5. Ba\u010di\u0107 Ernest, 3 godine<\/p>\n<p>6. Ba\u010di\u0107 Ferida, 13 godina<\/p>\n<p>7. Ba\u010di\u0107 Jasmin, 8 godina<\/p>\n<p>8. Ba\u010di\u0107 Nermin, 13 godina<\/p>\n<p>9. Ba\u010di\u0107 Nermina, 6 godina<\/p>\n<p>10. Ba\u010di\u0107 Sabahudin, 13 godina<\/p>\n<p>11. Ba\u010di\u0107 Semir, 5 godina<\/p>\n<p>12. Ba\u010di\u0107 Sudbin, 17 godina<\/p>\n<p>13. Ba\u010di\u0107 Refika, 5 godina<\/p>\n<p>14. Ba\u010di\u0107 Zikret, 16 godina<\/p>\n<p>15. Ba\u010di\u0107 Zikreta, 10 godina<\/p>\n<p>16. Ba\u0161i\u0107 Maida, 12 godina<\/p>\n<p>17. Ba\u0161i\u0107 Enver, 15 godina<\/p>\n<p>18. Behli\u0107 Aladin, 13 godina<\/p>\n<p>19. Behli\u0107 Anel, 1 godina<\/p>\n<p>20. Behli\u0107 Ermin, 16 godina<\/p>\n<p>21. Behli\u0107 Senadin, 9 godina<\/p>\n<p>22. Be\u0161i\u0107 Edin, 15 godina<\/p>\n<p>23. Be\u0161i\u0107 Kemal, 15 godina<\/p>\n<p>24. Bla\u017eevi\u0107 Suad, 17 godina<\/p>\n<p>25. Brdar Emsud, 16 godina<\/p>\n<p>26. Brdar Jasmin, 16 godina<\/p>\n<p>27. Brdar Samir, 15 godina<\/p>\n<p>28. \u010cau\u0161evi\u0107 Edin, 16 godina<\/p>\n<p>29. \u010cau\u0161evi\u0107 Emir, 16 godina<\/p>\n<p>30. Dedi\u0107 Damir, 16 godina<\/p>\n<p>31. Dedi\u0107 Elvis, 17 godina<\/p>\n<p>32. Doli\u0107 Vjekoslav, 16 godina<\/p>\n<p>33. Dura\u010dak D\u017eemal, 16 godina<\/p>\n<p>34. Duratovi\u0107 Enes, 17 godina<\/p>\n<p>35. Duratovi\u0107 Halid, 15 godina<\/p>\n<p>36. D\u017eenanovi\u0107 Ajdin, 8 godina<\/p>\n<p>37. D\u017eenanovi\u0107 Alen, 4 godine<\/p>\n<p>38. D\u017eenanovi\u0107 Idriz, 15 godina<\/p>\n<p>39. D\u017eenanovi\u0107 Maida, 17 godina<\/p>\n<p>40. \u0110onlagi\u0107 Fehim, 17 godina<\/p>\n<p>41. Ejupovi\u0107 Edis, 17 godina<\/p>\n<p>42. Fori\u0107 Amir, 11 godina<\/p>\n<p>43. Fori\u0107 Mirsad, 17 godina<\/p>\n<p>44. Habibovi\u0107 Almir, 17 godina<\/p>\n<p>45. Had\u017ei\u0107 Jasim, 17 godina<\/p>\n<p>46. Hajrudin Jasmin, 17 godina<\/p>\n<p>47. Harca Miroslav, 17 godina<\/p>\n<p>48. Hegi\u0107 Fahrudin, 16 godina<\/p>\n<p>49. Hegi\u0107 Fikret, 17 godina<\/p>\n<p>50. Hod\u017ei\u0107 Alija, 17 godina<\/p>\n<p>51. Hopovac Adis, 5 godina<\/p>\n<p>52. Hopovac Ibrahim, 7 godina<\/p>\n<p>53. Horozovi\u0107 Nermin, 11 godina<\/p>\n<p>54. Horozovi\u0107 Nermina, 15 godina<\/p>\n<p>55. Hrni\u0107 Zlata, 15 godina<\/p>\n<p>56. Jakupovi\u0107 Armin, 14 godina<\/p>\n<p>57. Kadi\u0107 D\u017eevdet, 17 godina<\/p>\n<p>58. Kadi\u0107 (Abdulah) Edin, 17 godina<\/p>\n<p>59. Kadi\u0107 (D\u017eevad) Edin, 18 godina<\/p>\n<p>60. Kadi\u0107 Elvis, 15 godina<\/p>\n<p>61. Kadiri\u0107 Admir, 17 godina<\/p>\n<p>62. Kadiri\u0107 Fahrudin, 16 godina<\/p>\n<p>63. Kadiri\u0107 Ned\u017ead, 16 godina<\/p>\n<p>64. Kadiri\u0107 Sanel, 14 godina<\/p>\n<p>65. Kadiri\u0107 Suad, 17 godina<\/p>\n<p>66. Kaltak Almir, 16 godina<\/p>\n<p>67. Karagi\u0107 Amir, 15 godina<\/p>\n<p>68. Karagi\u0107 Jasmin, 15 godina<\/p>\n<p>69. Karagi\u0107 Samir, 17 godina<\/p>\n<p>70. Karagi\u0107 Elvir, 16 godina<\/p>\n<p>71. Kenjar Muhamed, 10 godina<\/p>\n<p>72. Mahmuljin Faruk, 17 godina<\/p>\n<p>73. Mahmuljin Midhat, 16 godina<\/p>\n<p>74. Maro\u0161li\u0107 Almir, 15 godina<\/p>\n<p>75. Matanovi\u0107 Ervin, 16 godina<\/p>\n<p>76. Matanovi\u0107 Goran, 14 godina<\/p>\n<p>77. Matanovi\u0107 Zoran, 17 godina<\/p>\n<p>78. Matanovi\u0107 Predrag, 17 godina<\/p>\n<p>79. Me\u0161i\u0107 Elvedin, 17 godina<\/p>\n<p>80. Mlinar Luka, 15 godina<\/p>\n<p>81. Muhi\u0107 Ned\u017ead, 17 godina<\/p>\n<p>82. Mulali\u0107 Emira, 5 godina<\/p>\n<p>83. Pa\u0161i\u0107 Sakib, 16 godina<\/p>\n<p>84. Poljak Ilijaz, 17 godina<\/p>\n<p>85. Pranji\u0107 Kre\u0161imir, 14 godina<\/p>\n<p>86. Ramuli\u0107 Kemal, 17 godina<\/p>\n<p>87. Red\u017ei\u0107 Almir, 14 godina<\/p>\n<p>88. Red\u017ei\u0107 Namir, 3 godine<\/p>\n<p>89. Red\u017ei\u0107 Vahid, 8 godina<\/p>\n<p>90. Rizvanovi\u0107 Elvis, 14 godina<\/p>\n<p>91. Salihovi\u0107 Midhet, 15 godina<\/p>\n<p>92. Selimovi\u0107 Elvir, 17 godina<\/p>\n<p>93. Sje\u010di\u0107 Edin, 17 godina<\/p>\n<p>94. Softi\u0107 Velid, 3 mjeseca<\/p>\n<p>95. \u0160vraka Mirsad, 17 godina<\/p>\n<p>96. Talund\u017ei\u0107 Almir, 17 godina<\/p>\n<p>97. Tatarevi\u0107 Amir, 17 godina<\/p>\n<p>98. Tukeri\u0107 Stipo, 14 godina<\/p>\n<p>99. Vojnikovi\u0107 Sanel, 15 godina<\/p>\n<p>100. Zuli\u0107 Admir, 17 godina<\/p>\n<p>101. \u017deri\u0107 Armin, 17 godina<\/p>\n<p>102. Osmanovi\u0107 Muharem, 17 godina<\/p>\n<p><em><strong>(Podaci predstavnika\u00a0roditelja ubijene djece)\u00a0<\/strong><\/em><\/p>\n<p><a href=\"https:\/\/avaz.ba\/vijesti\/bih\/490208\/oprostite-nam-maleni-spisak-102-ubijene-djece-prijedora?fbclid=IwAR2NBxdje93Gk7bYzOEisYql0_N-2BmZtZBbPh5ygUXIb-pfRMz3URKPRZ8\"><img decoding=\"async\" class=\"img-responsive\" src=\"https:\/\/avaz.ba\/media\/2019\/05\/30\/957462\/thumbs\/w873.jpg\" alt=\"A bili su samo djeca: Lokalne vlasti Prijedora jo\u0161 nisu udovoljile inicijativi roditelja za podizanje spomenika u centru grada - Avaz, Dnevni avaz, avaz.ba\" \/><\/a><\/p>\n<\/div>\n<div class=\"col-sm-12 artikal-text\">\n<p>Ina\u010de, u\u00a0dana\u0161njem broju lokalnog prijedorskog lista \u201cKozarskog vjesnika\u201d,\u00a0na dvije strane objavljene su osmrtnice ubijenoj djeci uz po prvi put ispisanu poruku: \u201cOprostite maleni \u0161to vas nismo umjeli za\u0161tititi, ali sve \u0107emo u\u010diniti da se ne zaboravite.\u201d U potpisu \u010ditulje su gra\u0111ani i gra\u0111anke Prijedora.<\/p>\n<p><a href=\"https:\/\/avaz.ba\/vijesti\/bih\/490208\/oprostite-nam-maleni-spisak-102-ubijene-djece-prijedora?fbclid=IwAR2NBxdje93Gk7bYzOEisYql0_N-2BmZtZBbPh5ygUXIb-pfRMz3URKPRZ8\"><img decoding=\"async\" class=\"img-responsive\" src=\"https:\/\/avaz.ba\/media\/2019\/05\/31\/957836\/thumbs\/w873.jpg\" alt=\"U potpisu \u010ditulje su gra\u0111ani i gra\u0111anke Prijedora - Avaz, Dnevni avaz, avaz.ba\" \/><\/a><\/p>\n<\/div>\n<p><\/span><br \/>\nPogledajte vijest na izvornom sajtu:<\/p>\n<p><a href=\"https:\/\/bosnapress.net\/oprostite-nam-maleni-spisak-102-ubijene-djece-prijedora\/\" target=\"_blank\">Oprostite nam, maleni: Spisak 102 ubijene djece Prijedora<\/a><\/p>\n","protected":false},"excerpt":{"rendered":"<p>U organizaciji Inicijative \u201eJer me se ti\u010de\u201c danas \u0107e u Prijedoru biti uprili\u010dena protestna \u0161etnja. Okupljanje je predvi\u0111eno u 13 sati na po\u010detku \u0161eta\u010dke zone, a u 13:30 okupljeni \u0107e pro\u0161etati glavnom \u0161eta\u010dkom ulicom u Prijedoru do nekada\u0161nje robne ku\u0107e \u201ePatrija\u201c, ispred koje \u0107e biti odr\u017eana komemoracija. Inicijativa \u201eJer me se ti\u010de\u201c pozvala je sve [&hellip;]<\/p>\n","protected":false},"author":83,"featured_media":224197,"comment_status":"open","ping_status":"open","sticky":false,"template":"","format":"standard","meta":{"footnotes":""},"categories":[10513],"tags":[10466],"class_list":{"0":"post-224196","1":"post","2":"type-post","3":"status-publish","4":"format-standard","5":"has-post-thumbnail","7":"category-bosna-press","8":"tag-bosna-i-hercegovina"},"yoast_head":"<!-- This site is optimized with the Yoast SEO Premium plugin v23.1 (Yoast SEO v24.9) - https:\/\/yoast.com\/wordpress\/plugins\/seo\/ -->\n<title>Oprostite nam, maleni: Spisak 102 ubijene djece Prijedora<\/title>\n<meta name=\"robots\" content=\"index, follow, max-snippet:-1, max-image-preview:large, max-video-preview:-1\" \/>\n<link rel=\"canonical\" href=\"https:\/\/sandzakpress.net\/arhiva\/oprostite-nam-maleni-spisak-102-ubijene-djece-prijedora\/\" \/>\n<meta property=\"og:locale\" content=\"bs_BA\" \/>\n<meta property=\"og:type\" content=\"article\" \/>\n<meta property=\"og:title\" content=\"Oprostite nam, maleni: Spisak 102 ubijene djece Prijedora\" \/>\n<meta property=\"og:description\" content=\"U organizaciji Inicijative \u201eJer me se ti\u010de\u201c danas \u0107e u Prijedoru biti uprili\u010dena protestna \u0161etnja. Okupljanje je predvi\u0111eno u 13 sati na po\u010detku \u0161eta\u010dke zone, a u 13:30 okupljeni \u0107e pro\u0161etati glavnom \u0161eta\u010dkom ulicom u Prijedoru do nekada\u0161nje robne ku\u0107e \u201ePatrija\u201c, ispred koje \u0107e biti odr\u017eana komemoracija. Inicijativa \u201eJer me se ti\u010de\u201c pozvala je sve [&hellip;]\" \/>\n<meta property=\"og:url\" content=\"https:\/\/sandzakpress.net\/arhiva\/oprostite-nam-maleni-spisak-102-ubijene-djece-prijedora\/\" \/>\n<meta property=\"og:site_name\" content=\"Sand\u017eak PRESS\" \/>\n<meta property=\"article:published_time\" content=\"2019-05-31T08:39:34+00:00\" \/>\n<meta property=\"og:image\" content=\"https:\/\/sandzakpress.net\/arhiva\/wp-content\/uploads\/2019\/05\/873x400-44.jpg\" \/>\n\t<meta property=\"og:image:width\" content=\"753\" \/>\n\t<meta property=\"og:image:height\" content=\"424\" \/>\n\t<meta property=\"og:image:type\" content=\"image\/jpeg\" \/>\n<meta name=\"author\" content=\"bosniak\" \/>\n<meta name=\"twitter:card\" content=\"summary_large_image\" \/>\n<meta name=\"twitter:label1\" content=\"Written by\" \/>\n\t<meta name=\"twitter:data1\" content=\"bosniak\" \/>\n\t<meta name=\"twitter:label2\" content=\"Est. reading time\" \/>\n\t<meta name=\"twitter:data2\" content=\"3 minute\" \/>\n<script type=\"application\/ld+json\" class=\"yoast-schema-graph\">{\"@context\":\"https:\/\/schema.org\",\"@graph\":[{\"@type\":\"Article\",\"@id\":\"https:\/\/sandzakpress.net\/arhiva\/oprostite-nam-maleni-spisak-102-ubijene-djece-prijedora\/#article\",\"isPartOf\":{\"@id\":\"https:\/\/sandzakpress.net\/arhiva\/oprostite-nam-maleni-spisak-102-ubijene-djece-prijedora\/\"},\"author\":{\"name\":\"bosniak\",\"@id\":\"https:\/\/sandzakpress.net\/arhiva\/#\/schema\/person\/c8baee722073534b583ea7bdb2e36c02\"},\"headline\":\"Oprostite nam, maleni: Spisak 102 ubijene djece Prijedora\",\"datePublished\":\"2019-05-31T08:39:34+00:00\",\"mainEntityOfPage\":{\"@id\":\"https:\/\/sandzakpress.net\/arhiva\/oprostite-nam-maleni-spisak-102-ubijene-djece-prijedora\/\"},\"wordCount\":654,\"commentCount\":0,\"publisher\":{\"@id\":\"https:\/\/sandzakpress.net\/arhiva\/#\/schema\/person\/6e72b67d6e51910a1117b3b483ba20bd\"},\"image\":{\"@id\":\"https:\/\/sandzakpress.net\/arhiva\/oprostite-nam-maleni-spisak-102-ubijene-djece-prijedora\/#primaryimage\"},\"thumbnailUrl\":\"https:\/\/sandzakpress.net\/arhiva\/wp-content\/uploads\/2019\/05\/873x400-44.jpg\",\"keywords\":[\"Bosna i Hercegovina\"],\"articleSection\":[\"Bosna PRESS\"],\"inLanguage\":\"bs-BA\",\"potentialAction\":[{\"@type\":\"CommentAction\",\"name\":\"Comment\",\"target\":[\"https:\/\/sandzakpress.net\/arhiva\/oprostite-nam-maleni-spisak-102-ubijene-djece-prijedora\/#respond\"]}]},{\"@type\":\"WebPage\",\"@id\":\"https:\/\/sandzakpress.net\/arhiva\/oprostite-nam-maleni-spisak-102-ubijene-djece-prijedora\/\",\"url\":\"https:\/\/sandzakpress.net\/arhiva\/oprostite-nam-maleni-spisak-102-ubijene-djece-prijedora\/\",\"name\":\"Oprostite nam, maleni: Spisak 102 ubijene djece Prijedora\",\"isPartOf\":{\"@id\":\"https:\/\/sandzakpress.net\/arhiva\/#website\"},\"primaryImageOfPage\":{\"@id\":\"https:\/\/sandzakpress.net\/arhiva\/oprostite-nam-maleni-spisak-102-ubijene-djece-prijedora\/#primaryimage\"},\"image\":{\"@id\":\"https:\/\/sandzakpress.net\/arhiva\/oprostite-nam-maleni-spisak-102-ubijene-djece-prijedora\/#primaryimage\"},\"thumbnailUrl\":\"https:\/\/sandzakpress.net\/arhiva\/wp-content\/uploads\/2019\/05\/873x400-44.jpg\",\"datePublished\":\"2019-05-31T08:39:34+00:00\",\"breadcrumb\":{\"@id\":\"https:\/\/sandzakpress.net\/arhiva\/oprostite-nam-maleni-spisak-102-ubijene-djece-prijedora\/#breadcrumb\"},\"inLanguage\":\"bs-BA\",\"potentialAction\":[{\"@type\":\"ReadAction\",\"target\":[\"https:\/\/sandzakpress.net\/arhiva\/oprostite-nam-maleni-spisak-102-ubijene-djece-prijedora\/\"]}]},{\"@type\":\"ImageObject\",\"inLanguage\":\"bs-BA\",\"@id\":\"https:\/\/sandzakpress.net\/arhiva\/oprostite-nam-maleni-spisak-102-ubijene-djece-prijedora\/#primaryimage\",\"url\":\"https:\/\/sandzakpress.net\/arhiva\/wp-content\/uploads\/2019\/05\/873x400-44.jpg\",\"contentUrl\":\"https:\/\/sandzakpress.net\/arhiva\/wp-content\/uploads\/2019\/05\/873x400-44.jpg\",\"width\":753,\"height\":424},{\"@type\":\"BreadcrumbList\",\"@id\":\"https:\/\/sandzakpress.net\/arhiva\/oprostite-nam-maleni-spisak-102-ubijene-djece-prijedora\/#breadcrumb\",\"itemListElement\":[{\"@type\":\"ListItem\",\"position\":1,\"name\":\"Home\",\"item\":\"https:\/\/sandzakpress.net\/arhiva\/\"},{\"@type\":\"ListItem\",\"position\":2,\"name\":\"Oprostite nam, maleni: Spisak 102 ubijene djece Prijedora\"}]},{\"@type\":\"WebSite\",\"@id\":\"https:\/\/sandzakpress.net\/arhiva\/#website\",\"url\":\"https:\/\/sandzakpress.net\/arhiva\/\",\"name\":\"Sand\u017eak PRESS\",\"description\":\"Prve elektronske novine u Sand\u017eaku\",\"publisher\":{\"@id\":\"https:\/\/sandzakpress.net\/arhiva\/#\/schema\/person\/6e72b67d6e51910a1117b3b483ba20bd\"},\"potentialAction\":[{\"@type\":\"SearchAction\",\"target\":{\"@type\":\"EntryPoint\",\"urlTemplate\":\"https:\/\/sandzakpress.net\/arhiva\/?s={search_term_string}\"},\"query-input\":{\"@type\":\"PropertyValueSpecification\",\"valueRequired\":true,\"valueName\":\"search_term_string\"}}],\"inLanguage\":\"bs-BA\"},{\"@type\":[\"Person\",\"Organization\"],\"@id\":\"https:\/\/sandzakpress.net\/arhiva\/#\/schema\/person\/6e72b67d6e51910a1117b3b483ba20bd\",\"name\":\"Kul\",\"image\":{\"@type\":\"ImageObject\",\"inLanguage\":\"bs-BA\",\"@id\":\"https:\/\/sandzakpress.net\/arhiva\/#\/schema\/person\/image\/\",\"url\":\"https:\/\/secure.gravatar.com\/avatar\/42263f39aa27ac04c43cab85c280eb2e?s=96&d=mm&r=pg\",\"contentUrl\":\"https:\/\/secure.gravatar.com\/avatar\/42263f39aa27ac04c43cab85c280eb2e?s=96&d=mm&r=pg\",\"caption\":\"Kul\"},\"logo\":{\"@id\":\"https:\/\/sandzakpress.net\/arhiva\/#\/schema\/person\/image\/\"}},{\"@type\":\"Person\",\"@id\":\"https:\/\/sandzakpress.net\/arhiva\/#\/schema\/person\/c8baee722073534b583ea7bdb2e36c02\",\"name\":\"bosniak\",\"image\":{\"@type\":\"ImageObject\",\"inLanguage\":\"bs-BA\",\"@id\":\"https:\/\/sandzakpress.net\/arhiva\/#\/schema\/person\/image\/\",\"url\":\"https:\/\/secure.gravatar.com\/avatar\/a04fd330bfe3a36a72a0ad4a6d89fca7?s=96&d=mm&r=pg\",\"contentUrl\":\"https:\/\/secure.gravatar.com\/avatar\/a04fd330bfe3a36a72a0ad4a6d89fca7?s=96&d=mm&r=pg\",\"caption\":\"bosniak\"},\"url\":\"https:\/\/sandzakpress.net\/arhiva\/author\/bosniak\/\"}]}<\/script>\n<!-- \/ Yoast SEO Premium plugin. -->","yoast_head_json":{"title":"Oprostite nam, maleni: Spisak 102 ubijene djece Prijedora","robots":{"index":"index","follow":"follow","max-snippet":"max-snippet:-1","max-image-preview":"max-image-preview:large","max-video-preview":"max-video-preview:-1"},"canonical":"https:\/\/sandzakpress.net\/arhiva\/oprostite-nam-maleni-spisak-102-ubijene-djece-prijedora\/","og_locale":"bs_BA","og_type":"article","og_title":"Oprostite nam, maleni: Spisak 102 ubijene djece Prijedora","og_description":"U organizaciji Inicijative \u201eJer me se ti\u010de\u201c danas \u0107e u Prijedoru biti uprili\u010dena protestna \u0161etnja. Okupljanje je predvi\u0111eno u 13 sati na po\u010detku \u0161eta\u010dke zone, a u 13:30 okupljeni \u0107e pro\u0161etati glavnom \u0161eta\u010dkom ulicom u Prijedoru do nekada\u0161nje robne ku\u0107e \u201ePatrija\u201c, ispred koje \u0107e biti odr\u017eana komemoracija. Inicijativa \u201eJer me se ti\u010de\u201c pozvala je sve [&hellip;]","og_url":"https:\/\/sandzakpress.net\/arhiva\/oprostite-nam-maleni-spisak-102-ubijene-djece-prijedora\/","og_site_name":"Sand\u017eak PRESS","article_published_time":"2019-05-31T08:39:34+00:00","og_image":[{"width":753,"height":424,"url":"https:\/\/sandzakpress.net\/arhiva\/wp-content\/uploads\/2019\/05\/873x400-44.jpg","type":"image\/jpeg"}],"author":"bosniak","twitter_card":"summary_large_image","twitter_misc":{"Written by":"bosniak","Est. reading time":"3 minute"},"schema":{"@context":"https:\/\/schema.org","@graph":[{"@type":"Article","@id":"https:\/\/sandzakpress.net\/arhiva\/oprostite-nam-maleni-spisak-102-ubijene-djece-prijedora\/#article","isPartOf":{"@id":"https:\/\/sandzakpress.net\/arhiva\/oprostite-nam-maleni-spisak-102-ubijene-djece-prijedora\/"},"author":{"name":"bosniak","@id":"https:\/\/sandzakpress.net\/arhiva\/#\/schema\/person\/c8baee722073534b583ea7bdb2e36c02"},"headline":"Oprostite nam, maleni: Spisak 102 ubijene djece Prijedora","datePublished":"2019-05-31T08:39:34+00:00","mainEntityOfPage":{"@id":"https:\/\/sandzakpress.net\/arhiva\/oprostite-nam-maleni-spisak-102-ubijene-djece-prijedora\/"},"wordCount":654,"commentCount":0,"publisher":{"@id":"https:\/\/sandzakpress.net\/arhiva\/#\/schema\/person\/6e72b67d6e51910a1117b3b483ba20bd"},"image":{"@id":"https:\/\/sandzakpress.net\/arhiva\/oprostite-nam-maleni-spisak-102-ubijene-djece-prijedora\/#primaryimage"},"thumbnailUrl":"https:\/\/sandzakpress.net\/arhiva\/wp-content\/uploads\/2019\/05\/873x400-44.jpg","keywords":["Bosna i Hercegovina"],"articleSection":["Bosna PRESS"],"inLanguage":"bs-BA","potentialAction":[{"@type":"CommentAction","name":"Comment","target":["https:\/\/sandzakpress.net\/arhiva\/oprostite-nam-maleni-spisak-102-ubijene-djece-prijedora\/#respond"]}]},{"@type":"WebPage","@id":"https:\/\/sandzakpress.net\/arhiva\/oprostite-nam-maleni-spisak-102-ubijene-djece-prijedora\/","url":"https:\/\/sandzakpress.net\/arhiva\/oprostite-nam-maleni-spisak-102-ubijene-djece-prijedora\/","name":"Oprostite nam, maleni: Spisak 102 ubijene djece Prijedora","isPartOf":{"@id":"https:\/\/sandzakpress.net\/arhiva\/#website"},"primaryImageOfPage":{"@id":"https:\/\/sandzakpress.net\/arhiva\/oprostite-nam-maleni-spisak-102-ubijene-djece-prijedora\/#primaryimage"},"image":{"@id":"https:\/\/sandzakpress.net\/arhiva\/oprostite-nam-maleni-spisak-102-ubijene-djece-prijedora\/#primaryimage"},"thumbnailUrl":"https:\/\/sandzakpress.net\/arhiva\/wp-content\/uploads\/2019\/05\/873x400-44.jpg","datePublished":"2019-05-31T08:39:34+00:00","breadcrumb":{"@id":"https:\/\/sandzakpress.net\/arhiva\/oprostite-nam-maleni-spisak-102-ubijene-djece-prijedora\/#breadcrumb"},"inLanguage":"bs-BA","potentialAction":[{"@type":"ReadAction","target":["https:\/\/sandzakpress.net\/arhiva\/oprostite-nam-maleni-spisak-102-ubijene-djece-prijedora\/"]}]},{"@type":"ImageObject","inLanguage":"bs-BA","@id":"https:\/\/sandzakpress.net\/arhiva\/oprostite-nam-maleni-spisak-102-ubijene-djece-prijedora\/#primaryimage","url":"https:\/\/sandzakpress.net\/arhiva\/wp-content\/uploads\/2019\/05\/873x400-44.jpg","contentUrl":"https:\/\/sandzakpress.net\/arhiva\/wp-content\/uploads\/2019\/05\/873x400-44.jpg","width":753,"height":424},{"@type":"BreadcrumbList","@id":"https:\/\/sandzakpress.net\/arhiva\/oprostite-nam-maleni-spisak-102-ubijene-djece-prijedora\/#breadcrumb","itemListElement":[{"@type":"ListItem","position":1,"name":"Home","item":"https:\/\/sandzakpress.net\/arhiva\/"},{"@type":"ListItem","position":2,"name":"Oprostite nam, maleni: Spisak 102 ubijene djece Prijedora"}]},{"@type":"WebSite","@id":"https:\/\/sandzakpress.net\/arhiva\/#website","url":"https:\/\/sandzakpress.net\/arhiva\/","name":"Sand\u017eak PRESS","description":"Prve elektronske novine u Sand\u017eaku","publisher":{"@id":"https:\/\/sandzakpress.net\/arhiva\/#\/schema\/person\/6e72b67d6e51910a1117b3b483ba20bd"},"potentialAction":[{"@type":"SearchAction","target":{"@type":"EntryPoint","urlTemplate":"https:\/\/sandzakpress.net\/arhiva\/?s={search_term_string}"},"query-input":{"@type":"PropertyValueSpecification","valueRequired":true,"valueName":"search_term_string"}}],"inLanguage":"bs-BA"},{"@type":["Person","Organization"],"@id":"https:\/\/sandzakpress.net\/arhiva\/#\/schema\/person\/6e72b67d6e51910a1117b3b483ba20bd","name":"Kul","image":{"@type":"ImageObject","inLanguage":"bs-BA","@id":"https:\/\/sandzakpress.net\/arhiva\/#\/schema\/person\/image\/","url":"https:\/\/secure.gravatar.com\/avatar\/42263f39aa27ac04c43cab85c280eb2e?s=96&d=mm&r=pg","contentUrl":"https:\/\/secure.gravatar.com\/avatar\/42263f39aa27ac04c43cab85c280eb2e?s=96&d=mm&r=pg","caption":"Kul"},"logo":{"@id":"https:\/\/sandzakpress.net\/arhiva\/#\/schema\/person\/image\/"}},{"@type":"Person","@id":"https:\/\/sandzakpress.net\/arhiva\/#\/schema\/person\/c8baee722073534b583ea7bdb2e36c02","name":"bosniak","image":{"@type":"ImageObject","inLanguage":"bs-BA","@id":"https:\/\/sandzakpress.net\/arhiva\/#\/schema\/person\/image\/","url":"https:\/\/secure.gravatar.com\/avatar\/a04fd330bfe3a36a72a0ad4a6d89fca7?s=96&d=mm&r=pg","contentUrl":"https:\/\/secure.gravatar.com\/avatar\/a04fd330bfe3a36a72a0ad4a6d89fca7?s=96&d=mm&r=pg","caption":"bosniak"},"url":"https:\/\/sandzakpress.net\/arhiva\/author\/bosniak\/"}]}},"_links":{"self":[{"href":"https:\/\/sandzakpress.net\/arhiva\/wp-json\/wp\/v2\/posts\/224196"}],"collection":[{"href":"https:\/\/sandzakpress.net\/arhiva\/wp-json\/wp\/v2\/posts"}],"about":[{"href":"https:\/\/sandzakpress.net\/arhiva\/wp-json\/wp\/v2\/types\/post"}],"author":[{"embeddable":true,"href":"https:\/\/sandzakpress.net\/arhiva\/wp-json\/wp\/v2\/users\/83"}],"replies":[{"embeddable":true,"href":"https:\/\/sandzakpress.net\/arhiva\/wp-json\/wp\/v2\/comments?post=224196"}],"version-history":[{"count":0,"href":"https:\/\/sandzakpress.net\/arhiva\/wp-json\/wp\/v2\/posts\/224196\/revisions"}],"wp:featuredmedia":[{"embeddable":true,"href":"https:\/\/sandzakpress.net\/arhiva\/wp-json\/wp\/v2\/media\/224197"}],"wp:attachment":[{"href":"https:\/\/sandzakpress.net\/arhiva\/wp-json\/wp\/v2\/media?parent=224196"}],"wp:term":[{"taxonomy":"category","embeddable":true,"href":"https:\/\/sandzakpress.net\/arhiva\/wp-json\/wp\/v2\/categories?post=224196"},{"taxonomy":"post_tag","embeddable":true,"href":"https:\/\/sandzakpress.net\/arhiva\/wp-json\/wp\/v2\/tags?post=224196"}],"curies":[{"name":"wp","href":"https:\/\/api.w.org\/{rel}","templated":true}]}}