{"id":224190,"date":"2019-05-31T00:49:54","date_gmt":"2019-05-30T22:49:54","guid":{"rendered":"https:\/\/sandzakpress.net\/arhiva\/?p=224190"},"modified":"2019-05-31T00:49:54","modified_gmt":"2019-05-30T22:49:54","slug":"akademik-zukorlic-uprilicio-iftar-u-klubu-narodnih-poslanika-na-dedinju","status":"publish","type":"post","link":"https:\/\/sandzakpress.net\/arhiva\/akademik-zukorlic-uprilicio-iftar-u-klubu-narodnih-poslanika-na-dedinju\/","title":{"rendered":"Akademik Zukorli\u0107 uprili\u010dio iftar u Klubu narodnih poslanika na Dedinju"},"content":{"rendered":"<p><img decoding=\"async\" src=\"https:\/\/sanapress.info\/wp-content\/uploads\/2019\/05\/fb_img_15592531862486918345582721361371-1.jpg\" \/><\/p>\n<p><strong>U Klubu narodnih poslanika u Beogradu, 30.05.2019. godine, uprili\u010den je tradicionalni iftar koji ve\u0107 tre\u0107u godinu zaredom organizira narodni poslanik i predsjednik Odbora za obrazovanje, nauku, tehnolo\u0161ki razvoj i informati\u010dko dru\u0161tvo akademik Muamer Zukorli\u0107.\u00a0<br \/><\/strong><br \/><strong>Predstavnici dr\u017eavne, politi\u010dke, vjerske i kulturne elite, ali i diplomatskog kora i ove godine odazvali su se pozivu akademika Zukorli\u0107a.<\/strong><\/p>\n<p>Me\u0111u pristunima i izaslanik predsjednika dr\u017eave Vu\u010di\u0107a ministar Neboj\u0161a Stefanovi\u0107.<\/p>\n<p>\u201cOno \u0161to je meni uvijek va\u017eno jeste da u Srbiji nalazimo na\u010dine da zajedno slavimo na\u0161e razli\u010ditosti i da poka\u017eemo veliko po\u0161tovanje prema svim ljudima koji iskreno sprovode svoju vjeru. O\u010dekujem da i ve\u010deras \u010dujem rije\u010di koje \u0107e biti rije\u010di jedne ljubavi, sloge, jednog bratskog odnosa i \u017eivota jedne zemlje koja treba da ide naprijed. Na\u0161a zemlja treba da ide naprijed, da svi zajedno radimo na tome da svaki dan bude dan u kojem smo ne\u0161to dobro uradili, a evo po tradiciji i vjerovanju, ba\u0161 na ovakav na\u010din i da se okupe ljudi i da budem dio ovog tima ljudi koji sjedi ve\u010deras ovdje\u201d, istakao je ministar Neboj\u0161a Stefanovi\u0107.<\/p>\n<p>Iftaru prisustvovali i \u010delnici Me\u0161ihata IZ-e u Srbiji predvo\u0111eni predsjednikom muftijom dr. Mevludom ef. Dudi\u0107em.<\/p>\n<p>\u201cOsje\u0107am se ponosnim i sretnim na tome \u0161to narodni poslanik akademik Muamer Zukorli\u0107 ustrajava i koji je i ove godine priredio iftar u ovom predivnom ambijentu za sve svoje prijatelje, saradnike, po\u0161tovaoce vjere, po\u0161tovaoce Islamske zajednice, po\u0161tovaoce istine, pravde i pomirenja. Kada svaki dan mo\u017eemo biti u danu i\u0161\u010dekivanju odabrane no\u0107i Kadr, mi smo ve\u010deras ovdje okupili da uo\u010di petka budemo na jednom lijepom iftaru\u201d, kazao je muftija dr. Mevlud ef. Dudi\u0107.<\/p>\n<p>\u201cOvo je zaista veliki iskorak za cijelu na\u0161u zajednicu u Sand\u017eaku i naravno za sve muslimane u cijeloj Republici Srbiji, gdje mi na civiliziran i jedan visok na\u010din predstavljamo ono \u0161to mi jesmo, predstavljamo na\u0161u istinu, kulturu, tradiciju i sve ono \u0161to mi imamo da ponudimo, a to je zaista mnogo\u201d, poru\u010dio je muftija sand\u017ea\u010dki hfz. Abdurahman ef. Kujevi\u0107.<\/p>\n<p>Predstavnici diplomatskog kora uveli\u010dali iftarsko dru\u017eenje. Pored brojnih ambasadora muslimanskih zemalja, me\u017eu prisutnima i \u0161ef Misije OEBS-a u Srbiji Andrea Oricio.<\/p>\n<p>\u201cOvo je zaista jedna divna sve\u010danost, va\u017ena za muslimane, ali i glavni grad dr\u017eave i sve pripadnike muslimanske vjeroispovjesti u njemu. Ovo je divna prigoda i jako mi je drago da vidim da su ljudi ujedinjeni i svi se zajedno trude na putu dobra\u201d, istakao je Oricio.<\/p>\n<p><iframe loading=\"lazy\" style=\"border: none; overflow: hidden;\" src=\"https:\/\/www.facebook.com\/plugins\/post.php?href=https%3A%2F%2Fwww.facebook.com%2Fmedia%2Fset%2F%3Fset%3Da.10156101772056697%26type%3D3&amp;width=500\" width=\"500\" height=\"670\" frameborder=\"0\" scrolling=\"no\"><\/iframe><\/p>\n<p>Nakon zajedni\u010dkog namaza uprili\u010deno iftarsko dru\u017eenje. Prisutnima se zahvalio doma\u0107in akademik Muamer Zukorli\u0107, jer su svoje dragocjeno vrijeme izdvojili kako bi prisustvovali ovom doga\u0111aju.<\/p>\n<p>\u201cBili ste u prilici da pratite da su organizovani iftari \u0161irom svijeta, negdje i u hiljada u\u010desnika, ali vjerujte iftar ovdje u Beogradu, ovdje na Dedinju, ovdje u Klubu narodnih poslanika, u ovom sastavu ima posebnu te\u017einu i predstavlja izuzetnu kulturno-civilizacijsku poruku. U svim kultrama obrok se dijeli sa onim koga osje\u0107ate bliskim prijateljem. Pored te dimenzije iftar ima ovu duhovnu, odnosno vjersku relaciju. Istina, navikli smo kada se ka\u017ee vjera da se ponajprije misli na religiju ili religije. Me\u0111utim, vjera je mnogo vi\u0161e od toga. Mo\u017eda ba\u0161 zato \u0161to pod vjerom uvijek podrazumijevamo religiju imamo jedan veliki jaz, izme\u0111u onih pravih plodova koje prije svega nebeske religije nude i obi\u010dnoga svijeta koji bi trebao da te plodove ku\u0161a. Zato svi mi koji tvrdimo da u svom srcu ba\u0161tinimo vjeru potrebno je da napravimo jo\u0161 jedan korak i da tu na\u0161u vjeru potvrdimo povjerenjem. Tamo gdje nema povjerenja, vjerujte nema vjere. Vjera je u vertikali relacija izmedju \u010dovjeka i Boga, ali njeni plodovi i njena svjetlost mora da se potvrdi na relaciji sa ljudima. Na\u0161a vjera je vrijedna onoliko koliko uspjemo da izgradimo odnose sa ljudima oko nas i to ba\u0161 sa onima koji su razli\u010diti, jer sa onima koji su isti odnosi su ve\u0107 izgra\u0111eni. Zato sam ja kao narodni poslanik od prije tri godine u Narodnoj skup\u0161tini Republike Srbije i kao \u0161to znate nakon \u0161to sam bio muftija i \u010delnik Islamske zajednice pune 23 godine osjetio obavezu ali isto tako i \u010dast da jednim ovakvim susretom i izvan Narodne skup\u0161tine ponudim sopstvena uvjerenja, a iftar u Beogradu u ovom sastavu je zapravo najbolji pokazatelj koliko je to mogu\u0107e, potrebno i dobro. Nije mi cilj da nabrajam strukturu ovog skupa, ve\u0107 zapravo da ilustrujem kvalitet skupa, jer izuzetnost je u susretu razli\u010ditosti i razvojna dinamika u svakom pogledu, u duhovnom, kulturnom, op\u0107ecivilizacijskom je zapravo u toj \u0161ifri susreta razli\u010distosti i uspjeha da od svih razli\u010ditosti napravimo jedan sklad koji \u0107e ba\u0161tiniti svoju razli\u010ditost, bilo individualnu ili kolektivnu, ali se kretati ka velikim ciljevima zajedno, a ti veliki ciljevi su op\u0107e, univerzalne ljudske vrijednosti. Ovaj iftar sa sve ovim ambijentom te\u017ei upravo toj poruci, obzirom da iftar simbolizira kraj islamskog posta tog dana, odnosno kraj tog dana u kojem smo se sustezali od jela i pi\u0107a. To je ustvari zna\u010dilo poruku da je najve\u0107i uspjeh biti ja\u010di od sebe, biti ja\u010di od svojih slabosti, potreba, poriva, biti ja\u010di od svoje sebi\u010dnosti. U duhu tih poruka jo\u0161 jednom vam se zahvaljujem\u201d, poru\u010dio je akademik Zukorli\u0107.<\/p>\n<p>U nastavku prisutni su imali prilike u\u017eivati u zvucima tradicionalne muzike.<\/p>\n<p>SANA \u2013 Hamza \u0160krijelj<br \/>FOTO: SANA<\/p>\n<p><img decoding=\"async\" src=\"https:\/\/sanapress.info\/wp-content\/uploads\/2019\/05\/fb_img_15592527070052064527163173408285-1.jpg\" \/><\/p>\n<p><img decoding=\"async\" src=\"https:\/\/sanapress.info\/wp-content\/uploads\/2019\/05\/fb_img_15592527193351365718992756314313.jpg\" \/><\/p>\n<p><img decoding=\"async\" src=\"https:\/\/sanapress.info\/wp-content\/uploads\/2019\/05\/fb_img_15592527296347437397901116234920.jpg\" \/><\/p>\n<p><img decoding=\"async\" src=\"https:\/\/sanapress.info\/wp-content\/uploads\/2019\/05\/fb_img_15592527413607323782108118932127.jpg\" \/><\/p>\n<p><img decoding=\"async\" src=\"https:\/\/sanapress.info\/wp-content\/uploads\/2019\/05\/fb_img_15592527460461616993473580159932.jpg\" \/><\/p>\n<p><img decoding=\"async\" src=\"https:\/\/sanapress.info\/wp-content\/uploads\/2019\/05\/fb_img_15592527553825356491685510572705.jpg\" \/><\/p>\n<p><img decoding=\"async\" src=\"https:\/\/sanapress.info\/wp-content\/uploads\/2019\/05\/fb_img_15592527740019008021461848974326-1.jpg\" \/><\/p>\n<p><img decoding=\"async\" src=\"https:\/\/sanapress.info\/wp-content\/uploads\/2019\/05\/fb_img_15592527947894898332042453061483-1.jpg\" \/><\/p>\n<p><img decoding=\"async\" src=\"https:\/\/sanapress.info\/wp-content\/uploads\/2019\/05\/fb_img_15592528086618859055804700073534-1.jpg\" \/><\/p>\n<p>&nbsp;<\/p>\n","protected":false},"excerpt":{"rendered":"<p>U Klubu narodnih poslanika u Beogradu, 30.05.2019. godine, uprili\u010den je tradicionalni iftar koji ve\u0107 tre\u0107u godinu zaredom organizira narodni poslanik i predsjednik Odbora za obrazovanje, nauku, tehnolo\u0161ki razvoj i informati\u010dko dru\u0161tvo akademik Muamer Zukorli\u0107.\u00a0Predstavnici dr\u017eavne, politi\u010dke, vjerske i kulturne elite, ali i diplomatskog kora i ove godine odazvali su se pozivu akademika Zukorli\u0107a. Me\u0111u pristunima [&hellip;]<\/p>\n","protected":false},"author":509,"featured_media":224191,"comment_status":"open","ping_status":"open","sticky":false,"template":"","format":"standard","meta":{"footnotes":""},"categories":[72,1,8957,798],"tags":[10204],"class_list":{"0":"post-224190","1":"post","2":"type-post","3":"status-publish","4":"format-standard","5":"has-post-thumbnail","7":"category-novi-pazar","8":"category-politika","9":"category-vijesti-dana","10":"category-teme","11":"tag-muftija-muamer-zukorlic"},"yoast_head":"<!-- This site is optimized with the Yoast SEO Premium plugin v23.1 (Yoast SEO v24.9) - https:\/\/yoast.com\/wordpress\/plugins\/seo\/ -->\n<title>Akademik Zukorli\u0107 uprili\u010dio iftar u Klubu narodnih poslanika na Dedinju<\/title>\n<meta name=\"robots\" content=\"index, follow, max-snippet:-1, max-image-preview:large, max-video-preview:-1\" \/>\n<link rel=\"canonical\" href=\"https:\/\/sandzakpress.net\/arhiva\/akademik-zukorlic-uprilicio-iftar-u-klubu-narodnih-poslanika-na-dedinju\/\" \/>\n<meta property=\"og:locale\" content=\"bs_BA\" \/>\n<meta property=\"og:type\" content=\"article\" \/>\n<meta property=\"og:title\" content=\"Akademik Zukorli\u0107 uprili\u010dio iftar u Klubu narodnih poslanika na Dedinju\" \/>\n<meta property=\"og:description\" content=\"U Klubu narodnih poslanika u Beogradu, 30.05.2019. godine, uprili\u010den je tradicionalni iftar koji ve\u0107 tre\u0107u godinu zaredom organizira narodni poslanik i predsjednik Odbora za obrazovanje, nauku, tehnolo\u0161ki razvoj i informati\u010dko dru\u0161tvo akademik Muamer Zukorli\u0107.\u00a0Predstavnici dr\u017eavne, politi\u010dke, vjerske i kulturne elite, ali i diplomatskog kora i ove godine odazvali su se pozivu akademika Zukorli\u0107a. Me\u0111u pristunima [&hellip;]\" \/>\n<meta property=\"og:url\" content=\"https:\/\/sandzakpress.net\/arhiva\/akademik-zukorlic-uprilicio-iftar-u-klubu-narodnih-poslanika-na-dedinju\/\" \/>\n<meta property=\"og:site_name\" content=\"Sand\u017eak PRESS\" \/>\n<meta property=\"article:published_time\" content=\"2019-05-30T22:49:54+00:00\" \/>\n<meta property=\"og:image\" content=\"https:\/\/sandzakpress.net\/arhiva\/wp-content\/uploads\/2019\/05\/fb_img_15592531862486918345582721361371-1.jpg\" \/>\n\t<meta property=\"og:image:width\" content=\"1082\" \/>\n\t<meta property=\"og:image:height\" content=\"720\" \/>\n\t<meta property=\"og:image:type\" content=\"image\/jpeg\" \/>\n<meta name=\"author\" content=\"Agencija\" \/>\n<meta name=\"twitter:card\" content=\"summary_large_image\" \/>\n<meta name=\"twitter:label1\" content=\"Written by\" \/>\n\t<meta name=\"twitter:data1\" content=\"Agencija\" \/>\n\t<meta name=\"twitter:label2\" content=\"Est. reading time\" \/>\n\t<meta name=\"twitter:data2\" content=\"5 minuta\" \/>\n<script type=\"application\/ld+json\" class=\"yoast-schema-graph\">{\"@context\":\"https:\/\/schema.org\",\"@graph\":[{\"@type\":\"Article\",\"@id\":\"https:\/\/sandzakpress.net\/arhiva\/akademik-zukorlic-uprilicio-iftar-u-klubu-narodnih-poslanika-na-dedinju\/#article\",\"isPartOf\":{\"@id\":\"https:\/\/sandzakpress.net\/arhiva\/akademik-zukorlic-uprilicio-iftar-u-klubu-narodnih-poslanika-na-dedinju\/\"},\"author\":{\"name\":\"Agencija\",\"@id\":\"https:\/\/sandzakpress.net\/arhiva\/#\/schema\/person\/cb59d7e3ab91ab90dd680ad0305a6185\"},\"headline\":\"Akademik Zukorli\u0107 uprili\u010dio iftar u Klubu narodnih poslanika na Dedinju\",\"datePublished\":\"2019-05-30T22:49:54+00:00\",\"mainEntityOfPage\":{\"@id\":\"https:\/\/sandzakpress.net\/arhiva\/akademik-zukorlic-uprilicio-iftar-u-klubu-narodnih-poslanika-na-dedinju\/\"},\"wordCount\":943,\"commentCount\":2,\"publisher\":{\"@id\":\"https:\/\/sandzakpress.net\/arhiva\/#\/schema\/person\/6e72b67d6e51910a1117b3b483ba20bd\"},\"image\":{\"@id\":\"https:\/\/sandzakpress.net\/arhiva\/akademik-zukorlic-uprilicio-iftar-u-klubu-narodnih-poslanika-na-dedinju\/#primaryimage\"},\"thumbnailUrl\":\"https:\/\/sandzakpress.net\/arhiva\/wp-content\/uploads\/2019\/05\/fb_img_15592531862486918345582721361371-1.jpg\",\"keywords\":[\"muftija Muamer Zukorli\u0107\"],\"articleSection\":[\"Novi Pazar\",\"Politika\",\"VIJESTI DANA\",\"NAJNOVIJE\"],\"inLanguage\":\"bs-BA\",\"potentialAction\":[{\"@type\":\"CommentAction\",\"name\":\"Comment\",\"target\":[\"https:\/\/sandzakpress.net\/arhiva\/akademik-zukorlic-uprilicio-iftar-u-klubu-narodnih-poslanika-na-dedinju\/#respond\"]}]},{\"@type\":\"WebPage\",\"@id\":\"https:\/\/sandzakpress.net\/arhiva\/akademik-zukorlic-uprilicio-iftar-u-klubu-narodnih-poslanika-na-dedinju\/\",\"url\":\"https:\/\/sandzakpress.net\/arhiva\/akademik-zukorlic-uprilicio-iftar-u-klubu-narodnih-poslanika-na-dedinju\/\",\"name\":\"Akademik Zukorli\u0107 uprili\u010dio iftar u Klubu narodnih poslanika na Dedinju\",\"isPartOf\":{\"@id\":\"https:\/\/sandzakpress.net\/arhiva\/#website\"},\"primaryImageOfPage\":{\"@id\":\"https:\/\/sandzakpress.net\/arhiva\/akademik-zukorlic-uprilicio-iftar-u-klubu-narodnih-poslanika-na-dedinju\/#primaryimage\"},\"image\":{\"@id\":\"https:\/\/sandzakpress.net\/arhiva\/akademik-zukorlic-uprilicio-iftar-u-klubu-narodnih-poslanika-na-dedinju\/#primaryimage\"},\"thumbnailUrl\":\"https:\/\/sandzakpress.net\/arhiva\/wp-content\/uploads\/2019\/05\/fb_img_15592531862486918345582721361371-1.jpg\",\"datePublished\":\"2019-05-30T22:49:54+00:00\",\"breadcrumb\":{\"@id\":\"https:\/\/sandzakpress.net\/arhiva\/akademik-zukorlic-uprilicio-iftar-u-klubu-narodnih-poslanika-na-dedinju\/#breadcrumb\"},\"inLanguage\":\"bs-BA\",\"potentialAction\":[{\"@type\":\"ReadAction\",\"target\":[\"https:\/\/sandzakpress.net\/arhiva\/akademik-zukorlic-uprilicio-iftar-u-klubu-narodnih-poslanika-na-dedinju\/\"]}]},{\"@type\":\"ImageObject\",\"inLanguage\":\"bs-BA\",\"@id\":\"https:\/\/sandzakpress.net\/arhiva\/akademik-zukorlic-uprilicio-iftar-u-klubu-narodnih-poslanika-na-dedinju\/#primaryimage\",\"url\":\"https:\/\/sandzakpress.net\/arhiva\/wp-content\/uploads\/2019\/05\/fb_img_15592531862486918345582721361371-1.jpg\",\"contentUrl\":\"https:\/\/sandzakpress.net\/arhiva\/wp-content\/uploads\/2019\/05\/fb_img_15592531862486918345582721361371-1.jpg\",\"width\":1082,\"height\":720},{\"@type\":\"BreadcrumbList\",\"@id\":\"https:\/\/sandzakpress.net\/arhiva\/akademik-zukorlic-uprilicio-iftar-u-klubu-narodnih-poslanika-na-dedinju\/#breadcrumb\",\"itemListElement\":[{\"@type\":\"ListItem\",\"position\":1,\"name\":\"Home\",\"item\":\"https:\/\/sandzakpress.net\/arhiva\/\"},{\"@type\":\"ListItem\",\"position\":2,\"name\":\"Akademik Zukorli\u0107 uprili\u010dio iftar u Klubu narodnih poslanika na Dedinju\"}]},{\"@type\":\"WebSite\",\"@id\":\"https:\/\/sandzakpress.net\/arhiva\/#website\",\"url\":\"https:\/\/sandzakpress.net\/arhiva\/\",\"name\":\"Sand\u017eak PRESS\",\"description\":\"Prve elektronske novine u Sand\u017eaku\",\"publisher\":{\"@id\":\"https:\/\/sandzakpress.net\/arhiva\/#\/schema\/person\/6e72b67d6e51910a1117b3b483ba20bd\"},\"potentialAction\":[{\"@type\":\"SearchAction\",\"target\":{\"@type\":\"EntryPoint\",\"urlTemplate\":\"https:\/\/sandzakpress.net\/arhiva\/?s={search_term_string}\"},\"query-input\":{\"@type\":\"PropertyValueSpecification\",\"valueRequired\":true,\"valueName\":\"search_term_string\"}}],\"inLanguage\":\"bs-BA\"},{\"@type\":[\"Person\",\"Organization\"],\"@id\":\"https:\/\/sandzakpress.net\/arhiva\/#\/schema\/person\/6e72b67d6e51910a1117b3b483ba20bd\",\"name\":\"Kul\",\"image\":{\"@type\":\"ImageObject\",\"inLanguage\":\"bs-BA\",\"@id\":\"https:\/\/sandzakpress.net\/arhiva\/#\/schema\/person\/image\/\",\"url\":\"https:\/\/secure.gravatar.com\/avatar\/42263f39aa27ac04c43cab85c280eb2e?s=96&d=mm&r=pg\",\"contentUrl\":\"https:\/\/secure.gravatar.com\/avatar\/42263f39aa27ac04c43cab85c280eb2e?s=96&d=mm&r=pg\",\"caption\":\"Kul\"},\"logo\":{\"@id\":\"https:\/\/sandzakpress.net\/arhiva\/#\/schema\/person\/image\/\"}},{\"@type\":\"Person\",\"@id\":\"https:\/\/sandzakpress.net\/arhiva\/#\/schema\/person\/cb59d7e3ab91ab90dd680ad0305a6185\",\"name\":\"Agencija\",\"image\":{\"@type\":\"ImageObject\",\"inLanguage\":\"bs-BA\",\"@id\":\"https:\/\/sandzakpress.net\/arhiva\/#\/schema\/person\/image\/\",\"url\":\"https:\/\/secure.gravatar.com\/avatar\/4b7fafa80a22f0c2afe23966b3961fe0?s=96&d=mm&r=pg\",\"contentUrl\":\"https:\/\/secure.gravatar.com\/avatar\/4b7fafa80a22f0c2afe23966b3961fe0?s=96&d=mm&r=pg\",\"caption\":\"Agencija\"},\"url\":\"https:\/\/sandzakpress.net\/arhiva\/author\/agencija\/\"}]}<\/script>\n<!-- \/ Yoast SEO Premium plugin. -->","yoast_head_json":{"title":"Akademik Zukorli\u0107 uprili\u010dio iftar u Klubu narodnih poslanika na Dedinju","robots":{"index":"index","follow":"follow","max-snippet":"max-snippet:-1","max-image-preview":"max-image-preview:large","max-video-preview":"max-video-preview:-1"},"canonical":"https:\/\/sandzakpress.net\/arhiva\/akademik-zukorlic-uprilicio-iftar-u-klubu-narodnih-poslanika-na-dedinju\/","og_locale":"bs_BA","og_type":"article","og_title":"Akademik Zukorli\u0107 uprili\u010dio iftar u Klubu narodnih poslanika na Dedinju","og_description":"U Klubu narodnih poslanika u Beogradu, 30.05.2019. godine, uprili\u010den je tradicionalni iftar koji ve\u0107 tre\u0107u godinu zaredom organizira narodni poslanik i predsjednik Odbora za obrazovanje, nauku, tehnolo\u0161ki razvoj i informati\u010dko dru\u0161tvo akademik Muamer Zukorli\u0107.\u00a0Predstavnici dr\u017eavne, politi\u010dke, vjerske i kulturne elite, ali i diplomatskog kora i ove godine odazvali su se pozivu akademika Zukorli\u0107a. Me\u0111u pristunima [&hellip;]","og_url":"https:\/\/sandzakpress.net\/arhiva\/akademik-zukorlic-uprilicio-iftar-u-klubu-narodnih-poslanika-na-dedinju\/","og_site_name":"Sand\u017eak PRESS","article_published_time":"2019-05-30T22:49:54+00:00","og_image":[{"width":1082,"height":720,"url":"https:\/\/sandzakpress.net\/arhiva\/wp-content\/uploads\/2019\/05\/fb_img_15592531862486918345582721361371-1.jpg","type":"image\/jpeg"}],"author":"Agencija","twitter_card":"summary_large_image","twitter_misc":{"Written by":"Agencija","Est. reading time":"5 minuta"},"schema":{"@context":"https:\/\/schema.org","@graph":[{"@type":"Article","@id":"https:\/\/sandzakpress.net\/arhiva\/akademik-zukorlic-uprilicio-iftar-u-klubu-narodnih-poslanika-na-dedinju\/#article","isPartOf":{"@id":"https:\/\/sandzakpress.net\/arhiva\/akademik-zukorlic-uprilicio-iftar-u-klubu-narodnih-poslanika-na-dedinju\/"},"author":{"name":"Agencija","@id":"https:\/\/sandzakpress.net\/arhiva\/#\/schema\/person\/cb59d7e3ab91ab90dd680ad0305a6185"},"headline":"Akademik Zukorli\u0107 uprili\u010dio iftar u Klubu narodnih poslanika na Dedinju","datePublished":"2019-05-30T22:49:54+00:00","mainEntityOfPage":{"@id":"https:\/\/sandzakpress.net\/arhiva\/akademik-zukorlic-uprilicio-iftar-u-klubu-narodnih-poslanika-na-dedinju\/"},"wordCount":943,"commentCount":2,"publisher":{"@id":"https:\/\/sandzakpress.net\/arhiva\/#\/schema\/person\/6e72b67d6e51910a1117b3b483ba20bd"},"image":{"@id":"https:\/\/sandzakpress.net\/arhiva\/akademik-zukorlic-uprilicio-iftar-u-klubu-narodnih-poslanika-na-dedinju\/#primaryimage"},"thumbnailUrl":"https:\/\/sandzakpress.net\/arhiva\/wp-content\/uploads\/2019\/05\/fb_img_15592531862486918345582721361371-1.jpg","keywords":["muftija Muamer Zukorli\u0107"],"articleSection":["Novi Pazar","Politika","VIJESTI DANA","NAJNOVIJE"],"inLanguage":"bs-BA","potentialAction":[{"@type":"CommentAction","name":"Comment","target":["https:\/\/sandzakpress.net\/arhiva\/akademik-zukorlic-uprilicio-iftar-u-klubu-narodnih-poslanika-na-dedinju\/#respond"]}]},{"@type":"WebPage","@id":"https:\/\/sandzakpress.net\/arhiva\/akademik-zukorlic-uprilicio-iftar-u-klubu-narodnih-poslanika-na-dedinju\/","url":"https:\/\/sandzakpress.net\/arhiva\/akademik-zukorlic-uprilicio-iftar-u-klubu-narodnih-poslanika-na-dedinju\/","name":"Akademik Zukorli\u0107 uprili\u010dio iftar u Klubu narodnih poslanika na Dedinju","isPartOf":{"@id":"https:\/\/sandzakpress.net\/arhiva\/#website"},"primaryImageOfPage":{"@id":"https:\/\/sandzakpress.net\/arhiva\/akademik-zukorlic-uprilicio-iftar-u-klubu-narodnih-poslanika-na-dedinju\/#primaryimage"},"image":{"@id":"https:\/\/sandzakpress.net\/arhiva\/akademik-zukorlic-uprilicio-iftar-u-klubu-narodnih-poslanika-na-dedinju\/#primaryimage"},"thumbnailUrl":"https:\/\/sandzakpress.net\/arhiva\/wp-content\/uploads\/2019\/05\/fb_img_15592531862486918345582721361371-1.jpg","datePublished":"2019-05-30T22:49:54+00:00","breadcrumb":{"@id":"https:\/\/sandzakpress.net\/arhiva\/akademik-zukorlic-uprilicio-iftar-u-klubu-narodnih-poslanika-na-dedinju\/#breadcrumb"},"inLanguage":"bs-BA","potentialAction":[{"@type":"ReadAction","target":["https:\/\/sandzakpress.net\/arhiva\/akademik-zukorlic-uprilicio-iftar-u-klubu-narodnih-poslanika-na-dedinju\/"]}]},{"@type":"ImageObject","inLanguage":"bs-BA","@id":"https:\/\/sandzakpress.net\/arhiva\/akademik-zukorlic-uprilicio-iftar-u-klubu-narodnih-poslanika-na-dedinju\/#primaryimage","url":"https:\/\/sandzakpress.net\/arhiva\/wp-content\/uploads\/2019\/05\/fb_img_15592531862486918345582721361371-1.jpg","contentUrl":"https:\/\/sandzakpress.net\/arhiva\/wp-content\/uploads\/2019\/05\/fb_img_15592531862486918345582721361371-1.jpg","width":1082,"height":720},{"@type":"BreadcrumbList","@id":"https:\/\/sandzakpress.net\/arhiva\/akademik-zukorlic-uprilicio-iftar-u-klubu-narodnih-poslanika-na-dedinju\/#breadcrumb","itemListElement":[{"@type":"ListItem","position":1,"name":"Home","item":"https:\/\/sandzakpress.net\/arhiva\/"},{"@type":"ListItem","position":2,"name":"Akademik Zukorli\u0107 uprili\u010dio iftar u Klubu narodnih poslanika na Dedinju"}]},{"@type":"WebSite","@id":"https:\/\/sandzakpress.net\/arhiva\/#website","url":"https:\/\/sandzakpress.net\/arhiva\/","name":"Sand\u017eak PRESS","description":"Prve elektronske novine u Sand\u017eaku","publisher":{"@id":"https:\/\/sandzakpress.net\/arhiva\/#\/schema\/person\/6e72b67d6e51910a1117b3b483ba20bd"},"potentialAction":[{"@type":"SearchAction","target":{"@type":"EntryPoint","urlTemplate":"https:\/\/sandzakpress.net\/arhiva\/?s={search_term_string}"},"query-input":{"@type":"PropertyValueSpecification","valueRequired":true,"valueName":"search_term_string"}}],"inLanguage":"bs-BA"},{"@type":["Person","Organization"],"@id":"https:\/\/sandzakpress.net\/arhiva\/#\/schema\/person\/6e72b67d6e51910a1117b3b483ba20bd","name":"Kul","image":{"@type":"ImageObject","inLanguage":"bs-BA","@id":"https:\/\/sandzakpress.net\/arhiva\/#\/schema\/person\/image\/","url":"https:\/\/secure.gravatar.com\/avatar\/42263f39aa27ac04c43cab85c280eb2e?s=96&d=mm&r=pg","contentUrl":"https:\/\/secure.gravatar.com\/avatar\/42263f39aa27ac04c43cab85c280eb2e?s=96&d=mm&r=pg","caption":"Kul"},"logo":{"@id":"https:\/\/sandzakpress.net\/arhiva\/#\/schema\/person\/image\/"}},{"@type":"Person","@id":"https:\/\/sandzakpress.net\/arhiva\/#\/schema\/person\/cb59d7e3ab91ab90dd680ad0305a6185","name":"Agencija","image":{"@type":"ImageObject","inLanguage":"bs-BA","@id":"https:\/\/sandzakpress.net\/arhiva\/#\/schema\/person\/image\/","url":"https:\/\/secure.gravatar.com\/avatar\/4b7fafa80a22f0c2afe23966b3961fe0?s=96&d=mm&r=pg","contentUrl":"https:\/\/secure.gravatar.com\/avatar\/4b7fafa80a22f0c2afe23966b3961fe0?s=96&d=mm&r=pg","caption":"Agencija"},"url":"https:\/\/sandzakpress.net\/arhiva\/author\/agencija\/"}]}},"_links":{"self":[{"href":"https:\/\/sandzakpress.net\/arhiva\/wp-json\/wp\/v2\/posts\/224190"}],"collection":[{"href":"https:\/\/sandzakpress.net\/arhiva\/wp-json\/wp\/v2\/posts"}],"about":[{"href":"https:\/\/sandzakpress.net\/arhiva\/wp-json\/wp\/v2\/types\/post"}],"author":[{"embeddable":true,"href":"https:\/\/sandzakpress.net\/arhiva\/wp-json\/wp\/v2\/users\/509"}],"replies":[{"embeddable":true,"href":"https:\/\/sandzakpress.net\/arhiva\/wp-json\/wp\/v2\/comments?post=224190"}],"version-history":[{"count":0,"href":"https:\/\/sandzakpress.net\/arhiva\/wp-json\/wp\/v2\/posts\/224190\/revisions"}],"wp:featuredmedia":[{"embeddable":true,"href":"https:\/\/sandzakpress.net\/arhiva\/wp-json\/wp\/v2\/media\/224191"}],"wp:attachment":[{"href":"https:\/\/sandzakpress.net\/arhiva\/wp-json\/wp\/v2\/media?parent=224190"}],"wp:term":[{"taxonomy":"category","embeddable":true,"href":"https:\/\/sandzakpress.net\/arhiva\/wp-json\/wp\/v2\/categories?post=224190"},{"taxonomy":"post_tag","embeddable":true,"href":"https:\/\/sandzakpress.net\/arhiva\/wp-json\/wp\/v2\/tags?post=224190"}],"curies":[{"name":"wp","href":"https:\/\/api.w.org\/{rel}","templated":true}]}}