{"id":224108,"date":"2019-05-28T13:32:47","date_gmt":"2019-05-28T11:32:47","guid":{"rendered":"https:\/\/sandzakpress.net\/arhiva\/bosanka-leila-agic-sa-24-godine-usla-u-belgijski-parlament"},"modified":"2019-05-28T13:32:47","modified_gmt":"2019-05-28T11:32:47","slug":"bosanka-leila-agic-sa-24-godine-usla-u-belgijski-parlament","status":"publish","type":"post","link":"https:\/\/sandzakpress.net\/arhiva\/bosanka-leila-agic-sa-24-godine-usla-u-belgijski-parlament\/","title":{"rendered":"Bosanka Leila Agi\u0107 sa 24 godine u\u0161la u Belgijski parlament"},"content":{"rendered":"<p><span class=\"cb-itemprop\"><\/p>\n<p><img decoding=\"async\" src=\"https:\/\/vijesti.ba\/fajlovi\/news\/bosanka-leila-agic-sa-24-godine-usla-u-belgijski-parlament-leila-agic_5ceb83245e408.jpg?size=lg\" alt=\"Bosanka Leila Agi\u00c4\u0087 sa 24 godine u\u00c5\u00a1la u Belgijski parlament\" \/><\/p>\n<div class=\"single-intro\">\n<p><strong>Bosanka Leila Agi\u0107 ostvarila je veliki uspjeh na ju\u010dera\u0161njim izborima u Belgiji.<\/strong><\/p>\n<\/div>\n<div class=\"single-text\">\n<p>Ova 24-godi\u0161nja kandidatkinja belgijske Socijalisti\u010dke partije (PS) uspjela je u\u0107i u Parlament Brisela sa 2.855 osvojenih glasova.<\/p>\n<p>U svim zemljama EU odr\u017eani su ju\u010der izbori za Evropski parlament, a pored izbora evropskih zastupnika bira\u010di u Belgiji isti dan su imali izbore za Belgijski federalni parlament, te tri regionalna parlamenta: Briselski, Valonski i Flandrijski (Bruxelles-capitale, Wallonie i Flandre).<\/p>\n<p>Socijalisti\u010dka partija je na izborima osvojila najve\u0107i broj glasova i sa 17 zastupnika zadr\u017eala poziciju najja\u010de politi\u010dke stranke u Briselskom parlamentu, a me\u0111u 17 izabranih zastupnika na\u0161la se Leila Agi\u0107.<\/p>\n<p>\u201cZahvaljujem se svim bira\u010dima koji su svojim glasovima podr\u017eali PS i omogu\u0107ili da ostanemo stranka broj jedan u Briselu. Hvala svima koji su svojim glasovima podr\u017eali moju kandidaturu i izabrali me u Parlament, a istovremeno hvala i onima koji nisu, jer \u0107e me samo u\u010diniti ja\u010dom i motiviranijom da radim jo\u0161 vi\u0161e i bolje\u201d, kazala je za Vijesti.ba iz Brisela nova zastupnica u Briselskom parlamentu.<\/p>\n<p>Agi\u0107 je dodala kako je jo\u0161 uvijek pod velikim utiskom i nije ni svjesna kakav je uspjeh postigla.<\/p>\n<p>Leila Agi\u0107 je bila tre\u0107a \u017eena po redu na izbornoj listi, sedma ukupno, a treba ista\u0107i i da je bila najmla\u0111a kandidatkinja na listi. Ispred nje na listi bili su samo aktuelni ministri. Agi\u0107 je svojim anga\u017emanom dobila poziciju ispred aktuelnih zastupnika u Briselu koji su izabrani na zadnjim regionalnim izborima 2014. godine.<\/p>\n<p>Podsje\u0107amo, Leila Agi\u0107 je u oktobru 2018. godine ve\u0107 ostvarila veliki politi\u010dki uspjeh na lokalnim izborima kada je sa 663 osvojena pojedina\u010dna glasa uspjela u\u0107i kao kandidatkinja Socijalisti\u010dke partije u Op\u0161tinsko vije\u0107e Molenbeeka, jedne od op\u0161tina glavnog grada Belgije Brisela.<\/p>\n<p>PS je tada u Molenbeeku ostvarila najbolji rezultat osvojiv\u0161i 31,3 posto glasova, \u0161to je toj partiji donijelo 17 mjesta u lokalnom vije\u0107u.<\/p>\n<p>Porodica Leile Agi\u0107 doselila je u Molenbeek 1994. godine, gdje i danas \u017eive. Agi\u0107 trenutno studira Politi\u010dke nauke na Univerzitetu u Briselu gdje bi uskoro trebala magistrirati.<\/p>\n<p>Politikom se po\u010dela baviti kao 16-godi\u0161njakinja kada je radila zajedno s biv\u0161om kandidatkinjom za predsjednicu Francuske Segolene Royal.<\/p>\n<p>Trenutno obavlja funkciju predsjednice mladih Socijalisti\u010dke partije (PS).<\/p>\n<p>(Vijesti.ba)<\/p>\n<\/div>\n<p><\/span><br \/>\nPogledajte vijest na izvornom sajtu:<\/p>\n<p><a href=\"https:\/\/bosnapress.net\/bosanka-leila-agic-sa-24-godine-usla-u-belgijski-parlament\/\" target=\"_blank\">Bosanka Leila Agi\u0107 sa 24 godine u\u0161la u Belgijski parlament<\/a><\/p>\n","protected":false},"excerpt":{"rendered":"<p>Bosanka Leila Agi\u0107 ostvarila je veliki uspjeh na ju\u010dera\u0161njim izborima u Belgiji. Ova 24-godi\u0161nja kandidatkinja belgijske Socijalisti\u010dke partije (PS) uspjela je u\u0107i u Parlament Brisela sa 2.855 osvojenih glasova. U svim zemljama EU odr\u017eani su ju\u010der izbori za Evropski parlament, a pored izbora evropskih zastupnika bira\u010di u Belgiji isti dan su imali izbore za Belgijski [&hellip;]<\/p>\n","protected":false},"author":83,"featured_media":0,"comment_status":"open","ping_status":"open","sticky":false,"template":"","format":"standard","meta":{"footnotes":""},"categories":[10513],"tags":[10466],"class_list":{"0":"post-224108","1":"post","2":"type-post","3":"status-publish","4":"format-standard","6":"category-bosna-press","7":"tag-bosna-i-hercegovina"},"yoast_head":"<!-- This site is optimized with the Yoast SEO Premium plugin v23.1 (Yoast SEO v24.9) - https:\/\/yoast.com\/wordpress\/plugins\/seo\/ -->\n<title>Bosanka Leila Agi\u0107 sa 24 godine u\u0161la u Belgijski parlament<\/title>\n<meta name=\"robots\" content=\"index, follow, max-snippet:-1, max-image-preview:large, max-video-preview:-1\" \/>\n<link rel=\"canonical\" href=\"https:\/\/sandzakpress.net\/arhiva\/bosanka-leila-agic-sa-24-godine-usla-u-belgijski-parlament\/\" \/>\n<meta property=\"og:locale\" content=\"bs_BA\" \/>\n<meta property=\"og:type\" content=\"article\" \/>\n<meta property=\"og:title\" content=\"Bosanka Leila Agi\u0107 sa 24 godine u\u0161la u Belgijski parlament\" \/>\n<meta property=\"og:description\" content=\"Bosanka Leila Agi\u0107 ostvarila je veliki uspjeh na ju\u010dera\u0161njim izborima u Belgiji. Ova 24-godi\u0161nja kandidatkinja belgijske Socijalisti\u010dke partije (PS) uspjela je u\u0107i u Parlament Brisela sa 2.855 osvojenih glasova. U svim zemljama EU odr\u017eani su ju\u010der izbori za Evropski parlament, a pored izbora evropskih zastupnika bira\u010di u Belgiji isti dan su imali izbore za Belgijski [&hellip;]\" \/>\n<meta property=\"og:url\" content=\"https:\/\/sandzakpress.net\/arhiva\/bosanka-leila-agic-sa-24-godine-usla-u-belgijski-parlament\/\" \/>\n<meta property=\"og:site_name\" content=\"Sand\u017eak PRESS\" \/>\n<meta property=\"article:published_time\" content=\"2019-05-28T11:32:47+00:00\" \/>\n<meta property=\"og:image\" content=\"https:\/\/vijesti.ba\/fajlovi\/news\/bosanka-leila-agic-sa-24-godine-usla-u-belgijski-parlament-leila-agic_5ceb83245e408.jpg?size=lg\" \/>\n<meta name=\"author\" content=\"bosniak\" \/>\n<meta name=\"twitter:card\" content=\"summary_large_image\" \/>\n<meta name=\"twitter:label1\" content=\"Written by\" \/>\n\t<meta name=\"twitter:data1\" content=\"bosniak\" \/>\n\t<meta name=\"twitter:label2\" content=\"Est. reading time\" \/>\n\t<meta name=\"twitter:data2\" content=\"2 minute\" \/>\n<script type=\"application\/ld+json\" class=\"yoast-schema-graph\">{\"@context\":\"https:\/\/schema.org\",\"@graph\":[{\"@type\":\"Article\",\"@id\":\"https:\/\/sandzakpress.net\/arhiva\/bosanka-leila-agic-sa-24-godine-usla-u-belgijski-parlament\/#article\",\"isPartOf\":{\"@id\":\"https:\/\/sandzakpress.net\/arhiva\/bosanka-leila-agic-sa-24-godine-usla-u-belgijski-parlament\/\"},\"author\":{\"name\":\"bosniak\",\"@id\":\"https:\/\/sandzakpress.net\/arhiva\/#\/schema\/person\/c8baee722073534b583ea7bdb2e36c02\"},\"headline\":\"Bosanka Leila Agi\u0107 sa 24 godine u\u0161la u Belgijski parlament\",\"datePublished\":\"2019-05-28T11:32:47+00:00\",\"mainEntityOfPage\":{\"@id\":\"https:\/\/sandzakpress.net\/arhiva\/bosanka-leila-agic-sa-24-godine-usla-u-belgijski-parlament\/\"},\"wordCount\":410,\"commentCount\":0,\"publisher\":{\"@id\":\"https:\/\/sandzakpress.net\/arhiva\/#\/schema\/person\/6e72b67d6e51910a1117b3b483ba20bd\"},\"image\":{\"@id\":\"https:\/\/sandzakpress.net\/arhiva\/bosanka-leila-agic-sa-24-godine-usla-u-belgijski-parlament\/#primaryimage\"},\"thumbnailUrl\":\"https:\/\/vijesti.ba\/fajlovi\/news\/bosanka-leila-agic-sa-24-godine-usla-u-belgijski-parlament-leila-agic_5ceb83245e408.jpg?size=lg\",\"keywords\":[\"Bosna i Hercegovina\"],\"articleSection\":[\"Bosna PRESS\"],\"inLanguage\":\"bs-BA\",\"potentialAction\":[{\"@type\":\"CommentAction\",\"name\":\"Comment\",\"target\":[\"https:\/\/sandzakpress.net\/arhiva\/bosanka-leila-agic-sa-24-godine-usla-u-belgijski-parlament\/#respond\"]}]},{\"@type\":\"WebPage\",\"@id\":\"https:\/\/sandzakpress.net\/arhiva\/bosanka-leila-agic-sa-24-godine-usla-u-belgijski-parlament\/\",\"url\":\"https:\/\/sandzakpress.net\/arhiva\/bosanka-leila-agic-sa-24-godine-usla-u-belgijski-parlament\/\",\"name\":\"Bosanka Leila Agi\u0107 sa 24 godine u\u0161la u Belgijski parlament\",\"isPartOf\":{\"@id\":\"https:\/\/sandzakpress.net\/arhiva\/#website\"},\"primaryImageOfPage\":{\"@id\":\"https:\/\/sandzakpress.net\/arhiva\/bosanka-leila-agic-sa-24-godine-usla-u-belgijski-parlament\/#primaryimage\"},\"image\":{\"@id\":\"https:\/\/sandzakpress.net\/arhiva\/bosanka-leila-agic-sa-24-godine-usla-u-belgijski-parlament\/#primaryimage\"},\"thumbnailUrl\":\"https:\/\/vijesti.ba\/fajlovi\/news\/bosanka-leila-agic-sa-24-godine-usla-u-belgijski-parlament-leila-agic_5ceb83245e408.jpg?size=lg\",\"datePublished\":\"2019-05-28T11:32:47+00:00\",\"breadcrumb\":{\"@id\":\"https:\/\/sandzakpress.net\/arhiva\/bosanka-leila-agic-sa-24-godine-usla-u-belgijski-parlament\/#breadcrumb\"},\"inLanguage\":\"bs-BA\",\"potentialAction\":[{\"@type\":\"ReadAction\",\"target\":[\"https:\/\/sandzakpress.net\/arhiva\/bosanka-leila-agic-sa-24-godine-usla-u-belgijski-parlament\/\"]}]},{\"@type\":\"ImageObject\",\"inLanguage\":\"bs-BA\",\"@id\":\"https:\/\/sandzakpress.net\/arhiva\/bosanka-leila-agic-sa-24-godine-usla-u-belgijski-parlament\/#primaryimage\",\"url\":\"https:\/\/vijesti.ba\/fajlovi\/news\/bosanka-leila-agic-sa-24-godine-usla-u-belgijski-parlament-leila-agic_5ceb83245e408.jpg?size=lg\",\"contentUrl\":\"https:\/\/vijesti.ba\/fajlovi\/news\/bosanka-leila-agic-sa-24-godine-usla-u-belgijski-parlament-leila-agic_5ceb83245e408.jpg?size=lg\"},{\"@type\":\"BreadcrumbList\",\"@id\":\"https:\/\/sandzakpress.net\/arhiva\/bosanka-leila-agic-sa-24-godine-usla-u-belgijski-parlament\/#breadcrumb\",\"itemListElement\":[{\"@type\":\"ListItem\",\"position\":1,\"name\":\"Home\",\"item\":\"https:\/\/sandzakpress.net\/arhiva\/\"},{\"@type\":\"ListItem\",\"position\":2,\"name\":\"Bosanka Leila Agi\u0107 sa 24 godine u\u0161la u Belgijski parlament\"}]},{\"@type\":\"WebSite\",\"@id\":\"https:\/\/sandzakpress.net\/arhiva\/#website\",\"url\":\"https:\/\/sandzakpress.net\/arhiva\/\",\"name\":\"Sand\u017eak PRESS\",\"description\":\"Prve elektronske novine u Sand\u017eaku\",\"publisher\":{\"@id\":\"https:\/\/sandzakpress.net\/arhiva\/#\/schema\/person\/6e72b67d6e51910a1117b3b483ba20bd\"},\"potentialAction\":[{\"@type\":\"SearchAction\",\"target\":{\"@type\":\"EntryPoint\",\"urlTemplate\":\"https:\/\/sandzakpress.net\/arhiva\/?s={search_term_string}\"},\"query-input\":{\"@type\":\"PropertyValueSpecification\",\"valueRequired\":true,\"valueName\":\"search_term_string\"}}],\"inLanguage\":\"bs-BA\"},{\"@type\":[\"Person\",\"Organization\"],\"@id\":\"https:\/\/sandzakpress.net\/arhiva\/#\/schema\/person\/6e72b67d6e51910a1117b3b483ba20bd\",\"name\":\"Kul\",\"image\":{\"@type\":\"ImageObject\",\"inLanguage\":\"bs-BA\",\"@id\":\"https:\/\/sandzakpress.net\/arhiva\/#\/schema\/person\/image\/\",\"url\":\"https:\/\/secure.gravatar.com\/avatar\/42263f39aa27ac04c43cab85c280eb2e?s=96&d=mm&r=pg\",\"contentUrl\":\"https:\/\/secure.gravatar.com\/avatar\/42263f39aa27ac04c43cab85c280eb2e?s=96&d=mm&r=pg\",\"caption\":\"Kul\"},\"logo\":{\"@id\":\"https:\/\/sandzakpress.net\/arhiva\/#\/schema\/person\/image\/\"}},{\"@type\":\"Person\",\"@id\":\"https:\/\/sandzakpress.net\/arhiva\/#\/schema\/person\/c8baee722073534b583ea7bdb2e36c02\",\"name\":\"bosniak\",\"image\":{\"@type\":\"ImageObject\",\"inLanguage\":\"bs-BA\",\"@id\":\"https:\/\/sandzakpress.net\/arhiva\/#\/schema\/person\/image\/\",\"url\":\"https:\/\/secure.gravatar.com\/avatar\/a04fd330bfe3a36a72a0ad4a6d89fca7?s=96&d=mm&r=pg\",\"contentUrl\":\"https:\/\/secure.gravatar.com\/avatar\/a04fd330bfe3a36a72a0ad4a6d89fca7?s=96&d=mm&r=pg\",\"caption\":\"bosniak\"},\"url\":\"https:\/\/sandzakpress.net\/arhiva\/author\/bosniak\/\"}]}<\/script>\n<!-- \/ Yoast SEO Premium plugin. -->","yoast_head_json":{"title":"Bosanka Leila Agi\u0107 sa 24 godine u\u0161la u Belgijski parlament","robots":{"index":"index","follow":"follow","max-snippet":"max-snippet:-1","max-image-preview":"max-image-preview:large","max-video-preview":"max-video-preview:-1"},"canonical":"https:\/\/sandzakpress.net\/arhiva\/bosanka-leila-agic-sa-24-godine-usla-u-belgijski-parlament\/","og_locale":"bs_BA","og_type":"article","og_title":"Bosanka Leila Agi\u0107 sa 24 godine u\u0161la u Belgijski parlament","og_description":"Bosanka Leila Agi\u0107 ostvarila je veliki uspjeh na ju\u010dera\u0161njim izborima u Belgiji. Ova 24-godi\u0161nja kandidatkinja belgijske Socijalisti\u010dke partije (PS) uspjela je u\u0107i u Parlament Brisela sa 2.855 osvojenih glasova. U svim zemljama EU odr\u017eani su ju\u010der izbori za Evropski parlament, a pored izbora evropskih zastupnika bira\u010di u Belgiji isti dan su imali izbore za Belgijski [&hellip;]","og_url":"https:\/\/sandzakpress.net\/arhiva\/bosanka-leila-agic-sa-24-godine-usla-u-belgijski-parlament\/","og_site_name":"Sand\u017eak PRESS","article_published_time":"2019-05-28T11:32:47+00:00","og_image":[{"url":"https:\/\/vijesti.ba\/fajlovi\/news\/bosanka-leila-agic-sa-24-godine-usla-u-belgijski-parlament-leila-agic_5ceb83245e408.jpg?size=lg","type":"","width":"","height":""}],"author":"bosniak","twitter_card":"summary_large_image","twitter_misc":{"Written by":"bosniak","Est. reading time":"2 minute"},"schema":{"@context":"https:\/\/schema.org","@graph":[{"@type":"Article","@id":"https:\/\/sandzakpress.net\/arhiva\/bosanka-leila-agic-sa-24-godine-usla-u-belgijski-parlament\/#article","isPartOf":{"@id":"https:\/\/sandzakpress.net\/arhiva\/bosanka-leila-agic-sa-24-godine-usla-u-belgijski-parlament\/"},"author":{"name":"bosniak","@id":"https:\/\/sandzakpress.net\/arhiva\/#\/schema\/person\/c8baee722073534b583ea7bdb2e36c02"},"headline":"Bosanka Leila Agi\u0107 sa 24 godine u\u0161la u Belgijski parlament","datePublished":"2019-05-28T11:32:47+00:00","mainEntityOfPage":{"@id":"https:\/\/sandzakpress.net\/arhiva\/bosanka-leila-agic-sa-24-godine-usla-u-belgijski-parlament\/"},"wordCount":410,"commentCount":0,"publisher":{"@id":"https:\/\/sandzakpress.net\/arhiva\/#\/schema\/person\/6e72b67d6e51910a1117b3b483ba20bd"},"image":{"@id":"https:\/\/sandzakpress.net\/arhiva\/bosanka-leila-agic-sa-24-godine-usla-u-belgijski-parlament\/#primaryimage"},"thumbnailUrl":"https:\/\/vijesti.ba\/fajlovi\/news\/bosanka-leila-agic-sa-24-godine-usla-u-belgijski-parlament-leila-agic_5ceb83245e408.jpg?size=lg","keywords":["Bosna i Hercegovina"],"articleSection":["Bosna PRESS"],"inLanguage":"bs-BA","potentialAction":[{"@type":"CommentAction","name":"Comment","target":["https:\/\/sandzakpress.net\/arhiva\/bosanka-leila-agic-sa-24-godine-usla-u-belgijski-parlament\/#respond"]}]},{"@type":"WebPage","@id":"https:\/\/sandzakpress.net\/arhiva\/bosanka-leila-agic-sa-24-godine-usla-u-belgijski-parlament\/","url":"https:\/\/sandzakpress.net\/arhiva\/bosanka-leila-agic-sa-24-godine-usla-u-belgijski-parlament\/","name":"Bosanka Leila Agi\u0107 sa 24 godine u\u0161la u Belgijski parlament","isPartOf":{"@id":"https:\/\/sandzakpress.net\/arhiva\/#website"},"primaryImageOfPage":{"@id":"https:\/\/sandzakpress.net\/arhiva\/bosanka-leila-agic-sa-24-godine-usla-u-belgijski-parlament\/#primaryimage"},"image":{"@id":"https:\/\/sandzakpress.net\/arhiva\/bosanka-leila-agic-sa-24-godine-usla-u-belgijski-parlament\/#primaryimage"},"thumbnailUrl":"https:\/\/vijesti.ba\/fajlovi\/news\/bosanka-leila-agic-sa-24-godine-usla-u-belgijski-parlament-leila-agic_5ceb83245e408.jpg?size=lg","datePublished":"2019-05-28T11:32:47+00:00","breadcrumb":{"@id":"https:\/\/sandzakpress.net\/arhiva\/bosanka-leila-agic-sa-24-godine-usla-u-belgijski-parlament\/#breadcrumb"},"inLanguage":"bs-BA","potentialAction":[{"@type":"ReadAction","target":["https:\/\/sandzakpress.net\/arhiva\/bosanka-leila-agic-sa-24-godine-usla-u-belgijski-parlament\/"]}]},{"@type":"ImageObject","inLanguage":"bs-BA","@id":"https:\/\/sandzakpress.net\/arhiva\/bosanka-leila-agic-sa-24-godine-usla-u-belgijski-parlament\/#primaryimage","url":"https:\/\/vijesti.ba\/fajlovi\/news\/bosanka-leila-agic-sa-24-godine-usla-u-belgijski-parlament-leila-agic_5ceb83245e408.jpg?size=lg","contentUrl":"https:\/\/vijesti.ba\/fajlovi\/news\/bosanka-leila-agic-sa-24-godine-usla-u-belgijski-parlament-leila-agic_5ceb83245e408.jpg?size=lg"},{"@type":"BreadcrumbList","@id":"https:\/\/sandzakpress.net\/arhiva\/bosanka-leila-agic-sa-24-godine-usla-u-belgijski-parlament\/#breadcrumb","itemListElement":[{"@type":"ListItem","position":1,"name":"Home","item":"https:\/\/sandzakpress.net\/arhiva\/"},{"@type":"ListItem","position":2,"name":"Bosanka Leila Agi\u0107 sa 24 godine u\u0161la u Belgijski parlament"}]},{"@type":"WebSite","@id":"https:\/\/sandzakpress.net\/arhiva\/#website","url":"https:\/\/sandzakpress.net\/arhiva\/","name":"Sand\u017eak PRESS","description":"Prve elektronske novine u Sand\u017eaku","publisher":{"@id":"https:\/\/sandzakpress.net\/arhiva\/#\/schema\/person\/6e72b67d6e51910a1117b3b483ba20bd"},"potentialAction":[{"@type":"SearchAction","target":{"@type":"EntryPoint","urlTemplate":"https:\/\/sandzakpress.net\/arhiva\/?s={search_term_string}"},"query-input":{"@type":"PropertyValueSpecification","valueRequired":true,"valueName":"search_term_string"}}],"inLanguage":"bs-BA"},{"@type":["Person","Organization"],"@id":"https:\/\/sandzakpress.net\/arhiva\/#\/schema\/person\/6e72b67d6e51910a1117b3b483ba20bd","name":"Kul","image":{"@type":"ImageObject","inLanguage":"bs-BA","@id":"https:\/\/sandzakpress.net\/arhiva\/#\/schema\/person\/image\/","url":"https:\/\/secure.gravatar.com\/avatar\/42263f39aa27ac04c43cab85c280eb2e?s=96&d=mm&r=pg","contentUrl":"https:\/\/secure.gravatar.com\/avatar\/42263f39aa27ac04c43cab85c280eb2e?s=96&d=mm&r=pg","caption":"Kul"},"logo":{"@id":"https:\/\/sandzakpress.net\/arhiva\/#\/schema\/person\/image\/"}},{"@type":"Person","@id":"https:\/\/sandzakpress.net\/arhiva\/#\/schema\/person\/c8baee722073534b583ea7bdb2e36c02","name":"bosniak","image":{"@type":"ImageObject","inLanguage":"bs-BA","@id":"https:\/\/sandzakpress.net\/arhiva\/#\/schema\/person\/image\/","url":"https:\/\/secure.gravatar.com\/avatar\/a04fd330bfe3a36a72a0ad4a6d89fca7?s=96&d=mm&r=pg","contentUrl":"https:\/\/secure.gravatar.com\/avatar\/a04fd330bfe3a36a72a0ad4a6d89fca7?s=96&d=mm&r=pg","caption":"bosniak"},"url":"https:\/\/sandzakpress.net\/arhiva\/author\/bosniak\/"}]}},"_links":{"self":[{"href":"https:\/\/sandzakpress.net\/arhiva\/wp-json\/wp\/v2\/posts\/224108"}],"collection":[{"href":"https:\/\/sandzakpress.net\/arhiva\/wp-json\/wp\/v2\/posts"}],"about":[{"href":"https:\/\/sandzakpress.net\/arhiva\/wp-json\/wp\/v2\/types\/post"}],"author":[{"embeddable":true,"href":"https:\/\/sandzakpress.net\/arhiva\/wp-json\/wp\/v2\/users\/83"}],"replies":[{"embeddable":true,"href":"https:\/\/sandzakpress.net\/arhiva\/wp-json\/wp\/v2\/comments?post=224108"}],"version-history":[{"count":0,"href":"https:\/\/sandzakpress.net\/arhiva\/wp-json\/wp\/v2\/posts\/224108\/revisions"}],"wp:attachment":[{"href":"https:\/\/sandzakpress.net\/arhiva\/wp-json\/wp\/v2\/media?parent=224108"}],"wp:term":[{"taxonomy":"category","embeddable":true,"href":"https:\/\/sandzakpress.net\/arhiva\/wp-json\/wp\/v2\/categories?post=224108"},{"taxonomy":"post_tag","embeddable":true,"href":"https:\/\/sandzakpress.net\/arhiva\/wp-json\/wp\/v2\/tags?post=224108"}],"curies":[{"name":"wp","href":"https:\/\/api.w.org\/{rel}","templated":true}]}}