{"id":224006,"date":"2019-05-27T14:35:53","date_gmt":"2019-05-27T12:35:53","guid":{"rendered":"https:\/\/sandzakpress.net\/arhiva\/izetbegovic-sda-mora-vise-liciti-na-ovu-zemlju-moramo-biti-vise-bosanci-prosiriti-uticaj-i-u-hrvatski-i-srpski-korpus"},"modified":"2019-05-27T14:35:53","modified_gmt":"2019-05-27T12:35:53","slug":"izetbegovic-sda-mora-vise-liciti-na-ovu-zemlju-moramo-biti-vise-bosanci-prosiriti-uticaj-i-u-hrvatski-i-srpski-korpus","status":"publish","type":"post","link":"https:\/\/sandzakpress.net\/arhiva\/izetbegovic-sda-mora-vise-liciti-na-ovu-zemlju-moramo-biti-vise-bosanci-prosiriti-uticaj-i-u-hrvatski-i-srpski-korpus\/","title":{"rendered":"Izetbegovi\u0107: SDA mora vi\u0161e li\u010diti na ovu zemlju, moramo biti vi\u0161e Bosanci, pro\u0161iriti uticaj i u hrvatski i srpski korpus"},"content":{"rendered":"<p><span class=\"cb-itemprop\"><\/p>\n<p><img decoding=\"async\" src=\"https:\/\/cdn.oslobodjenje.ba\/images\/slike\/2019\/05\/26\/3661098-1300.jpg\" \/><\/p>\n<div class=\"ArticleContent\">\n<p><strong>Predsjednik Stranke demokratske akcije (SDA) Bakir izetbegovi\u0107 je ve\u010deras u sarajevskoj Vije\u0107nici, na sve\u010danoj sjednici Glavnog odbora povodom 29. godi\u0161njice osnivanja stranke, kazao da SDA mora vi\u0161e li\u010diti na ovu zemlju, da \u201cmoramo biti vi\u0161e Bosanci, pro\u0161iriti uticaj i u hrvatski i srpski korpus\u201d.<\/strong><\/p>\n<p>Govore\u0107i o proteklih 29 godina stranke Izetbegovi\u0107 je kazao da SDA treba biti ponosna na put koji su pre\u0161li i na liderstvo koje su realizovali.<\/p>\n<p>\u2013 Dug je to put, i svako vrijeme je donijelo svoje breme i probleme. Nosili smo to breme, i za svaki problem smo prona\u0161li ispravan i u\u010dinkovit odgovor. I na jednoumlje i zaostajanje koje je donosio jednopartijski re\u017eim. I na negaciju na\u0161e vjere, kulture, identiteta, jezika, imena. I na svirepu agresiju, napad jedne mo\u0107ne armije na nenaoru\u017ean narod. I na embargo na oru\u017eje, i na podmukle podvale dijela me\u0111unarodne zajednice. I na poni\u017eavaju\u0107e pritiske da podijelimo zemlju i naciju. I na otpore postratnoj reintegraciji i obnovi zemlje. I na o\u010dekivanja stotina hiljada ratnih stradalnika, onih koji su ostali bez hranioca, bez zdravlja, bez zaposlenja\u2026 \u2013 naveo je Izetbegovi\u0107.<\/p>\n<p>Dodao je da mu je drago da se sjednica odr\u017eava u sarajevskoj Vije\u0107nici, jer ona u mnogome simbolizuje stradanje, sudbinu i put kojim je pro\u0161la SDA i BiH u tih bremenitih 29 godina. Podsjetio je da je Vije\u0107nica bila \u017ertva barbarskog napada, spaljena i devastrirana, unaka\u017eena, ali je pre\u017eivjela, digla se iz pepela i obnovljena uz pomo\u0107 prijatelja iz onog boljeg, civiliziranog dijela svijeta.<\/p>\n<p>\u2013 Na\u0161a hroni\u010dna bolest su nacionalizmi, separatizmi, teritorijalne pretenzije i poku\u0161aji da se dominira na Balkanu. Pod vojnim i politi\u010dkim pritiskom zapadnih sila te retrogradne snage su se povla\u010dile, primirivale, odricale od zlo\u010dina i zlo\u010dinaca, prihvatale nadmo\u0107ne civilizacijske i integracijske trendove, umotavale se u demokratsku oblandu. A zatim, \u010dim pritisak oslabi, ponovo ja\u010dale, pokazivale staro lice, prkosile, negirale zlo\u010dine i slavile zlo\u010dince, militarizale se, prizivale podjele, ponovo crtale karte \u2013 dodao je Izetbegovi\u0107.<\/p>\n<h4>Odlazak mladih<\/h4>\n<p>Naveo je da se Srbija naoru\u017eava, te da tvrde da na taj na\u010din \u010duvaju mir, da time \u017eele odvratiti i obeshrabriti svakog napada\u010da.<\/p>\n<p>\u2013 Jedino \u0161to nije jasno jeste \u2013 na koje to napada\u010de misle? Ko bi uop\u0161te mogao napasti Srbiju, i s kakvim ciljem? I ko je to od susjeda ikada napao Srbiju? \u2013 upitao je Iztebegovi\u0107.<\/p>\n<p>I Republika Srpska, kako je dodao Izetbegovi\u0107, se militarizira, mimo Ustava i zakona. Uvodi se rezervni sastav policije, nabavljaju se vojne pu\u0161ke za policiju, prave se vje\u017ebe zajedno sa srbijanskom policijom pri \u010demu se prelazi dr\u017eavna granica.<\/p>\n<p>\u2013 Milorad Dodik je nekada bio socijaldemokrata, imao je normalne i obe\u0107avaju\u0107e stavove o BiH i su\u017eivotu njenih naroda. Sa dolaskom na vlast postepeno se pretvorio u agresivnog nacionalistu. Ve\u0107 deceniju uporno opstruira vitalno va\u017ene procese za zemlju i njene gra\u0111ane \u2013 proces pomirenja, integraciju u EU, integraciju u NATO, svojom zapaljivom retorikom rastjeruje strane ulaga\u010de i investitore, uz ostale razloge i zbog takve politike omladina masovno napu\u0161ta BiH i odlazi u evropske zemlje \u2013 kazao je Izetbegovi\u0107.<\/p>\n<p>Prema njegovim rije\u010dima, narod koji je u jednom vijeku do\u017eivio tri pokolja, i kojem ponovo prijete krvavom Drinom, mora biti spreman da odgovori na sve mogu\u0107e izazove.<\/p>\n<p>\u2013 Zato je potrebno ostvariti slogu, koordinaciju politi\u010dkog i svakog drugog djelovanja, osna\u017eiti ekonomiju \u2013 naro\u010dito IT sektor, poja\u010dati lobiranje za interese BiH u svijetu, uvesti u \u0161kole predmete koji mogu zamijeniti predvojni\u010dku obuku kako bismo u kombinaciji sa sportskim i drugim aktivnostima imali psiho-fizi\u010dki spremnu i jaku omladinu, ja\u010dati i opremati policiju, ja\u010dati namjensku industriju itd. Naravno sve u okviru Ustava i zakona \u2013 dodao je Izetbegovi\u0107.<\/p>\n<p>Dodao je da je hrvatska politika spram teritorijalnog integriteta BiH korektnija. I ona koja dolazi iz Zagreba, a i ona koja dolazi iz Hercegovine.<\/p>\n<h4>Sejdi\u0107- Finci<\/h4>\n<p>\u2013 Na posljednjem sastanku delegacija SDA i HDZ odr\u017eanom prije mjesec dana u Mostaru, Dragan \u010covi\u0107 je sam povukao temu tre\u0107eg entiteta, kazav\u0161i da Hrvati niti imaju takve namjere, niti ih vi\u0161e pominju. Ponovio je to zatim na press konferenciji koja je uslijedila. Nadam se da je to kazao iskreno, jer zaista je nemogu\u0107e iscrtati kartu hrvatskog entiteta s obzirom na izmije\u0161anost Bo\u0161njaka i Hrvata u Federaciji BiH. Ono za \u0161to se HNS zala\u017ee jeste institucionalna autonomija, koja bi bila ostvarena kroz izmjene Izbornog zakona. Njome bi se, bez obzira na populacijske trendove, pa i izborne rezultate, garantovao paritet, odnosno tre\u0107inu bitnih pozicija za pobjedni\u010dku hrvatsku stranku na dr\u017eavnom nivou vlasti, prije svega u Predsjedni\u0161tvu BiH \u2013 kazao je Izetbegovi\u0107.<\/p>\n<p>Ovakav zahtjev, prema njegovim rije\u010dima, HDZ postavlja kao uslov za formiranje federalnog nivoa vlasti.<\/p>\n<p>\u2013 Na\u0161 uslov je da se sva o\u010dekivanja hrvatske strane moraju rije\u0161avati kroz implementaciju presude Sejdi\u0107-Finci, odnosno u kombinaciji sa pravom svakog gra\u0111anina BiH na svakom pedlju ove zemlje da se kandiduje za svaku poziciju u strukturi vlasti. Dakle i u Predsjedni\u0161tvu BiH. Ova dva uslova je te\u0161ko uskladiti, ali nije nemogu\u0107e \u2013 Aprilski paket ustavnih reformi i Fuelleov model su to bili rije\u0161ili, ali su odbijeni, izme\u0111u ostalog i od strane sada\u0161njih predsjednika HNS i HDZ \u2013 naveo je Izetbegovi\u0107.<\/p>\n<p>SDA, kako je dodao, ne\u0107e mo\u0107i prihvatiti uslovljavanje formiranja vlasti ovim HDZ-ovim uslovom, ali moraju prihvatiti obavezu da rije\u0161e sve presude doma\u0107ih i evropskih sudova koje se odnose na izborno zakonodavstvo.<\/p>\n<p>\u2013 Realan rok za ovo je kraj 2019 godine. Rok za formiranje vlasti je odmah \u2013 kazao je Izetbegovi\u0107.<\/p>\n<p>Naveo je, me\u0111u ostalim, da je Federacija BiH, preciznije realni sektor u dijelovima BiH koji nastanjuju Bo\u0161njaci, ekonomski motor koji vu\u010de cijelu BiH naprijed, dok RS pre\u017eivljava zahvalju\u0107i stalnom zadu\u017eivanju, vanjskom kod MMF, unutra\u0161njem kroz izdavanje trezorskih zapisa.<\/p>\n<p>\u2013 Federacija BiH, predvo\u0111ena na\u0161im premijerom, prvi put je nakon rata u situaciji da joj ne trebaju kreditni aran\u017emani MMF. Ekonomski je samoodr\u017eiva \u2013 dodao je Izetbegovi\u0107.<\/p>\n<p>Naglasio je da je masovna gradnja cestovne i energetske infrastrukture kona\u010dno pred nama \u2013 Koridor Vc, autoput Sarajevo-Beograd preko Tuzle i Br\u010dkog, brze ceste prema Gora\u017edu, Travniku, Neumu, termoblok 7 u Tuzli, vjetroparkovi u Hercegovini, planski su i finansijski zaokru\u017eeni i donijet \u0107e u svakoj od sljede\u0107ih 10 godina vi\u0161e od milijardu KM posla gra\u0111evinskoj operativi. Federacija BiH \u0107e, kao \u0161to smo obe\u0107ali, postati najve\u0107e gradili\u0161te na Balkanu \u2013 istakao je Izetbegovi\u0107.<\/p>\n<p>Stranka demokratske akcije je, kako je dodao, neosporno temeljna i najja\u010da patriotska politi\u010dka snaga u Bosni i Hercegovini.<\/p>\n<p>-Jasno je, stoga, za\u0161to je ona trn u oku onih koji ovu zemlju ne vole. Me\u0111utim, na\u0161 uspjeh na posljednjim izborima je izrodio \u010dudan, skoro nevjerovatan fenomen na bh. politi\u010dkoj sceni: protiv SDA su se udru\u017eili skoro svi koji bi trebalo da BiH vole, i da joj \u017eele dobro. Taj anti-SDA blok se \u010dinio kompaktnim, i mo\u017eda bi i uspio da nije bilo nevjerovatnog zihera\u0161luka tzv. \u201egra\u0111anskih stranaka\u201d. One su se zadovoljile vladavinom u glavnom gradu, predominantno bo\u0161nja\u010dkom, sa bud\u017eetom koji im garantuje lagodan mandat. Bosnu i Hercegovinu su svjesno prepustile politi\u010dkim snagama za koje uporno tvrde da su prijetnja njenom opstanku. Krajnje sebi\u010dno i neodgovorno \u2013 rekao je Izetbegovi\u0107.<\/p>\n<h4>Vjerujte rukovodstvu SDA<\/h4>\n<p>Politi\u010dka borba za BiH, naglasio je, te\u0161ka je utakmica, sistem je kompliciran, formula po kojoj se odvija politi\u010dki \u017eivot slo\u017eena, sa puno nepoznatih i negativnih faktora. Puno je opstrukcija, puno je populizma i spinova.<\/p>\n<p>\u2013 Politika li\u010di na vo\u017enju klizavom nizbrdicom punom okuka, morate nekad usporiti, da ne prokli\u017eete i ne zavr\u0161ite u kanalu. Gas treba dodati kada se stvori prilika za to. I tako vozimo ve\u0107 29 godina, i sti\u0107i \u0107emo do cilja. Sve \u0161to mo\u017eemo re\u0107i narodu je \u2013 vjerujte iskusnom voza\u010du, vjerujte rukovodstvu SDA. Dovest \u0107emo BiH do zacrtanih ciljeva. Ne\u0161to sporije, jer previ\u0161e je ko\u010dni\u010dara, ali sti\u0107i \u0107emo. O\u010duva\u0107emo jedinstvo zemlje, ona \u0107e biti \u010dlanica EU i NATO, ekonomski oporavak \u0107e se nastaviti i ubrzati \u2013 kazao je Izetbegovi\u0107.<\/p>\n<p>Dodao je da se okolnosti i problemi mijenjaju, te da je potrebno da se i SDA mijenja, podmla\u0111uje, prilago\u0111ava. SDA struktura je, ka\u017ee, ostarila, postala je glomazna, inertna, \u201cdopustili smo kumulaciju funkcija\u201d. Dodao je da je uticaj SDA ograni\u010den samo na Bo\u0161njake, a da \u201cmoramo li\u010diti na ovu zemlju, biti vi\u0161e Bosanci, pro\u0161iriti uticaj i u hrvatski i srpski korpus\u201d.<\/p>\n<p>\u2013 Pored delegata na Kongres kanimo pozvati i sve kadrove koje je SDA predlo\u017eila, a narod ih zatim izabrao \u2013 od op\u0161tinskog do dr\u017eavnog nivoa. Time \u0107e kongresno tijelo biti udvostru\u010deno u odnosu na ranije izborne cikluse. Ovaj put moramo organizovati i rigoroznu kontrolu izbornog procesa kako bi se garantovala fer borba i eliminisali svi argumenti za prigovore kakvi su kulminirali na pro\u0161lom Kongresu \u2013 kazao je Izetbegovi\u0107, prenosi Fena.<\/p>\n<p>Najavljuju\u0107i promjenu strana\u010dkog statuta zatra\u017eio je od \u010dlanova Glavnog odbora da razmisle o promjenama, uklju\u010duju\u0107i teritorijalnu organizaciju, \u0161to zna\u010di regionalne odbore u RS fuzionirati sa susjednim kantonalnim organizacijama u Federaciji.<\/p>\n<p>\u2013 Od bo\u0161nja\u010dke iskora\u010diti ka bosanskoj stranci kroz obavezno uklju\u010divanje nabo\u0161njaka u rukovodstva na svim nivoima. Izvr\u0161iti racionalizaciju glomazne strukture \u2013 imamo, recimo, na nivou op\u0161tinskog organizovanja tri organa \u2013 skup\u0161tinu, odbor i izvr\u0161ni odbor. Preciznije odrediti uloge i u\u010diniti efikasnijim rad asocijacija \u017eena, mladih i Fatme. Razmisliti o formiranju Senata SDA, odrediti obavezne kvote mladih i \u017eena u organima SDA, sprije\u010diti akumulaciju funkcija \u2013 samo jedna bitna funkcija za jednog funkcionera! Razmisliti o broju potpredsjednika. Ovaj broj je stvar kompromisa od prije 6 godina. Ograni\u010diti mandate, recimo maksimalno 12 godina na jednoj poziciji u Stranci. Informatil\u010dko je doba \u2013 oja\u010dati i ubrzati komunikaciju. Okrenuti se ponovo dijaspori \u2013 to je uspavani d\u017ein koji mo\u017ee promijeniti stanje u BiH u jednom danu \u2013 danu nekih budu\u0107ih izbora. Potebno nam je da samo 10% bira\u010da u dijaspori iza\u0111e i pravilno glasa. I na tome se radi, ali treba propisati obaveze i definisati organizaciju \u2013 kazao je Izetbegovi\u0107 govore\u0107i o mogu\u0107im pomjenama Statuta SDA.<\/p>\n<\/div>\n<div class=\"ArticleAuthor-text\"><span class=\"ArticleAuthor-name\">OSLOBO\u0110ENJE PORTAL<\/span><\/div>\n<p><\/span><br \/>\nPogledajte vijest na izvornom sajtu:<\/p>\n<p><a href=\"https:\/\/bosnapress.net\/izetbegovic-sda-mora-vise-liciti-na-ovu-zemlju-moramo-biti-vise-bosanci-prosiriti-uticaj-i-u-hrvatski-i-srpski-korpus\/\" target=\"_blank\">Izetbegovi\u0107: SDA mora vi\u0161e li\u010diti na ovu zemlju, moramo biti vi\u0161e Bosanci, pro\u0161iriti uticaj i u hrvatski i srpski korpus<\/a><\/p>\n","protected":false},"excerpt":{"rendered":"<p>Predsjednik Stranke demokratske akcije (SDA) Bakir izetbegovi\u0107 je ve\u010deras u sarajevskoj Vije\u0107nici, na sve\u010danoj sjednici Glavnog odbora povodom 29. godi\u0161njice osnivanja stranke, kazao da SDA mora vi\u0161e li\u010diti na ovu zemlju, da \u201cmoramo biti vi\u0161e Bosanci, pro\u0161iriti uticaj i u hrvatski i srpski korpus\u201d. Govore\u0107i o proteklih 29 godina stranke Izetbegovi\u0107 je kazao da SDA [&hellip;]<\/p>\n","protected":false},"author":83,"featured_media":224007,"comment_status":"open","ping_status":"open","sticky":false,"template":"","format":"standard","meta":{"footnotes":""},"categories":[10513],"tags":[10466],"class_list":{"0":"post-224006","1":"post","2":"type-post","3":"status-publish","4":"format-standard","5":"has-post-thumbnail","7":"category-bosna-press","8":"tag-bosna-i-hercegovina"},"yoast_head":"<!-- This site is optimized with the Yoast SEO Premium plugin v23.1 (Yoast SEO v24.9) - https:\/\/yoast.com\/wordpress\/plugins\/seo\/ -->\n<title>Izetbegovi\u0107: SDA mora vi\u0161e li\u010diti na ovu zemlju, moramo biti vi\u0161e Bosanci, pro\u0161iriti uticaj i u hrvatski i srpski korpus<\/title>\n<meta name=\"robots\" content=\"index, follow, max-snippet:-1, max-image-preview:large, max-video-preview:-1\" \/>\n<link rel=\"canonical\" href=\"https:\/\/sandzakpress.net\/arhiva\/izetbegovic-sda-mora-vise-liciti-na-ovu-zemlju-moramo-biti-vise-bosanci-prosiriti-uticaj-i-u-hrvatski-i-srpski-korpus\/\" \/>\n<meta property=\"og:locale\" content=\"bs_BA\" \/>\n<meta property=\"og:type\" content=\"article\" \/>\n<meta property=\"og:title\" content=\"Izetbegovi\u0107: SDA mora vi\u0161e li\u010diti na ovu zemlju, moramo biti vi\u0161e Bosanci, pro\u0161iriti uticaj i u hrvatski i srpski korpus\" \/>\n<meta property=\"og:description\" content=\"Predsjednik Stranke demokratske akcije (SDA) Bakir izetbegovi\u0107 je ve\u010deras u sarajevskoj Vije\u0107nici, na sve\u010danoj sjednici Glavnog odbora povodom 29. godi\u0161njice osnivanja stranke, kazao da SDA mora vi\u0161e li\u010diti na ovu zemlju, da \u201cmoramo biti vi\u0161e Bosanci, pro\u0161iriti uticaj i u hrvatski i srpski korpus\u201d. Govore\u0107i o proteklih 29 godina stranke Izetbegovi\u0107 je kazao da SDA [&hellip;]\" \/>\n<meta property=\"og:url\" content=\"https:\/\/sandzakpress.net\/arhiva\/izetbegovic-sda-mora-vise-liciti-na-ovu-zemlju-moramo-biti-vise-bosanci-prosiriti-uticaj-i-u-hrvatski-i-srpski-korpus\/\" \/>\n<meta property=\"og:site_name\" content=\"Sand\u017eak PRESS\" \/>\n<meta property=\"article:published_time\" content=\"2019-05-27T12:35:53+00:00\" \/>\n<meta property=\"og:image\" content=\"https:\/\/sandzakpress.net\/arhiva\/wp-content\/uploads\/2019\/05\/3661098-1300.jpg\" \/>\n\t<meta property=\"og:image:width\" content=\"1300\" \/>\n\t<meta property=\"og:image:height\" content=\"866\" \/>\n\t<meta property=\"og:image:type\" content=\"image\/jpeg\" \/>\n<meta name=\"author\" content=\"bosniak\" \/>\n<meta name=\"twitter:card\" content=\"summary_large_image\" \/>\n<meta name=\"twitter:label1\" content=\"Written by\" \/>\n\t<meta name=\"twitter:data1\" content=\"bosniak\" \/>\n\t<meta name=\"twitter:label2\" content=\"Est. reading time\" \/>\n\t<meta name=\"twitter:data2\" content=\"9 minuta\" \/>\n<script type=\"application\/ld+json\" class=\"yoast-schema-graph\">{\"@context\":\"https:\/\/schema.org\",\"@graph\":[{\"@type\":\"Article\",\"@id\":\"https:\/\/sandzakpress.net\/arhiva\/izetbegovic-sda-mora-vise-liciti-na-ovu-zemlju-moramo-biti-vise-bosanci-prosiriti-uticaj-i-u-hrvatski-i-srpski-korpus\/#article\",\"isPartOf\":{\"@id\":\"https:\/\/sandzakpress.net\/arhiva\/izetbegovic-sda-mora-vise-liciti-na-ovu-zemlju-moramo-biti-vise-bosanci-prosiriti-uticaj-i-u-hrvatski-i-srpski-korpus\/\"},\"author\":{\"name\":\"bosniak\",\"@id\":\"https:\/\/sandzakpress.net\/arhiva\/#\/schema\/person\/c8baee722073534b583ea7bdb2e36c02\"},\"headline\":\"Izetbegovi\u0107: SDA mora vi\u0161e li\u010diti na ovu zemlju, moramo biti vi\u0161e Bosanci, pro\u0161iriti uticaj i u hrvatski i srpski korpus\",\"datePublished\":\"2019-05-27T12:35:53+00:00\",\"mainEntityOfPage\":{\"@id\":\"https:\/\/sandzakpress.net\/arhiva\/izetbegovic-sda-mora-vise-liciti-na-ovu-zemlju-moramo-biti-vise-bosanci-prosiriti-uticaj-i-u-hrvatski-i-srpski-korpus\/\"},\"wordCount\":1781,\"commentCount\":0,\"publisher\":{\"@id\":\"https:\/\/sandzakpress.net\/arhiva\/#\/schema\/person\/6e72b67d6e51910a1117b3b483ba20bd\"},\"image\":{\"@id\":\"https:\/\/sandzakpress.net\/arhiva\/izetbegovic-sda-mora-vise-liciti-na-ovu-zemlju-moramo-biti-vise-bosanci-prosiriti-uticaj-i-u-hrvatski-i-srpski-korpus\/#primaryimage\"},\"thumbnailUrl\":\"https:\/\/sandzakpress.net\/arhiva\/wp-content\/uploads\/2019\/05\/3661098-1300.jpg\",\"keywords\":[\"Bosna i Hercegovina\"],\"articleSection\":[\"Bosna PRESS\"],\"inLanguage\":\"bs-BA\",\"potentialAction\":[{\"@type\":\"CommentAction\",\"name\":\"Comment\",\"target\":[\"https:\/\/sandzakpress.net\/arhiva\/izetbegovic-sda-mora-vise-liciti-na-ovu-zemlju-moramo-biti-vise-bosanci-prosiriti-uticaj-i-u-hrvatski-i-srpski-korpus\/#respond\"]}]},{\"@type\":\"WebPage\",\"@id\":\"https:\/\/sandzakpress.net\/arhiva\/izetbegovic-sda-mora-vise-liciti-na-ovu-zemlju-moramo-biti-vise-bosanci-prosiriti-uticaj-i-u-hrvatski-i-srpski-korpus\/\",\"url\":\"https:\/\/sandzakpress.net\/arhiva\/izetbegovic-sda-mora-vise-liciti-na-ovu-zemlju-moramo-biti-vise-bosanci-prosiriti-uticaj-i-u-hrvatski-i-srpski-korpus\/\",\"name\":\"Izetbegovi\u0107: SDA mora vi\u0161e li\u010diti na ovu zemlju, moramo biti vi\u0161e Bosanci, pro\u0161iriti uticaj i u hrvatski i srpski korpus\",\"isPartOf\":{\"@id\":\"https:\/\/sandzakpress.net\/arhiva\/#website\"},\"primaryImageOfPage\":{\"@id\":\"https:\/\/sandzakpress.net\/arhiva\/izetbegovic-sda-mora-vise-liciti-na-ovu-zemlju-moramo-biti-vise-bosanci-prosiriti-uticaj-i-u-hrvatski-i-srpski-korpus\/#primaryimage\"},\"image\":{\"@id\":\"https:\/\/sandzakpress.net\/arhiva\/izetbegovic-sda-mora-vise-liciti-na-ovu-zemlju-moramo-biti-vise-bosanci-prosiriti-uticaj-i-u-hrvatski-i-srpski-korpus\/#primaryimage\"},\"thumbnailUrl\":\"https:\/\/sandzakpress.net\/arhiva\/wp-content\/uploads\/2019\/05\/3661098-1300.jpg\",\"datePublished\":\"2019-05-27T12:35:53+00:00\",\"breadcrumb\":{\"@id\":\"https:\/\/sandzakpress.net\/arhiva\/izetbegovic-sda-mora-vise-liciti-na-ovu-zemlju-moramo-biti-vise-bosanci-prosiriti-uticaj-i-u-hrvatski-i-srpski-korpus\/#breadcrumb\"},\"inLanguage\":\"bs-BA\",\"potentialAction\":[{\"@type\":\"ReadAction\",\"target\":[\"https:\/\/sandzakpress.net\/arhiva\/izetbegovic-sda-mora-vise-liciti-na-ovu-zemlju-moramo-biti-vise-bosanci-prosiriti-uticaj-i-u-hrvatski-i-srpski-korpus\/\"]}]},{\"@type\":\"ImageObject\",\"inLanguage\":\"bs-BA\",\"@id\":\"https:\/\/sandzakpress.net\/arhiva\/izetbegovic-sda-mora-vise-liciti-na-ovu-zemlju-moramo-biti-vise-bosanci-prosiriti-uticaj-i-u-hrvatski-i-srpski-korpus\/#primaryimage\",\"url\":\"https:\/\/sandzakpress.net\/arhiva\/wp-content\/uploads\/2019\/05\/3661098-1300.jpg\",\"contentUrl\":\"https:\/\/sandzakpress.net\/arhiva\/wp-content\/uploads\/2019\/05\/3661098-1300.jpg\",\"width\":1300,\"height\":866},{\"@type\":\"BreadcrumbList\",\"@id\":\"https:\/\/sandzakpress.net\/arhiva\/izetbegovic-sda-mora-vise-liciti-na-ovu-zemlju-moramo-biti-vise-bosanci-prosiriti-uticaj-i-u-hrvatski-i-srpski-korpus\/#breadcrumb\",\"itemListElement\":[{\"@type\":\"ListItem\",\"position\":1,\"name\":\"Home\",\"item\":\"https:\/\/sandzakpress.net\/arhiva\/\"},{\"@type\":\"ListItem\",\"position\":2,\"name\":\"Izetbegovi\u0107: SDA mora vi\u0161e li\u010diti na ovu zemlju, moramo biti vi\u0161e Bosanci, pro\u0161iriti uticaj i u hrvatski i srpski korpus\"}]},{\"@type\":\"WebSite\",\"@id\":\"https:\/\/sandzakpress.net\/arhiva\/#website\",\"url\":\"https:\/\/sandzakpress.net\/arhiva\/\",\"name\":\"Sand\u017eak PRESS\",\"description\":\"Prve elektronske novine u Sand\u017eaku\",\"publisher\":{\"@id\":\"https:\/\/sandzakpress.net\/arhiva\/#\/schema\/person\/6e72b67d6e51910a1117b3b483ba20bd\"},\"potentialAction\":[{\"@type\":\"SearchAction\",\"target\":{\"@type\":\"EntryPoint\",\"urlTemplate\":\"https:\/\/sandzakpress.net\/arhiva\/?s={search_term_string}\"},\"query-input\":{\"@type\":\"PropertyValueSpecification\",\"valueRequired\":true,\"valueName\":\"search_term_string\"}}],\"inLanguage\":\"bs-BA\"},{\"@type\":[\"Person\",\"Organization\"],\"@id\":\"https:\/\/sandzakpress.net\/arhiva\/#\/schema\/person\/6e72b67d6e51910a1117b3b483ba20bd\",\"name\":\"Kul\",\"image\":{\"@type\":\"ImageObject\",\"inLanguage\":\"bs-BA\",\"@id\":\"https:\/\/sandzakpress.net\/arhiva\/#\/schema\/person\/image\/\",\"url\":\"https:\/\/secure.gravatar.com\/avatar\/42263f39aa27ac04c43cab85c280eb2e?s=96&d=mm&r=pg\",\"contentUrl\":\"https:\/\/secure.gravatar.com\/avatar\/42263f39aa27ac04c43cab85c280eb2e?s=96&d=mm&r=pg\",\"caption\":\"Kul\"},\"logo\":{\"@id\":\"https:\/\/sandzakpress.net\/arhiva\/#\/schema\/person\/image\/\"}},{\"@type\":\"Person\",\"@id\":\"https:\/\/sandzakpress.net\/arhiva\/#\/schema\/person\/c8baee722073534b583ea7bdb2e36c02\",\"name\":\"bosniak\",\"image\":{\"@type\":\"ImageObject\",\"inLanguage\":\"bs-BA\",\"@id\":\"https:\/\/sandzakpress.net\/arhiva\/#\/schema\/person\/image\/\",\"url\":\"https:\/\/secure.gravatar.com\/avatar\/a04fd330bfe3a36a72a0ad4a6d89fca7?s=96&d=mm&r=pg\",\"contentUrl\":\"https:\/\/secure.gravatar.com\/avatar\/a04fd330bfe3a36a72a0ad4a6d89fca7?s=96&d=mm&r=pg\",\"caption\":\"bosniak\"},\"url\":\"https:\/\/sandzakpress.net\/arhiva\/author\/bosniak\/\"}]}<\/script>\n<!-- \/ Yoast SEO Premium plugin. -->","yoast_head_json":{"title":"Izetbegovi\u0107: SDA mora vi\u0161e li\u010diti na ovu zemlju, moramo biti vi\u0161e Bosanci, pro\u0161iriti uticaj i u hrvatski i srpski korpus","robots":{"index":"index","follow":"follow","max-snippet":"max-snippet:-1","max-image-preview":"max-image-preview:large","max-video-preview":"max-video-preview:-1"},"canonical":"https:\/\/sandzakpress.net\/arhiva\/izetbegovic-sda-mora-vise-liciti-na-ovu-zemlju-moramo-biti-vise-bosanci-prosiriti-uticaj-i-u-hrvatski-i-srpski-korpus\/","og_locale":"bs_BA","og_type":"article","og_title":"Izetbegovi\u0107: SDA mora vi\u0161e li\u010diti na ovu zemlju, moramo biti vi\u0161e Bosanci, pro\u0161iriti uticaj i u hrvatski i srpski korpus","og_description":"Predsjednik Stranke demokratske akcije (SDA) Bakir izetbegovi\u0107 je ve\u010deras u sarajevskoj Vije\u0107nici, na sve\u010danoj sjednici Glavnog odbora povodom 29. godi\u0161njice osnivanja stranke, kazao da SDA mora vi\u0161e li\u010diti na ovu zemlju, da \u201cmoramo biti vi\u0161e Bosanci, pro\u0161iriti uticaj i u hrvatski i srpski korpus\u201d. Govore\u0107i o proteklih 29 godina stranke Izetbegovi\u0107 je kazao da SDA [&hellip;]","og_url":"https:\/\/sandzakpress.net\/arhiva\/izetbegovic-sda-mora-vise-liciti-na-ovu-zemlju-moramo-biti-vise-bosanci-prosiriti-uticaj-i-u-hrvatski-i-srpski-korpus\/","og_site_name":"Sand\u017eak PRESS","article_published_time":"2019-05-27T12:35:53+00:00","og_image":[{"width":1300,"height":866,"url":"https:\/\/sandzakpress.net\/arhiva\/wp-content\/uploads\/2019\/05\/3661098-1300.jpg","type":"image\/jpeg"}],"author":"bosniak","twitter_card":"summary_large_image","twitter_misc":{"Written by":"bosniak","Est. reading time":"9 minuta"},"schema":{"@context":"https:\/\/schema.org","@graph":[{"@type":"Article","@id":"https:\/\/sandzakpress.net\/arhiva\/izetbegovic-sda-mora-vise-liciti-na-ovu-zemlju-moramo-biti-vise-bosanci-prosiriti-uticaj-i-u-hrvatski-i-srpski-korpus\/#article","isPartOf":{"@id":"https:\/\/sandzakpress.net\/arhiva\/izetbegovic-sda-mora-vise-liciti-na-ovu-zemlju-moramo-biti-vise-bosanci-prosiriti-uticaj-i-u-hrvatski-i-srpski-korpus\/"},"author":{"name":"bosniak","@id":"https:\/\/sandzakpress.net\/arhiva\/#\/schema\/person\/c8baee722073534b583ea7bdb2e36c02"},"headline":"Izetbegovi\u0107: SDA mora vi\u0161e li\u010diti na ovu zemlju, moramo biti vi\u0161e Bosanci, pro\u0161iriti uticaj i u hrvatski i srpski korpus","datePublished":"2019-05-27T12:35:53+00:00","mainEntityOfPage":{"@id":"https:\/\/sandzakpress.net\/arhiva\/izetbegovic-sda-mora-vise-liciti-na-ovu-zemlju-moramo-biti-vise-bosanci-prosiriti-uticaj-i-u-hrvatski-i-srpski-korpus\/"},"wordCount":1781,"commentCount":0,"publisher":{"@id":"https:\/\/sandzakpress.net\/arhiva\/#\/schema\/person\/6e72b67d6e51910a1117b3b483ba20bd"},"image":{"@id":"https:\/\/sandzakpress.net\/arhiva\/izetbegovic-sda-mora-vise-liciti-na-ovu-zemlju-moramo-biti-vise-bosanci-prosiriti-uticaj-i-u-hrvatski-i-srpski-korpus\/#primaryimage"},"thumbnailUrl":"https:\/\/sandzakpress.net\/arhiva\/wp-content\/uploads\/2019\/05\/3661098-1300.jpg","keywords":["Bosna i Hercegovina"],"articleSection":["Bosna PRESS"],"inLanguage":"bs-BA","potentialAction":[{"@type":"CommentAction","name":"Comment","target":["https:\/\/sandzakpress.net\/arhiva\/izetbegovic-sda-mora-vise-liciti-na-ovu-zemlju-moramo-biti-vise-bosanci-prosiriti-uticaj-i-u-hrvatski-i-srpski-korpus\/#respond"]}]},{"@type":"WebPage","@id":"https:\/\/sandzakpress.net\/arhiva\/izetbegovic-sda-mora-vise-liciti-na-ovu-zemlju-moramo-biti-vise-bosanci-prosiriti-uticaj-i-u-hrvatski-i-srpski-korpus\/","url":"https:\/\/sandzakpress.net\/arhiva\/izetbegovic-sda-mora-vise-liciti-na-ovu-zemlju-moramo-biti-vise-bosanci-prosiriti-uticaj-i-u-hrvatski-i-srpski-korpus\/","name":"Izetbegovi\u0107: SDA mora vi\u0161e li\u010diti na ovu zemlju, moramo biti vi\u0161e Bosanci, pro\u0161iriti uticaj i u hrvatski i srpski korpus","isPartOf":{"@id":"https:\/\/sandzakpress.net\/arhiva\/#website"},"primaryImageOfPage":{"@id":"https:\/\/sandzakpress.net\/arhiva\/izetbegovic-sda-mora-vise-liciti-na-ovu-zemlju-moramo-biti-vise-bosanci-prosiriti-uticaj-i-u-hrvatski-i-srpski-korpus\/#primaryimage"},"image":{"@id":"https:\/\/sandzakpress.net\/arhiva\/izetbegovic-sda-mora-vise-liciti-na-ovu-zemlju-moramo-biti-vise-bosanci-prosiriti-uticaj-i-u-hrvatski-i-srpski-korpus\/#primaryimage"},"thumbnailUrl":"https:\/\/sandzakpress.net\/arhiva\/wp-content\/uploads\/2019\/05\/3661098-1300.jpg","datePublished":"2019-05-27T12:35:53+00:00","breadcrumb":{"@id":"https:\/\/sandzakpress.net\/arhiva\/izetbegovic-sda-mora-vise-liciti-na-ovu-zemlju-moramo-biti-vise-bosanci-prosiriti-uticaj-i-u-hrvatski-i-srpski-korpus\/#breadcrumb"},"inLanguage":"bs-BA","potentialAction":[{"@type":"ReadAction","target":["https:\/\/sandzakpress.net\/arhiva\/izetbegovic-sda-mora-vise-liciti-na-ovu-zemlju-moramo-biti-vise-bosanci-prosiriti-uticaj-i-u-hrvatski-i-srpski-korpus\/"]}]},{"@type":"ImageObject","inLanguage":"bs-BA","@id":"https:\/\/sandzakpress.net\/arhiva\/izetbegovic-sda-mora-vise-liciti-na-ovu-zemlju-moramo-biti-vise-bosanci-prosiriti-uticaj-i-u-hrvatski-i-srpski-korpus\/#primaryimage","url":"https:\/\/sandzakpress.net\/arhiva\/wp-content\/uploads\/2019\/05\/3661098-1300.jpg","contentUrl":"https:\/\/sandzakpress.net\/arhiva\/wp-content\/uploads\/2019\/05\/3661098-1300.jpg","width":1300,"height":866},{"@type":"BreadcrumbList","@id":"https:\/\/sandzakpress.net\/arhiva\/izetbegovic-sda-mora-vise-liciti-na-ovu-zemlju-moramo-biti-vise-bosanci-prosiriti-uticaj-i-u-hrvatski-i-srpski-korpus\/#breadcrumb","itemListElement":[{"@type":"ListItem","position":1,"name":"Home","item":"https:\/\/sandzakpress.net\/arhiva\/"},{"@type":"ListItem","position":2,"name":"Izetbegovi\u0107: SDA mora vi\u0161e li\u010diti na ovu zemlju, moramo biti vi\u0161e Bosanci, pro\u0161iriti uticaj i u hrvatski i srpski korpus"}]},{"@type":"WebSite","@id":"https:\/\/sandzakpress.net\/arhiva\/#website","url":"https:\/\/sandzakpress.net\/arhiva\/","name":"Sand\u017eak PRESS","description":"Prve elektronske novine u Sand\u017eaku","publisher":{"@id":"https:\/\/sandzakpress.net\/arhiva\/#\/schema\/person\/6e72b67d6e51910a1117b3b483ba20bd"},"potentialAction":[{"@type":"SearchAction","target":{"@type":"EntryPoint","urlTemplate":"https:\/\/sandzakpress.net\/arhiva\/?s={search_term_string}"},"query-input":{"@type":"PropertyValueSpecification","valueRequired":true,"valueName":"search_term_string"}}],"inLanguage":"bs-BA"},{"@type":["Person","Organization"],"@id":"https:\/\/sandzakpress.net\/arhiva\/#\/schema\/person\/6e72b67d6e51910a1117b3b483ba20bd","name":"Kul","image":{"@type":"ImageObject","inLanguage":"bs-BA","@id":"https:\/\/sandzakpress.net\/arhiva\/#\/schema\/person\/image\/","url":"https:\/\/secure.gravatar.com\/avatar\/42263f39aa27ac04c43cab85c280eb2e?s=96&d=mm&r=pg","contentUrl":"https:\/\/secure.gravatar.com\/avatar\/42263f39aa27ac04c43cab85c280eb2e?s=96&d=mm&r=pg","caption":"Kul"},"logo":{"@id":"https:\/\/sandzakpress.net\/arhiva\/#\/schema\/person\/image\/"}},{"@type":"Person","@id":"https:\/\/sandzakpress.net\/arhiva\/#\/schema\/person\/c8baee722073534b583ea7bdb2e36c02","name":"bosniak","image":{"@type":"ImageObject","inLanguage":"bs-BA","@id":"https:\/\/sandzakpress.net\/arhiva\/#\/schema\/person\/image\/","url":"https:\/\/secure.gravatar.com\/avatar\/a04fd330bfe3a36a72a0ad4a6d89fca7?s=96&d=mm&r=pg","contentUrl":"https:\/\/secure.gravatar.com\/avatar\/a04fd330bfe3a36a72a0ad4a6d89fca7?s=96&d=mm&r=pg","caption":"bosniak"},"url":"https:\/\/sandzakpress.net\/arhiva\/author\/bosniak\/"}]}},"_links":{"self":[{"href":"https:\/\/sandzakpress.net\/arhiva\/wp-json\/wp\/v2\/posts\/224006"}],"collection":[{"href":"https:\/\/sandzakpress.net\/arhiva\/wp-json\/wp\/v2\/posts"}],"about":[{"href":"https:\/\/sandzakpress.net\/arhiva\/wp-json\/wp\/v2\/types\/post"}],"author":[{"embeddable":true,"href":"https:\/\/sandzakpress.net\/arhiva\/wp-json\/wp\/v2\/users\/83"}],"replies":[{"embeddable":true,"href":"https:\/\/sandzakpress.net\/arhiva\/wp-json\/wp\/v2\/comments?post=224006"}],"version-history":[{"count":0,"href":"https:\/\/sandzakpress.net\/arhiva\/wp-json\/wp\/v2\/posts\/224006\/revisions"}],"wp:featuredmedia":[{"embeddable":true,"href":"https:\/\/sandzakpress.net\/arhiva\/wp-json\/wp\/v2\/media\/224007"}],"wp:attachment":[{"href":"https:\/\/sandzakpress.net\/arhiva\/wp-json\/wp\/v2\/media?parent=224006"}],"wp:term":[{"taxonomy":"category","embeddable":true,"href":"https:\/\/sandzakpress.net\/arhiva\/wp-json\/wp\/v2\/categories?post=224006"},{"taxonomy":"post_tag","embeddable":true,"href":"https:\/\/sandzakpress.net\/arhiva\/wp-json\/wp\/v2\/tags?post=224006"}],"curies":[{"name":"wp","href":"https:\/\/api.w.org\/{rel}","templated":true}]}}