{"id":223992,"date":"2019-05-27T12:55:09","date_gmt":"2019-05-27T10:55:09","guid":{"rendered":"https:\/\/sandzakpress.net\/arhiva\/?p=223992"},"modified":"2019-05-27T12:55:09","modified_gmt":"2019-05-27T10:55:09","slug":"vulin-ugljanin-da-pita-bosnjake-da-li-ce-za-njega-da-ratuju","status":"publish","type":"post","link":"https:\/\/sandzakpress.net\/arhiva\/vulin-ugljanin-da-pita-bosnjake-da-li-ce-za-njega-da-ratuju\/","title":{"rendered":"Vulin: Ugljanin da pita Bo\u0161njake da li \u0107e za njega da ratuju"},"content":{"rendered":"<p><img decoding=\"async\" class=\"aligncenter\" src=\"https:\/\/www.b92.net\/news\/pics\/2019\/05\/26\/5335263125cea84664208c307367609_v4_big.jpg\" alt=\"Foto: Tanjug\/Ministarstvo odbrane\/Jovo Mamula\" \/><\/p>\n<p><strong>Ministar odbrane Aleksandar Vulin poru\u010dio je Sulejmanu Ugljaninu da pita Bo\u0161njake da li su spremni da zbog njegove pohlepe u\u0111u u sukobe i ratove.<\/strong><\/p>\n<p>Ministar Vulin se oglasio povodom inicijative Bo\u0161nja\u010dkog nacionalnog ve\u0107a kojom se tra\u017ei specijalni status Sand\u017eaka.<\/p>\n<p>&#8220;Neka pita svoje sunarodnike ho\u0107e li mu dati svoju djecu da ih potro\u0161i u svom ludilu. Bo\u0161njaci i Srbi u Ra\u0161koj oblasti \u017eive dobro i u miru, brinu ih iste brige, raduju iste stvari, i po\u0111ednako ih pla\u0161e budale koje kada nisu ministri u Beogradu tra\u017ee rat za njihovu fotelju&#8221;, izjavio je Vulin komentari\u0161u\u0107i inicijativu BNV iza koga stoji Ugljanin.<\/p>\n<p>On je zatra\u017eio od tu\u017eila\u0161tva da djeluje i za\u0161titi mir i zakon zbog, kako je rekao, Bo\u0161njaka i Srba, zbog sve na\u0161e dece.<\/p>\n<p>&#8220;\u0160to jedan lud pokvari hiljade mudrih ne mogu da isprave. Djelujte silom zakona dok budala ne izazove silu po zakonu, a tada je kasno&#8221;, poru\u010dio je Vulin u saop\u0161tenju.<\/p>\n<div class=\"banners-middle\">(B92)<\/div>\n","protected":false},"excerpt":{"rendered":"<p>Ministar odbrane Aleksandar Vulin poru\u010dio je Sulejmanu Ugljaninu da pita Bo\u0161njake da li su spremni da zbog njegove pohlepe u\u0111u u sukobe i ratove. Ministar Vulin se oglasio povodom inicijative Bo\u0161nja\u010dkog nacionalnog ve\u0107a kojom se tra\u017ei specijalni status Sand\u017eaka. &#8220;Neka pita svoje sunarodnike ho\u0107e li mu dati svoju djecu da ih potro\u0161i u svom ludilu. [&hellip;]<\/p>\n","protected":false},"author":509,"featured_media":223996,"comment_status":"open","ping_status":"open","sticky":false,"template":"","format":"standard","meta":{"footnotes":""},"categories":[72,1,8957],"tags":[],"class_list":{"0":"post-223992","1":"post","2":"type-post","3":"status-publish","4":"format-standard","5":"has-post-thumbnail","7":"category-novi-pazar","8":"category-politika","9":"category-vijesti-dana"},"yoast_head":"<!-- This site is optimized with the Yoast SEO Premium plugin v23.1 (Yoast SEO v24.9) - https:\/\/yoast.com\/wordpress\/plugins\/seo\/ -->\n<title>Vulin: Ugljanin da pita Bo\u0161njake da li \u0107e za njega da ratuju<\/title>\n<meta name=\"robots\" content=\"index, follow, max-snippet:-1, max-image-preview:large, max-video-preview:-1\" \/>\n<link rel=\"canonical\" href=\"https:\/\/sandzakpress.net\/arhiva\/vulin-ugljanin-da-pita-bosnjake-da-li-ce-za-njega-da-ratuju\/\" \/>\n<meta property=\"og:locale\" content=\"bs_BA\" \/>\n<meta property=\"og:type\" content=\"article\" \/>\n<meta property=\"og:title\" content=\"Vulin: Ugljanin da pita Bo\u0161njake da li \u0107e za njega da ratuju\" \/>\n<meta property=\"og:description\" content=\"Ministar odbrane Aleksandar Vulin poru\u010dio je Sulejmanu Ugljaninu da pita Bo\u0161njake da li su spremni da zbog njegove pohlepe u\u0111u u sukobe i ratove. Ministar Vulin se oglasio povodom inicijative Bo\u0161nja\u010dkog nacionalnog ve\u0107a kojom se tra\u017ei specijalni status Sand\u017eaka. &#8220;Neka pita svoje sunarodnike ho\u0107e li mu dati svoju djecu da ih potro\u0161i u svom ludilu. [&hellip;]\" \/>\n<meta property=\"og:url\" content=\"https:\/\/sandzakpress.net\/arhiva\/vulin-ugljanin-da-pita-bosnjake-da-li-ce-za-njega-da-ratuju\/\" \/>\n<meta property=\"og:site_name\" content=\"Sand\u017eak PRESS\" \/>\n<meta property=\"article:published_time\" content=\"2019-05-27T10:55:09+00:00\" \/>\n<meta property=\"og:image\" content=\"https:\/\/sandzakpress.net\/arhiva\/wp-content\/uploads\/2019\/05\/5335263125cea84664208c307367609_v4_big.jpg\" \/>\n\t<meta property=\"og:image:width\" content=\"640\" \/>\n\t<meta property=\"og:image:height\" content=\"427\" \/>\n\t<meta property=\"og:image:type\" content=\"image\/jpeg\" \/>\n<meta name=\"author\" content=\"Agencija\" \/>\n<meta name=\"twitter:card\" content=\"summary_large_image\" \/>\n<meta name=\"twitter:label1\" content=\"Written by\" \/>\n\t<meta name=\"twitter:data1\" content=\"Agencija\" \/>\n\t<meta name=\"twitter:label2\" content=\"Est. reading time\" \/>\n\t<meta name=\"twitter:data2\" content=\"1 minuta\" \/>\n<script type=\"application\/ld+json\" class=\"yoast-schema-graph\">{\"@context\":\"https:\/\/schema.org\",\"@graph\":[{\"@type\":\"Article\",\"@id\":\"https:\/\/sandzakpress.net\/arhiva\/vulin-ugljanin-da-pita-bosnjake-da-li-ce-za-njega-da-ratuju\/#article\",\"isPartOf\":{\"@id\":\"https:\/\/sandzakpress.net\/arhiva\/vulin-ugljanin-da-pita-bosnjake-da-li-ce-za-njega-da-ratuju\/\"},\"author\":{\"name\":\"Agencija\",\"@id\":\"https:\/\/sandzakpress.net\/arhiva\/#\/schema\/person\/cb59d7e3ab91ab90dd680ad0305a6185\"},\"headline\":\"Vulin: Ugljanin da pita Bo\u0161njake da li \u0107e za njega da ratuju\",\"datePublished\":\"2019-05-27T10:55:09+00:00\",\"mainEntityOfPage\":{\"@id\":\"https:\/\/sandzakpress.net\/arhiva\/vulin-ugljanin-da-pita-bosnjake-da-li-ce-za-njega-da-ratuju\/\"},\"wordCount\":190,\"commentCount\":4,\"publisher\":{\"@id\":\"https:\/\/sandzakpress.net\/arhiva\/#\/schema\/person\/6e72b67d6e51910a1117b3b483ba20bd\"},\"image\":{\"@id\":\"https:\/\/sandzakpress.net\/arhiva\/vulin-ugljanin-da-pita-bosnjake-da-li-ce-za-njega-da-ratuju\/#primaryimage\"},\"thumbnailUrl\":\"https:\/\/sandzakpress.net\/arhiva\/wp-content\/uploads\/2019\/05\/5335263125cea84664208c307367609_v4_big.jpg\",\"articleSection\":[\"Novi Pazar\",\"Politika\",\"VIJESTI DANA\"],\"inLanguage\":\"bs-BA\",\"potentialAction\":[{\"@type\":\"CommentAction\",\"name\":\"Comment\",\"target\":[\"https:\/\/sandzakpress.net\/arhiva\/vulin-ugljanin-da-pita-bosnjake-da-li-ce-za-njega-da-ratuju\/#respond\"]}]},{\"@type\":\"WebPage\",\"@id\":\"https:\/\/sandzakpress.net\/arhiva\/vulin-ugljanin-da-pita-bosnjake-da-li-ce-za-njega-da-ratuju\/\",\"url\":\"https:\/\/sandzakpress.net\/arhiva\/vulin-ugljanin-da-pita-bosnjake-da-li-ce-za-njega-da-ratuju\/\",\"name\":\"Vulin: Ugljanin da pita Bo\u0161njake da li \u0107e za njega da ratuju\",\"isPartOf\":{\"@id\":\"https:\/\/sandzakpress.net\/arhiva\/#website\"},\"primaryImageOfPage\":{\"@id\":\"https:\/\/sandzakpress.net\/arhiva\/vulin-ugljanin-da-pita-bosnjake-da-li-ce-za-njega-da-ratuju\/#primaryimage\"},\"image\":{\"@id\":\"https:\/\/sandzakpress.net\/arhiva\/vulin-ugljanin-da-pita-bosnjake-da-li-ce-za-njega-da-ratuju\/#primaryimage\"},\"thumbnailUrl\":\"https:\/\/sandzakpress.net\/arhiva\/wp-content\/uploads\/2019\/05\/5335263125cea84664208c307367609_v4_big.jpg\",\"datePublished\":\"2019-05-27T10:55:09+00:00\",\"breadcrumb\":{\"@id\":\"https:\/\/sandzakpress.net\/arhiva\/vulin-ugljanin-da-pita-bosnjake-da-li-ce-za-njega-da-ratuju\/#breadcrumb\"},\"inLanguage\":\"bs-BA\",\"potentialAction\":[{\"@type\":\"ReadAction\",\"target\":[\"https:\/\/sandzakpress.net\/arhiva\/vulin-ugljanin-da-pita-bosnjake-da-li-ce-za-njega-da-ratuju\/\"]}]},{\"@type\":\"ImageObject\",\"inLanguage\":\"bs-BA\",\"@id\":\"https:\/\/sandzakpress.net\/arhiva\/vulin-ugljanin-da-pita-bosnjake-da-li-ce-za-njega-da-ratuju\/#primaryimage\",\"url\":\"https:\/\/sandzakpress.net\/arhiva\/wp-content\/uploads\/2019\/05\/5335263125cea84664208c307367609_v4_big.jpg\",\"contentUrl\":\"https:\/\/sandzakpress.net\/arhiva\/wp-content\/uploads\/2019\/05\/5335263125cea84664208c307367609_v4_big.jpg\",\"width\":640,\"height\":427},{\"@type\":\"BreadcrumbList\",\"@id\":\"https:\/\/sandzakpress.net\/arhiva\/vulin-ugljanin-da-pita-bosnjake-da-li-ce-za-njega-da-ratuju\/#breadcrumb\",\"itemListElement\":[{\"@type\":\"ListItem\",\"position\":1,\"name\":\"Home\",\"item\":\"https:\/\/sandzakpress.net\/arhiva\/\"},{\"@type\":\"ListItem\",\"position\":2,\"name\":\"Vulin: Ugljanin da pita Bo\u0161njake da li \u0107e za njega da ratuju\"}]},{\"@type\":\"WebSite\",\"@id\":\"https:\/\/sandzakpress.net\/arhiva\/#website\",\"url\":\"https:\/\/sandzakpress.net\/arhiva\/\",\"name\":\"Sand\u017eak PRESS\",\"description\":\"Prve elektronske novine u Sand\u017eaku\",\"publisher\":{\"@id\":\"https:\/\/sandzakpress.net\/arhiva\/#\/schema\/person\/6e72b67d6e51910a1117b3b483ba20bd\"},\"potentialAction\":[{\"@type\":\"SearchAction\",\"target\":{\"@type\":\"EntryPoint\",\"urlTemplate\":\"https:\/\/sandzakpress.net\/arhiva\/?s={search_term_string}\"},\"query-input\":{\"@type\":\"PropertyValueSpecification\",\"valueRequired\":true,\"valueName\":\"search_term_string\"}}],\"inLanguage\":\"bs-BA\"},{\"@type\":[\"Person\",\"Organization\"],\"@id\":\"https:\/\/sandzakpress.net\/arhiva\/#\/schema\/person\/6e72b67d6e51910a1117b3b483ba20bd\",\"name\":\"Kul\",\"image\":{\"@type\":\"ImageObject\",\"inLanguage\":\"bs-BA\",\"@id\":\"https:\/\/sandzakpress.net\/arhiva\/#\/schema\/person\/image\/\",\"url\":\"https:\/\/secure.gravatar.com\/avatar\/42263f39aa27ac04c43cab85c280eb2e?s=96&d=mm&r=pg\",\"contentUrl\":\"https:\/\/secure.gravatar.com\/avatar\/42263f39aa27ac04c43cab85c280eb2e?s=96&d=mm&r=pg\",\"caption\":\"Kul\"},\"logo\":{\"@id\":\"https:\/\/sandzakpress.net\/arhiva\/#\/schema\/person\/image\/\"}},{\"@type\":\"Person\",\"@id\":\"https:\/\/sandzakpress.net\/arhiva\/#\/schema\/person\/cb59d7e3ab91ab90dd680ad0305a6185\",\"name\":\"Agencija\",\"image\":{\"@type\":\"ImageObject\",\"inLanguage\":\"bs-BA\",\"@id\":\"https:\/\/sandzakpress.net\/arhiva\/#\/schema\/person\/image\/\",\"url\":\"https:\/\/secure.gravatar.com\/avatar\/4b7fafa80a22f0c2afe23966b3961fe0?s=96&d=mm&r=pg\",\"contentUrl\":\"https:\/\/secure.gravatar.com\/avatar\/4b7fafa80a22f0c2afe23966b3961fe0?s=96&d=mm&r=pg\",\"caption\":\"Agencija\"},\"url\":\"https:\/\/sandzakpress.net\/arhiva\/author\/agencija\/\"}]}<\/script>\n<!-- \/ Yoast SEO Premium plugin. -->","yoast_head_json":{"title":"Vulin: Ugljanin da pita Bo\u0161njake da li \u0107e za njega da ratuju","robots":{"index":"index","follow":"follow","max-snippet":"max-snippet:-1","max-image-preview":"max-image-preview:large","max-video-preview":"max-video-preview:-1"},"canonical":"https:\/\/sandzakpress.net\/arhiva\/vulin-ugljanin-da-pita-bosnjake-da-li-ce-za-njega-da-ratuju\/","og_locale":"bs_BA","og_type":"article","og_title":"Vulin: Ugljanin da pita Bo\u0161njake da li \u0107e za njega da ratuju","og_description":"Ministar odbrane Aleksandar Vulin poru\u010dio je Sulejmanu Ugljaninu da pita Bo\u0161njake da li su spremni da zbog njegove pohlepe u\u0111u u sukobe i ratove. Ministar Vulin se oglasio povodom inicijative Bo\u0161nja\u010dkog nacionalnog ve\u0107a kojom se tra\u017ei specijalni status Sand\u017eaka. &#8220;Neka pita svoje sunarodnike ho\u0107e li mu dati svoju djecu da ih potro\u0161i u svom ludilu. [&hellip;]","og_url":"https:\/\/sandzakpress.net\/arhiva\/vulin-ugljanin-da-pita-bosnjake-da-li-ce-za-njega-da-ratuju\/","og_site_name":"Sand\u017eak PRESS","article_published_time":"2019-05-27T10:55:09+00:00","og_image":[{"width":640,"height":427,"url":"https:\/\/sandzakpress.net\/arhiva\/wp-content\/uploads\/2019\/05\/5335263125cea84664208c307367609_v4_big.jpg","type":"image\/jpeg"}],"author":"Agencija","twitter_card":"summary_large_image","twitter_misc":{"Written by":"Agencija","Est. reading time":"1 minuta"},"schema":{"@context":"https:\/\/schema.org","@graph":[{"@type":"Article","@id":"https:\/\/sandzakpress.net\/arhiva\/vulin-ugljanin-da-pita-bosnjake-da-li-ce-za-njega-da-ratuju\/#article","isPartOf":{"@id":"https:\/\/sandzakpress.net\/arhiva\/vulin-ugljanin-da-pita-bosnjake-da-li-ce-za-njega-da-ratuju\/"},"author":{"name":"Agencija","@id":"https:\/\/sandzakpress.net\/arhiva\/#\/schema\/person\/cb59d7e3ab91ab90dd680ad0305a6185"},"headline":"Vulin: Ugljanin da pita Bo\u0161njake da li \u0107e za njega da ratuju","datePublished":"2019-05-27T10:55:09+00:00","mainEntityOfPage":{"@id":"https:\/\/sandzakpress.net\/arhiva\/vulin-ugljanin-da-pita-bosnjake-da-li-ce-za-njega-da-ratuju\/"},"wordCount":190,"commentCount":4,"publisher":{"@id":"https:\/\/sandzakpress.net\/arhiva\/#\/schema\/person\/6e72b67d6e51910a1117b3b483ba20bd"},"image":{"@id":"https:\/\/sandzakpress.net\/arhiva\/vulin-ugljanin-da-pita-bosnjake-da-li-ce-za-njega-da-ratuju\/#primaryimage"},"thumbnailUrl":"https:\/\/sandzakpress.net\/arhiva\/wp-content\/uploads\/2019\/05\/5335263125cea84664208c307367609_v4_big.jpg","articleSection":["Novi Pazar","Politika","VIJESTI DANA"],"inLanguage":"bs-BA","potentialAction":[{"@type":"CommentAction","name":"Comment","target":["https:\/\/sandzakpress.net\/arhiva\/vulin-ugljanin-da-pita-bosnjake-da-li-ce-za-njega-da-ratuju\/#respond"]}]},{"@type":"WebPage","@id":"https:\/\/sandzakpress.net\/arhiva\/vulin-ugljanin-da-pita-bosnjake-da-li-ce-za-njega-da-ratuju\/","url":"https:\/\/sandzakpress.net\/arhiva\/vulin-ugljanin-da-pita-bosnjake-da-li-ce-za-njega-da-ratuju\/","name":"Vulin: Ugljanin da pita Bo\u0161njake da li \u0107e za njega da ratuju","isPartOf":{"@id":"https:\/\/sandzakpress.net\/arhiva\/#website"},"primaryImageOfPage":{"@id":"https:\/\/sandzakpress.net\/arhiva\/vulin-ugljanin-da-pita-bosnjake-da-li-ce-za-njega-da-ratuju\/#primaryimage"},"image":{"@id":"https:\/\/sandzakpress.net\/arhiva\/vulin-ugljanin-da-pita-bosnjake-da-li-ce-za-njega-da-ratuju\/#primaryimage"},"thumbnailUrl":"https:\/\/sandzakpress.net\/arhiva\/wp-content\/uploads\/2019\/05\/5335263125cea84664208c307367609_v4_big.jpg","datePublished":"2019-05-27T10:55:09+00:00","breadcrumb":{"@id":"https:\/\/sandzakpress.net\/arhiva\/vulin-ugljanin-da-pita-bosnjake-da-li-ce-za-njega-da-ratuju\/#breadcrumb"},"inLanguage":"bs-BA","potentialAction":[{"@type":"ReadAction","target":["https:\/\/sandzakpress.net\/arhiva\/vulin-ugljanin-da-pita-bosnjake-da-li-ce-za-njega-da-ratuju\/"]}]},{"@type":"ImageObject","inLanguage":"bs-BA","@id":"https:\/\/sandzakpress.net\/arhiva\/vulin-ugljanin-da-pita-bosnjake-da-li-ce-za-njega-da-ratuju\/#primaryimage","url":"https:\/\/sandzakpress.net\/arhiva\/wp-content\/uploads\/2019\/05\/5335263125cea84664208c307367609_v4_big.jpg","contentUrl":"https:\/\/sandzakpress.net\/arhiva\/wp-content\/uploads\/2019\/05\/5335263125cea84664208c307367609_v4_big.jpg","width":640,"height":427},{"@type":"BreadcrumbList","@id":"https:\/\/sandzakpress.net\/arhiva\/vulin-ugljanin-da-pita-bosnjake-da-li-ce-za-njega-da-ratuju\/#breadcrumb","itemListElement":[{"@type":"ListItem","position":1,"name":"Home","item":"https:\/\/sandzakpress.net\/arhiva\/"},{"@type":"ListItem","position":2,"name":"Vulin: Ugljanin da pita Bo\u0161njake da li \u0107e za njega da ratuju"}]},{"@type":"WebSite","@id":"https:\/\/sandzakpress.net\/arhiva\/#website","url":"https:\/\/sandzakpress.net\/arhiva\/","name":"Sand\u017eak PRESS","description":"Prve elektronske novine u Sand\u017eaku","publisher":{"@id":"https:\/\/sandzakpress.net\/arhiva\/#\/schema\/person\/6e72b67d6e51910a1117b3b483ba20bd"},"potentialAction":[{"@type":"SearchAction","target":{"@type":"EntryPoint","urlTemplate":"https:\/\/sandzakpress.net\/arhiva\/?s={search_term_string}"},"query-input":{"@type":"PropertyValueSpecification","valueRequired":true,"valueName":"search_term_string"}}],"inLanguage":"bs-BA"},{"@type":["Person","Organization"],"@id":"https:\/\/sandzakpress.net\/arhiva\/#\/schema\/person\/6e72b67d6e51910a1117b3b483ba20bd","name":"Kul","image":{"@type":"ImageObject","inLanguage":"bs-BA","@id":"https:\/\/sandzakpress.net\/arhiva\/#\/schema\/person\/image\/","url":"https:\/\/secure.gravatar.com\/avatar\/42263f39aa27ac04c43cab85c280eb2e?s=96&d=mm&r=pg","contentUrl":"https:\/\/secure.gravatar.com\/avatar\/42263f39aa27ac04c43cab85c280eb2e?s=96&d=mm&r=pg","caption":"Kul"},"logo":{"@id":"https:\/\/sandzakpress.net\/arhiva\/#\/schema\/person\/image\/"}},{"@type":"Person","@id":"https:\/\/sandzakpress.net\/arhiva\/#\/schema\/person\/cb59d7e3ab91ab90dd680ad0305a6185","name":"Agencija","image":{"@type":"ImageObject","inLanguage":"bs-BA","@id":"https:\/\/sandzakpress.net\/arhiva\/#\/schema\/person\/image\/","url":"https:\/\/secure.gravatar.com\/avatar\/4b7fafa80a22f0c2afe23966b3961fe0?s=96&d=mm&r=pg","contentUrl":"https:\/\/secure.gravatar.com\/avatar\/4b7fafa80a22f0c2afe23966b3961fe0?s=96&d=mm&r=pg","caption":"Agencija"},"url":"https:\/\/sandzakpress.net\/arhiva\/author\/agencija\/"}]}},"_links":{"self":[{"href":"https:\/\/sandzakpress.net\/arhiva\/wp-json\/wp\/v2\/posts\/223992"}],"collection":[{"href":"https:\/\/sandzakpress.net\/arhiva\/wp-json\/wp\/v2\/posts"}],"about":[{"href":"https:\/\/sandzakpress.net\/arhiva\/wp-json\/wp\/v2\/types\/post"}],"author":[{"embeddable":true,"href":"https:\/\/sandzakpress.net\/arhiva\/wp-json\/wp\/v2\/users\/509"}],"replies":[{"embeddable":true,"href":"https:\/\/sandzakpress.net\/arhiva\/wp-json\/wp\/v2\/comments?post=223992"}],"version-history":[{"count":0,"href":"https:\/\/sandzakpress.net\/arhiva\/wp-json\/wp\/v2\/posts\/223992\/revisions"}],"wp:featuredmedia":[{"embeddable":true,"href":"https:\/\/sandzakpress.net\/arhiva\/wp-json\/wp\/v2\/media\/223996"}],"wp:attachment":[{"href":"https:\/\/sandzakpress.net\/arhiva\/wp-json\/wp\/v2\/media?parent=223992"}],"wp:term":[{"taxonomy":"category","embeddable":true,"href":"https:\/\/sandzakpress.net\/arhiva\/wp-json\/wp\/v2\/categories?post=223992"},{"taxonomy":"post_tag","embeddable":true,"href":"https:\/\/sandzakpress.net\/arhiva\/wp-json\/wp\/v2\/tags?post=223992"}],"curies":[{"name":"wp","href":"https:\/\/api.w.org\/{rel}","templated":true}]}}