{"id":223991,"date":"2019-05-27T12:52:14","date_gmt":"2019-05-27T10:52:14","guid":{"rendered":"https:\/\/sandzakpress.net\/arhiva\/?p=223991"},"modified":"2019-05-27T12:52:14","modified_gmt":"2019-05-27T10:52:14","slug":"ruzic-ekstremisticko-huskanje-ugljanina","status":"publish","type":"post","link":"https:\/\/sandzakpress.net\/arhiva\/ruzic-ekstremisticko-huskanje-ugljanina\/","title":{"rendered":"Ru\u017ei\u0107: Ekstremisti\u010dko hu\u0161kanje Ugljanina"},"content":{"rendered":"<p><img decoding=\"async\" src=\"https:\/\/indeksonline.rs\/wp-content\/uploads\/2019\/05\/0504_ruzzich_ds_pnl-kraj.jpg\" \/><\/p>\n<p><strong>Ministar drzavne uprave i lokalne samouprave Branko Ru\u017ei\u0107 izjavio da je sadr\u017eina dokumenta koji predla\u017ee Sulejman Ugljanin veoma opasna i da odi\u0161e ekstremisti\u010dkim hu\u0161kanjem s po\u010detka 90-ih godina.<\/strong><\/p>\n<p>Bo\u0161nja\u010dko nacionalno vije\u0107e (BNV), iza koga stoji Sulejman Ugljanin, pokrenulo je incijativu kojom se predvi\u0111a uspostavljanje specijalnog statusa za regiju Sand\u017eak.<\/p>\n<p>\u201cBilo bi mu bolje da shvati da je i dalje zarobljen u tom vremenu, da je retrogradan, stati\u010dan, bez kreacije i sklon destrukciji, a mo\u017eda u konkretnom slu\u010daju i samodestrukciji\u201d, naveo je Ru\u017ei\u0107.<\/p>\n<p>On je ocijenio da \u201covo nije nista vi\u0161e nego politi\u010dki pamflet politi\u010dkog davljenika \u017eeljnog pa\u017enje i besmislenog antidr\u017eavnog voajerizma\u201d.<\/p>\n<p>Prema rije\u010dima Ru\u017ei\u0107a, odlu\u010dio je da to izjavi u dr\u017eavi \u010dije opho\u0111enje prema manjinama hvali cio svet i sve referentne me\u0111unarodne organizacije, u dr\u017eavi koja svojim zakonima i djelima pokazuje da je tih 13 odsto stanovni\u0161tva koji pripadaju nekoj manjini dragocenost ove zemlje.<\/p>\n<p>\u201cTu dragocenost ne mo\u017ee devalvirati i uru\u0161iti doti\u010dni politi\u010dki voajer, pritom ne vode\u0107i ra\u010duna o pripadnicima manjine kojoj i sam pripada, zastra\u0161uju\u0107i sve gra\u0111ane Srbije, ne po\u0161tuju\u0107i ni Ustav ni zakone dr\u017eave u kojoj \u017eivi\u201d, poru\u010dio je Ru\u017ei\u0107.<\/p>\n<p>Ministar u \u010dijoj je nadle\u017enosti i briga o manjinskim politikama, podsje\u0107a i da Ugljanin nije imao ni pribli\u017ean stav prema dr\u017eavi i na\u010dinu na koji se ona ophodi prema manjinama dok je bio ministar u njenoj vladi.<\/p>\n<hr \/>\n<p><em>Tanjug<\/em><\/p>\n","protected":false},"excerpt":{"rendered":"<p>Ministar drzavne uprave i lokalne samouprave Branko Ru\u017ei\u0107 izjavio da je sadr\u017eina dokumenta koji predla\u017ee Sulejman Ugljanin veoma opasna i da odi\u0161e ekstremisti\u010dkim hu\u0161kanjem s po\u010detka 90-ih godina. Bo\u0161nja\u010dko nacionalno vije\u0107e (BNV), iza koga stoji Sulejman Ugljanin, pokrenulo je incijativu kojom se predvi\u0111a uspostavljanje specijalnog statusa za regiju Sand\u017eak. \u201cBilo bi mu bolje da shvati [&hellip;]<\/p>\n","protected":false},"author":509,"featured_media":223995,"comment_status":"open","ping_status":"open","sticky":false,"template":"","format":"standard","meta":{"footnotes":""},"categories":[72,1,8957],"tags":[],"class_list":{"0":"post-223991","1":"post","2":"type-post","3":"status-publish","4":"format-standard","5":"has-post-thumbnail","7":"category-novi-pazar","8":"category-politika","9":"category-vijesti-dana"},"yoast_head":"<!-- This site is optimized with the Yoast SEO Premium plugin v23.1 (Yoast SEO v24.9) - https:\/\/yoast.com\/wordpress\/plugins\/seo\/ -->\n<title>Ru\u017ei\u0107: Ekstremisti\u010dko hu\u0161kanje Ugljanina<\/title>\n<meta name=\"robots\" content=\"index, follow, max-snippet:-1, max-image-preview:large, max-video-preview:-1\" \/>\n<link rel=\"canonical\" href=\"https:\/\/sandzakpress.net\/arhiva\/ruzic-ekstremisticko-huskanje-ugljanina\/\" \/>\n<meta property=\"og:locale\" content=\"bs_BA\" \/>\n<meta property=\"og:type\" content=\"article\" \/>\n<meta property=\"og:title\" content=\"Ru\u017ei\u0107: Ekstremisti\u010dko hu\u0161kanje Ugljanina\" \/>\n<meta property=\"og:description\" content=\"Ministar drzavne uprave i lokalne samouprave Branko Ru\u017ei\u0107 izjavio da je sadr\u017eina dokumenta koji predla\u017ee Sulejman Ugljanin veoma opasna i da odi\u0161e ekstremisti\u010dkim hu\u0161kanjem s po\u010detka 90-ih godina. Bo\u0161nja\u010dko nacionalno vije\u0107e (BNV), iza koga stoji Sulejman Ugljanin, pokrenulo je incijativu kojom se predvi\u0111a uspostavljanje specijalnog statusa za regiju Sand\u017eak. \u201cBilo bi mu bolje da shvati [&hellip;]\" \/>\n<meta property=\"og:url\" content=\"https:\/\/sandzakpress.net\/arhiva\/ruzic-ekstremisticko-huskanje-ugljanina\/\" \/>\n<meta property=\"og:site_name\" content=\"Sand\u017eak PRESS\" \/>\n<meta property=\"article:published_time\" content=\"2019-05-27T10:52:14+00:00\" \/>\n<meta property=\"og:image\" content=\"https:\/\/sandzakpress.net\/arhiva\/wp-content\/uploads\/2019\/05\/0504_ruzzich_ds_pnl-kraj.jpg\" \/>\n\t<meta property=\"og:image:width\" content=\"640\" \/>\n\t<meta property=\"og:image:height\" content=\"360\" \/>\n\t<meta property=\"og:image:type\" content=\"image\/jpeg\" \/>\n<meta name=\"author\" content=\"Agencija\" \/>\n<meta name=\"twitter:card\" content=\"summary_large_image\" \/>\n<meta name=\"twitter:label1\" content=\"Written by\" \/>\n\t<meta name=\"twitter:data1\" content=\"Agencija\" \/>\n\t<meta name=\"twitter:label2\" content=\"Est. reading time\" \/>\n\t<meta name=\"twitter:data2\" content=\"1 minuta\" \/>\n<script type=\"application\/ld+json\" class=\"yoast-schema-graph\">{\"@context\":\"https:\/\/schema.org\",\"@graph\":[{\"@type\":\"Article\",\"@id\":\"https:\/\/sandzakpress.net\/arhiva\/ruzic-ekstremisticko-huskanje-ugljanina\/#article\",\"isPartOf\":{\"@id\":\"https:\/\/sandzakpress.net\/arhiva\/ruzic-ekstremisticko-huskanje-ugljanina\/\"},\"author\":{\"name\":\"Agencija\",\"@id\":\"https:\/\/sandzakpress.net\/arhiva\/#\/schema\/person\/cb59d7e3ab91ab90dd680ad0305a6185\"},\"headline\":\"Ru\u017ei\u0107: Ekstremisti\u010dko hu\u0161kanje Ugljanina\",\"datePublished\":\"2019-05-27T10:52:14+00:00\",\"mainEntityOfPage\":{\"@id\":\"https:\/\/sandzakpress.net\/arhiva\/ruzic-ekstremisticko-huskanje-ugljanina\/\"},\"wordCount\":275,\"commentCount\":0,\"publisher\":{\"@id\":\"https:\/\/sandzakpress.net\/arhiva\/#\/schema\/person\/6e72b67d6e51910a1117b3b483ba20bd\"},\"image\":{\"@id\":\"https:\/\/sandzakpress.net\/arhiva\/ruzic-ekstremisticko-huskanje-ugljanina\/#primaryimage\"},\"thumbnailUrl\":\"https:\/\/sandzakpress.net\/arhiva\/wp-content\/uploads\/2019\/05\/0504_ruzzich_ds_pnl-kraj.jpg\",\"articleSection\":[\"Novi Pazar\",\"Politika\",\"VIJESTI DANA\"],\"inLanguage\":\"bs-BA\",\"potentialAction\":[{\"@type\":\"CommentAction\",\"name\":\"Comment\",\"target\":[\"https:\/\/sandzakpress.net\/arhiva\/ruzic-ekstremisticko-huskanje-ugljanina\/#respond\"]}]},{\"@type\":\"WebPage\",\"@id\":\"https:\/\/sandzakpress.net\/arhiva\/ruzic-ekstremisticko-huskanje-ugljanina\/\",\"url\":\"https:\/\/sandzakpress.net\/arhiva\/ruzic-ekstremisticko-huskanje-ugljanina\/\",\"name\":\"Ru\u017ei\u0107: Ekstremisti\u010dko hu\u0161kanje Ugljanina\",\"isPartOf\":{\"@id\":\"https:\/\/sandzakpress.net\/arhiva\/#website\"},\"primaryImageOfPage\":{\"@id\":\"https:\/\/sandzakpress.net\/arhiva\/ruzic-ekstremisticko-huskanje-ugljanina\/#primaryimage\"},\"image\":{\"@id\":\"https:\/\/sandzakpress.net\/arhiva\/ruzic-ekstremisticko-huskanje-ugljanina\/#primaryimage\"},\"thumbnailUrl\":\"https:\/\/sandzakpress.net\/arhiva\/wp-content\/uploads\/2019\/05\/0504_ruzzich_ds_pnl-kraj.jpg\",\"datePublished\":\"2019-05-27T10:52:14+00:00\",\"breadcrumb\":{\"@id\":\"https:\/\/sandzakpress.net\/arhiva\/ruzic-ekstremisticko-huskanje-ugljanina\/#breadcrumb\"},\"inLanguage\":\"bs-BA\",\"potentialAction\":[{\"@type\":\"ReadAction\",\"target\":[\"https:\/\/sandzakpress.net\/arhiva\/ruzic-ekstremisticko-huskanje-ugljanina\/\"]}]},{\"@type\":\"ImageObject\",\"inLanguage\":\"bs-BA\",\"@id\":\"https:\/\/sandzakpress.net\/arhiva\/ruzic-ekstremisticko-huskanje-ugljanina\/#primaryimage\",\"url\":\"https:\/\/sandzakpress.net\/arhiva\/wp-content\/uploads\/2019\/05\/0504_ruzzich_ds_pnl-kraj.jpg\",\"contentUrl\":\"https:\/\/sandzakpress.net\/arhiva\/wp-content\/uploads\/2019\/05\/0504_ruzzich_ds_pnl-kraj.jpg\",\"width\":640,\"height\":360},{\"@type\":\"BreadcrumbList\",\"@id\":\"https:\/\/sandzakpress.net\/arhiva\/ruzic-ekstremisticko-huskanje-ugljanina\/#breadcrumb\",\"itemListElement\":[{\"@type\":\"ListItem\",\"position\":1,\"name\":\"Home\",\"item\":\"https:\/\/sandzakpress.net\/arhiva\/\"},{\"@type\":\"ListItem\",\"position\":2,\"name\":\"Ru\u017ei\u0107: Ekstremisti\u010dko hu\u0161kanje Ugljanina\"}]},{\"@type\":\"WebSite\",\"@id\":\"https:\/\/sandzakpress.net\/arhiva\/#website\",\"url\":\"https:\/\/sandzakpress.net\/arhiva\/\",\"name\":\"Sand\u017eak PRESS\",\"description\":\"Prve elektronske novine u Sand\u017eaku\",\"publisher\":{\"@id\":\"https:\/\/sandzakpress.net\/arhiva\/#\/schema\/person\/6e72b67d6e51910a1117b3b483ba20bd\"},\"potentialAction\":[{\"@type\":\"SearchAction\",\"target\":{\"@type\":\"EntryPoint\",\"urlTemplate\":\"https:\/\/sandzakpress.net\/arhiva\/?s={search_term_string}\"},\"query-input\":{\"@type\":\"PropertyValueSpecification\",\"valueRequired\":true,\"valueName\":\"search_term_string\"}}],\"inLanguage\":\"bs-BA\"},{\"@type\":[\"Person\",\"Organization\"],\"@id\":\"https:\/\/sandzakpress.net\/arhiva\/#\/schema\/person\/6e72b67d6e51910a1117b3b483ba20bd\",\"name\":\"Kul\",\"image\":{\"@type\":\"ImageObject\",\"inLanguage\":\"bs-BA\",\"@id\":\"https:\/\/sandzakpress.net\/arhiva\/#\/schema\/person\/image\/\",\"url\":\"https:\/\/secure.gravatar.com\/avatar\/42263f39aa27ac04c43cab85c280eb2e?s=96&d=mm&r=pg\",\"contentUrl\":\"https:\/\/secure.gravatar.com\/avatar\/42263f39aa27ac04c43cab85c280eb2e?s=96&d=mm&r=pg\",\"caption\":\"Kul\"},\"logo\":{\"@id\":\"https:\/\/sandzakpress.net\/arhiva\/#\/schema\/person\/image\/\"}},{\"@type\":\"Person\",\"@id\":\"https:\/\/sandzakpress.net\/arhiva\/#\/schema\/person\/cb59d7e3ab91ab90dd680ad0305a6185\",\"name\":\"Agencija\",\"image\":{\"@type\":\"ImageObject\",\"inLanguage\":\"bs-BA\",\"@id\":\"https:\/\/sandzakpress.net\/arhiva\/#\/schema\/person\/image\/\",\"url\":\"https:\/\/secure.gravatar.com\/avatar\/4b7fafa80a22f0c2afe23966b3961fe0?s=96&d=mm&r=pg\",\"contentUrl\":\"https:\/\/secure.gravatar.com\/avatar\/4b7fafa80a22f0c2afe23966b3961fe0?s=96&d=mm&r=pg\",\"caption\":\"Agencija\"},\"url\":\"https:\/\/sandzakpress.net\/arhiva\/author\/agencija\/\"}]}<\/script>\n<!-- \/ Yoast SEO Premium plugin. -->","yoast_head_json":{"title":"Ru\u017ei\u0107: Ekstremisti\u010dko hu\u0161kanje Ugljanina","robots":{"index":"index","follow":"follow","max-snippet":"max-snippet:-1","max-image-preview":"max-image-preview:large","max-video-preview":"max-video-preview:-1"},"canonical":"https:\/\/sandzakpress.net\/arhiva\/ruzic-ekstremisticko-huskanje-ugljanina\/","og_locale":"bs_BA","og_type":"article","og_title":"Ru\u017ei\u0107: Ekstremisti\u010dko hu\u0161kanje Ugljanina","og_description":"Ministar drzavne uprave i lokalne samouprave Branko Ru\u017ei\u0107 izjavio da je sadr\u017eina dokumenta koji predla\u017ee Sulejman Ugljanin veoma opasna i da odi\u0161e ekstremisti\u010dkim hu\u0161kanjem s po\u010detka 90-ih godina. Bo\u0161nja\u010dko nacionalno vije\u0107e (BNV), iza koga stoji Sulejman Ugljanin, pokrenulo je incijativu kojom se predvi\u0111a uspostavljanje specijalnog statusa za regiju Sand\u017eak. \u201cBilo bi mu bolje da shvati [&hellip;]","og_url":"https:\/\/sandzakpress.net\/arhiva\/ruzic-ekstremisticko-huskanje-ugljanina\/","og_site_name":"Sand\u017eak PRESS","article_published_time":"2019-05-27T10:52:14+00:00","og_image":[{"width":640,"height":360,"url":"https:\/\/sandzakpress.net\/arhiva\/wp-content\/uploads\/2019\/05\/0504_ruzzich_ds_pnl-kraj.jpg","type":"image\/jpeg"}],"author":"Agencija","twitter_card":"summary_large_image","twitter_misc":{"Written by":"Agencija","Est. reading time":"1 minuta"},"schema":{"@context":"https:\/\/schema.org","@graph":[{"@type":"Article","@id":"https:\/\/sandzakpress.net\/arhiva\/ruzic-ekstremisticko-huskanje-ugljanina\/#article","isPartOf":{"@id":"https:\/\/sandzakpress.net\/arhiva\/ruzic-ekstremisticko-huskanje-ugljanina\/"},"author":{"name":"Agencija","@id":"https:\/\/sandzakpress.net\/arhiva\/#\/schema\/person\/cb59d7e3ab91ab90dd680ad0305a6185"},"headline":"Ru\u017ei\u0107: Ekstremisti\u010dko hu\u0161kanje Ugljanina","datePublished":"2019-05-27T10:52:14+00:00","mainEntityOfPage":{"@id":"https:\/\/sandzakpress.net\/arhiva\/ruzic-ekstremisticko-huskanje-ugljanina\/"},"wordCount":275,"commentCount":0,"publisher":{"@id":"https:\/\/sandzakpress.net\/arhiva\/#\/schema\/person\/6e72b67d6e51910a1117b3b483ba20bd"},"image":{"@id":"https:\/\/sandzakpress.net\/arhiva\/ruzic-ekstremisticko-huskanje-ugljanina\/#primaryimage"},"thumbnailUrl":"https:\/\/sandzakpress.net\/arhiva\/wp-content\/uploads\/2019\/05\/0504_ruzzich_ds_pnl-kraj.jpg","articleSection":["Novi Pazar","Politika","VIJESTI DANA"],"inLanguage":"bs-BA","potentialAction":[{"@type":"CommentAction","name":"Comment","target":["https:\/\/sandzakpress.net\/arhiva\/ruzic-ekstremisticko-huskanje-ugljanina\/#respond"]}]},{"@type":"WebPage","@id":"https:\/\/sandzakpress.net\/arhiva\/ruzic-ekstremisticko-huskanje-ugljanina\/","url":"https:\/\/sandzakpress.net\/arhiva\/ruzic-ekstremisticko-huskanje-ugljanina\/","name":"Ru\u017ei\u0107: Ekstremisti\u010dko hu\u0161kanje Ugljanina","isPartOf":{"@id":"https:\/\/sandzakpress.net\/arhiva\/#website"},"primaryImageOfPage":{"@id":"https:\/\/sandzakpress.net\/arhiva\/ruzic-ekstremisticko-huskanje-ugljanina\/#primaryimage"},"image":{"@id":"https:\/\/sandzakpress.net\/arhiva\/ruzic-ekstremisticko-huskanje-ugljanina\/#primaryimage"},"thumbnailUrl":"https:\/\/sandzakpress.net\/arhiva\/wp-content\/uploads\/2019\/05\/0504_ruzzich_ds_pnl-kraj.jpg","datePublished":"2019-05-27T10:52:14+00:00","breadcrumb":{"@id":"https:\/\/sandzakpress.net\/arhiva\/ruzic-ekstremisticko-huskanje-ugljanina\/#breadcrumb"},"inLanguage":"bs-BA","potentialAction":[{"@type":"ReadAction","target":["https:\/\/sandzakpress.net\/arhiva\/ruzic-ekstremisticko-huskanje-ugljanina\/"]}]},{"@type":"ImageObject","inLanguage":"bs-BA","@id":"https:\/\/sandzakpress.net\/arhiva\/ruzic-ekstremisticko-huskanje-ugljanina\/#primaryimage","url":"https:\/\/sandzakpress.net\/arhiva\/wp-content\/uploads\/2019\/05\/0504_ruzzich_ds_pnl-kraj.jpg","contentUrl":"https:\/\/sandzakpress.net\/arhiva\/wp-content\/uploads\/2019\/05\/0504_ruzzich_ds_pnl-kraj.jpg","width":640,"height":360},{"@type":"BreadcrumbList","@id":"https:\/\/sandzakpress.net\/arhiva\/ruzic-ekstremisticko-huskanje-ugljanina\/#breadcrumb","itemListElement":[{"@type":"ListItem","position":1,"name":"Home","item":"https:\/\/sandzakpress.net\/arhiva\/"},{"@type":"ListItem","position":2,"name":"Ru\u017ei\u0107: Ekstremisti\u010dko hu\u0161kanje Ugljanina"}]},{"@type":"WebSite","@id":"https:\/\/sandzakpress.net\/arhiva\/#website","url":"https:\/\/sandzakpress.net\/arhiva\/","name":"Sand\u017eak PRESS","description":"Prve elektronske novine u Sand\u017eaku","publisher":{"@id":"https:\/\/sandzakpress.net\/arhiva\/#\/schema\/person\/6e72b67d6e51910a1117b3b483ba20bd"},"potentialAction":[{"@type":"SearchAction","target":{"@type":"EntryPoint","urlTemplate":"https:\/\/sandzakpress.net\/arhiva\/?s={search_term_string}"},"query-input":{"@type":"PropertyValueSpecification","valueRequired":true,"valueName":"search_term_string"}}],"inLanguage":"bs-BA"},{"@type":["Person","Organization"],"@id":"https:\/\/sandzakpress.net\/arhiva\/#\/schema\/person\/6e72b67d6e51910a1117b3b483ba20bd","name":"Kul","image":{"@type":"ImageObject","inLanguage":"bs-BA","@id":"https:\/\/sandzakpress.net\/arhiva\/#\/schema\/person\/image\/","url":"https:\/\/secure.gravatar.com\/avatar\/42263f39aa27ac04c43cab85c280eb2e?s=96&d=mm&r=pg","contentUrl":"https:\/\/secure.gravatar.com\/avatar\/42263f39aa27ac04c43cab85c280eb2e?s=96&d=mm&r=pg","caption":"Kul"},"logo":{"@id":"https:\/\/sandzakpress.net\/arhiva\/#\/schema\/person\/image\/"}},{"@type":"Person","@id":"https:\/\/sandzakpress.net\/arhiva\/#\/schema\/person\/cb59d7e3ab91ab90dd680ad0305a6185","name":"Agencija","image":{"@type":"ImageObject","inLanguage":"bs-BA","@id":"https:\/\/sandzakpress.net\/arhiva\/#\/schema\/person\/image\/","url":"https:\/\/secure.gravatar.com\/avatar\/4b7fafa80a22f0c2afe23966b3961fe0?s=96&d=mm&r=pg","contentUrl":"https:\/\/secure.gravatar.com\/avatar\/4b7fafa80a22f0c2afe23966b3961fe0?s=96&d=mm&r=pg","caption":"Agencija"},"url":"https:\/\/sandzakpress.net\/arhiva\/author\/agencija\/"}]}},"_links":{"self":[{"href":"https:\/\/sandzakpress.net\/arhiva\/wp-json\/wp\/v2\/posts\/223991"}],"collection":[{"href":"https:\/\/sandzakpress.net\/arhiva\/wp-json\/wp\/v2\/posts"}],"about":[{"href":"https:\/\/sandzakpress.net\/arhiva\/wp-json\/wp\/v2\/types\/post"}],"author":[{"embeddable":true,"href":"https:\/\/sandzakpress.net\/arhiva\/wp-json\/wp\/v2\/users\/509"}],"replies":[{"embeddable":true,"href":"https:\/\/sandzakpress.net\/arhiva\/wp-json\/wp\/v2\/comments?post=223991"}],"version-history":[{"count":0,"href":"https:\/\/sandzakpress.net\/arhiva\/wp-json\/wp\/v2\/posts\/223991\/revisions"}],"wp:featuredmedia":[{"embeddable":true,"href":"https:\/\/sandzakpress.net\/arhiva\/wp-json\/wp\/v2\/media\/223995"}],"wp:attachment":[{"href":"https:\/\/sandzakpress.net\/arhiva\/wp-json\/wp\/v2\/media?parent=223991"}],"wp:term":[{"taxonomy":"category","embeddable":true,"href":"https:\/\/sandzakpress.net\/arhiva\/wp-json\/wp\/v2\/categories?post=223991"},{"taxonomy":"post_tag","embeddable":true,"href":"https:\/\/sandzakpress.net\/arhiva\/wp-json\/wp\/v2\/tags?post=223991"}],"curies":[{"name":"wp","href":"https:\/\/api.w.org\/{rel}","templated":true}]}}