{"id":223990,"date":"2019-05-27T12:47:09","date_gmt":"2019-05-27T10:47:09","guid":{"rendered":"https:\/\/sandzakpress.net\/arhiva\/?p=223990"},"modified":"2019-05-27T12:47:09","modified_gmt":"2019-05-27T10:47:09","slug":"sda-sandzaka-prihvatila-inicijativu-bnv-o-specijalnom-statusu-sandzaka","status":"publish","type":"post","link":"https:\/\/sandzakpress.net\/arhiva\/sda-sandzaka-prihvatila-inicijativu-bnv-o-specijalnom-statusu-sandzaka\/","title":{"rendered":"SDA Sand\u017eaka prihvatila Inicijativu BNV o specijalnom statusu Sand\u017eaka"},"content":{"rendered":"<p><img decoding=\"async\" src=\"https:\/\/rs.n1info.com\/Picture\/239378\/jpeg\/sulejman-ugljanin-n1.jpg\" alt=\"Slikovni rezultat za ugljanin\" \/><\/p>\n<p><strong>Stranka demokratske akcije Sand\u017eaka prihvata Inicijativu Bo\u0161nja\u010dkog nacionalnog vije\u0107a za rje\u0161avanje statusa Bo\u0161njaka i regije Sand\u017eak.<\/strong><\/p>\n<p>Stranka demokratske akcije Sand\u017eaka, specijalni status za Sand\u017eak prihvata kao svoj koncept i model za rje\u0161avanje bo\u0161nja\u010dkog i sand\u017ea\u010dkog pitanja.<\/p>\n<p>Usvajanjem specijalnog statusa za Sand\u017eak kao Platforme, SDA Sand\u017eaka jasno konkretizuje i pravno uobli\u010duje svoje programsko na\u010delo iz Odeljka i ta\u010dka 8: \u201cPravo gra\u0111ana Sand\u017eaka na br\u017ei ekonomski razvoj i regionalnu samoupravu\u201d.<\/p>\n<p>Specijalni status kao model autonomije Sand\u017eaka predstavlja najbolji osnov za okupljanje bo\u0161nja\u010dkih i sand\u017ea\u010dkih dru\u0161tveno-politi\u010dkih stranaka i njihovu sinergiju ka ostvarivanju ovog zajedni\u010dkog cilja.<\/p>\n<p>(Indeksonline)<\/p>\n","protected":false},"excerpt":{"rendered":"<p>Stranka demokratske akcije Sand\u017eaka prihvata Inicijativu Bo\u0161nja\u010dkog nacionalnog vije\u0107a za rje\u0161avanje statusa Bo\u0161njaka i regije Sand\u017eak. Stranka demokratske akcije Sand\u017eaka, specijalni status za Sand\u017eak prihvata kao svoj koncept i model za rje\u0161avanje bo\u0161nja\u010dkog i sand\u017ea\u010dkog pitanja. Usvajanjem specijalnog statusa za Sand\u017eak kao Platforme, SDA Sand\u017eaka jasno konkretizuje i pravno uobli\u010duje svoje programsko na\u010delo iz Odeljka [&hellip;]<\/p>\n","protected":false},"author":509,"featured_media":223993,"comment_status":"open","ping_status":"open","sticky":false,"template":"","format":"standard","meta":{"footnotes":""},"categories":[72,1,8957],"tags":[],"class_list":{"0":"post-223990","1":"post","2":"type-post","3":"status-publish","4":"format-standard","5":"has-post-thumbnail","7":"category-novi-pazar","8":"category-politika","9":"category-vijesti-dana"},"yoast_head":"<!-- This site is optimized with the Yoast SEO Premium plugin v23.1 (Yoast SEO v24.9) - https:\/\/yoast.com\/wordpress\/plugins\/seo\/ -->\n<title>SDA Sand\u017eaka prihvatila Inicijativu BNV o specijalnom statusu Sand\u017eaka<\/title>\n<meta name=\"robots\" content=\"index, follow, max-snippet:-1, max-image-preview:large, max-video-preview:-1\" \/>\n<link rel=\"canonical\" href=\"https:\/\/sandzakpress.net\/arhiva\/sda-sandzaka-prihvatila-inicijativu-bnv-o-specijalnom-statusu-sandzaka\/\" \/>\n<meta property=\"og:locale\" content=\"bs_BA\" \/>\n<meta property=\"og:type\" content=\"article\" \/>\n<meta property=\"og:title\" content=\"SDA Sand\u017eaka prihvatila Inicijativu BNV o specijalnom statusu Sand\u017eaka\" \/>\n<meta property=\"og:description\" content=\"Stranka demokratske akcije Sand\u017eaka prihvata Inicijativu Bo\u0161nja\u010dkog nacionalnog vije\u0107a za rje\u0161avanje statusa Bo\u0161njaka i regije Sand\u017eak. Stranka demokratske akcije Sand\u017eaka, specijalni status za Sand\u017eak prihvata kao svoj koncept i model za rje\u0161avanje bo\u0161nja\u010dkog i sand\u017ea\u010dkog pitanja. Usvajanjem specijalnog statusa za Sand\u017eak kao Platforme, SDA Sand\u017eaka jasno konkretizuje i pravno uobli\u010duje svoje programsko na\u010delo iz Odeljka [&hellip;]\" \/>\n<meta property=\"og:url\" content=\"https:\/\/sandzakpress.net\/arhiva\/sda-sandzaka-prihvatila-inicijativu-bnv-o-specijalnom-statusu-sandzaka\/\" \/>\n<meta property=\"og:site_name\" content=\"Sand\u017eak PRESS\" \/>\n<meta property=\"article:published_time\" content=\"2019-05-27T10:47:09+00:00\" \/>\n<meta property=\"og:image\" content=\"https:\/\/sandzakpress.net\/arhiva\/wp-content\/uploads\/2019\/05\/sulejman-ugljanin-n1.jpg\" \/>\n\t<meta property=\"og:image:width\" content=\"940\" \/>\n\t<meta property=\"og:image:height\" content=\"529\" \/>\n\t<meta property=\"og:image:type\" content=\"image\/jpeg\" \/>\n<meta name=\"author\" content=\"Agencija\" \/>\n<meta name=\"twitter:card\" content=\"summary_large_image\" \/>\n<meta name=\"twitter:label1\" content=\"Written by\" \/>\n\t<meta name=\"twitter:data1\" content=\"Agencija\" \/>\n\t<meta name=\"twitter:label2\" content=\"Est. reading time\" \/>\n\t<meta name=\"twitter:data2\" content=\"1 minuta\" \/>\n<script type=\"application\/ld+json\" class=\"yoast-schema-graph\">{\"@context\":\"https:\/\/schema.org\",\"@graph\":[{\"@type\":\"Article\",\"@id\":\"https:\/\/sandzakpress.net\/arhiva\/sda-sandzaka-prihvatila-inicijativu-bnv-o-specijalnom-statusu-sandzaka\/#article\",\"isPartOf\":{\"@id\":\"https:\/\/sandzakpress.net\/arhiva\/sda-sandzaka-prihvatila-inicijativu-bnv-o-specijalnom-statusu-sandzaka\/\"},\"author\":{\"name\":\"Agencija\",\"@id\":\"https:\/\/sandzakpress.net\/arhiva\/#\/schema\/person\/cb59d7e3ab91ab90dd680ad0305a6185\"},\"headline\":\"SDA Sand\u017eaka prihvatila Inicijativu BNV o specijalnom statusu Sand\u017eaka\",\"datePublished\":\"2019-05-27T10:47:09+00:00\",\"mainEntityOfPage\":{\"@id\":\"https:\/\/sandzakpress.net\/arhiva\/sda-sandzaka-prihvatila-inicijativu-bnv-o-specijalnom-statusu-sandzaka\/\"},\"wordCount\":133,\"commentCount\":1,\"publisher\":{\"@id\":\"https:\/\/sandzakpress.net\/arhiva\/#\/schema\/person\/6e72b67d6e51910a1117b3b483ba20bd\"},\"image\":{\"@id\":\"https:\/\/sandzakpress.net\/arhiva\/sda-sandzaka-prihvatila-inicijativu-bnv-o-specijalnom-statusu-sandzaka\/#primaryimage\"},\"thumbnailUrl\":\"https:\/\/sandzakpress.net\/arhiva\/wp-content\/uploads\/2019\/05\/sulejman-ugljanin-n1.jpg\",\"articleSection\":[\"Novi Pazar\",\"Politika\",\"VIJESTI DANA\"],\"inLanguage\":\"bs-BA\",\"potentialAction\":[{\"@type\":\"CommentAction\",\"name\":\"Comment\",\"target\":[\"https:\/\/sandzakpress.net\/arhiva\/sda-sandzaka-prihvatila-inicijativu-bnv-o-specijalnom-statusu-sandzaka\/#respond\"]}]},{\"@type\":\"WebPage\",\"@id\":\"https:\/\/sandzakpress.net\/arhiva\/sda-sandzaka-prihvatila-inicijativu-bnv-o-specijalnom-statusu-sandzaka\/\",\"url\":\"https:\/\/sandzakpress.net\/arhiva\/sda-sandzaka-prihvatila-inicijativu-bnv-o-specijalnom-statusu-sandzaka\/\",\"name\":\"SDA Sand\u017eaka prihvatila Inicijativu BNV o specijalnom statusu Sand\u017eaka\",\"isPartOf\":{\"@id\":\"https:\/\/sandzakpress.net\/arhiva\/#website\"},\"primaryImageOfPage\":{\"@id\":\"https:\/\/sandzakpress.net\/arhiva\/sda-sandzaka-prihvatila-inicijativu-bnv-o-specijalnom-statusu-sandzaka\/#primaryimage\"},\"image\":{\"@id\":\"https:\/\/sandzakpress.net\/arhiva\/sda-sandzaka-prihvatila-inicijativu-bnv-o-specijalnom-statusu-sandzaka\/#primaryimage\"},\"thumbnailUrl\":\"https:\/\/sandzakpress.net\/arhiva\/wp-content\/uploads\/2019\/05\/sulejman-ugljanin-n1.jpg\",\"datePublished\":\"2019-05-27T10:47:09+00:00\",\"breadcrumb\":{\"@id\":\"https:\/\/sandzakpress.net\/arhiva\/sda-sandzaka-prihvatila-inicijativu-bnv-o-specijalnom-statusu-sandzaka\/#breadcrumb\"},\"inLanguage\":\"bs-BA\",\"potentialAction\":[{\"@type\":\"ReadAction\",\"target\":[\"https:\/\/sandzakpress.net\/arhiva\/sda-sandzaka-prihvatila-inicijativu-bnv-o-specijalnom-statusu-sandzaka\/\"]}]},{\"@type\":\"ImageObject\",\"inLanguage\":\"bs-BA\",\"@id\":\"https:\/\/sandzakpress.net\/arhiva\/sda-sandzaka-prihvatila-inicijativu-bnv-o-specijalnom-statusu-sandzaka\/#primaryimage\",\"url\":\"https:\/\/sandzakpress.net\/arhiva\/wp-content\/uploads\/2019\/05\/sulejman-ugljanin-n1.jpg\",\"contentUrl\":\"https:\/\/sandzakpress.net\/arhiva\/wp-content\/uploads\/2019\/05\/sulejman-ugljanin-n1.jpg\",\"width\":940,\"height\":529},{\"@type\":\"BreadcrumbList\",\"@id\":\"https:\/\/sandzakpress.net\/arhiva\/sda-sandzaka-prihvatila-inicijativu-bnv-o-specijalnom-statusu-sandzaka\/#breadcrumb\",\"itemListElement\":[{\"@type\":\"ListItem\",\"position\":1,\"name\":\"Home\",\"item\":\"https:\/\/sandzakpress.net\/arhiva\/\"},{\"@type\":\"ListItem\",\"position\":2,\"name\":\"SDA Sand\u017eaka prihvatila Inicijativu BNV o specijalnom statusu Sand\u017eaka\"}]},{\"@type\":\"WebSite\",\"@id\":\"https:\/\/sandzakpress.net\/arhiva\/#website\",\"url\":\"https:\/\/sandzakpress.net\/arhiva\/\",\"name\":\"Sand\u017eak PRESS\",\"description\":\"Prve elektronske novine u Sand\u017eaku\",\"publisher\":{\"@id\":\"https:\/\/sandzakpress.net\/arhiva\/#\/schema\/person\/6e72b67d6e51910a1117b3b483ba20bd\"},\"potentialAction\":[{\"@type\":\"SearchAction\",\"target\":{\"@type\":\"EntryPoint\",\"urlTemplate\":\"https:\/\/sandzakpress.net\/arhiva\/?s={search_term_string}\"},\"query-input\":{\"@type\":\"PropertyValueSpecification\",\"valueRequired\":true,\"valueName\":\"search_term_string\"}}],\"inLanguage\":\"bs-BA\"},{\"@type\":[\"Person\",\"Organization\"],\"@id\":\"https:\/\/sandzakpress.net\/arhiva\/#\/schema\/person\/6e72b67d6e51910a1117b3b483ba20bd\",\"name\":\"Kul\",\"image\":{\"@type\":\"ImageObject\",\"inLanguage\":\"bs-BA\",\"@id\":\"https:\/\/sandzakpress.net\/arhiva\/#\/schema\/person\/image\/\",\"url\":\"https:\/\/secure.gravatar.com\/avatar\/42263f39aa27ac04c43cab85c280eb2e?s=96&d=mm&r=pg\",\"contentUrl\":\"https:\/\/secure.gravatar.com\/avatar\/42263f39aa27ac04c43cab85c280eb2e?s=96&d=mm&r=pg\",\"caption\":\"Kul\"},\"logo\":{\"@id\":\"https:\/\/sandzakpress.net\/arhiva\/#\/schema\/person\/image\/\"}},{\"@type\":\"Person\",\"@id\":\"https:\/\/sandzakpress.net\/arhiva\/#\/schema\/person\/cb59d7e3ab91ab90dd680ad0305a6185\",\"name\":\"Agencija\",\"image\":{\"@type\":\"ImageObject\",\"inLanguage\":\"bs-BA\",\"@id\":\"https:\/\/sandzakpress.net\/arhiva\/#\/schema\/person\/image\/\",\"url\":\"https:\/\/secure.gravatar.com\/avatar\/4b7fafa80a22f0c2afe23966b3961fe0?s=96&d=mm&r=pg\",\"contentUrl\":\"https:\/\/secure.gravatar.com\/avatar\/4b7fafa80a22f0c2afe23966b3961fe0?s=96&d=mm&r=pg\",\"caption\":\"Agencija\"},\"url\":\"https:\/\/sandzakpress.net\/arhiva\/author\/agencija\/\"}]}<\/script>\n<!-- \/ Yoast SEO Premium plugin. -->","yoast_head_json":{"title":"SDA Sand\u017eaka prihvatila Inicijativu BNV o specijalnom statusu Sand\u017eaka","robots":{"index":"index","follow":"follow","max-snippet":"max-snippet:-1","max-image-preview":"max-image-preview:large","max-video-preview":"max-video-preview:-1"},"canonical":"https:\/\/sandzakpress.net\/arhiva\/sda-sandzaka-prihvatila-inicijativu-bnv-o-specijalnom-statusu-sandzaka\/","og_locale":"bs_BA","og_type":"article","og_title":"SDA Sand\u017eaka prihvatila Inicijativu BNV o specijalnom statusu Sand\u017eaka","og_description":"Stranka demokratske akcije Sand\u017eaka prihvata Inicijativu Bo\u0161nja\u010dkog nacionalnog vije\u0107a za rje\u0161avanje statusa Bo\u0161njaka i regije Sand\u017eak. Stranka demokratske akcije Sand\u017eaka, specijalni status za Sand\u017eak prihvata kao svoj koncept i model za rje\u0161avanje bo\u0161nja\u010dkog i sand\u017ea\u010dkog pitanja. Usvajanjem specijalnog statusa za Sand\u017eak kao Platforme, SDA Sand\u017eaka jasno konkretizuje i pravno uobli\u010duje svoje programsko na\u010delo iz Odeljka [&hellip;]","og_url":"https:\/\/sandzakpress.net\/arhiva\/sda-sandzaka-prihvatila-inicijativu-bnv-o-specijalnom-statusu-sandzaka\/","og_site_name":"Sand\u017eak PRESS","article_published_time":"2019-05-27T10:47:09+00:00","og_image":[{"width":940,"height":529,"url":"https:\/\/sandzakpress.net\/arhiva\/wp-content\/uploads\/2019\/05\/sulejman-ugljanin-n1.jpg","type":"image\/jpeg"}],"author":"Agencija","twitter_card":"summary_large_image","twitter_misc":{"Written by":"Agencija","Est. reading time":"1 minuta"},"schema":{"@context":"https:\/\/schema.org","@graph":[{"@type":"Article","@id":"https:\/\/sandzakpress.net\/arhiva\/sda-sandzaka-prihvatila-inicijativu-bnv-o-specijalnom-statusu-sandzaka\/#article","isPartOf":{"@id":"https:\/\/sandzakpress.net\/arhiva\/sda-sandzaka-prihvatila-inicijativu-bnv-o-specijalnom-statusu-sandzaka\/"},"author":{"name":"Agencija","@id":"https:\/\/sandzakpress.net\/arhiva\/#\/schema\/person\/cb59d7e3ab91ab90dd680ad0305a6185"},"headline":"SDA Sand\u017eaka prihvatila Inicijativu BNV o specijalnom statusu Sand\u017eaka","datePublished":"2019-05-27T10:47:09+00:00","mainEntityOfPage":{"@id":"https:\/\/sandzakpress.net\/arhiva\/sda-sandzaka-prihvatila-inicijativu-bnv-o-specijalnom-statusu-sandzaka\/"},"wordCount":133,"commentCount":1,"publisher":{"@id":"https:\/\/sandzakpress.net\/arhiva\/#\/schema\/person\/6e72b67d6e51910a1117b3b483ba20bd"},"image":{"@id":"https:\/\/sandzakpress.net\/arhiva\/sda-sandzaka-prihvatila-inicijativu-bnv-o-specijalnom-statusu-sandzaka\/#primaryimage"},"thumbnailUrl":"https:\/\/sandzakpress.net\/arhiva\/wp-content\/uploads\/2019\/05\/sulejman-ugljanin-n1.jpg","articleSection":["Novi Pazar","Politika","VIJESTI DANA"],"inLanguage":"bs-BA","potentialAction":[{"@type":"CommentAction","name":"Comment","target":["https:\/\/sandzakpress.net\/arhiva\/sda-sandzaka-prihvatila-inicijativu-bnv-o-specijalnom-statusu-sandzaka\/#respond"]}]},{"@type":"WebPage","@id":"https:\/\/sandzakpress.net\/arhiva\/sda-sandzaka-prihvatila-inicijativu-bnv-o-specijalnom-statusu-sandzaka\/","url":"https:\/\/sandzakpress.net\/arhiva\/sda-sandzaka-prihvatila-inicijativu-bnv-o-specijalnom-statusu-sandzaka\/","name":"SDA Sand\u017eaka prihvatila Inicijativu BNV o specijalnom statusu Sand\u017eaka","isPartOf":{"@id":"https:\/\/sandzakpress.net\/arhiva\/#website"},"primaryImageOfPage":{"@id":"https:\/\/sandzakpress.net\/arhiva\/sda-sandzaka-prihvatila-inicijativu-bnv-o-specijalnom-statusu-sandzaka\/#primaryimage"},"image":{"@id":"https:\/\/sandzakpress.net\/arhiva\/sda-sandzaka-prihvatila-inicijativu-bnv-o-specijalnom-statusu-sandzaka\/#primaryimage"},"thumbnailUrl":"https:\/\/sandzakpress.net\/arhiva\/wp-content\/uploads\/2019\/05\/sulejman-ugljanin-n1.jpg","datePublished":"2019-05-27T10:47:09+00:00","breadcrumb":{"@id":"https:\/\/sandzakpress.net\/arhiva\/sda-sandzaka-prihvatila-inicijativu-bnv-o-specijalnom-statusu-sandzaka\/#breadcrumb"},"inLanguage":"bs-BA","potentialAction":[{"@type":"ReadAction","target":["https:\/\/sandzakpress.net\/arhiva\/sda-sandzaka-prihvatila-inicijativu-bnv-o-specijalnom-statusu-sandzaka\/"]}]},{"@type":"ImageObject","inLanguage":"bs-BA","@id":"https:\/\/sandzakpress.net\/arhiva\/sda-sandzaka-prihvatila-inicijativu-bnv-o-specijalnom-statusu-sandzaka\/#primaryimage","url":"https:\/\/sandzakpress.net\/arhiva\/wp-content\/uploads\/2019\/05\/sulejman-ugljanin-n1.jpg","contentUrl":"https:\/\/sandzakpress.net\/arhiva\/wp-content\/uploads\/2019\/05\/sulejman-ugljanin-n1.jpg","width":940,"height":529},{"@type":"BreadcrumbList","@id":"https:\/\/sandzakpress.net\/arhiva\/sda-sandzaka-prihvatila-inicijativu-bnv-o-specijalnom-statusu-sandzaka\/#breadcrumb","itemListElement":[{"@type":"ListItem","position":1,"name":"Home","item":"https:\/\/sandzakpress.net\/arhiva\/"},{"@type":"ListItem","position":2,"name":"SDA Sand\u017eaka prihvatila Inicijativu BNV o specijalnom statusu Sand\u017eaka"}]},{"@type":"WebSite","@id":"https:\/\/sandzakpress.net\/arhiva\/#website","url":"https:\/\/sandzakpress.net\/arhiva\/","name":"Sand\u017eak PRESS","description":"Prve elektronske novine u Sand\u017eaku","publisher":{"@id":"https:\/\/sandzakpress.net\/arhiva\/#\/schema\/person\/6e72b67d6e51910a1117b3b483ba20bd"},"potentialAction":[{"@type":"SearchAction","target":{"@type":"EntryPoint","urlTemplate":"https:\/\/sandzakpress.net\/arhiva\/?s={search_term_string}"},"query-input":{"@type":"PropertyValueSpecification","valueRequired":true,"valueName":"search_term_string"}}],"inLanguage":"bs-BA"},{"@type":["Person","Organization"],"@id":"https:\/\/sandzakpress.net\/arhiva\/#\/schema\/person\/6e72b67d6e51910a1117b3b483ba20bd","name":"Kul","image":{"@type":"ImageObject","inLanguage":"bs-BA","@id":"https:\/\/sandzakpress.net\/arhiva\/#\/schema\/person\/image\/","url":"https:\/\/secure.gravatar.com\/avatar\/42263f39aa27ac04c43cab85c280eb2e?s=96&d=mm&r=pg","contentUrl":"https:\/\/secure.gravatar.com\/avatar\/42263f39aa27ac04c43cab85c280eb2e?s=96&d=mm&r=pg","caption":"Kul"},"logo":{"@id":"https:\/\/sandzakpress.net\/arhiva\/#\/schema\/person\/image\/"}},{"@type":"Person","@id":"https:\/\/sandzakpress.net\/arhiva\/#\/schema\/person\/cb59d7e3ab91ab90dd680ad0305a6185","name":"Agencija","image":{"@type":"ImageObject","inLanguage":"bs-BA","@id":"https:\/\/sandzakpress.net\/arhiva\/#\/schema\/person\/image\/","url":"https:\/\/secure.gravatar.com\/avatar\/4b7fafa80a22f0c2afe23966b3961fe0?s=96&d=mm&r=pg","contentUrl":"https:\/\/secure.gravatar.com\/avatar\/4b7fafa80a22f0c2afe23966b3961fe0?s=96&d=mm&r=pg","caption":"Agencija"},"url":"https:\/\/sandzakpress.net\/arhiva\/author\/agencija\/"}]}},"_links":{"self":[{"href":"https:\/\/sandzakpress.net\/arhiva\/wp-json\/wp\/v2\/posts\/223990"}],"collection":[{"href":"https:\/\/sandzakpress.net\/arhiva\/wp-json\/wp\/v2\/posts"}],"about":[{"href":"https:\/\/sandzakpress.net\/arhiva\/wp-json\/wp\/v2\/types\/post"}],"author":[{"embeddable":true,"href":"https:\/\/sandzakpress.net\/arhiva\/wp-json\/wp\/v2\/users\/509"}],"replies":[{"embeddable":true,"href":"https:\/\/sandzakpress.net\/arhiva\/wp-json\/wp\/v2\/comments?post=223990"}],"version-history":[{"count":0,"href":"https:\/\/sandzakpress.net\/arhiva\/wp-json\/wp\/v2\/posts\/223990\/revisions"}],"wp:featuredmedia":[{"embeddable":true,"href":"https:\/\/sandzakpress.net\/arhiva\/wp-json\/wp\/v2\/media\/223993"}],"wp:attachment":[{"href":"https:\/\/sandzakpress.net\/arhiva\/wp-json\/wp\/v2\/media?parent=223990"}],"wp:term":[{"taxonomy":"category","embeddable":true,"href":"https:\/\/sandzakpress.net\/arhiva\/wp-json\/wp\/v2\/categories?post=223990"},{"taxonomy":"post_tag","embeddable":true,"href":"https:\/\/sandzakpress.net\/arhiva\/wp-json\/wp\/v2\/tags?post=223990"}],"curies":[{"name":"wp","href":"https:\/\/api.w.org\/{rel}","templated":true}]}}