{"id":223955,"date":"2019-05-25T14:44:21","date_gmt":"2019-05-25T12:44:21","guid":{"rendered":"https:\/\/sandzakpress.net\/arhiva\/zbog-napetosti-s-iranom-sad-poostrio-sigurnosne-mjere-u-bazama-u-iraku"},"modified":"2019-05-25T14:44:21","modified_gmt":"2019-05-25T12:44:21","slug":"zbog-napetosti-s-iranom-sad-poostrio-sigurnosne-mjere-u-bazama-u-iraku","status":"publish","type":"post","link":"https:\/\/sandzakpress.net\/arhiva\/zbog-napetosti-s-iranom-sad-poostrio-sigurnosne-mjere-u-bazama-u-iraku\/","title":{"rendered":"Zbog napetosti s Iranom: SAD poo\u0161trio sigurnosne mjere u bazama u Iraku"},"content":{"rendered":"<p><span class=\"cb-itemprop\"><\/p>\n<p><img decoding=\"async\" src=\"https:\/\/cdn2.img.rs.sputniknews.com\/images\/110049\/03\/1100490393.jpg\" alt=\"Ameri\u00c4\u008dki vojnici stoje u stavu mirno ispred ameri\u00c4\u008dkih i ira\u00c4\u008dkih (D) zastavama tokom ceremonije primopredaje u blizini ira\u00c4\u008dkog grada Havija\" \/><\/p>\n<p><strong>Sjedinjene Ameri\u010dke Dr\u017eave (SAD) poo\u0161trile su sigurnosne mjere u vojnim bazama na podru\u010dju ira\u010dkog Enbara, javlja Anadolu Agency (AA).<\/strong><\/p>\n<p>Ira\u010dki mediji navode da su postavljene barijere na podru\u010dju u okolini vojnih baza u Aynul&#8217;u, Kaimu i Rutbi, u blizini sirijske granice i na zapadu zemlje.<\/p>\n<p>Zbog napetosti izme\u0111u SAD-a i Irana, postavljene su i precizne nadzorne kamere, koje odmah mogu locirati bilo kakav napad.<\/p>\n<p><\/span><br \/>\nPogledajte vijest na izvornom sajtu:<\/p>\n<p><a href=\"https:\/\/islampress.net\/45500\/zbog-napetosti-s-iranom-sad-poostrio-sigurnosne-mjere-u-bazama-u-iraku\/\" target=\"_blank\">Zbog napetosti s Iranom: SAD poo\u0161trio sigurnosne mjere u bazama u Iraku<\/a><\/p>\n","protected":false},"excerpt":{"rendered":"<p>Sjedinjene Ameri\u010dke Dr\u017eave (SAD) poo\u0161trile su sigurnosne mjere u vojnim bazama na podru\u010dju ira\u010dkog Enbara, javlja Anadolu Agency (AA). Ira\u010dki mediji navode da su postavljene barijere na podru\u010dju u okolini vojnih baza u Aynul&#8217;u, Kaimu i Rutbi, u blizini sirijske granice i na zapadu zemlje. Zbog napetosti izme\u0111u SAD-a i Irana, postavljene su i precizne [&hellip;]<\/p>\n","protected":false},"author":83,"featured_media":223956,"comment_status":"open","ping_status":"open","sticky":false,"template":"","format":"standard","meta":{"footnotes":""},"categories":[9],"tags":[10499],"class_list":{"0":"post-223955","1":"post","2":"type-post","3":"status-publish","4":"format-standard","5":"has-post-thumbnail","7":"category-svijet","8":"tag-a"},"yoast_head":"<!-- This site is optimized with the Yoast SEO Premium plugin v23.1 (Yoast SEO v24.9) - https:\/\/yoast.com\/wordpress\/plugins\/seo\/ -->\n<title>Zbog napetosti s Iranom: SAD poo\u0161trio sigurnosne mjere u bazama u Iraku<\/title>\n<meta name=\"robots\" content=\"index, follow, max-snippet:-1, max-image-preview:large, max-video-preview:-1\" \/>\n<link rel=\"canonical\" href=\"https:\/\/sandzakpress.net\/arhiva\/zbog-napetosti-s-iranom-sad-poostrio-sigurnosne-mjere-u-bazama-u-iraku\/\" \/>\n<meta property=\"og:locale\" content=\"bs_BA\" \/>\n<meta property=\"og:type\" content=\"article\" \/>\n<meta property=\"og:title\" content=\"Zbog napetosti s Iranom: SAD poo\u0161trio sigurnosne mjere u bazama u Iraku\" \/>\n<meta property=\"og:description\" content=\"Sjedinjene Ameri\u010dke Dr\u017eave (SAD) poo\u0161trile su sigurnosne mjere u vojnim bazama na podru\u010dju ira\u010dkog Enbara, javlja Anadolu Agency (AA). Ira\u010dki mediji navode da su postavljene barijere na podru\u010dju u okolini vojnih baza u Aynul&#8217;u, Kaimu i Rutbi, u blizini sirijske granice i na zapadu zemlje. Zbog napetosti izme\u0111u SAD-a i Irana, postavljene su i precizne [&hellip;]\" \/>\n<meta property=\"og:url\" content=\"https:\/\/sandzakpress.net\/arhiva\/zbog-napetosti-s-iranom-sad-poostrio-sigurnosne-mjere-u-bazama-u-iraku\/\" \/>\n<meta property=\"og:site_name\" content=\"Sand\u017eak PRESS\" \/>\n<meta property=\"article:published_time\" content=\"2019-05-25T12:44:21+00:00\" \/>\n<meta property=\"og:image\" content=\"https:\/\/sandzakpress.net\/arhiva\/wp-content\/uploads\/2019\/05\/1100490393.jpg\" \/>\n\t<meta property=\"og:image:width\" content=\"1000\" \/>\n\t<meta property=\"og:image:height\" content=\"541\" \/>\n\t<meta property=\"og:image:type\" content=\"image\/jpeg\" \/>\n<meta name=\"author\" content=\"bosniak\" \/>\n<meta name=\"twitter:card\" content=\"summary_large_image\" \/>\n<meta name=\"twitter:label1\" content=\"Written by\" \/>\n\t<meta name=\"twitter:data1\" content=\"bosniak\" \/>\n<script type=\"application\/ld+json\" class=\"yoast-schema-graph\">{\"@context\":\"https:\/\/schema.org\",\"@graph\":[{\"@type\":\"Article\",\"@id\":\"https:\/\/sandzakpress.net\/arhiva\/zbog-napetosti-s-iranom-sad-poostrio-sigurnosne-mjere-u-bazama-u-iraku\/#article\",\"isPartOf\":{\"@id\":\"https:\/\/sandzakpress.net\/arhiva\/zbog-napetosti-s-iranom-sad-poostrio-sigurnosne-mjere-u-bazama-u-iraku\/\"},\"author\":{\"name\":\"bosniak\",\"@id\":\"https:\/\/sandzakpress.net\/arhiva\/#\/schema\/person\/c8baee722073534b583ea7bdb2e36c02\"},\"headline\":\"Zbog napetosti s Iranom: SAD poo\u0161trio sigurnosne mjere u bazama u Iraku\",\"datePublished\":\"2019-05-25T12:44:21+00:00\",\"mainEntityOfPage\":{\"@id\":\"https:\/\/sandzakpress.net\/arhiva\/zbog-napetosti-s-iranom-sad-poostrio-sigurnosne-mjere-u-bazama-u-iraku\/\"},\"wordCount\":104,\"commentCount\":0,\"publisher\":{\"@id\":\"https:\/\/sandzakpress.net\/arhiva\/#\/schema\/person\/6e72b67d6e51910a1117b3b483ba20bd\"},\"image\":{\"@id\":\"https:\/\/sandzakpress.net\/arhiva\/zbog-napetosti-s-iranom-sad-poostrio-sigurnosne-mjere-u-bazama-u-iraku\/#primaryimage\"},\"thumbnailUrl\":\"https:\/\/sandzakpress.net\/arhiva\/wp-content\/uploads\/2019\/05\/1100490393.jpg\",\"keywords\":[\"A\"],\"articleSection\":[\"Svijet\"],\"inLanguage\":\"bs-BA\",\"potentialAction\":[{\"@type\":\"CommentAction\",\"name\":\"Comment\",\"target\":[\"https:\/\/sandzakpress.net\/arhiva\/zbog-napetosti-s-iranom-sad-poostrio-sigurnosne-mjere-u-bazama-u-iraku\/#respond\"]}]},{\"@type\":\"WebPage\",\"@id\":\"https:\/\/sandzakpress.net\/arhiva\/zbog-napetosti-s-iranom-sad-poostrio-sigurnosne-mjere-u-bazama-u-iraku\/\",\"url\":\"https:\/\/sandzakpress.net\/arhiva\/zbog-napetosti-s-iranom-sad-poostrio-sigurnosne-mjere-u-bazama-u-iraku\/\",\"name\":\"Zbog napetosti s Iranom: SAD poo\u0161trio sigurnosne mjere u bazama u Iraku\",\"isPartOf\":{\"@id\":\"https:\/\/sandzakpress.net\/arhiva\/#website\"},\"primaryImageOfPage\":{\"@id\":\"https:\/\/sandzakpress.net\/arhiva\/zbog-napetosti-s-iranom-sad-poostrio-sigurnosne-mjere-u-bazama-u-iraku\/#primaryimage\"},\"image\":{\"@id\":\"https:\/\/sandzakpress.net\/arhiva\/zbog-napetosti-s-iranom-sad-poostrio-sigurnosne-mjere-u-bazama-u-iraku\/#primaryimage\"},\"thumbnailUrl\":\"https:\/\/sandzakpress.net\/arhiva\/wp-content\/uploads\/2019\/05\/1100490393.jpg\",\"datePublished\":\"2019-05-25T12:44:21+00:00\",\"breadcrumb\":{\"@id\":\"https:\/\/sandzakpress.net\/arhiva\/zbog-napetosti-s-iranom-sad-poostrio-sigurnosne-mjere-u-bazama-u-iraku\/#breadcrumb\"},\"inLanguage\":\"bs-BA\",\"potentialAction\":[{\"@type\":\"ReadAction\",\"target\":[\"https:\/\/sandzakpress.net\/arhiva\/zbog-napetosti-s-iranom-sad-poostrio-sigurnosne-mjere-u-bazama-u-iraku\/\"]}]},{\"@type\":\"ImageObject\",\"inLanguage\":\"bs-BA\",\"@id\":\"https:\/\/sandzakpress.net\/arhiva\/zbog-napetosti-s-iranom-sad-poostrio-sigurnosne-mjere-u-bazama-u-iraku\/#primaryimage\",\"url\":\"https:\/\/sandzakpress.net\/arhiva\/wp-content\/uploads\/2019\/05\/1100490393.jpg\",\"contentUrl\":\"https:\/\/sandzakpress.net\/arhiva\/wp-content\/uploads\/2019\/05\/1100490393.jpg\",\"width\":1000,\"height\":541},{\"@type\":\"BreadcrumbList\",\"@id\":\"https:\/\/sandzakpress.net\/arhiva\/zbog-napetosti-s-iranom-sad-poostrio-sigurnosne-mjere-u-bazama-u-iraku\/#breadcrumb\",\"itemListElement\":[{\"@type\":\"ListItem\",\"position\":1,\"name\":\"Home\",\"item\":\"https:\/\/sandzakpress.net\/arhiva\/\"},{\"@type\":\"ListItem\",\"position\":2,\"name\":\"Zbog napetosti s Iranom: SAD poo\u0161trio sigurnosne mjere u bazama u Iraku\"}]},{\"@type\":\"WebSite\",\"@id\":\"https:\/\/sandzakpress.net\/arhiva\/#website\",\"url\":\"https:\/\/sandzakpress.net\/arhiva\/\",\"name\":\"Sand\u017eak PRESS\",\"description\":\"Prve elektronske novine u Sand\u017eaku\",\"publisher\":{\"@id\":\"https:\/\/sandzakpress.net\/arhiva\/#\/schema\/person\/6e72b67d6e51910a1117b3b483ba20bd\"},\"potentialAction\":[{\"@type\":\"SearchAction\",\"target\":{\"@type\":\"EntryPoint\",\"urlTemplate\":\"https:\/\/sandzakpress.net\/arhiva\/?s={search_term_string}\"},\"query-input\":{\"@type\":\"PropertyValueSpecification\",\"valueRequired\":true,\"valueName\":\"search_term_string\"}}],\"inLanguage\":\"bs-BA\"},{\"@type\":[\"Person\",\"Organization\"],\"@id\":\"https:\/\/sandzakpress.net\/arhiva\/#\/schema\/person\/6e72b67d6e51910a1117b3b483ba20bd\",\"name\":\"Kul\",\"image\":{\"@type\":\"ImageObject\",\"inLanguage\":\"bs-BA\",\"@id\":\"https:\/\/sandzakpress.net\/arhiva\/#\/schema\/person\/image\/\",\"url\":\"https:\/\/secure.gravatar.com\/avatar\/42263f39aa27ac04c43cab85c280eb2e?s=96&d=mm&r=pg\",\"contentUrl\":\"https:\/\/secure.gravatar.com\/avatar\/42263f39aa27ac04c43cab85c280eb2e?s=96&d=mm&r=pg\",\"caption\":\"Kul\"},\"logo\":{\"@id\":\"https:\/\/sandzakpress.net\/arhiva\/#\/schema\/person\/image\/\"}},{\"@type\":\"Person\",\"@id\":\"https:\/\/sandzakpress.net\/arhiva\/#\/schema\/person\/c8baee722073534b583ea7bdb2e36c02\",\"name\":\"bosniak\",\"image\":{\"@type\":\"ImageObject\",\"inLanguage\":\"bs-BA\",\"@id\":\"https:\/\/sandzakpress.net\/arhiva\/#\/schema\/person\/image\/\",\"url\":\"https:\/\/secure.gravatar.com\/avatar\/a04fd330bfe3a36a72a0ad4a6d89fca7?s=96&d=mm&r=pg\",\"contentUrl\":\"https:\/\/secure.gravatar.com\/avatar\/a04fd330bfe3a36a72a0ad4a6d89fca7?s=96&d=mm&r=pg\",\"caption\":\"bosniak\"},\"url\":\"https:\/\/sandzakpress.net\/arhiva\/author\/bosniak\/\"}]}<\/script>\n<!-- \/ Yoast SEO Premium plugin. -->","yoast_head_json":{"title":"Zbog napetosti s Iranom: SAD poo\u0161trio sigurnosne mjere u bazama u Iraku","robots":{"index":"index","follow":"follow","max-snippet":"max-snippet:-1","max-image-preview":"max-image-preview:large","max-video-preview":"max-video-preview:-1"},"canonical":"https:\/\/sandzakpress.net\/arhiva\/zbog-napetosti-s-iranom-sad-poostrio-sigurnosne-mjere-u-bazama-u-iraku\/","og_locale":"bs_BA","og_type":"article","og_title":"Zbog napetosti s Iranom: SAD poo\u0161trio sigurnosne mjere u bazama u Iraku","og_description":"Sjedinjene Ameri\u010dke Dr\u017eave (SAD) poo\u0161trile su sigurnosne mjere u vojnim bazama na podru\u010dju ira\u010dkog Enbara, javlja Anadolu Agency (AA). Ira\u010dki mediji navode da su postavljene barijere na podru\u010dju u okolini vojnih baza u Aynul&#8217;u, Kaimu i Rutbi, u blizini sirijske granice i na zapadu zemlje. Zbog napetosti izme\u0111u SAD-a i Irana, postavljene su i precizne [&hellip;]","og_url":"https:\/\/sandzakpress.net\/arhiva\/zbog-napetosti-s-iranom-sad-poostrio-sigurnosne-mjere-u-bazama-u-iraku\/","og_site_name":"Sand\u017eak PRESS","article_published_time":"2019-05-25T12:44:21+00:00","og_image":[{"width":1000,"height":541,"url":"https:\/\/sandzakpress.net\/arhiva\/wp-content\/uploads\/2019\/05\/1100490393.jpg","type":"image\/jpeg"}],"author":"bosniak","twitter_card":"summary_large_image","twitter_misc":{"Written by":"bosniak"},"schema":{"@context":"https:\/\/schema.org","@graph":[{"@type":"Article","@id":"https:\/\/sandzakpress.net\/arhiva\/zbog-napetosti-s-iranom-sad-poostrio-sigurnosne-mjere-u-bazama-u-iraku\/#article","isPartOf":{"@id":"https:\/\/sandzakpress.net\/arhiva\/zbog-napetosti-s-iranom-sad-poostrio-sigurnosne-mjere-u-bazama-u-iraku\/"},"author":{"name":"bosniak","@id":"https:\/\/sandzakpress.net\/arhiva\/#\/schema\/person\/c8baee722073534b583ea7bdb2e36c02"},"headline":"Zbog napetosti s Iranom: SAD poo\u0161trio sigurnosne mjere u bazama u Iraku","datePublished":"2019-05-25T12:44:21+00:00","mainEntityOfPage":{"@id":"https:\/\/sandzakpress.net\/arhiva\/zbog-napetosti-s-iranom-sad-poostrio-sigurnosne-mjere-u-bazama-u-iraku\/"},"wordCount":104,"commentCount":0,"publisher":{"@id":"https:\/\/sandzakpress.net\/arhiva\/#\/schema\/person\/6e72b67d6e51910a1117b3b483ba20bd"},"image":{"@id":"https:\/\/sandzakpress.net\/arhiva\/zbog-napetosti-s-iranom-sad-poostrio-sigurnosne-mjere-u-bazama-u-iraku\/#primaryimage"},"thumbnailUrl":"https:\/\/sandzakpress.net\/arhiva\/wp-content\/uploads\/2019\/05\/1100490393.jpg","keywords":["A"],"articleSection":["Svijet"],"inLanguage":"bs-BA","potentialAction":[{"@type":"CommentAction","name":"Comment","target":["https:\/\/sandzakpress.net\/arhiva\/zbog-napetosti-s-iranom-sad-poostrio-sigurnosne-mjere-u-bazama-u-iraku\/#respond"]}]},{"@type":"WebPage","@id":"https:\/\/sandzakpress.net\/arhiva\/zbog-napetosti-s-iranom-sad-poostrio-sigurnosne-mjere-u-bazama-u-iraku\/","url":"https:\/\/sandzakpress.net\/arhiva\/zbog-napetosti-s-iranom-sad-poostrio-sigurnosne-mjere-u-bazama-u-iraku\/","name":"Zbog napetosti s Iranom: SAD poo\u0161trio sigurnosne mjere u bazama u Iraku","isPartOf":{"@id":"https:\/\/sandzakpress.net\/arhiva\/#website"},"primaryImageOfPage":{"@id":"https:\/\/sandzakpress.net\/arhiva\/zbog-napetosti-s-iranom-sad-poostrio-sigurnosne-mjere-u-bazama-u-iraku\/#primaryimage"},"image":{"@id":"https:\/\/sandzakpress.net\/arhiva\/zbog-napetosti-s-iranom-sad-poostrio-sigurnosne-mjere-u-bazama-u-iraku\/#primaryimage"},"thumbnailUrl":"https:\/\/sandzakpress.net\/arhiva\/wp-content\/uploads\/2019\/05\/1100490393.jpg","datePublished":"2019-05-25T12:44:21+00:00","breadcrumb":{"@id":"https:\/\/sandzakpress.net\/arhiva\/zbog-napetosti-s-iranom-sad-poostrio-sigurnosne-mjere-u-bazama-u-iraku\/#breadcrumb"},"inLanguage":"bs-BA","potentialAction":[{"@type":"ReadAction","target":["https:\/\/sandzakpress.net\/arhiva\/zbog-napetosti-s-iranom-sad-poostrio-sigurnosne-mjere-u-bazama-u-iraku\/"]}]},{"@type":"ImageObject","inLanguage":"bs-BA","@id":"https:\/\/sandzakpress.net\/arhiva\/zbog-napetosti-s-iranom-sad-poostrio-sigurnosne-mjere-u-bazama-u-iraku\/#primaryimage","url":"https:\/\/sandzakpress.net\/arhiva\/wp-content\/uploads\/2019\/05\/1100490393.jpg","contentUrl":"https:\/\/sandzakpress.net\/arhiva\/wp-content\/uploads\/2019\/05\/1100490393.jpg","width":1000,"height":541},{"@type":"BreadcrumbList","@id":"https:\/\/sandzakpress.net\/arhiva\/zbog-napetosti-s-iranom-sad-poostrio-sigurnosne-mjere-u-bazama-u-iraku\/#breadcrumb","itemListElement":[{"@type":"ListItem","position":1,"name":"Home","item":"https:\/\/sandzakpress.net\/arhiva\/"},{"@type":"ListItem","position":2,"name":"Zbog napetosti s Iranom: SAD poo\u0161trio sigurnosne mjere u bazama u Iraku"}]},{"@type":"WebSite","@id":"https:\/\/sandzakpress.net\/arhiva\/#website","url":"https:\/\/sandzakpress.net\/arhiva\/","name":"Sand\u017eak PRESS","description":"Prve elektronske novine u Sand\u017eaku","publisher":{"@id":"https:\/\/sandzakpress.net\/arhiva\/#\/schema\/person\/6e72b67d6e51910a1117b3b483ba20bd"},"potentialAction":[{"@type":"SearchAction","target":{"@type":"EntryPoint","urlTemplate":"https:\/\/sandzakpress.net\/arhiva\/?s={search_term_string}"},"query-input":{"@type":"PropertyValueSpecification","valueRequired":true,"valueName":"search_term_string"}}],"inLanguage":"bs-BA"},{"@type":["Person","Organization"],"@id":"https:\/\/sandzakpress.net\/arhiva\/#\/schema\/person\/6e72b67d6e51910a1117b3b483ba20bd","name":"Kul","image":{"@type":"ImageObject","inLanguage":"bs-BA","@id":"https:\/\/sandzakpress.net\/arhiva\/#\/schema\/person\/image\/","url":"https:\/\/secure.gravatar.com\/avatar\/42263f39aa27ac04c43cab85c280eb2e?s=96&d=mm&r=pg","contentUrl":"https:\/\/secure.gravatar.com\/avatar\/42263f39aa27ac04c43cab85c280eb2e?s=96&d=mm&r=pg","caption":"Kul"},"logo":{"@id":"https:\/\/sandzakpress.net\/arhiva\/#\/schema\/person\/image\/"}},{"@type":"Person","@id":"https:\/\/sandzakpress.net\/arhiva\/#\/schema\/person\/c8baee722073534b583ea7bdb2e36c02","name":"bosniak","image":{"@type":"ImageObject","inLanguage":"bs-BA","@id":"https:\/\/sandzakpress.net\/arhiva\/#\/schema\/person\/image\/","url":"https:\/\/secure.gravatar.com\/avatar\/a04fd330bfe3a36a72a0ad4a6d89fca7?s=96&d=mm&r=pg","contentUrl":"https:\/\/secure.gravatar.com\/avatar\/a04fd330bfe3a36a72a0ad4a6d89fca7?s=96&d=mm&r=pg","caption":"bosniak"},"url":"https:\/\/sandzakpress.net\/arhiva\/author\/bosniak\/"}]}},"_links":{"self":[{"href":"https:\/\/sandzakpress.net\/arhiva\/wp-json\/wp\/v2\/posts\/223955"}],"collection":[{"href":"https:\/\/sandzakpress.net\/arhiva\/wp-json\/wp\/v2\/posts"}],"about":[{"href":"https:\/\/sandzakpress.net\/arhiva\/wp-json\/wp\/v2\/types\/post"}],"author":[{"embeddable":true,"href":"https:\/\/sandzakpress.net\/arhiva\/wp-json\/wp\/v2\/users\/83"}],"replies":[{"embeddable":true,"href":"https:\/\/sandzakpress.net\/arhiva\/wp-json\/wp\/v2\/comments?post=223955"}],"version-history":[{"count":0,"href":"https:\/\/sandzakpress.net\/arhiva\/wp-json\/wp\/v2\/posts\/223955\/revisions"}],"wp:featuredmedia":[{"embeddable":true,"href":"https:\/\/sandzakpress.net\/arhiva\/wp-json\/wp\/v2\/media\/223956"}],"wp:attachment":[{"href":"https:\/\/sandzakpress.net\/arhiva\/wp-json\/wp\/v2\/media?parent=223955"}],"wp:term":[{"taxonomy":"category","embeddable":true,"href":"https:\/\/sandzakpress.net\/arhiva\/wp-json\/wp\/v2\/categories?post=223955"},{"taxonomy":"post_tag","embeddable":true,"href":"https:\/\/sandzakpress.net\/arhiva\/wp-json\/wp\/v2\/tags?post=223955"}],"curies":[{"name":"wp","href":"https:\/\/api.w.org\/{rel}","templated":true}]}}