{"id":223939,"date":"2019-05-25T14:17:50","date_gmt":"2019-05-25T12:17:50","guid":{"rendered":"https:\/\/sandzakpress.net\/arhiva\/?p=223939"},"modified":"2019-05-25T14:17:50","modified_gmt":"2019-05-25T12:17:50","slug":"piromana-snimile-kamere-utvrdjuje-se-identitet-osobe-koja-je-zapalila-automobil-predsjednika-so-nova-varos","status":"publish","type":"post","link":"https:\/\/sandzakpress.net\/arhiva\/piromana-snimile-kamere-utvrdjuje-se-identitet-osobe-koja-je-zapalila-automobil-predsjednika-so-nova-varos\/","title":{"rendered":"PIROMANA SNIMILE KAMERE: Utvr\u0111uje se identitet osobe koja je zapalila automobil predsjednika SO Nova Varo\u0161"},"content":{"rendered":"<h1 class=\"entry-title\"><img decoding=\"async\" src=\"https:\/\/ocdn.eu\/pulscms-transforms\/1\/usVk9lMaHR0cDovL29jZG4uZXUvaW1hZ2VzL3B1bHNjbXMvTVRZN01EQV8vZDI5Y2JkMDY4OTVlZWViNDM3Njk4ZDFlYzFmNjg0OWYuanBlZ5GTAs0C5ACBAAE\" alt=\"automobil Nikola Jeli\u00c4\u0087 podmetnuti po\u00c5\u00bear Nova Varo\u00c5\u00a1\" \/><\/h1>\n<p><strong>Jo\u0161 uvijek nepoznatog piromana koji je prije dva dana zapalio automobil Nikole Jeli\u0107a, predsjednika Skup\u0161tine op\u0161tine Nova Varo\u0161, snimile su sigurnosne kamere, a na utvr\u0111ivanju njegovog identiteta se jo\u0161 uvijek radi.<\/strong><\/p>\n<p>Jeli\u0107ev \u201cpe\u017eo\u201d zapaljen je u srijedu ne\u0161to iza tri sata poslije pono\u0107i, a vatra je totalno uni\u0161tila vozilo i o\u0161tetila \u201c\u0161kodu oktaviju\u201d, vlasni\u0161tvo Srbija \u0161uma gdje je op\u0161tinski funkcioner Nove Varo\u0161i zaposlen, pi\u0161e\u00a0<a href=\"https:\/\/www.blic.rs\/vesti\/hronika\/piromana-snimile-kamere-radi-se-na-utvrdivanju-identiteta-osobe-koja-je-zapalila\/z5tqpt3\"><strong>Blic<\/strong><\/a>.<\/p>\n<p>Istraga je, kako saznajemo, do\u0161la do zapisa sa jedne kamere koja je snimila mu\u0161karca koji je podmetnuo po\u017ear i koji je imao kapu na glavi. On se ispred Jeli\u0107eve ku\u0107e, gdje su bili parkirani automobili, pojavio nose\u0107i kantu sa zapaljivom te\u010dno\u0161\u0107u koju je posuo po cijelom \u201cpe\u017eou\u201d, po\u010dev\u0161i od zadnjeg dela. Kantu je ostavio na haubi, a zatim se vratio do zadnjeg lijevog dijela vozila i upalja\u010dem zapalio vatru. Posle ovoga je pobegao niz ulicu.<\/p>\n<p>Osim inspektora iz Policijske uprave Prijepolje, u istragu u ovom slu\u010daju uklju\u010dene su i njihove kolege iz U\u017eica i Beograda. U toku su saslu\u0161anja lica koja bi eventualno mogla biti odgovorna za paljenje Jeli\u0107evog automobila, a nekoliko njih ju\u010de je izvedeno na poligraf.<\/p>\n<p>Nikola Jeli\u0107 kazao je da paljenje automobila ima veze sa politi\u010dkom funkcijom koju obavlja i sa funkcijom direktora Podru\u010dne jedinice Srbija \u0161uma koju je vr\u0161io do prije desetak dana.<\/p>\n<div class=\"td-module-meta-info\">\u00a0<\/div>\n","protected":false},"excerpt":{"rendered":"<p>Jo\u0161 uvijek nepoznatog piromana koji je prije dva dana zapalio automobil Nikole Jeli\u0107a, predsjednika Skup\u0161tine op\u0161tine Nova Varo\u0161, snimile su sigurnosne kamere, a na utvr\u0111ivanju njegovog identiteta se jo\u0161 uvijek radi. Jeli\u0107ev \u201cpe\u017eo\u201d zapaljen je u srijedu ne\u0161to iza tri sata poslije pono\u0107i, a vatra je totalno uni\u0161tila vozilo i o\u0161tetila \u201c\u0161kodu oktaviju\u201d, vlasni\u0161tvo Srbija [&hellip;]<\/p>\n","protected":false},"author":509,"featured_media":223941,"comment_status":"open","ping_status":"open","sticky":false,"template":"","format":"standard","meta":{"footnotes":""},"categories":[394,801,10429],"tags":[],"class_list":{"0":"post-223939","1":"post","2":"type-post","3":"status-publish","4":"format-standard","5":"has-post-thumbnail","7":"category-nova-varos","8":"category-crna_hronika","9":"category-vazno"},"yoast_head":"<!-- This site is optimized with the Yoast SEO Premium plugin v23.1 (Yoast SEO v24.9) - https:\/\/yoast.com\/wordpress\/plugins\/seo\/ -->\n<title>PIROMANA SNIMILE KAMERE: Utvr\u0111uje se identitet osobe koja je zapalila automobil predsjednika SO Nova Varo\u0161<\/title>\n<meta name=\"robots\" content=\"index, follow, max-snippet:-1, max-image-preview:large, max-video-preview:-1\" \/>\n<link rel=\"canonical\" href=\"https:\/\/sandzakpress.net\/arhiva\/piromana-snimile-kamere-utvrdjuje-se-identitet-osobe-koja-je-zapalila-automobil-predsjednika-so-nova-varos\/\" \/>\n<meta property=\"og:locale\" content=\"bs_BA\" \/>\n<meta property=\"og:type\" content=\"article\" \/>\n<meta property=\"og:title\" content=\"PIROMANA SNIMILE KAMERE: Utvr\u0111uje se identitet osobe koja je zapalila automobil predsjednika SO Nova Varo\u0161\" \/>\n<meta property=\"og:description\" content=\"Jo\u0161 uvijek nepoznatog piromana koji je prije dva dana zapalio automobil Nikole Jeli\u0107a, predsjednika Skup\u0161tine op\u0161tine Nova Varo\u0161, snimile su sigurnosne kamere, a na utvr\u0111ivanju njegovog identiteta se jo\u0161 uvijek radi. Jeli\u0107ev \u201cpe\u017eo\u201d zapaljen je u srijedu ne\u0161to iza tri sata poslije pono\u0107i, a vatra je totalno uni\u0161tila vozilo i o\u0161tetila \u201c\u0161kodu oktaviju\u201d, vlasni\u0161tvo Srbija [&hellip;]\" \/>\n<meta property=\"og:url\" content=\"https:\/\/sandzakpress.net\/arhiva\/piromana-snimile-kamere-utvrdjuje-se-identitet-osobe-koja-je-zapalila-automobil-predsjednika-so-nova-varos\/\" \/>\n<meta property=\"og:site_name\" content=\"Sand\u017eak PRESS\" \/>\n<meta property=\"article:published_time\" content=\"2019-05-25T12:17:50+00:00\" \/>\n<meta property=\"og:image\" content=\"https:\/\/sandzakpress.net\/arhiva\/wp-content\/uploads\/2019\/05\/usVk9lMaHR0cDovL29jZG4uZXUvaW1hZ2VzL3B1bHNjbXMvTVRZN01EQV8vZDI5Y2JkMDY4OTVlZWViNDM3Njk4ZDFlYzFmNjg0OWYuanBlZ5GTAs0C5ACBAAE.jpg\" \/>\n\t<meta property=\"og:image:width\" content=\"740\" \/>\n\t<meta property=\"og:image:height\" content=\"416\" \/>\n\t<meta property=\"og:image:type\" content=\"image\/jpeg\" \/>\n<meta name=\"author\" content=\"Agencija\" \/>\n<meta name=\"twitter:card\" content=\"summary_large_image\" \/>\n<meta name=\"twitter:label1\" content=\"Written by\" \/>\n\t<meta name=\"twitter:data1\" content=\"Agencija\" \/>\n\t<meta name=\"twitter:label2\" content=\"Est. reading time\" \/>\n\t<meta name=\"twitter:data2\" content=\"1 minuta\" \/>\n<script type=\"application\/ld+json\" class=\"yoast-schema-graph\">{\"@context\":\"https:\/\/schema.org\",\"@graph\":[{\"@type\":\"Article\",\"@id\":\"https:\/\/sandzakpress.net\/arhiva\/piromana-snimile-kamere-utvrdjuje-se-identitet-osobe-koja-je-zapalila-automobil-predsjednika-so-nova-varos\/#article\",\"isPartOf\":{\"@id\":\"https:\/\/sandzakpress.net\/arhiva\/piromana-snimile-kamere-utvrdjuje-se-identitet-osobe-koja-je-zapalila-automobil-predsjednika-so-nova-varos\/\"},\"author\":{\"name\":\"Agencija\",\"@id\":\"https:\/\/sandzakpress.net\/arhiva\/#\/schema\/person\/cb59d7e3ab91ab90dd680ad0305a6185\"},\"headline\":\"PIROMANA SNIMILE KAMERE: Utvr\u0111uje se identitet osobe koja je zapalila automobil predsjednika SO Nova Varo\u0161\",\"datePublished\":\"2019-05-25T12:17:50+00:00\",\"mainEntityOfPage\":{\"@id\":\"https:\/\/sandzakpress.net\/arhiva\/piromana-snimile-kamere-utvrdjuje-se-identitet-osobe-koja-je-zapalila-automobil-predsjednika-so-nova-varos\/\"},\"wordCount\":263,\"commentCount\":0,\"publisher\":{\"@id\":\"https:\/\/sandzakpress.net\/arhiva\/#\/schema\/person\/6e72b67d6e51910a1117b3b483ba20bd\"},\"image\":{\"@id\":\"https:\/\/sandzakpress.net\/arhiva\/piromana-snimile-kamere-utvrdjuje-se-identitet-osobe-koja-je-zapalila-automobil-predsjednika-so-nova-varos\/#primaryimage\"},\"thumbnailUrl\":\"https:\/\/sandzakpress.net\/arhiva\/wp-content\/uploads\/2019\/05\/usVk9lMaHR0cDovL29jZG4uZXUvaW1hZ2VzL3B1bHNjbXMvTVRZN01EQV8vZDI5Y2JkMDY4OTVlZWViNDM3Njk4ZDFlYzFmNjg0OWYuanBlZ5GTAs0C5ACBAAE.jpg\",\"articleSection\":[\"Nova Varo\u0161\",\"Hronika\",\"VA\u017dNO!\"],\"inLanguage\":\"bs-BA\",\"potentialAction\":[{\"@type\":\"CommentAction\",\"name\":\"Comment\",\"target\":[\"https:\/\/sandzakpress.net\/arhiva\/piromana-snimile-kamere-utvrdjuje-se-identitet-osobe-koja-je-zapalila-automobil-predsjednika-so-nova-varos\/#respond\"]}]},{\"@type\":\"WebPage\",\"@id\":\"https:\/\/sandzakpress.net\/arhiva\/piromana-snimile-kamere-utvrdjuje-se-identitet-osobe-koja-je-zapalila-automobil-predsjednika-so-nova-varos\/\",\"url\":\"https:\/\/sandzakpress.net\/arhiva\/piromana-snimile-kamere-utvrdjuje-se-identitet-osobe-koja-je-zapalila-automobil-predsjednika-so-nova-varos\/\",\"name\":\"PIROMANA SNIMILE KAMERE: Utvr\u0111uje se identitet osobe koja je zapalila automobil predsjednika SO Nova Varo\u0161\",\"isPartOf\":{\"@id\":\"https:\/\/sandzakpress.net\/arhiva\/#website\"},\"primaryImageOfPage\":{\"@id\":\"https:\/\/sandzakpress.net\/arhiva\/piromana-snimile-kamere-utvrdjuje-se-identitet-osobe-koja-je-zapalila-automobil-predsjednika-so-nova-varos\/#primaryimage\"},\"image\":{\"@id\":\"https:\/\/sandzakpress.net\/arhiva\/piromana-snimile-kamere-utvrdjuje-se-identitet-osobe-koja-je-zapalila-automobil-predsjednika-so-nova-varos\/#primaryimage\"},\"thumbnailUrl\":\"https:\/\/sandzakpress.net\/arhiva\/wp-content\/uploads\/2019\/05\/usVk9lMaHR0cDovL29jZG4uZXUvaW1hZ2VzL3B1bHNjbXMvTVRZN01EQV8vZDI5Y2JkMDY4OTVlZWViNDM3Njk4ZDFlYzFmNjg0OWYuanBlZ5GTAs0C5ACBAAE.jpg\",\"datePublished\":\"2019-05-25T12:17:50+00:00\",\"breadcrumb\":{\"@id\":\"https:\/\/sandzakpress.net\/arhiva\/piromana-snimile-kamere-utvrdjuje-se-identitet-osobe-koja-je-zapalila-automobil-predsjednika-so-nova-varos\/#breadcrumb\"},\"inLanguage\":\"bs-BA\",\"potentialAction\":[{\"@type\":\"ReadAction\",\"target\":[\"https:\/\/sandzakpress.net\/arhiva\/piromana-snimile-kamere-utvrdjuje-se-identitet-osobe-koja-je-zapalila-automobil-predsjednika-so-nova-varos\/\"]}]},{\"@type\":\"ImageObject\",\"inLanguage\":\"bs-BA\",\"@id\":\"https:\/\/sandzakpress.net\/arhiva\/piromana-snimile-kamere-utvrdjuje-se-identitet-osobe-koja-je-zapalila-automobil-predsjednika-so-nova-varos\/#primaryimage\",\"url\":\"https:\/\/sandzakpress.net\/arhiva\/wp-content\/uploads\/2019\/05\/usVk9lMaHR0cDovL29jZG4uZXUvaW1hZ2VzL3B1bHNjbXMvTVRZN01EQV8vZDI5Y2JkMDY4OTVlZWViNDM3Njk4ZDFlYzFmNjg0OWYuanBlZ5GTAs0C5ACBAAE.jpg\",\"contentUrl\":\"https:\/\/sandzakpress.net\/arhiva\/wp-content\/uploads\/2019\/05\/usVk9lMaHR0cDovL29jZG4uZXUvaW1hZ2VzL3B1bHNjbXMvTVRZN01EQV8vZDI5Y2JkMDY4OTVlZWViNDM3Njk4ZDFlYzFmNjg0OWYuanBlZ5GTAs0C5ACBAAE.jpg\",\"width\":740,\"height\":416},{\"@type\":\"BreadcrumbList\",\"@id\":\"https:\/\/sandzakpress.net\/arhiva\/piromana-snimile-kamere-utvrdjuje-se-identitet-osobe-koja-je-zapalila-automobil-predsjednika-so-nova-varos\/#breadcrumb\",\"itemListElement\":[{\"@type\":\"ListItem\",\"position\":1,\"name\":\"Home\",\"item\":\"https:\/\/sandzakpress.net\/arhiva\/\"},{\"@type\":\"ListItem\",\"position\":2,\"name\":\"PIROMANA SNIMILE KAMERE: Utvr\u0111uje se identitet osobe koja je zapalila automobil predsjednika SO Nova Varo\u0161\"}]},{\"@type\":\"WebSite\",\"@id\":\"https:\/\/sandzakpress.net\/arhiva\/#website\",\"url\":\"https:\/\/sandzakpress.net\/arhiva\/\",\"name\":\"Sand\u017eak PRESS\",\"description\":\"Prve elektronske novine u Sand\u017eaku\",\"publisher\":{\"@id\":\"https:\/\/sandzakpress.net\/arhiva\/#\/schema\/person\/6e72b67d6e51910a1117b3b483ba20bd\"},\"potentialAction\":[{\"@type\":\"SearchAction\",\"target\":{\"@type\":\"EntryPoint\",\"urlTemplate\":\"https:\/\/sandzakpress.net\/arhiva\/?s={search_term_string}\"},\"query-input\":{\"@type\":\"PropertyValueSpecification\",\"valueRequired\":true,\"valueName\":\"search_term_string\"}}],\"inLanguage\":\"bs-BA\"},{\"@type\":[\"Person\",\"Organization\"],\"@id\":\"https:\/\/sandzakpress.net\/arhiva\/#\/schema\/person\/6e72b67d6e51910a1117b3b483ba20bd\",\"name\":\"Kul\",\"image\":{\"@type\":\"ImageObject\",\"inLanguage\":\"bs-BA\",\"@id\":\"https:\/\/sandzakpress.net\/arhiva\/#\/schema\/person\/image\/\",\"url\":\"https:\/\/secure.gravatar.com\/avatar\/42263f39aa27ac04c43cab85c280eb2e?s=96&d=mm&r=pg\",\"contentUrl\":\"https:\/\/secure.gravatar.com\/avatar\/42263f39aa27ac04c43cab85c280eb2e?s=96&d=mm&r=pg\",\"caption\":\"Kul\"},\"logo\":{\"@id\":\"https:\/\/sandzakpress.net\/arhiva\/#\/schema\/person\/image\/\"}},{\"@type\":\"Person\",\"@id\":\"https:\/\/sandzakpress.net\/arhiva\/#\/schema\/person\/cb59d7e3ab91ab90dd680ad0305a6185\",\"name\":\"Agencija\",\"image\":{\"@type\":\"ImageObject\",\"inLanguage\":\"bs-BA\",\"@id\":\"https:\/\/sandzakpress.net\/arhiva\/#\/schema\/person\/image\/\",\"url\":\"https:\/\/secure.gravatar.com\/avatar\/4b7fafa80a22f0c2afe23966b3961fe0?s=96&d=mm&r=pg\",\"contentUrl\":\"https:\/\/secure.gravatar.com\/avatar\/4b7fafa80a22f0c2afe23966b3961fe0?s=96&d=mm&r=pg\",\"caption\":\"Agencija\"},\"url\":\"https:\/\/sandzakpress.net\/arhiva\/author\/agencija\/\"}]}<\/script>\n<!-- \/ Yoast SEO Premium plugin. -->","yoast_head_json":{"title":"PIROMANA SNIMILE KAMERE: Utvr\u0111uje se identitet osobe koja je zapalila automobil predsjednika SO Nova Varo\u0161","robots":{"index":"index","follow":"follow","max-snippet":"max-snippet:-1","max-image-preview":"max-image-preview:large","max-video-preview":"max-video-preview:-1"},"canonical":"https:\/\/sandzakpress.net\/arhiva\/piromana-snimile-kamere-utvrdjuje-se-identitet-osobe-koja-je-zapalila-automobil-predsjednika-so-nova-varos\/","og_locale":"bs_BA","og_type":"article","og_title":"PIROMANA SNIMILE KAMERE: Utvr\u0111uje se identitet osobe koja je zapalila automobil predsjednika SO Nova Varo\u0161","og_description":"Jo\u0161 uvijek nepoznatog piromana koji je prije dva dana zapalio automobil Nikole Jeli\u0107a, predsjednika Skup\u0161tine op\u0161tine Nova Varo\u0161, snimile su sigurnosne kamere, a na utvr\u0111ivanju njegovog identiteta se jo\u0161 uvijek radi. Jeli\u0107ev \u201cpe\u017eo\u201d zapaljen je u srijedu ne\u0161to iza tri sata poslije pono\u0107i, a vatra je totalno uni\u0161tila vozilo i o\u0161tetila \u201c\u0161kodu oktaviju\u201d, vlasni\u0161tvo Srbija [&hellip;]","og_url":"https:\/\/sandzakpress.net\/arhiva\/piromana-snimile-kamere-utvrdjuje-se-identitet-osobe-koja-je-zapalila-automobil-predsjednika-so-nova-varos\/","og_site_name":"Sand\u017eak PRESS","article_published_time":"2019-05-25T12:17:50+00:00","og_image":[{"width":740,"height":416,"url":"https:\/\/sandzakpress.net\/arhiva\/wp-content\/uploads\/2019\/05\/usVk9lMaHR0cDovL29jZG4uZXUvaW1hZ2VzL3B1bHNjbXMvTVRZN01EQV8vZDI5Y2JkMDY4OTVlZWViNDM3Njk4ZDFlYzFmNjg0OWYuanBlZ5GTAs0C5ACBAAE.jpg","type":"image\/jpeg"}],"author":"Agencija","twitter_card":"summary_large_image","twitter_misc":{"Written by":"Agencija","Est. reading time":"1 minuta"},"schema":{"@context":"https:\/\/schema.org","@graph":[{"@type":"Article","@id":"https:\/\/sandzakpress.net\/arhiva\/piromana-snimile-kamere-utvrdjuje-se-identitet-osobe-koja-je-zapalila-automobil-predsjednika-so-nova-varos\/#article","isPartOf":{"@id":"https:\/\/sandzakpress.net\/arhiva\/piromana-snimile-kamere-utvrdjuje-se-identitet-osobe-koja-je-zapalila-automobil-predsjednika-so-nova-varos\/"},"author":{"name":"Agencija","@id":"https:\/\/sandzakpress.net\/arhiva\/#\/schema\/person\/cb59d7e3ab91ab90dd680ad0305a6185"},"headline":"PIROMANA SNIMILE KAMERE: Utvr\u0111uje se identitet osobe koja je zapalila automobil predsjednika SO Nova Varo\u0161","datePublished":"2019-05-25T12:17:50+00:00","mainEntityOfPage":{"@id":"https:\/\/sandzakpress.net\/arhiva\/piromana-snimile-kamere-utvrdjuje-se-identitet-osobe-koja-je-zapalila-automobil-predsjednika-so-nova-varos\/"},"wordCount":263,"commentCount":0,"publisher":{"@id":"https:\/\/sandzakpress.net\/arhiva\/#\/schema\/person\/6e72b67d6e51910a1117b3b483ba20bd"},"image":{"@id":"https:\/\/sandzakpress.net\/arhiva\/piromana-snimile-kamere-utvrdjuje-se-identitet-osobe-koja-je-zapalila-automobil-predsjednika-so-nova-varos\/#primaryimage"},"thumbnailUrl":"https:\/\/sandzakpress.net\/arhiva\/wp-content\/uploads\/2019\/05\/usVk9lMaHR0cDovL29jZG4uZXUvaW1hZ2VzL3B1bHNjbXMvTVRZN01EQV8vZDI5Y2JkMDY4OTVlZWViNDM3Njk4ZDFlYzFmNjg0OWYuanBlZ5GTAs0C5ACBAAE.jpg","articleSection":["Nova Varo\u0161","Hronika","VA\u017dNO!"],"inLanguage":"bs-BA","potentialAction":[{"@type":"CommentAction","name":"Comment","target":["https:\/\/sandzakpress.net\/arhiva\/piromana-snimile-kamere-utvrdjuje-se-identitet-osobe-koja-je-zapalila-automobil-predsjednika-so-nova-varos\/#respond"]}]},{"@type":"WebPage","@id":"https:\/\/sandzakpress.net\/arhiva\/piromana-snimile-kamere-utvrdjuje-se-identitet-osobe-koja-je-zapalila-automobil-predsjednika-so-nova-varos\/","url":"https:\/\/sandzakpress.net\/arhiva\/piromana-snimile-kamere-utvrdjuje-se-identitet-osobe-koja-je-zapalila-automobil-predsjednika-so-nova-varos\/","name":"PIROMANA SNIMILE KAMERE: Utvr\u0111uje se identitet osobe koja je zapalila automobil predsjednika SO Nova Varo\u0161","isPartOf":{"@id":"https:\/\/sandzakpress.net\/arhiva\/#website"},"primaryImageOfPage":{"@id":"https:\/\/sandzakpress.net\/arhiva\/piromana-snimile-kamere-utvrdjuje-se-identitet-osobe-koja-je-zapalila-automobil-predsjednika-so-nova-varos\/#primaryimage"},"image":{"@id":"https:\/\/sandzakpress.net\/arhiva\/piromana-snimile-kamere-utvrdjuje-se-identitet-osobe-koja-je-zapalila-automobil-predsjednika-so-nova-varos\/#primaryimage"},"thumbnailUrl":"https:\/\/sandzakpress.net\/arhiva\/wp-content\/uploads\/2019\/05\/usVk9lMaHR0cDovL29jZG4uZXUvaW1hZ2VzL3B1bHNjbXMvTVRZN01EQV8vZDI5Y2JkMDY4OTVlZWViNDM3Njk4ZDFlYzFmNjg0OWYuanBlZ5GTAs0C5ACBAAE.jpg","datePublished":"2019-05-25T12:17:50+00:00","breadcrumb":{"@id":"https:\/\/sandzakpress.net\/arhiva\/piromana-snimile-kamere-utvrdjuje-se-identitet-osobe-koja-je-zapalila-automobil-predsjednika-so-nova-varos\/#breadcrumb"},"inLanguage":"bs-BA","potentialAction":[{"@type":"ReadAction","target":["https:\/\/sandzakpress.net\/arhiva\/piromana-snimile-kamere-utvrdjuje-se-identitet-osobe-koja-je-zapalila-automobil-predsjednika-so-nova-varos\/"]}]},{"@type":"ImageObject","inLanguage":"bs-BA","@id":"https:\/\/sandzakpress.net\/arhiva\/piromana-snimile-kamere-utvrdjuje-se-identitet-osobe-koja-je-zapalila-automobil-predsjednika-so-nova-varos\/#primaryimage","url":"https:\/\/sandzakpress.net\/arhiva\/wp-content\/uploads\/2019\/05\/usVk9lMaHR0cDovL29jZG4uZXUvaW1hZ2VzL3B1bHNjbXMvTVRZN01EQV8vZDI5Y2JkMDY4OTVlZWViNDM3Njk4ZDFlYzFmNjg0OWYuanBlZ5GTAs0C5ACBAAE.jpg","contentUrl":"https:\/\/sandzakpress.net\/arhiva\/wp-content\/uploads\/2019\/05\/usVk9lMaHR0cDovL29jZG4uZXUvaW1hZ2VzL3B1bHNjbXMvTVRZN01EQV8vZDI5Y2JkMDY4OTVlZWViNDM3Njk4ZDFlYzFmNjg0OWYuanBlZ5GTAs0C5ACBAAE.jpg","width":740,"height":416},{"@type":"BreadcrumbList","@id":"https:\/\/sandzakpress.net\/arhiva\/piromana-snimile-kamere-utvrdjuje-se-identitet-osobe-koja-je-zapalila-automobil-predsjednika-so-nova-varos\/#breadcrumb","itemListElement":[{"@type":"ListItem","position":1,"name":"Home","item":"https:\/\/sandzakpress.net\/arhiva\/"},{"@type":"ListItem","position":2,"name":"PIROMANA SNIMILE KAMERE: Utvr\u0111uje se identitet osobe koja je zapalila automobil predsjednika SO Nova Varo\u0161"}]},{"@type":"WebSite","@id":"https:\/\/sandzakpress.net\/arhiva\/#website","url":"https:\/\/sandzakpress.net\/arhiva\/","name":"Sand\u017eak PRESS","description":"Prve elektronske novine u Sand\u017eaku","publisher":{"@id":"https:\/\/sandzakpress.net\/arhiva\/#\/schema\/person\/6e72b67d6e51910a1117b3b483ba20bd"},"potentialAction":[{"@type":"SearchAction","target":{"@type":"EntryPoint","urlTemplate":"https:\/\/sandzakpress.net\/arhiva\/?s={search_term_string}"},"query-input":{"@type":"PropertyValueSpecification","valueRequired":true,"valueName":"search_term_string"}}],"inLanguage":"bs-BA"},{"@type":["Person","Organization"],"@id":"https:\/\/sandzakpress.net\/arhiva\/#\/schema\/person\/6e72b67d6e51910a1117b3b483ba20bd","name":"Kul","image":{"@type":"ImageObject","inLanguage":"bs-BA","@id":"https:\/\/sandzakpress.net\/arhiva\/#\/schema\/person\/image\/","url":"https:\/\/secure.gravatar.com\/avatar\/42263f39aa27ac04c43cab85c280eb2e?s=96&d=mm&r=pg","contentUrl":"https:\/\/secure.gravatar.com\/avatar\/42263f39aa27ac04c43cab85c280eb2e?s=96&d=mm&r=pg","caption":"Kul"},"logo":{"@id":"https:\/\/sandzakpress.net\/arhiva\/#\/schema\/person\/image\/"}},{"@type":"Person","@id":"https:\/\/sandzakpress.net\/arhiva\/#\/schema\/person\/cb59d7e3ab91ab90dd680ad0305a6185","name":"Agencija","image":{"@type":"ImageObject","inLanguage":"bs-BA","@id":"https:\/\/sandzakpress.net\/arhiva\/#\/schema\/person\/image\/","url":"https:\/\/secure.gravatar.com\/avatar\/4b7fafa80a22f0c2afe23966b3961fe0?s=96&d=mm&r=pg","contentUrl":"https:\/\/secure.gravatar.com\/avatar\/4b7fafa80a22f0c2afe23966b3961fe0?s=96&d=mm&r=pg","caption":"Agencija"},"url":"https:\/\/sandzakpress.net\/arhiva\/author\/agencija\/"}]}},"_links":{"self":[{"href":"https:\/\/sandzakpress.net\/arhiva\/wp-json\/wp\/v2\/posts\/223939"}],"collection":[{"href":"https:\/\/sandzakpress.net\/arhiva\/wp-json\/wp\/v2\/posts"}],"about":[{"href":"https:\/\/sandzakpress.net\/arhiva\/wp-json\/wp\/v2\/types\/post"}],"author":[{"embeddable":true,"href":"https:\/\/sandzakpress.net\/arhiva\/wp-json\/wp\/v2\/users\/509"}],"replies":[{"embeddable":true,"href":"https:\/\/sandzakpress.net\/arhiva\/wp-json\/wp\/v2\/comments?post=223939"}],"version-history":[{"count":0,"href":"https:\/\/sandzakpress.net\/arhiva\/wp-json\/wp\/v2\/posts\/223939\/revisions"}],"wp:featuredmedia":[{"embeddable":true,"href":"https:\/\/sandzakpress.net\/arhiva\/wp-json\/wp\/v2\/media\/223941"}],"wp:attachment":[{"href":"https:\/\/sandzakpress.net\/arhiva\/wp-json\/wp\/v2\/media?parent=223939"}],"wp:term":[{"taxonomy":"category","embeddable":true,"href":"https:\/\/sandzakpress.net\/arhiva\/wp-json\/wp\/v2\/categories?post=223939"},{"taxonomy":"post_tag","embeddable":true,"href":"https:\/\/sandzakpress.net\/arhiva\/wp-json\/wp\/v2\/tags?post=223939"}],"curies":[{"name":"wp","href":"https:\/\/api.w.org\/{rel}","templated":true}]}}