{"id":223929,"date":"2019-05-25T14:12:58","date_gmt":"2019-05-25T12:12:58","guid":{"rendered":"https:\/\/sandzakpress.net\/arhiva\/?p=223929"},"modified":"2019-05-25T14:12:58","modified_gmt":"2019-05-25T12:12:58","slug":"rozajac-prijetio-da-ce-se-ubiti-u-zgradi-opstine","status":"publish","type":"post","link":"https:\/\/sandzakpress.net\/arhiva\/rozajac-prijetio-da-ce-se-ubiti-u-zgradi-opstine\/","title":{"rendered":"Ro\u017eajac prijetio da \u0107e se ubiti u zgradi op\u0161tine"},"content":{"rendered":"<p><img decoding=\"async\" src=\"https:\/\/www.sandzaklive.rs\/images\/0\/20190524090532_25fb9c62-423e-4609-a263-d72bf0024ace.jpeg\" alt=\"20190524090532 25fb9c62 423e 4609 a263 d72bf0024ace\" \/><\/p>\n<p><strong>&#8220;Tra\u017eio sam da mi pomognu u nabavci lijeka &#8220;sabril&#8221; koji ko\u0161ta 318 eura, \u0161to je za mene preskupo, ali nijesam nai\u0161ao na razumijevanje kod zvani\u010dnika&#8221;<\/strong><\/p>\n<p>Ogor\u010den zbog te\u0161ke situacije u kojoj ve\u0107 du\u017ee \u017eivi njegova \u0161esto\u010dlana porodica, Ro\u017eajac Goran Vukosavljevi\u0107 najavio je da \u0107e danas u podne &#8220;di\u0107i ruku na sebe&#8221; tako \u0161to \u0107e se isje\u0107i \u017eiletima u zgradi op\u0161tine, prenosi Portal RTCG.<\/p>\n<p>On je kazao da se ju\u010de obratio lokalnim vlastima od kojih je tra\u017eio pomo\u0107 za bolesnog sina koji se nalazi na lije\u010denju u Beogradu, ali, kako tvrdi, ponu\u0111eno mu je 50 eura jednokratne pomo\u0107i.<\/p>\n<p>&#8220;Tra\u017eio sam da mi pomognu u nabavci lijeka &#8220;sabril&#8221; koji ko\u0161ta 318 eura, \u0161to je za mene preskupo, ali nijesam nai\u0161ao na razumijevanje kod zvani\u010dnika. Zbog takvog odnosa prema meni i mojoj porodici, rije\u0161io sam da se javno isje\u010dem \u017eiletima usred zgrade op\u0161tine. Ne\u0107u dozvoliti policiji da me sprije\u010di, jer ovako vi\u0161e nemam snage da \u017eivim\u201d, kazao je Vukosavljevi\u0107, a prenosi Portal RTCG.<\/p>\n<p>On je kazao da je lokalna vlast upoznata o njegovoj situaciji, ali da nije nai\u0161ao na razumijevanje i pomo\u0107.<\/p>\n<p>&#8220;Ju\u010de sam stupio u kontakt sa predsjednikom op\u0161tine i zatra\u017eio pomo\u0107 u ljekovima za dijete, kao i da ispuni obe\u0107anje da mi dodijeli plac koji mije obe\u0107ao prije dvije godine kako bih rije\u0161io stambeno pitanje. Umjesto razumijevanja, ponudio mi je \u010dek na 30 &#8211; 40 eura za namirnice, koji sam iz revolta odbio. Moja djeca gladuju godinama i \u017eive u u\u017easnim uslovima, ali se to njih ne ti\u010de&#8221;, kazao je Vukosavljevi\u0107.<\/p>\n<p>Portal RTCG pi\u0161e da problemi Vukosavljevi\u0107a traju vi\u0161e od pet godina, kada su po nalogu Centra za socijalni rad izmje\u0161teni iz neuslovnog stambenog prostora u stan koji im je obezbijedila ta ustanova.<\/p>\n<p>Nakon nekoliko mjeseci Centar za socijalni rad je prestao da pla\u0107a kiriju, a tu obavezu je preuzela lokalna uprva uz obe\u0107anje da \u0107e Vukosavljevi\u0107ima dodijeliti besplatan plac za izgradnju ku\u0107e, kao i da \u0107e pomo\u0107i da dobiju krov nad glavom.<\/p>\n<p>&#8220;Od svega toga nije bilo ni\u0161ta, pa smo morali da se vratimo u ovaj prostor iz kojeg smo izmje\u0161teni, a u kojem ne bi bilo dobro da \u017eive \u0161takori, a ne djeca\u201d, ka\u017ee Vukosavljevi\u0107.<\/p>\n<p>&nbsp;<\/p>\n","protected":false},"excerpt":{"rendered":"<p>&#8220;Tra\u017eio sam da mi pomognu u nabavci lijeka &#8220;sabril&#8221; koji ko\u0161ta 318 eura, \u0161to je za mene preskupo, ali nijesam nai\u0161ao na razumijevanje kod zvani\u010dnika&#8221; Ogor\u010den zbog te\u0161ke situacije u kojoj ve\u0107 du\u017ee \u017eivi njegova \u0161esto\u010dlana porodica, Ro\u017eajac Goran Vukosavljevi\u0107 najavio je da \u0107e danas u podne &#8220;di\u0107i ruku na sebe&#8221; tako \u0161to \u0107e se [&hellip;]<\/p>\n","protected":false},"author":509,"featured_media":223934,"comment_status":"open","ping_status":"open","sticky":false,"template":"","format":"standard","meta":{"footnotes":""},"categories":[398,801,10429],"tags":[],"class_list":{"0":"post-223929","1":"post","2":"type-post","3":"status-publish","4":"format-standard","5":"has-post-thumbnail","7":"category-rozaje","8":"category-crna_hronika","9":"category-vazno"},"yoast_head":"<!-- This site is optimized with the Yoast SEO Premium plugin v23.1 (Yoast SEO v24.9) - https:\/\/yoast.com\/wordpress\/plugins\/seo\/ -->\n<title>Ro\u017eajac prijetio da \u0107e se ubiti u zgradi op\u0161tine<\/title>\n<meta name=\"robots\" content=\"index, follow, max-snippet:-1, max-image-preview:large, max-video-preview:-1\" \/>\n<link rel=\"canonical\" href=\"https:\/\/sandzakpress.net\/arhiva\/rozajac-prijetio-da-ce-se-ubiti-u-zgradi-opstine\/\" \/>\n<meta property=\"og:locale\" content=\"bs_BA\" \/>\n<meta property=\"og:type\" content=\"article\" \/>\n<meta property=\"og:title\" content=\"Ro\u017eajac prijetio da \u0107e se ubiti u zgradi op\u0161tine\" \/>\n<meta property=\"og:description\" content=\"&#8220;Tra\u017eio sam da mi pomognu u nabavci lijeka &#8220;sabril&#8221; koji ko\u0161ta 318 eura, \u0161to je za mene preskupo, ali nijesam nai\u0161ao na razumijevanje kod zvani\u010dnika&#8221; Ogor\u010den zbog te\u0161ke situacije u kojoj ve\u0107 du\u017ee \u017eivi njegova \u0161esto\u010dlana porodica, Ro\u017eajac Goran Vukosavljevi\u0107 najavio je da \u0107e danas u podne &#8220;di\u0107i ruku na sebe&#8221; tako \u0161to \u0107e se [&hellip;]\" \/>\n<meta property=\"og:url\" content=\"https:\/\/sandzakpress.net\/arhiva\/rozajac-prijetio-da-ce-se-ubiti-u-zgradi-opstine\/\" \/>\n<meta property=\"og:site_name\" content=\"Sand\u017eak PRESS\" \/>\n<meta property=\"article:published_time\" content=\"2019-05-25T12:12:58+00:00\" \/>\n<meta property=\"og:image\" content=\"https:\/\/sandzakpress.net\/arhiva\/wp-content\/uploads\/2019\/05\/20190524090532_25fb9c62-423e-4609-a263-d72bf0024ace.jpeg.jpg\" \/>\n\t<meta property=\"og:image:width\" content=\"800\" \/>\n\t<meta property=\"og:image:height\" content=\"385\" \/>\n\t<meta property=\"og:image:type\" content=\"image\/jpeg\" \/>\n<meta name=\"author\" content=\"Agencija\" \/>\n<meta name=\"twitter:card\" content=\"summary_large_image\" \/>\n<meta name=\"twitter:label1\" content=\"Written by\" \/>\n\t<meta name=\"twitter:data1\" content=\"Agencija\" \/>\n\t<meta name=\"twitter:label2\" content=\"Est. reading time\" \/>\n\t<meta name=\"twitter:data2\" content=\"2 minute\" \/>\n<script type=\"application\/ld+json\" class=\"yoast-schema-graph\">{\"@context\":\"https:\/\/schema.org\",\"@graph\":[{\"@type\":\"Article\",\"@id\":\"https:\/\/sandzakpress.net\/arhiva\/rozajac-prijetio-da-ce-se-ubiti-u-zgradi-opstine\/#article\",\"isPartOf\":{\"@id\":\"https:\/\/sandzakpress.net\/arhiva\/rozajac-prijetio-da-ce-se-ubiti-u-zgradi-opstine\/\"},\"author\":{\"name\":\"Agencija\",\"@id\":\"https:\/\/sandzakpress.net\/arhiva\/#\/schema\/person\/cb59d7e3ab91ab90dd680ad0305a6185\"},\"headline\":\"Ro\u017eajac prijetio da \u0107e se ubiti u zgradi op\u0161tine\",\"datePublished\":\"2019-05-25T12:12:58+00:00\",\"mainEntityOfPage\":{\"@id\":\"https:\/\/sandzakpress.net\/arhiva\/rozajac-prijetio-da-ce-se-ubiti-u-zgradi-opstine\/\"},\"wordCount\":411,\"commentCount\":0,\"publisher\":{\"@id\":\"https:\/\/sandzakpress.net\/arhiva\/#\/schema\/person\/6e72b67d6e51910a1117b3b483ba20bd\"},\"image\":{\"@id\":\"https:\/\/sandzakpress.net\/arhiva\/rozajac-prijetio-da-ce-se-ubiti-u-zgradi-opstine\/#primaryimage\"},\"thumbnailUrl\":\"https:\/\/sandzakpress.net\/arhiva\/wp-content\/uploads\/2019\/05\/20190524090532_25fb9c62-423e-4609-a263-d72bf0024ace.jpeg.jpg\",\"articleSection\":[\"Ro\u017eaje\",\"Hronika\",\"VA\u017dNO!\"],\"inLanguage\":\"bs-BA\",\"potentialAction\":[{\"@type\":\"CommentAction\",\"name\":\"Comment\",\"target\":[\"https:\/\/sandzakpress.net\/arhiva\/rozajac-prijetio-da-ce-se-ubiti-u-zgradi-opstine\/#respond\"]}]},{\"@type\":\"WebPage\",\"@id\":\"https:\/\/sandzakpress.net\/arhiva\/rozajac-prijetio-da-ce-se-ubiti-u-zgradi-opstine\/\",\"url\":\"https:\/\/sandzakpress.net\/arhiva\/rozajac-prijetio-da-ce-se-ubiti-u-zgradi-opstine\/\",\"name\":\"Ro\u017eajac prijetio da \u0107e se ubiti u zgradi op\u0161tine\",\"isPartOf\":{\"@id\":\"https:\/\/sandzakpress.net\/arhiva\/#website\"},\"primaryImageOfPage\":{\"@id\":\"https:\/\/sandzakpress.net\/arhiva\/rozajac-prijetio-da-ce-se-ubiti-u-zgradi-opstine\/#primaryimage\"},\"image\":{\"@id\":\"https:\/\/sandzakpress.net\/arhiva\/rozajac-prijetio-da-ce-se-ubiti-u-zgradi-opstine\/#primaryimage\"},\"thumbnailUrl\":\"https:\/\/sandzakpress.net\/arhiva\/wp-content\/uploads\/2019\/05\/20190524090532_25fb9c62-423e-4609-a263-d72bf0024ace.jpeg.jpg\",\"datePublished\":\"2019-05-25T12:12:58+00:00\",\"breadcrumb\":{\"@id\":\"https:\/\/sandzakpress.net\/arhiva\/rozajac-prijetio-da-ce-se-ubiti-u-zgradi-opstine\/#breadcrumb\"},\"inLanguage\":\"bs-BA\",\"potentialAction\":[{\"@type\":\"ReadAction\",\"target\":[\"https:\/\/sandzakpress.net\/arhiva\/rozajac-prijetio-da-ce-se-ubiti-u-zgradi-opstine\/\"]}]},{\"@type\":\"ImageObject\",\"inLanguage\":\"bs-BA\",\"@id\":\"https:\/\/sandzakpress.net\/arhiva\/rozajac-prijetio-da-ce-se-ubiti-u-zgradi-opstine\/#primaryimage\",\"url\":\"https:\/\/sandzakpress.net\/arhiva\/wp-content\/uploads\/2019\/05\/20190524090532_25fb9c62-423e-4609-a263-d72bf0024ace.jpeg.jpg\",\"contentUrl\":\"https:\/\/sandzakpress.net\/arhiva\/wp-content\/uploads\/2019\/05\/20190524090532_25fb9c62-423e-4609-a263-d72bf0024ace.jpeg.jpg\",\"width\":800,\"height\":385},{\"@type\":\"BreadcrumbList\",\"@id\":\"https:\/\/sandzakpress.net\/arhiva\/rozajac-prijetio-da-ce-se-ubiti-u-zgradi-opstine\/#breadcrumb\",\"itemListElement\":[{\"@type\":\"ListItem\",\"position\":1,\"name\":\"Home\",\"item\":\"https:\/\/sandzakpress.net\/arhiva\/\"},{\"@type\":\"ListItem\",\"position\":2,\"name\":\"Ro\u017eajac prijetio da \u0107e se ubiti u zgradi op\u0161tine\"}]},{\"@type\":\"WebSite\",\"@id\":\"https:\/\/sandzakpress.net\/arhiva\/#website\",\"url\":\"https:\/\/sandzakpress.net\/arhiva\/\",\"name\":\"Sand\u017eak PRESS\",\"description\":\"Prve elektronske novine u Sand\u017eaku\",\"publisher\":{\"@id\":\"https:\/\/sandzakpress.net\/arhiva\/#\/schema\/person\/6e72b67d6e51910a1117b3b483ba20bd\"},\"potentialAction\":[{\"@type\":\"SearchAction\",\"target\":{\"@type\":\"EntryPoint\",\"urlTemplate\":\"https:\/\/sandzakpress.net\/arhiva\/?s={search_term_string}\"},\"query-input\":{\"@type\":\"PropertyValueSpecification\",\"valueRequired\":true,\"valueName\":\"search_term_string\"}}],\"inLanguage\":\"bs-BA\"},{\"@type\":[\"Person\",\"Organization\"],\"@id\":\"https:\/\/sandzakpress.net\/arhiva\/#\/schema\/person\/6e72b67d6e51910a1117b3b483ba20bd\",\"name\":\"Kul\",\"image\":{\"@type\":\"ImageObject\",\"inLanguage\":\"bs-BA\",\"@id\":\"https:\/\/sandzakpress.net\/arhiva\/#\/schema\/person\/image\/\",\"url\":\"https:\/\/secure.gravatar.com\/avatar\/42263f39aa27ac04c43cab85c280eb2e?s=96&d=mm&r=pg\",\"contentUrl\":\"https:\/\/secure.gravatar.com\/avatar\/42263f39aa27ac04c43cab85c280eb2e?s=96&d=mm&r=pg\",\"caption\":\"Kul\"},\"logo\":{\"@id\":\"https:\/\/sandzakpress.net\/arhiva\/#\/schema\/person\/image\/\"}},{\"@type\":\"Person\",\"@id\":\"https:\/\/sandzakpress.net\/arhiva\/#\/schema\/person\/cb59d7e3ab91ab90dd680ad0305a6185\",\"name\":\"Agencija\",\"image\":{\"@type\":\"ImageObject\",\"inLanguage\":\"bs-BA\",\"@id\":\"https:\/\/sandzakpress.net\/arhiva\/#\/schema\/person\/image\/\",\"url\":\"https:\/\/secure.gravatar.com\/avatar\/4b7fafa80a22f0c2afe23966b3961fe0?s=96&d=mm&r=pg\",\"contentUrl\":\"https:\/\/secure.gravatar.com\/avatar\/4b7fafa80a22f0c2afe23966b3961fe0?s=96&d=mm&r=pg\",\"caption\":\"Agencija\"},\"url\":\"https:\/\/sandzakpress.net\/arhiva\/author\/agencija\/\"}]}<\/script>\n<!-- \/ Yoast SEO Premium plugin. -->","yoast_head_json":{"title":"Ro\u017eajac prijetio da \u0107e se ubiti u zgradi op\u0161tine","robots":{"index":"index","follow":"follow","max-snippet":"max-snippet:-1","max-image-preview":"max-image-preview:large","max-video-preview":"max-video-preview:-1"},"canonical":"https:\/\/sandzakpress.net\/arhiva\/rozajac-prijetio-da-ce-se-ubiti-u-zgradi-opstine\/","og_locale":"bs_BA","og_type":"article","og_title":"Ro\u017eajac prijetio da \u0107e se ubiti u zgradi op\u0161tine","og_description":"&#8220;Tra\u017eio sam da mi pomognu u nabavci lijeka &#8220;sabril&#8221; koji ko\u0161ta 318 eura, \u0161to je za mene preskupo, ali nijesam nai\u0161ao na razumijevanje kod zvani\u010dnika&#8221; Ogor\u010den zbog te\u0161ke situacije u kojoj ve\u0107 du\u017ee \u017eivi njegova \u0161esto\u010dlana porodica, Ro\u017eajac Goran Vukosavljevi\u0107 najavio je da \u0107e danas u podne &#8220;di\u0107i ruku na sebe&#8221; tako \u0161to \u0107e se [&hellip;]","og_url":"https:\/\/sandzakpress.net\/arhiva\/rozajac-prijetio-da-ce-se-ubiti-u-zgradi-opstine\/","og_site_name":"Sand\u017eak PRESS","article_published_time":"2019-05-25T12:12:58+00:00","og_image":[{"width":800,"height":385,"url":"https:\/\/sandzakpress.net\/arhiva\/wp-content\/uploads\/2019\/05\/20190524090532_25fb9c62-423e-4609-a263-d72bf0024ace.jpeg.jpg","type":"image\/jpeg"}],"author":"Agencija","twitter_card":"summary_large_image","twitter_misc":{"Written by":"Agencija","Est. reading time":"2 minute"},"schema":{"@context":"https:\/\/schema.org","@graph":[{"@type":"Article","@id":"https:\/\/sandzakpress.net\/arhiva\/rozajac-prijetio-da-ce-se-ubiti-u-zgradi-opstine\/#article","isPartOf":{"@id":"https:\/\/sandzakpress.net\/arhiva\/rozajac-prijetio-da-ce-se-ubiti-u-zgradi-opstine\/"},"author":{"name":"Agencija","@id":"https:\/\/sandzakpress.net\/arhiva\/#\/schema\/person\/cb59d7e3ab91ab90dd680ad0305a6185"},"headline":"Ro\u017eajac prijetio da \u0107e se ubiti u zgradi op\u0161tine","datePublished":"2019-05-25T12:12:58+00:00","mainEntityOfPage":{"@id":"https:\/\/sandzakpress.net\/arhiva\/rozajac-prijetio-da-ce-se-ubiti-u-zgradi-opstine\/"},"wordCount":411,"commentCount":0,"publisher":{"@id":"https:\/\/sandzakpress.net\/arhiva\/#\/schema\/person\/6e72b67d6e51910a1117b3b483ba20bd"},"image":{"@id":"https:\/\/sandzakpress.net\/arhiva\/rozajac-prijetio-da-ce-se-ubiti-u-zgradi-opstine\/#primaryimage"},"thumbnailUrl":"https:\/\/sandzakpress.net\/arhiva\/wp-content\/uploads\/2019\/05\/20190524090532_25fb9c62-423e-4609-a263-d72bf0024ace.jpeg.jpg","articleSection":["Ro\u017eaje","Hronika","VA\u017dNO!"],"inLanguage":"bs-BA","potentialAction":[{"@type":"CommentAction","name":"Comment","target":["https:\/\/sandzakpress.net\/arhiva\/rozajac-prijetio-da-ce-se-ubiti-u-zgradi-opstine\/#respond"]}]},{"@type":"WebPage","@id":"https:\/\/sandzakpress.net\/arhiva\/rozajac-prijetio-da-ce-se-ubiti-u-zgradi-opstine\/","url":"https:\/\/sandzakpress.net\/arhiva\/rozajac-prijetio-da-ce-se-ubiti-u-zgradi-opstine\/","name":"Ro\u017eajac prijetio da \u0107e se ubiti u zgradi op\u0161tine","isPartOf":{"@id":"https:\/\/sandzakpress.net\/arhiva\/#website"},"primaryImageOfPage":{"@id":"https:\/\/sandzakpress.net\/arhiva\/rozajac-prijetio-da-ce-se-ubiti-u-zgradi-opstine\/#primaryimage"},"image":{"@id":"https:\/\/sandzakpress.net\/arhiva\/rozajac-prijetio-da-ce-se-ubiti-u-zgradi-opstine\/#primaryimage"},"thumbnailUrl":"https:\/\/sandzakpress.net\/arhiva\/wp-content\/uploads\/2019\/05\/20190524090532_25fb9c62-423e-4609-a263-d72bf0024ace.jpeg.jpg","datePublished":"2019-05-25T12:12:58+00:00","breadcrumb":{"@id":"https:\/\/sandzakpress.net\/arhiva\/rozajac-prijetio-da-ce-se-ubiti-u-zgradi-opstine\/#breadcrumb"},"inLanguage":"bs-BA","potentialAction":[{"@type":"ReadAction","target":["https:\/\/sandzakpress.net\/arhiva\/rozajac-prijetio-da-ce-se-ubiti-u-zgradi-opstine\/"]}]},{"@type":"ImageObject","inLanguage":"bs-BA","@id":"https:\/\/sandzakpress.net\/arhiva\/rozajac-prijetio-da-ce-se-ubiti-u-zgradi-opstine\/#primaryimage","url":"https:\/\/sandzakpress.net\/arhiva\/wp-content\/uploads\/2019\/05\/20190524090532_25fb9c62-423e-4609-a263-d72bf0024ace.jpeg.jpg","contentUrl":"https:\/\/sandzakpress.net\/arhiva\/wp-content\/uploads\/2019\/05\/20190524090532_25fb9c62-423e-4609-a263-d72bf0024ace.jpeg.jpg","width":800,"height":385},{"@type":"BreadcrumbList","@id":"https:\/\/sandzakpress.net\/arhiva\/rozajac-prijetio-da-ce-se-ubiti-u-zgradi-opstine\/#breadcrumb","itemListElement":[{"@type":"ListItem","position":1,"name":"Home","item":"https:\/\/sandzakpress.net\/arhiva\/"},{"@type":"ListItem","position":2,"name":"Ro\u017eajac prijetio da \u0107e se ubiti u zgradi op\u0161tine"}]},{"@type":"WebSite","@id":"https:\/\/sandzakpress.net\/arhiva\/#website","url":"https:\/\/sandzakpress.net\/arhiva\/","name":"Sand\u017eak PRESS","description":"Prve elektronske novine u Sand\u017eaku","publisher":{"@id":"https:\/\/sandzakpress.net\/arhiva\/#\/schema\/person\/6e72b67d6e51910a1117b3b483ba20bd"},"potentialAction":[{"@type":"SearchAction","target":{"@type":"EntryPoint","urlTemplate":"https:\/\/sandzakpress.net\/arhiva\/?s={search_term_string}"},"query-input":{"@type":"PropertyValueSpecification","valueRequired":true,"valueName":"search_term_string"}}],"inLanguage":"bs-BA"},{"@type":["Person","Organization"],"@id":"https:\/\/sandzakpress.net\/arhiva\/#\/schema\/person\/6e72b67d6e51910a1117b3b483ba20bd","name":"Kul","image":{"@type":"ImageObject","inLanguage":"bs-BA","@id":"https:\/\/sandzakpress.net\/arhiva\/#\/schema\/person\/image\/","url":"https:\/\/secure.gravatar.com\/avatar\/42263f39aa27ac04c43cab85c280eb2e?s=96&d=mm&r=pg","contentUrl":"https:\/\/secure.gravatar.com\/avatar\/42263f39aa27ac04c43cab85c280eb2e?s=96&d=mm&r=pg","caption":"Kul"},"logo":{"@id":"https:\/\/sandzakpress.net\/arhiva\/#\/schema\/person\/image\/"}},{"@type":"Person","@id":"https:\/\/sandzakpress.net\/arhiva\/#\/schema\/person\/cb59d7e3ab91ab90dd680ad0305a6185","name":"Agencija","image":{"@type":"ImageObject","inLanguage":"bs-BA","@id":"https:\/\/sandzakpress.net\/arhiva\/#\/schema\/person\/image\/","url":"https:\/\/secure.gravatar.com\/avatar\/4b7fafa80a22f0c2afe23966b3961fe0?s=96&d=mm&r=pg","contentUrl":"https:\/\/secure.gravatar.com\/avatar\/4b7fafa80a22f0c2afe23966b3961fe0?s=96&d=mm&r=pg","caption":"Agencija"},"url":"https:\/\/sandzakpress.net\/arhiva\/author\/agencija\/"}]}},"_links":{"self":[{"href":"https:\/\/sandzakpress.net\/arhiva\/wp-json\/wp\/v2\/posts\/223929"}],"collection":[{"href":"https:\/\/sandzakpress.net\/arhiva\/wp-json\/wp\/v2\/posts"}],"about":[{"href":"https:\/\/sandzakpress.net\/arhiva\/wp-json\/wp\/v2\/types\/post"}],"author":[{"embeddable":true,"href":"https:\/\/sandzakpress.net\/arhiva\/wp-json\/wp\/v2\/users\/509"}],"replies":[{"embeddable":true,"href":"https:\/\/sandzakpress.net\/arhiva\/wp-json\/wp\/v2\/comments?post=223929"}],"version-history":[{"count":0,"href":"https:\/\/sandzakpress.net\/arhiva\/wp-json\/wp\/v2\/posts\/223929\/revisions"}],"wp:featuredmedia":[{"embeddable":true,"href":"https:\/\/sandzakpress.net\/arhiva\/wp-json\/wp\/v2\/media\/223934"}],"wp:attachment":[{"href":"https:\/\/sandzakpress.net\/arhiva\/wp-json\/wp\/v2\/media?parent=223929"}],"wp:term":[{"taxonomy":"category","embeddable":true,"href":"https:\/\/sandzakpress.net\/arhiva\/wp-json\/wp\/v2\/categories?post=223929"},{"taxonomy":"post_tag","embeddable":true,"href":"https:\/\/sandzakpress.net\/arhiva\/wp-json\/wp\/v2\/tags?post=223929"}],"curies":[{"name":"wp","href":"https:\/\/api.w.org\/{rel}","templated":true}]}}