{"id":223891,"date":"2019-05-24T15:15:34","date_gmt":"2019-05-24T13:15:34","guid":{"rendered":"https:\/\/sandzakpress.net\/arhiva\/?p=223891"},"modified":"2019-05-24T15:15:54","modified_gmt":"2019-05-24T13:15:54","slug":"sve-spremno-za-limsku-regatu","status":"publish","type":"post","link":"https:\/\/sandzakpress.net\/arhiva\/sve-spremno-za-limsku-regatu\/","title":{"rendered":"Sve spremno za Limsku regatu"},"content":{"rendered":"<p><img decoding=\"async\" src=\"https:\/\/ppmedia.rs\/wp-content\/uploads\/2019\/05\/Limska-regata-2019-poster-page-001-1024x724.jpg\" \/><\/p>\n<p><strong>Ovogodi\u0161nja Limska regata, dvadeseta po redu startuje u petak 31. maja iz Plavskog jezera sa izvora Lima a zavr\u0161ava se 2. juna u Prijepolju. Tokom trodnevnog spusta splavari \u0107e pre\u0107i deonicu dugu oko 134 kilometra. Prva etapa je Plav \u2013 Andrijevica \u2013 Berane, druga etapa Berane \u2013 Bijelo Polje, tre\u0107a etapa Bijelo Polje \u2013 Brodarevo \u2013 Prijepolje.<\/strong><\/p>\n<p>Po tradiciji, dugoj dve decenije, manifestacija okuplja splavare iz cele Srbije, Crne Gore i Bosne i Hercegovine, \u017eeljne adrenalina, dru\u017eenja i dobre zabave.<\/p>\n<p>Tradicionalnu \u201eLimsku regatu\u201c organizuju Turisti\u010dke organizacije Plava, Andrijevice, Berana, Bijelog Polja i Prijepolja uz pomo\u0107 rafting klubovi iz svih \u0161est gradova.<\/p>\n<p>Ina\u010de, manifestacija je po prvi put organizovana 16. juna 2000.godine, kada je grupa entuzijasta planinarsko \u2013 skija\u0161kog kluba\u201d Kolovrat\u201d organizovala prvu regatu i tako po\u010dela da pi\u0161e novu istoriju Lima.<\/p>\n","protected":false},"excerpt":{"rendered":"<p>Ovogodi\u0161nja Limska regata, dvadeseta po redu startuje u petak 31. maja iz Plavskog jezera sa izvora Lima a zavr\u0161ava se 2. juna u Prijepolju. Tokom trodnevnog spusta splavari \u0107e pre\u0107i deonicu dugu oko 134 kilometra. Prva etapa je Plav \u2013 Andrijevica \u2013 Berane, druga etapa Berane \u2013 Bijelo Polje, tre\u0107a etapa Bijelo Polje \u2013 Brodarevo [&hellip;]<\/p>\n","protected":false},"author":509,"featured_media":223892,"comment_status":"open","ping_status":"open","sticky":false,"template":"","format":"standard","meta":{"footnotes":""},"categories":[13,3,392],"tags":[],"class_list":{"0":"post-223891","1":"post","2":"type-post","3":"status-publish","4":"format-standard","5":"has-post-thumbnail","7":"category-sport","8":"category-privreda","9":"category-prijepolje_"},"yoast_head":"<!-- This site is optimized with the Yoast SEO Premium plugin v23.1 (Yoast SEO v24.9) - https:\/\/yoast.com\/wordpress\/plugins\/seo\/ -->\n<title>Sve spremno za Limsku regatu<\/title>\n<meta name=\"robots\" content=\"index, follow, max-snippet:-1, max-image-preview:large, max-video-preview:-1\" \/>\n<link rel=\"canonical\" href=\"https:\/\/sandzakpress.net\/arhiva\/sve-spremno-za-limsku-regatu\/\" \/>\n<meta property=\"og:locale\" content=\"bs_BA\" \/>\n<meta property=\"og:type\" content=\"article\" \/>\n<meta property=\"og:title\" content=\"Sve spremno za Limsku regatu\" \/>\n<meta property=\"og:description\" content=\"Ovogodi\u0161nja Limska regata, dvadeseta po redu startuje u petak 31. maja iz Plavskog jezera sa izvora Lima a zavr\u0161ava se 2. juna u Prijepolju. Tokom trodnevnog spusta splavari \u0107e pre\u0107i deonicu dugu oko 134 kilometra. Prva etapa je Plav \u2013 Andrijevica \u2013 Berane, druga etapa Berane \u2013 Bijelo Polje, tre\u0107a etapa Bijelo Polje \u2013 Brodarevo [&hellip;]\" \/>\n<meta property=\"og:url\" content=\"https:\/\/sandzakpress.net\/arhiva\/sve-spremno-za-limsku-regatu\/\" \/>\n<meta property=\"og:site_name\" content=\"Sand\u017eak PRESS\" \/>\n<meta property=\"article:published_time\" content=\"2019-05-24T13:15:34+00:00\" \/>\n<meta property=\"article:modified_time\" content=\"2019-05-24T13:15:54+00:00\" \/>\n<meta property=\"og:image\" content=\"https:\/\/sandzakpress.net\/arhiva\/wp-content\/uploads\/2019\/05\/Limska-regata-2019-poster-page-001-1024x724.jpg\" \/>\n\t<meta property=\"og:image:width\" content=\"1024\" \/>\n\t<meta property=\"og:image:height\" content=\"724\" \/>\n\t<meta property=\"og:image:type\" content=\"image\/jpeg\" \/>\n<meta name=\"author\" content=\"Agencija\" \/>\n<meta name=\"twitter:card\" content=\"summary_large_image\" \/>\n<meta name=\"twitter:label1\" content=\"Written by\" \/>\n\t<meta name=\"twitter:data1\" content=\"Agencija\" \/>\n\t<meta name=\"twitter:label2\" content=\"Est. reading time\" \/>\n\t<meta name=\"twitter:data2\" content=\"1 minuta\" \/>\n<script type=\"application\/ld+json\" class=\"yoast-schema-graph\">{\"@context\":\"https:\/\/schema.org\",\"@graph\":[{\"@type\":\"Article\",\"@id\":\"https:\/\/sandzakpress.net\/arhiva\/sve-spremno-za-limsku-regatu\/#article\",\"isPartOf\":{\"@id\":\"https:\/\/sandzakpress.net\/arhiva\/sve-spremno-za-limsku-regatu\/\"},\"author\":{\"name\":\"Agencija\",\"@id\":\"https:\/\/sandzakpress.net\/arhiva\/#\/schema\/person\/cb59d7e3ab91ab90dd680ad0305a6185\"},\"headline\":\"Sve spremno za Limsku regatu\",\"datePublished\":\"2019-05-24T13:15:34+00:00\",\"dateModified\":\"2019-05-24T13:15:54+00:00\",\"mainEntityOfPage\":{\"@id\":\"https:\/\/sandzakpress.net\/arhiva\/sve-spremno-za-limsku-regatu\/\"},\"wordCount\":136,\"commentCount\":0,\"publisher\":{\"@id\":\"https:\/\/sandzakpress.net\/arhiva\/#\/schema\/person\/6e72b67d6e51910a1117b3b483ba20bd\"},\"image\":{\"@id\":\"https:\/\/sandzakpress.net\/arhiva\/sve-spremno-za-limsku-regatu\/#primaryimage\"},\"thumbnailUrl\":\"https:\/\/sandzakpress.net\/arhiva\/wp-content\/uploads\/2019\/05\/Limska-regata-2019-poster-page-001-1024x724.jpg\",\"articleSection\":[\"Sport\",\"Privreda\",\"Prijepolje\"],\"inLanguage\":\"bs-BA\",\"potentialAction\":[{\"@type\":\"CommentAction\",\"name\":\"Comment\",\"target\":[\"https:\/\/sandzakpress.net\/arhiva\/sve-spremno-za-limsku-regatu\/#respond\"]}]},{\"@type\":\"WebPage\",\"@id\":\"https:\/\/sandzakpress.net\/arhiva\/sve-spremno-za-limsku-regatu\/\",\"url\":\"https:\/\/sandzakpress.net\/arhiva\/sve-spremno-za-limsku-regatu\/\",\"name\":\"Sve spremno za Limsku regatu\",\"isPartOf\":{\"@id\":\"https:\/\/sandzakpress.net\/arhiva\/#website\"},\"primaryImageOfPage\":{\"@id\":\"https:\/\/sandzakpress.net\/arhiva\/sve-spremno-za-limsku-regatu\/#primaryimage\"},\"image\":{\"@id\":\"https:\/\/sandzakpress.net\/arhiva\/sve-spremno-za-limsku-regatu\/#primaryimage\"},\"thumbnailUrl\":\"https:\/\/sandzakpress.net\/arhiva\/wp-content\/uploads\/2019\/05\/Limska-regata-2019-poster-page-001-1024x724.jpg\",\"datePublished\":\"2019-05-24T13:15:34+00:00\",\"dateModified\":\"2019-05-24T13:15:54+00:00\",\"breadcrumb\":{\"@id\":\"https:\/\/sandzakpress.net\/arhiva\/sve-spremno-za-limsku-regatu\/#breadcrumb\"},\"inLanguage\":\"bs-BA\",\"potentialAction\":[{\"@type\":\"ReadAction\",\"target\":[\"https:\/\/sandzakpress.net\/arhiva\/sve-spremno-za-limsku-regatu\/\"]}]},{\"@type\":\"ImageObject\",\"inLanguage\":\"bs-BA\",\"@id\":\"https:\/\/sandzakpress.net\/arhiva\/sve-spremno-za-limsku-regatu\/#primaryimage\",\"url\":\"https:\/\/sandzakpress.net\/arhiva\/wp-content\/uploads\/2019\/05\/Limska-regata-2019-poster-page-001-1024x724.jpg\",\"contentUrl\":\"https:\/\/sandzakpress.net\/arhiva\/wp-content\/uploads\/2019\/05\/Limska-regata-2019-poster-page-001-1024x724.jpg\",\"width\":1024,\"height\":724},{\"@type\":\"BreadcrumbList\",\"@id\":\"https:\/\/sandzakpress.net\/arhiva\/sve-spremno-za-limsku-regatu\/#breadcrumb\",\"itemListElement\":[{\"@type\":\"ListItem\",\"position\":1,\"name\":\"Home\",\"item\":\"https:\/\/sandzakpress.net\/arhiva\/\"},{\"@type\":\"ListItem\",\"position\":2,\"name\":\"Sve spremno za Limsku regatu\"}]},{\"@type\":\"WebSite\",\"@id\":\"https:\/\/sandzakpress.net\/arhiva\/#website\",\"url\":\"https:\/\/sandzakpress.net\/arhiva\/\",\"name\":\"Sand\u017eak PRESS\",\"description\":\"Prve elektronske novine u Sand\u017eaku\",\"publisher\":{\"@id\":\"https:\/\/sandzakpress.net\/arhiva\/#\/schema\/person\/6e72b67d6e51910a1117b3b483ba20bd\"},\"potentialAction\":[{\"@type\":\"SearchAction\",\"target\":{\"@type\":\"EntryPoint\",\"urlTemplate\":\"https:\/\/sandzakpress.net\/arhiva\/?s={search_term_string}\"},\"query-input\":{\"@type\":\"PropertyValueSpecification\",\"valueRequired\":true,\"valueName\":\"search_term_string\"}}],\"inLanguage\":\"bs-BA\"},{\"@type\":[\"Person\",\"Organization\"],\"@id\":\"https:\/\/sandzakpress.net\/arhiva\/#\/schema\/person\/6e72b67d6e51910a1117b3b483ba20bd\",\"name\":\"Kul\",\"image\":{\"@type\":\"ImageObject\",\"inLanguage\":\"bs-BA\",\"@id\":\"https:\/\/sandzakpress.net\/arhiva\/#\/schema\/person\/image\/\",\"url\":\"https:\/\/secure.gravatar.com\/avatar\/42263f39aa27ac04c43cab85c280eb2e?s=96&d=mm&r=pg\",\"contentUrl\":\"https:\/\/secure.gravatar.com\/avatar\/42263f39aa27ac04c43cab85c280eb2e?s=96&d=mm&r=pg\",\"caption\":\"Kul\"},\"logo\":{\"@id\":\"https:\/\/sandzakpress.net\/arhiva\/#\/schema\/person\/image\/\"}},{\"@type\":\"Person\",\"@id\":\"https:\/\/sandzakpress.net\/arhiva\/#\/schema\/person\/cb59d7e3ab91ab90dd680ad0305a6185\",\"name\":\"Agencija\",\"image\":{\"@type\":\"ImageObject\",\"inLanguage\":\"bs-BA\",\"@id\":\"https:\/\/sandzakpress.net\/arhiva\/#\/schema\/person\/image\/\",\"url\":\"https:\/\/secure.gravatar.com\/avatar\/4b7fafa80a22f0c2afe23966b3961fe0?s=96&d=mm&r=pg\",\"contentUrl\":\"https:\/\/secure.gravatar.com\/avatar\/4b7fafa80a22f0c2afe23966b3961fe0?s=96&d=mm&r=pg\",\"caption\":\"Agencija\"},\"url\":\"https:\/\/sandzakpress.net\/arhiva\/author\/agencija\/\"}]}<\/script>\n<!-- \/ Yoast SEO Premium plugin. -->","yoast_head_json":{"title":"Sve spremno za Limsku regatu","robots":{"index":"index","follow":"follow","max-snippet":"max-snippet:-1","max-image-preview":"max-image-preview:large","max-video-preview":"max-video-preview:-1"},"canonical":"https:\/\/sandzakpress.net\/arhiva\/sve-spremno-za-limsku-regatu\/","og_locale":"bs_BA","og_type":"article","og_title":"Sve spremno za Limsku regatu","og_description":"Ovogodi\u0161nja Limska regata, dvadeseta po redu startuje u petak 31. maja iz Plavskog jezera sa izvora Lima a zavr\u0161ava se 2. juna u Prijepolju. Tokom trodnevnog spusta splavari \u0107e pre\u0107i deonicu dugu oko 134 kilometra. Prva etapa je Plav \u2013 Andrijevica \u2013 Berane, druga etapa Berane \u2013 Bijelo Polje, tre\u0107a etapa Bijelo Polje \u2013 Brodarevo [&hellip;]","og_url":"https:\/\/sandzakpress.net\/arhiva\/sve-spremno-za-limsku-regatu\/","og_site_name":"Sand\u017eak PRESS","article_published_time":"2019-05-24T13:15:34+00:00","article_modified_time":"2019-05-24T13:15:54+00:00","og_image":[{"width":1024,"height":724,"url":"https:\/\/sandzakpress.net\/arhiva\/wp-content\/uploads\/2019\/05\/Limska-regata-2019-poster-page-001-1024x724.jpg","type":"image\/jpeg"}],"author":"Agencija","twitter_card":"summary_large_image","twitter_misc":{"Written by":"Agencija","Est. reading time":"1 minuta"},"schema":{"@context":"https:\/\/schema.org","@graph":[{"@type":"Article","@id":"https:\/\/sandzakpress.net\/arhiva\/sve-spremno-za-limsku-regatu\/#article","isPartOf":{"@id":"https:\/\/sandzakpress.net\/arhiva\/sve-spremno-za-limsku-regatu\/"},"author":{"name":"Agencija","@id":"https:\/\/sandzakpress.net\/arhiva\/#\/schema\/person\/cb59d7e3ab91ab90dd680ad0305a6185"},"headline":"Sve spremno za Limsku regatu","datePublished":"2019-05-24T13:15:34+00:00","dateModified":"2019-05-24T13:15:54+00:00","mainEntityOfPage":{"@id":"https:\/\/sandzakpress.net\/arhiva\/sve-spremno-za-limsku-regatu\/"},"wordCount":136,"commentCount":0,"publisher":{"@id":"https:\/\/sandzakpress.net\/arhiva\/#\/schema\/person\/6e72b67d6e51910a1117b3b483ba20bd"},"image":{"@id":"https:\/\/sandzakpress.net\/arhiva\/sve-spremno-za-limsku-regatu\/#primaryimage"},"thumbnailUrl":"https:\/\/sandzakpress.net\/arhiva\/wp-content\/uploads\/2019\/05\/Limska-regata-2019-poster-page-001-1024x724.jpg","articleSection":["Sport","Privreda","Prijepolje"],"inLanguage":"bs-BA","potentialAction":[{"@type":"CommentAction","name":"Comment","target":["https:\/\/sandzakpress.net\/arhiva\/sve-spremno-za-limsku-regatu\/#respond"]}]},{"@type":"WebPage","@id":"https:\/\/sandzakpress.net\/arhiva\/sve-spremno-za-limsku-regatu\/","url":"https:\/\/sandzakpress.net\/arhiva\/sve-spremno-za-limsku-regatu\/","name":"Sve spremno za Limsku regatu","isPartOf":{"@id":"https:\/\/sandzakpress.net\/arhiva\/#website"},"primaryImageOfPage":{"@id":"https:\/\/sandzakpress.net\/arhiva\/sve-spremno-za-limsku-regatu\/#primaryimage"},"image":{"@id":"https:\/\/sandzakpress.net\/arhiva\/sve-spremno-za-limsku-regatu\/#primaryimage"},"thumbnailUrl":"https:\/\/sandzakpress.net\/arhiva\/wp-content\/uploads\/2019\/05\/Limska-regata-2019-poster-page-001-1024x724.jpg","datePublished":"2019-05-24T13:15:34+00:00","dateModified":"2019-05-24T13:15:54+00:00","breadcrumb":{"@id":"https:\/\/sandzakpress.net\/arhiva\/sve-spremno-za-limsku-regatu\/#breadcrumb"},"inLanguage":"bs-BA","potentialAction":[{"@type":"ReadAction","target":["https:\/\/sandzakpress.net\/arhiva\/sve-spremno-za-limsku-regatu\/"]}]},{"@type":"ImageObject","inLanguage":"bs-BA","@id":"https:\/\/sandzakpress.net\/arhiva\/sve-spremno-za-limsku-regatu\/#primaryimage","url":"https:\/\/sandzakpress.net\/arhiva\/wp-content\/uploads\/2019\/05\/Limska-regata-2019-poster-page-001-1024x724.jpg","contentUrl":"https:\/\/sandzakpress.net\/arhiva\/wp-content\/uploads\/2019\/05\/Limska-regata-2019-poster-page-001-1024x724.jpg","width":1024,"height":724},{"@type":"BreadcrumbList","@id":"https:\/\/sandzakpress.net\/arhiva\/sve-spremno-za-limsku-regatu\/#breadcrumb","itemListElement":[{"@type":"ListItem","position":1,"name":"Home","item":"https:\/\/sandzakpress.net\/arhiva\/"},{"@type":"ListItem","position":2,"name":"Sve spremno za Limsku regatu"}]},{"@type":"WebSite","@id":"https:\/\/sandzakpress.net\/arhiva\/#website","url":"https:\/\/sandzakpress.net\/arhiva\/","name":"Sand\u017eak PRESS","description":"Prve elektronske novine u Sand\u017eaku","publisher":{"@id":"https:\/\/sandzakpress.net\/arhiva\/#\/schema\/person\/6e72b67d6e51910a1117b3b483ba20bd"},"potentialAction":[{"@type":"SearchAction","target":{"@type":"EntryPoint","urlTemplate":"https:\/\/sandzakpress.net\/arhiva\/?s={search_term_string}"},"query-input":{"@type":"PropertyValueSpecification","valueRequired":true,"valueName":"search_term_string"}}],"inLanguage":"bs-BA"},{"@type":["Person","Organization"],"@id":"https:\/\/sandzakpress.net\/arhiva\/#\/schema\/person\/6e72b67d6e51910a1117b3b483ba20bd","name":"Kul","image":{"@type":"ImageObject","inLanguage":"bs-BA","@id":"https:\/\/sandzakpress.net\/arhiva\/#\/schema\/person\/image\/","url":"https:\/\/secure.gravatar.com\/avatar\/42263f39aa27ac04c43cab85c280eb2e?s=96&d=mm&r=pg","contentUrl":"https:\/\/secure.gravatar.com\/avatar\/42263f39aa27ac04c43cab85c280eb2e?s=96&d=mm&r=pg","caption":"Kul"},"logo":{"@id":"https:\/\/sandzakpress.net\/arhiva\/#\/schema\/person\/image\/"}},{"@type":"Person","@id":"https:\/\/sandzakpress.net\/arhiva\/#\/schema\/person\/cb59d7e3ab91ab90dd680ad0305a6185","name":"Agencija","image":{"@type":"ImageObject","inLanguage":"bs-BA","@id":"https:\/\/sandzakpress.net\/arhiva\/#\/schema\/person\/image\/","url":"https:\/\/secure.gravatar.com\/avatar\/4b7fafa80a22f0c2afe23966b3961fe0?s=96&d=mm&r=pg","contentUrl":"https:\/\/secure.gravatar.com\/avatar\/4b7fafa80a22f0c2afe23966b3961fe0?s=96&d=mm&r=pg","caption":"Agencija"},"url":"https:\/\/sandzakpress.net\/arhiva\/author\/agencija\/"}]}},"_links":{"self":[{"href":"https:\/\/sandzakpress.net\/arhiva\/wp-json\/wp\/v2\/posts\/223891"}],"collection":[{"href":"https:\/\/sandzakpress.net\/arhiva\/wp-json\/wp\/v2\/posts"}],"about":[{"href":"https:\/\/sandzakpress.net\/arhiva\/wp-json\/wp\/v2\/types\/post"}],"author":[{"embeddable":true,"href":"https:\/\/sandzakpress.net\/arhiva\/wp-json\/wp\/v2\/users\/509"}],"replies":[{"embeddable":true,"href":"https:\/\/sandzakpress.net\/arhiva\/wp-json\/wp\/v2\/comments?post=223891"}],"version-history":[{"count":0,"href":"https:\/\/sandzakpress.net\/arhiva\/wp-json\/wp\/v2\/posts\/223891\/revisions"}],"wp:featuredmedia":[{"embeddable":true,"href":"https:\/\/sandzakpress.net\/arhiva\/wp-json\/wp\/v2\/media\/223892"}],"wp:attachment":[{"href":"https:\/\/sandzakpress.net\/arhiva\/wp-json\/wp\/v2\/media?parent=223891"}],"wp:term":[{"taxonomy":"category","embeddable":true,"href":"https:\/\/sandzakpress.net\/arhiva\/wp-json\/wp\/v2\/categories?post=223891"},{"taxonomy":"post_tag","embeddable":true,"href":"https:\/\/sandzakpress.net\/arhiva\/wp-json\/wp\/v2\/tags?post=223891"}],"curies":[{"name":"wp","href":"https:\/\/api.w.org\/{rel}","templated":true}]}}