{"id":223888,"date":"2019-05-24T15:20:43","date_gmt":"2019-05-24T13:20:43","guid":{"rendered":"https:\/\/sandzakpress.net\/arhiva\/?p=223888"},"modified":"2019-05-24T15:20:43","modified_gmt":"2019-05-24T13:20:43","slug":"nova-varos-na-poligrafu-zbog-jelicevih-kola","status":"publish","type":"post","link":"https:\/\/sandzakpress.net\/arhiva\/nova-varos-na-poligrafu-zbog-jelicevih-kola\/","title":{"rendered":"NOVA VARO\u0160: Na poligrafu zbog Jeli\u0107evih kola"},"content":{"rendered":"<p><img decoding=\"async\" src=\"http:\/\/www.novosti.rs\/upload\/thumbs\/images\/2019\/\/05\/23n\/12-na-a-rov_620x0.jpg\" alt=\" Pripadnici MUP proveravaju snimke sa nadzornih kamera Foto A. Rov\u00c4\u008danin\" \/><\/p>\n<div class=\"articleLead\">\n<p><strong>Saslu\u0161ano vi\u0161e ljudi posle napada na predsjednika Skup\u0161tine op\u0161tine Nova Varo\u0161. Iako se intenzivno istra\u017euje pozadina slu\u010daja, jo\u0161 niko nije uhap\u0161en<\/strong><\/p>\n<p>PRIPADNICI MUP u saradnji sa tu\u017eila\u0161tvom intenzivno rade na otkrivanju lica koje je zapalilo automobil &#8220;pe\u017eo 208&#8221;, Nikole Jeli\u0107a, predsednika Skup\u0161tine op\u0161tine Nova Varo\u0161. Incident se dogodio u no\u0107i izme\u0111u utorka i srede, na parkingu ispred porodi\u010dne ku\u0107e Jeli\u0107a u Kara\u0111or\u0111evoj ulici. Kako &#8220;Novosti&#8221; saznaju, nakon informacija koje su operativci MUP dobili, i uvida u snimke sa sigurnosnih kamera, policija je saslu\u0161ala a potom i podvrgla poligrafu vi\u0161e osoba za koje se sumnja da bi mogle biti upletene u ovo krivi\u010dno delo!<\/p>\n<p>Od izvora bliskih istrazi saznajemo da, zbog paljenja vozila, ipak jo\u0161 uvek niko nije li\u0161en slobode. Kako ne bi remetio tok istrage Nikola Jeli\u0107, nije \u017eeleo da daje nove informacije za medije. Me\u0111utim, sa druge strane, gra\u0111ani sa nevericom komentari\u0161u i prepri\u010davaju ono \u0161to se desilo njihovom sugra\u0111aninu.<\/p>\n<p>Gradom podno Zlatara u sredu ujutru odjeknula je informacija da je predsedniku lokalnog parlamenta zapaljen automobil. U mirnoj varo\u0161ici, \u017eitelji nenaviknuti na takva de\u0161avanja, sa zebnjom su komentarisali \u0161ta se desilo na parkingu ispred porodi\u010dnog doma Jeli\u0107a. Ipak, smatraju da \u0107e policija prona\u0107i po\u010dinioca i da sam Nikola mo\u017ee da pretpostavi ko bi to \u017eeleo da mu naudi.<\/p>\n<p>&#8211; Do sada smo o ovakvim de\u0161avanjima gledali na televiziji i \u010ditali u novinama. Nisam mogao ni da pretpostavim da se to u maloj sredini kakva je na\u0161a Nova Varo\u0161, koju iz dana u dan napu\u0161taju mladi, mo\u017ee dogoditi ne\u0161ta sli\u010dno &#8211; sa nevericom pri\u010da jedan od \u017eitelja.<\/p>\n<p><b>PODMETNUT PO\u017dAR<\/b><\/p>\n<p>U sredu, Nikola Jeli\u0107 je izjavio za medije da je siguran da je po\u017ear podmetnut, verovatno iz politi\u010dkih razloga. Kako je rekao, verovatno i zbog toga \u0161to je stekao neprijatelje kao direktor &#8220;Srbija\u0161uma&#8221; za podru\u010dje Prijepolja, Priboja i Nove Varo\u0161i.<\/p>\n<\/div>\n<div class=\"social_bar\">\n<div class=\"fb-like fb_iframe_widget\" data-href=\"http:\/\/www.novosti.rs\/vesti\/naslovna\/hronika\/aktuelno.291.html:796464-NOVA-VAROS-Na-poligrafu-zbog-Jelicevih-kola\" data-layout=\"button_count\" data-action=\"recommend\" data-show-faces=\"true\" data-share=\"true\">\u00a0<\/div>\n<\/div>\n","protected":false},"excerpt":{"rendered":"<p>Saslu\u0161ano vi\u0161e ljudi posle napada na predsjednika Skup\u0161tine op\u0161tine Nova Varo\u0161. Iako se intenzivno istra\u017euje pozadina slu\u010daja, jo\u0161 niko nije uhap\u0161en PRIPADNICI MUP u saradnji sa tu\u017eila\u0161tvom intenzivno rade na otkrivanju lica koje je zapalilo automobil &#8220;pe\u017eo 208&#8221;, Nikole Jeli\u0107a, predsednika Skup\u0161tine op\u0161tine Nova Varo\u0161. Incident se dogodio u no\u0107i izme\u0111u utorka i srede, na [&hellip;]<\/p>\n","protected":false},"author":509,"featured_media":223900,"comment_status":"open","ping_status":"open","sticky":false,"template":"","format":"standard","meta":{"footnotes":""},"categories":[394,801,10429],"tags":[],"class_list":{"0":"post-223888","1":"post","2":"type-post","3":"status-publish","4":"format-standard","5":"has-post-thumbnail","7":"category-nova-varos","8":"category-crna_hronika","9":"category-vazno"},"yoast_head":"<!-- This site is optimized with the Yoast SEO Premium plugin v23.1 (Yoast SEO v24.9) - https:\/\/yoast.com\/wordpress\/plugins\/seo\/ -->\n<title>NOVA VARO\u0160: Na poligrafu zbog Jeli\u0107evih kola<\/title>\n<meta name=\"robots\" content=\"index, follow, max-snippet:-1, max-image-preview:large, max-video-preview:-1\" \/>\n<link rel=\"canonical\" href=\"https:\/\/sandzakpress.net\/arhiva\/nova-varos-na-poligrafu-zbog-jelicevih-kola\/\" \/>\n<meta property=\"og:locale\" content=\"bs_BA\" \/>\n<meta property=\"og:type\" content=\"article\" \/>\n<meta property=\"og:title\" content=\"NOVA VARO\u0160: Na poligrafu zbog Jeli\u0107evih kola\" \/>\n<meta property=\"og:description\" content=\"Saslu\u0161ano vi\u0161e ljudi posle napada na predsjednika Skup\u0161tine op\u0161tine Nova Varo\u0161. Iako se intenzivno istra\u017euje pozadina slu\u010daja, jo\u0161 niko nije uhap\u0161en PRIPADNICI MUP u saradnji sa tu\u017eila\u0161tvom intenzivno rade na otkrivanju lica koje je zapalilo automobil &#8220;pe\u017eo 208&#8221;, Nikole Jeli\u0107a, predsednika Skup\u0161tine op\u0161tine Nova Varo\u0161. Incident se dogodio u no\u0107i izme\u0111u utorka i srede, na [&hellip;]\" \/>\n<meta property=\"og:url\" content=\"https:\/\/sandzakpress.net\/arhiva\/nova-varos-na-poligrafu-zbog-jelicevih-kola\/\" \/>\n<meta property=\"og:site_name\" content=\"Sand\u017eak PRESS\" \/>\n<meta property=\"article:published_time\" content=\"2019-05-24T13:20:43+00:00\" \/>\n<meta property=\"og:image\" content=\"https:\/\/sandzakpress.net\/arhiva\/wp-content\/uploads\/2019\/05\/12-na-a-rov_620x0.jpg\" \/>\n\t<meta property=\"og:image:width\" content=\"620\" \/>\n\t<meta property=\"og:image:height\" content=\"349\" \/>\n\t<meta property=\"og:image:type\" content=\"image\/jpeg\" \/>\n<meta name=\"author\" content=\"Agencija\" \/>\n<meta name=\"twitter:card\" content=\"summary_large_image\" \/>\n<meta name=\"twitter:label1\" content=\"Written by\" \/>\n\t<meta name=\"twitter:data1\" content=\"Agencija\" \/>\n\t<meta name=\"twitter:label2\" content=\"Est. reading time\" \/>\n\t<meta name=\"twitter:data2\" content=\"2 minute\" \/>\n<script type=\"application\/ld+json\" class=\"yoast-schema-graph\">{\"@context\":\"https:\/\/schema.org\",\"@graph\":[{\"@type\":\"Article\",\"@id\":\"https:\/\/sandzakpress.net\/arhiva\/nova-varos-na-poligrafu-zbog-jelicevih-kola\/#article\",\"isPartOf\":{\"@id\":\"https:\/\/sandzakpress.net\/arhiva\/nova-varos-na-poligrafu-zbog-jelicevih-kola\/\"},\"author\":{\"name\":\"Agencija\",\"@id\":\"https:\/\/sandzakpress.net\/arhiva\/#\/schema\/person\/cb59d7e3ab91ab90dd680ad0305a6185\"},\"headline\":\"NOVA VARO\u0160: Na poligrafu zbog Jeli\u0107evih kola\",\"datePublished\":\"2019-05-24T13:20:43+00:00\",\"mainEntityOfPage\":{\"@id\":\"https:\/\/sandzakpress.net\/arhiva\/nova-varos-na-poligrafu-zbog-jelicevih-kola\/\"},\"wordCount\":355,\"commentCount\":0,\"publisher\":{\"@id\":\"https:\/\/sandzakpress.net\/arhiva\/#\/schema\/person\/6e72b67d6e51910a1117b3b483ba20bd\"},\"image\":{\"@id\":\"https:\/\/sandzakpress.net\/arhiva\/nova-varos-na-poligrafu-zbog-jelicevih-kola\/#primaryimage\"},\"thumbnailUrl\":\"https:\/\/sandzakpress.net\/arhiva\/wp-content\/uploads\/2019\/05\/12-na-a-rov_620x0.jpg\",\"articleSection\":[\"Nova Varo\u0161\",\"Hronika\",\"VA\u017dNO!\"],\"inLanguage\":\"bs-BA\",\"potentialAction\":[{\"@type\":\"CommentAction\",\"name\":\"Comment\",\"target\":[\"https:\/\/sandzakpress.net\/arhiva\/nova-varos-na-poligrafu-zbog-jelicevih-kola\/#respond\"]}]},{\"@type\":\"WebPage\",\"@id\":\"https:\/\/sandzakpress.net\/arhiva\/nova-varos-na-poligrafu-zbog-jelicevih-kola\/\",\"url\":\"https:\/\/sandzakpress.net\/arhiva\/nova-varos-na-poligrafu-zbog-jelicevih-kola\/\",\"name\":\"NOVA VARO\u0160: Na poligrafu zbog Jeli\u0107evih kola\",\"isPartOf\":{\"@id\":\"https:\/\/sandzakpress.net\/arhiva\/#website\"},\"primaryImageOfPage\":{\"@id\":\"https:\/\/sandzakpress.net\/arhiva\/nova-varos-na-poligrafu-zbog-jelicevih-kola\/#primaryimage\"},\"image\":{\"@id\":\"https:\/\/sandzakpress.net\/arhiva\/nova-varos-na-poligrafu-zbog-jelicevih-kola\/#primaryimage\"},\"thumbnailUrl\":\"https:\/\/sandzakpress.net\/arhiva\/wp-content\/uploads\/2019\/05\/12-na-a-rov_620x0.jpg\",\"datePublished\":\"2019-05-24T13:20:43+00:00\",\"breadcrumb\":{\"@id\":\"https:\/\/sandzakpress.net\/arhiva\/nova-varos-na-poligrafu-zbog-jelicevih-kola\/#breadcrumb\"},\"inLanguage\":\"bs-BA\",\"potentialAction\":[{\"@type\":\"ReadAction\",\"target\":[\"https:\/\/sandzakpress.net\/arhiva\/nova-varos-na-poligrafu-zbog-jelicevih-kola\/\"]}]},{\"@type\":\"ImageObject\",\"inLanguage\":\"bs-BA\",\"@id\":\"https:\/\/sandzakpress.net\/arhiva\/nova-varos-na-poligrafu-zbog-jelicevih-kola\/#primaryimage\",\"url\":\"https:\/\/sandzakpress.net\/arhiva\/wp-content\/uploads\/2019\/05\/12-na-a-rov_620x0.jpg\",\"contentUrl\":\"https:\/\/sandzakpress.net\/arhiva\/wp-content\/uploads\/2019\/05\/12-na-a-rov_620x0.jpg\",\"width\":620,\"height\":349},{\"@type\":\"BreadcrumbList\",\"@id\":\"https:\/\/sandzakpress.net\/arhiva\/nova-varos-na-poligrafu-zbog-jelicevih-kola\/#breadcrumb\",\"itemListElement\":[{\"@type\":\"ListItem\",\"position\":1,\"name\":\"Home\",\"item\":\"https:\/\/sandzakpress.net\/arhiva\/\"},{\"@type\":\"ListItem\",\"position\":2,\"name\":\"NOVA VARO\u0160: Na poligrafu zbog Jeli\u0107evih kola\"}]},{\"@type\":\"WebSite\",\"@id\":\"https:\/\/sandzakpress.net\/arhiva\/#website\",\"url\":\"https:\/\/sandzakpress.net\/arhiva\/\",\"name\":\"Sand\u017eak PRESS\",\"description\":\"Prve elektronske novine u Sand\u017eaku\",\"publisher\":{\"@id\":\"https:\/\/sandzakpress.net\/arhiva\/#\/schema\/person\/6e72b67d6e51910a1117b3b483ba20bd\"},\"potentialAction\":[{\"@type\":\"SearchAction\",\"target\":{\"@type\":\"EntryPoint\",\"urlTemplate\":\"https:\/\/sandzakpress.net\/arhiva\/?s={search_term_string}\"},\"query-input\":{\"@type\":\"PropertyValueSpecification\",\"valueRequired\":true,\"valueName\":\"search_term_string\"}}],\"inLanguage\":\"bs-BA\"},{\"@type\":[\"Person\",\"Organization\"],\"@id\":\"https:\/\/sandzakpress.net\/arhiva\/#\/schema\/person\/6e72b67d6e51910a1117b3b483ba20bd\",\"name\":\"Kul\",\"image\":{\"@type\":\"ImageObject\",\"inLanguage\":\"bs-BA\",\"@id\":\"https:\/\/sandzakpress.net\/arhiva\/#\/schema\/person\/image\/\",\"url\":\"https:\/\/secure.gravatar.com\/avatar\/42263f39aa27ac04c43cab85c280eb2e?s=96&d=mm&r=pg\",\"contentUrl\":\"https:\/\/secure.gravatar.com\/avatar\/42263f39aa27ac04c43cab85c280eb2e?s=96&d=mm&r=pg\",\"caption\":\"Kul\"},\"logo\":{\"@id\":\"https:\/\/sandzakpress.net\/arhiva\/#\/schema\/person\/image\/\"}},{\"@type\":\"Person\",\"@id\":\"https:\/\/sandzakpress.net\/arhiva\/#\/schema\/person\/cb59d7e3ab91ab90dd680ad0305a6185\",\"name\":\"Agencija\",\"image\":{\"@type\":\"ImageObject\",\"inLanguage\":\"bs-BA\",\"@id\":\"https:\/\/sandzakpress.net\/arhiva\/#\/schema\/person\/image\/\",\"url\":\"https:\/\/secure.gravatar.com\/avatar\/4b7fafa80a22f0c2afe23966b3961fe0?s=96&d=mm&r=pg\",\"contentUrl\":\"https:\/\/secure.gravatar.com\/avatar\/4b7fafa80a22f0c2afe23966b3961fe0?s=96&d=mm&r=pg\",\"caption\":\"Agencija\"},\"url\":\"https:\/\/sandzakpress.net\/arhiva\/author\/agencija\/\"}]}<\/script>\n<!-- \/ Yoast SEO Premium plugin. -->","yoast_head_json":{"title":"NOVA VARO\u0160: Na poligrafu zbog Jeli\u0107evih kola","robots":{"index":"index","follow":"follow","max-snippet":"max-snippet:-1","max-image-preview":"max-image-preview:large","max-video-preview":"max-video-preview:-1"},"canonical":"https:\/\/sandzakpress.net\/arhiva\/nova-varos-na-poligrafu-zbog-jelicevih-kola\/","og_locale":"bs_BA","og_type":"article","og_title":"NOVA VARO\u0160: Na poligrafu zbog Jeli\u0107evih kola","og_description":"Saslu\u0161ano vi\u0161e ljudi posle napada na predsjednika Skup\u0161tine op\u0161tine Nova Varo\u0161. Iako se intenzivno istra\u017euje pozadina slu\u010daja, jo\u0161 niko nije uhap\u0161en PRIPADNICI MUP u saradnji sa tu\u017eila\u0161tvom intenzivno rade na otkrivanju lica koje je zapalilo automobil &#8220;pe\u017eo 208&#8221;, Nikole Jeli\u0107a, predsednika Skup\u0161tine op\u0161tine Nova Varo\u0161. Incident se dogodio u no\u0107i izme\u0111u utorka i srede, na [&hellip;]","og_url":"https:\/\/sandzakpress.net\/arhiva\/nova-varos-na-poligrafu-zbog-jelicevih-kola\/","og_site_name":"Sand\u017eak PRESS","article_published_time":"2019-05-24T13:20:43+00:00","og_image":[{"width":620,"height":349,"url":"https:\/\/sandzakpress.net\/arhiva\/wp-content\/uploads\/2019\/05\/12-na-a-rov_620x0.jpg","type":"image\/jpeg"}],"author":"Agencija","twitter_card":"summary_large_image","twitter_misc":{"Written by":"Agencija","Est. reading time":"2 minute"},"schema":{"@context":"https:\/\/schema.org","@graph":[{"@type":"Article","@id":"https:\/\/sandzakpress.net\/arhiva\/nova-varos-na-poligrafu-zbog-jelicevih-kola\/#article","isPartOf":{"@id":"https:\/\/sandzakpress.net\/arhiva\/nova-varos-na-poligrafu-zbog-jelicevih-kola\/"},"author":{"name":"Agencija","@id":"https:\/\/sandzakpress.net\/arhiva\/#\/schema\/person\/cb59d7e3ab91ab90dd680ad0305a6185"},"headline":"NOVA VARO\u0160: Na poligrafu zbog Jeli\u0107evih kola","datePublished":"2019-05-24T13:20:43+00:00","mainEntityOfPage":{"@id":"https:\/\/sandzakpress.net\/arhiva\/nova-varos-na-poligrafu-zbog-jelicevih-kola\/"},"wordCount":355,"commentCount":0,"publisher":{"@id":"https:\/\/sandzakpress.net\/arhiva\/#\/schema\/person\/6e72b67d6e51910a1117b3b483ba20bd"},"image":{"@id":"https:\/\/sandzakpress.net\/arhiva\/nova-varos-na-poligrafu-zbog-jelicevih-kola\/#primaryimage"},"thumbnailUrl":"https:\/\/sandzakpress.net\/arhiva\/wp-content\/uploads\/2019\/05\/12-na-a-rov_620x0.jpg","articleSection":["Nova Varo\u0161","Hronika","VA\u017dNO!"],"inLanguage":"bs-BA","potentialAction":[{"@type":"CommentAction","name":"Comment","target":["https:\/\/sandzakpress.net\/arhiva\/nova-varos-na-poligrafu-zbog-jelicevih-kola\/#respond"]}]},{"@type":"WebPage","@id":"https:\/\/sandzakpress.net\/arhiva\/nova-varos-na-poligrafu-zbog-jelicevih-kola\/","url":"https:\/\/sandzakpress.net\/arhiva\/nova-varos-na-poligrafu-zbog-jelicevih-kola\/","name":"NOVA VARO\u0160: Na poligrafu zbog Jeli\u0107evih kola","isPartOf":{"@id":"https:\/\/sandzakpress.net\/arhiva\/#website"},"primaryImageOfPage":{"@id":"https:\/\/sandzakpress.net\/arhiva\/nova-varos-na-poligrafu-zbog-jelicevih-kola\/#primaryimage"},"image":{"@id":"https:\/\/sandzakpress.net\/arhiva\/nova-varos-na-poligrafu-zbog-jelicevih-kola\/#primaryimage"},"thumbnailUrl":"https:\/\/sandzakpress.net\/arhiva\/wp-content\/uploads\/2019\/05\/12-na-a-rov_620x0.jpg","datePublished":"2019-05-24T13:20:43+00:00","breadcrumb":{"@id":"https:\/\/sandzakpress.net\/arhiva\/nova-varos-na-poligrafu-zbog-jelicevih-kola\/#breadcrumb"},"inLanguage":"bs-BA","potentialAction":[{"@type":"ReadAction","target":["https:\/\/sandzakpress.net\/arhiva\/nova-varos-na-poligrafu-zbog-jelicevih-kola\/"]}]},{"@type":"ImageObject","inLanguage":"bs-BA","@id":"https:\/\/sandzakpress.net\/arhiva\/nova-varos-na-poligrafu-zbog-jelicevih-kola\/#primaryimage","url":"https:\/\/sandzakpress.net\/arhiva\/wp-content\/uploads\/2019\/05\/12-na-a-rov_620x0.jpg","contentUrl":"https:\/\/sandzakpress.net\/arhiva\/wp-content\/uploads\/2019\/05\/12-na-a-rov_620x0.jpg","width":620,"height":349},{"@type":"BreadcrumbList","@id":"https:\/\/sandzakpress.net\/arhiva\/nova-varos-na-poligrafu-zbog-jelicevih-kola\/#breadcrumb","itemListElement":[{"@type":"ListItem","position":1,"name":"Home","item":"https:\/\/sandzakpress.net\/arhiva\/"},{"@type":"ListItem","position":2,"name":"NOVA VARO\u0160: Na poligrafu zbog Jeli\u0107evih kola"}]},{"@type":"WebSite","@id":"https:\/\/sandzakpress.net\/arhiva\/#website","url":"https:\/\/sandzakpress.net\/arhiva\/","name":"Sand\u017eak PRESS","description":"Prve elektronske novine u Sand\u017eaku","publisher":{"@id":"https:\/\/sandzakpress.net\/arhiva\/#\/schema\/person\/6e72b67d6e51910a1117b3b483ba20bd"},"potentialAction":[{"@type":"SearchAction","target":{"@type":"EntryPoint","urlTemplate":"https:\/\/sandzakpress.net\/arhiva\/?s={search_term_string}"},"query-input":{"@type":"PropertyValueSpecification","valueRequired":true,"valueName":"search_term_string"}}],"inLanguage":"bs-BA"},{"@type":["Person","Organization"],"@id":"https:\/\/sandzakpress.net\/arhiva\/#\/schema\/person\/6e72b67d6e51910a1117b3b483ba20bd","name":"Kul","image":{"@type":"ImageObject","inLanguage":"bs-BA","@id":"https:\/\/sandzakpress.net\/arhiva\/#\/schema\/person\/image\/","url":"https:\/\/secure.gravatar.com\/avatar\/42263f39aa27ac04c43cab85c280eb2e?s=96&d=mm&r=pg","contentUrl":"https:\/\/secure.gravatar.com\/avatar\/42263f39aa27ac04c43cab85c280eb2e?s=96&d=mm&r=pg","caption":"Kul"},"logo":{"@id":"https:\/\/sandzakpress.net\/arhiva\/#\/schema\/person\/image\/"}},{"@type":"Person","@id":"https:\/\/sandzakpress.net\/arhiva\/#\/schema\/person\/cb59d7e3ab91ab90dd680ad0305a6185","name":"Agencija","image":{"@type":"ImageObject","inLanguage":"bs-BA","@id":"https:\/\/sandzakpress.net\/arhiva\/#\/schema\/person\/image\/","url":"https:\/\/secure.gravatar.com\/avatar\/4b7fafa80a22f0c2afe23966b3961fe0?s=96&d=mm&r=pg","contentUrl":"https:\/\/secure.gravatar.com\/avatar\/4b7fafa80a22f0c2afe23966b3961fe0?s=96&d=mm&r=pg","caption":"Agencija"},"url":"https:\/\/sandzakpress.net\/arhiva\/author\/agencija\/"}]}},"_links":{"self":[{"href":"https:\/\/sandzakpress.net\/arhiva\/wp-json\/wp\/v2\/posts\/223888"}],"collection":[{"href":"https:\/\/sandzakpress.net\/arhiva\/wp-json\/wp\/v2\/posts"}],"about":[{"href":"https:\/\/sandzakpress.net\/arhiva\/wp-json\/wp\/v2\/types\/post"}],"author":[{"embeddable":true,"href":"https:\/\/sandzakpress.net\/arhiva\/wp-json\/wp\/v2\/users\/509"}],"replies":[{"embeddable":true,"href":"https:\/\/sandzakpress.net\/arhiva\/wp-json\/wp\/v2\/comments?post=223888"}],"version-history":[{"count":0,"href":"https:\/\/sandzakpress.net\/arhiva\/wp-json\/wp\/v2\/posts\/223888\/revisions"}],"wp:featuredmedia":[{"embeddable":true,"href":"https:\/\/sandzakpress.net\/arhiva\/wp-json\/wp\/v2\/media\/223900"}],"wp:attachment":[{"href":"https:\/\/sandzakpress.net\/arhiva\/wp-json\/wp\/v2\/media?parent=223888"}],"wp:term":[{"taxonomy":"category","embeddable":true,"href":"https:\/\/sandzakpress.net\/arhiva\/wp-json\/wp\/v2\/categories?post=223888"},{"taxonomy":"post_tag","embeddable":true,"href":"https:\/\/sandzakpress.net\/arhiva\/wp-json\/wp\/v2\/tags?post=223888"}],"curies":[{"name":"wp","href":"https:\/\/api.w.org\/{rel}","templated":true}]}}