{"id":22386,"date":"2011-10-27T10:59:58","date_gmt":"2011-10-27T08:59:58","guid":{"rendered":"https:\/\/sandzakpress.net\/arhiva\/?p=22386"},"modified":"2011-10-27T10:59:58","modified_gmt":"2011-10-27T08:59:58","slug":"%e2%80%99%e2%80%99gradimo-mostove-a-ne-zidove%e2%80%99%e2%80%99-projekat-iunp-a-i-helsinskog-odbora-za-ljudska-prava","status":"publish","type":"post","link":"https:\/\/sandzakpress.net\/arhiva\/%e2%80%99%e2%80%99gradimo-mostove-a-ne-zidove%e2%80%99%e2%80%99-projekat-iunp-a-i-helsinskog-odbora-za-ljudska-prava\/","title":{"rendered":"\u2019\u2019Gradimo mostove, a ne zidove\u2019\u2019 projekat IUNP-a i Helsin\u0161kog odbora za ljudska prava"},"content":{"rendered":"<p><strong><a href=\"https:\/\/sandzakpress.net\/arhiva\/wp-content\/uploads\/2011\/10\/dsc_0114.jpg\"><img loading=\"lazy\" decoding=\"async\" class=\"alignleft size-medium wp-image-22387\" title=\"dsc_0114\" src=\"https:\/\/sandzakpress.net\/arhiva\/wp-content\/uploads\/2011\/10\/dsc_0114-300x225.jpg\" alt=\"\" width=\"300\" height=\"225\" \/><\/a>Novi Pazar &#8211; Predstavnici Helsin\u0161kog odbora iz  Norve\u0161ke, Helsin\u0161kog odbora za ljudska prava u Srbiji i Helsin\u0161kog  odbora za ljudska prava u BiH boravili su danas na Internacionsalnom  univerzitetu u Novom Pazaru povodom implementacije projekta \u2019\u2019Gradimo  mostove, a ne zidove\u2019\u2019. <\/strong><\/p>\n<p>Delegaciju Helsin\u0161kog odobora koju su  \u010dinili Enver \u0110uliman, koordinator projekta, Izabela Kisi\u0107 i Naida  Pekmezovi\u0107 najprije je primio rektor, prof.dr Mevlud Dudi\u0107 . Zatim je  projekat predstavljen i rukovodiocima Departmana Internacionalnog  univerziteta u Novom Pazaru.<\/p>\n<p>Sam projekat \u2019\u2019Gradimo mostove, a ne  zidove\u2019\u2019 ima za cilj uvo\u0111enje predmeta Ljudska prava i Interkulturalnost  na univerzitete, organizovanje tribina i konferencija i izdavanje  publikacija. Ina\u010de projekat realizuju pored Internacionalnog  univerziteta u Novom Pazaru jo\u0161 jedan univerzitet iz Srbije i dva iz  Bosne i Hercegovine pod pokroviteljstvom Helsin\u0161kog odbora za ljudska  prava. Predstavnici Helsin\u0161kog odbora\u00a0 istakli su zna\u010daj realizacije  projekta kao i to da \u0107e predava\u010di pored istaknutih profesora iz ovih  oblasti biti i ljudi koji se svakodnevno bave ljudskim pravima. Projekat  podrzumeva i razmenu studenata, posjete tribinama i seminarima od  strane studenata univerziteta koji u\u010destvuju u projektu. Iz Helsin\u0161kog  odbora za ljudska prava isti\u010du jo\u0161 i da su zadovoljni dosada\u0161njom  saradnjom i dinamikom kojom se vr\u0161i realzacija projekta na  Internacionalnom univerzitetu u Novom Pazaru.<\/p>\n<p>Izvor:<strong> Uninp.edu.rs<\/strong><\/p>\n","protected":false},"excerpt":{"rendered":"<p>Novi Pazar &#8211; Predstavnici Helsin\u0161kog odbora iz Norve\u0161ke, Helsin\u0161kog odbora za ljudska prava u Srbiji i Helsin\u0161kog odbora za ljudska prava u BiH boravili su danas na Internacionsalnom univerzitetu u Novom Pazaru povodom implementacije projekta \u2019\u2019Gradimo mostove, a ne zidove\u2019\u2019. Delegaciju Helsin\u0161kog odobora koju su \u010dinili Enver \u0110uliman, koordinator projekta, Izabela Kisi\u0107 i Naida Pekmezovi\u0107 [&hellip;]<\/p>\n","protected":false},"author":13,"featured_media":22387,"comment_status":"open","ping_status":"open","sticky":false,"template":"","format":"standard","meta":{"footnotes":""},"categories":[72,4],"tags":[],"class_list":{"0":"post-22386","1":"post","2":"type-post","3":"status-publish","4":"format-standard","5":"has-post-thumbnail","7":"category-novi-pazar","8":"category-obrazovanje"},"yoast_head":"<!-- This site is optimized with the Yoast SEO Premium plugin v23.1 (Yoast SEO v24.9) - https:\/\/yoast.com\/wordpress\/plugins\/seo\/ -->\n<title>\u2019\u2019Gradimo mostove, a ne zidove\u2019\u2019 projekat IUNP-a i Helsin\u0161kog odbora za ljudska prava<\/title>\n<meta name=\"robots\" content=\"index, follow, max-snippet:-1, max-image-preview:large, max-video-preview:-1\" \/>\n<link rel=\"canonical\" href=\"https:\/\/sandzakpress.net\/arhiva\/\u2019\u2019gradimo-mostove-a-ne-zidove\u2019\u2019-projekat-iunp-a-i-helsinskog-odbora-za-ljudska-prava\/\" \/>\n<meta property=\"og:locale\" content=\"bs_BA\" \/>\n<meta property=\"og:type\" content=\"article\" \/>\n<meta property=\"og:title\" content=\"\u2019\u2019Gradimo mostove, a ne zidove\u2019\u2019 projekat IUNP-a i Helsin\u0161kog odbora za ljudska prava\" \/>\n<meta property=\"og:description\" content=\"Novi Pazar &#8211; Predstavnici Helsin\u0161kog odbora iz Norve\u0161ke, Helsin\u0161kog odbora za ljudska prava u Srbiji i Helsin\u0161kog odbora za ljudska prava u BiH boravili su danas na Internacionsalnom univerzitetu u Novom Pazaru povodom implementacije projekta \u2019\u2019Gradimo mostove, a ne zidove\u2019\u2019. Delegaciju Helsin\u0161kog odobora koju su \u010dinili Enver \u0110uliman, koordinator projekta, Izabela Kisi\u0107 i Naida Pekmezovi\u0107 [&hellip;]\" \/>\n<meta property=\"og:url\" content=\"https:\/\/sandzakpress.net\/arhiva\/\u2019\u2019gradimo-mostove-a-ne-zidove\u2019\u2019-projekat-iunp-a-i-helsinskog-odbora-za-ljudska-prava\/\" \/>\n<meta property=\"og:site_name\" content=\"Sand\u017eak PRESS\" \/>\n<meta property=\"article:published_time\" content=\"2011-10-27T08:59:58+00:00\" \/>\n<meta property=\"og:image\" content=\"https:\/\/sandzakpress.net\/arhiva\/wp-content\/uploads\/2011\/10\/dsc_0114.jpg\" \/>\n\t<meta property=\"og:image:width\" content=\"616\" \/>\n\t<meta property=\"og:image:height\" content=\"462\" \/>\n\t<meta property=\"og:image:type\" content=\"image\/jpeg\" \/>\n<meta name=\"twitter:card\" content=\"summary_large_image\" \/>\n<meta name=\"twitter:label1\" content=\"Written by\" \/>\n\t<meta name=\"twitter:data1\" content=\"\" \/>\n\t<meta name=\"twitter:label2\" content=\"Est. reading time\" \/>\n\t<meta name=\"twitter:data2\" content=\"1 minuta\" \/>\n<script type=\"application\/ld+json\" class=\"yoast-schema-graph\">{\"@context\":\"https:\/\/schema.org\",\"@graph\":[{\"@type\":\"Article\",\"@id\":\"https:\/\/sandzakpress.net\/arhiva\/%e2%80%99%e2%80%99gradimo-mostove-a-ne-zidove%e2%80%99%e2%80%99-projekat-iunp-a-i-helsinskog-odbora-za-ljudska-prava\/#article\",\"isPartOf\":{\"@id\":\"https:\/\/sandzakpress.net\/arhiva\/%e2%80%99%e2%80%99gradimo-mostove-a-ne-zidove%e2%80%99%e2%80%99-projekat-iunp-a-i-helsinskog-odbora-za-ljudska-prava\/\"},\"author\":{\"name\":\"\",\"@id\":\"\"},\"headline\":\"\u2019\u2019Gradimo mostove, a ne zidove\u2019\u2019 projekat IUNP-a i Helsin\u0161kog odbora za ljudska prava\",\"datePublished\":\"2011-10-27T08:59:58+00:00\",\"mainEntityOfPage\":{\"@id\":\"https:\/\/sandzakpress.net\/arhiva\/%e2%80%99%e2%80%99gradimo-mostove-a-ne-zidove%e2%80%99%e2%80%99-projekat-iunp-a-i-helsinskog-odbora-za-ljudska-prava\/\"},\"wordCount\":234,\"commentCount\":0,\"publisher\":{\"@id\":\"https:\/\/sandzakpress.net\/arhiva\/#\/schema\/person\/6e72b67d6e51910a1117b3b483ba20bd\"},\"image\":{\"@id\":\"https:\/\/sandzakpress.net\/arhiva\/%e2%80%99%e2%80%99gradimo-mostove-a-ne-zidove%e2%80%99%e2%80%99-projekat-iunp-a-i-helsinskog-odbora-za-ljudska-prava\/#primaryimage\"},\"thumbnailUrl\":\"https:\/\/sandzakpress.net\/arhiva\/wp-content\/uploads\/2011\/10\/dsc_0114.jpg\",\"articleSection\":[\"Novi Pazar\",\"Obrazovanje\"],\"inLanguage\":\"bs-BA\",\"potentialAction\":[{\"@type\":\"CommentAction\",\"name\":\"Comment\",\"target\":[\"https:\/\/sandzakpress.net\/arhiva\/%e2%80%99%e2%80%99gradimo-mostove-a-ne-zidove%e2%80%99%e2%80%99-projekat-iunp-a-i-helsinskog-odbora-za-ljudska-prava\/#respond\"]}]},{\"@type\":\"WebPage\",\"@id\":\"https:\/\/sandzakpress.net\/arhiva\/%e2%80%99%e2%80%99gradimo-mostove-a-ne-zidove%e2%80%99%e2%80%99-projekat-iunp-a-i-helsinskog-odbora-za-ljudska-prava\/\",\"url\":\"https:\/\/sandzakpress.net\/arhiva\/%e2%80%99%e2%80%99gradimo-mostove-a-ne-zidove%e2%80%99%e2%80%99-projekat-iunp-a-i-helsinskog-odbora-za-ljudska-prava\/\",\"name\":\"\u2019\u2019Gradimo mostove, a ne zidove\u2019\u2019 projekat IUNP-a i Helsin\u0161kog odbora za ljudska prava\",\"isPartOf\":{\"@id\":\"https:\/\/sandzakpress.net\/arhiva\/#website\"},\"primaryImageOfPage\":{\"@id\":\"https:\/\/sandzakpress.net\/arhiva\/%e2%80%99%e2%80%99gradimo-mostove-a-ne-zidove%e2%80%99%e2%80%99-projekat-iunp-a-i-helsinskog-odbora-za-ljudska-prava\/#primaryimage\"},\"image\":{\"@id\":\"https:\/\/sandzakpress.net\/arhiva\/%e2%80%99%e2%80%99gradimo-mostove-a-ne-zidove%e2%80%99%e2%80%99-projekat-iunp-a-i-helsinskog-odbora-za-ljudska-prava\/#primaryimage\"},\"thumbnailUrl\":\"https:\/\/sandzakpress.net\/arhiva\/wp-content\/uploads\/2011\/10\/dsc_0114.jpg\",\"datePublished\":\"2011-10-27T08:59:58+00:00\",\"breadcrumb\":{\"@id\":\"https:\/\/sandzakpress.net\/arhiva\/%e2%80%99%e2%80%99gradimo-mostove-a-ne-zidove%e2%80%99%e2%80%99-projekat-iunp-a-i-helsinskog-odbora-za-ljudska-prava\/#breadcrumb\"},\"inLanguage\":\"bs-BA\",\"potentialAction\":[{\"@type\":\"ReadAction\",\"target\":[\"https:\/\/sandzakpress.net\/arhiva\/%e2%80%99%e2%80%99gradimo-mostove-a-ne-zidove%e2%80%99%e2%80%99-projekat-iunp-a-i-helsinskog-odbora-za-ljudska-prava\/\"]}]},{\"@type\":\"ImageObject\",\"inLanguage\":\"bs-BA\",\"@id\":\"https:\/\/sandzakpress.net\/arhiva\/%e2%80%99%e2%80%99gradimo-mostove-a-ne-zidove%e2%80%99%e2%80%99-projekat-iunp-a-i-helsinskog-odbora-za-ljudska-prava\/#primaryimage\",\"url\":\"https:\/\/sandzakpress.net\/arhiva\/wp-content\/uploads\/2011\/10\/dsc_0114.jpg\",\"contentUrl\":\"https:\/\/sandzakpress.net\/arhiva\/wp-content\/uploads\/2011\/10\/dsc_0114.jpg\",\"width\":616,\"height\":462},{\"@type\":\"BreadcrumbList\",\"@id\":\"https:\/\/sandzakpress.net\/arhiva\/%e2%80%99%e2%80%99gradimo-mostove-a-ne-zidove%e2%80%99%e2%80%99-projekat-iunp-a-i-helsinskog-odbora-za-ljudska-prava\/#breadcrumb\",\"itemListElement\":[{\"@type\":\"ListItem\",\"position\":1,\"name\":\"Home\",\"item\":\"https:\/\/sandzakpress.net\/arhiva\/\"},{\"@type\":\"ListItem\",\"position\":2,\"name\":\"\u2019\u2019Gradimo mostove, a ne zidove\u2019\u2019 projekat IUNP-a i Helsin\u0161kog odbora za ljudska prava\"}]},{\"@type\":\"WebSite\",\"@id\":\"https:\/\/sandzakpress.net\/arhiva\/#website\",\"url\":\"https:\/\/sandzakpress.net\/arhiva\/\",\"name\":\"Sand\u017eak PRESS\",\"description\":\"Prve elektronske novine u Sand\u017eaku\",\"publisher\":{\"@id\":\"https:\/\/sandzakpress.net\/arhiva\/#\/schema\/person\/6e72b67d6e51910a1117b3b483ba20bd\"},\"potentialAction\":[{\"@type\":\"SearchAction\",\"target\":{\"@type\":\"EntryPoint\",\"urlTemplate\":\"https:\/\/sandzakpress.net\/arhiva\/?s={search_term_string}\"},\"query-input\":{\"@type\":\"PropertyValueSpecification\",\"valueRequired\":true,\"valueName\":\"search_term_string\"}}],\"inLanguage\":\"bs-BA\"},{\"@type\":[\"Person\",\"Organization\"],\"@id\":\"https:\/\/sandzakpress.net\/arhiva\/#\/schema\/person\/6e72b67d6e51910a1117b3b483ba20bd\",\"name\":\"Kul\",\"image\":{\"@type\":\"ImageObject\",\"inLanguage\":\"bs-BA\",\"@id\":\"https:\/\/sandzakpress.net\/arhiva\/#\/schema\/person\/image\/\",\"url\":\"https:\/\/secure.gravatar.com\/avatar\/42263f39aa27ac04c43cab85c280eb2e?s=96&d=mm&r=pg\",\"contentUrl\":\"https:\/\/secure.gravatar.com\/avatar\/42263f39aa27ac04c43cab85c280eb2e?s=96&d=mm&r=pg\",\"caption\":\"Kul\"},\"logo\":{\"@id\":\"https:\/\/sandzakpress.net\/arhiva\/#\/schema\/person\/image\/\"}},{\"@type\":\"Person\",\"@id\":\"\",\"url\":\"https:\/\/sandzakpress.net\/arhiva\/author\/\"}]}<\/script>\n<!-- \/ Yoast SEO Premium plugin. -->","yoast_head_json":{"title":"\u2019\u2019Gradimo mostove, a ne zidove\u2019\u2019 projekat IUNP-a i Helsin\u0161kog odbora za ljudska prava","robots":{"index":"index","follow":"follow","max-snippet":"max-snippet:-1","max-image-preview":"max-image-preview:large","max-video-preview":"max-video-preview:-1"},"canonical":"https:\/\/sandzakpress.net\/arhiva\/\u2019\u2019gradimo-mostove-a-ne-zidove\u2019\u2019-projekat-iunp-a-i-helsinskog-odbora-za-ljudska-prava\/","og_locale":"bs_BA","og_type":"article","og_title":"\u2019\u2019Gradimo mostove, a ne zidove\u2019\u2019 projekat IUNP-a i Helsin\u0161kog odbora za ljudska prava","og_description":"Novi Pazar &#8211; Predstavnici Helsin\u0161kog odbora iz Norve\u0161ke, Helsin\u0161kog odbora za ljudska prava u Srbiji i Helsin\u0161kog odbora za ljudska prava u BiH boravili su danas na Internacionsalnom univerzitetu u Novom Pazaru povodom implementacije projekta \u2019\u2019Gradimo mostove, a ne zidove\u2019\u2019. Delegaciju Helsin\u0161kog odobora koju su \u010dinili Enver \u0110uliman, koordinator projekta, Izabela Kisi\u0107 i Naida Pekmezovi\u0107 [&hellip;]","og_url":"https:\/\/sandzakpress.net\/arhiva\/\u2019\u2019gradimo-mostove-a-ne-zidove\u2019\u2019-projekat-iunp-a-i-helsinskog-odbora-za-ljudska-prava\/","og_site_name":"Sand\u017eak PRESS","article_published_time":"2011-10-27T08:59:58+00:00","og_image":[{"width":616,"height":462,"url":"https:\/\/sandzakpress.net\/arhiva\/wp-content\/uploads\/2011\/10\/dsc_0114.jpg","type":"image\/jpeg"}],"twitter_card":"summary_large_image","twitter_misc":{"Written by":"","Est. reading time":"1 minuta"},"schema":{"@context":"https:\/\/schema.org","@graph":[{"@type":"Article","@id":"https:\/\/sandzakpress.net\/arhiva\/%e2%80%99%e2%80%99gradimo-mostove-a-ne-zidove%e2%80%99%e2%80%99-projekat-iunp-a-i-helsinskog-odbora-za-ljudska-prava\/#article","isPartOf":{"@id":"https:\/\/sandzakpress.net\/arhiva\/%e2%80%99%e2%80%99gradimo-mostove-a-ne-zidove%e2%80%99%e2%80%99-projekat-iunp-a-i-helsinskog-odbora-za-ljudska-prava\/"},"author":{"name":"","@id":""},"headline":"\u2019\u2019Gradimo mostove, a ne zidove\u2019\u2019 projekat IUNP-a i Helsin\u0161kog odbora za ljudska prava","datePublished":"2011-10-27T08:59:58+00:00","mainEntityOfPage":{"@id":"https:\/\/sandzakpress.net\/arhiva\/%e2%80%99%e2%80%99gradimo-mostove-a-ne-zidove%e2%80%99%e2%80%99-projekat-iunp-a-i-helsinskog-odbora-za-ljudska-prava\/"},"wordCount":234,"commentCount":0,"publisher":{"@id":"https:\/\/sandzakpress.net\/arhiva\/#\/schema\/person\/6e72b67d6e51910a1117b3b483ba20bd"},"image":{"@id":"https:\/\/sandzakpress.net\/arhiva\/%e2%80%99%e2%80%99gradimo-mostove-a-ne-zidove%e2%80%99%e2%80%99-projekat-iunp-a-i-helsinskog-odbora-za-ljudska-prava\/#primaryimage"},"thumbnailUrl":"https:\/\/sandzakpress.net\/arhiva\/wp-content\/uploads\/2011\/10\/dsc_0114.jpg","articleSection":["Novi Pazar","Obrazovanje"],"inLanguage":"bs-BA","potentialAction":[{"@type":"CommentAction","name":"Comment","target":["https:\/\/sandzakpress.net\/arhiva\/%e2%80%99%e2%80%99gradimo-mostove-a-ne-zidove%e2%80%99%e2%80%99-projekat-iunp-a-i-helsinskog-odbora-za-ljudska-prava\/#respond"]}]},{"@type":"WebPage","@id":"https:\/\/sandzakpress.net\/arhiva\/%e2%80%99%e2%80%99gradimo-mostove-a-ne-zidove%e2%80%99%e2%80%99-projekat-iunp-a-i-helsinskog-odbora-za-ljudska-prava\/","url":"https:\/\/sandzakpress.net\/arhiva\/%e2%80%99%e2%80%99gradimo-mostove-a-ne-zidove%e2%80%99%e2%80%99-projekat-iunp-a-i-helsinskog-odbora-za-ljudska-prava\/","name":"\u2019\u2019Gradimo mostove, a ne zidove\u2019\u2019 projekat IUNP-a i Helsin\u0161kog odbora za ljudska prava","isPartOf":{"@id":"https:\/\/sandzakpress.net\/arhiva\/#website"},"primaryImageOfPage":{"@id":"https:\/\/sandzakpress.net\/arhiva\/%e2%80%99%e2%80%99gradimo-mostove-a-ne-zidove%e2%80%99%e2%80%99-projekat-iunp-a-i-helsinskog-odbora-za-ljudska-prava\/#primaryimage"},"image":{"@id":"https:\/\/sandzakpress.net\/arhiva\/%e2%80%99%e2%80%99gradimo-mostove-a-ne-zidove%e2%80%99%e2%80%99-projekat-iunp-a-i-helsinskog-odbora-za-ljudska-prava\/#primaryimage"},"thumbnailUrl":"https:\/\/sandzakpress.net\/arhiva\/wp-content\/uploads\/2011\/10\/dsc_0114.jpg","datePublished":"2011-10-27T08:59:58+00:00","breadcrumb":{"@id":"https:\/\/sandzakpress.net\/arhiva\/%e2%80%99%e2%80%99gradimo-mostove-a-ne-zidove%e2%80%99%e2%80%99-projekat-iunp-a-i-helsinskog-odbora-za-ljudska-prava\/#breadcrumb"},"inLanguage":"bs-BA","potentialAction":[{"@type":"ReadAction","target":["https:\/\/sandzakpress.net\/arhiva\/%e2%80%99%e2%80%99gradimo-mostove-a-ne-zidove%e2%80%99%e2%80%99-projekat-iunp-a-i-helsinskog-odbora-za-ljudska-prava\/"]}]},{"@type":"ImageObject","inLanguage":"bs-BA","@id":"https:\/\/sandzakpress.net\/arhiva\/%e2%80%99%e2%80%99gradimo-mostove-a-ne-zidove%e2%80%99%e2%80%99-projekat-iunp-a-i-helsinskog-odbora-za-ljudska-prava\/#primaryimage","url":"https:\/\/sandzakpress.net\/arhiva\/wp-content\/uploads\/2011\/10\/dsc_0114.jpg","contentUrl":"https:\/\/sandzakpress.net\/arhiva\/wp-content\/uploads\/2011\/10\/dsc_0114.jpg","width":616,"height":462},{"@type":"BreadcrumbList","@id":"https:\/\/sandzakpress.net\/arhiva\/%e2%80%99%e2%80%99gradimo-mostove-a-ne-zidove%e2%80%99%e2%80%99-projekat-iunp-a-i-helsinskog-odbora-za-ljudska-prava\/#breadcrumb","itemListElement":[{"@type":"ListItem","position":1,"name":"Home","item":"https:\/\/sandzakpress.net\/arhiva\/"},{"@type":"ListItem","position":2,"name":"\u2019\u2019Gradimo mostove, a ne zidove\u2019\u2019 projekat IUNP-a i Helsin\u0161kog odbora za ljudska prava"}]},{"@type":"WebSite","@id":"https:\/\/sandzakpress.net\/arhiva\/#website","url":"https:\/\/sandzakpress.net\/arhiva\/","name":"Sand\u017eak PRESS","description":"Prve elektronske novine u Sand\u017eaku","publisher":{"@id":"https:\/\/sandzakpress.net\/arhiva\/#\/schema\/person\/6e72b67d6e51910a1117b3b483ba20bd"},"potentialAction":[{"@type":"SearchAction","target":{"@type":"EntryPoint","urlTemplate":"https:\/\/sandzakpress.net\/arhiva\/?s={search_term_string}"},"query-input":{"@type":"PropertyValueSpecification","valueRequired":true,"valueName":"search_term_string"}}],"inLanguage":"bs-BA"},{"@type":["Person","Organization"],"@id":"https:\/\/sandzakpress.net\/arhiva\/#\/schema\/person\/6e72b67d6e51910a1117b3b483ba20bd","name":"Kul","image":{"@type":"ImageObject","inLanguage":"bs-BA","@id":"https:\/\/sandzakpress.net\/arhiva\/#\/schema\/person\/image\/","url":"https:\/\/secure.gravatar.com\/avatar\/42263f39aa27ac04c43cab85c280eb2e?s=96&d=mm&r=pg","contentUrl":"https:\/\/secure.gravatar.com\/avatar\/42263f39aa27ac04c43cab85c280eb2e?s=96&d=mm&r=pg","caption":"Kul"},"logo":{"@id":"https:\/\/sandzakpress.net\/arhiva\/#\/schema\/person\/image\/"}},{"@type":"Person","@id":"","url":"https:\/\/sandzakpress.net\/arhiva\/author\/"}]}},"_links":{"self":[{"href":"https:\/\/sandzakpress.net\/arhiva\/wp-json\/wp\/v2\/posts\/22386"}],"collection":[{"href":"https:\/\/sandzakpress.net\/arhiva\/wp-json\/wp\/v2\/posts"}],"about":[{"href":"https:\/\/sandzakpress.net\/arhiva\/wp-json\/wp\/v2\/types\/post"}],"author":[{"embeddable":true,"href":"https:\/\/sandzakpress.net\/arhiva\/wp-json\/wp\/v2\/users\/13"}],"replies":[{"embeddable":true,"href":"https:\/\/sandzakpress.net\/arhiva\/wp-json\/wp\/v2\/comments?post=22386"}],"version-history":[{"count":0,"href":"https:\/\/sandzakpress.net\/arhiva\/wp-json\/wp\/v2\/posts\/22386\/revisions"}],"wp:featuredmedia":[{"embeddable":true,"href":"https:\/\/sandzakpress.net\/arhiva\/wp-json\/wp\/v2\/media\/22387"}],"wp:attachment":[{"href":"https:\/\/sandzakpress.net\/arhiva\/wp-json\/wp\/v2\/media?parent=22386"}],"wp:term":[{"taxonomy":"category","embeddable":true,"href":"https:\/\/sandzakpress.net\/arhiva\/wp-json\/wp\/v2\/categories?post=22386"},{"taxonomy":"post_tag","embeddable":true,"href":"https:\/\/sandzakpress.net\/arhiva\/wp-json\/wp\/v2\/tags?post=22386"}],"curies":[{"name":"wp","href":"https:\/\/api.w.org\/{rel}","templated":true}]}}