{"id":223840,"date":"2019-05-23T15:00:26","date_gmt":"2019-05-23T13:00:26","guid":{"rendered":"https:\/\/sandzakpress.net\/arhiva\/mediji-francuska-i-velika-britanija-mijenjaju-identitet-muslimana"},"modified":"2019-05-23T15:00:26","modified_gmt":"2019-05-23T13:00:26","slug":"mediji-francuska-i-velika-britanija-mijenjaju-identitet-muslimana","status":"publish","type":"post","link":"https:\/\/sandzakpress.net\/arhiva\/mediji-francuska-i-velika-britanija-mijenjaju-identitet-muslimana\/","title":{"rendered":"Mediji: Francuska i Velika Britanija mijenjaju identitet muslimana"},"content":{"rendered":"<p><span class=\"cb-itemprop\"><\/p>\n<p><img decoding=\"async\" src=\"http:\/\/balkans.aljazeera.net\/sites\/default\/files\/styles\/d8\/public\/580_1_0.jpg?itok=FCnghrqd\" \/><\/p>\n<p><strong>Britanski portal\u00a0<em>Middle East Eye &#8211;\u00a0MEE\u00a0<\/em>objavio je \u010dlanak u kojem autorica Malia Bouattia ka\u017ee kako Jedinica za istra\u017eivanje, informiranje i komunikacije &#8211;\u00a0RICU, smje\u0161tena u Ministarstvu unutra\u0161njih poslova u Londonu, nastoji &#8220;utjecati na promjenu pona\u0161anja i stavova&#8221; me\u0111u britanskim muslimanima kroz razli\u010dite platforme, uklju\u010duju\u0107i i dru\u0161tvene mre\u017ee i film.<\/strong><\/p>\n<p>RICU ve\u0107 provodi neke od svojih programa u Tunisu, Maroku, Libanu, Jordanu, Al\u017eiru i Pakistanu.<\/p>\n<p>Iako su detalji o operacijama RICU-a u Francuskoj jo\u0161 uvijek nejasni, dokumenti koje je\u00a0<em>MEE<\/em>\u00a0pregledao potvr\u0111uju da su muslimani klju\u010dni demografski cilj ove jedinice, i to uglavnom mu\u0161karci, starosne dobi izme\u0111u 15 i 39 godina.<\/p>\n<p>U slu\u010dajevima Tunisa, Libana i Maroka, autorica poja\u0161njava da je British Council saop\u0107io da je uspio &#8220;uspostaviti platformu koja omogu\u0107uje vladi i civilnom dru\u0161tvu da efikasnije komuniciraju kako bi se pove\u0107ala fleksibilnost i smanjio rizik od radikalizacije i regrutacije koju provode nasilni ekstremisti&#8221;.<\/p>\n<h4>&#8216;Otvoreno\u00a0neprijateljstvo\u00a0prema muslimanima&#8217;<\/h4>\n<p>Treba se zapitati, kazala je autorica, kako se, s obzirom na povijesni kontekst Francuske, mo\u017ee pokrenuti takav projekat, pogotovo \u0161to je ova zemlja poznata po svom otvorenom neprijateljstvu prema muslimanima, migrantima i ljudima druge rase, kao i poku\u0161ajima da otvoreno izolira te ljude?<\/p>\n<p>Slogan francuske dr\u017eave &#8220;Sloboda, jednakost i bratstvo&#8221; \u010desto je nespojiv s njenom agresivnom i sekularnom primjenom nacionalnih vrijednosti, koje se opisuju kao direktna suprotnost islamu, a time i muslimanskom stanovni\u0161tvu.<\/p>\n<p>Francuski predsjednik Emmanuel Macron izjavio je pro\u0161log mjeseca, kada je govorio o muslimanskim zajednicama, da se &#8220;ne bismo trebali sakrivati kada govorimo o sekularizmu. Zapravo, ne govorimo o sekularizmu, ve\u0107 komunitarizmu, koji se naselio u neke dijelove na\u0161e republike.&#8221;<\/p>\n<p>Obe\u0107avaju\u0107i da \u0107e se oduprijeti politi\u010dkom islamu, Macron je dodao: &#8220;Govorimo o ljudima koji, u ime religije, provode politi\u010dki projekt&#8221;.<\/p>\n<p>Tako\u0111er je pozvao da se pove\u0107a kontrola nad me\u0111unarodnim sredstvima koja neke organizacije primaju\u00a0te na po\u0161tivanje Zakona o sekularizmu iz 1905. godine.<\/p>\n<p>Bouattia isti\u010de da su ove izjave otkrile mnogo toga, poput toga da se francuski sekularizam danas pretvorio u otvoreni rat protiv muslimana, njihovog politi\u010dkog \u017eivota i njihovog mjesta u dr\u017eavi.<\/p>\n<p>Te\u0161ko je razumjeti kako se takva situacija mo\u017ee ubla\u017eiti kulturnim i medijskim intervencijama, kazala je.<\/p>\n<h4>Napada na gra\u0111anska prava<\/h4>\n<p>Od napada u Parizu 2015. godine\u00a0islamofobija je nastavila rasti alarmantnom brzinom, pod Vladom koja nastavlja ozakonjivati mr\u017enju, kako je to opisala.<\/p>\n<p>Autorica zaklju\u010duje da \u0107e rad RICU-a vjerovatno dodatno institucionalizirati rasizam u Francuskoj, ba\u0161 kao \u0161to je to u\u010dinio i britanski protuteroristi\u010dki program, koji je napao gra\u0111anska prava svih.<\/p>\n<p>Na kraju teksta ona postavlja pitanje: Mo\u017ee li Francuska to posti\u0107i potajnim \u0161irenjem muzike, umjetnosti i dru\u0161tvenim medijima kako bi normalizirala dr\u017eavnu represiju i isklju\u010divanje koje je usvojila ova dr\u017eava? Ili \u0107e to u\u010diniti na potpuno nove i razli\u010dite na\u010dine?<\/p>\n<p>U oba slu\u010daja, to ne\u0107e biti u interesu muslimana u Francuskoj ili bilo gdje drugdje.<\/p>\n<p><em>Izvor: Al Jazeera<\/em><\/p>\n<p><\/span><br \/>\nPogledajte vijest na izvornom sajtu:<\/p>\n<p><a href=\"https:\/\/islampress.net\/45466\/mediji-francuska-i-velika-britanija-mijenjaju-identitet-muslimana\/\" target=\"_blank\">Mediji: Francuska i Velika Britanija mijenjaju identitet muslimana<\/a><\/p>\n","protected":false},"excerpt":{"rendered":"<p>Britanski portal\u00a0Middle East Eye &#8211;\u00a0MEE\u00a0objavio je \u010dlanak u kojem autorica Malia Bouattia ka\u017ee kako Jedinica za istra\u017eivanje, informiranje i komunikacije &#8211;\u00a0RICU, smje\u0161tena u Ministarstvu unutra\u0161njih poslova u Londonu, nastoji &#8220;utjecati na promjenu pona\u0161anja i stavova&#8221; me\u0111u britanskim muslimanima kroz razli\u010dite platforme, uklju\u010duju\u0107i i dru\u0161tvene mre\u017ee i film. RICU ve\u0107 provodi neke od svojih programa u [&hellip;]<\/p>\n","protected":false},"author":83,"featured_media":0,"comment_status":"open","ping_status":"open","sticky":false,"template":"","format":"standard","meta":{"footnotes":""},"categories":[9],"tags":[10499],"class_list":{"0":"post-223840","1":"post","2":"type-post","3":"status-publish","4":"format-standard","6":"category-svijet","7":"tag-a"},"yoast_head":"<!-- This site is optimized with the Yoast SEO Premium plugin v23.1 (Yoast SEO v24.9) - https:\/\/yoast.com\/wordpress\/plugins\/seo\/ -->\n<title>Mediji: Francuska i Velika Britanija mijenjaju identitet muslimana<\/title>\n<meta name=\"robots\" content=\"index, follow, max-snippet:-1, max-image-preview:large, max-video-preview:-1\" \/>\n<link rel=\"canonical\" href=\"https:\/\/sandzakpress.net\/arhiva\/mediji-francuska-i-velika-britanija-mijenjaju-identitet-muslimana\/\" \/>\n<meta property=\"og:locale\" content=\"bs_BA\" \/>\n<meta property=\"og:type\" content=\"article\" \/>\n<meta property=\"og:title\" content=\"Mediji: Francuska i Velika Britanija mijenjaju identitet muslimana\" \/>\n<meta property=\"og:description\" content=\"Britanski portal\u00a0Middle East Eye &#8211;\u00a0MEE\u00a0objavio je \u010dlanak u kojem autorica Malia Bouattia ka\u017ee kako Jedinica za istra\u017eivanje, informiranje i komunikacije &#8211;\u00a0RICU, smje\u0161tena u Ministarstvu unutra\u0161njih poslova u Londonu, nastoji &#8220;utjecati na promjenu pona\u0161anja i stavova&#8221; me\u0111u britanskim muslimanima kroz razli\u010dite platforme, uklju\u010duju\u0107i i dru\u0161tvene mre\u017ee i film. RICU ve\u0107 provodi neke od svojih programa u [&hellip;]\" \/>\n<meta property=\"og:url\" content=\"https:\/\/sandzakpress.net\/arhiva\/mediji-francuska-i-velika-britanija-mijenjaju-identitet-muslimana\/\" \/>\n<meta property=\"og:site_name\" content=\"Sand\u017eak PRESS\" \/>\n<meta property=\"article:published_time\" content=\"2019-05-23T13:00:26+00:00\" \/>\n<meta property=\"og:image\" content=\"http:\/\/balkans.aljazeera.net\/sites\/default\/files\/styles\/d8\/public\/580_1_0.jpg?itok=FCnghrqd\" \/>\n<meta name=\"author\" content=\"bosniak\" \/>\n<meta name=\"twitter:card\" content=\"summary_large_image\" \/>\n<meta name=\"twitter:label1\" content=\"Written by\" \/>\n\t<meta name=\"twitter:data1\" content=\"bosniak\" \/>\n\t<meta name=\"twitter:label2\" content=\"Est. reading time\" \/>\n\t<meta name=\"twitter:data2\" content=\"3 minute\" \/>\n<script type=\"application\/ld+json\" class=\"yoast-schema-graph\">{\"@context\":\"https:\/\/schema.org\",\"@graph\":[{\"@type\":\"Article\",\"@id\":\"https:\/\/sandzakpress.net\/arhiva\/mediji-francuska-i-velika-britanija-mijenjaju-identitet-muslimana\/#article\",\"isPartOf\":{\"@id\":\"https:\/\/sandzakpress.net\/arhiva\/mediji-francuska-i-velika-britanija-mijenjaju-identitet-muslimana\/\"},\"author\":{\"name\":\"bosniak\",\"@id\":\"https:\/\/sandzakpress.net\/arhiva\/#\/schema\/person\/c8baee722073534b583ea7bdb2e36c02\"},\"headline\":\"Mediji: Francuska i Velika Britanija mijenjaju identitet muslimana\",\"datePublished\":\"2019-05-23T13:00:26+00:00\",\"mainEntityOfPage\":{\"@id\":\"https:\/\/sandzakpress.net\/arhiva\/mediji-francuska-i-velika-britanija-mijenjaju-identitet-muslimana\/\"},\"wordCount\":535,\"commentCount\":0,\"publisher\":{\"@id\":\"https:\/\/sandzakpress.net\/arhiva\/#\/schema\/person\/6e72b67d6e51910a1117b3b483ba20bd\"},\"image\":{\"@id\":\"https:\/\/sandzakpress.net\/arhiva\/mediji-francuska-i-velika-britanija-mijenjaju-identitet-muslimana\/#primaryimage\"},\"thumbnailUrl\":\"http:\/\/balkans.aljazeera.net\/sites\/default\/files\/styles\/d8\/public\/580_1_0.jpg?itok=FCnghrqd\",\"keywords\":[\"A\"],\"articleSection\":[\"Svijet\"],\"inLanguage\":\"bs-BA\",\"potentialAction\":[{\"@type\":\"CommentAction\",\"name\":\"Comment\",\"target\":[\"https:\/\/sandzakpress.net\/arhiva\/mediji-francuska-i-velika-britanija-mijenjaju-identitet-muslimana\/#respond\"]}]},{\"@type\":\"WebPage\",\"@id\":\"https:\/\/sandzakpress.net\/arhiva\/mediji-francuska-i-velika-britanija-mijenjaju-identitet-muslimana\/\",\"url\":\"https:\/\/sandzakpress.net\/arhiva\/mediji-francuska-i-velika-britanija-mijenjaju-identitet-muslimana\/\",\"name\":\"Mediji: Francuska i Velika Britanija mijenjaju identitet muslimana\",\"isPartOf\":{\"@id\":\"https:\/\/sandzakpress.net\/arhiva\/#website\"},\"primaryImageOfPage\":{\"@id\":\"https:\/\/sandzakpress.net\/arhiva\/mediji-francuska-i-velika-britanija-mijenjaju-identitet-muslimana\/#primaryimage\"},\"image\":{\"@id\":\"https:\/\/sandzakpress.net\/arhiva\/mediji-francuska-i-velika-britanija-mijenjaju-identitet-muslimana\/#primaryimage\"},\"thumbnailUrl\":\"http:\/\/balkans.aljazeera.net\/sites\/default\/files\/styles\/d8\/public\/580_1_0.jpg?itok=FCnghrqd\",\"datePublished\":\"2019-05-23T13:00:26+00:00\",\"breadcrumb\":{\"@id\":\"https:\/\/sandzakpress.net\/arhiva\/mediji-francuska-i-velika-britanija-mijenjaju-identitet-muslimana\/#breadcrumb\"},\"inLanguage\":\"bs-BA\",\"potentialAction\":[{\"@type\":\"ReadAction\",\"target\":[\"https:\/\/sandzakpress.net\/arhiva\/mediji-francuska-i-velika-britanija-mijenjaju-identitet-muslimana\/\"]}]},{\"@type\":\"ImageObject\",\"inLanguage\":\"bs-BA\",\"@id\":\"https:\/\/sandzakpress.net\/arhiva\/mediji-francuska-i-velika-britanija-mijenjaju-identitet-muslimana\/#primaryimage\",\"url\":\"http:\/\/balkans.aljazeera.net\/sites\/default\/files\/styles\/d8\/public\/580_1_0.jpg?itok=FCnghrqd\",\"contentUrl\":\"http:\/\/balkans.aljazeera.net\/sites\/default\/files\/styles\/d8\/public\/580_1_0.jpg?itok=FCnghrqd\"},{\"@type\":\"BreadcrumbList\",\"@id\":\"https:\/\/sandzakpress.net\/arhiva\/mediji-francuska-i-velika-britanija-mijenjaju-identitet-muslimana\/#breadcrumb\",\"itemListElement\":[{\"@type\":\"ListItem\",\"position\":1,\"name\":\"Home\",\"item\":\"https:\/\/sandzakpress.net\/arhiva\/\"},{\"@type\":\"ListItem\",\"position\":2,\"name\":\"Mediji: Francuska i Velika Britanija mijenjaju identitet muslimana\"}]},{\"@type\":\"WebSite\",\"@id\":\"https:\/\/sandzakpress.net\/arhiva\/#website\",\"url\":\"https:\/\/sandzakpress.net\/arhiva\/\",\"name\":\"Sand\u017eak PRESS\",\"description\":\"Prve elektronske novine u Sand\u017eaku\",\"publisher\":{\"@id\":\"https:\/\/sandzakpress.net\/arhiva\/#\/schema\/person\/6e72b67d6e51910a1117b3b483ba20bd\"},\"potentialAction\":[{\"@type\":\"SearchAction\",\"target\":{\"@type\":\"EntryPoint\",\"urlTemplate\":\"https:\/\/sandzakpress.net\/arhiva\/?s={search_term_string}\"},\"query-input\":{\"@type\":\"PropertyValueSpecification\",\"valueRequired\":true,\"valueName\":\"search_term_string\"}}],\"inLanguage\":\"bs-BA\"},{\"@type\":[\"Person\",\"Organization\"],\"@id\":\"https:\/\/sandzakpress.net\/arhiva\/#\/schema\/person\/6e72b67d6e51910a1117b3b483ba20bd\",\"name\":\"Kul\",\"image\":{\"@type\":\"ImageObject\",\"inLanguage\":\"bs-BA\",\"@id\":\"https:\/\/sandzakpress.net\/arhiva\/#\/schema\/person\/image\/\",\"url\":\"https:\/\/secure.gravatar.com\/avatar\/42263f39aa27ac04c43cab85c280eb2e?s=96&d=mm&r=pg\",\"contentUrl\":\"https:\/\/secure.gravatar.com\/avatar\/42263f39aa27ac04c43cab85c280eb2e?s=96&d=mm&r=pg\",\"caption\":\"Kul\"},\"logo\":{\"@id\":\"https:\/\/sandzakpress.net\/arhiva\/#\/schema\/person\/image\/\"}},{\"@type\":\"Person\",\"@id\":\"https:\/\/sandzakpress.net\/arhiva\/#\/schema\/person\/c8baee722073534b583ea7bdb2e36c02\",\"name\":\"bosniak\",\"image\":{\"@type\":\"ImageObject\",\"inLanguage\":\"bs-BA\",\"@id\":\"https:\/\/sandzakpress.net\/arhiva\/#\/schema\/person\/image\/\",\"url\":\"https:\/\/secure.gravatar.com\/avatar\/a04fd330bfe3a36a72a0ad4a6d89fca7?s=96&d=mm&r=pg\",\"contentUrl\":\"https:\/\/secure.gravatar.com\/avatar\/a04fd330bfe3a36a72a0ad4a6d89fca7?s=96&d=mm&r=pg\",\"caption\":\"bosniak\"},\"url\":\"https:\/\/sandzakpress.net\/arhiva\/author\/bosniak\/\"}]}<\/script>\n<!-- \/ Yoast SEO Premium plugin. -->","yoast_head_json":{"title":"Mediji: Francuska i Velika Britanija mijenjaju identitet muslimana","robots":{"index":"index","follow":"follow","max-snippet":"max-snippet:-1","max-image-preview":"max-image-preview:large","max-video-preview":"max-video-preview:-1"},"canonical":"https:\/\/sandzakpress.net\/arhiva\/mediji-francuska-i-velika-britanija-mijenjaju-identitet-muslimana\/","og_locale":"bs_BA","og_type":"article","og_title":"Mediji: Francuska i Velika Britanija mijenjaju identitet muslimana","og_description":"Britanski portal\u00a0Middle East Eye &#8211;\u00a0MEE\u00a0objavio je \u010dlanak u kojem autorica Malia Bouattia ka\u017ee kako Jedinica za istra\u017eivanje, informiranje i komunikacije &#8211;\u00a0RICU, smje\u0161tena u Ministarstvu unutra\u0161njih poslova u Londonu, nastoji &#8220;utjecati na promjenu pona\u0161anja i stavova&#8221; me\u0111u britanskim muslimanima kroz razli\u010dite platforme, uklju\u010duju\u0107i i dru\u0161tvene mre\u017ee i film. RICU ve\u0107 provodi neke od svojih programa u [&hellip;]","og_url":"https:\/\/sandzakpress.net\/arhiva\/mediji-francuska-i-velika-britanija-mijenjaju-identitet-muslimana\/","og_site_name":"Sand\u017eak PRESS","article_published_time":"2019-05-23T13:00:26+00:00","og_image":[{"url":"http:\/\/balkans.aljazeera.net\/sites\/default\/files\/styles\/d8\/public\/580_1_0.jpg?itok=FCnghrqd","type":"","width":"","height":""}],"author":"bosniak","twitter_card":"summary_large_image","twitter_misc":{"Written by":"bosniak","Est. reading time":"3 minute"},"schema":{"@context":"https:\/\/schema.org","@graph":[{"@type":"Article","@id":"https:\/\/sandzakpress.net\/arhiva\/mediji-francuska-i-velika-britanija-mijenjaju-identitet-muslimana\/#article","isPartOf":{"@id":"https:\/\/sandzakpress.net\/arhiva\/mediji-francuska-i-velika-britanija-mijenjaju-identitet-muslimana\/"},"author":{"name":"bosniak","@id":"https:\/\/sandzakpress.net\/arhiva\/#\/schema\/person\/c8baee722073534b583ea7bdb2e36c02"},"headline":"Mediji: Francuska i Velika Britanija mijenjaju identitet muslimana","datePublished":"2019-05-23T13:00:26+00:00","mainEntityOfPage":{"@id":"https:\/\/sandzakpress.net\/arhiva\/mediji-francuska-i-velika-britanija-mijenjaju-identitet-muslimana\/"},"wordCount":535,"commentCount":0,"publisher":{"@id":"https:\/\/sandzakpress.net\/arhiva\/#\/schema\/person\/6e72b67d6e51910a1117b3b483ba20bd"},"image":{"@id":"https:\/\/sandzakpress.net\/arhiva\/mediji-francuska-i-velika-britanija-mijenjaju-identitet-muslimana\/#primaryimage"},"thumbnailUrl":"http:\/\/balkans.aljazeera.net\/sites\/default\/files\/styles\/d8\/public\/580_1_0.jpg?itok=FCnghrqd","keywords":["A"],"articleSection":["Svijet"],"inLanguage":"bs-BA","potentialAction":[{"@type":"CommentAction","name":"Comment","target":["https:\/\/sandzakpress.net\/arhiva\/mediji-francuska-i-velika-britanija-mijenjaju-identitet-muslimana\/#respond"]}]},{"@type":"WebPage","@id":"https:\/\/sandzakpress.net\/arhiva\/mediji-francuska-i-velika-britanija-mijenjaju-identitet-muslimana\/","url":"https:\/\/sandzakpress.net\/arhiva\/mediji-francuska-i-velika-britanija-mijenjaju-identitet-muslimana\/","name":"Mediji: Francuska i Velika Britanija mijenjaju identitet muslimana","isPartOf":{"@id":"https:\/\/sandzakpress.net\/arhiva\/#website"},"primaryImageOfPage":{"@id":"https:\/\/sandzakpress.net\/arhiva\/mediji-francuska-i-velika-britanija-mijenjaju-identitet-muslimana\/#primaryimage"},"image":{"@id":"https:\/\/sandzakpress.net\/arhiva\/mediji-francuska-i-velika-britanija-mijenjaju-identitet-muslimana\/#primaryimage"},"thumbnailUrl":"http:\/\/balkans.aljazeera.net\/sites\/default\/files\/styles\/d8\/public\/580_1_0.jpg?itok=FCnghrqd","datePublished":"2019-05-23T13:00:26+00:00","breadcrumb":{"@id":"https:\/\/sandzakpress.net\/arhiva\/mediji-francuska-i-velika-britanija-mijenjaju-identitet-muslimana\/#breadcrumb"},"inLanguage":"bs-BA","potentialAction":[{"@type":"ReadAction","target":["https:\/\/sandzakpress.net\/arhiva\/mediji-francuska-i-velika-britanija-mijenjaju-identitet-muslimana\/"]}]},{"@type":"ImageObject","inLanguage":"bs-BA","@id":"https:\/\/sandzakpress.net\/arhiva\/mediji-francuska-i-velika-britanija-mijenjaju-identitet-muslimana\/#primaryimage","url":"http:\/\/balkans.aljazeera.net\/sites\/default\/files\/styles\/d8\/public\/580_1_0.jpg?itok=FCnghrqd","contentUrl":"http:\/\/balkans.aljazeera.net\/sites\/default\/files\/styles\/d8\/public\/580_1_0.jpg?itok=FCnghrqd"},{"@type":"BreadcrumbList","@id":"https:\/\/sandzakpress.net\/arhiva\/mediji-francuska-i-velika-britanija-mijenjaju-identitet-muslimana\/#breadcrumb","itemListElement":[{"@type":"ListItem","position":1,"name":"Home","item":"https:\/\/sandzakpress.net\/arhiva\/"},{"@type":"ListItem","position":2,"name":"Mediji: Francuska i Velika Britanija mijenjaju identitet muslimana"}]},{"@type":"WebSite","@id":"https:\/\/sandzakpress.net\/arhiva\/#website","url":"https:\/\/sandzakpress.net\/arhiva\/","name":"Sand\u017eak PRESS","description":"Prve elektronske novine u Sand\u017eaku","publisher":{"@id":"https:\/\/sandzakpress.net\/arhiva\/#\/schema\/person\/6e72b67d6e51910a1117b3b483ba20bd"},"potentialAction":[{"@type":"SearchAction","target":{"@type":"EntryPoint","urlTemplate":"https:\/\/sandzakpress.net\/arhiva\/?s={search_term_string}"},"query-input":{"@type":"PropertyValueSpecification","valueRequired":true,"valueName":"search_term_string"}}],"inLanguage":"bs-BA"},{"@type":["Person","Organization"],"@id":"https:\/\/sandzakpress.net\/arhiva\/#\/schema\/person\/6e72b67d6e51910a1117b3b483ba20bd","name":"Kul","image":{"@type":"ImageObject","inLanguage":"bs-BA","@id":"https:\/\/sandzakpress.net\/arhiva\/#\/schema\/person\/image\/","url":"https:\/\/secure.gravatar.com\/avatar\/42263f39aa27ac04c43cab85c280eb2e?s=96&d=mm&r=pg","contentUrl":"https:\/\/secure.gravatar.com\/avatar\/42263f39aa27ac04c43cab85c280eb2e?s=96&d=mm&r=pg","caption":"Kul"},"logo":{"@id":"https:\/\/sandzakpress.net\/arhiva\/#\/schema\/person\/image\/"}},{"@type":"Person","@id":"https:\/\/sandzakpress.net\/arhiva\/#\/schema\/person\/c8baee722073534b583ea7bdb2e36c02","name":"bosniak","image":{"@type":"ImageObject","inLanguage":"bs-BA","@id":"https:\/\/sandzakpress.net\/arhiva\/#\/schema\/person\/image\/","url":"https:\/\/secure.gravatar.com\/avatar\/a04fd330bfe3a36a72a0ad4a6d89fca7?s=96&d=mm&r=pg","contentUrl":"https:\/\/secure.gravatar.com\/avatar\/a04fd330bfe3a36a72a0ad4a6d89fca7?s=96&d=mm&r=pg","caption":"bosniak"},"url":"https:\/\/sandzakpress.net\/arhiva\/author\/bosniak\/"}]}},"_links":{"self":[{"href":"https:\/\/sandzakpress.net\/arhiva\/wp-json\/wp\/v2\/posts\/223840"}],"collection":[{"href":"https:\/\/sandzakpress.net\/arhiva\/wp-json\/wp\/v2\/posts"}],"about":[{"href":"https:\/\/sandzakpress.net\/arhiva\/wp-json\/wp\/v2\/types\/post"}],"author":[{"embeddable":true,"href":"https:\/\/sandzakpress.net\/arhiva\/wp-json\/wp\/v2\/users\/83"}],"replies":[{"embeddable":true,"href":"https:\/\/sandzakpress.net\/arhiva\/wp-json\/wp\/v2\/comments?post=223840"}],"version-history":[{"count":0,"href":"https:\/\/sandzakpress.net\/arhiva\/wp-json\/wp\/v2\/posts\/223840\/revisions"}],"wp:attachment":[{"href":"https:\/\/sandzakpress.net\/arhiva\/wp-json\/wp\/v2\/media?parent=223840"}],"wp:term":[{"taxonomy":"category","embeddable":true,"href":"https:\/\/sandzakpress.net\/arhiva\/wp-json\/wp\/v2\/categories?post=223840"},{"taxonomy":"post_tag","embeddable":true,"href":"https:\/\/sandzakpress.net\/arhiva\/wp-json\/wp\/v2\/tags?post=223840"}],"curies":[{"name":"wp","href":"https:\/\/api.w.org\/{rel}","templated":true}]}}