{"id":22383,"date":"2011-10-27T10:50:22","date_gmt":"2011-10-27T08:50:22","guid":{"rendered":"https:\/\/sandzakpress.net\/arhiva\/?p=22383"},"modified":"2011-10-27T10:50:22","modified_gmt":"2011-10-27T08:50:22","slug":"u-medresi-%e2%80%9cmehmed-fatih%e2%80%9d-odrzan-okrugli-sto-%e2%80%9ccrna-gora-u-doba-osmanlija-i-nakon-toga%e2%80%9d","status":"publish","type":"post","link":"https:\/\/sandzakpress.net\/arhiva\/u-medresi-%e2%80%9cmehmed-fatih%e2%80%9d-odrzan-okrugli-sto-%e2%80%9ccrna-gora-u-doba-osmanlija-i-nakon-toga%e2%80%9d\/","title":{"rendered":"U medresi \u201cMehmed Fatih\u201d odr\u017ean okrugli sto \u201cCrna Gora u doba Osmanlija i nakon toga\u201d"},"content":{"rendered":"<p><strong><a href=\"https:\/\/sandzakpress.net\/arhiva\/wp-content\/uploads\/2011\/10\/okrugli-300x190.jpg\"><img loading=\"lazy\" decoding=\"async\" class=\"alignleft size-full wp-image-22384\" title=\"okrugli-300x190\" src=\"https:\/\/sandzakpress.net\/arhiva\/wp-content\/uploads\/2011\/10\/okrugli-300x190.jpg\" alt=\"\" width=\"300\" height=\"190\" \/><\/a>Ju\u017eni Sand\u017eak &#8211; U organizaciji Islamske zajednice u Crnoj Gori, u \u010detvrtak 20.  oktobra 2011. godine u prepunom amfiteatru medrese \u201d Mehmed Fatih\u201d u  Podgorici odr\u017ean je okrugli sto na temu \u201c<\/strong><strong><em>Crna Gora u doba Osmanlija i nakon toga\u201d<\/em> sa osvrtom na crnogorsko-tursku historiju i njihove odnose na temu. <\/strong><\/p>\n<p>Gosti okruglog stola su bili istaknuti profesori i doktori nauka iz Turske: <strong>Abidin Temizer, Ugur Ozcan, Kemal Cicek i Bulent Ozdemir<\/strong>.<\/p>\n<div id=\"attachment_3798\"><a title=\"Okrugli sto u medresi &quot;Mehmed Fatih&quot; u Podgorici\" rel=\"lightbox[3794]\" href=\"http:\/\/www.monteislam.com\/wp-content\/uploads\/2011\/10\/okrugli-sto.jpg\"><img loading=\"lazy\" decoding=\"async\" title=\"Okrugli sto u medresi &quot;Mehmed Fatih&quot; u Podgorici\" src=\"http:\/\/www.monteislam.com\/wp-content\/uploads\/2011\/10\/okrugli-sto-300x204.jpg\" alt=\"Okrugli sto u medresi &quot;Mehmed Fatih&quot; u Podgorici\" width=\"300\" height=\"204\" \/><\/a>Okrugli sto u medresi &#8220;Mehmed Fatih&#8221; u Podgorici<\/p>\n<\/div>\n<p>Okruglom stolu su prisustvovali: reis\u00a0<strong>Rifat ef. Fejzi\u0107<\/strong>, ambasadorka Turske u Crnoj Gori\u00a0<strong>Emina Birgen Kesoglu<\/strong><strong>, <\/strong>ambasador<strong> <\/strong>BiH u Crnoj Gori\u00a0<strong>Izmir Tali\u0107<\/strong>, potpredsjednik Skup\u0161tine Crne Gore <strong>Rifat Rastoder<\/strong>, ministar u Vladi Crne Gore <strong>Rafet Husovi\u0107<\/strong>, poslanici u Skup\u0161tini Crne Gore <strong>Kemal Puri\u0161i\u0107,<\/strong> <strong>Amer Halilovi\u0107 i Genci Nimanbegu<\/strong>, direktor TIKA-e za Crnu Goru <strong>Tuncay Cakmak, <\/strong><em><strong> <\/strong><\/em>predsjednik<em><strong> <\/strong><\/em>Bo\u0161nja\u010dkog savjeta u Crnoj Gori\u00a0<strong>\u0160erbo Rastoder<\/strong>, predsjednik izvr\u0161nog odbora\u00a0Bo\u0161nja\u010dkog savjeta u Crnoj Gori\u00a0<strong>Osman Nurkovi\u0107<\/strong>, direktor Fonda za manjine <strong>Safet Kurtagi\u0107<\/strong>, direktor Fonda rada <strong>Kemal \u0110e\u010devi\u0107, <\/strong>imami, profesori medrese\u00a0te mnogo li\u010dnosti iz javnog i kulturnog \u017eivota Crne Gore<strong>.<\/strong><\/p>\n<div id=\"attachment_3807\"><a title=\"Uva\u017eeni gosti iz Turske\" rel=\"lightbox[3794]\" href=\"http:\/\/www.monteislam.com\/wp-content\/uploads\/2011\/10\/okrugli3.jpg\"><img loading=\"lazy\" decoding=\"async\" title=\"Uva\u017eeni gosti iz Turske\" src=\"http:\/\/www.monteislam.com\/wp-content\/uploads\/2011\/10\/okrugli3-300x207.jpg\" alt=\"Uva\u017eeni gosti iz Turske\" width=\"300\" height=\"207\" \/><\/a>Uva\u017eeni gosti iz Turske<\/p>\n<\/div>\n<p><strong>Abidin Temizer<\/strong>, na po\u010detku svog obra\u0107anja istako je  bitnost istra\u017eivanja osmanlijskih dokumenata, ne u cilju mjenjanja  crnogorske istorije i istorijskih tokova, ve\u0107 u cilju unaprije\u0111ivanja  istra\u017eiteljskih radova na polju crnogorske-turske istorije. On je  govorio o uspostavljanju administrativnih jedinica nakon osvajanja Crne  Gore.<\/p>\n<p>Kad je osvajanje Crne Gore u pitanju Temizer se osvrnuo na pitanje da  li je Crna Gora bila potpuno osvojena od strane Osmanlija? Prema  njegovim istra\u017eivanjima, Crna Gora je bila u odre\u0111enim periodima putpuno  unutar osmanskog carstva, a to se ogleda u pla\u0107anju poreza, mnogim  geografskim kartama koje se nalaze u be\u010dkim arhivama, kao i drugim  dokumentima i defterima koji se \u010duvaju u turskim arhivama.\u00a0Koliko je  osvajanje Crne Gore doprinijelo samoj Crnoj Gori, Temizer je obrazlozio  mnogobrojnim primjerima izgradnje \u0161kola, puteva, mostova, d\u017eamija,  razvijenom trgovinom i sl. Crna Gora je bila u sastavu skadarskog  sand\u017eaka i svoj porez je pla\u0107ala skadarskom pa\u0161i. Crnogorci su najvi\u0161e  ometali mir unutar osmanskog carstva tako da su ponekad bili osloba\u0111ani  poreza i od njih se zahtjevao samo mir. Crnogorci su nanosili veliku  \u0161tetu carstvu, tako da je nakon izgubljenih teritorija dovedeno pitanje  da li je ve\u0107a \u0161teta izgubljena teritorija ili \u0161teta koju su stvarali  Crnogorci.<\/p>\n<div id=\"attachment_3811\"><a title=\"Sa okruglog stola u medresi &quot;Mehmed Fatih&quot;\" rel=\"lightbox[3794]\" href=\"http:\/\/www.monteislam.com\/wp-content\/uploads\/2011\/10\/okrugli5.jpg\"><img loading=\"lazy\" decoding=\"async\" title=\"Sa okruglog stola u medresi &quot;Mehmed Fatih&quot;\" src=\"http:\/\/www.monteislam.com\/wp-content\/uploads\/2011\/10\/okrugli5-300x225.jpg\" alt=\"Sa okruglog stola u medresi &quot;Mehmed Fatih&quot;\" width=\"300\" height=\"225\" \/><\/a>Sa okruglog stola u medresi &#8220;Mehmed Fatih&#8221;<\/p>\n<\/div>\n<p><strong>Ugur Ozcan<\/strong> je govorio o muslimanima u Crnoj Gori  nakon Berlinskog kongresa i njihovoj organizaciji. Muslimani su \u017eivjeli u  velikim gradovima na plodnom zemlji\u0161tu gdje su se bavili trgovinom,  sto\u010darstvom i poljoprivredom. Islamska zajednica mo\u017ee se re\u0107i da je  formirana odmah nakon Berlinskog kongresa.<\/p>\n<p>Knjaz Nikola je muslimanima obe\u0107ao ravnopravnost i slobodu  vjeroispovjesti.\u00a0Dobri odnosi izme\u0111u Knjaza Nikole i Sultana Abdulhamida  muslimanima u Crnoj Gori su pru\u017eali nadu, me\u0111utim veliki broj muslimana  se odlu\u010dio za iseljavanje. Pola plate muftija je dobijao od Knjaza a  pola od Sultana i birao se iz domicijalnog stanovni\u0161tva i bio je  predstavnik muslimana u crnogorskom parlamentu.\u00a0Ozcan se osvrnuo na  seyahatname-putopis turskog ambasadora Ahmet D\u017eavit Pa\u0161e koji je Knjaz  Nikolom obi\u0161ao neke velike gradove Nik\u0161i\u0107, Podgoricu i Kola\u0161in. U  Kola\u0161inu je zatekao d\u017eamiju koja je bila zatvorena i sa mujezinom je  u\u0161ao u ranu zoru. D\u017eamiju je zatekao u ru\u0161evnom stanju, skinuo je svoju  kabanu i na njoj klanjao namaz. Tu je duboko bio dirnut i plakao je.  Turska je pomagala i izgradnju crkava i \u0161kola. Pomogla je izgradnju  jedne hri\u0161\u0107anske \u0161kole u Beranama i djevoja\u010dke \u0161kole na Cetinju.<\/p>\n<div id=\"attachment_3814\"><a title=\"Reis Rifat Fejzi\u0107 na okruglom stolu\" rel=\"lightbox[3794]\" href=\"http:\/\/www.monteislam.com\/wp-content\/uploads\/2011\/10\/okrugli4.jpg\"><img loading=\"lazy\" decoding=\"async\" title=\"Reis Rifat Fejzi\u0107 na okruglom stolu\" src=\"http:\/\/www.monteislam.com\/wp-content\/uploads\/2011\/10\/okrugli4-300x197.jpg\" alt=\"Reis Rifat Fejzi\u0107 na okruglom stolu\" width=\"300\" height=\"197\" \/><\/a>Reis Rifat Fejzi\u0107 na okruglom stolu<\/p>\n<\/div>\n<p><strong>Kemal Cicek<\/strong> koji je stru\u010dnjak za pitanja Jermena  svoje izlaganje zapo\u010deo je sljede\u0107im rije\u010dima \u201cO bolnom iseljavanju  Jermena u svijetu svako zna, me\u0111utim skoro da niko ne zna o bolnom  iseljavanju crnogorskih muslimana.<\/p>\n<p>Posebna je dra\u017e da o tome govorim ovdje, a ne negdje u svijetu. On je  govorio o iseljavanju stotina porodica u Anadoliju. Veliki broj  porodica nije uspio da do\u0111e do Turske. Velike tragedije su ometale  njihovo iseljavanje. Turska se trudila da muslimani ostanu u Crnoj Gori.  Ru\u0161ene su i paljene njihove ku\u0107e, plodna zemlja oduzimata. Ta\u010dan broj  onih koji su napustili Crnu Goru nikad nije bio poznat. Kao poruku  istako je va\u017enost povezivanja sa tamo\u0161njim potomcima crnogorskih  iseljenika.<\/p>\n<div id=\"attachment_3817\"><a title=\"Reis Fejzi\u0107 uru\u010dio zahvalnice profesorima iz Turske\" rel=\"lightbox[3794]\" href=\"http:\/\/www.monteislam.com\/wp-content\/uploads\/2011\/10\/okrugli6.jpg\"><img loading=\"lazy\" decoding=\"async\" title=\"Reis Fejzi\u0107 uru\u010dio zahvalnice profesorima iz Turske\" src=\"http:\/\/www.monteislam.com\/wp-content\/uploads\/2011\/10\/okrugli6-300x233.jpg\" alt=\"Reis Fejzi\u0107 uru\u010dio zahvalnice profesorima iz Turske\" width=\"300\" height=\"233\" \/><\/a>Reis Fejzi\u0107 uru\u010dio zahvalnice profesorima iz Turske<\/p>\n<\/div>\n<p><strong>Bulent Ozdemir<\/strong> je govorio o crnogorskoj nezavisnosti  na Berlinskom kongresu i \u010dlanu o nezavisnosti koji je stajao prethodno  na Sanstefanovskom ugovoru. Crna Gora nije bila zadovoljna odlukama  Berlinskog kongresa. Po\u010deo je novi period gdje je pored pravoslavnih  \u017eivio sad i veliki broj muslimana. Turska je i tad prva priznala Crnu  Goru kao \u0161to je to uradila i 2006. godine nakon referenduma.<\/p>\n<p>Crna Gora je imala dobre politi\u010dke i ekonomske odnose sa Turskom. Dva  puta je Turska davala zajam Crnoj Gori. Uslijedilo je otvaranje  diplomatskog predstavni\u0161tva. Turska je do 1912. godine imala 12 svojih  predstavnika. Crna Gora je slavila Abdulhamidov ro\u0111endan, a otvaranje  Ruzadije u Podgorici, Princ Mirko priredio je na datum stupanja na  prijesto Abdulhamida.<\/p>\n<p>Na kraju okruglog stola, reis Islamske zajednice u Crnoj Gori Rifat  ef. Fejzi\u0107 je uru\u010dio zahvalnice uva\u017eenim profesorima iz Turske.  Prevodilac sa turskog jezika je bio profesor u medresi \u201cMehmed Fatih\u201d <strong>Adnan Pepi\u0107<\/strong>.<\/p>\n<p>Izvor: <strong>MonteIslam.com<\/strong><\/p>\n","protected":false},"excerpt":{"rendered":"<p>Ju\u017eni Sand\u017eak &#8211; U organizaciji Islamske zajednice u Crnoj Gori, u \u010detvrtak 20. oktobra 2011. godine u prepunom amfiteatru medrese \u201d Mehmed Fatih\u201d u Podgorici odr\u017ean je okrugli sto na temu \u201cCrna Gora u doba Osmanlija i nakon toga\u201d sa osvrtom na crnogorsko-tursku historiju i njihove odnose na temu. Gosti okruglog stola su bili istaknuti [&hellip;]<\/p>\n","protected":false},"author":13,"featured_media":22384,"comment_status":"open","ping_status":"open","sticky":false,"template":"","format":"standard","meta":{"footnotes":""},"categories":[398,397,396,395,4,399],"tags":[],"class_list":{"0":"post-22383","1":"post","2":"type-post","3":"status-publish","4":"format-standard","5":"has-post-thumbnail","7":"category-rozaje","8":"category-berane","9":"category-bijelo_polje","10":"category-pljevlja_","11":"category-obrazovanje","12":"category-plav_"},"yoast_head":"<!-- This site is optimized with the Yoast SEO Premium plugin v23.1 (Yoast SEO v24.9) - https:\/\/yoast.com\/wordpress\/plugins\/seo\/ -->\n<title>U medresi \u201cMehmed Fatih\u201d odr\u017ean okrugli sto \u201cCrna Gora u doba Osmanlija i nakon toga\u201d<\/title>\n<meta name=\"robots\" content=\"index, follow, max-snippet:-1, max-image-preview:large, max-video-preview:-1\" \/>\n<link rel=\"canonical\" href=\"https:\/\/sandzakpress.net\/arhiva\/u-medresi-\u201cmehmed-fatih\u201d-odrzan-okrugli-sto-\u201ccrna-gora-u-doba-osmanlija-i-nakon-toga\u201d\/\" \/>\n<meta property=\"og:locale\" content=\"bs_BA\" \/>\n<meta property=\"og:type\" content=\"article\" \/>\n<meta property=\"og:title\" content=\"U medresi \u201cMehmed Fatih\u201d odr\u017ean okrugli sto \u201cCrna Gora u doba Osmanlija i nakon toga\u201d\" \/>\n<meta property=\"og:description\" content=\"Ju\u017eni Sand\u017eak &#8211; U organizaciji Islamske zajednice u Crnoj Gori, u \u010detvrtak 20. oktobra 2011. godine u prepunom amfiteatru medrese \u201d Mehmed Fatih\u201d u Podgorici odr\u017ean je okrugli sto na temu \u201cCrna Gora u doba Osmanlija i nakon toga\u201d sa osvrtom na crnogorsko-tursku historiju i njihove odnose na temu. Gosti okruglog stola su bili istaknuti [&hellip;]\" \/>\n<meta property=\"og:url\" content=\"https:\/\/sandzakpress.net\/arhiva\/u-medresi-\u201cmehmed-fatih\u201d-odrzan-okrugli-sto-\u201ccrna-gora-u-doba-osmanlija-i-nakon-toga\u201d\/\" \/>\n<meta property=\"og:site_name\" content=\"Sand\u017eak PRESS\" \/>\n<meta property=\"article:published_time\" content=\"2011-10-27T08:50:22+00:00\" \/>\n<meta property=\"og:image\" content=\"https:\/\/sandzakpress.net\/arhiva\/wp-content\/uploads\/2011\/10\/okrugli-300x190.jpg\" \/>\n\t<meta property=\"og:image:width\" content=\"300\" \/>\n\t<meta property=\"og:image:height\" content=\"190\" \/>\n\t<meta property=\"og:image:type\" content=\"image\/jpeg\" \/>\n<meta name=\"twitter:card\" content=\"summary_large_image\" \/>\n<meta name=\"twitter:label1\" content=\"Written by\" \/>\n\t<meta name=\"twitter:data1\" content=\"\" \/>\n\t<meta name=\"twitter:label2\" content=\"Est. reading time\" \/>\n\t<meta name=\"twitter:data2\" content=\"5 minuta\" \/>\n<script type=\"application\/ld+json\" class=\"yoast-schema-graph\">{\"@context\":\"https:\/\/schema.org\",\"@graph\":[{\"@type\":\"Article\",\"@id\":\"https:\/\/sandzakpress.net\/arhiva\/u-medresi-%e2%80%9cmehmed-fatih%e2%80%9d-odrzan-okrugli-sto-%e2%80%9ccrna-gora-u-doba-osmanlija-i-nakon-toga%e2%80%9d\/#article\",\"isPartOf\":{\"@id\":\"https:\/\/sandzakpress.net\/arhiva\/u-medresi-%e2%80%9cmehmed-fatih%e2%80%9d-odrzan-okrugli-sto-%e2%80%9ccrna-gora-u-doba-osmanlija-i-nakon-toga%e2%80%9d\/\"},\"author\":{\"name\":\"\",\"@id\":\"\"},\"headline\":\"U medresi \u201cMehmed Fatih\u201d odr\u017ean okrugli sto \u201cCrna Gora u doba Osmanlija i nakon toga\u201d\",\"datePublished\":\"2011-10-27T08:50:22+00:00\",\"mainEntityOfPage\":{\"@id\":\"https:\/\/sandzakpress.net\/arhiva\/u-medresi-%e2%80%9cmehmed-fatih%e2%80%9d-odrzan-okrugli-sto-%e2%80%9ccrna-gora-u-doba-osmanlija-i-nakon-toga%e2%80%9d\/\"},\"wordCount\":919,\"commentCount\":0,\"publisher\":{\"@id\":\"https:\/\/sandzakpress.net\/arhiva\/#\/schema\/person\/6e72b67d6e51910a1117b3b483ba20bd\"},\"image\":{\"@id\":\"https:\/\/sandzakpress.net\/arhiva\/u-medresi-%e2%80%9cmehmed-fatih%e2%80%9d-odrzan-okrugli-sto-%e2%80%9ccrna-gora-u-doba-osmanlija-i-nakon-toga%e2%80%9d\/#primaryimage\"},\"thumbnailUrl\":\"https:\/\/sandzakpress.net\/arhiva\/wp-content\/uploads\/2011\/10\/okrugli-300x190.jpg\",\"articleSection\":[\"Ro\u017eaje\",\"Berane\",\"Bijelo Polje\",\"Pljevlja\",\"Obrazovanje\",\"Plav\"],\"inLanguage\":\"bs-BA\",\"potentialAction\":[{\"@type\":\"CommentAction\",\"name\":\"Comment\",\"target\":[\"https:\/\/sandzakpress.net\/arhiva\/u-medresi-%e2%80%9cmehmed-fatih%e2%80%9d-odrzan-okrugli-sto-%e2%80%9ccrna-gora-u-doba-osmanlija-i-nakon-toga%e2%80%9d\/#respond\"]}]},{\"@type\":\"WebPage\",\"@id\":\"https:\/\/sandzakpress.net\/arhiva\/u-medresi-%e2%80%9cmehmed-fatih%e2%80%9d-odrzan-okrugli-sto-%e2%80%9ccrna-gora-u-doba-osmanlija-i-nakon-toga%e2%80%9d\/\",\"url\":\"https:\/\/sandzakpress.net\/arhiva\/u-medresi-%e2%80%9cmehmed-fatih%e2%80%9d-odrzan-okrugli-sto-%e2%80%9ccrna-gora-u-doba-osmanlija-i-nakon-toga%e2%80%9d\/\",\"name\":\"U medresi \u201cMehmed Fatih\u201d odr\u017ean okrugli sto \u201cCrna Gora u doba Osmanlija i nakon toga\u201d\",\"isPartOf\":{\"@id\":\"https:\/\/sandzakpress.net\/arhiva\/#website\"},\"primaryImageOfPage\":{\"@id\":\"https:\/\/sandzakpress.net\/arhiva\/u-medresi-%e2%80%9cmehmed-fatih%e2%80%9d-odrzan-okrugli-sto-%e2%80%9ccrna-gora-u-doba-osmanlija-i-nakon-toga%e2%80%9d\/#primaryimage\"},\"image\":{\"@id\":\"https:\/\/sandzakpress.net\/arhiva\/u-medresi-%e2%80%9cmehmed-fatih%e2%80%9d-odrzan-okrugli-sto-%e2%80%9ccrna-gora-u-doba-osmanlija-i-nakon-toga%e2%80%9d\/#primaryimage\"},\"thumbnailUrl\":\"https:\/\/sandzakpress.net\/arhiva\/wp-content\/uploads\/2011\/10\/okrugli-300x190.jpg\",\"datePublished\":\"2011-10-27T08:50:22+00:00\",\"breadcrumb\":{\"@id\":\"https:\/\/sandzakpress.net\/arhiva\/u-medresi-%e2%80%9cmehmed-fatih%e2%80%9d-odrzan-okrugli-sto-%e2%80%9ccrna-gora-u-doba-osmanlija-i-nakon-toga%e2%80%9d\/#breadcrumb\"},\"inLanguage\":\"bs-BA\",\"potentialAction\":[{\"@type\":\"ReadAction\",\"target\":[\"https:\/\/sandzakpress.net\/arhiva\/u-medresi-%e2%80%9cmehmed-fatih%e2%80%9d-odrzan-okrugli-sto-%e2%80%9ccrna-gora-u-doba-osmanlija-i-nakon-toga%e2%80%9d\/\"]}]},{\"@type\":\"ImageObject\",\"inLanguage\":\"bs-BA\",\"@id\":\"https:\/\/sandzakpress.net\/arhiva\/u-medresi-%e2%80%9cmehmed-fatih%e2%80%9d-odrzan-okrugli-sto-%e2%80%9ccrna-gora-u-doba-osmanlija-i-nakon-toga%e2%80%9d\/#primaryimage\",\"url\":\"https:\/\/sandzakpress.net\/arhiva\/wp-content\/uploads\/2011\/10\/okrugli-300x190.jpg\",\"contentUrl\":\"https:\/\/sandzakpress.net\/arhiva\/wp-content\/uploads\/2011\/10\/okrugli-300x190.jpg\",\"width\":300,\"height\":190},{\"@type\":\"BreadcrumbList\",\"@id\":\"https:\/\/sandzakpress.net\/arhiva\/u-medresi-%e2%80%9cmehmed-fatih%e2%80%9d-odrzan-okrugli-sto-%e2%80%9ccrna-gora-u-doba-osmanlija-i-nakon-toga%e2%80%9d\/#breadcrumb\",\"itemListElement\":[{\"@type\":\"ListItem\",\"position\":1,\"name\":\"Home\",\"item\":\"https:\/\/sandzakpress.net\/arhiva\/\"},{\"@type\":\"ListItem\",\"position\":2,\"name\":\"U medresi \u201cMehmed Fatih\u201d odr\u017ean okrugli sto \u201cCrna Gora u doba Osmanlija i nakon toga\u201d\"}]},{\"@type\":\"WebSite\",\"@id\":\"https:\/\/sandzakpress.net\/arhiva\/#website\",\"url\":\"https:\/\/sandzakpress.net\/arhiva\/\",\"name\":\"Sand\u017eak PRESS\",\"description\":\"Prve elektronske novine u Sand\u017eaku\",\"publisher\":{\"@id\":\"https:\/\/sandzakpress.net\/arhiva\/#\/schema\/person\/6e72b67d6e51910a1117b3b483ba20bd\"},\"potentialAction\":[{\"@type\":\"SearchAction\",\"target\":{\"@type\":\"EntryPoint\",\"urlTemplate\":\"https:\/\/sandzakpress.net\/arhiva\/?s={search_term_string}\"},\"query-input\":{\"@type\":\"PropertyValueSpecification\",\"valueRequired\":true,\"valueName\":\"search_term_string\"}}],\"inLanguage\":\"bs-BA\"},{\"@type\":[\"Person\",\"Organization\"],\"@id\":\"https:\/\/sandzakpress.net\/arhiva\/#\/schema\/person\/6e72b67d6e51910a1117b3b483ba20bd\",\"name\":\"Kul\",\"image\":{\"@type\":\"ImageObject\",\"inLanguage\":\"bs-BA\",\"@id\":\"https:\/\/sandzakpress.net\/arhiva\/#\/schema\/person\/image\/\",\"url\":\"https:\/\/secure.gravatar.com\/avatar\/42263f39aa27ac04c43cab85c280eb2e?s=96&d=mm&r=pg\",\"contentUrl\":\"https:\/\/secure.gravatar.com\/avatar\/42263f39aa27ac04c43cab85c280eb2e?s=96&d=mm&r=pg\",\"caption\":\"Kul\"},\"logo\":{\"@id\":\"https:\/\/sandzakpress.net\/arhiva\/#\/schema\/person\/image\/\"}},{\"@type\":\"Person\",\"@id\":\"\",\"url\":\"https:\/\/sandzakpress.net\/arhiva\/author\/\"}]}<\/script>\n<!-- \/ Yoast SEO Premium plugin. -->","yoast_head_json":{"title":"U medresi \u201cMehmed Fatih\u201d odr\u017ean okrugli sto \u201cCrna Gora u doba Osmanlija i nakon toga\u201d","robots":{"index":"index","follow":"follow","max-snippet":"max-snippet:-1","max-image-preview":"max-image-preview:large","max-video-preview":"max-video-preview:-1"},"canonical":"https:\/\/sandzakpress.net\/arhiva\/u-medresi-\u201cmehmed-fatih\u201d-odrzan-okrugli-sto-\u201ccrna-gora-u-doba-osmanlija-i-nakon-toga\u201d\/","og_locale":"bs_BA","og_type":"article","og_title":"U medresi \u201cMehmed Fatih\u201d odr\u017ean okrugli sto \u201cCrna Gora u doba Osmanlija i nakon toga\u201d","og_description":"Ju\u017eni Sand\u017eak &#8211; U organizaciji Islamske zajednice u Crnoj Gori, u \u010detvrtak 20. oktobra 2011. godine u prepunom amfiteatru medrese \u201d Mehmed Fatih\u201d u Podgorici odr\u017ean je okrugli sto na temu \u201cCrna Gora u doba Osmanlija i nakon toga\u201d sa osvrtom na crnogorsko-tursku historiju i njihove odnose na temu. Gosti okruglog stola su bili istaknuti [&hellip;]","og_url":"https:\/\/sandzakpress.net\/arhiva\/u-medresi-\u201cmehmed-fatih\u201d-odrzan-okrugli-sto-\u201ccrna-gora-u-doba-osmanlija-i-nakon-toga\u201d\/","og_site_name":"Sand\u017eak PRESS","article_published_time":"2011-10-27T08:50:22+00:00","og_image":[{"width":300,"height":190,"url":"https:\/\/sandzakpress.net\/arhiva\/wp-content\/uploads\/2011\/10\/okrugli-300x190.jpg","type":"image\/jpeg"}],"twitter_card":"summary_large_image","twitter_misc":{"Written by":"","Est. reading time":"5 minuta"},"schema":{"@context":"https:\/\/schema.org","@graph":[{"@type":"Article","@id":"https:\/\/sandzakpress.net\/arhiva\/u-medresi-%e2%80%9cmehmed-fatih%e2%80%9d-odrzan-okrugli-sto-%e2%80%9ccrna-gora-u-doba-osmanlija-i-nakon-toga%e2%80%9d\/#article","isPartOf":{"@id":"https:\/\/sandzakpress.net\/arhiva\/u-medresi-%e2%80%9cmehmed-fatih%e2%80%9d-odrzan-okrugli-sto-%e2%80%9ccrna-gora-u-doba-osmanlija-i-nakon-toga%e2%80%9d\/"},"author":{"name":"","@id":""},"headline":"U medresi \u201cMehmed Fatih\u201d odr\u017ean okrugli sto \u201cCrna Gora u doba Osmanlija i nakon toga\u201d","datePublished":"2011-10-27T08:50:22+00:00","mainEntityOfPage":{"@id":"https:\/\/sandzakpress.net\/arhiva\/u-medresi-%e2%80%9cmehmed-fatih%e2%80%9d-odrzan-okrugli-sto-%e2%80%9ccrna-gora-u-doba-osmanlija-i-nakon-toga%e2%80%9d\/"},"wordCount":919,"commentCount":0,"publisher":{"@id":"https:\/\/sandzakpress.net\/arhiva\/#\/schema\/person\/6e72b67d6e51910a1117b3b483ba20bd"},"image":{"@id":"https:\/\/sandzakpress.net\/arhiva\/u-medresi-%e2%80%9cmehmed-fatih%e2%80%9d-odrzan-okrugli-sto-%e2%80%9ccrna-gora-u-doba-osmanlija-i-nakon-toga%e2%80%9d\/#primaryimage"},"thumbnailUrl":"https:\/\/sandzakpress.net\/arhiva\/wp-content\/uploads\/2011\/10\/okrugli-300x190.jpg","articleSection":["Ro\u017eaje","Berane","Bijelo Polje","Pljevlja","Obrazovanje","Plav"],"inLanguage":"bs-BA","potentialAction":[{"@type":"CommentAction","name":"Comment","target":["https:\/\/sandzakpress.net\/arhiva\/u-medresi-%e2%80%9cmehmed-fatih%e2%80%9d-odrzan-okrugli-sto-%e2%80%9ccrna-gora-u-doba-osmanlija-i-nakon-toga%e2%80%9d\/#respond"]}]},{"@type":"WebPage","@id":"https:\/\/sandzakpress.net\/arhiva\/u-medresi-%e2%80%9cmehmed-fatih%e2%80%9d-odrzan-okrugli-sto-%e2%80%9ccrna-gora-u-doba-osmanlija-i-nakon-toga%e2%80%9d\/","url":"https:\/\/sandzakpress.net\/arhiva\/u-medresi-%e2%80%9cmehmed-fatih%e2%80%9d-odrzan-okrugli-sto-%e2%80%9ccrna-gora-u-doba-osmanlija-i-nakon-toga%e2%80%9d\/","name":"U medresi \u201cMehmed Fatih\u201d odr\u017ean okrugli sto \u201cCrna Gora u doba Osmanlija i nakon toga\u201d","isPartOf":{"@id":"https:\/\/sandzakpress.net\/arhiva\/#website"},"primaryImageOfPage":{"@id":"https:\/\/sandzakpress.net\/arhiva\/u-medresi-%e2%80%9cmehmed-fatih%e2%80%9d-odrzan-okrugli-sto-%e2%80%9ccrna-gora-u-doba-osmanlija-i-nakon-toga%e2%80%9d\/#primaryimage"},"image":{"@id":"https:\/\/sandzakpress.net\/arhiva\/u-medresi-%e2%80%9cmehmed-fatih%e2%80%9d-odrzan-okrugli-sto-%e2%80%9ccrna-gora-u-doba-osmanlija-i-nakon-toga%e2%80%9d\/#primaryimage"},"thumbnailUrl":"https:\/\/sandzakpress.net\/arhiva\/wp-content\/uploads\/2011\/10\/okrugli-300x190.jpg","datePublished":"2011-10-27T08:50:22+00:00","breadcrumb":{"@id":"https:\/\/sandzakpress.net\/arhiva\/u-medresi-%e2%80%9cmehmed-fatih%e2%80%9d-odrzan-okrugli-sto-%e2%80%9ccrna-gora-u-doba-osmanlija-i-nakon-toga%e2%80%9d\/#breadcrumb"},"inLanguage":"bs-BA","potentialAction":[{"@type":"ReadAction","target":["https:\/\/sandzakpress.net\/arhiva\/u-medresi-%e2%80%9cmehmed-fatih%e2%80%9d-odrzan-okrugli-sto-%e2%80%9ccrna-gora-u-doba-osmanlija-i-nakon-toga%e2%80%9d\/"]}]},{"@type":"ImageObject","inLanguage":"bs-BA","@id":"https:\/\/sandzakpress.net\/arhiva\/u-medresi-%e2%80%9cmehmed-fatih%e2%80%9d-odrzan-okrugli-sto-%e2%80%9ccrna-gora-u-doba-osmanlija-i-nakon-toga%e2%80%9d\/#primaryimage","url":"https:\/\/sandzakpress.net\/arhiva\/wp-content\/uploads\/2011\/10\/okrugli-300x190.jpg","contentUrl":"https:\/\/sandzakpress.net\/arhiva\/wp-content\/uploads\/2011\/10\/okrugli-300x190.jpg","width":300,"height":190},{"@type":"BreadcrumbList","@id":"https:\/\/sandzakpress.net\/arhiva\/u-medresi-%e2%80%9cmehmed-fatih%e2%80%9d-odrzan-okrugli-sto-%e2%80%9ccrna-gora-u-doba-osmanlija-i-nakon-toga%e2%80%9d\/#breadcrumb","itemListElement":[{"@type":"ListItem","position":1,"name":"Home","item":"https:\/\/sandzakpress.net\/arhiva\/"},{"@type":"ListItem","position":2,"name":"U medresi \u201cMehmed Fatih\u201d odr\u017ean okrugli sto \u201cCrna Gora u doba Osmanlija i nakon toga\u201d"}]},{"@type":"WebSite","@id":"https:\/\/sandzakpress.net\/arhiva\/#website","url":"https:\/\/sandzakpress.net\/arhiva\/","name":"Sand\u017eak PRESS","description":"Prve elektronske novine u Sand\u017eaku","publisher":{"@id":"https:\/\/sandzakpress.net\/arhiva\/#\/schema\/person\/6e72b67d6e51910a1117b3b483ba20bd"},"potentialAction":[{"@type":"SearchAction","target":{"@type":"EntryPoint","urlTemplate":"https:\/\/sandzakpress.net\/arhiva\/?s={search_term_string}"},"query-input":{"@type":"PropertyValueSpecification","valueRequired":true,"valueName":"search_term_string"}}],"inLanguage":"bs-BA"},{"@type":["Person","Organization"],"@id":"https:\/\/sandzakpress.net\/arhiva\/#\/schema\/person\/6e72b67d6e51910a1117b3b483ba20bd","name":"Kul","image":{"@type":"ImageObject","inLanguage":"bs-BA","@id":"https:\/\/sandzakpress.net\/arhiva\/#\/schema\/person\/image\/","url":"https:\/\/secure.gravatar.com\/avatar\/42263f39aa27ac04c43cab85c280eb2e?s=96&d=mm&r=pg","contentUrl":"https:\/\/secure.gravatar.com\/avatar\/42263f39aa27ac04c43cab85c280eb2e?s=96&d=mm&r=pg","caption":"Kul"},"logo":{"@id":"https:\/\/sandzakpress.net\/arhiva\/#\/schema\/person\/image\/"}},{"@type":"Person","@id":"","url":"https:\/\/sandzakpress.net\/arhiva\/author\/"}]}},"_links":{"self":[{"href":"https:\/\/sandzakpress.net\/arhiva\/wp-json\/wp\/v2\/posts\/22383"}],"collection":[{"href":"https:\/\/sandzakpress.net\/arhiva\/wp-json\/wp\/v2\/posts"}],"about":[{"href":"https:\/\/sandzakpress.net\/arhiva\/wp-json\/wp\/v2\/types\/post"}],"author":[{"embeddable":true,"href":"https:\/\/sandzakpress.net\/arhiva\/wp-json\/wp\/v2\/users\/13"}],"replies":[{"embeddable":true,"href":"https:\/\/sandzakpress.net\/arhiva\/wp-json\/wp\/v2\/comments?post=22383"}],"version-history":[{"count":0,"href":"https:\/\/sandzakpress.net\/arhiva\/wp-json\/wp\/v2\/posts\/22383\/revisions"}],"wp:featuredmedia":[{"embeddable":true,"href":"https:\/\/sandzakpress.net\/arhiva\/wp-json\/wp\/v2\/media\/22384"}],"wp:attachment":[{"href":"https:\/\/sandzakpress.net\/arhiva\/wp-json\/wp\/v2\/media?parent=22383"}],"wp:term":[{"taxonomy":"category","embeddable":true,"href":"https:\/\/sandzakpress.net\/arhiva\/wp-json\/wp\/v2\/categories?post=22383"},{"taxonomy":"post_tag","embeddable":true,"href":"https:\/\/sandzakpress.net\/arhiva\/wp-json\/wp\/v2\/tags?post=22383"}],"curies":[{"name":"wp","href":"https:\/\/api.w.org\/{rel}","templated":true}]}}