{"id":2238,"date":"2010-02-16T22:55:26","date_gmt":"2010-02-16T21:55:26","guid":{"rendered":"https:\/\/sandzakpress.net\/arhiva\/?p=2238"},"modified":"2010-02-16T22:55:26","modified_gmt":"2010-02-16T21:55:26","slug":"otvorena-kancelarija-bkz-a-u-tutinu","status":"publish","type":"post","link":"https:\/\/sandzakpress.net\/arhiva\/otvorena-kancelarija-bkz-a-u-tutinu\/","title":{"rendered":"Otvorena kancelarija BKZ-a u Tutinu"},"content":{"rendered":"<p><strong><a href=\"https:\/\/sandzakpress.net\/arhiva\/wp-content\/uploads\/2010\/02\/bkz-tutin.jpg\"><img loading=\"lazy\" decoding=\"async\" class=\"alignleft size-medium wp-image-2239\" title=\"bkz tutin\" src=\"https:\/\/sandzakpress.net\/arhiva\/wp-content\/uploads\/2010\/02\/bkz-tutin-300x199.jpg\" alt=\"\" width=\"300\" height=\"199\" \/><\/a>Otvorena je Kancelarija Bo\u0161nj\u010dke kulturne zajednice. Organizacija pod imenom Bo\u0161nja\u010dka kulturna zajednica osnovana je sa sjedi\u0161tem u Novom Pazaru, \u010diji je cilj organizacije je borba za o\u010duvanje i afirmaciju nacionalnog, kulturnog i vjerskog identiteta Bo\u0161njaka. <\/strong><\/p>\n<p>Poslije otvaranja kancelarije u Novom Pazaru, otvorena je kancelarija u Sarajevu, a danas i u Tutinu. Planiraju se otvoriti kancelarije u Sjenici i drugim sand\u017ea\u010dkim gradovima, a tako\u0111er i u dijaspori gdje je koncetracija Bo\u0161njaka iz Sand\u017eaka najve\u0107a.<\/p>\n<p>Sve\u010danom otvaranju u Tutinu prisustvovao je veliki broj Bo\u0161njaka iz Tutina ali i drugih Sand\u017ea\u010dkih gradova, Novog Pazara, Sjenice, Ro\u017eaja i dr.<\/p>\n<p>Sve\u010danosti je prisustvovala visoka delegacija Bo\u0161nja\u010dke kulturne zajednice: predsjednik dr. Mevlud Dudi\u0107, zamjenik predsjednika mr. Nusret Nicevi\u0107, potpredsjednik dr. Rifat Red\u017eovi\u0107, predsjednik skup\u0161tine hfz. dr. Almir Pramenkovi\u0107, potpredsjednik skup\u0161tine Sead \u0160a\u0107irovi\u0107, i dr.<\/p>\n<p>Prisutnima se na po\u010detku obratio mr. Nicevi\u0107, zatim predsjednik skup\u0161tine hfz.dr. Pramenkovi\u0107. Na kraju se obratio i predsjednik Bo\u0161nja\u010dke kulturne zajednice dr. Mevlud Dudi\u0107. U svom izlaganju predsjednik organizacije je pozvao sve gra\u0111ane da se upi\u0161u u poseban bira\u010dki spisak. On je naglasio da BKZ nije politi\u010dka partija ve\u0107 kulturna zajednica, te pozvao sve da ne nasijedaju na pri\u010de i provokacije onih koji ne rade za dobrobit Bo\u0161njaka.<\/p>\n<p>Svi govornici su naglasili da \u0107e se Bo\u0161nja\u010dka kulturna zajednica uklju\u010diti u izbore za Nacionalne savjete i time dati svoj doprinos o\u010duvanju i afirmaciji nacionalnog, kulturnog i vjerskog identiteta Bo\u0161njaka. Kancelarija Bo\u0161nja\u010dke kulturne zajednice u Tutinu se nalazi u ulici 7. Jula bb, a menad\u017eer kancelarije je Omer ef. \u0110ondi\u0107.<\/p>\n<p>Izvor: <strong>www.BKZ.rs<\/strong><\/p>\n","protected":false},"excerpt":{"rendered":"<p>Otvorena je Kancelarija Bo\u0161nj\u010dke kulturne zajednice. Organizacija pod imenom Bo\u0161nja\u010dka kulturna zajednica osnovana je sa sjedi\u0161tem u Novom Pazaru, \u010diji je cilj organizacije je borba za o\u010duvanje i afirmaciju nacionalnog, kulturnog i vjerskog identiteta Bo\u0161njaka. Poslije otvaranja kancelarije u Novom Pazaru, otvorena je kancelarija u Sarajevu, a danas i u Tutinu. Planiraju se otvoriti kancelarije [&hellip;]<\/p>\n","protected":false},"author":83,"featured_media":2239,"comment_status":"open","ping_status":"open","sticky":false,"template":"","format":"standard","meta":{"footnotes":""},"categories":[16],"tags":[],"class_list":{"0":"post-2238","1":"post","2":"type-post","3":"status-publish","4":"format-standard","5":"has-post-thumbnail","7":"category-novine"},"yoast_head":"<!-- This site is optimized with the Yoast SEO Premium plugin v23.1 (Yoast SEO v24.9) - https:\/\/yoast.com\/wordpress\/plugins\/seo\/ -->\n<title>Otvorena kancelarija BKZ-a u Tutinu<\/title>\n<meta name=\"robots\" content=\"index, follow, max-snippet:-1, max-image-preview:large, max-video-preview:-1\" \/>\n<link rel=\"canonical\" href=\"https:\/\/sandzakpress.net\/arhiva\/otvorena-kancelarija-bkz-a-u-tutinu\/\" \/>\n<meta property=\"og:locale\" content=\"bs_BA\" \/>\n<meta property=\"og:type\" content=\"article\" \/>\n<meta property=\"og:title\" content=\"Otvorena kancelarija BKZ-a u Tutinu\" \/>\n<meta property=\"og:description\" content=\"Otvorena je Kancelarija Bo\u0161nj\u010dke kulturne zajednice. Organizacija pod imenom Bo\u0161nja\u010dka kulturna zajednica osnovana je sa sjedi\u0161tem u Novom Pazaru, \u010diji je cilj organizacije je borba za o\u010duvanje i afirmaciju nacionalnog, kulturnog i vjerskog identiteta Bo\u0161njaka. Poslije otvaranja kancelarije u Novom Pazaru, otvorena je kancelarija u Sarajevu, a danas i u Tutinu. Planiraju se otvoriti kancelarije [&hellip;]\" \/>\n<meta property=\"og:url\" content=\"https:\/\/sandzakpress.net\/arhiva\/otvorena-kancelarija-bkz-a-u-tutinu\/\" \/>\n<meta property=\"og:site_name\" content=\"Sand\u017eak PRESS\" \/>\n<meta property=\"article:published_time\" content=\"2010-02-16T21:55:26+00:00\" \/>\n<meta property=\"og:image\" content=\"https:\/\/sandzakpress.net\/arhiva\/wp-content\/uploads\/2010\/02\/bkz-tutin.jpg\" \/>\n\t<meta property=\"og:image:width\" content=\"600\" \/>\n\t<meta property=\"og:image:height\" content=\"399\" \/>\n\t<meta property=\"og:image:type\" content=\"image\/jpeg\" \/>\n<meta name=\"author\" content=\"bosniak\" \/>\n<meta name=\"twitter:card\" content=\"summary_large_image\" \/>\n<meta name=\"twitter:label1\" content=\"Written by\" \/>\n\t<meta name=\"twitter:data1\" content=\"bosniak\" \/>\n\t<meta name=\"twitter:label2\" content=\"Est. reading time\" \/>\n\t<meta name=\"twitter:data2\" content=\"1 minuta\" \/>\n<script type=\"application\/ld+json\" class=\"yoast-schema-graph\">{\"@context\":\"https:\/\/schema.org\",\"@graph\":[{\"@type\":\"Article\",\"@id\":\"https:\/\/sandzakpress.net\/arhiva\/otvorena-kancelarija-bkz-a-u-tutinu\/#article\",\"isPartOf\":{\"@id\":\"https:\/\/sandzakpress.net\/arhiva\/otvorena-kancelarija-bkz-a-u-tutinu\/\"},\"author\":{\"name\":\"bosniak\",\"@id\":\"https:\/\/sandzakpress.net\/arhiva\/#\/schema\/person\/c8baee722073534b583ea7bdb2e36c02\"},\"headline\":\"Otvorena kancelarija BKZ-a u Tutinu\",\"datePublished\":\"2010-02-16T21:55:26+00:00\",\"mainEntityOfPage\":{\"@id\":\"https:\/\/sandzakpress.net\/arhiva\/otvorena-kancelarija-bkz-a-u-tutinu\/\"},\"wordCount\":298,\"commentCount\":0,\"publisher\":{\"@id\":\"https:\/\/sandzakpress.net\/arhiva\/#\/schema\/person\/6e72b67d6e51910a1117b3b483ba20bd\"},\"image\":{\"@id\":\"https:\/\/sandzakpress.net\/arhiva\/otvorena-kancelarija-bkz-a-u-tutinu\/#primaryimage\"},\"thumbnailUrl\":\"https:\/\/sandzakpress.net\/arhiva\/wp-content\/uploads\/2010\/02\/bkz-tutin.jpg\",\"articleSection\":[\"Novine\"],\"inLanguage\":\"bs-BA\",\"potentialAction\":[{\"@type\":\"CommentAction\",\"name\":\"Comment\",\"target\":[\"https:\/\/sandzakpress.net\/arhiva\/otvorena-kancelarija-bkz-a-u-tutinu\/#respond\"]}]},{\"@type\":\"WebPage\",\"@id\":\"https:\/\/sandzakpress.net\/arhiva\/otvorena-kancelarija-bkz-a-u-tutinu\/\",\"url\":\"https:\/\/sandzakpress.net\/arhiva\/otvorena-kancelarija-bkz-a-u-tutinu\/\",\"name\":\"Otvorena kancelarija BKZ-a u Tutinu\",\"isPartOf\":{\"@id\":\"https:\/\/sandzakpress.net\/arhiva\/#website\"},\"primaryImageOfPage\":{\"@id\":\"https:\/\/sandzakpress.net\/arhiva\/otvorena-kancelarija-bkz-a-u-tutinu\/#primaryimage\"},\"image\":{\"@id\":\"https:\/\/sandzakpress.net\/arhiva\/otvorena-kancelarija-bkz-a-u-tutinu\/#primaryimage\"},\"thumbnailUrl\":\"https:\/\/sandzakpress.net\/arhiva\/wp-content\/uploads\/2010\/02\/bkz-tutin.jpg\",\"datePublished\":\"2010-02-16T21:55:26+00:00\",\"breadcrumb\":{\"@id\":\"https:\/\/sandzakpress.net\/arhiva\/otvorena-kancelarija-bkz-a-u-tutinu\/#breadcrumb\"},\"inLanguage\":\"bs-BA\",\"potentialAction\":[{\"@type\":\"ReadAction\",\"target\":[\"https:\/\/sandzakpress.net\/arhiva\/otvorena-kancelarija-bkz-a-u-tutinu\/\"]}]},{\"@type\":\"ImageObject\",\"inLanguage\":\"bs-BA\",\"@id\":\"https:\/\/sandzakpress.net\/arhiva\/otvorena-kancelarija-bkz-a-u-tutinu\/#primaryimage\",\"url\":\"https:\/\/sandzakpress.net\/arhiva\/wp-content\/uploads\/2010\/02\/bkz-tutin.jpg\",\"contentUrl\":\"https:\/\/sandzakpress.net\/arhiva\/wp-content\/uploads\/2010\/02\/bkz-tutin.jpg\",\"width\":600,\"height\":399},{\"@type\":\"BreadcrumbList\",\"@id\":\"https:\/\/sandzakpress.net\/arhiva\/otvorena-kancelarija-bkz-a-u-tutinu\/#breadcrumb\",\"itemListElement\":[{\"@type\":\"ListItem\",\"position\":1,\"name\":\"Home\",\"item\":\"https:\/\/sandzakpress.net\/arhiva\/\"},{\"@type\":\"ListItem\",\"position\":2,\"name\":\"Otvorena kancelarija BKZ-a u Tutinu\"}]},{\"@type\":\"WebSite\",\"@id\":\"https:\/\/sandzakpress.net\/arhiva\/#website\",\"url\":\"https:\/\/sandzakpress.net\/arhiva\/\",\"name\":\"Sand\u017eak PRESS\",\"description\":\"Prve elektronske novine u Sand\u017eaku\",\"publisher\":{\"@id\":\"https:\/\/sandzakpress.net\/arhiva\/#\/schema\/person\/6e72b67d6e51910a1117b3b483ba20bd\"},\"potentialAction\":[{\"@type\":\"SearchAction\",\"target\":{\"@type\":\"EntryPoint\",\"urlTemplate\":\"https:\/\/sandzakpress.net\/arhiva\/?s={search_term_string}\"},\"query-input\":{\"@type\":\"PropertyValueSpecification\",\"valueRequired\":true,\"valueName\":\"search_term_string\"}}],\"inLanguage\":\"bs-BA\"},{\"@type\":[\"Person\",\"Organization\"],\"@id\":\"https:\/\/sandzakpress.net\/arhiva\/#\/schema\/person\/6e72b67d6e51910a1117b3b483ba20bd\",\"name\":\"Kul\",\"image\":{\"@type\":\"ImageObject\",\"inLanguage\":\"bs-BA\",\"@id\":\"https:\/\/sandzakpress.net\/arhiva\/#\/schema\/person\/image\/\",\"url\":\"https:\/\/secure.gravatar.com\/avatar\/42263f39aa27ac04c43cab85c280eb2e?s=96&d=mm&r=pg\",\"contentUrl\":\"https:\/\/secure.gravatar.com\/avatar\/42263f39aa27ac04c43cab85c280eb2e?s=96&d=mm&r=pg\",\"caption\":\"Kul\"},\"logo\":{\"@id\":\"https:\/\/sandzakpress.net\/arhiva\/#\/schema\/person\/image\/\"}},{\"@type\":\"Person\",\"@id\":\"https:\/\/sandzakpress.net\/arhiva\/#\/schema\/person\/c8baee722073534b583ea7bdb2e36c02\",\"name\":\"bosniak\",\"image\":{\"@type\":\"ImageObject\",\"inLanguage\":\"bs-BA\",\"@id\":\"https:\/\/sandzakpress.net\/arhiva\/#\/schema\/person\/image\/\",\"url\":\"https:\/\/secure.gravatar.com\/avatar\/a04fd330bfe3a36a72a0ad4a6d89fca7?s=96&d=mm&r=pg\",\"contentUrl\":\"https:\/\/secure.gravatar.com\/avatar\/a04fd330bfe3a36a72a0ad4a6d89fca7?s=96&d=mm&r=pg\",\"caption\":\"bosniak\"},\"url\":\"https:\/\/sandzakpress.net\/arhiva\/author\/bosniak\/\"}]}<\/script>\n<!-- \/ Yoast SEO Premium plugin. -->","yoast_head_json":{"title":"Otvorena kancelarija BKZ-a u Tutinu","robots":{"index":"index","follow":"follow","max-snippet":"max-snippet:-1","max-image-preview":"max-image-preview:large","max-video-preview":"max-video-preview:-1"},"canonical":"https:\/\/sandzakpress.net\/arhiva\/otvorena-kancelarija-bkz-a-u-tutinu\/","og_locale":"bs_BA","og_type":"article","og_title":"Otvorena kancelarija BKZ-a u Tutinu","og_description":"Otvorena je Kancelarija Bo\u0161nj\u010dke kulturne zajednice. Organizacija pod imenom Bo\u0161nja\u010dka kulturna zajednica osnovana je sa sjedi\u0161tem u Novom Pazaru, \u010diji je cilj organizacije je borba za o\u010duvanje i afirmaciju nacionalnog, kulturnog i vjerskog identiteta Bo\u0161njaka. Poslije otvaranja kancelarije u Novom Pazaru, otvorena je kancelarija u Sarajevu, a danas i u Tutinu. Planiraju se otvoriti kancelarije [&hellip;]","og_url":"https:\/\/sandzakpress.net\/arhiva\/otvorena-kancelarija-bkz-a-u-tutinu\/","og_site_name":"Sand\u017eak PRESS","article_published_time":"2010-02-16T21:55:26+00:00","og_image":[{"width":600,"height":399,"url":"https:\/\/sandzakpress.net\/arhiva\/wp-content\/uploads\/2010\/02\/bkz-tutin.jpg","type":"image\/jpeg"}],"author":"bosniak","twitter_card":"summary_large_image","twitter_misc":{"Written by":"bosniak","Est. reading time":"1 minuta"},"schema":{"@context":"https:\/\/schema.org","@graph":[{"@type":"Article","@id":"https:\/\/sandzakpress.net\/arhiva\/otvorena-kancelarija-bkz-a-u-tutinu\/#article","isPartOf":{"@id":"https:\/\/sandzakpress.net\/arhiva\/otvorena-kancelarija-bkz-a-u-tutinu\/"},"author":{"name":"bosniak","@id":"https:\/\/sandzakpress.net\/arhiva\/#\/schema\/person\/c8baee722073534b583ea7bdb2e36c02"},"headline":"Otvorena kancelarija BKZ-a u Tutinu","datePublished":"2010-02-16T21:55:26+00:00","mainEntityOfPage":{"@id":"https:\/\/sandzakpress.net\/arhiva\/otvorena-kancelarija-bkz-a-u-tutinu\/"},"wordCount":298,"commentCount":0,"publisher":{"@id":"https:\/\/sandzakpress.net\/arhiva\/#\/schema\/person\/6e72b67d6e51910a1117b3b483ba20bd"},"image":{"@id":"https:\/\/sandzakpress.net\/arhiva\/otvorena-kancelarija-bkz-a-u-tutinu\/#primaryimage"},"thumbnailUrl":"https:\/\/sandzakpress.net\/arhiva\/wp-content\/uploads\/2010\/02\/bkz-tutin.jpg","articleSection":["Novine"],"inLanguage":"bs-BA","potentialAction":[{"@type":"CommentAction","name":"Comment","target":["https:\/\/sandzakpress.net\/arhiva\/otvorena-kancelarija-bkz-a-u-tutinu\/#respond"]}]},{"@type":"WebPage","@id":"https:\/\/sandzakpress.net\/arhiva\/otvorena-kancelarija-bkz-a-u-tutinu\/","url":"https:\/\/sandzakpress.net\/arhiva\/otvorena-kancelarija-bkz-a-u-tutinu\/","name":"Otvorena kancelarija BKZ-a u Tutinu","isPartOf":{"@id":"https:\/\/sandzakpress.net\/arhiva\/#website"},"primaryImageOfPage":{"@id":"https:\/\/sandzakpress.net\/arhiva\/otvorena-kancelarija-bkz-a-u-tutinu\/#primaryimage"},"image":{"@id":"https:\/\/sandzakpress.net\/arhiva\/otvorena-kancelarija-bkz-a-u-tutinu\/#primaryimage"},"thumbnailUrl":"https:\/\/sandzakpress.net\/arhiva\/wp-content\/uploads\/2010\/02\/bkz-tutin.jpg","datePublished":"2010-02-16T21:55:26+00:00","breadcrumb":{"@id":"https:\/\/sandzakpress.net\/arhiva\/otvorena-kancelarija-bkz-a-u-tutinu\/#breadcrumb"},"inLanguage":"bs-BA","potentialAction":[{"@type":"ReadAction","target":["https:\/\/sandzakpress.net\/arhiva\/otvorena-kancelarija-bkz-a-u-tutinu\/"]}]},{"@type":"ImageObject","inLanguage":"bs-BA","@id":"https:\/\/sandzakpress.net\/arhiva\/otvorena-kancelarija-bkz-a-u-tutinu\/#primaryimage","url":"https:\/\/sandzakpress.net\/arhiva\/wp-content\/uploads\/2010\/02\/bkz-tutin.jpg","contentUrl":"https:\/\/sandzakpress.net\/arhiva\/wp-content\/uploads\/2010\/02\/bkz-tutin.jpg","width":600,"height":399},{"@type":"BreadcrumbList","@id":"https:\/\/sandzakpress.net\/arhiva\/otvorena-kancelarija-bkz-a-u-tutinu\/#breadcrumb","itemListElement":[{"@type":"ListItem","position":1,"name":"Home","item":"https:\/\/sandzakpress.net\/arhiva\/"},{"@type":"ListItem","position":2,"name":"Otvorena kancelarija BKZ-a u Tutinu"}]},{"@type":"WebSite","@id":"https:\/\/sandzakpress.net\/arhiva\/#website","url":"https:\/\/sandzakpress.net\/arhiva\/","name":"Sand\u017eak PRESS","description":"Prve elektronske novine u Sand\u017eaku","publisher":{"@id":"https:\/\/sandzakpress.net\/arhiva\/#\/schema\/person\/6e72b67d6e51910a1117b3b483ba20bd"},"potentialAction":[{"@type":"SearchAction","target":{"@type":"EntryPoint","urlTemplate":"https:\/\/sandzakpress.net\/arhiva\/?s={search_term_string}"},"query-input":{"@type":"PropertyValueSpecification","valueRequired":true,"valueName":"search_term_string"}}],"inLanguage":"bs-BA"},{"@type":["Person","Organization"],"@id":"https:\/\/sandzakpress.net\/arhiva\/#\/schema\/person\/6e72b67d6e51910a1117b3b483ba20bd","name":"Kul","image":{"@type":"ImageObject","inLanguage":"bs-BA","@id":"https:\/\/sandzakpress.net\/arhiva\/#\/schema\/person\/image\/","url":"https:\/\/secure.gravatar.com\/avatar\/42263f39aa27ac04c43cab85c280eb2e?s=96&d=mm&r=pg","contentUrl":"https:\/\/secure.gravatar.com\/avatar\/42263f39aa27ac04c43cab85c280eb2e?s=96&d=mm&r=pg","caption":"Kul"},"logo":{"@id":"https:\/\/sandzakpress.net\/arhiva\/#\/schema\/person\/image\/"}},{"@type":"Person","@id":"https:\/\/sandzakpress.net\/arhiva\/#\/schema\/person\/c8baee722073534b583ea7bdb2e36c02","name":"bosniak","image":{"@type":"ImageObject","inLanguage":"bs-BA","@id":"https:\/\/sandzakpress.net\/arhiva\/#\/schema\/person\/image\/","url":"https:\/\/secure.gravatar.com\/avatar\/a04fd330bfe3a36a72a0ad4a6d89fca7?s=96&d=mm&r=pg","contentUrl":"https:\/\/secure.gravatar.com\/avatar\/a04fd330bfe3a36a72a0ad4a6d89fca7?s=96&d=mm&r=pg","caption":"bosniak"},"url":"https:\/\/sandzakpress.net\/arhiva\/author\/bosniak\/"}]}},"_links":{"self":[{"href":"https:\/\/sandzakpress.net\/arhiva\/wp-json\/wp\/v2\/posts\/2238"}],"collection":[{"href":"https:\/\/sandzakpress.net\/arhiva\/wp-json\/wp\/v2\/posts"}],"about":[{"href":"https:\/\/sandzakpress.net\/arhiva\/wp-json\/wp\/v2\/types\/post"}],"author":[{"embeddable":true,"href":"https:\/\/sandzakpress.net\/arhiva\/wp-json\/wp\/v2\/users\/83"}],"replies":[{"embeddable":true,"href":"https:\/\/sandzakpress.net\/arhiva\/wp-json\/wp\/v2\/comments?post=2238"}],"version-history":[{"count":0,"href":"https:\/\/sandzakpress.net\/arhiva\/wp-json\/wp\/v2\/posts\/2238\/revisions"}],"wp:featuredmedia":[{"embeddable":true,"href":"https:\/\/sandzakpress.net\/arhiva\/wp-json\/wp\/v2\/media\/2239"}],"wp:attachment":[{"href":"https:\/\/sandzakpress.net\/arhiva\/wp-json\/wp\/v2\/media?parent=2238"}],"wp:term":[{"taxonomy":"category","embeddable":true,"href":"https:\/\/sandzakpress.net\/arhiva\/wp-json\/wp\/v2\/categories?post=2238"},{"taxonomy":"post_tag","embeddable":true,"href":"https:\/\/sandzakpress.net\/arhiva\/wp-json\/wp\/v2\/tags?post=2238"}],"curies":[{"name":"wp","href":"https:\/\/api.w.org\/{rel}","templated":true}]}}