{"id":223748,"date":"2019-05-22T14:12:35","date_gmt":"2019-05-22T12:12:35","guid":{"rendered":"https:\/\/sandzakpress.net\/arhiva\/?p=223748"},"modified":"2019-05-22T14:12:35","modified_gmt":"2019-05-22T12:12:35","slug":"u-autobusu-iz-novog-pazara-torba-puna-oruzja-uhapsena-jedna-osoba","status":"publish","type":"post","link":"https:\/\/sandzakpress.net\/arhiva\/u-autobusu-iz-novog-pazara-torba-puna-oruzja-uhapsena-jedna-osoba\/","title":{"rendered":"U autobusu iz Novog Pazara torba puna oru\u017eja: Uhap\u0161ena jedna osoba"},"content":{"rendered":"<p><img decoding=\"async\" class=\"aligncenter\" src=\"https:\/\/www.sandzaklive.rs\/images\/0\/sawdecrtzjhwertghzjuj.png\" alt=\"sawdecrtzjhwertghzjuj\" \/><\/p>\n<p><strong>Njema\u010dka policija saop\u0107ila je da su slu\u017ebenici mobilne jedinice\u00a0Glavne carinarnice u Berlinu\u00a0u subotu otkrili zna\u010dajne koli\u010dine oru\u017eja.<\/strong><\/p>\n<p>Oni su oko 20.50 sati na berlinskoj autoceste 113 zaustavili autobus koji je prevozio putnike iz\u00a0Novog Pazara\u00a0u \u0161vedski\u00a0G\u00f6teborg.<\/p>\n<p>Tokom intenzivne provjere putni\u010dkog prtljaga, carinici su u putnoj torbi \u0161vedskog dr\u017eavljanina prona\u0161li dvije juri\u0161ne pu\u0161ke\u00a0(Kala\u0161njikov)\u00a0i\u00a0pumpericu.\u00a0U prtlja\u017eniku iznad sjedi\u0161ta pomenutog putnika carinici su otkrili jo\u0161 dva pi\u0161tolja umotana u d\u017eemper!<\/p>\n<p>Oru\u017eje je oduzeto, a 23-godi\u0161nji \u0161vedski dr\u017eavljanin uhap\u0161en.\u00a0Nakon provjere, ostali putnici mogli su nastaviti put.<\/p>\n","protected":false},"excerpt":{"rendered":"<p>Njema\u010dka policija saop\u0107ila je da su slu\u017ebenici mobilne jedinice\u00a0Glavne carinarnice u Berlinu\u00a0u subotu otkrili zna\u010dajne koli\u010dine oru\u017eja. Oni su oko 20.50 sati na berlinskoj autoceste 113 zaustavili autobus koji je prevozio putnike iz\u00a0Novog Pazara\u00a0u \u0161vedski\u00a0G\u00f6teborg. Tokom intenzivne provjere putni\u010dkog prtljaga, carinici su u putnoj torbi \u0161vedskog dr\u017eavljanina prona\u0161li dvije juri\u0161ne pu\u0161ke\u00a0(Kala\u0161njikov)\u00a0i\u00a0pumpericu.\u00a0U prtlja\u017eniku iznad sjedi\u0161ta pomenutog [&hellip;]<\/p>\n","protected":false},"author":509,"featured_media":223755,"comment_status":"open","ping_status":"open","sticky":false,"template":"","format":"standard","meta":{"footnotes":""},"categories":[72,9538,9543,801,8957],"tags":[],"class_list":{"0":"post-223748","1":"post","2":"type-post","3":"status-publish","4":"format-standard","5":"has-post-thumbnail","7":"category-novi-pazar","8":"category-njemacka-dijaspora-gradovi-vase-vijesti","9":"category-svedska-dijaspora-gradovi-vase-vijesti","10":"category-crna_hronika","11":"category-vijesti-dana"},"yoast_head":"<!-- This site is optimized with the Yoast SEO Premium plugin v23.1 (Yoast SEO v24.9) - https:\/\/yoast.com\/wordpress\/plugins\/seo\/ -->\n<title>U autobusu iz Novog Pazara torba puna oru\u017eja: Uhap\u0161ena jedna osoba<\/title>\n<meta name=\"robots\" content=\"index, follow, max-snippet:-1, max-image-preview:large, max-video-preview:-1\" \/>\n<link rel=\"canonical\" href=\"https:\/\/sandzakpress.net\/arhiva\/u-autobusu-iz-novog-pazara-torba-puna-oruzja-uhapsena-jedna-osoba\/\" \/>\n<meta property=\"og:locale\" content=\"bs_BA\" \/>\n<meta property=\"og:type\" content=\"article\" \/>\n<meta property=\"og:title\" content=\"U autobusu iz Novog Pazara torba puna oru\u017eja: Uhap\u0161ena jedna osoba\" \/>\n<meta property=\"og:description\" content=\"Njema\u010dka policija saop\u0107ila je da su slu\u017ebenici mobilne jedinice\u00a0Glavne carinarnice u Berlinu\u00a0u subotu otkrili zna\u010dajne koli\u010dine oru\u017eja. Oni su oko 20.50 sati na berlinskoj autoceste 113 zaustavili autobus koji je prevozio putnike iz\u00a0Novog Pazara\u00a0u \u0161vedski\u00a0G\u00f6teborg. Tokom intenzivne provjere putni\u010dkog prtljaga, carinici su u putnoj torbi \u0161vedskog dr\u017eavljanina prona\u0161li dvije juri\u0161ne pu\u0161ke\u00a0(Kala\u0161njikov)\u00a0i\u00a0pumpericu.\u00a0U prtlja\u017eniku iznad sjedi\u0161ta pomenutog [&hellip;]\" \/>\n<meta property=\"og:url\" content=\"https:\/\/sandzakpress.net\/arhiva\/u-autobusu-iz-novog-pazara-torba-puna-oruzja-uhapsena-jedna-osoba\/\" \/>\n<meta property=\"og:site_name\" content=\"Sand\u017eak PRESS\" \/>\n<meta property=\"article:published_time\" content=\"2019-05-22T12:12:35+00:00\" \/>\n<meta property=\"og:image\" content=\"https:\/\/sandzakpress.net\/arhiva\/wp-content\/uploads\/2019\/05\/sawdecrtzjhwertghzjuj.png\" \/>\n\t<meta property=\"og:image:width\" content=\"695\" \/>\n\t<meta property=\"og:image:height\" content=\"472\" \/>\n\t<meta property=\"og:image:type\" content=\"image\/png\" \/>\n<meta name=\"author\" content=\"Agencija\" \/>\n<meta name=\"twitter:card\" content=\"summary_large_image\" \/>\n<meta name=\"twitter:label1\" content=\"Written by\" \/>\n\t<meta name=\"twitter:data1\" content=\"Agencija\" \/>\n\t<meta name=\"twitter:label2\" content=\"Est. reading time\" \/>\n\t<meta name=\"twitter:data2\" content=\"1 minuta\" \/>\n<script type=\"application\/ld+json\" class=\"yoast-schema-graph\">{\"@context\":\"https:\/\/schema.org\",\"@graph\":[{\"@type\":\"Article\",\"@id\":\"https:\/\/sandzakpress.net\/arhiva\/u-autobusu-iz-novog-pazara-torba-puna-oruzja-uhapsena-jedna-osoba\/#article\",\"isPartOf\":{\"@id\":\"https:\/\/sandzakpress.net\/arhiva\/u-autobusu-iz-novog-pazara-torba-puna-oruzja-uhapsena-jedna-osoba\/\"},\"author\":{\"name\":\"Agencija\",\"@id\":\"https:\/\/sandzakpress.net\/arhiva\/#\/schema\/person\/cb59d7e3ab91ab90dd680ad0305a6185\"},\"headline\":\"U autobusu iz Novog Pazara torba puna oru\u017eja: Uhap\u0161ena jedna osoba\",\"datePublished\":\"2019-05-22T12:12:35+00:00\",\"mainEntityOfPage\":{\"@id\":\"https:\/\/sandzakpress.net\/arhiva\/u-autobusu-iz-novog-pazara-torba-puna-oruzja-uhapsena-jedna-osoba\/\"},\"wordCount\":122,\"commentCount\":0,\"publisher\":{\"@id\":\"https:\/\/sandzakpress.net\/arhiva\/#\/schema\/person\/6e72b67d6e51910a1117b3b483ba20bd\"},\"image\":{\"@id\":\"https:\/\/sandzakpress.net\/arhiva\/u-autobusu-iz-novog-pazara-torba-puna-oruzja-uhapsena-jedna-osoba\/#primaryimage\"},\"thumbnailUrl\":\"https:\/\/sandzakpress.net\/arhiva\/wp-content\/uploads\/2019\/05\/sawdecrtzjhwertghzjuj.png\",\"articleSection\":[\"Novi Pazar\",\"Njema\u010dka\",\"\u0160vedska\",\"Hronika\",\"VIJESTI DANA\"],\"inLanguage\":\"bs-BA\",\"potentialAction\":[{\"@type\":\"CommentAction\",\"name\":\"Comment\",\"target\":[\"https:\/\/sandzakpress.net\/arhiva\/u-autobusu-iz-novog-pazara-torba-puna-oruzja-uhapsena-jedna-osoba\/#respond\"]}]},{\"@type\":\"WebPage\",\"@id\":\"https:\/\/sandzakpress.net\/arhiva\/u-autobusu-iz-novog-pazara-torba-puna-oruzja-uhapsena-jedna-osoba\/\",\"url\":\"https:\/\/sandzakpress.net\/arhiva\/u-autobusu-iz-novog-pazara-torba-puna-oruzja-uhapsena-jedna-osoba\/\",\"name\":\"U autobusu iz Novog Pazara torba puna oru\u017eja: Uhap\u0161ena jedna osoba\",\"isPartOf\":{\"@id\":\"https:\/\/sandzakpress.net\/arhiva\/#website\"},\"primaryImageOfPage\":{\"@id\":\"https:\/\/sandzakpress.net\/arhiva\/u-autobusu-iz-novog-pazara-torba-puna-oruzja-uhapsena-jedna-osoba\/#primaryimage\"},\"image\":{\"@id\":\"https:\/\/sandzakpress.net\/arhiva\/u-autobusu-iz-novog-pazara-torba-puna-oruzja-uhapsena-jedna-osoba\/#primaryimage\"},\"thumbnailUrl\":\"https:\/\/sandzakpress.net\/arhiva\/wp-content\/uploads\/2019\/05\/sawdecrtzjhwertghzjuj.png\",\"datePublished\":\"2019-05-22T12:12:35+00:00\",\"breadcrumb\":{\"@id\":\"https:\/\/sandzakpress.net\/arhiva\/u-autobusu-iz-novog-pazara-torba-puna-oruzja-uhapsena-jedna-osoba\/#breadcrumb\"},\"inLanguage\":\"bs-BA\",\"potentialAction\":[{\"@type\":\"ReadAction\",\"target\":[\"https:\/\/sandzakpress.net\/arhiva\/u-autobusu-iz-novog-pazara-torba-puna-oruzja-uhapsena-jedna-osoba\/\"]}]},{\"@type\":\"ImageObject\",\"inLanguage\":\"bs-BA\",\"@id\":\"https:\/\/sandzakpress.net\/arhiva\/u-autobusu-iz-novog-pazara-torba-puna-oruzja-uhapsena-jedna-osoba\/#primaryimage\",\"url\":\"https:\/\/sandzakpress.net\/arhiva\/wp-content\/uploads\/2019\/05\/sawdecrtzjhwertghzjuj.png\",\"contentUrl\":\"https:\/\/sandzakpress.net\/arhiva\/wp-content\/uploads\/2019\/05\/sawdecrtzjhwertghzjuj.png\",\"width\":695,\"height\":472},{\"@type\":\"BreadcrumbList\",\"@id\":\"https:\/\/sandzakpress.net\/arhiva\/u-autobusu-iz-novog-pazara-torba-puna-oruzja-uhapsena-jedna-osoba\/#breadcrumb\",\"itemListElement\":[{\"@type\":\"ListItem\",\"position\":1,\"name\":\"Home\",\"item\":\"https:\/\/sandzakpress.net\/arhiva\/\"},{\"@type\":\"ListItem\",\"position\":2,\"name\":\"U autobusu iz Novog Pazara torba puna oru\u017eja: Uhap\u0161ena jedna osoba\"}]},{\"@type\":\"WebSite\",\"@id\":\"https:\/\/sandzakpress.net\/arhiva\/#website\",\"url\":\"https:\/\/sandzakpress.net\/arhiva\/\",\"name\":\"Sand\u017eak PRESS\",\"description\":\"Prve elektronske novine u Sand\u017eaku\",\"publisher\":{\"@id\":\"https:\/\/sandzakpress.net\/arhiva\/#\/schema\/person\/6e72b67d6e51910a1117b3b483ba20bd\"},\"potentialAction\":[{\"@type\":\"SearchAction\",\"target\":{\"@type\":\"EntryPoint\",\"urlTemplate\":\"https:\/\/sandzakpress.net\/arhiva\/?s={search_term_string}\"},\"query-input\":{\"@type\":\"PropertyValueSpecification\",\"valueRequired\":true,\"valueName\":\"search_term_string\"}}],\"inLanguage\":\"bs-BA\"},{\"@type\":[\"Person\",\"Organization\"],\"@id\":\"https:\/\/sandzakpress.net\/arhiva\/#\/schema\/person\/6e72b67d6e51910a1117b3b483ba20bd\",\"name\":\"Kul\",\"image\":{\"@type\":\"ImageObject\",\"inLanguage\":\"bs-BA\",\"@id\":\"https:\/\/sandzakpress.net\/arhiva\/#\/schema\/person\/image\/\",\"url\":\"https:\/\/secure.gravatar.com\/avatar\/42263f39aa27ac04c43cab85c280eb2e?s=96&d=mm&r=pg\",\"contentUrl\":\"https:\/\/secure.gravatar.com\/avatar\/42263f39aa27ac04c43cab85c280eb2e?s=96&d=mm&r=pg\",\"caption\":\"Kul\"},\"logo\":{\"@id\":\"https:\/\/sandzakpress.net\/arhiva\/#\/schema\/person\/image\/\"}},{\"@type\":\"Person\",\"@id\":\"https:\/\/sandzakpress.net\/arhiva\/#\/schema\/person\/cb59d7e3ab91ab90dd680ad0305a6185\",\"name\":\"Agencija\",\"image\":{\"@type\":\"ImageObject\",\"inLanguage\":\"bs-BA\",\"@id\":\"https:\/\/sandzakpress.net\/arhiva\/#\/schema\/person\/image\/\",\"url\":\"https:\/\/secure.gravatar.com\/avatar\/4b7fafa80a22f0c2afe23966b3961fe0?s=96&d=mm&r=pg\",\"contentUrl\":\"https:\/\/secure.gravatar.com\/avatar\/4b7fafa80a22f0c2afe23966b3961fe0?s=96&d=mm&r=pg\",\"caption\":\"Agencija\"},\"url\":\"https:\/\/sandzakpress.net\/arhiva\/author\/agencija\/\"}]}<\/script>\n<!-- \/ Yoast SEO Premium plugin. -->","yoast_head_json":{"title":"U autobusu iz Novog Pazara torba puna oru\u017eja: Uhap\u0161ena jedna osoba","robots":{"index":"index","follow":"follow","max-snippet":"max-snippet:-1","max-image-preview":"max-image-preview:large","max-video-preview":"max-video-preview:-1"},"canonical":"https:\/\/sandzakpress.net\/arhiva\/u-autobusu-iz-novog-pazara-torba-puna-oruzja-uhapsena-jedna-osoba\/","og_locale":"bs_BA","og_type":"article","og_title":"U autobusu iz Novog Pazara torba puna oru\u017eja: Uhap\u0161ena jedna osoba","og_description":"Njema\u010dka policija saop\u0107ila je da su slu\u017ebenici mobilne jedinice\u00a0Glavne carinarnice u Berlinu\u00a0u subotu otkrili zna\u010dajne koli\u010dine oru\u017eja. Oni su oko 20.50 sati na berlinskoj autoceste 113 zaustavili autobus koji je prevozio putnike iz\u00a0Novog Pazara\u00a0u \u0161vedski\u00a0G\u00f6teborg. Tokom intenzivne provjere putni\u010dkog prtljaga, carinici su u putnoj torbi \u0161vedskog dr\u017eavljanina prona\u0161li dvije juri\u0161ne pu\u0161ke\u00a0(Kala\u0161njikov)\u00a0i\u00a0pumpericu.\u00a0U prtlja\u017eniku iznad sjedi\u0161ta pomenutog [&hellip;]","og_url":"https:\/\/sandzakpress.net\/arhiva\/u-autobusu-iz-novog-pazara-torba-puna-oruzja-uhapsena-jedna-osoba\/","og_site_name":"Sand\u017eak PRESS","article_published_time":"2019-05-22T12:12:35+00:00","og_image":[{"width":695,"height":472,"url":"https:\/\/sandzakpress.net\/arhiva\/wp-content\/uploads\/2019\/05\/sawdecrtzjhwertghzjuj.png","type":"image\/png"}],"author":"Agencija","twitter_card":"summary_large_image","twitter_misc":{"Written by":"Agencija","Est. reading time":"1 minuta"},"schema":{"@context":"https:\/\/schema.org","@graph":[{"@type":"Article","@id":"https:\/\/sandzakpress.net\/arhiva\/u-autobusu-iz-novog-pazara-torba-puna-oruzja-uhapsena-jedna-osoba\/#article","isPartOf":{"@id":"https:\/\/sandzakpress.net\/arhiva\/u-autobusu-iz-novog-pazara-torba-puna-oruzja-uhapsena-jedna-osoba\/"},"author":{"name":"Agencija","@id":"https:\/\/sandzakpress.net\/arhiva\/#\/schema\/person\/cb59d7e3ab91ab90dd680ad0305a6185"},"headline":"U autobusu iz Novog Pazara torba puna oru\u017eja: Uhap\u0161ena jedna osoba","datePublished":"2019-05-22T12:12:35+00:00","mainEntityOfPage":{"@id":"https:\/\/sandzakpress.net\/arhiva\/u-autobusu-iz-novog-pazara-torba-puna-oruzja-uhapsena-jedna-osoba\/"},"wordCount":122,"commentCount":0,"publisher":{"@id":"https:\/\/sandzakpress.net\/arhiva\/#\/schema\/person\/6e72b67d6e51910a1117b3b483ba20bd"},"image":{"@id":"https:\/\/sandzakpress.net\/arhiva\/u-autobusu-iz-novog-pazara-torba-puna-oruzja-uhapsena-jedna-osoba\/#primaryimage"},"thumbnailUrl":"https:\/\/sandzakpress.net\/arhiva\/wp-content\/uploads\/2019\/05\/sawdecrtzjhwertghzjuj.png","articleSection":["Novi Pazar","Njema\u010dka","\u0160vedska","Hronika","VIJESTI DANA"],"inLanguage":"bs-BA","potentialAction":[{"@type":"CommentAction","name":"Comment","target":["https:\/\/sandzakpress.net\/arhiva\/u-autobusu-iz-novog-pazara-torba-puna-oruzja-uhapsena-jedna-osoba\/#respond"]}]},{"@type":"WebPage","@id":"https:\/\/sandzakpress.net\/arhiva\/u-autobusu-iz-novog-pazara-torba-puna-oruzja-uhapsena-jedna-osoba\/","url":"https:\/\/sandzakpress.net\/arhiva\/u-autobusu-iz-novog-pazara-torba-puna-oruzja-uhapsena-jedna-osoba\/","name":"U autobusu iz Novog Pazara torba puna oru\u017eja: Uhap\u0161ena jedna osoba","isPartOf":{"@id":"https:\/\/sandzakpress.net\/arhiva\/#website"},"primaryImageOfPage":{"@id":"https:\/\/sandzakpress.net\/arhiva\/u-autobusu-iz-novog-pazara-torba-puna-oruzja-uhapsena-jedna-osoba\/#primaryimage"},"image":{"@id":"https:\/\/sandzakpress.net\/arhiva\/u-autobusu-iz-novog-pazara-torba-puna-oruzja-uhapsena-jedna-osoba\/#primaryimage"},"thumbnailUrl":"https:\/\/sandzakpress.net\/arhiva\/wp-content\/uploads\/2019\/05\/sawdecrtzjhwertghzjuj.png","datePublished":"2019-05-22T12:12:35+00:00","breadcrumb":{"@id":"https:\/\/sandzakpress.net\/arhiva\/u-autobusu-iz-novog-pazara-torba-puna-oruzja-uhapsena-jedna-osoba\/#breadcrumb"},"inLanguage":"bs-BA","potentialAction":[{"@type":"ReadAction","target":["https:\/\/sandzakpress.net\/arhiva\/u-autobusu-iz-novog-pazara-torba-puna-oruzja-uhapsena-jedna-osoba\/"]}]},{"@type":"ImageObject","inLanguage":"bs-BA","@id":"https:\/\/sandzakpress.net\/arhiva\/u-autobusu-iz-novog-pazara-torba-puna-oruzja-uhapsena-jedna-osoba\/#primaryimage","url":"https:\/\/sandzakpress.net\/arhiva\/wp-content\/uploads\/2019\/05\/sawdecrtzjhwertghzjuj.png","contentUrl":"https:\/\/sandzakpress.net\/arhiva\/wp-content\/uploads\/2019\/05\/sawdecrtzjhwertghzjuj.png","width":695,"height":472},{"@type":"BreadcrumbList","@id":"https:\/\/sandzakpress.net\/arhiva\/u-autobusu-iz-novog-pazara-torba-puna-oruzja-uhapsena-jedna-osoba\/#breadcrumb","itemListElement":[{"@type":"ListItem","position":1,"name":"Home","item":"https:\/\/sandzakpress.net\/arhiva\/"},{"@type":"ListItem","position":2,"name":"U autobusu iz Novog Pazara torba puna oru\u017eja: Uhap\u0161ena jedna osoba"}]},{"@type":"WebSite","@id":"https:\/\/sandzakpress.net\/arhiva\/#website","url":"https:\/\/sandzakpress.net\/arhiva\/","name":"Sand\u017eak PRESS","description":"Prve elektronske novine u Sand\u017eaku","publisher":{"@id":"https:\/\/sandzakpress.net\/arhiva\/#\/schema\/person\/6e72b67d6e51910a1117b3b483ba20bd"},"potentialAction":[{"@type":"SearchAction","target":{"@type":"EntryPoint","urlTemplate":"https:\/\/sandzakpress.net\/arhiva\/?s={search_term_string}"},"query-input":{"@type":"PropertyValueSpecification","valueRequired":true,"valueName":"search_term_string"}}],"inLanguage":"bs-BA"},{"@type":["Person","Organization"],"@id":"https:\/\/sandzakpress.net\/arhiva\/#\/schema\/person\/6e72b67d6e51910a1117b3b483ba20bd","name":"Kul","image":{"@type":"ImageObject","inLanguage":"bs-BA","@id":"https:\/\/sandzakpress.net\/arhiva\/#\/schema\/person\/image\/","url":"https:\/\/secure.gravatar.com\/avatar\/42263f39aa27ac04c43cab85c280eb2e?s=96&d=mm&r=pg","contentUrl":"https:\/\/secure.gravatar.com\/avatar\/42263f39aa27ac04c43cab85c280eb2e?s=96&d=mm&r=pg","caption":"Kul"},"logo":{"@id":"https:\/\/sandzakpress.net\/arhiva\/#\/schema\/person\/image\/"}},{"@type":"Person","@id":"https:\/\/sandzakpress.net\/arhiva\/#\/schema\/person\/cb59d7e3ab91ab90dd680ad0305a6185","name":"Agencija","image":{"@type":"ImageObject","inLanguage":"bs-BA","@id":"https:\/\/sandzakpress.net\/arhiva\/#\/schema\/person\/image\/","url":"https:\/\/secure.gravatar.com\/avatar\/4b7fafa80a22f0c2afe23966b3961fe0?s=96&d=mm&r=pg","contentUrl":"https:\/\/secure.gravatar.com\/avatar\/4b7fafa80a22f0c2afe23966b3961fe0?s=96&d=mm&r=pg","caption":"Agencija"},"url":"https:\/\/sandzakpress.net\/arhiva\/author\/agencija\/"}]}},"_links":{"self":[{"href":"https:\/\/sandzakpress.net\/arhiva\/wp-json\/wp\/v2\/posts\/223748"}],"collection":[{"href":"https:\/\/sandzakpress.net\/arhiva\/wp-json\/wp\/v2\/posts"}],"about":[{"href":"https:\/\/sandzakpress.net\/arhiva\/wp-json\/wp\/v2\/types\/post"}],"author":[{"embeddable":true,"href":"https:\/\/sandzakpress.net\/arhiva\/wp-json\/wp\/v2\/users\/509"}],"replies":[{"embeddable":true,"href":"https:\/\/sandzakpress.net\/arhiva\/wp-json\/wp\/v2\/comments?post=223748"}],"version-history":[{"count":0,"href":"https:\/\/sandzakpress.net\/arhiva\/wp-json\/wp\/v2\/posts\/223748\/revisions"}],"wp:featuredmedia":[{"embeddable":true,"href":"https:\/\/sandzakpress.net\/arhiva\/wp-json\/wp\/v2\/media\/223755"}],"wp:attachment":[{"href":"https:\/\/sandzakpress.net\/arhiva\/wp-json\/wp\/v2\/media?parent=223748"}],"wp:term":[{"taxonomy":"category","embeddable":true,"href":"https:\/\/sandzakpress.net\/arhiva\/wp-json\/wp\/v2\/categories?post=223748"},{"taxonomy":"post_tag","embeddable":true,"href":"https:\/\/sandzakpress.net\/arhiva\/wp-json\/wp\/v2\/tags?post=223748"}],"curies":[{"name":"wp","href":"https:\/\/api.w.org\/{rel}","templated":true}]}}