{"id":223684,"date":"2019-05-21T14:23:21","date_gmt":"2019-05-21T12:23:21","guid":{"rendered":"https:\/\/sandzakpress.net\/arhiva\/?p=223684"},"modified":"2019-05-21T14:23:21","modified_gmt":"2019-05-21T12:23:21","slug":"otvoreno-pismo-aleksandru-vucicu-porodice-mavric-i-zecevic-nose-istu-bol","status":"publish","type":"post","link":"https:\/\/sandzakpress.net\/arhiva\/otvoreno-pismo-aleksandru-vucicu-porodice-mavric-i-zecevic-nose-istu-bol\/","title":{"rendered":"Otvoreno pismo Aleksandru Vu\u010di\u0107u &#8211; Porodice Mavri\u0107 i Ze\u010devi\u0107 nose istu bol"},"content":{"rendered":"<p><img decoding=\"async\" src=\"https:\/\/www.sandzaklive.rs\/images\/0\/Biseraslikazapsimo2a.jpg\" alt=\"Biseraslikazapsimo2a\" \/><\/p>\n<p><strong>Po\u0161tovani predsjedni\u010de,\u00a0u Va\u0161oj zemlji \u017eive ljudi koji ovih dana poste u ime Boga &#8211; u ime istine, \u010distote i ljepote koju o\u010dekuju na ovom, i onom svijetu. Ti ljudi u ovom mjesecu Ramazana, ne samo da se odri\u010du hrane i pi\u0107a, ve\u0107 i lo\u0161ih djela, odnosno u ovom mjesecu posebno poku\u0161avaju da \u010dine dobra djela.<\/strong><\/p>\n<p>Ja sam dio tog naroda, i najsretnija sam kada uspijem u ovim danima da makar jedan mali kamen sa ne\u010dijeg \u017eivotnog puta pomjerim ustranu. Zato Vam se sada obra\u0107am, u nadi da \u0107ete iza\u0107i u susret tom svom narodu, te da \u0107ete osvijetliti jednu crnu mrlju koja godinama kola mojim gradom, Tutinom iz kojeg sam se upravo vratila u svoju novu domovinu Njema\u010dku sa osje\u0107ajem i velikom potrebom da Vam pi\u0161em i molim da pomognete jednoj majci koju sam tamo srela u velikoj tuzi i bolu. Radi se o majci zatvorenika Fahrudina Mavri\u0107a, koji je osu\u0111en na 30 godina zatvora za ubistvo policajca Ze\u010devi\u0107a.<\/p>\n","protected":false},"excerpt":{"rendered":"<p>Po\u0161tovani predsjedni\u010de,\u00a0u Va\u0161oj zemlji \u017eive ljudi koji ovih dana poste u ime Boga &#8211; u ime istine, \u010distote i ljepote koju o\u010dekuju na ovom, i onom svijetu. Ti ljudi u ovom mjesecu Ramazana, ne samo da se odri\u010du hrane i pi\u0107a, ve\u0107 i lo\u0161ih djela, odnosno u ovom mjesecu posebno poku\u0161avaju da \u010dine dobra djela. [&hellip;]<\/p>\n","protected":false},"author":509,"featured_media":223687,"comment_status":"open","ping_status":"open","sticky":false,"template":"","format":"standard","meta":{"footnotes":""},"categories":[72,801,10429],"tags":[],"class_list":{"0":"post-223684","1":"post","2":"type-post","3":"status-publish","4":"format-standard","5":"has-post-thumbnail","7":"category-novi-pazar","8":"category-crna_hronika","9":"category-vazno"},"yoast_head":"<!-- This site is optimized with the Yoast SEO Premium plugin v23.1 (Yoast SEO v24.9) - https:\/\/yoast.com\/wordpress\/plugins\/seo\/ -->\n<title>Otvoreno pismo Aleksandru Vu\u010di\u0107u - Porodice Mavri\u0107 i Ze\u010devi\u0107 nose istu bol<\/title>\n<meta name=\"robots\" content=\"index, follow, max-snippet:-1, max-image-preview:large, max-video-preview:-1\" \/>\n<link rel=\"canonical\" href=\"https:\/\/sandzakpress.net\/arhiva\/otvoreno-pismo-aleksandru-vucicu-porodice-mavric-i-zecevic-nose-istu-bol\/\" \/>\n<meta property=\"og:locale\" content=\"bs_BA\" \/>\n<meta property=\"og:type\" content=\"article\" \/>\n<meta property=\"og:title\" content=\"Otvoreno pismo Aleksandru Vu\u010di\u0107u - Porodice Mavri\u0107 i Ze\u010devi\u0107 nose istu bol\" \/>\n<meta property=\"og:description\" content=\"Po\u0161tovani predsjedni\u010de,\u00a0u Va\u0161oj zemlji \u017eive ljudi koji ovih dana poste u ime Boga &#8211; u ime istine, \u010distote i ljepote koju o\u010dekuju na ovom, i onom svijetu. Ti ljudi u ovom mjesecu Ramazana, ne samo da se odri\u010du hrane i pi\u0107a, ve\u0107 i lo\u0161ih djela, odnosno u ovom mjesecu posebno poku\u0161avaju da \u010dine dobra djela. [&hellip;]\" \/>\n<meta property=\"og:url\" content=\"https:\/\/sandzakpress.net\/arhiva\/otvoreno-pismo-aleksandru-vucicu-porodice-mavric-i-zecevic-nose-istu-bol\/\" \/>\n<meta property=\"og:site_name\" content=\"Sand\u017eak PRESS\" \/>\n<meta property=\"article:published_time\" content=\"2019-05-21T12:23:21+00:00\" \/>\n<meta property=\"og:image\" content=\"https:\/\/sandzakpress.net\/arhiva\/wp-content\/uploads\/2019\/05\/Biseraslikazapsimo2a.jpg\" \/>\n\t<meta property=\"og:image:width\" content=\"680\" \/>\n\t<meta property=\"og:image:height\" content=\"608\" \/>\n\t<meta property=\"og:image:type\" content=\"image\/jpeg\" \/>\n<meta name=\"author\" content=\"Agencija\" \/>\n<meta name=\"twitter:card\" content=\"summary_large_image\" \/>\n<meta name=\"twitter:label1\" content=\"Written by\" \/>\n\t<meta name=\"twitter:data1\" content=\"Agencija\" \/>\n\t<meta name=\"twitter:label2\" content=\"Est. reading time\" \/>\n\t<meta name=\"twitter:data2\" content=\"1 minuta\" \/>\n<script type=\"application\/ld+json\" class=\"yoast-schema-graph\">{\"@context\":\"https:\/\/schema.org\",\"@graph\":[{\"@type\":\"Article\",\"@id\":\"https:\/\/sandzakpress.net\/arhiva\/otvoreno-pismo-aleksandru-vucicu-porodice-mavric-i-zecevic-nose-istu-bol\/#article\",\"isPartOf\":{\"@id\":\"https:\/\/sandzakpress.net\/arhiva\/otvoreno-pismo-aleksandru-vucicu-porodice-mavric-i-zecevic-nose-istu-bol\/\"},\"author\":{\"name\":\"Agencija\",\"@id\":\"https:\/\/sandzakpress.net\/arhiva\/#\/schema\/person\/cb59d7e3ab91ab90dd680ad0305a6185\"},\"headline\":\"Otvoreno pismo Aleksandru Vu\u010di\u0107u &#8211; Porodice Mavri\u0107 i Ze\u010devi\u0107 nose istu bol\",\"datePublished\":\"2019-05-21T12:23:21+00:00\",\"mainEntityOfPage\":{\"@id\":\"https:\/\/sandzakpress.net\/arhiva\/otvoreno-pismo-aleksandru-vucicu-porodice-mavric-i-zecevic-nose-istu-bol\/\"},\"wordCount\":192,\"commentCount\":0,\"publisher\":{\"@id\":\"https:\/\/sandzakpress.net\/arhiva\/#\/schema\/person\/6e72b67d6e51910a1117b3b483ba20bd\"},\"image\":{\"@id\":\"https:\/\/sandzakpress.net\/arhiva\/otvoreno-pismo-aleksandru-vucicu-porodice-mavric-i-zecevic-nose-istu-bol\/#primaryimage\"},\"thumbnailUrl\":\"https:\/\/sandzakpress.net\/arhiva\/wp-content\/uploads\/2019\/05\/Biseraslikazapsimo2a.jpg\",\"articleSection\":[\"Novi Pazar\",\"Hronika\",\"VA\u017dNO!\"],\"inLanguage\":\"bs-BA\",\"potentialAction\":[{\"@type\":\"CommentAction\",\"name\":\"Comment\",\"target\":[\"https:\/\/sandzakpress.net\/arhiva\/otvoreno-pismo-aleksandru-vucicu-porodice-mavric-i-zecevic-nose-istu-bol\/#respond\"]}]},{\"@type\":\"WebPage\",\"@id\":\"https:\/\/sandzakpress.net\/arhiva\/otvoreno-pismo-aleksandru-vucicu-porodice-mavric-i-zecevic-nose-istu-bol\/\",\"url\":\"https:\/\/sandzakpress.net\/arhiva\/otvoreno-pismo-aleksandru-vucicu-porodice-mavric-i-zecevic-nose-istu-bol\/\",\"name\":\"Otvoreno pismo Aleksandru Vu\u010di\u0107u - Porodice Mavri\u0107 i Ze\u010devi\u0107 nose istu bol\",\"isPartOf\":{\"@id\":\"https:\/\/sandzakpress.net\/arhiva\/#website\"},\"primaryImageOfPage\":{\"@id\":\"https:\/\/sandzakpress.net\/arhiva\/otvoreno-pismo-aleksandru-vucicu-porodice-mavric-i-zecevic-nose-istu-bol\/#primaryimage\"},\"image\":{\"@id\":\"https:\/\/sandzakpress.net\/arhiva\/otvoreno-pismo-aleksandru-vucicu-porodice-mavric-i-zecevic-nose-istu-bol\/#primaryimage\"},\"thumbnailUrl\":\"https:\/\/sandzakpress.net\/arhiva\/wp-content\/uploads\/2019\/05\/Biseraslikazapsimo2a.jpg\",\"datePublished\":\"2019-05-21T12:23:21+00:00\",\"breadcrumb\":{\"@id\":\"https:\/\/sandzakpress.net\/arhiva\/otvoreno-pismo-aleksandru-vucicu-porodice-mavric-i-zecevic-nose-istu-bol\/#breadcrumb\"},\"inLanguage\":\"bs-BA\",\"potentialAction\":[{\"@type\":\"ReadAction\",\"target\":[\"https:\/\/sandzakpress.net\/arhiva\/otvoreno-pismo-aleksandru-vucicu-porodice-mavric-i-zecevic-nose-istu-bol\/\"]}]},{\"@type\":\"ImageObject\",\"inLanguage\":\"bs-BA\",\"@id\":\"https:\/\/sandzakpress.net\/arhiva\/otvoreno-pismo-aleksandru-vucicu-porodice-mavric-i-zecevic-nose-istu-bol\/#primaryimage\",\"url\":\"https:\/\/sandzakpress.net\/arhiva\/wp-content\/uploads\/2019\/05\/Biseraslikazapsimo2a.jpg\",\"contentUrl\":\"https:\/\/sandzakpress.net\/arhiva\/wp-content\/uploads\/2019\/05\/Biseraslikazapsimo2a.jpg\",\"width\":680,\"height\":608},{\"@type\":\"BreadcrumbList\",\"@id\":\"https:\/\/sandzakpress.net\/arhiva\/otvoreno-pismo-aleksandru-vucicu-porodice-mavric-i-zecevic-nose-istu-bol\/#breadcrumb\",\"itemListElement\":[{\"@type\":\"ListItem\",\"position\":1,\"name\":\"Home\",\"item\":\"https:\/\/sandzakpress.net\/arhiva\/\"},{\"@type\":\"ListItem\",\"position\":2,\"name\":\"Otvoreno pismo Aleksandru Vu\u010di\u0107u &#8211; Porodice Mavri\u0107 i Ze\u010devi\u0107 nose istu bol\"}]},{\"@type\":\"WebSite\",\"@id\":\"https:\/\/sandzakpress.net\/arhiva\/#website\",\"url\":\"https:\/\/sandzakpress.net\/arhiva\/\",\"name\":\"Sand\u017eak PRESS\",\"description\":\"Prve elektronske novine u Sand\u017eaku\",\"publisher\":{\"@id\":\"https:\/\/sandzakpress.net\/arhiva\/#\/schema\/person\/6e72b67d6e51910a1117b3b483ba20bd\"},\"potentialAction\":[{\"@type\":\"SearchAction\",\"target\":{\"@type\":\"EntryPoint\",\"urlTemplate\":\"https:\/\/sandzakpress.net\/arhiva\/?s={search_term_string}\"},\"query-input\":{\"@type\":\"PropertyValueSpecification\",\"valueRequired\":true,\"valueName\":\"search_term_string\"}}],\"inLanguage\":\"bs-BA\"},{\"@type\":[\"Person\",\"Organization\"],\"@id\":\"https:\/\/sandzakpress.net\/arhiva\/#\/schema\/person\/6e72b67d6e51910a1117b3b483ba20bd\",\"name\":\"Kul\",\"image\":{\"@type\":\"ImageObject\",\"inLanguage\":\"bs-BA\",\"@id\":\"https:\/\/sandzakpress.net\/arhiva\/#\/schema\/person\/image\/\",\"url\":\"https:\/\/secure.gravatar.com\/avatar\/42263f39aa27ac04c43cab85c280eb2e?s=96&d=mm&r=pg\",\"contentUrl\":\"https:\/\/secure.gravatar.com\/avatar\/42263f39aa27ac04c43cab85c280eb2e?s=96&d=mm&r=pg\",\"caption\":\"Kul\"},\"logo\":{\"@id\":\"https:\/\/sandzakpress.net\/arhiva\/#\/schema\/person\/image\/\"}},{\"@type\":\"Person\",\"@id\":\"https:\/\/sandzakpress.net\/arhiva\/#\/schema\/person\/cb59d7e3ab91ab90dd680ad0305a6185\",\"name\":\"Agencija\",\"image\":{\"@type\":\"ImageObject\",\"inLanguage\":\"bs-BA\",\"@id\":\"https:\/\/sandzakpress.net\/arhiva\/#\/schema\/person\/image\/\",\"url\":\"https:\/\/secure.gravatar.com\/avatar\/4b7fafa80a22f0c2afe23966b3961fe0?s=96&d=mm&r=pg\",\"contentUrl\":\"https:\/\/secure.gravatar.com\/avatar\/4b7fafa80a22f0c2afe23966b3961fe0?s=96&d=mm&r=pg\",\"caption\":\"Agencija\"},\"url\":\"https:\/\/sandzakpress.net\/arhiva\/author\/agencija\/\"}]}<\/script>\n<!-- \/ Yoast SEO Premium plugin. -->","yoast_head_json":{"title":"Otvoreno pismo Aleksandru Vu\u010di\u0107u - Porodice Mavri\u0107 i Ze\u010devi\u0107 nose istu bol","robots":{"index":"index","follow":"follow","max-snippet":"max-snippet:-1","max-image-preview":"max-image-preview:large","max-video-preview":"max-video-preview:-1"},"canonical":"https:\/\/sandzakpress.net\/arhiva\/otvoreno-pismo-aleksandru-vucicu-porodice-mavric-i-zecevic-nose-istu-bol\/","og_locale":"bs_BA","og_type":"article","og_title":"Otvoreno pismo Aleksandru Vu\u010di\u0107u - Porodice Mavri\u0107 i Ze\u010devi\u0107 nose istu bol","og_description":"Po\u0161tovani predsjedni\u010de,\u00a0u Va\u0161oj zemlji \u017eive ljudi koji ovih dana poste u ime Boga &#8211; u ime istine, \u010distote i ljepote koju o\u010dekuju na ovom, i onom svijetu. Ti ljudi u ovom mjesecu Ramazana, ne samo da se odri\u010du hrane i pi\u0107a, ve\u0107 i lo\u0161ih djela, odnosno u ovom mjesecu posebno poku\u0161avaju da \u010dine dobra djela. [&hellip;]","og_url":"https:\/\/sandzakpress.net\/arhiva\/otvoreno-pismo-aleksandru-vucicu-porodice-mavric-i-zecevic-nose-istu-bol\/","og_site_name":"Sand\u017eak PRESS","article_published_time":"2019-05-21T12:23:21+00:00","og_image":[{"width":680,"height":608,"url":"https:\/\/sandzakpress.net\/arhiva\/wp-content\/uploads\/2019\/05\/Biseraslikazapsimo2a.jpg","type":"image\/jpeg"}],"author":"Agencija","twitter_card":"summary_large_image","twitter_misc":{"Written by":"Agencija","Est. reading time":"1 minuta"},"schema":{"@context":"https:\/\/schema.org","@graph":[{"@type":"Article","@id":"https:\/\/sandzakpress.net\/arhiva\/otvoreno-pismo-aleksandru-vucicu-porodice-mavric-i-zecevic-nose-istu-bol\/#article","isPartOf":{"@id":"https:\/\/sandzakpress.net\/arhiva\/otvoreno-pismo-aleksandru-vucicu-porodice-mavric-i-zecevic-nose-istu-bol\/"},"author":{"name":"Agencija","@id":"https:\/\/sandzakpress.net\/arhiva\/#\/schema\/person\/cb59d7e3ab91ab90dd680ad0305a6185"},"headline":"Otvoreno pismo Aleksandru Vu\u010di\u0107u &#8211; Porodice Mavri\u0107 i Ze\u010devi\u0107 nose istu bol","datePublished":"2019-05-21T12:23:21+00:00","mainEntityOfPage":{"@id":"https:\/\/sandzakpress.net\/arhiva\/otvoreno-pismo-aleksandru-vucicu-porodice-mavric-i-zecevic-nose-istu-bol\/"},"wordCount":192,"commentCount":0,"publisher":{"@id":"https:\/\/sandzakpress.net\/arhiva\/#\/schema\/person\/6e72b67d6e51910a1117b3b483ba20bd"},"image":{"@id":"https:\/\/sandzakpress.net\/arhiva\/otvoreno-pismo-aleksandru-vucicu-porodice-mavric-i-zecevic-nose-istu-bol\/#primaryimage"},"thumbnailUrl":"https:\/\/sandzakpress.net\/arhiva\/wp-content\/uploads\/2019\/05\/Biseraslikazapsimo2a.jpg","articleSection":["Novi Pazar","Hronika","VA\u017dNO!"],"inLanguage":"bs-BA","potentialAction":[{"@type":"CommentAction","name":"Comment","target":["https:\/\/sandzakpress.net\/arhiva\/otvoreno-pismo-aleksandru-vucicu-porodice-mavric-i-zecevic-nose-istu-bol\/#respond"]}]},{"@type":"WebPage","@id":"https:\/\/sandzakpress.net\/arhiva\/otvoreno-pismo-aleksandru-vucicu-porodice-mavric-i-zecevic-nose-istu-bol\/","url":"https:\/\/sandzakpress.net\/arhiva\/otvoreno-pismo-aleksandru-vucicu-porodice-mavric-i-zecevic-nose-istu-bol\/","name":"Otvoreno pismo Aleksandru Vu\u010di\u0107u - Porodice Mavri\u0107 i Ze\u010devi\u0107 nose istu bol","isPartOf":{"@id":"https:\/\/sandzakpress.net\/arhiva\/#website"},"primaryImageOfPage":{"@id":"https:\/\/sandzakpress.net\/arhiva\/otvoreno-pismo-aleksandru-vucicu-porodice-mavric-i-zecevic-nose-istu-bol\/#primaryimage"},"image":{"@id":"https:\/\/sandzakpress.net\/arhiva\/otvoreno-pismo-aleksandru-vucicu-porodice-mavric-i-zecevic-nose-istu-bol\/#primaryimage"},"thumbnailUrl":"https:\/\/sandzakpress.net\/arhiva\/wp-content\/uploads\/2019\/05\/Biseraslikazapsimo2a.jpg","datePublished":"2019-05-21T12:23:21+00:00","breadcrumb":{"@id":"https:\/\/sandzakpress.net\/arhiva\/otvoreno-pismo-aleksandru-vucicu-porodice-mavric-i-zecevic-nose-istu-bol\/#breadcrumb"},"inLanguage":"bs-BA","potentialAction":[{"@type":"ReadAction","target":["https:\/\/sandzakpress.net\/arhiva\/otvoreno-pismo-aleksandru-vucicu-porodice-mavric-i-zecevic-nose-istu-bol\/"]}]},{"@type":"ImageObject","inLanguage":"bs-BA","@id":"https:\/\/sandzakpress.net\/arhiva\/otvoreno-pismo-aleksandru-vucicu-porodice-mavric-i-zecevic-nose-istu-bol\/#primaryimage","url":"https:\/\/sandzakpress.net\/arhiva\/wp-content\/uploads\/2019\/05\/Biseraslikazapsimo2a.jpg","contentUrl":"https:\/\/sandzakpress.net\/arhiva\/wp-content\/uploads\/2019\/05\/Biseraslikazapsimo2a.jpg","width":680,"height":608},{"@type":"BreadcrumbList","@id":"https:\/\/sandzakpress.net\/arhiva\/otvoreno-pismo-aleksandru-vucicu-porodice-mavric-i-zecevic-nose-istu-bol\/#breadcrumb","itemListElement":[{"@type":"ListItem","position":1,"name":"Home","item":"https:\/\/sandzakpress.net\/arhiva\/"},{"@type":"ListItem","position":2,"name":"Otvoreno pismo Aleksandru Vu\u010di\u0107u &#8211; Porodice Mavri\u0107 i Ze\u010devi\u0107 nose istu bol"}]},{"@type":"WebSite","@id":"https:\/\/sandzakpress.net\/arhiva\/#website","url":"https:\/\/sandzakpress.net\/arhiva\/","name":"Sand\u017eak PRESS","description":"Prve elektronske novine u Sand\u017eaku","publisher":{"@id":"https:\/\/sandzakpress.net\/arhiva\/#\/schema\/person\/6e72b67d6e51910a1117b3b483ba20bd"},"potentialAction":[{"@type":"SearchAction","target":{"@type":"EntryPoint","urlTemplate":"https:\/\/sandzakpress.net\/arhiva\/?s={search_term_string}"},"query-input":{"@type":"PropertyValueSpecification","valueRequired":true,"valueName":"search_term_string"}}],"inLanguage":"bs-BA"},{"@type":["Person","Organization"],"@id":"https:\/\/sandzakpress.net\/arhiva\/#\/schema\/person\/6e72b67d6e51910a1117b3b483ba20bd","name":"Kul","image":{"@type":"ImageObject","inLanguage":"bs-BA","@id":"https:\/\/sandzakpress.net\/arhiva\/#\/schema\/person\/image\/","url":"https:\/\/secure.gravatar.com\/avatar\/42263f39aa27ac04c43cab85c280eb2e?s=96&d=mm&r=pg","contentUrl":"https:\/\/secure.gravatar.com\/avatar\/42263f39aa27ac04c43cab85c280eb2e?s=96&d=mm&r=pg","caption":"Kul"},"logo":{"@id":"https:\/\/sandzakpress.net\/arhiva\/#\/schema\/person\/image\/"}},{"@type":"Person","@id":"https:\/\/sandzakpress.net\/arhiva\/#\/schema\/person\/cb59d7e3ab91ab90dd680ad0305a6185","name":"Agencija","image":{"@type":"ImageObject","inLanguage":"bs-BA","@id":"https:\/\/sandzakpress.net\/arhiva\/#\/schema\/person\/image\/","url":"https:\/\/secure.gravatar.com\/avatar\/4b7fafa80a22f0c2afe23966b3961fe0?s=96&d=mm&r=pg","contentUrl":"https:\/\/secure.gravatar.com\/avatar\/4b7fafa80a22f0c2afe23966b3961fe0?s=96&d=mm&r=pg","caption":"Agencija"},"url":"https:\/\/sandzakpress.net\/arhiva\/author\/agencija\/"}]}},"_links":{"self":[{"href":"https:\/\/sandzakpress.net\/arhiva\/wp-json\/wp\/v2\/posts\/223684"}],"collection":[{"href":"https:\/\/sandzakpress.net\/arhiva\/wp-json\/wp\/v2\/posts"}],"about":[{"href":"https:\/\/sandzakpress.net\/arhiva\/wp-json\/wp\/v2\/types\/post"}],"author":[{"embeddable":true,"href":"https:\/\/sandzakpress.net\/arhiva\/wp-json\/wp\/v2\/users\/509"}],"replies":[{"embeddable":true,"href":"https:\/\/sandzakpress.net\/arhiva\/wp-json\/wp\/v2\/comments?post=223684"}],"version-history":[{"count":0,"href":"https:\/\/sandzakpress.net\/arhiva\/wp-json\/wp\/v2\/posts\/223684\/revisions"}],"wp:featuredmedia":[{"embeddable":true,"href":"https:\/\/sandzakpress.net\/arhiva\/wp-json\/wp\/v2\/media\/223687"}],"wp:attachment":[{"href":"https:\/\/sandzakpress.net\/arhiva\/wp-json\/wp\/v2\/media?parent=223684"}],"wp:term":[{"taxonomy":"category","embeddable":true,"href":"https:\/\/sandzakpress.net\/arhiva\/wp-json\/wp\/v2\/categories?post=223684"},{"taxonomy":"post_tag","embeddable":true,"href":"https:\/\/sandzakpress.net\/arhiva\/wp-json\/wp\/v2\/tags?post=223684"}],"curies":[{"name":"wp","href":"https:\/\/api.w.org\/{rel}","templated":true}]}}